{"id":83673,"date":"2025-10-20T12:13:23","date_gmt":"2025-10-20T10:13:23","guid":{"rendered":"https:\/\/vosgesinfo.fr\/saintdieinfo\/?p=83673"},"modified":"2025-10-20T12:11:27","modified_gmt":"2025-10-20T10:11:27","slug":"les-louves-cloturent-loctobre-rose-deodatien-avec-une-vente-aux-encheres-solidaire","status":"publish","type":"post","link":"https:\/\/vosgesinfo.fr\/saintdieinfo\/2025\/10\/les-louves-cloturent-loctobre-rose-deodatien-avec-une-vente-aux-encheres-solidaire\/","title":{"rendered":"Les Louves cl\u00f4turent l&rsquo;Octobre Rose d\u00e9odatien avec une vente aux ench\u00e8res solidaire"},"content":{"rendered":"<h2>Les <strong>Louves de Saint-Di\u00e9-des-Vosges<\/strong> recevront <strong>B\u00e9ziers, demain<\/strong>\u00a0<strong>mardi 21 octobre \u00e0 20 h<\/strong> au <strong>Palais Omnisports Joseph-Claudel<\/strong>, dans le cadre du <strong>championnat Saforelle Power 6<\/strong>.<\/h2>\n<p><!--more--><\/p>\n<p>\u00c0 l\u2019issue de la rencontre, les <strong>maillots roses port\u00e9s par les joueuses<\/strong> seront <strong>mis en vente aux ench\u00e8res au profit de l&rsquo;antenne de Saint-Di\u00e9-des-Vosges de la Ligue contre le Cancer<\/strong>. Cette vente aux ench\u00e8res solidaire marquera par la m\u00eame occasion la <strong>cl\u00f4ture de la mobilisation d\u00e9odatienne pour Octobre Rose.<\/strong><\/p>\n<p>Le club invite \u00e0 <strong>venir nombreux encourager les joueuses<\/strong> et participer \u00e0 cette <strong>vente solidaire<\/strong> au profit de la recherche et de la pr\u00e9vention du cancer du sein<\/p>\n<p><a href=\"https:\/\/vosgesinfo.fr\/app\/uploads\/sites\/4\/2025\/10\/volley-ball-vente-encheres-maillots-les-louves.jpg\"><img decoding=\"async\" class=\"alignnone size-large wp-image-83680\" src=\"https:\/\/vosgesinfo.fr\/app\/uploads\/sites\/4\/2025\/10\/volley-ball-vente-encheres-maillots-les-louves-819x1024.jpg\" alt=\"\" width=\"819\" height=\"1024\" srcset=\"https:\/\/vosgesinfo.fr\/app\/uploads\/sites\/4\/2025\/10\/volley-ball-vente-encheres-maillots-les-louves-819x1024.jpg 819w, https:\/\/vosgesinfo.fr\/app\/uploads\/sites\/4\/2025\/10\/volley-ball-vente-encheres-maillots-les-louves-240x300.jpg 240w, https:\/\/vosgesinfo.fr\/app\/uploads\/sites\/4\/2025\/10\/volley-ball-vente-encheres-maillots-les-louves-768x960.jpg 768w, https:\/\/vosgesinfo.fr\/app\/uploads\/sites\/4\/2025\/10\/volley-ball-vente-encheres-maillots-les-louves.jpg 864w\" sizes=\"(max-width: 819px) 100vw, 819px\" \/><\/a>.<\/p>\n","protected":false},"excerpt":{"rendered":"<p>Les Louves de Saint-Di\u00e9-des-Vosges recevront B\u00e9ziers, demain\u00a0mardi 21 octobre \u00e0 20 h au Palais Omnisports Joseph-Claudel, dans le cadre du [&hellip;]<\/p>\n","protected":false},"author":46,"featured_media":83680,"comment_status":"open","ping_status":"open","sticky":false,"template":"","format":"standard","meta":{"footnotes":""},"categories":[460,167,29,14],"tags":[18485,3247,2268,3450,3126,18005],"class_list":["post-83673","post","type-post","status-publish","format-standard","has-post-thumbnail","hentry","category-a-la-une","category-saint-die-des-vosges","category-solidarite","category-sport","tag-beziers","tag-les-louves","tag-octobre-rose","tag-octobre-rose-a-saint-die-des-vosges","tag-palais-omnisports-joseph-claudel","tag-saforelle-power-6"],"acf":[],"yoast_head":"<!-- This site is optimized with the Yoast SEO plugin v22.5 - https:\/\/yoast.com\/wordpress\/plugins\/seo\/ -->\n<title>Les Louves cl\u00f4turent l&#039;Octobre Rose d\u00e9odatien avec une vente aux ench\u00e8res solidaire - Saint Die Info<\/title>\n<meta name=\"robots\" content=\"index, follow, max-snippet:-1, max-image-preview:large, max-video-preview:-1\" \/>\n<link rel=\"canonical\" href=\"https:\/\/vosgesinfo.fr\/saintdieinfo\/2025\/10\/les-louves-cloturent-loctobre-rose-deodatien-avec-une-vente-aux-encheres-solidaire\/\" \/>\n<meta name=\"twitter:card\" content=\"summary_large_image\" \/>\n<meta name=\"twitter:title\" content=\"Les Louves cl\u00f4turent l&#039;Octobre Rose d\u00e9odatien avec une vente aux ench\u00e8res solidaire - Saint Die Info\" \/>\n<meta name=\"twitter:description\" content=\"Les Louves de Saint-Di\u00e9-des-Vosges recevront B\u00e9ziers, demain\u00a0mardi 21 octobre \u00e0 20 h au Palais Omnisports Joseph-Claudel, dans le cadre du [&hellip;]\" \/>\n<meta name=\"twitter:image\" content=\"https:\/\/vosgesinfo.fr\/app\/uploads\/sites\/4\/2025\/10\/volley-ball-vente-encheres-maillots-les-louves.jpg\" \/>\n<meta name=\"twitter:creator\" content=\"@VosgesInfo88\" \/>\n<meta name=\"twitter:site\" content=\"@VosgesInfo88\" \/>\n<meta name=\"twitter:label1\" content=\"\u00c9crit par\" \/>\n\t<meta name=\"twitter:data1\" content=\"J.J.\" \/>\n\t<meta name=\"twitter:label2\" content=\"Dur\u00e9e de lecture estim\u00e9e\" \/>\n\t<meta name=\"twitter:data2\" content=\"1 minute\" \/>\n<script type=\"application\/ld+json\" class=\"yoast-schema-graph\">{\"@context\":\"https:\/\/schema.org\",\"@graph\":[{\"@type\":\"Article\",\"@id\":\"https:\/\/vosgesinfo.fr\/saintdieinfo\/2025\/10\/les-louves-cloturent-loctobre-rose-deodatien-avec-une-vente-aux-encheres-solidaire\/#article\",\"isPartOf\":{\"@id\":\"https:\/\/vosgesinfo.fr\/saintdieinfo\/2025\/10\/les-louves-cloturent-loctobre-rose-deodatien-avec-une-vente-aux-encheres-solidaire\/\"},\"author\":{\"name\":\"J.J.\",\"@id\":\"https:\/\/vosgesinfo.fr\/saintdieinfo\/#\/schema\/person\/fa73e9f726d67bb88f46d5b7943cb572\"},\"headline\":\"Les Louves cl\u00f4turent l&rsquo;Octobre Rose d\u00e9odatien avec une vente aux ench\u00e8res solidaire\",\"datePublished\":\"2025-10-20T10:13:23+00:00\",\"dateModified\":\"2025-10-20T10:11:27+00:00\",\"mainEntityOfPage\":{\"@id\":\"https:\/\/vosgesinfo.fr\/saintdieinfo\/2025\/10\/les-louves-cloturent-loctobre-rose-deodatien-avec-une-vente-aux-encheres-solidaire\/\"},\"wordCount\":123,\"commentCount\":0,\"publisher\":{\"@id\":\"https:\/\/vosgesinfo.fr\/saintdieinfo\/#organization\"},\"image\":{\"@id\":\"https:\/\/vosgesinfo.fr\/saintdieinfo\/2025\/10\/les-louves-cloturent-loctobre-rose-deodatien-avec-une-vente-aux-encheres-solidaire\/#primaryimage\"},\"thumbnailUrl\":\"https:\/\/vosgesinfo.fr\/app\/uploads\/sites\/4\/2025\/10\/volley-ball-vente-encheres-maillots-les-louves.jpg\",\"keywords\":[\"B\u00e9ziers\",\"Les Louves\",\"Octobre Rose\",\"Octobre Rose \u00e0 Saint-Di\u00e9-des-Vosges\",\"Palais Omnisports Joseph-Claudel\",\"Saforelle Power 6\"],\"articleSection\":[\"A la Une\",\"Saint-Di\u00e9-des-Vosges\",\"Solidarit\u00e9\",\"Sport\"],\"inLanguage\":\"fr-FR\",\"potentialAction\":[{\"@type\":\"CommentAction\",\"name\":\"Comment\",\"target\":[\"https:\/\/vosgesinfo.fr\/saintdieinfo\/2025\/10\/les-louves-cloturent-loctobre-rose-deodatien-avec-une-vente-aux-encheres-solidaire\/#respond\"]}]},{\"@type\":\"WebPage\",\"@id\":\"https:\/\/vosgesinfo.fr\/saintdieinfo\/2025\/10\/les-louves-cloturent-loctobre-rose-deodatien-avec-une-vente-aux-encheres-solidaire\/\",\"url\":\"https:\/\/vosgesinfo.fr\/saintdieinfo\/2025\/10\/les-louves-cloturent-loctobre-rose-deodatien-avec-une-vente-aux-encheres-solidaire\/\",\"name\":\"Les Louves cl\u00f4turent l'Octobre Rose d\u00e9odatien avec une vente aux ench\u00e8res solidaire - Saint Die Info\",\"isPartOf\":{\"@id\":\"https:\/\/vosgesinfo.fr\/saintdieinfo\/#website\"},\"primaryImageOfPage\":{\"@id\":\"https:\/\/vosgesinfo.fr\/saintdieinfo\/2025\/10\/les-louves-cloturent-loctobre-rose-deodatien-avec-une-vente-aux-encheres-solidaire\/#primaryimage\"},\"image\":{\"@id\":\"https:\/\/vosgesinfo.fr\/saintdieinfo\/2025\/10\/les-louves-cloturent-loctobre-rose-deodatien-avec-une-vente-aux-encheres-solidaire\/#primaryimage\"},\"thumbnailUrl\":\"https:\/\/vosgesinfo.fr\/app\/uploads\/sites\/4\/2025\/10\/volley-ball-vente-encheres-maillots-les-louves.jpg\",\"datePublished\":\"2025-10-20T10:13:23+00:00\",\"dateModified\":\"2025-10-20T10:11:27+00:00\",\"breadcrumb\":{\"@id\":\"https:\/\/vosgesinfo.fr\/saintdieinfo\/2025\/10\/les-louves-cloturent-loctobre-rose-deodatien-avec-une-vente-aux-encheres-solidaire\/#breadcrumb\"},\"inLanguage\":\"fr-FR\",\"potentialAction\":[{\"@type\":\"ReadAction\",\"target\":[\"https:\/\/vosgesinfo.fr\/saintdieinfo\/2025\/10\/les-louves-cloturent-loctobre-rose-deodatien-avec-une-vente-aux-encheres-solidaire\/\"]}]},{\"@type\":\"ImageObject\",\"inLanguage\":\"fr-FR\",\"@id\":\"https:\/\/vosgesinfo.fr\/saintdieinfo\/2025\/10\/les-louves-cloturent-loctobre-rose-deodatien-avec-une-vente-aux-encheres-solidaire\/#primaryimage\",\"url\":\"https:\/\/vosgesinfo.fr\/app\/uploads\/sites\/4\/2025\/10\/volley-ball-vente-encheres-maillots-les-louves.jpg\",\"contentUrl\":\"https:\/\/vosgesinfo.fr\/app\/uploads\/sites\/4\/2025\/10\/volley-ball-vente-encheres-maillots-les-louves.jpg\",\"width\":864,\"height\":1080},{\"@type\":\"BreadcrumbList\",\"@id\":\"https:\/\/vosgesinfo.fr\/saintdieinfo\/2025\/10\/les-louves-cloturent-loctobre-rose-deodatien-avec-une-vente-aux-encheres-solidaire\/#breadcrumb\",\"itemListElement\":[{\"@type\":\"ListItem\",\"position\":1,\"name\":\"Home\",\"item\":\"https:\/\/vosgesinfo.fr\/saintdieinfo\/\"},{\"@type\":\"ListItem\",\"position\":2,\"name\":\"Les Louves cl\u00f4turent l&rsquo;Octobre Rose d\u00e9odatien avec une vente aux ench\u00e8res solidaire\"}]},{\"@type\":\"WebSite\",\"@id\":\"https:\/\/vosgesinfo.fr\/saintdieinfo\/#website\",\"url\":\"https:\/\/vosgesinfo.fr\/saintdieinfo\/\",\"name\":\"Saint Die Info\",\"description\":\"Toute l&#039;actualit\u00e9 de Saint-Di\u00e9-Des-Vosges\",\"publisher\":{\"@id\":\"https:\/\/vosgesinfo.fr\/saintdieinfo\/#organization\"},\"alternateName\":\"Toute l'actualit\u00e9 de Saint-Di\u00e9-Des-Vosges\",\"potentialAction\":[{\"@type\":\"SearchAction\",\"target\":{\"@type\":\"EntryPoint\",\"urlTemplate\":\"https:\/\/vosgesinfo.fr\/saintdieinfo\/?s={search_term_string}\"},\"query-input\":\"required name=search_term_string\"}],\"inLanguage\":\"fr-FR\"},{\"@type\":\"Organization\",\"@id\":\"https:\/\/vosgesinfo.fr\/saintdieinfo\/#organization\",\"name\":\"Saint Die Info\",\"url\":\"https:\/\/vosgesinfo.fr\/saintdieinfo\/\",\"logo\":{\"@type\":\"ImageObject\",\"inLanguage\":\"fr-FR\",\"@id\":\"https:\/\/vosgesinfo.fr\/saintdieinfo\/#\/schema\/logo\/image\/\",\"url\":\"https:\/\/vosgesinfo.fr\/app\/uploads\/sites\/4\/2024\/02\/logo-sdi.jpg\",\"contentUrl\":\"https:\/\/vosgesinfo.fr\/app\/uploads\/sites\/4\/2024\/02\/logo-sdi.jpg\",\"width\":600,\"height\":600,\"caption\":\"Saint Die Info\"},\"image\":{\"@id\":\"https:\/\/vosgesinfo.fr\/saintdieinfo\/#\/schema\/logo\/image\/\"},\"sameAs\":[\"https:\/\/www.facebook.com\/Saintdieinfofr\",\"https:\/\/x.com\/VosgesInfo88\",\"https:\/\/www.youtube.com\/@vosgesinfo\"]},{\"@type\":\"Person\",\"@id\":\"https:\/\/vosgesinfo.fr\/saintdieinfo\/#\/schema\/person\/fa73e9f726d67bb88f46d5b7943cb572\",\"name\":\"J.J.\",\"image\":{\"@type\":\"ImageObject\",\"inLanguage\":\"fr-FR\",\"@id\":\"https:\/\/vosgesinfo.fr\/saintdieinfo\/#\/schema\/person\/image\/\",\"url\":\"https:\/\/secure.gravatar.com\/avatar\/219e749e47ffbcca018a360ae4add7d4cdf1cdaaf8bc7676b27efade3fe65615?s=96&d=mm&r=g\",\"contentUrl\":\"https:\/\/secure.gravatar.com\/avatar\/219e749e47ffbcca018a360ae4add7d4cdf1cdaaf8bc7676b27efade3fe65615?s=96&d=mm&r=g\",\"caption\":\"J.J.\"},\"url\":\"https:\/\/vosgesinfo.fr\/saintdieinfo\/author\/j-j\/\"}]}<\/script>\n<!-- \/ Yoast SEO plugin. -->","yoast_head_json":{"title":"Les Louves cl\u00f4turent l'Octobre Rose d\u00e9odatien avec une vente aux ench\u00e8res solidaire - Saint Die Info","robots":{"index":"index","follow":"follow","max-snippet":"max-snippet:-1","max-image-preview":"max-image-preview:large","max-video-preview":"max-video-preview:-1"},"canonical":"https:\/\/vosgesinfo.fr\/saintdieinfo\/2025\/10\/les-louves-cloturent-loctobre-rose-deodatien-avec-une-vente-aux-encheres-solidaire\/","twitter_card":"summary_large_image","twitter_title":"Les Louves cl\u00f4turent l'Octobre Rose d\u00e9odatien avec une vente aux ench\u00e8res solidaire - Saint Die Info","twitter_description":"Les Louves de Saint-Di\u00e9-des-Vosges recevront B\u00e9ziers, demain\u00a0mardi 21 octobre \u00e0 20 h au Palais Omnisports Joseph-Claudel, dans le cadre du [&hellip;]","twitter_image":"https:\/\/vosgesinfo.fr\/app\/uploads\/sites\/4\/2025\/10\/volley-ball-vente-encheres-maillots-les-louves.jpg","twitter_creator":"@VosgesInfo88","twitter_site":"@VosgesInfo88","twitter_misc":{"\u00c9crit par":"J.J.","Dur\u00e9e de lecture estim\u00e9e":"1 minute"},"schema":{"@context":"https:\/\/schema.org","@graph":[{"@type":"Article","@id":"https:\/\/vosgesinfo.fr\/saintdieinfo\/2025\/10\/les-louves-cloturent-loctobre-rose-deodatien-avec-une-vente-aux-encheres-solidaire\/#article","isPartOf":{"@id":"https:\/\/vosgesinfo.fr\/saintdieinfo\/2025\/10\/les-louves-cloturent-loctobre-rose-deodatien-avec-une-vente-aux-encheres-solidaire\/"},"author":{"name":"J.J.","@id":"https:\/\/vosgesinfo.fr\/saintdieinfo\/#\/schema\/person\/fa73e9f726d67bb88f46d5b7943cb572"},"headline":"Les Louves cl\u00f4turent l&rsquo;Octobre Rose d\u00e9odatien avec une vente aux ench\u00e8res solidaire","datePublished":"2025-10-20T10:13:23+00:00","dateModified":"2025-10-20T10:11:27+00:00","mainEntityOfPage":{"@id":"https:\/\/vosgesinfo.fr\/saintdieinfo\/2025\/10\/les-louves-cloturent-loctobre-rose-deodatien-avec-une-vente-aux-encheres-solidaire\/"},"wordCount":123,"commentCount":0,"publisher":{"@id":"https:\/\/vosgesinfo.fr\/saintdieinfo\/#organization"},"image":{"@id":"https:\/\/vosgesinfo.fr\/saintdieinfo\/2025\/10\/les-louves-cloturent-loctobre-rose-deodatien-avec-une-vente-aux-encheres-solidaire\/#primaryimage"},"thumbnailUrl":"https:\/\/vosgesinfo.fr\/app\/uploads\/sites\/4\/2025\/10\/volley-ball-vente-encheres-maillots-les-louves.jpg","keywords":["B\u00e9ziers","Les Louves","Octobre Rose","Octobre Rose \u00e0 Saint-Di\u00e9-des-Vosges","Palais Omnisports Joseph-Claudel","Saforelle Power 6"],"articleSection":["A la Une","Saint-Di\u00e9-des-Vosges","Solidarit\u00e9","Sport"],"inLanguage":"fr-FR","potentialAction":[{"@type":"CommentAction","name":"Comment","target":["https:\/\/vosgesinfo.fr\/saintdieinfo\/2025\/10\/les-louves-cloturent-loctobre-rose-deodatien-avec-une-vente-aux-encheres-solidaire\/#respond"]}]},{"@type":"WebPage","@id":"https:\/\/vosgesinfo.fr\/saintdieinfo\/2025\/10\/les-louves-cloturent-loctobre-rose-deodatien-avec-une-vente-aux-encheres-solidaire\/","url":"https:\/\/vosgesinfo.fr\/saintdieinfo\/2025\/10\/les-louves-cloturent-loctobre-rose-deodatien-avec-une-vente-aux-encheres-solidaire\/","name":"Les Louves cl\u00f4turent l'Octobre Rose d\u00e9odatien avec une vente aux ench\u00e8res solidaire - Saint Die Info","isPartOf":{"@id":"https:\/\/vosgesinfo.fr\/saintdieinfo\/#website"},"primaryImageOfPage":{"@id":"https:\/\/vosgesinfo.fr\/saintdieinfo\/2025\/10\/les-louves-cloturent-loctobre-rose-deodatien-avec-une-vente-aux-encheres-solidaire\/#primaryimage"},"image":{"@id":"https:\/\/vosgesinfo.fr\/saintdieinfo\/2025\/10\/les-louves-cloturent-loctobre-rose-deodatien-avec-une-vente-aux-encheres-solidaire\/#primaryimage"},"thumbnailUrl":"https:\/\/vosgesinfo.fr\/app\/uploads\/sites\/4\/2025\/10\/volley-ball-vente-encheres-maillots-les-louves.jpg","datePublished":"2025-10-20T10:13:23+00:00","dateModified":"2025-10-20T10:11:27+00:00","breadcrumb":{"@id":"https:\/\/vosgesinfo.fr\/saintdieinfo\/2025\/10\/les-louves-cloturent-loctobre-rose-deodatien-avec-une-vente-aux-encheres-solidaire\/#breadcrumb"},"inLanguage":"fr-FR","potentialAction":[{"@type":"ReadAction","target":["https:\/\/vosgesinfo.fr\/saintdieinfo\/2025\/10\/les-louves-cloturent-loctobre-rose-deodatien-avec-une-vente-aux-encheres-solidaire\/"]}]},{"@type":"ImageObject","inLanguage":"fr-FR","@id":"https:\/\/vosgesinfo.fr\/saintdieinfo\/2025\/10\/les-louves-cloturent-loctobre-rose-deodatien-avec-une-vente-aux-encheres-solidaire\/#primaryimage","url":"https:\/\/vosgesinfo.fr\/app\/uploads\/sites\/4\/2025\/10\/volley-ball-vente-encheres-maillots-les-louves.jpg","contentUrl":"https:\/\/vosgesinfo.fr\/app\/uploads\/sites\/4\/2025\/10\/volley-ball-vente-encheres-maillots-les-louves.jpg","width":864,"height":1080},{"@type":"BreadcrumbList","@id":"https:\/\/vosgesinfo.fr\/saintdieinfo\/2025\/10\/les-louves-cloturent-loctobre-rose-deodatien-avec-une-vente-aux-encheres-solidaire\/#breadcrumb","itemListElement":[{"@type":"ListItem","position":1,"name":"Home","item":"https:\/\/vosgesinfo.fr\/saintdieinfo\/"},{"@type":"ListItem","position":2,"name":"Les Louves cl\u00f4turent l&rsquo;Octobre Rose d\u00e9odatien avec une vente aux ench\u00e8res solidaire"}]},{"@type":"WebSite","@id":"https:\/\/vosgesinfo.fr\/saintdieinfo\/#website","url":"https:\/\/vosgesinfo.fr\/saintdieinfo\/","name":"Saint Die Info","description":"Toute l&#039;actualit\u00e9 de Saint-Di\u00e9-Des-Vosges","publisher":{"@id":"https:\/\/vosgesinfo.fr\/saintdieinfo\/#organization"},"alternateName":"Toute l'actualit\u00e9 de Saint-Di\u00e9-Des-Vosges","potentialAction":[{"@type":"SearchAction","target":{"@type":"EntryPoint","urlTemplate":"https:\/\/vosgesinfo.fr\/saintdieinfo\/?s={search_term_string}"},"query-input":"required name=search_term_string"}],"inLanguage":"fr-FR"},{"@type":"Organization","@id":"https:\/\/vosgesinfo.fr\/saintdieinfo\/#organization","name":"Saint Die Info","url":"https:\/\/vosgesinfo.fr\/saintdieinfo\/","logo":{"@type":"ImageObject","inLanguage":"fr-FR","@id":"https:\/\/vosgesinfo.fr\/saintdieinfo\/#\/schema\/logo\/image\/","url":"https:\/\/vosgesinfo.fr\/app\/uploads\/sites\/4\/2024\/02\/logo-sdi.jpg","contentUrl":"https:\/\/vosgesinfo.fr\/app\/uploads\/sites\/4\/2024\/02\/logo-sdi.jpg","width":600,"height":600,"caption":"Saint Die Info"},"image":{"@id":"https:\/\/vosgesinfo.fr\/saintdieinfo\/#\/schema\/logo\/image\/"},"sameAs":["https:\/\/www.facebook.com\/Saintdieinfofr","https:\/\/x.com\/VosgesInfo88","https:\/\/www.youtube.com\/@vosgesinfo"]},{"@type":"Person","@id":"https:\/\/vosgesinfo.fr\/saintdieinfo\/#\/schema\/person\/fa73e9f726d67bb88f46d5b7943cb572","name":"J.J.","image":{"@type":"ImageObject","inLanguage":"fr-FR","@id":"https:\/\/vosgesinfo.fr\/saintdieinfo\/#\/schema\/person\/image\/","url":"https:\/\/secure.gravatar.com\/avatar\/219e749e47ffbcca018a360ae4add7d4cdf1cdaaf8bc7676b27efade3fe65615?s=96&d=mm&r=g","contentUrl":"https:\/\/secure.gravatar.com\/avatar\/219e749e47ffbcca018a360ae4add7d4cdf1cdaaf8bc7676b27efade3fe65615?s=96&d=mm&r=g","caption":"J.J."},"url":"https:\/\/vosgesinfo.fr\/saintdieinfo\/author\/j-j\/"}]}},"_links":{"self":[{"href":"https:\/\/vosgesinfo.fr\/saintdieinfo\/wp-json\/wp\/v2\/posts\/83673","targetHints":{"allow":["GET"]}}],"collection":[{"href":"https:\/\/vosgesinfo.fr\/saintdieinfo\/wp-json\/wp\/v2\/posts"}],"about":[{"href":"https:\/\/vosgesinfo.fr\/saintdieinfo\/wp-json\/wp\/v2\/types\/post"}],"author":[{"embeddable":true,"href":"https:\/\/vosgesinfo.fr\/saintdieinfo\/wp-json\/wp\/v2\/users\/46"}],"replies":[{"embeddable":true,"href":"https:\/\/vosgesinfo.fr\/saintdieinfo\/wp-json\/wp\/v2\/comments?post=83673"}],"version-history":[{"count":1,"href":"https:\/\/vosgesinfo.fr\/saintdieinfo\/wp-json\/wp\/v2\/posts\/83673\/revisions"}],"predecessor-version":[{"id":83681,"href":"https:\/\/vosgesinfo.fr\/saintdieinfo\/wp-json\/wp\/v2\/posts\/83673\/revisions\/83681"}],"wp:featuredmedia":[{"embeddable":true,"href":"https:\/\/vosgesinfo.fr\/saintdieinfo\/wp-json\/wp\/v2\/media\/83680"}],"wp:attachment":[{"href":"https:\/\/vosgesinfo.fr\/saintdieinfo\/wp-json\/wp\/v2\/media?parent=83673"}],"wp:term":[{"taxonomy":"category","embeddable":true,"href":"https:\/\/vosgesinfo.fr\/saintdieinfo\/wp-json\/wp\/v2\/categories?post=83673"},{"taxonomy":"post_tag","embeddable":true,"href":"https:\/\/vosgesinfo.fr\/saintdieinfo\/wp-json\/wp\/v2\/tags?post=83673"}],"curies":[{"name":"wp","href":"https:\/\/api.w.org\/{rel}","templated":true}]}}