{"id":83685,"date":"2025-10-20T12:41:17","date_gmt":"2025-10-20T10:41:17","guid":{"rendered":"https:\/\/vosgesinfo.fr\/saintdieinfo\/?p=83685"},"modified":"2025-10-20T12:39:15","modified_gmt":"2025-10-20T10:39:15","slug":"circulation-ferroviaire-suspendue-entre-saint-die-des-vosges-et-epinal","status":"publish","type":"post","link":"https:\/\/vosgesinfo.fr\/saintdieinfo\/2025\/10\/circulation-ferroviaire-suspendue-entre-saint-die-des-vosges-et-epinal\/","title":{"rendered":"Circulation ferroviaire suspendue entre Saint-Di\u00e9-des-Vosges et \u00c9pinal"},"content":{"rendered":"<div id=\"attachment_69073\" style=\"width: 810px\" class=\"wp-caption alignnone\"><a href=\"https:\/\/vosgesinfo.fr\/app\/uploads\/sites\/4\/2024\/10\/202109train-thaon.jpg\"><img decoding=\"async\" aria-describedby=\"caption-attachment-69073\" class=\"size-full wp-image-69073\" src=\"https:\/\/vosgesinfo.fr\/app\/uploads\/sites\/4\/2024\/10\/202109train-thaon.jpg\" alt=\"\" width=\"800\" height=\"450\" srcset=\"https:\/\/vosgesinfo.fr\/app\/uploads\/sites\/4\/2024\/10\/202109train-thaon.jpg 800w, https:\/\/vosgesinfo.fr\/app\/uploads\/sites\/4\/2024\/10\/202109train-thaon-300x169.jpg 300w, https:\/\/vosgesinfo.fr\/app\/uploads\/sites\/4\/2024\/10\/202109train-thaon-768x432.jpg 768w\" sizes=\"(max-width: 800px) 100vw, 800px\" \/><\/a><p id=\"caption-attachment-69073\" class=\"wp-caption-text\">(Illustration)<\/p><\/div>\n<h2 data-start=\"102\" data-end=\"252\">Les <strong data-start=\"106\" data-end=\"172\">circulations ferroviaires entre Saint-Di\u00e9-des-Vosges et \u00c9pinal<\/strong>\u00a0sont <strong data-start=\"178\" data-end=\"249\">interrompues pendant les deux semaines des vacances de la Toussaint<\/strong>.<\/h2>\n<p data-start=\"102\" data-end=\"252\"><!--more--><\/p>\n<p data-start=\"254\" data-end=\"403\">Cette interruption de circulation temporaire des <strong>trains TER<\/strong> permet la r\u00e9alisation de <strong data-start=\"309\" data-end=\"336\">travaux de s\u00e9curisation<\/strong> destin\u00e9s \u00e0 <strong data-start=\"348\" data-end=\"400\">garantir la stabilit\u00e9 et la s\u00e9curit\u00e9 de la ligne<\/strong>. Des <strong data-start=\"409\" data-end=\"433\">cars de substitution<\/strong> assurent la <strong data-start=\"446\" data-end=\"491\">continuit\u00e9 des d\u00e9placements des voyageurs<\/strong> pendant toute la dur\u00e9e des travaux. Les <strong data-start=\"532\" data-end=\"571\">horaires et informations d\u00e9taill\u00e9es<\/strong> sont disponibles sur le <strong data-start=\"596\" data-end=\"615\">site de la SNCF<\/strong> ou aupr\u00e8s des <strong data-start=\"630\" data-end=\"650\">gares concern\u00e9es<\/strong>.<\/p>\n","protected":false},"excerpt":{"rendered":"<p>Les circulations ferroviaires entre Saint-Di\u00e9-des-Vosges et \u00c9pinal\u00a0sont interrompues pendant les deux semaines des vacances de la Toussaint.<\/p>\n","protected":false},"author":46,"featured_media":69073,"comment_status":"open","ping_status":"open","sticky":false,"template":"","format":"standard","meta":{"footnotes":""},"categories":[460,5392,18],"tags":[18487,2959,5675],"class_list":["post-83685","post","type-post","status-publish","format-standard","has-post-thumbnail","hentry","category-a-la-une","category-epinal","category-vosges","tag-interruption-temporaire-de-circulation-des-trains","tag-ligne-ferroviaire-saint-die-des-vosges-epinal","tag-trains-ter"],"acf":[],"yoast_head":"<!-- This site is optimized with the Yoast SEO plugin v22.5 - https:\/\/yoast.com\/wordpress\/plugins\/seo\/ -->\n<title>Circulation ferroviaire suspendue entre Saint-Di\u00e9-des-Vosges et \u00c9pinal - Saint Die Info<\/title>\n<meta name=\"robots\" content=\"index, follow, max-snippet:-1, max-image-preview:large, max-video-preview:-1\" \/>\n<link rel=\"canonical\" href=\"https:\/\/vosgesinfo.fr\/saintdieinfo\/2025\/10\/circulation-ferroviaire-suspendue-entre-saint-die-des-vosges-et-epinal\/\" \/>\n<meta name=\"twitter:card\" content=\"summary_large_image\" \/>\n<meta name=\"twitter:title\" content=\"Circulation ferroviaire suspendue entre Saint-Di\u00e9-des-Vosges et \u00c9pinal - Saint Die Info\" \/>\n<meta name=\"twitter:description\" content=\"Les circulations ferroviaires entre Saint-Di\u00e9-des-Vosges et \u00c9pinal\u00a0sont interrompues pendant les deux semaines des vacances de la Toussaint.\" \/>\n<meta name=\"twitter:image\" content=\"https:\/\/vosgesinfo.fr\/app\/uploads\/sites\/4\/2024\/10\/202109train-thaon.jpg\" \/>\n<meta name=\"twitter:creator\" content=\"@VosgesInfo88\" \/>\n<meta name=\"twitter:site\" content=\"@VosgesInfo88\" \/>\n<meta name=\"twitter:label1\" content=\"\u00c9crit par\" \/>\n\t<meta name=\"twitter:data1\" content=\"J.J.\" \/>\n\t<meta name=\"twitter:label2\" content=\"Dur\u00e9e de lecture estim\u00e9e\" \/>\n\t<meta name=\"twitter:data2\" content=\"1 minute\" \/>\n<script type=\"application\/ld+json\" class=\"yoast-schema-graph\">{\"@context\":\"https:\/\/schema.org\",\"@graph\":[{\"@type\":\"Article\",\"@id\":\"https:\/\/vosgesinfo.fr\/saintdieinfo\/2025\/10\/circulation-ferroviaire-suspendue-entre-saint-die-des-vosges-et-epinal\/#article\",\"isPartOf\":{\"@id\":\"https:\/\/vosgesinfo.fr\/saintdieinfo\/2025\/10\/circulation-ferroviaire-suspendue-entre-saint-die-des-vosges-et-epinal\/\"},\"author\":{\"name\":\"J.J.\",\"@id\":\"https:\/\/vosgesinfo.fr\/saintdieinfo\/#\/schema\/person\/fa73e9f726d67bb88f46d5b7943cb572\"},\"headline\":\"Circulation ferroviaire suspendue entre Saint-Di\u00e9-des-Vosges et \u00c9pinal\",\"datePublished\":\"2025-10-20T10:41:17+00:00\",\"dateModified\":\"2025-10-20T10:39:15+00:00\",\"mainEntityOfPage\":{\"@id\":\"https:\/\/vosgesinfo.fr\/saintdieinfo\/2025\/10\/circulation-ferroviaire-suspendue-entre-saint-die-des-vosges-et-epinal\/\"},\"wordCount\":105,\"commentCount\":0,\"publisher\":{\"@id\":\"https:\/\/vosgesinfo.fr\/saintdieinfo\/#organization\"},\"image\":{\"@id\":\"https:\/\/vosgesinfo.fr\/saintdieinfo\/2025\/10\/circulation-ferroviaire-suspendue-entre-saint-die-des-vosges-et-epinal\/#primaryimage\"},\"thumbnailUrl\":\"https:\/\/vosgesinfo.fr\/app\/uploads\/sites\/4\/2024\/10\/202109train-thaon.jpg\",\"keywords\":[\"Interruption temporaire de circulation des trains\",\"Ligne ferroviaire Saint-Di\u00e9-des-Vosges - Epinal\",\"Trains TER\"],\"articleSection\":[\"A la Une\",\"Epinal\",\"Vosges\"],\"inLanguage\":\"fr-FR\",\"potentialAction\":[{\"@type\":\"CommentAction\",\"name\":\"Comment\",\"target\":[\"https:\/\/vosgesinfo.fr\/saintdieinfo\/2025\/10\/circulation-ferroviaire-suspendue-entre-saint-die-des-vosges-et-epinal\/#respond\"]}]},{\"@type\":\"WebPage\",\"@id\":\"https:\/\/vosgesinfo.fr\/saintdieinfo\/2025\/10\/circulation-ferroviaire-suspendue-entre-saint-die-des-vosges-et-epinal\/\",\"url\":\"https:\/\/vosgesinfo.fr\/saintdieinfo\/2025\/10\/circulation-ferroviaire-suspendue-entre-saint-die-des-vosges-et-epinal\/\",\"name\":\"Circulation ferroviaire suspendue entre Saint-Di\u00e9-des-Vosges et \u00c9pinal - Saint Die Info\",\"isPartOf\":{\"@id\":\"https:\/\/vosgesinfo.fr\/saintdieinfo\/#website\"},\"primaryImageOfPage\":{\"@id\":\"https:\/\/vosgesinfo.fr\/saintdieinfo\/2025\/10\/circulation-ferroviaire-suspendue-entre-saint-die-des-vosges-et-epinal\/#primaryimage\"},\"image\":{\"@id\":\"https:\/\/vosgesinfo.fr\/saintdieinfo\/2025\/10\/circulation-ferroviaire-suspendue-entre-saint-die-des-vosges-et-epinal\/#primaryimage\"},\"thumbnailUrl\":\"https:\/\/vosgesinfo.fr\/app\/uploads\/sites\/4\/2024\/10\/202109train-thaon.jpg\",\"datePublished\":\"2025-10-20T10:41:17+00:00\",\"dateModified\":\"2025-10-20T10:39:15+00:00\",\"breadcrumb\":{\"@id\":\"https:\/\/vosgesinfo.fr\/saintdieinfo\/2025\/10\/circulation-ferroviaire-suspendue-entre-saint-die-des-vosges-et-epinal\/#breadcrumb\"},\"inLanguage\":\"fr-FR\",\"potentialAction\":[{\"@type\":\"ReadAction\",\"target\":[\"https:\/\/vosgesinfo.fr\/saintdieinfo\/2025\/10\/circulation-ferroviaire-suspendue-entre-saint-die-des-vosges-et-epinal\/\"]}]},{\"@type\":\"ImageObject\",\"inLanguage\":\"fr-FR\",\"@id\":\"https:\/\/vosgesinfo.fr\/saintdieinfo\/2025\/10\/circulation-ferroviaire-suspendue-entre-saint-die-des-vosges-et-epinal\/#primaryimage\",\"url\":\"https:\/\/vosgesinfo.fr\/app\/uploads\/sites\/4\/2024\/10\/202109train-thaon.jpg\",\"contentUrl\":\"https:\/\/vosgesinfo.fr\/app\/uploads\/sites\/4\/2024\/10\/202109train-thaon.jpg\",\"width\":800,\"height\":450,\"caption\":\"(Illustration)\"},{\"@type\":\"BreadcrumbList\",\"@id\":\"https:\/\/vosgesinfo.fr\/saintdieinfo\/2025\/10\/circulation-ferroviaire-suspendue-entre-saint-die-des-vosges-et-epinal\/#breadcrumb\",\"itemListElement\":[{\"@type\":\"ListItem\",\"position\":1,\"name\":\"Home\",\"item\":\"https:\/\/vosgesinfo.fr\/saintdieinfo\/\"},{\"@type\":\"ListItem\",\"position\":2,\"name\":\"Circulation ferroviaire suspendue entre Saint-Di\u00e9-des-Vosges et \u00c9pinal\"}]},{\"@type\":\"WebSite\",\"@id\":\"https:\/\/vosgesinfo.fr\/saintdieinfo\/#website\",\"url\":\"https:\/\/vosgesinfo.fr\/saintdieinfo\/\",\"name\":\"Saint Die Info\",\"description\":\"Toute l&#039;actualit\u00e9 de Saint-Di\u00e9-Des-Vosges\",\"publisher\":{\"@id\":\"https:\/\/vosgesinfo.fr\/saintdieinfo\/#organization\"},\"alternateName\":\"Toute l'actualit\u00e9 de Saint-Di\u00e9-Des-Vosges\",\"potentialAction\":[{\"@type\":\"SearchAction\",\"target\":{\"@type\":\"EntryPoint\",\"urlTemplate\":\"https:\/\/vosgesinfo.fr\/saintdieinfo\/?s={search_term_string}\"},\"query-input\":\"required name=search_term_string\"}],\"inLanguage\":\"fr-FR\"},{\"@type\":\"Organization\",\"@id\":\"https:\/\/vosgesinfo.fr\/saintdieinfo\/#organization\",\"name\":\"Saint Die Info\",\"url\":\"https:\/\/vosgesinfo.fr\/saintdieinfo\/\",\"logo\":{\"@type\":\"ImageObject\",\"inLanguage\":\"fr-FR\",\"@id\":\"https:\/\/vosgesinfo.fr\/saintdieinfo\/#\/schema\/logo\/image\/\",\"url\":\"https:\/\/vosgesinfo.fr\/app\/uploads\/sites\/4\/2024\/02\/logo-sdi.jpg\",\"contentUrl\":\"https:\/\/vosgesinfo.fr\/app\/uploads\/sites\/4\/2024\/02\/logo-sdi.jpg\",\"width\":600,\"height\":600,\"caption\":\"Saint Die Info\"},\"image\":{\"@id\":\"https:\/\/vosgesinfo.fr\/saintdieinfo\/#\/schema\/logo\/image\/\"},\"sameAs\":[\"https:\/\/www.facebook.com\/Saintdieinfofr\",\"https:\/\/x.com\/VosgesInfo88\",\"https:\/\/www.youtube.com\/@vosgesinfo\"]},{\"@type\":\"Person\",\"@id\":\"https:\/\/vosgesinfo.fr\/saintdieinfo\/#\/schema\/person\/fa73e9f726d67bb88f46d5b7943cb572\",\"name\":\"J.J.\",\"image\":{\"@type\":\"ImageObject\",\"inLanguage\":\"fr-FR\",\"@id\":\"https:\/\/vosgesinfo.fr\/saintdieinfo\/#\/schema\/person\/image\/\",\"url\":\"https:\/\/secure.gravatar.com\/avatar\/219e749e47ffbcca018a360ae4add7d4cdf1cdaaf8bc7676b27efade3fe65615?s=96&d=mm&r=g\",\"contentUrl\":\"https:\/\/secure.gravatar.com\/avatar\/219e749e47ffbcca018a360ae4add7d4cdf1cdaaf8bc7676b27efade3fe65615?s=96&d=mm&r=g\",\"caption\":\"J.J.\"},\"url\":\"https:\/\/vosgesinfo.fr\/saintdieinfo\/author\/j-j\/\"}]}<\/script>\n<!-- \/ Yoast SEO plugin. -->","yoast_head_json":{"title":"Circulation ferroviaire suspendue entre Saint-Di\u00e9-des-Vosges et \u00c9pinal - Saint Die Info","robots":{"index":"index","follow":"follow","max-snippet":"max-snippet:-1","max-image-preview":"max-image-preview:large","max-video-preview":"max-video-preview:-1"},"canonical":"https:\/\/vosgesinfo.fr\/saintdieinfo\/2025\/10\/circulation-ferroviaire-suspendue-entre-saint-die-des-vosges-et-epinal\/","twitter_card":"summary_large_image","twitter_title":"Circulation ferroviaire suspendue entre Saint-Di\u00e9-des-Vosges et \u00c9pinal - Saint Die Info","twitter_description":"Les circulations ferroviaires entre Saint-Di\u00e9-des-Vosges et \u00c9pinal\u00a0sont interrompues pendant les deux semaines des vacances de la Toussaint.","twitter_image":"https:\/\/vosgesinfo.fr\/app\/uploads\/sites\/4\/2024\/10\/202109train-thaon.jpg","twitter_creator":"@VosgesInfo88","twitter_site":"@VosgesInfo88","twitter_misc":{"\u00c9crit par":"J.J.","Dur\u00e9e de lecture estim\u00e9e":"1 minute"},"schema":{"@context":"https:\/\/schema.org","@graph":[{"@type":"Article","@id":"https:\/\/vosgesinfo.fr\/saintdieinfo\/2025\/10\/circulation-ferroviaire-suspendue-entre-saint-die-des-vosges-et-epinal\/#article","isPartOf":{"@id":"https:\/\/vosgesinfo.fr\/saintdieinfo\/2025\/10\/circulation-ferroviaire-suspendue-entre-saint-die-des-vosges-et-epinal\/"},"author":{"name":"J.J.","@id":"https:\/\/vosgesinfo.fr\/saintdieinfo\/#\/schema\/person\/fa73e9f726d67bb88f46d5b7943cb572"},"headline":"Circulation ferroviaire suspendue entre Saint-Di\u00e9-des-Vosges et \u00c9pinal","datePublished":"2025-10-20T10:41:17+00:00","dateModified":"2025-10-20T10:39:15+00:00","mainEntityOfPage":{"@id":"https:\/\/vosgesinfo.fr\/saintdieinfo\/2025\/10\/circulation-ferroviaire-suspendue-entre-saint-die-des-vosges-et-epinal\/"},"wordCount":105,"commentCount":0,"publisher":{"@id":"https:\/\/vosgesinfo.fr\/saintdieinfo\/#organization"},"image":{"@id":"https:\/\/vosgesinfo.fr\/saintdieinfo\/2025\/10\/circulation-ferroviaire-suspendue-entre-saint-die-des-vosges-et-epinal\/#primaryimage"},"thumbnailUrl":"https:\/\/vosgesinfo.fr\/app\/uploads\/sites\/4\/2024\/10\/202109train-thaon.jpg","keywords":["Interruption temporaire de circulation des trains","Ligne ferroviaire Saint-Di\u00e9-des-Vosges - Epinal","Trains TER"],"articleSection":["A la Une","Epinal","Vosges"],"inLanguage":"fr-FR","potentialAction":[{"@type":"CommentAction","name":"Comment","target":["https:\/\/vosgesinfo.fr\/saintdieinfo\/2025\/10\/circulation-ferroviaire-suspendue-entre-saint-die-des-vosges-et-epinal\/#respond"]}]},{"@type":"WebPage","@id":"https:\/\/vosgesinfo.fr\/saintdieinfo\/2025\/10\/circulation-ferroviaire-suspendue-entre-saint-die-des-vosges-et-epinal\/","url":"https:\/\/vosgesinfo.fr\/saintdieinfo\/2025\/10\/circulation-ferroviaire-suspendue-entre-saint-die-des-vosges-et-epinal\/","name":"Circulation ferroviaire suspendue entre Saint-Di\u00e9-des-Vosges et \u00c9pinal - Saint Die Info","isPartOf":{"@id":"https:\/\/vosgesinfo.fr\/saintdieinfo\/#website"},"primaryImageOfPage":{"@id":"https:\/\/vosgesinfo.fr\/saintdieinfo\/2025\/10\/circulation-ferroviaire-suspendue-entre-saint-die-des-vosges-et-epinal\/#primaryimage"},"image":{"@id":"https:\/\/vosgesinfo.fr\/saintdieinfo\/2025\/10\/circulation-ferroviaire-suspendue-entre-saint-die-des-vosges-et-epinal\/#primaryimage"},"thumbnailUrl":"https:\/\/vosgesinfo.fr\/app\/uploads\/sites\/4\/2024\/10\/202109train-thaon.jpg","datePublished":"2025-10-20T10:41:17+00:00","dateModified":"2025-10-20T10:39:15+00:00","breadcrumb":{"@id":"https:\/\/vosgesinfo.fr\/saintdieinfo\/2025\/10\/circulation-ferroviaire-suspendue-entre-saint-die-des-vosges-et-epinal\/#breadcrumb"},"inLanguage":"fr-FR","potentialAction":[{"@type":"ReadAction","target":["https:\/\/vosgesinfo.fr\/saintdieinfo\/2025\/10\/circulation-ferroviaire-suspendue-entre-saint-die-des-vosges-et-epinal\/"]}]},{"@type":"ImageObject","inLanguage":"fr-FR","@id":"https:\/\/vosgesinfo.fr\/saintdieinfo\/2025\/10\/circulation-ferroviaire-suspendue-entre-saint-die-des-vosges-et-epinal\/#primaryimage","url":"https:\/\/vosgesinfo.fr\/app\/uploads\/sites\/4\/2024\/10\/202109train-thaon.jpg","contentUrl":"https:\/\/vosgesinfo.fr\/app\/uploads\/sites\/4\/2024\/10\/202109train-thaon.jpg","width":800,"height":450,"caption":"(Illustration)"},{"@type":"BreadcrumbList","@id":"https:\/\/vosgesinfo.fr\/saintdieinfo\/2025\/10\/circulation-ferroviaire-suspendue-entre-saint-die-des-vosges-et-epinal\/#breadcrumb","itemListElement":[{"@type":"ListItem","position":1,"name":"Home","item":"https:\/\/vosgesinfo.fr\/saintdieinfo\/"},{"@type":"ListItem","position":2,"name":"Circulation ferroviaire suspendue entre Saint-Di\u00e9-des-Vosges et \u00c9pinal"}]},{"@type":"WebSite","@id":"https:\/\/vosgesinfo.fr\/saintdieinfo\/#website","url":"https:\/\/vosgesinfo.fr\/saintdieinfo\/","name":"Saint Die Info","description":"Toute l&#039;actualit\u00e9 de Saint-Di\u00e9-Des-Vosges","publisher":{"@id":"https:\/\/vosgesinfo.fr\/saintdieinfo\/#organization"},"alternateName":"Toute l'actualit\u00e9 de Saint-Di\u00e9-Des-Vosges","potentialAction":[{"@type":"SearchAction","target":{"@type":"EntryPoint","urlTemplate":"https:\/\/vosgesinfo.fr\/saintdieinfo\/?s={search_term_string}"},"query-input":"required name=search_term_string"}],"inLanguage":"fr-FR"},{"@type":"Organization","@id":"https:\/\/vosgesinfo.fr\/saintdieinfo\/#organization","name":"Saint Die Info","url":"https:\/\/vosgesinfo.fr\/saintdieinfo\/","logo":{"@type":"ImageObject","inLanguage":"fr-FR","@id":"https:\/\/vosgesinfo.fr\/saintdieinfo\/#\/schema\/logo\/image\/","url":"https:\/\/vosgesinfo.fr\/app\/uploads\/sites\/4\/2024\/02\/logo-sdi.jpg","contentUrl":"https:\/\/vosgesinfo.fr\/app\/uploads\/sites\/4\/2024\/02\/logo-sdi.jpg","width":600,"height":600,"caption":"Saint Die Info"},"image":{"@id":"https:\/\/vosgesinfo.fr\/saintdieinfo\/#\/schema\/logo\/image\/"},"sameAs":["https:\/\/www.facebook.com\/Saintdieinfofr","https:\/\/x.com\/VosgesInfo88","https:\/\/www.youtube.com\/@vosgesinfo"]},{"@type":"Person","@id":"https:\/\/vosgesinfo.fr\/saintdieinfo\/#\/schema\/person\/fa73e9f726d67bb88f46d5b7943cb572","name":"J.J.","image":{"@type":"ImageObject","inLanguage":"fr-FR","@id":"https:\/\/vosgesinfo.fr\/saintdieinfo\/#\/schema\/person\/image\/","url":"https:\/\/secure.gravatar.com\/avatar\/219e749e47ffbcca018a360ae4add7d4cdf1cdaaf8bc7676b27efade3fe65615?s=96&d=mm&r=g","contentUrl":"https:\/\/secure.gravatar.com\/avatar\/219e749e47ffbcca018a360ae4add7d4cdf1cdaaf8bc7676b27efade3fe65615?s=96&d=mm&r=g","caption":"J.J."},"url":"https:\/\/vosgesinfo.fr\/saintdieinfo\/author\/j-j\/"}]}},"_links":{"self":[{"href":"https:\/\/vosgesinfo.fr\/saintdieinfo\/wp-json\/wp\/v2\/posts\/83685","targetHints":{"allow":["GET"]}}],"collection":[{"href":"https:\/\/vosgesinfo.fr\/saintdieinfo\/wp-json\/wp\/v2\/posts"}],"about":[{"href":"https:\/\/vosgesinfo.fr\/saintdieinfo\/wp-json\/wp\/v2\/types\/post"}],"author":[{"embeddable":true,"href":"https:\/\/vosgesinfo.fr\/saintdieinfo\/wp-json\/wp\/v2\/users\/46"}],"replies":[{"embeddable":true,"href":"https:\/\/vosgesinfo.fr\/saintdieinfo\/wp-json\/wp\/v2\/comments?post=83685"}],"version-history":[{"count":2,"href":"https:\/\/vosgesinfo.fr\/saintdieinfo\/wp-json\/wp\/v2\/posts\/83685\/revisions"}],"predecessor-version":[{"id":83688,"href":"https:\/\/vosgesinfo.fr\/saintdieinfo\/wp-json\/wp\/v2\/posts\/83685\/revisions\/83688"}],"wp:featuredmedia":[{"embeddable":true,"href":"https:\/\/vosgesinfo.fr\/saintdieinfo\/wp-json\/wp\/v2\/media\/69073"}],"wp:attachment":[{"href":"https:\/\/vosgesinfo.fr\/saintdieinfo\/wp-json\/wp\/v2\/media?parent=83685"}],"wp:term":[{"taxonomy":"category","embeddable":true,"href":"https:\/\/vosgesinfo.fr\/saintdieinfo\/wp-json\/wp\/v2\/categories?post=83685"},{"taxonomy":"post_tag","embeddable":true,"href":"https:\/\/vosgesinfo.fr\/saintdieinfo\/wp-json\/wp\/v2\/tags?post=83685"}],"curies":[{"name":"wp","href":"https:\/\/api.w.org\/{rel}","templated":true}]}}