{"id":83692,"date":"2025-10-20T14:11:53","date_gmt":"2025-10-20T12:11:53","guid":{"rendered":"https:\/\/vosgesinfo.fr\/saintdieinfo\/?p=83692"},"modified":"2025-10-20T14:05:05","modified_gmt":"2025-10-20T12:05:05","slug":"les-majorettes-les-americaines-soufflent-leurs-30-bougies","status":"publish","type":"post","link":"https:\/\/vosgesinfo.fr\/saintdieinfo\/2025\/10\/les-majorettes-les-americaines-soufflent-leurs-30-bougies\/","title":{"rendered":"Les majorettes les Am\u00e9ricaines soufflent leurs 30 bougies"},"content":{"rendered":"<h2>Les <strong data-start=\"4\" data-end=\"34\">majorettes Les Am\u00e9ricaines<\/strong> soufflent leurs <strong data-start=\"51\" data-end=\"65\">30 bougies<\/strong> en cette ann\u00e9e <strong data-start=\"81\" data-end=\"89\">2025<\/strong>. Trois d\u00e9cennies d\u2019existence qui seront <strong data-start=\"130\" data-end=\"173\">c\u00e9l\u00e9br\u00e9es en grand le samedi 8 novembre<\/strong> \u00e0 l\u2019<strong data-start=\"178\" data-end=\"208\">Espace Fran\u00e7ois-Mitterrand<\/strong>.<\/h2>\n<p><!--more--><\/p>\n<p>La journ\u00e9e d\u00e9butera \u00e0 <strong>13 h 30<\/strong> avec <strong>l\u2019inauguration, une exposition et des animations<\/strong>, avant le <strong>show des Am\u00e9ricaines \u00e0 16 h<\/strong>. En soir\u00e9e, \u00e0 partir de <strong>19 h<\/strong>, place \u00e0 la <strong>grande soir\u00e9e anniversaire<\/strong> anim\u00e9e par <strong>Ludo Chopat<\/strong> et <strong>Julien Masson<\/strong>, avec <strong>Sandy Detail<\/strong> en premi\u00e8re partie suivie d\u2019<strong>Alan V Animations<\/strong>. Une <strong>buvette<\/strong> et des <strong>food-trucks<\/strong> compl\u00e9teront le tableau de cette journ\u00e9e anniversaire.<\/p>\n<p><strong>Entr\u00e9e libre en journ\u00e9e, contre 10\u20ac pour la soir\u00e9e.<\/strong> Les <strong>r\u00e9servations<\/strong> se font en ligne via <strong>HelloAsso<\/strong> ou par t\u00e9l\u00e9phone au <strong>06-23-97-05-15<\/strong>.\u00a0Le <strong data-start=\"3\" data-end=\"23\">nombre de places<\/strong> \u00e9tant <strong data-start=\"30\" data-end=\"40\">limit\u00e9<\/strong>.<\/p>\n<p><a href=\"https:\/\/vosgesinfo.fr\/app\/uploads\/sites\/4\/2025\/10\/30e-anniversaire-majorettes-les-americaines.jpg\"><img decoding=\"async\" class=\"alignnone size-large wp-image-83696\" src=\"https:\/\/vosgesinfo.fr\/app\/uploads\/sites\/4\/2025\/10\/30e-anniversaire-majorettes-les-americaines-724x1024.jpg\" alt=\"\" width=\"724\" height=\"1024\" srcset=\"https:\/\/vosgesinfo.fr\/app\/uploads\/sites\/4\/2025\/10\/30e-anniversaire-majorettes-les-americaines-724x1024.jpg 724w, https:\/\/vosgesinfo.fr\/app\/uploads\/sites\/4\/2025\/10\/30e-anniversaire-majorettes-les-americaines-212x300.jpg 212w, https:\/\/vosgesinfo.fr\/app\/uploads\/sites\/4\/2025\/10\/30e-anniversaire-majorettes-les-americaines.jpg 764w\" sizes=\"(max-width: 724px) 100vw, 724px\" \/><\/a><\/p>\n","protected":false},"excerpt":{"rendered":"<p>Les majorettes Les Am\u00e9ricaines soufflent leurs 30 bougies en cette ann\u00e9e 2025. Trois d\u00e9cennies d\u2019existence qui seront c\u00e9l\u00e9br\u00e9es en grand [&hellip;]<\/p>\n","protected":false},"author":46,"featured_media":83695,"comment_status":"open","ping_status":"open","sticky":false,"template":"","format":"standard","meta":{"footnotes":""},"categories":[460,20,167,17],"tags":[18489,3089,6091],"class_list":["post-83692","post","type-post","status-publish","format-standard","has-post-thumbnail","hentry","category-a-la-une","category-loisirs","category-saint-die-des-vosges","category-vie-associative","tag-30e-anniversaire-des-majorettes-les-americaines","tag-espace-francois-mitterrand","tag-majorettes-les-americaines"],"acf":[],"yoast_head":"<!-- This site is optimized with the Yoast SEO plugin v22.5 - https:\/\/yoast.com\/wordpress\/plugins\/seo\/ -->\n<title>Les majorettes les Am\u00e9ricaines soufflent leurs 30 bougies - Saint Die Info<\/title>\n<meta name=\"robots\" content=\"index, follow, max-snippet:-1, max-image-preview:large, max-video-preview:-1\" \/>\n<link rel=\"canonical\" href=\"https:\/\/vosgesinfo.fr\/saintdieinfo\/2025\/10\/les-majorettes-les-americaines-soufflent-leurs-30-bougies\/\" \/>\n<meta name=\"twitter:card\" content=\"summary_large_image\" \/>\n<meta name=\"twitter:title\" content=\"Les majorettes les Am\u00e9ricaines soufflent leurs 30 bougies - Saint Die Info\" \/>\n<meta name=\"twitter:description\" content=\"Les majorettes Les Am\u00e9ricaines soufflent leurs 30 bougies en cette ann\u00e9e 2025. Trois d\u00e9cennies d\u2019existence qui seront c\u00e9l\u00e9br\u00e9es en grand [&hellip;]\" \/>\n<meta name=\"twitter:image\" content=\"https:\/\/vosgesinfo.fr\/app\/uploads\/sites\/4\/2025\/10\/screenshot-2025-10-20-at-13-57-00-30e-anniversaire-majorettes-les-americaines.jpg-image-jpeg-1414-\u00d7-2000-pixels-redimensionnee-64.jpg\" \/>\n<meta name=\"twitter:creator\" content=\"@VosgesInfo88\" \/>\n<meta name=\"twitter:site\" content=\"@VosgesInfo88\" \/>\n<meta name=\"twitter:label1\" content=\"\u00c9crit par\" \/>\n\t<meta name=\"twitter:data1\" content=\"J.J.\" \/>\n\t<meta name=\"twitter:label2\" content=\"Dur\u00e9e de lecture estim\u00e9e\" \/>\n\t<meta name=\"twitter:data2\" content=\"1 minute\" \/>\n<script type=\"application\/ld+json\" class=\"yoast-schema-graph\">{\"@context\":\"https:\/\/schema.org\",\"@graph\":[{\"@type\":\"Article\",\"@id\":\"https:\/\/vosgesinfo.fr\/saintdieinfo\/2025\/10\/les-majorettes-les-americaines-soufflent-leurs-30-bougies\/#article\",\"isPartOf\":{\"@id\":\"https:\/\/vosgesinfo.fr\/saintdieinfo\/2025\/10\/les-majorettes-les-americaines-soufflent-leurs-30-bougies\/\"},\"author\":{\"name\":\"J.J.\",\"@id\":\"https:\/\/vosgesinfo.fr\/saintdieinfo\/#\/schema\/person\/fa73e9f726d67bb88f46d5b7943cb572\"},\"headline\":\"Les majorettes les Am\u00e9ricaines soufflent leurs 30 bougies\",\"datePublished\":\"2025-10-20T12:11:53+00:00\",\"dateModified\":\"2025-10-20T12:05:05+00:00\",\"mainEntityOfPage\":{\"@id\":\"https:\/\/vosgesinfo.fr\/saintdieinfo\/2025\/10\/les-majorettes-les-americaines-soufflent-leurs-30-bougies\/\"},\"wordCount\":143,\"commentCount\":0,\"publisher\":{\"@id\":\"https:\/\/vosgesinfo.fr\/saintdieinfo\/#organization\"},\"image\":{\"@id\":\"https:\/\/vosgesinfo.fr\/saintdieinfo\/2025\/10\/les-majorettes-les-americaines-soufflent-leurs-30-bougies\/#primaryimage\"},\"thumbnailUrl\":\"https:\/\/vosgesinfo.fr\/app\/uploads\/sites\/4\/2025\/10\/screenshot-2025-10-20-at-13-57-00-30e-anniversaire-majorettes-les-americaines.jpg-image-jpeg-1414-\u00d7-2000-pixels-redimensionnee-64.jpg\",\"keywords\":[\"30e anniversaire des majorettes Les Am\u00e9ricaines\",\"Espace Fran\u00e7ois-Mitterrand\",\"Majorettes Les Am\u00e9ricaines\"],\"articleSection\":[\"A la Une\",\"Loisirs\",\"Saint-Di\u00e9-des-Vosges\",\"Vie Associative\"],\"inLanguage\":\"fr-FR\",\"potentialAction\":[{\"@type\":\"CommentAction\",\"name\":\"Comment\",\"target\":[\"https:\/\/vosgesinfo.fr\/saintdieinfo\/2025\/10\/les-majorettes-les-americaines-soufflent-leurs-30-bougies\/#respond\"]}]},{\"@type\":\"WebPage\",\"@id\":\"https:\/\/vosgesinfo.fr\/saintdieinfo\/2025\/10\/les-majorettes-les-americaines-soufflent-leurs-30-bougies\/\",\"url\":\"https:\/\/vosgesinfo.fr\/saintdieinfo\/2025\/10\/les-majorettes-les-americaines-soufflent-leurs-30-bougies\/\",\"name\":\"Les majorettes les Am\u00e9ricaines soufflent leurs 30 bougies - Saint Die Info\",\"isPartOf\":{\"@id\":\"https:\/\/vosgesinfo.fr\/saintdieinfo\/#website\"},\"primaryImageOfPage\":{\"@id\":\"https:\/\/vosgesinfo.fr\/saintdieinfo\/2025\/10\/les-majorettes-les-americaines-soufflent-leurs-30-bougies\/#primaryimage\"},\"image\":{\"@id\":\"https:\/\/vosgesinfo.fr\/saintdieinfo\/2025\/10\/les-majorettes-les-americaines-soufflent-leurs-30-bougies\/#primaryimage\"},\"thumbnailUrl\":\"https:\/\/vosgesinfo.fr\/app\/uploads\/sites\/4\/2025\/10\/screenshot-2025-10-20-at-13-57-00-30e-anniversaire-majorettes-les-americaines.jpg-image-jpeg-1414-\u00d7-2000-pixels-redimensionnee-64.jpg\",\"datePublished\":\"2025-10-20T12:11:53+00:00\",\"dateModified\":\"2025-10-20T12:05:05+00:00\",\"breadcrumb\":{\"@id\":\"https:\/\/vosgesinfo.fr\/saintdieinfo\/2025\/10\/les-majorettes-les-americaines-soufflent-leurs-30-bougies\/#breadcrumb\"},\"inLanguage\":\"fr-FR\",\"potentialAction\":[{\"@type\":\"ReadAction\",\"target\":[\"https:\/\/vosgesinfo.fr\/saintdieinfo\/2025\/10\/les-majorettes-les-americaines-soufflent-leurs-30-bougies\/\"]}]},{\"@type\":\"ImageObject\",\"inLanguage\":\"fr-FR\",\"@id\":\"https:\/\/vosgesinfo.fr\/saintdieinfo\/2025\/10\/les-majorettes-les-americaines-soufflent-leurs-30-bougies\/#primaryimage\",\"url\":\"https:\/\/vosgesinfo.fr\/app\/uploads\/sites\/4\/2025\/10\/screenshot-2025-10-20-at-13-57-00-30e-anniversaire-majorettes-les-americaines.jpg-image-jpeg-1414-\u00d7-2000-pixels-redimensionnee-64.jpg\",\"contentUrl\":\"https:\/\/vosgesinfo.fr\/app\/uploads\/sites\/4\/2025\/10\/screenshot-2025-10-20-at-13-57-00-30e-anniversaire-majorettes-les-americaines.jpg-image-jpeg-1414-\u00d7-2000-pixels-redimensionnee-64.jpg\",\"width\":1252,\"height\":1080},{\"@type\":\"BreadcrumbList\",\"@id\":\"https:\/\/vosgesinfo.fr\/saintdieinfo\/2025\/10\/les-majorettes-les-americaines-soufflent-leurs-30-bougies\/#breadcrumb\",\"itemListElement\":[{\"@type\":\"ListItem\",\"position\":1,\"name\":\"Home\",\"item\":\"https:\/\/vosgesinfo.fr\/saintdieinfo\/\"},{\"@type\":\"ListItem\",\"position\":2,\"name\":\"Les majorettes les Am\u00e9ricaines soufflent leurs 30 bougies\"}]},{\"@type\":\"WebSite\",\"@id\":\"https:\/\/vosgesinfo.fr\/saintdieinfo\/#website\",\"url\":\"https:\/\/vosgesinfo.fr\/saintdieinfo\/\",\"name\":\"Saint Die Info\",\"description\":\"Toute l&#039;actualit\u00e9 de Saint-Di\u00e9-Des-Vosges\",\"publisher\":{\"@id\":\"https:\/\/vosgesinfo.fr\/saintdieinfo\/#organization\"},\"alternateName\":\"Toute l'actualit\u00e9 de Saint-Di\u00e9-Des-Vosges\",\"potentialAction\":[{\"@type\":\"SearchAction\",\"target\":{\"@type\":\"EntryPoint\",\"urlTemplate\":\"https:\/\/vosgesinfo.fr\/saintdieinfo\/?s={search_term_string}\"},\"query-input\":\"required name=search_term_string\"}],\"inLanguage\":\"fr-FR\"},{\"@type\":\"Organization\",\"@id\":\"https:\/\/vosgesinfo.fr\/saintdieinfo\/#organization\",\"name\":\"Saint Die Info\",\"url\":\"https:\/\/vosgesinfo.fr\/saintdieinfo\/\",\"logo\":{\"@type\":\"ImageObject\",\"inLanguage\":\"fr-FR\",\"@id\":\"https:\/\/vosgesinfo.fr\/saintdieinfo\/#\/schema\/logo\/image\/\",\"url\":\"https:\/\/vosgesinfo.fr\/app\/uploads\/sites\/4\/2024\/02\/logo-sdi.jpg\",\"contentUrl\":\"https:\/\/vosgesinfo.fr\/app\/uploads\/sites\/4\/2024\/02\/logo-sdi.jpg\",\"width\":600,\"height\":600,\"caption\":\"Saint Die Info\"},\"image\":{\"@id\":\"https:\/\/vosgesinfo.fr\/saintdieinfo\/#\/schema\/logo\/image\/\"},\"sameAs\":[\"https:\/\/www.facebook.com\/Saintdieinfofr\",\"https:\/\/x.com\/VosgesInfo88\",\"https:\/\/www.youtube.com\/@vosgesinfo\"]},{\"@type\":\"Person\",\"@id\":\"https:\/\/vosgesinfo.fr\/saintdieinfo\/#\/schema\/person\/fa73e9f726d67bb88f46d5b7943cb572\",\"name\":\"J.J.\",\"image\":{\"@type\":\"ImageObject\",\"inLanguage\":\"fr-FR\",\"@id\":\"https:\/\/vosgesinfo.fr\/saintdieinfo\/#\/schema\/person\/image\/\",\"url\":\"https:\/\/secure.gravatar.com\/avatar\/219e749e47ffbcca018a360ae4add7d4cdf1cdaaf8bc7676b27efade3fe65615?s=96&d=mm&r=g\",\"contentUrl\":\"https:\/\/secure.gravatar.com\/avatar\/219e749e47ffbcca018a360ae4add7d4cdf1cdaaf8bc7676b27efade3fe65615?s=96&d=mm&r=g\",\"caption\":\"J.J.\"},\"url\":\"https:\/\/vosgesinfo.fr\/saintdieinfo\/author\/j-j\/\"}]}<\/script>\n<!-- \/ Yoast SEO plugin. -->","yoast_head_json":{"title":"Les majorettes les Am\u00e9ricaines soufflent leurs 30 bougies - Saint Die Info","robots":{"index":"index","follow":"follow","max-snippet":"max-snippet:-1","max-image-preview":"max-image-preview:large","max-video-preview":"max-video-preview:-1"},"canonical":"https:\/\/vosgesinfo.fr\/saintdieinfo\/2025\/10\/les-majorettes-les-americaines-soufflent-leurs-30-bougies\/","twitter_card":"summary_large_image","twitter_title":"Les majorettes les Am\u00e9ricaines soufflent leurs 30 bougies - Saint Die Info","twitter_description":"Les majorettes Les Am\u00e9ricaines soufflent leurs 30 bougies en cette ann\u00e9e 2025. Trois d\u00e9cennies d\u2019existence qui seront c\u00e9l\u00e9br\u00e9es en grand [&hellip;]","twitter_image":"https:\/\/vosgesinfo.fr\/app\/uploads\/sites\/4\/2025\/10\/screenshot-2025-10-20-at-13-57-00-30e-anniversaire-majorettes-les-americaines.jpg-image-jpeg-1414-\u00d7-2000-pixels-redimensionnee-64.jpg","twitter_creator":"@VosgesInfo88","twitter_site":"@VosgesInfo88","twitter_misc":{"\u00c9crit par":"J.J.","Dur\u00e9e de lecture estim\u00e9e":"1 minute"},"schema":{"@context":"https:\/\/schema.org","@graph":[{"@type":"Article","@id":"https:\/\/vosgesinfo.fr\/saintdieinfo\/2025\/10\/les-majorettes-les-americaines-soufflent-leurs-30-bougies\/#article","isPartOf":{"@id":"https:\/\/vosgesinfo.fr\/saintdieinfo\/2025\/10\/les-majorettes-les-americaines-soufflent-leurs-30-bougies\/"},"author":{"name":"J.J.","@id":"https:\/\/vosgesinfo.fr\/saintdieinfo\/#\/schema\/person\/fa73e9f726d67bb88f46d5b7943cb572"},"headline":"Les majorettes les Am\u00e9ricaines soufflent leurs 30 bougies","datePublished":"2025-10-20T12:11:53+00:00","dateModified":"2025-10-20T12:05:05+00:00","mainEntityOfPage":{"@id":"https:\/\/vosgesinfo.fr\/saintdieinfo\/2025\/10\/les-majorettes-les-americaines-soufflent-leurs-30-bougies\/"},"wordCount":143,"commentCount":0,"publisher":{"@id":"https:\/\/vosgesinfo.fr\/saintdieinfo\/#organization"},"image":{"@id":"https:\/\/vosgesinfo.fr\/saintdieinfo\/2025\/10\/les-majorettes-les-americaines-soufflent-leurs-30-bougies\/#primaryimage"},"thumbnailUrl":"https:\/\/vosgesinfo.fr\/app\/uploads\/sites\/4\/2025\/10\/screenshot-2025-10-20-at-13-57-00-30e-anniversaire-majorettes-les-americaines.jpg-image-jpeg-1414-\u00d7-2000-pixels-redimensionnee-64.jpg","keywords":["30e anniversaire des majorettes Les Am\u00e9ricaines","Espace Fran\u00e7ois-Mitterrand","Majorettes Les Am\u00e9ricaines"],"articleSection":["A la Une","Loisirs","Saint-Di\u00e9-des-Vosges","Vie Associative"],"inLanguage":"fr-FR","potentialAction":[{"@type":"CommentAction","name":"Comment","target":["https:\/\/vosgesinfo.fr\/saintdieinfo\/2025\/10\/les-majorettes-les-americaines-soufflent-leurs-30-bougies\/#respond"]}]},{"@type":"WebPage","@id":"https:\/\/vosgesinfo.fr\/saintdieinfo\/2025\/10\/les-majorettes-les-americaines-soufflent-leurs-30-bougies\/","url":"https:\/\/vosgesinfo.fr\/saintdieinfo\/2025\/10\/les-majorettes-les-americaines-soufflent-leurs-30-bougies\/","name":"Les majorettes les Am\u00e9ricaines soufflent leurs 30 bougies - Saint Die Info","isPartOf":{"@id":"https:\/\/vosgesinfo.fr\/saintdieinfo\/#website"},"primaryImageOfPage":{"@id":"https:\/\/vosgesinfo.fr\/saintdieinfo\/2025\/10\/les-majorettes-les-americaines-soufflent-leurs-30-bougies\/#primaryimage"},"image":{"@id":"https:\/\/vosgesinfo.fr\/saintdieinfo\/2025\/10\/les-majorettes-les-americaines-soufflent-leurs-30-bougies\/#primaryimage"},"thumbnailUrl":"https:\/\/vosgesinfo.fr\/app\/uploads\/sites\/4\/2025\/10\/screenshot-2025-10-20-at-13-57-00-30e-anniversaire-majorettes-les-americaines.jpg-image-jpeg-1414-\u00d7-2000-pixels-redimensionnee-64.jpg","datePublished":"2025-10-20T12:11:53+00:00","dateModified":"2025-10-20T12:05:05+00:00","breadcrumb":{"@id":"https:\/\/vosgesinfo.fr\/saintdieinfo\/2025\/10\/les-majorettes-les-americaines-soufflent-leurs-30-bougies\/#breadcrumb"},"inLanguage":"fr-FR","potentialAction":[{"@type":"ReadAction","target":["https:\/\/vosgesinfo.fr\/saintdieinfo\/2025\/10\/les-majorettes-les-americaines-soufflent-leurs-30-bougies\/"]}]},{"@type":"ImageObject","inLanguage":"fr-FR","@id":"https:\/\/vosgesinfo.fr\/saintdieinfo\/2025\/10\/les-majorettes-les-americaines-soufflent-leurs-30-bougies\/#primaryimage","url":"https:\/\/vosgesinfo.fr\/app\/uploads\/sites\/4\/2025\/10\/screenshot-2025-10-20-at-13-57-00-30e-anniversaire-majorettes-les-americaines.jpg-image-jpeg-1414-\u00d7-2000-pixels-redimensionnee-64.jpg","contentUrl":"https:\/\/vosgesinfo.fr\/app\/uploads\/sites\/4\/2025\/10\/screenshot-2025-10-20-at-13-57-00-30e-anniversaire-majorettes-les-americaines.jpg-image-jpeg-1414-\u00d7-2000-pixels-redimensionnee-64.jpg","width":1252,"height":1080},{"@type":"BreadcrumbList","@id":"https:\/\/vosgesinfo.fr\/saintdieinfo\/2025\/10\/les-majorettes-les-americaines-soufflent-leurs-30-bougies\/#breadcrumb","itemListElement":[{"@type":"ListItem","position":1,"name":"Home","item":"https:\/\/vosgesinfo.fr\/saintdieinfo\/"},{"@type":"ListItem","position":2,"name":"Les majorettes les Am\u00e9ricaines soufflent leurs 30 bougies"}]},{"@type":"WebSite","@id":"https:\/\/vosgesinfo.fr\/saintdieinfo\/#website","url":"https:\/\/vosgesinfo.fr\/saintdieinfo\/","name":"Saint Die Info","description":"Toute l&#039;actualit\u00e9 de Saint-Di\u00e9-Des-Vosges","publisher":{"@id":"https:\/\/vosgesinfo.fr\/saintdieinfo\/#organization"},"alternateName":"Toute l'actualit\u00e9 de Saint-Di\u00e9-Des-Vosges","potentialAction":[{"@type":"SearchAction","target":{"@type":"EntryPoint","urlTemplate":"https:\/\/vosgesinfo.fr\/saintdieinfo\/?s={search_term_string}"},"query-input":"required name=search_term_string"}],"inLanguage":"fr-FR"},{"@type":"Organization","@id":"https:\/\/vosgesinfo.fr\/saintdieinfo\/#organization","name":"Saint Die Info","url":"https:\/\/vosgesinfo.fr\/saintdieinfo\/","logo":{"@type":"ImageObject","inLanguage":"fr-FR","@id":"https:\/\/vosgesinfo.fr\/saintdieinfo\/#\/schema\/logo\/image\/","url":"https:\/\/vosgesinfo.fr\/app\/uploads\/sites\/4\/2024\/02\/logo-sdi.jpg","contentUrl":"https:\/\/vosgesinfo.fr\/app\/uploads\/sites\/4\/2024\/02\/logo-sdi.jpg","width":600,"height":600,"caption":"Saint Die Info"},"image":{"@id":"https:\/\/vosgesinfo.fr\/saintdieinfo\/#\/schema\/logo\/image\/"},"sameAs":["https:\/\/www.facebook.com\/Saintdieinfofr","https:\/\/x.com\/VosgesInfo88","https:\/\/www.youtube.com\/@vosgesinfo"]},{"@type":"Person","@id":"https:\/\/vosgesinfo.fr\/saintdieinfo\/#\/schema\/person\/fa73e9f726d67bb88f46d5b7943cb572","name":"J.J.","image":{"@type":"ImageObject","inLanguage":"fr-FR","@id":"https:\/\/vosgesinfo.fr\/saintdieinfo\/#\/schema\/person\/image\/","url":"https:\/\/secure.gravatar.com\/avatar\/219e749e47ffbcca018a360ae4add7d4cdf1cdaaf8bc7676b27efade3fe65615?s=96&d=mm&r=g","contentUrl":"https:\/\/secure.gravatar.com\/avatar\/219e749e47ffbcca018a360ae4add7d4cdf1cdaaf8bc7676b27efade3fe65615?s=96&d=mm&r=g","caption":"J.J."},"url":"https:\/\/vosgesinfo.fr\/saintdieinfo\/author\/j-j\/"}]}},"_links":{"self":[{"href":"https:\/\/vosgesinfo.fr\/saintdieinfo\/wp-json\/wp\/v2\/posts\/83692","targetHints":{"allow":["GET"]}}],"collection":[{"href":"https:\/\/vosgesinfo.fr\/saintdieinfo\/wp-json\/wp\/v2\/posts"}],"about":[{"href":"https:\/\/vosgesinfo.fr\/saintdieinfo\/wp-json\/wp\/v2\/types\/post"}],"author":[{"embeddable":true,"href":"https:\/\/vosgesinfo.fr\/saintdieinfo\/wp-json\/wp\/v2\/users\/46"}],"replies":[{"embeddable":true,"href":"https:\/\/vosgesinfo.fr\/saintdieinfo\/wp-json\/wp\/v2\/comments?post=83692"}],"version-history":[{"count":1,"href":"https:\/\/vosgesinfo.fr\/saintdieinfo\/wp-json\/wp\/v2\/posts\/83692\/revisions"}],"predecessor-version":[{"id":83697,"href":"https:\/\/vosgesinfo.fr\/saintdieinfo\/wp-json\/wp\/v2\/posts\/83692\/revisions\/83697"}],"wp:featuredmedia":[{"embeddable":true,"href":"https:\/\/vosgesinfo.fr\/saintdieinfo\/wp-json\/wp\/v2\/media\/83695"}],"wp:attachment":[{"href":"https:\/\/vosgesinfo.fr\/saintdieinfo\/wp-json\/wp\/v2\/media?parent=83692"}],"wp:term":[{"taxonomy":"category","embeddable":true,"href":"https:\/\/vosgesinfo.fr\/saintdieinfo\/wp-json\/wp\/v2\/categories?post=83692"},{"taxonomy":"post_tag","embeddable":true,"href":"https:\/\/vosgesinfo.fr\/saintdieinfo\/wp-json\/wp\/v2\/tags?post=83692"}],"curies":[{"name":"wp","href":"https:\/\/api.w.org\/{rel}","templated":true}]}}