{"id":83702,"date":"2025-10-21T09:15:02","date_gmt":"2025-10-21T07:15:02","guid":{"rendered":"https:\/\/vosgesinfo.fr\/saintdieinfo\/?p=83702"},"modified":"2025-10-21T09:10:37","modified_gmt":"2025-10-21T07:10:37","slug":"sainte-marguerite-bulles-roses-fait-sa-6e-edition","status":"publish","type":"post","link":"https:\/\/vosgesinfo.fr\/saintdieinfo\/2025\/10\/sainte-marguerite-bulles-roses-fait-sa-6e-edition\/","title":{"rendered":"Sainte-Marguerite \u2013 Bulles Roses fait sa 6e \u00e9dition"},"content":{"rendered":"<h2>La <strong>6e \u00e9dition de Bulles Roses<\/strong> se tiendra <strong>ce vendredi 24 octobre<\/strong> \u00e0 la <strong>salle des f\u00eates de Sainte-Marguerite, \u00e0 partir de 19h<\/strong>. Cette soir\u00e9e de <strong>concerts solidaires<\/strong> au profit de <strong>l\u2019Institut de Canc\u00e9rologie de Lorraine \u2013 ICL \u2013<\/strong> rassemblera une nouvelle fois <strong>public, artistes et partenaires<\/strong> autour d&rsquo;une <strong>cause commune : la lutte contre le cancer<\/strong>.<\/h2>\n<p><!--more--><\/p>\n<h3><strong>4 groupes sur sc\u00e8ne<\/strong><\/h3>\n<p>Se succ\u00e9deront sur la <strong>sc\u00e8ne margaritaine<\/strong> : <strong>Topic<\/strong> et ses <strong>reprises de vari\u00e9t\u00e9 fran\u00e7aise<\/strong>, <strong>Entre-D\u2019Eux<\/strong> et son <strong>tribute \u00e0 C\u00e9line Dion<\/strong>, <strong>Amadeos<\/strong> pour la <strong>musique rock actuelle<\/strong>, ainsi que le <strong>cover de Muse, Psychos<\/strong>. La <strong>partie buvette et restauration<\/strong> sera assur\u00e9e par les <strong>food-trucks O\u2019Ptit Napoli, Jaune\u2019 Teuf et O\u2019D\u00e9lice<\/strong>, qui seront install\u00e9s devant la salle d\u00e8s <strong>19 h<\/strong>.<\/p>\n<h3><strong>Nouveaut\u00e9 pour les r\u00e9servations<\/strong><\/h3>\n<p>L\u2019entr\u00e9e est fix\u00e9e \u00e0 <strong>10 \u20ac par personne<\/strong>, incluant un <strong>gobelet in\u00e9dit<\/strong>, en sachant que l\u2019entr\u00e9e est <strong>gratuite jusqu\u2019\u00e0 12 ans<\/strong>. La <strong>petite nouveaut\u00e9 cette ann\u00e9e<\/strong> est qu&rsquo;il est d\u00e9sormais possible de <strong>r\u00e9server ses places sur le site HelloAsso<\/strong>, en recherchant simplement <strong>\u00ab Bulles Roses \u00bb<\/strong> ou via le <strong>QR code pr\u00e9sent sur l\u2019affiche<\/strong>.<\/p>\n<p><a href=\"https:\/\/vosgesinfo.fr\/app\/uploads\/sites\/4\/2025\/10\/sainte-marguerite-6e-edition-bulles-roses.jpg\"><img decoding=\"async\" class=\"alignnone size-large wp-image-83705\" src=\"https:\/\/vosgesinfo.fr\/app\/uploads\/sites\/4\/2025\/10\/sainte-marguerite-6e-edition-bulles-roses-724x1024.jpg\" alt=\"\" width=\"724\" height=\"1024\" srcset=\"https:\/\/vosgesinfo.fr\/app\/uploads\/sites\/4\/2025\/10\/sainte-marguerite-6e-edition-bulles-roses-724x1024.jpg 724w, https:\/\/vosgesinfo.fr\/app\/uploads\/sites\/4\/2025\/10\/sainte-marguerite-6e-edition-bulles-roses-212x300.jpg 212w, https:\/\/vosgesinfo.fr\/app\/uploads\/sites\/4\/2025\/10\/sainte-marguerite-6e-edition-bulles-roses.jpg 764w\" sizes=\"(max-width: 724px) 100vw, 724px\" \/><\/a><\/p>\n","protected":false},"excerpt":{"rendered":"<p>La 6e \u00e9dition de Bulles Roses se tiendra ce vendredi 24 octobre \u00e0 la salle des f\u00eates de Sainte-Marguerite, \u00e0 [&hellip;]<\/p>\n","protected":false},"author":46,"featured_media":83705,"comment_status":"open","ping_status":"open","sticky":false,"template":"","format":"standard","meta":{"footnotes":""},"categories":[460,3903,4152,29,17],"tags":[18493,18492,3092,3093],"class_list":["post-83702","post","type-post","status-publish","format-standard","has-post-thumbnail","hentry","category-a-la-une","category-deodatie","category-sante","category-solidarite","category-vie-associative","tag-6e-edition-de-bulles-roses","tag-bulles-roses","tag-sainte-marguerite","tag-salle-des-fetes-de-sainte-marguerite"],"acf":[],"yoast_head":"<!-- This site is optimized with the Yoast SEO plugin v22.5 - https:\/\/yoast.com\/wordpress\/plugins\/seo\/ -->\n<title>Sainte-Marguerite \u2013 Bulles Roses fait sa 6e \u00e9dition - Saint Die Info<\/title>\n<meta name=\"robots\" content=\"index, follow, max-snippet:-1, max-image-preview:large, max-video-preview:-1\" \/>\n<link rel=\"canonical\" href=\"https:\/\/vosgesinfo.fr\/saintdieinfo\/2025\/10\/sainte-marguerite-bulles-roses-fait-sa-6e-edition\/\" \/>\n<meta name=\"twitter:card\" content=\"summary_large_image\" \/>\n<meta name=\"twitter:title\" content=\"Sainte-Marguerite \u2013 Bulles Roses fait sa 6e \u00e9dition - Saint Die Info\" \/>\n<meta name=\"twitter:description\" content=\"La 6e \u00e9dition de Bulles Roses se tiendra ce vendredi 24 octobre \u00e0 la salle des f\u00eates de Sainte-Marguerite, \u00e0 [&hellip;]\" \/>\n<meta name=\"twitter:image\" content=\"https:\/\/vosgesinfo.fr\/app\/uploads\/sites\/4\/2025\/10\/sainte-marguerite-6e-edition-bulles-roses.jpg\" \/>\n<meta name=\"twitter:creator\" content=\"@VosgesInfo88\" \/>\n<meta name=\"twitter:site\" content=\"@VosgesInfo88\" \/>\n<meta name=\"twitter:label1\" content=\"\u00c9crit par\" \/>\n\t<meta name=\"twitter:data1\" content=\"J.J.\" \/>\n\t<meta name=\"twitter:label2\" content=\"Dur\u00e9e de lecture estim\u00e9e\" \/>\n\t<meta name=\"twitter:data2\" content=\"2 minutes\" \/>\n<script type=\"application\/ld+json\" class=\"yoast-schema-graph\">{\"@context\":\"https:\/\/schema.org\",\"@graph\":[{\"@type\":\"Article\",\"@id\":\"https:\/\/vosgesinfo.fr\/saintdieinfo\/2025\/10\/sainte-marguerite-bulles-roses-fait-sa-6e-edition\/#article\",\"isPartOf\":{\"@id\":\"https:\/\/vosgesinfo.fr\/saintdieinfo\/2025\/10\/sainte-marguerite-bulles-roses-fait-sa-6e-edition\/\"},\"author\":{\"name\":\"J.J.\",\"@id\":\"https:\/\/vosgesinfo.fr\/saintdieinfo\/#\/schema\/person\/fa73e9f726d67bb88f46d5b7943cb572\"},\"headline\":\"Sainte-Marguerite \u2013 Bulles Roses fait sa 6e \u00e9dition\",\"datePublished\":\"2025-10-21T07:15:02+00:00\",\"dateModified\":\"2025-10-21T07:10:37+00:00\",\"mainEntityOfPage\":{\"@id\":\"https:\/\/vosgesinfo.fr\/saintdieinfo\/2025\/10\/sainte-marguerite-bulles-roses-fait-sa-6e-edition\/\"},\"wordCount\":200,\"commentCount\":0,\"publisher\":{\"@id\":\"https:\/\/vosgesinfo.fr\/saintdieinfo\/#organization\"},\"image\":{\"@id\":\"https:\/\/vosgesinfo.fr\/saintdieinfo\/2025\/10\/sainte-marguerite-bulles-roses-fait-sa-6e-edition\/#primaryimage\"},\"thumbnailUrl\":\"https:\/\/vosgesinfo.fr\/app\/uploads\/sites\/4\/2025\/10\/sainte-marguerite-6e-edition-bulles-roses.jpg\",\"keywords\":[\"6e \u00e9dition de Bulles Roses\",\"Bulles Roses\",\"Sainte-Marguerite\",\"Salle des f\u00eates de Sainte-Marguerite\"],\"articleSection\":[\"A la Une\",\"D\u00e9odatie\",\"Sant\u00e9\",\"Solidarit\u00e9\",\"Vie Associative\"],\"inLanguage\":\"fr-FR\",\"potentialAction\":[{\"@type\":\"CommentAction\",\"name\":\"Comment\",\"target\":[\"https:\/\/vosgesinfo.fr\/saintdieinfo\/2025\/10\/sainte-marguerite-bulles-roses-fait-sa-6e-edition\/#respond\"]}]},{\"@type\":\"WebPage\",\"@id\":\"https:\/\/vosgesinfo.fr\/saintdieinfo\/2025\/10\/sainte-marguerite-bulles-roses-fait-sa-6e-edition\/\",\"url\":\"https:\/\/vosgesinfo.fr\/saintdieinfo\/2025\/10\/sainte-marguerite-bulles-roses-fait-sa-6e-edition\/\",\"name\":\"Sainte-Marguerite \u2013 Bulles Roses fait sa 6e \u00e9dition - Saint Die Info\",\"isPartOf\":{\"@id\":\"https:\/\/vosgesinfo.fr\/saintdieinfo\/#website\"},\"primaryImageOfPage\":{\"@id\":\"https:\/\/vosgesinfo.fr\/saintdieinfo\/2025\/10\/sainte-marguerite-bulles-roses-fait-sa-6e-edition\/#primaryimage\"},\"image\":{\"@id\":\"https:\/\/vosgesinfo.fr\/saintdieinfo\/2025\/10\/sainte-marguerite-bulles-roses-fait-sa-6e-edition\/#primaryimage\"},\"thumbnailUrl\":\"https:\/\/vosgesinfo.fr\/app\/uploads\/sites\/4\/2025\/10\/sainte-marguerite-6e-edition-bulles-roses.jpg\",\"datePublished\":\"2025-10-21T07:15:02+00:00\",\"dateModified\":\"2025-10-21T07:10:37+00:00\",\"breadcrumb\":{\"@id\":\"https:\/\/vosgesinfo.fr\/saintdieinfo\/2025\/10\/sainte-marguerite-bulles-roses-fait-sa-6e-edition\/#breadcrumb\"},\"inLanguage\":\"fr-FR\",\"potentialAction\":[{\"@type\":\"ReadAction\",\"target\":[\"https:\/\/vosgesinfo.fr\/saintdieinfo\/2025\/10\/sainte-marguerite-bulles-roses-fait-sa-6e-edition\/\"]}]},{\"@type\":\"ImageObject\",\"inLanguage\":\"fr-FR\",\"@id\":\"https:\/\/vosgesinfo.fr\/saintdieinfo\/2025\/10\/sainte-marguerite-bulles-roses-fait-sa-6e-edition\/#primaryimage\",\"url\":\"https:\/\/vosgesinfo.fr\/app\/uploads\/sites\/4\/2025\/10\/sainte-marguerite-6e-edition-bulles-roses.jpg\",\"contentUrl\":\"https:\/\/vosgesinfo.fr\/app\/uploads\/sites\/4\/2025\/10\/sainte-marguerite-6e-edition-bulles-roses.jpg\",\"width\":764,\"height\":1080},{\"@type\":\"BreadcrumbList\",\"@id\":\"https:\/\/vosgesinfo.fr\/saintdieinfo\/2025\/10\/sainte-marguerite-bulles-roses-fait-sa-6e-edition\/#breadcrumb\",\"itemListElement\":[{\"@type\":\"ListItem\",\"position\":1,\"name\":\"Home\",\"item\":\"https:\/\/vosgesinfo.fr\/saintdieinfo\/\"},{\"@type\":\"ListItem\",\"position\":2,\"name\":\"Sainte-Marguerite \u2013 Bulles Roses fait sa 6e \u00e9dition\"}]},{\"@type\":\"WebSite\",\"@id\":\"https:\/\/vosgesinfo.fr\/saintdieinfo\/#website\",\"url\":\"https:\/\/vosgesinfo.fr\/saintdieinfo\/\",\"name\":\"Saint Die Info\",\"description\":\"Toute l&#039;actualit\u00e9 de Saint-Di\u00e9-Des-Vosges\",\"publisher\":{\"@id\":\"https:\/\/vosgesinfo.fr\/saintdieinfo\/#organization\"},\"alternateName\":\"Toute l'actualit\u00e9 de Saint-Di\u00e9-Des-Vosges\",\"potentialAction\":[{\"@type\":\"SearchAction\",\"target\":{\"@type\":\"EntryPoint\",\"urlTemplate\":\"https:\/\/vosgesinfo.fr\/saintdieinfo\/?s={search_term_string}\"},\"query-input\":\"required name=search_term_string\"}],\"inLanguage\":\"fr-FR\"},{\"@type\":\"Organization\",\"@id\":\"https:\/\/vosgesinfo.fr\/saintdieinfo\/#organization\",\"name\":\"Saint Die Info\",\"url\":\"https:\/\/vosgesinfo.fr\/saintdieinfo\/\",\"logo\":{\"@type\":\"ImageObject\",\"inLanguage\":\"fr-FR\",\"@id\":\"https:\/\/vosgesinfo.fr\/saintdieinfo\/#\/schema\/logo\/image\/\",\"url\":\"https:\/\/vosgesinfo.fr\/app\/uploads\/sites\/4\/2024\/02\/logo-sdi.jpg\",\"contentUrl\":\"https:\/\/vosgesinfo.fr\/app\/uploads\/sites\/4\/2024\/02\/logo-sdi.jpg\",\"width\":600,\"height\":600,\"caption\":\"Saint Die Info\"},\"image\":{\"@id\":\"https:\/\/vosgesinfo.fr\/saintdieinfo\/#\/schema\/logo\/image\/\"},\"sameAs\":[\"https:\/\/www.facebook.com\/Saintdieinfofr\",\"https:\/\/x.com\/VosgesInfo88\",\"https:\/\/www.youtube.com\/@vosgesinfo\"]},{\"@type\":\"Person\",\"@id\":\"https:\/\/vosgesinfo.fr\/saintdieinfo\/#\/schema\/person\/fa73e9f726d67bb88f46d5b7943cb572\",\"name\":\"J.J.\",\"image\":{\"@type\":\"ImageObject\",\"inLanguage\":\"fr-FR\",\"@id\":\"https:\/\/vosgesinfo.fr\/saintdieinfo\/#\/schema\/person\/image\/\",\"url\":\"https:\/\/secure.gravatar.com\/avatar\/219e749e47ffbcca018a360ae4add7d4cdf1cdaaf8bc7676b27efade3fe65615?s=96&d=mm&r=g\",\"contentUrl\":\"https:\/\/secure.gravatar.com\/avatar\/219e749e47ffbcca018a360ae4add7d4cdf1cdaaf8bc7676b27efade3fe65615?s=96&d=mm&r=g\",\"caption\":\"J.J.\"},\"url\":\"https:\/\/vosgesinfo.fr\/saintdieinfo\/author\/j-j\/\"}]}<\/script>\n<!-- \/ Yoast SEO plugin. -->","yoast_head_json":{"title":"Sainte-Marguerite \u2013 Bulles Roses fait sa 6e \u00e9dition - Saint Die Info","robots":{"index":"index","follow":"follow","max-snippet":"max-snippet:-1","max-image-preview":"max-image-preview:large","max-video-preview":"max-video-preview:-1"},"canonical":"https:\/\/vosgesinfo.fr\/saintdieinfo\/2025\/10\/sainte-marguerite-bulles-roses-fait-sa-6e-edition\/","twitter_card":"summary_large_image","twitter_title":"Sainte-Marguerite \u2013 Bulles Roses fait sa 6e \u00e9dition - Saint Die Info","twitter_description":"La 6e \u00e9dition de Bulles Roses se tiendra ce vendredi 24 octobre \u00e0 la salle des f\u00eates de Sainte-Marguerite, \u00e0 [&hellip;]","twitter_image":"https:\/\/vosgesinfo.fr\/app\/uploads\/sites\/4\/2025\/10\/sainte-marguerite-6e-edition-bulles-roses.jpg","twitter_creator":"@VosgesInfo88","twitter_site":"@VosgesInfo88","twitter_misc":{"\u00c9crit par":"J.J.","Dur\u00e9e de lecture estim\u00e9e":"2 minutes"},"schema":{"@context":"https:\/\/schema.org","@graph":[{"@type":"Article","@id":"https:\/\/vosgesinfo.fr\/saintdieinfo\/2025\/10\/sainte-marguerite-bulles-roses-fait-sa-6e-edition\/#article","isPartOf":{"@id":"https:\/\/vosgesinfo.fr\/saintdieinfo\/2025\/10\/sainte-marguerite-bulles-roses-fait-sa-6e-edition\/"},"author":{"name":"J.J.","@id":"https:\/\/vosgesinfo.fr\/saintdieinfo\/#\/schema\/person\/fa73e9f726d67bb88f46d5b7943cb572"},"headline":"Sainte-Marguerite \u2013 Bulles Roses fait sa 6e \u00e9dition","datePublished":"2025-10-21T07:15:02+00:00","dateModified":"2025-10-21T07:10:37+00:00","mainEntityOfPage":{"@id":"https:\/\/vosgesinfo.fr\/saintdieinfo\/2025\/10\/sainte-marguerite-bulles-roses-fait-sa-6e-edition\/"},"wordCount":200,"commentCount":0,"publisher":{"@id":"https:\/\/vosgesinfo.fr\/saintdieinfo\/#organization"},"image":{"@id":"https:\/\/vosgesinfo.fr\/saintdieinfo\/2025\/10\/sainte-marguerite-bulles-roses-fait-sa-6e-edition\/#primaryimage"},"thumbnailUrl":"https:\/\/vosgesinfo.fr\/app\/uploads\/sites\/4\/2025\/10\/sainte-marguerite-6e-edition-bulles-roses.jpg","keywords":["6e \u00e9dition de Bulles Roses","Bulles Roses","Sainte-Marguerite","Salle des f\u00eates de Sainte-Marguerite"],"articleSection":["A la Une","D\u00e9odatie","Sant\u00e9","Solidarit\u00e9","Vie Associative"],"inLanguage":"fr-FR","potentialAction":[{"@type":"CommentAction","name":"Comment","target":["https:\/\/vosgesinfo.fr\/saintdieinfo\/2025\/10\/sainte-marguerite-bulles-roses-fait-sa-6e-edition\/#respond"]}]},{"@type":"WebPage","@id":"https:\/\/vosgesinfo.fr\/saintdieinfo\/2025\/10\/sainte-marguerite-bulles-roses-fait-sa-6e-edition\/","url":"https:\/\/vosgesinfo.fr\/saintdieinfo\/2025\/10\/sainte-marguerite-bulles-roses-fait-sa-6e-edition\/","name":"Sainte-Marguerite \u2013 Bulles Roses fait sa 6e \u00e9dition - Saint Die Info","isPartOf":{"@id":"https:\/\/vosgesinfo.fr\/saintdieinfo\/#website"},"primaryImageOfPage":{"@id":"https:\/\/vosgesinfo.fr\/saintdieinfo\/2025\/10\/sainte-marguerite-bulles-roses-fait-sa-6e-edition\/#primaryimage"},"image":{"@id":"https:\/\/vosgesinfo.fr\/saintdieinfo\/2025\/10\/sainte-marguerite-bulles-roses-fait-sa-6e-edition\/#primaryimage"},"thumbnailUrl":"https:\/\/vosgesinfo.fr\/app\/uploads\/sites\/4\/2025\/10\/sainte-marguerite-6e-edition-bulles-roses.jpg","datePublished":"2025-10-21T07:15:02+00:00","dateModified":"2025-10-21T07:10:37+00:00","breadcrumb":{"@id":"https:\/\/vosgesinfo.fr\/saintdieinfo\/2025\/10\/sainte-marguerite-bulles-roses-fait-sa-6e-edition\/#breadcrumb"},"inLanguage":"fr-FR","potentialAction":[{"@type":"ReadAction","target":["https:\/\/vosgesinfo.fr\/saintdieinfo\/2025\/10\/sainte-marguerite-bulles-roses-fait-sa-6e-edition\/"]}]},{"@type":"ImageObject","inLanguage":"fr-FR","@id":"https:\/\/vosgesinfo.fr\/saintdieinfo\/2025\/10\/sainte-marguerite-bulles-roses-fait-sa-6e-edition\/#primaryimage","url":"https:\/\/vosgesinfo.fr\/app\/uploads\/sites\/4\/2025\/10\/sainte-marguerite-6e-edition-bulles-roses.jpg","contentUrl":"https:\/\/vosgesinfo.fr\/app\/uploads\/sites\/4\/2025\/10\/sainte-marguerite-6e-edition-bulles-roses.jpg","width":764,"height":1080},{"@type":"BreadcrumbList","@id":"https:\/\/vosgesinfo.fr\/saintdieinfo\/2025\/10\/sainte-marguerite-bulles-roses-fait-sa-6e-edition\/#breadcrumb","itemListElement":[{"@type":"ListItem","position":1,"name":"Home","item":"https:\/\/vosgesinfo.fr\/saintdieinfo\/"},{"@type":"ListItem","position":2,"name":"Sainte-Marguerite \u2013 Bulles Roses fait sa 6e \u00e9dition"}]},{"@type":"WebSite","@id":"https:\/\/vosgesinfo.fr\/saintdieinfo\/#website","url":"https:\/\/vosgesinfo.fr\/saintdieinfo\/","name":"Saint Die Info","description":"Toute l&#039;actualit\u00e9 de Saint-Di\u00e9-Des-Vosges","publisher":{"@id":"https:\/\/vosgesinfo.fr\/saintdieinfo\/#organization"},"alternateName":"Toute l'actualit\u00e9 de Saint-Di\u00e9-Des-Vosges","potentialAction":[{"@type":"SearchAction","target":{"@type":"EntryPoint","urlTemplate":"https:\/\/vosgesinfo.fr\/saintdieinfo\/?s={search_term_string}"},"query-input":"required name=search_term_string"}],"inLanguage":"fr-FR"},{"@type":"Organization","@id":"https:\/\/vosgesinfo.fr\/saintdieinfo\/#organization","name":"Saint Die Info","url":"https:\/\/vosgesinfo.fr\/saintdieinfo\/","logo":{"@type":"ImageObject","inLanguage":"fr-FR","@id":"https:\/\/vosgesinfo.fr\/saintdieinfo\/#\/schema\/logo\/image\/","url":"https:\/\/vosgesinfo.fr\/app\/uploads\/sites\/4\/2024\/02\/logo-sdi.jpg","contentUrl":"https:\/\/vosgesinfo.fr\/app\/uploads\/sites\/4\/2024\/02\/logo-sdi.jpg","width":600,"height":600,"caption":"Saint Die Info"},"image":{"@id":"https:\/\/vosgesinfo.fr\/saintdieinfo\/#\/schema\/logo\/image\/"},"sameAs":["https:\/\/www.facebook.com\/Saintdieinfofr","https:\/\/x.com\/VosgesInfo88","https:\/\/www.youtube.com\/@vosgesinfo"]},{"@type":"Person","@id":"https:\/\/vosgesinfo.fr\/saintdieinfo\/#\/schema\/person\/fa73e9f726d67bb88f46d5b7943cb572","name":"J.J.","image":{"@type":"ImageObject","inLanguage":"fr-FR","@id":"https:\/\/vosgesinfo.fr\/saintdieinfo\/#\/schema\/person\/image\/","url":"https:\/\/secure.gravatar.com\/avatar\/219e749e47ffbcca018a360ae4add7d4cdf1cdaaf8bc7676b27efade3fe65615?s=96&d=mm&r=g","contentUrl":"https:\/\/secure.gravatar.com\/avatar\/219e749e47ffbcca018a360ae4add7d4cdf1cdaaf8bc7676b27efade3fe65615?s=96&d=mm&r=g","caption":"J.J."},"url":"https:\/\/vosgesinfo.fr\/saintdieinfo\/author\/j-j\/"}]}},"_links":{"self":[{"href":"https:\/\/vosgesinfo.fr\/saintdieinfo\/wp-json\/wp\/v2\/posts\/83702","targetHints":{"allow":["GET"]}}],"collection":[{"href":"https:\/\/vosgesinfo.fr\/saintdieinfo\/wp-json\/wp\/v2\/posts"}],"about":[{"href":"https:\/\/vosgesinfo.fr\/saintdieinfo\/wp-json\/wp\/v2\/types\/post"}],"author":[{"embeddable":true,"href":"https:\/\/vosgesinfo.fr\/saintdieinfo\/wp-json\/wp\/v2\/users\/46"}],"replies":[{"embeddable":true,"href":"https:\/\/vosgesinfo.fr\/saintdieinfo\/wp-json\/wp\/v2\/comments?post=83702"}],"version-history":[{"count":1,"href":"https:\/\/vosgesinfo.fr\/saintdieinfo\/wp-json\/wp\/v2\/posts\/83702\/revisions"}],"predecessor-version":[{"id":83706,"href":"https:\/\/vosgesinfo.fr\/saintdieinfo\/wp-json\/wp\/v2\/posts\/83702\/revisions\/83706"}],"wp:featuredmedia":[{"embeddable":true,"href":"https:\/\/vosgesinfo.fr\/saintdieinfo\/wp-json\/wp\/v2\/media\/83705"}],"wp:attachment":[{"href":"https:\/\/vosgesinfo.fr\/saintdieinfo\/wp-json\/wp\/v2\/media?parent=83702"}],"wp:term":[{"taxonomy":"category","embeddable":true,"href":"https:\/\/vosgesinfo.fr\/saintdieinfo\/wp-json\/wp\/v2\/categories?post=83702"},{"taxonomy":"post_tag","embeddable":true,"href":"https:\/\/vosgesinfo.fr\/saintdieinfo\/wp-json\/wp\/v2\/tags?post=83702"}],"curies":[{"name":"wp","href":"https:\/\/api.w.org\/{rel}","templated":true}]}}