{"id":83708,"date":"2025-10-21T09:41:24","date_gmt":"2025-10-21T07:41:24","guid":{"rendered":"https:\/\/vosgesinfo.fr\/saintdieinfo\/?p=83708"},"modified":"2025-10-21T09:38:35","modified_gmt":"2025-10-21T07:38:35","slug":"tendon-interdiction-de-consommer-leau-du-robinet-pour-les-populations-sensibles","status":"publish","type":"post","link":"https:\/\/vosgesinfo.fr\/saintdieinfo\/2025\/10\/tendon-interdiction-de-consommer-leau-du-robinet-pour-les-populations-sensibles\/","title":{"rendered":"Tendon \u2013 Interdiction de consommer l\u2019eau du robinet pour les populations sensibles"},"content":{"rendered":"<div id=\"attachment_25392\" style=\"width: 970px\" class=\"wp-caption alignnone\"><a href=\"https:\/\/vosgesinfo.fr\/app\/uploads\/sites\/4\/2022\/09\/eau-robinet.jpg\"><img decoding=\"async\" aria-describedby=\"caption-attachment-25392\" class=\"size-full wp-image-25392\" src=\"https:\/\/vosgesinfo.fr\/app\/uploads\/sites\/4\/2022\/09\/eau-robinet.jpg\" alt=\"\" width=\"960\" height=\"640\" srcset=\"https:\/\/vosgesinfo.fr\/app\/uploads\/sites\/4\/2022\/09\/eau-robinet.jpg 960w, https:\/\/vosgesinfo.fr\/app\/uploads\/sites\/4\/2022\/09\/eau-robinet-300x200.jpg 300w, https:\/\/vosgesinfo.fr\/app\/uploads\/sites\/4\/2022\/09\/eau-robinet-768x512.jpg 768w\" sizes=\"(max-width: 960px) 100vw, 960px\" \/><\/a><p id=\"caption-attachment-25392\" class=\"wp-caption-text\">(Illustration)<\/p><\/div>\n<h2>La <strong data-start=\"3\" data-end=\"28\">Pr\u00e9fecture des Vosges<\/strong>, en lien avec <strong data-start=\"43\" data-end=\"62\">l\u2019ARS Grand Est<\/strong> et la <strong data-start=\"69\" data-end=\"90\">commune de Tendon<\/strong>, a pris un <strong data-start=\"102\" data-end=\"144\">arr\u00eat\u00e9 pr\u00e9fectoral ce lundi 20 octobre<\/strong> interdisant <strong data-start=\"157\" data-end=\"296\">la consommation de l\u2019eau du robinet pour les nourrissons, les femmes enceintes, les femmes allaitantes et les personnes immunod\u00e9prim\u00e9es<\/strong>. Cette mesure s\u2019applique \u00e0 la <strong data-start=\"327\" data-end=\"386\">population desservie par le r\u00e9seau public d\u2019eau potable<\/strong>, apr\u00e8s la <strong data-start=\"397\" data-end=\"460\">d\u00e9tection de PFAS \u2013 substances per- et polyfluoroalkyl\u00e9es \u2013<\/strong> au-del\u00e0 du <strong data-start=\"472\" data-end=\"495\">seuil r\u00e9glementaire<\/strong>.<\/h2>\n<p><!--more--><\/p>\n<h3><strong>Des analyses r\u00e9v\u00e9lant une concentration sup\u00e9rieure \u00e0 la norme<\/strong><\/h3>\n<p>Les contr\u00f4les sanitaires ont r\u00e9v\u00e9l\u00e9 une <strong>concentration moyenne de 0,14 \u00b5g\/litre<\/strong>, sup\u00e9rieure \u00e0 la <strong>valeur limite de 0,1 \u00b5g\/litre<\/strong> fix\u00e9e par la directive europ\u00e9enne. Ces <strong>polluants \u00e9ternels<\/strong>, tr\u00e8s r\u00e9sistants, s\u2019accumulent dans l\u2019environnement et peuvent \u00eatre pr\u00e9sents dans <strong>l\u2019eau, l\u2019air ou les sols<\/strong>. Conform\u00e9ment aux recommandations sanitaires, cette <strong>interdiction restera en vigueur<\/strong> jusqu\u2019au <strong>r\u00e9tablissement de la qualit\u00e9 de l\u2019eau<\/strong> sur le r\u00e9seau du <strong>syndicat intercommunal des Eaux de Faucogney-Tendon-Xamontarupt<\/strong>.<\/p>\n<h3><strong>Distribution d\u2019eau en bouteille et recommandations<\/strong><\/h3>\n<p>Pour garantir l\u2019approvisionnement, une <strong>distribution d\u2019eau en bouteille<\/strong> est mise en place \u00e0 raison <strong>d\u2019une bouteille par jour et par personne<\/strong>, avec un point d\u2019information \u00e0 la <strong>mairie de Tendon<\/strong> et au <strong>syndicat intercommunal des Eaux<\/strong>. Il est demand\u00e9 aux habitants concern\u00e9s <strong>d\u2019utiliser exclusivement de l\u2019eau embouteill\u00e9e pour la boisson et la pr\u00e9paration des biberons<\/strong>. L\u2019eau du robinet reste autoris\u00e9e pour <strong>la cuisine, le lavage, l\u2019hygi\u00e8ne et les usages domestiques<\/strong>.<\/p>\n<h3><strong>Un plan d\u2019action pour r\u00e9tablir la qualit\u00e9 du r\u00e9seau<\/strong><\/h3>\n<p>Un <strong>plan d\u2019actions<\/strong> est en cours afin de <strong>r\u00e9tablir la conformit\u00e9 de l\u2019eau<\/strong> aux normes sanitaires. Ce dispositif, soutenu par <strong>l\u2019Agence de l\u2019eau Rhin-Meuse<\/strong>, s\u2019appuie sur la <strong>r\u00e9alisation d\u2019une \u00e9tude sur le r\u00e9seau<\/strong> pour identifier les sources de contamination et d\u00e9finir les solutions adapt\u00e9es.<\/p>\n<p>La <strong>population sera tenue inform\u00e9e r\u00e9guli\u00e8rement<\/strong> de l\u2019\u00e9volution de la situation par la Pr\u00e9fecture et l\u2019ARS.<\/p>\n<p>Plus d\u2019informations sont disponibles sur le site de la <strong>Pr\u00e9fecture des Vosges<\/strong> (<a href=\"https:\/\/www.vosges.gouv.fr\" target=\"_blank\" rel=\"noopener\">www.vosges.gouv.fr<\/a>) et sur celui de l\u2019<strong>ARS Grand Est<\/strong> (<a href=\"https:\/\/www.grand-est.ars.sante.fr\/les-pfas-ou-polluants-eternels\" target=\"_blank\" rel=\"noopener\">www.grand-est.ars.sante.fr\/les-pfas-ou-polluants-eternels<\/a>).<\/p>\n","protected":false},"excerpt":{"rendered":"<p>La Pr\u00e9fecture des Vosges, en lien avec l\u2019ARS Grand Est et la commune de Tendon, a pris un arr\u00eat\u00e9 pr\u00e9fectoral [&hellip;]<\/p>\n","protected":false},"author":46,"featured_media":25392,"comment_status":"open","ping_status":"open","sticky":false,"template":"","format":"standard","meta":{"footnotes":""},"categories":[460,5392,5391,5389,4099,4152,18],"tags":[5087,18495,18494,18407,550,9256],"class_list":["post-83708","post","type-post","status-publish","format-standard","has-post-thumbnail","hentry","category-a-la-une","category-epinal","category-gerardmer","category-la-plaine-des-vosges","category-remiremont","category-sante","category-vosges","tag-ars-grand-est","tag-commune-de-tendon","tag-interdiction-de-consommer-leau-du-robinet-pour-les-populations-sensibles-a-tendon","tag-pfas","tag-prefecture-des-vosges","tag-tendon"],"acf":[],"yoast_head":"<!-- This site is optimized with the Yoast SEO plugin v22.5 - https:\/\/yoast.com\/wordpress\/plugins\/seo\/ -->\n<title>Tendon \u2013 Interdiction de consommer l\u2019eau du robinet pour les populations sensibles - Saint Die Info<\/title>\n<meta name=\"robots\" content=\"index, follow, max-snippet:-1, max-image-preview:large, max-video-preview:-1\" \/>\n<link rel=\"canonical\" href=\"https:\/\/vosgesinfo.fr\/saintdieinfo\/2025\/10\/tendon-interdiction-de-consommer-leau-du-robinet-pour-les-populations-sensibles\/\" \/>\n<meta name=\"twitter:card\" content=\"summary_large_image\" \/>\n<meta name=\"twitter:title\" content=\"Tendon \u2013 Interdiction de consommer l\u2019eau du robinet pour les populations sensibles - Saint Die Info\" \/>\n<meta name=\"twitter:description\" content=\"La Pr\u00e9fecture des Vosges, en lien avec l\u2019ARS Grand Est et la commune de Tendon, a pris un arr\u00eat\u00e9 pr\u00e9fectoral [&hellip;]\" \/>\n<meta name=\"twitter:image\" content=\"https:\/\/vosgesinfo.fr\/app\/uploads\/sites\/4\/2022\/09\/eau-robinet.jpg\" \/>\n<meta name=\"twitter:creator\" content=\"@VosgesInfo88\" \/>\n<meta name=\"twitter:site\" content=\"@VosgesInfo88\" \/>\n<meta name=\"twitter:label1\" content=\"\u00c9crit par\" \/>\n\t<meta name=\"twitter:data1\" content=\"J.J.\" \/>\n\t<meta name=\"twitter:label2\" content=\"Dur\u00e9e de lecture estim\u00e9e\" \/>\n\t<meta name=\"twitter:data2\" content=\"3 minutes\" \/>\n<script type=\"application\/ld+json\" class=\"yoast-schema-graph\">{\"@context\":\"https:\/\/schema.org\",\"@graph\":[{\"@type\":\"Article\",\"@id\":\"https:\/\/vosgesinfo.fr\/saintdieinfo\/2025\/10\/tendon-interdiction-de-consommer-leau-du-robinet-pour-les-populations-sensibles\/#article\",\"isPartOf\":{\"@id\":\"https:\/\/vosgesinfo.fr\/saintdieinfo\/2025\/10\/tendon-interdiction-de-consommer-leau-du-robinet-pour-les-populations-sensibles\/\"},\"author\":{\"name\":\"J.J.\",\"@id\":\"https:\/\/vosgesinfo.fr\/saintdieinfo\/#\/schema\/person\/fa73e9f726d67bb88f46d5b7943cb572\"},\"headline\":\"Tendon \u2013 Interdiction de consommer l\u2019eau du robinet pour les populations sensibles\",\"datePublished\":\"2025-10-21T07:41:24+00:00\",\"dateModified\":\"2025-10-21T07:38:35+00:00\",\"mainEntityOfPage\":{\"@id\":\"https:\/\/vosgesinfo.fr\/saintdieinfo\/2025\/10\/tendon-interdiction-de-consommer-leau-du-robinet-pour-les-populations-sensibles\/\"},\"wordCount\":407,\"commentCount\":1,\"publisher\":{\"@id\":\"https:\/\/vosgesinfo.fr\/saintdieinfo\/#organization\"},\"image\":{\"@id\":\"https:\/\/vosgesinfo.fr\/saintdieinfo\/2025\/10\/tendon-interdiction-de-consommer-leau-du-robinet-pour-les-populations-sensibles\/#primaryimage\"},\"thumbnailUrl\":\"https:\/\/vosgesinfo.fr\/app\/uploads\/sites\/4\/2022\/09\/eau-robinet.jpg\",\"keywords\":[\"ARS Grand Est\",\"Commune de Tendon\",\"Interdiction de consommer l\u2019eau du robinet pour les populations sensibles \u00e0 Tendon\",\"PFAS\",\"pr\u00e9fecture des Vosges\",\"Tendon\"],\"articleSection\":[\"A la Une\",\"Epinal\",\"Gerardmer\",\"La plaine des vosges\",\"Remiremont\",\"Sant\u00e9\",\"Vosges\"],\"inLanguage\":\"fr-FR\",\"potentialAction\":[{\"@type\":\"CommentAction\",\"name\":\"Comment\",\"target\":[\"https:\/\/vosgesinfo.fr\/saintdieinfo\/2025\/10\/tendon-interdiction-de-consommer-leau-du-robinet-pour-les-populations-sensibles\/#respond\"]}]},{\"@type\":\"WebPage\",\"@id\":\"https:\/\/vosgesinfo.fr\/saintdieinfo\/2025\/10\/tendon-interdiction-de-consommer-leau-du-robinet-pour-les-populations-sensibles\/\",\"url\":\"https:\/\/vosgesinfo.fr\/saintdieinfo\/2025\/10\/tendon-interdiction-de-consommer-leau-du-robinet-pour-les-populations-sensibles\/\",\"name\":\"Tendon \u2013 Interdiction de consommer l\u2019eau du robinet pour les populations sensibles - Saint Die Info\",\"isPartOf\":{\"@id\":\"https:\/\/vosgesinfo.fr\/saintdieinfo\/#website\"},\"primaryImageOfPage\":{\"@id\":\"https:\/\/vosgesinfo.fr\/saintdieinfo\/2025\/10\/tendon-interdiction-de-consommer-leau-du-robinet-pour-les-populations-sensibles\/#primaryimage\"},\"image\":{\"@id\":\"https:\/\/vosgesinfo.fr\/saintdieinfo\/2025\/10\/tendon-interdiction-de-consommer-leau-du-robinet-pour-les-populations-sensibles\/#primaryimage\"},\"thumbnailUrl\":\"https:\/\/vosgesinfo.fr\/app\/uploads\/sites\/4\/2022\/09\/eau-robinet.jpg\",\"datePublished\":\"2025-10-21T07:41:24+00:00\",\"dateModified\":\"2025-10-21T07:38:35+00:00\",\"breadcrumb\":{\"@id\":\"https:\/\/vosgesinfo.fr\/saintdieinfo\/2025\/10\/tendon-interdiction-de-consommer-leau-du-robinet-pour-les-populations-sensibles\/#breadcrumb\"},\"inLanguage\":\"fr-FR\",\"potentialAction\":[{\"@type\":\"ReadAction\",\"target\":[\"https:\/\/vosgesinfo.fr\/saintdieinfo\/2025\/10\/tendon-interdiction-de-consommer-leau-du-robinet-pour-les-populations-sensibles\/\"]}]},{\"@type\":\"ImageObject\",\"inLanguage\":\"fr-FR\",\"@id\":\"https:\/\/vosgesinfo.fr\/saintdieinfo\/2025\/10\/tendon-interdiction-de-consommer-leau-du-robinet-pour-les-populations-sensibles\/#primaryimage\",\"url\":\"https:\/\/vosgesinfo.fr\/app\/uploads\/sites\/4\/2022\/09\/eau-robinet.jpg\",\"contentUrl\":\"https:\/\/vosgesinfo.fr\/app\/uploads\/sites\/4\/2022\/09\/eau-robinet.jpg\",\"width\":960,\"height\":640,\"caption\":\"(Illustration)\"},{\"@type\":\"BreadcrumbList\",\"@id\":\"https:\/\/vosgesinfo.fr\/saintdieinfo\/2025\/10\/tendon-interdiction-de-consommer-leau-du-robinet-pour-les-populations-sensibles\/#breadcrumb\",\"itemListElement\":[{\"@type\":\"ListItem\",\"position\":1,\"name\":\"Home\",\"item\":\"https:\/\/vosgesinfo.fr\/saintdieinfo\/\"},{\"@type\":\"ListItem\",\"position\":2,\"name\":\"Tendon \u2013 Interdiction de consommer l\u2019eau du robinet pour les populations sensibles\"}]},{\"@type\":\"WebSite\",\"@id\":\"https:\/\/vosgesinfo.fr\/saintdieinfo\/#website\",\"url\":\"https:\/\/vosgesinfo.fr\/saintdieinfo\/\",\"name\":\"Saint Die Info\",\"description\":\"Toute l&#039;actualit\u00e9 de Saint-Di\u00e9-Des-Vosges\",\"publisher\":{\"@id\":\"https:\/\/vosgesinfo.fr\/saintdieinfo\/#organization\"},\"alternateName\":\"Toute l'actualit\u00e9 de Saint-Di\u00e9-Des-Vosges\",\"potentialAction\":[{\"@type\":\"SearchAction\",\"target\":{\"@type\":\"EntryPoint\",\"urlTemplate\":\"https:\/\/vosgesinfo.fr\/saintdieinfo\/?s={search_term_string}\"},\"query-input\":\"required name=search_term_string\"}],\"inLanguage\":\"fr-FR\"},{\"@type\":\"Organization\",\"@id\":\"https:\/\/vosgesinfo.fr\/saintdieinfo\/#organization\",\"name\":\"Saint Die Info\",\"url\":\"https:\/\/vosgesinfo.fr\/saintdieinfo\/\",\"logo\":{\"@type\":\"ImageObject\",\"inLanguage\":\"fr-FR\",\"@id\":\"https:\/\/vosgesinfo.fr\/saintdieinfo\/#\/schema\/logo\/image\/\",\"url\":\"https:\/\/vosgesinfo.fr\/app\/uploads\/sites\/4\/2024\/02\/logo-sdi.jpg\",\"contentUrl\":\"https:\/\/vosgesinfo.fr\/app\/uploads\/sites\/4\/2024\/02\/logo-sdi.jpg\",\"width\":600,\"height\":600,\"caption\":\"Saint Die Info\"},\"image\":{\"@id\":\"https:\/\/vosgesinfo.fr\/saintdieinfo\/#\/schema\/logo\/image\/\"},\"sameAs\":[\"https:\/\/www.facebook.com\/Saintdieinfofr\",\"https:\/\/x.com\/VosgesInfo88\",\"https:\/\/www.youtube.com\/@vosgesinfo\"]},{\"@type\":\"Person\",\"@id\":\"https:\/\/vosgesinfo.fr\/saintdieinfo\/#\/schema\/person\/fa73e9f726d67bb88f46d5b7943cb572\",\"name\":\"J.J.\",\"image\":{\"@type\":\"ImageObject\",\"inLanguage\":\"fr-FR\",\"@id\":\"https:\/\/vosgesinfo.fr\/saintdieinfo\/#\/schema\/person\/image\/\",\"url\":\"https:\/\/secure.gravatar.com\/avatar\/219e749e47ffbcca018a360ae4add7d4cdf1cdaaf8bc7676b27efade3fe65615?s=96&d=mm&r=g\",\"contentUrl\":\"https:\/\/secure.gravatar.com\/avatar\/219e749e47ffbcca018a360ae4add7d4cdf1cdaaf8bc7676b27efade3fe65615?s=96&d=mm&r=g\",\"caption\":\"J.J.\"},\"url\":\"https:\/\/vosgesinfo.fr\/saintdieinfo\/author\/j-j\/\"}]}<\/script>\n<!-- \/ Yoast SEO plugin. -->","yoast_head_json":{"title":"Tendon \u2013 Interdiction de consommer l\u2019eau du robinet pour les populations sensibles - Saint Die Info","robots":{"index":"index","follow":"follow","max-snippet":"max-snippet:-1","max-image-preview":"max-image-preview:large","max-video-preview":"max-video-preview:-1"},"canonical":"https:\/\/vosgesinfo.fr\/saintdieinfo\/2025\/10\/tendon-interdiction-de-consommer-leau-du-robinet-pour-les-populations-sensibles\/","twitter_card":"summary_large_image","twitter_title":"Tendon \u2013 Interdiction de consommer l\u2019eau du robinet pour les populations sensibles - Saint Die Info","twitter_description":"La Pr\u00e9fecture des Vosges, en lien avec l\u2019ARS Grand Est et la commune de Tendon, a pris un arr\u00eat\u00e9 pr\u00e9fectoral [&hellip;]","twitter_image":"https:\/\/vosgesinfo.fr\/app\/uploads\/sites\/4\/2022\/09\/eau-robinet.jpg","twitter_creator":"@VosgesInfo88","twitter_site":"@VosgesInfo88","twitter_misc":{"\u00c9crit par":"J.J.","Dur\u00e9e de lecture estim\u00e9e":"3 minutes"},"schema":{"@context":"https:\/\/schema.org","@graph":[{"@type":"Article","@id":"https:\/\/vosgesinfo.fr\/saintdieinfo\/2025\/10\/tendon-interdiction-de-consommer-leau-du-robinet-pour-les-populations-sensibles\/#article","isPartOf":{"@id":"https:\/\/vosgesinfo.fr\/saintdieinfo\/2025\/10\/tendon-interdiction-de-consommer-leau-du-robinet-pour-les-populations-sensibles\/"},"author":{"name":"J.J.","@id":"https:\/\/vosgesinfo.fr\/saintdieinfo\/#\/schema\/person\/fa73e9f726d67bb88f46d5b7943cb572"},"headline":"Tendon \u2013 Interdiction de consommer l\u2019eau du robinet pour les populations sensibles","datePublished":"2025-10-21T07:41:24+00:00","dateModified":"2025-10-21T07:38:35+00:00","mainEntityOfPage":{"@id":"https:\/\/vosgesinfo.fr\/saintdieinfo\/2025\/10\/tendon-interdiction-de-consommer-leau-du-robinet-pour-les-populations-sensibles\/"},"wordCount":407,"commentCount":1,"publisher":{"@id":"https:\/\/vosgesinfo.fr\/saintdieinfo\/#organization"},"image":{"@id":"https:\/\/vosgesinfo.fr\/saintdieinfo\/2025\/10\/tendon-interdiction-de-consommer-leau-du-robinet-pour-les-populations-sensibles\/#primaryimage"},"thumbnailUrl":"https:\/\/vosgesinfo.fr\/app\/uploads\/sites\/4\/2022\/09\/eau-robinet.jpg","keywords":["ARS Grand Est","Commune de Tendon","Interdiction de consommer l\u2019eau du robinet pour les populations sensibles \u00e0 Tendon","PFAS","pr\u00e9fecture des Vosges","Tendon"],"articleSection":["A la Une","Epinal","Gerardmer","La plaine des vosges","Remiremont","Sant\u00e9","Vosges"],"inLanguage":"fr-FR","potentialAction":[{"@type":"CommentAction","name":"Comment","target":["https:\/\/vosgesinfo.fr\/saintdieinfo\/2025\/10\/tendon-interdiction-de-consommer-leau-du-robinet-pour-les-populations-sensibles\/#respond"]}]},{"@type":"WebPage","@id":"https:\/\/vosgesinfo.fr\/saintdieinfo\/2025\/10\/tendon-interdiction-de-consommer-leau-du-robinet-pour-les-populations-sensibles\/","url":"https:\/\/vosgesinfo.fr\/saintdieinfo\/2025\/10\/tendon-interdiction-de-consommer-leau-du-robinet-pour-les-populations-sensibles\/","name":"Tendon \u2013 Interdiction de consommer l\u2019eau du robinet pour les populations sensibles - Saint Die Info","isPartOf":{"@id":"https:\/\/vosgesinfo.fr\/saintdieinfo\/#website"},"primaryImageOfPage":{"@id":"https:\/\/vosgesinfo.fr\/saintdieinfo\/2025\/10\/tendon-interdiction-de-consommer-leau-du-robinet-pour-les-populations-sensibles\/#primaryimage"},"image":{"@id":"https:\/\/vosgesinfo.fr\/saintdieinfo\/2025\/10\/tendon-interdiction-de-consommer-leau-du-robinet-pour-les-populations-sensibles\/#primaryimage"},"thumbnailUrl":"https:\/\/vosgesinfo.fr\/app\/uploads\/sites\/4\/2022\/09\/eau-robinet.jpg","datePublished":"2025-10-21T07:41:24+00:00","dateModified":"2025-10-21T07:38:35+00:00","breadcrumb":{"@id":"https:\/\/vosgesinfo.fr\/saintdieinfo\/2025\/10\/tendon-interdiction-de-consommer-leau-du-robinet-pour-les-populations-sensibles\/#breadcrumb"},"inLanguage":"fr-FR","potentialAction":[{"@type":"ReadAction","target":["https:\/\/vosgesinfo.fr\/saintdieinfo\/2025\/10\/tendon-interdiction-de-consommer-leau-du-robinet-pour-les-populations-sensibles\/"]}]},{"@type":"ImageObject","inLanguage":"fr-FR","@id":"https:\/\/vosgesinfo.fr\/saintdieinfo\/2025\/10\/tendon-interdiction-de-consommer-leau-du-robinet-pour-les-populations-sensibles\/#primaryimage","url":"https:\/\/vosgesinfo.fr\/app\/uploads\/sites\/4\/2022\/09\/eau-robinet.jpg","contentUrl":"https:\/\/vosgesinfo.fr\/app\/uploads\/sites\/4\/2022\/09\/eau-robinet.jpg","width":960,"height":640,"caption":"(Illustration)"},{"@type":"BreadcrumbList","@id":"https:\/\/vosgesinfo.fr\/saintdieinfo\/2025\/10\/tendon-interdiction-de-consommer-leau-du-robinet-pour-les-populations-sensibles\/#breadcrumb","itemListElement":[{"@type":"ListItem","position":1,"name":"Home","item":"https:\/\/vosgesinfo.fr\/saintdieinfo\/"},{"@type":"ListItem","position":2,"name":"Tendon \u2013 Interdiction de consommer l\u2019eau du robinet pour les populations sensibles"}]},{"@type":"WebSite","@id":"https:\/\/vosgesinfo.fr\/saintdieinfo\/#website","url":"https:\/\/vosgesinfo.fr\/saintdieinfo\/","name":"Saint Die Info","description":"Toute l&#039;actualit\u00e9 de Saint-Di\u00e9-Des-Vosges","publisher":{"@id":"https:\/\/vosgesinfo.fr\/saintdieinfo\/#organization"},"alternateName":"Toute l'actualit\u00e9 de Saint-Di\u00e9-Des-Vosges","potentialAction":[{"@type":"SearchAction","target":{"@type":"EntryPoint","urlTemplate":"https:\/\/vosgesinfo.fr\/saintdieinfo\/?s={search_term_string}"},"query-input":"required name=search_term_string"}],"inLanguage":"fr-FR"},{"@type":"Organization","@id":"https:\/\/vosgesinfo.fr\/saintdieinfo\/#organization","name":"Saint Die Info","url":"https:\/\/vosgesinfo.fr\/saintdieinfo\/","logo":{"@type":"ImageObject","inLanguage":"fr-FR","@id":"https:\/\/vosgesinfo.fr\/saintdieinfo\/#\/schema\/logo\/image\/","url":"https:\/\/vosgesinfo.fr\/app\/uploads\/sites\/4\/2024\/02\/logo-sdi.jpg","contentUrl":"https:\/\/vosgesinfo.fr\/app\/uploads\/sites\/4\/2024\/02\/logo-sdi.jpg","width":600,"height":600,"caption":"Saint Die Info"},"image":{"@id":"https:\/\/vosgesinfo.fr\/saintdieinfo\/#\/schema\/logo\/image\/"},"sameAs":["https:\/\/www.facebook.com\/Saintdieinfofr","https:\/\/x.com\/VosgesInfo88","https:\/\/www.youtube.com\/@vosgesinfo"]},{"@type":"Person","@id":"https:\/\/vosgesinfo.fr\/saintdieinfo\/#\/schema\/person\/fa73e9f726d67bb88f46d5b7943cb572","name":"J.J.","image":{"@type":"ImageObject","inLanguage":"fr-FR","@id":"https:\/\/vosgesinfo.fr\/saintdieinfo\/#\/schema\/person\/image\/","url":"https:\/\/secure.gravatar.com\/avatar\/219e749e47ffbcca018a360ae4add7d4cdf1cdaaf8bc7676b27efade3fe65615?s=96&d=mm&r=g","contentUrl":"https:\/\/secure.gravatar.com\/avatar\/219e749e47ffbcca018a360ae4add7d4cdf1cdaaf8bc7676b27efade3fe65615?s=96&d=mm&r=g","caption":"J.J."},"url":"https:\/\/vosgesinfo.fr\/saintdieinfo\/author\/j-j\/"}]}},"_links":{"self":[{"href":"https:\/\/vosgesinfo.fr\/saintdieinfo\/wp-json\/wp\/v2\/posts\/83708","targetHints":{"allow":["GET"]}}],"collection":[{"href":"https:\/\/vosgesinfo.fr\/saintdieinfo\/wp-json\/wp\/v2\/posts"}],"about":[{"href":"https:\/\/vosgesinfo.fr\/saintdieinfo\/wp-json\/wp\/v2\/types\/post"}],"author":[{"embeddable":true,"href":"https:\/\/vosgesinfo.fr\/saintdieinfo\/wp-json\/wp\/v2\/users\/46"}],"replies":[{"embeddable":true,"href":"https:\/\/vosgesinfo.fr\/saintdieinfo\/wp-json\/wp\/v2\/comments?post=83708"}],"version-history":[{"count":1,"href":"https:\/\/vosgesinfo.fr\/saintdieinfo\/wp-json\/wp\/v2\/posts\/83708\/revisions"}],"predecessor-version":[{"id":83709,"href":"https:\/\/vosgesinfo.fr\/saintdieinfo\/wp-json\/wp\/v2\/posts\/83708\/revisions\/83709"}],"wp:featuredmedia":[{"embeddable":true,"href":"https:\/\/vosgesinfo.fr\/saintdieinfo\/wp-json\/wp\/v2\/media\/25392"}],"wp:attachment":[{"href":"https:\/\/vosgesinfo.fr\/saintdieinfo\/wp-json\/wp\/v2\/media?parent=83708"}],"wp:term":[{"taxonomy":"category","embeddable":true,"href":"https:\/\/vosgesinfo.fr\/saintdieinfo\/wp-json\/wp\/v2\/categories?post=83708"},{"taxonomy":"post_tag","embeddable":true,"href":"https:\/\/vosgesinfo.fr\/saintdieinfo\/wp-json\/wp\/v2\/tags?post=83708"}],"curies":[{"name":"wp","href":"https:\/\/api.w.org\/{rel}","templated":true}]}}