{"id":83719,"date":"2025-10-21T10:34:47","date_gmt":"2025-10-21T08:34:47","guid":{"rendered":"https:\/\/vosgesinfo.fr\/saintdieinfo\/?p=83719"},"modified":"2025-10-21T10:29:13","modified_gmt":"2025-10-21T08:29:13","slug":"dincorpore-a-general-de-brigade-le-parcours-militaire-du-deodatien-bernard-josz","status":"publish","type":"post","link":"https:\/\/vosgesinfo.fr\/saintdieinfo\/2025\/10\/dincorpore-a-general-de-brigade-le-parcours-militaire-du-deodatien-bernard-josz\/","title":{"rendered":"D&rsquo;incorpor\u00e9 \u00e0 g\u00e9n\u00e9ral de brigade, le parcours militaire du D\u00e9odatien Bernard Josz"},"content":{"rendered":"<p><a href=\"https:\/\/vosgesinfo.fr\/app\/uploads\/sites\/4\/2025\/10\/general-bernard-josz-axel-balland.jpg\"><img decoding=\"async\" class=\"alignnone size-large wp-image-83694\" src=\"https:\/\/vosgesinfo.fr\/app\/uploads\/sites\/4\/2025\/10\/general-bernard-josz-axel-balland-1024x771.jpg\" alt=\"\" width=\"1024\" height=\"771\" srcset=\"https:\/\/vosgesinfo.fr\/app\/uploads\/sites\/4\/2025\/10\/general-bernard-josz-axel-balland-1024x771.jpg 1024w, https:\/\/vosgesinfo.fr\/app\/uploads\/sites\/4\/2025\/10\/general-bernard-josz-axel-balland-300x226.jpg 300w, https:\/\/vosgesinfo.fr\/app\/uploads\/sites\/4\/2025\/10\/general-bernard-josz-axel-balland-768x578.jpg 768w, https:\/\/vosgesinfo.fr\/app\/uploads\/sites\/4\/2025\/10\/general-bernard-josz-axel-balland.jpg 1434w\" sizes=\"(max-width: 1024px) 100vw, 1024px\" \/><\/a><\/p>\n<h2>N\u00e9 le <strong>10 octobre 1931 \u00e0 Saint-Di\u00e9-des-Vosges<\/strong>, le <strong>g\u00e9n\u00e9ral de brigade Bernard Josz<\/strong> a consacr\u00e9 pr\u00e8s de quatre d\u00e9cennies \u00e0 l\u2019arm\u00e9e fran\u00e7aise. Il <strong>s\u2019est \u00e9teint le 4 septembre dernier, \u00e0 l\u2019\u00e2ge de 94 ans<\/strong>. Son r\u00e9cent d\u00e9c\u00e8s est l\u2019occasion de revenir avec <strong>Axel Balland<\/strong>, historien et membre de la <strong>commission Temps de Guerre de la Soci\u00e9t\u00e9 Philomatique Vosgienne<\/strong>, sur le <strong>parcours militaire du g\u00e9n\u00e9ral d\u00e9odatien<\/strong>.<\/h2>\n<p><!--more--><\/p>\n<h3 class=\"western\"><strong>Incorpor\u00e9 dans l\u2019arm\u00e9e en 1952<\/strong><\/h3>\n<p>Bernard Josz, qui a grandi <strong>rue des Travailleurs<\/strong>, est incorpor\u00e9 dans l\u2019arm\u00e9e en <strong>1952<\/strong>. Il y suit les cours du peloton des officiers de r\u00e9serve \u00e0 l\u2019<strong>\u00c9cole d\u2019application de l\u2019infanterie de Saint-Maixent<\/strong>, o\u00f9 il choisit l\u2019infanterie. <strong>Brevet\u00e9 parachutiste en juillet de la m\u00eame ann\u00e9e<\/strong>, avec le num\u00e9ro <b>69384<\/b>, il est nomm\u00e9 sous-lieutenant de r\u00e9serve l\u2019ann\u00e9e suivante et affect\u00e9 au <strong>18e r\u00e9giment d\u2019infanterie parachutiste de choc \u00e0 Bayonne<\/strong>.<\/p>\n<h3 class=\"western\"><strong>Encadrant \u00e0 la pr\u00e9paration militaire parachutiste<\/strong><\/h3>\n<p>C\u2019est \u00e0 cette \u00e9poque que <strong>Bernard Josz participe \u00e0 l\u2019encadrement de la pr\u00e9paration militaire parachutiste<\/strong>. L\u2019arm\u00e9e fran\u00e7aise ayant alors besoin d\u2019hommes pour ses troupes a\u00e9roport\u00e9es. Cette pr\u00e9paration, qui avait lieu \u00e0 <strong>Saint-Di\u00e9-des-Vosges<\/strong> dans le <strong>quartier de Gratin<\/strong>, permettait de <strong>former une trentaine de jeunes parachutistes par an<\/strong>.<\/p>\n<h3 class=\"western\"><strong>\u00c0 la t\u00eate du commando 42 en Alg\u00e9rie<\/strong><\/h3>\n<p>En <strong>1956<\/strong>, le D\u00e9odatien int\u00e8gre l\u2019arm\u00e9e d\u2019active et rejoint le <strong>5e bataillon de chasseurs \u00e0 pied<\/strong> en <strong>Alg\u00e9rie<\/strong>, o\u00f9 il est <strong>bless\u00e9 et cit\u00e9 \u00e0 plusieurs reprises pour ses faits d\u2019armes<\/strong>. \u00c0 la t\u00eate du <strong>commando 42<\/strong>, surnomm\u00e9 <em>commando Bernard<\/em>, il participe aux <strong>combats dans l\u2019Oranais<\/strong>, o\u00f9 il inflige avec ses hommes <strong>des coups durs aux rebelles<\/strong>. Il quitte l\u2019Alg\u00e9rie <strong>d\u00e9cor\u00e9 de la L\u00e9gion d\u2019honneur<\/strong>, de <strong>deux palmes<\/strong>, de <strong>trois \u00e9toiles d\u2019argent<\/strong> et d\u2019<strong>une \u00e9toile de bronze<\/strong>.<\/p>\n<h3 class=\"western\"><strong>De Belfort \u00e0 Vieux-Brisach<\/strong><\/h3>\n<p>Promu <strong>lieutenant en 1962<\/strong>, il sert au <strong>110e r\u00e9giment d\u2019infanterie m\u00e9canis\u00e9e \u00e0 Belfort<\/strong>, avant d\u2019\u00eatre affect\u00e9 au <strong>35e r\u00e9giment d\u2019infanterie<\/strong>. En <strong>1967<\/strong>, il est nomm\u00e9 <strong>capitaine au 1er r\u00e9giment de chasseurs parachutistes \u00e0 Pau<\/strong>, o\u00f9 il commande la <strong>1re compagnie<\/strong> et conduit la <strong>premi\u00e8re mission ext\u00e9rieure du r\u00e9giment au Gabon<\/strong>.<\/p>\n<p>Devenu <strong>chef de bataillon<\/strong>, il prend en <strong>1973<\/strong> le <strong>commandement du centre d\u2019entra\u00eenement commando n\u00b04 de Vieux-Brisach<\/strong>, qu\u2019il modernise profond\u00e9ment. Il y renforce les liens entre les Forces Fran\u00e7aises en Allemagne et le village de Jebsheim, relations toujours entretenues par le <strong>1er RCP<\/strong>.<\/p>\n<h3 class=\"western\"><strong>Chef d\u2019\u00e9tat-major \u00e0 Strasbourg<\/strong><\/h3>\n<p>Affect\u00e9 en <strong>1975<\/strong> \u00e0 l\u2019<strong>\u00e9tat-major du 2e corps d\u2019arm\u00e9e \u00e0 Baden-Baden<\/strong>, il est nomm\u00e9 <strong>lieutenant-colonel en 1977<\/strong>, puis <strong>colonel en 1983<\/strong>. Il devient successivement <strong>chef d\u2019\u00e9tat-major de la 62e division militaire territoriale et division du Rhin \u00e0 Strasbourg<\/strong>, puis <strong>adjoint au g\u00e9n\u00e9ral commandant la 54e division militaire territoriale \u00e0 Carcassonne<\/strong>.<\/p>\n<h3 class=\"western\"><strong>G\u00e9n\u00e9ral de brigade puis retraite militaire<\/strong><\/h3>\n<p>Nomm\u00e9 <strong>g\u00e9n\u00e9ral de brigade dans la deuxi\u00e8me section<\/strong>, <strong>Bernard Josz<\/strong> quitte le service actif le <strong>11 octobre 1988<\/strong>. Fid\u00e8le au <strong>1er r\u00e9giment de chasseurs parachutistes<\/strong>, le D\u00e9odatien est revenu \u00e0 plusieurs reprises sur <strong>ses terres natales vosgiennes<\/strong> apr\u00e8s sa carri\u00e8re militaire. Notamment pour <strong>participer \u00e0 des<\/strong><strong> congr\u00e8s d\u00e9partementaux d\u2019anciens de la guerre d\u2019Alg\u00e9rie<\/strong>. Il termine sa vie dans le <strong>Sud-Ouest de la France<\/strong>.<\/p>\n<div id=\"attachment_83693\" style=\"width: 687px\" class=\"wp-caption alignnone\"><a href=\"https:\/\/vosgesinfo.fr\/app\/uploads\/sites\/4\/2025\/10\/general-bernard-josz.jpg\"><img decoding=\"async\" aria-describedby=\"caption-attachment-83693\" class=\"wp-image-83693 size-full\" src=\"https:\/\/vosgesinfo.fr\/app\/uploads\/sites\/4\/2025\/10\/general-bernard-josz.jpg\" alt=\"\" width=\"677\" height=\"463\" srcset=\"https:\/\/vosgesinfo.fr\/app\/uploads\/sites\/4\/2025\/10\/general-bernard-josz.jpg 677w, https:\/\/vosgesinfo.fr\/app\/uploads\/sites\/4\/2025\/10\/general-bernard-josz-300x205.jpg 300w\" sizes=\"(max-width: 677px) 100vw, 677px\" \/><\/a><p id=\"caption-attachment-83693\" class=\"wp-caption-text\">Bernard Josz \u00e0 la t\u00eate du commando 42.<\/p><\/div>\n","protected":false},"excerpt":{"rendered":"<p>N\u00e9 le 10 octobre 1931 \u00e0 Saint-Di\u00e9-des-Vosges, le g\u00e9n\u00e9ral de brigade Bernard Josz a consacr\u00e9 pr\u00e8s de quatre d\u00e9cennies \u00e0 [&hellip;]<\/p>\n","protected":false},"author":46,"featured_media":83694,"comment_status":"open","ping_status":"open","sticky":false,"template":"","format":"standard","meta":{"footnotes":""},"categories":[460,7847,167],"tags":[4666,4352,18499],"class_list":["post-83719","post","type-post","status-publish","format-standard","has-post-thumbnail","hentry","category-a-la-une","category-art-culture","category-saint-die-des-vosges","tag-armee-de-terre","tag-axel-balland","tag-general-bernard-josz"],"acf":[],"yoast_head":"<!-- This site is optimized with the Yoast SEO plugin v22.5 - https:\/\/yoast.com\/wordpress\/plugins\/seo\/ -->\n<title>D&#039;incorpor\u00e9 \u00e0 g\u00e9n\u00e9ral de brigade, le parcours militaire du D\u00e9odatien Bernard Josz - Saint Die Info<\/title>\n<meta name=\"robots\" content=\"index, follow, max-snippet:-1, max-image-preview:large, max-video-preview:-1\" \/>\n<link rel=\"canonical\" href=\"https:\/\/vosgesinfo.fr\/saintdieinfo\/2025\/10\/dincorpore-a-general-de-brigade-le-parcours-militaire-du-deodatien-bernard-josz\/\" \/>\n<meta name=\"twitter:card\" content=\"summary_large_image\" \/>\n<meta name=\"twitter:title\" content=\"D&#039;incorpor\u00e9 \u00e0 g\u00e9n\u00e9ral de brigade, le parcours militaire du D\u00e9odatien Bernard Josz - Saint Die Info\" \/>\n<meta name=\"twitter:description\" content=\"N\u00e9 le 10 octobre 1931 \u00e0 Saint-Di\u00e9-des-Vosges, le g\u00e9n\u00e9ral de brigade Bernard Josz a consacr\u00e9 pr\u00e8s de quatre d\u00e9cennies \u00e0 [&hellip;]\" \/>\n<meta name=\"twitter:image\" content=\"https:\/\/vosgesinfo.fr\/app\/uploads\/sites\/4\/2025\/10\/general-bernard-josz-axel-balland.jpg\" \/>\n<meta name=\"twitter:creator\" content=\"@VosgesInfo88\" \/>\n<meta name=\"twitter:site\" content=\"@VosgesInfo88\" \/>\n<meta name=\"twitter:label1\" content=\"\u00c9crit par\" \/>\n\t<meta name=\"twitter:data1\" content=\"J.J.\" \/>\n\t<meta name=\"twitter:label2\" content=\"Dur\u00e9e de lecture estim\u00e9e\" \/>\n\t<meta name=\"twitter:data2\" content=\"4 minutes\" \/>\n<script type=\"application\/ld+json\" class=\"yoast-schema-graph\">{\"@context\":\"https:\/\/schema.org\",\"@graph\":[{\"@type\":\"Article\",\"@id\":\"https:\/\/vosgesinfo.fr\/saintdieinfo\/2025\/10\/dincorpore-a-general-de-brigade-le-parcours-militaire-du-deodatien-bernard-josz\/#article\",\"isPartOf\":{\"@id\":\"https:\/\/vosgesinfo.fr\/saintdieinfo\/2025\/10\/dincorpore-a-general-de-brigade-le-parcours-militaire-du-deodatien-bernard-josz\/\"},\"author\":{\"name\":\"J.J.\",\"@id\":\"https:\/\/vosgesinfo.fr\/saintdieinfo\/#\/schema\/person\/fa73e9f726d67bb88f46d5b7943cb572\"},\"headline\":\"D&rsquo;incorpor\u00e9 \u00e0 g\u00e9n\u00e9ral de brigade, le parcours militaire du D\u00e9odatien Bernard Josz\",\"datePublished\":\"2025-10-21T08:34:47+00:00\",\"dateModified\":\"2025-10-21T08:29:13+00:00\",\"mainEntityOfPage\":{\"@id\":\"https:\/\/vosgesinfo.fr\/saintdieinfo\/2025\/10\/dincorpore-a-general-de-brigade-le-parcours-militaire-du-deodatien-bernard-josz\/\"},\"wordCount\":586,\"commentCount\":6,\"publisher\":{\"@id\":\"https:\/\/vosgesinfo.fr\/saintdieinfo\/#organization\"},\"image\":{\"@id\":\"https:\/\/vosgesinfo.fr\/saintdieinfo\/2025\/10\/dincorpore-a-general-de-brigade-le-parcours-militaire-du-deodatien-bernard-josz\/#primaryimage\"},\"thumbnailUrl\":\"https:\/\/vosgesinfo.fr\/app\/uploads\/sites\/4\/2025\/10\/general-bernard-josz-axel-balland.jpg\",\"keywords\":[\"Arm\u00e9e de Terre\",\"Axel Balland\",\"G\u00e9n\u00e9ral Bernard Josz\"],\"articleSection\":[\"A la Une\",\"Culture\",\"Saint-Di\u00e9-des-Vosges\"],\"inLanguage\":\"fr-FR\",\"potentialAction\":[{\"@type\":\"CommentAction\",\"name\":\"Comment\",\"target\":[\"https:\/\/vosgesinfo.fr\/saintdieinfo\/2025\/10\/dincorpore-a-general-de-brigade-le-parcours-militaire-du-deodatien-bernard-josz\/#respond\"]}]},{\"@type\":\"WebPage\",\"@id\":\"https:\/\/vosgesinfo.fr\/saintdieinfo\/2025\/10\/dincorpore-a-general-de-brigade-le-parcours-militaire-du-deodatien-bernard-josz\/\",\"url\":\"https:\/\/vosgesinfo.fr\/saintdieinfo\/2025\/10\/dincorpore-a-general-de-brigade-le-parcours-militaire-du-deodatien-bernard-josz\/\",\"name\":\"D'incorpor\u00e9 \u00e0 g\u00e9n\u00e9ral de brigade, le parcours militaire du D\u00e9odatien Bernard Josz - Saint Die Info\",\"isPartOf\":{\"@id\":\"https:\/\/vosgesinfo.fr\/saintdieinfo\/#website\"},\"primaryImageOfPage\":{\"@id\":\"https:\/\/vosgesinfo.fr\/saintdieinfo\/2025\/10\/dincorpore-a-general-de-brigade-le-parcours-militaire-du-deodatien-bernard-josz\/#primaryimage\"},\"image\":{\"@id\":\"https:\/\/vosgesinfo.fr\/saintdieinfo\/2025\/10\/dincorpore-a-general-de-brigade-le-parcours-militaire-du-deodatien-bernard-josz\/#primaryimage\"},\"thumbnailUrl\":\"https:\/\/vosgesinfo.fr\/app\/uploads\/sites\/4\/2025\/10\/general-bernard-josz-axel-balland.jpg\",\"datePublished\":\"2025-10-21T08:34:47+00:00\",\"dateModified\":\"2025-10-21T08:29:13+00:00\",\"breadcrumb\":{\"@id\":\"https:\/\/vosgesinfo.fr\/saintdieinfo\/2025\/10\/dincorpore-a-general-de-brigade-le-parcours-militaire-du-deodatien-bernard-josz\/#breadcrumb\"},\"inLanguage\":\"fr-FR\",\"potentialAction\":[{\"@type\":\"ReadAction\",\"target\":[\"https:\/\/vosgesinfo.fr\/saintdieinfo\/2025\/10\/dincorpore-a-general-de-brigade-le-parcours-militaire-du-deodatien-bernard-josz\/\"]}]},{\"@type\":\"ImageObject\",\"inLanguage\":\"fr-FR\",\"@id\":\"https:\/\/vosgesinfo.fr\/saintdieinfo\/2025\/10\/dincorpore-a-general-de-brigade-le-parcours-militaire-du-deodatien-bernard-josz\/#primaryimage\",\"url\":\"https:\/\/vosgesinfo.fr\/app\/uploads\/sites\/4\/2025\/10\/general-bernard-josz-axel-balland.jpg\",\"contentUrl\":\"https:\/\/vosgesinfo.fr\/app\/uploads\/sites\/4\/2025\/10\/general-bernard-josz-axel-balland.jpg\",\"width\":1434,\"height\":1080},{\"@type\":\"BreadcrumbList\",\"@id\":\"https:\/\/vosgesinfo.fr\/saintdieinfo\/2025\/10\/dincorpore-a-general-de-brigade-le-parcours-militaire-du-deodatien-bernard-josz\/#breadcrumb\",\"itemListElement\":[{\"@type\":\"ListItem\",\"position\":1,\"name\":\"Home\",\"item\":\"https:\/\/vosgesinfo.fr\/saintdieinfo\/\"},{\"@type\":\"ListItem\",\"position\":2,\"name\":\"D&rsquo;incorpor\u00e9 \u00e0 g\u00e9n\u00e9ral de brigade, le parcours militaire du D\u00e9odatien Bernard Josz\"}]},{\"@type\":\"WebSite\",\"@id\":\"https:\/\/vosgesinfo.fr\/saintdieinfo\/#website\",\"url\":\"https:\/\/vosgesinfo.fr\/saintdieinfo\/\",\"name\":\"Saint Die Info\",\"description\":\"Toute l&#039;actualit\u00e9 de Saint-Di\u00e9-Des-Vosges\",\"publisher\":{\"@id\":\"https:\/\/vosgesinfo.fr\/saintdieinfo\/#organization\"},\"alternateName\":\"Toute l'actualit\u00e9 de Saint-Di\u00e9-Des-Vosges\",\"potentialAction\":[{\"@type\":\"SearchAction\",\"target\":{\"@type\":\"EntryPoint\",\"urlTemplate\":\"https:\/\/vosgesinfo.fr\/saintdieinfo\/?s={search_term_string}\"},\"query-input\":\"required name=search_term_string\"}],\"inLanguage\":\"fr-FR\"},{\"@type\":\"Organization\",\"@id\":\"https:\/\/vosgesinfo.fr\/saintdieinfo\/#organization\",\"name\":\"Saint Die Info\",\"url\":\"https:\/\/vosgesinfo.fr\/saintdieinfo\/\",\"logo\":{\"@type\":\"ImageObject\",\"inLanguage\":\"fr-FR\",\"@id\":\"https:\/\/vosgesinfo.fr\/saintdieinfo\/#\/schema\/logo\/image\/\",\"url\":\"https:\/\/vosgesinfo.fr\/app\/uploads\/sites\/4\/2024\/02\/logo-sdi.jpg\",\"contentUrl\":\"https:\/\/vosgesinfo.fr\/app\/uploads\/sites\/4\/2024\/02\/logo-sdi.jpg\",\"width\":600,\"height\":600,\"caption\":\"Saint Die Info\"},\"image\":{\"@id\":\"https:\/\/vosgesinfo.fr\/saintdieinfo\/#\/schema\/logo\/image\/\"},\"sameAs\":[\"https:\/\/www.facebook.com\/Saintdieinfofr\",\"https:\/\/x.com\/VosgesInfo88\",\"https:\/\/www.youtube.com\/@vosgesinfo\"]},{\"@type\":\"Person\",\"@id\":\"https:\/\/vosgesinfo.fr\/saintdieinfo\/#\/schema\/person\/fa73e9f726d67bb88f46d5b7943cb572\",\"name\":\"J.J.\",\"image\":{\"@type\":\"ImageObject\",\"inLanguage\":\"fr-FR\",\"@id\":\"https:\/\/vosgesinfo.fr\/saintdieinfo\/#\/schema\/person\/image\/\",\"url\":\"https:\/\/secure.gravatar.com\/avatar\/219e749e47ffbcca018a360ae4add7d4cdf1cdaaf8bc7676b27efade3fe65615?s=96&d=mm&r=g\",\"contentUrl\":\"https:\/\/secure.gravatar.com\/avatar\/219e749e47ffbcca018a360ae4add7d4cdf1cdaaf8bc7676b27efade3fe65615?s=96&d=mm&r=g\",\"caption\":\"J.J.\"},\"url\":\"https:\/\/vosgesinfo.fr\/saintdieinfo\/author\/j-j\/\"}]}<\/script>\n<!-- \/ Yoast SEO plugin. -->","yoast_head_json":{"title":"D'incorpor\u00e9 \u00e0 g\u00e9n\u00e9ral de brigade, le parcours militaire du D\u00e9odatien Bernard Josz - Saint Die Info","robots":{"index":"index","follow":"follow","max-snippet":"max-snippet:-1","max-image-preview":"max-image-preview:large","max-video-preview":"max-video-preview:-1"},"canonical":"https:\/\/vosgesinfo.fr\/saintdieinfo\/2025\/10\/dincorpore-a-general-de-brigade-le-parcours-militaire-du-deodatien-bernard-josz\/","twitter_card":"summary_large_image","twitter_title":"D'incorpor\u00e9 \u00e0 g\u00e9n\u00e9ral de brigade, le parcours militaire du D\u00e9odatien Bernard Josz - Saint Die Info","twitter_description":"N\u00e9 le 10 octobre 1931 \u00e0 Saint-Di\u00e9-des-Vosges, le g\u00e9n\u00e9ral de brigade Bernard Josz a consacr\u00e9 pr\u00e8s de quatre d\u00e9cennies \u00e0 [&hellip;]","twitter_image":"https:\/\/vosgesinfo.fr\/app\/uploads\/sites\/4\/2025\/10\/general-bernard-josz-axel-balland.jpg","twitter_creator":"@VosgesInfo88","twitter_site":"@VosgesInfo88","twitter_misc":{"\u00c9crit par":"J.J.","Dur\u00e9e de lecture estim\u00e9e":"4 minutes"},"schema":{"@context":"https:\/\/schema.org","@graph":[{"@type":"Article","@id":"https:\/\/vosgesinfo.fr\/saintdieinfo\/2025\/10\/dincorpore-a-general-de-brigade-le-parcours-militaire-du-deodatien-bernard-josz\/#article","isPartOf":{"@id":"https:\/\/vosgesinfo.fr\/saintdieinfo\/2025\/10\/dincorpore-a-general-de-brigade-le-parcours-militaire-du-deodatien-bernard-josz\/"},"author":{"name":"J.J.","@id":"https:\/\/vosgesinfo.fr\/saintdieinfo\/#\/schema\/person\/fa73e9f726d67bb88f46d5b7943cb572"},"headline":"D&rsquo;incorpor\u00e9 \u00e0 g\u00e9n\u00e9ral de brigade, le parcours militaire du D\u00e9odatien Bernard Josz","datePublished":"2025-10-21T08:34:47+00:00","dateModified":"2025-10-21T08:29:13+00:00","mainEntityOfPage":{"@id":"https:\/\/vosgesinfo.fr\/saintdieinfo\/2025\/10\/dincorpore-a-general-de-brigade-le-parcours-militaire-du-deodatien-bernard-josz\/"},"wordCount":586,"commentCount":6,"publisher":{"@id":"https:\/\/vosgesinfo.fr\/saintdieinfo\/#organization"},"image":{"@id":"https:\/\/vosgesinfo.fr\/saintdieinfo\/2025\/10\/dincorpore-a-general-de-brigade-le-parcours-militaire-du-deodatien-bernard-josz\/#primaryimage"},"thumbnailUrl":"https:\/\/vosgesinfo.fr\/app\/uploads\/sites\/4\/2025\/10\/general-bernard-josz-axel-balland.jpg","keywords":["Arm\u00e9e de Terre","Axel Balland","G\u00e9n\u00e9ral Bernard Josz"],"articleSection":["A la Une","Culture","Saint-Di\u00e9-des-Vosges"],"inLanguage":"fr-FR","potentialAction":[{"@type":"CommentAction","name":"Comment","target":["https:\/\/vosgesinfo.fr\/saintdieinfo\/2025\/10\/dincorpore-a-general-de-brigade-le-parcours-militaire-du-deodatien-bernard-josz\/#respond"]}]},{"@type":"WebPage","@id":"https:\/\/vosgesinfo.fr\/saintdieinfo\/2025\/10\/dincorpore-a-general-de-brigade-le-parcours-militaire-du-deodatien-bernard-josz\/","url":"https:\/\/vosgesinfo.fr\/saintdieinfo\/2025\/10\/dincorpore-a-general-de-brigade-le-parcours-militaire-du-deodatien-bernard-josz\/","name":"D'incorpor\u00e9 \u00e0 g\u00e9n\u00e9ral de brigade, le parcours militaire du D\u00e9odatien Bernard Josz - Saint Die Info","isPartOf":{"@id":"https:\/\/vosgesinfo.fr\/saintdieinfo\/#website"},"primaryImageOfPage":{"@id":"https:\/\/vosgesinfo.fr\/saintdieinfo\/2025\/10\/dincorpore-a-general-de-brigade-le-parcours-militaire-du-deodatien-bernard-josz\/#primaryimage"},"image":{"@id":"https:\/\/vosgesinfo.fr\/saintdieinfo\/2025\/10\/dincorpore-a-general-de-brigade-le-parcours-militaire-du-deodatien-bernard-josz\/#primaryimage"},"thumbnailUrl":"https:\/\/vosgesinfo.fr\/app\/uploads\/sites\/4\/2025\/10\/general-bernard-josz-axel-balland.jpg","datePublished":"2025-10-21T08:34:47+00:00","dateModified":"2025-10-21T08:29:13+00:00","breadcrumb":{"@id":"https:\/\/vosgesinfo.fr\/saintdieinfo\/2025\/10\/dincorpore-a-general-de-brigade-le-parcours-militaire-du-deodatien-bernard-josz\/#breadcrumb"},"inLanguage":"fr-FR","potentialAction":[{"@type":"ReadAction","target":["https:\/\/vosgesinfo.fr\/saintdieinfo\/2025\/10\/dincorpore-a-general-de-brigade-le-parcours-militaire-du-deodatien-bernard-josz\/"]}]},{"@type":"ImageObject","inLanguage":"fr-FR","@id":"https:\/\/vosgesinfo.fr\/saintdieinfo\/2025\/10\/dincorpore-a-general-de-brigade-le-parcours-militaire-du-deodatien-bernard-josz\/#primaryimage","url":"https:\/\/vosgesinfo.fr\/app\/uploads\/sites\/4\/2025\/10\/general-bernard-josz-axel-balland.jpg","contentUrl":"https:\/\/vosgesinfo.fr\/app\/uploads\/sites\/4\/2025\/10\/general-bernard-josz-axel-balland.jpg","width":1434,"height":1080},{"@type":"BreadcrumbList","@id":"https:\/\/vosgesinfo.fr\/saintdieinfo\/2025\/10\/dincorpore-a-general-de-brigade-le-parcours-militaire-du-deodatien-bernard-josz\/#breadcrumb","itemListElement":[{"@type":"ListItem","position":1,"name":"Home","item":"https:\/\/vosgesinfo.fr\/saintdieinfo\/"},{"@type":"ListItem","position":2,"name":"D&rsquo;incorpor\u00e9 \u00e0 g\u00e9n\u00e9ral de brigade, le parcours militaire du D\u00e9odatien Bernard Josz"}]},{"@type":"WebSite","@id":"https:\/\/vosgesinfo.fr\/saintdieinfo\/#website","url":"https:\/\/vosgesinfo.fr\/saintdieinfo\/","name":"Saint Die Info","description":"Toute l&#039;actualit\u00e9 de Saint-Di\u00e9-Des-Vosges","publisher":{"@id":"https:\/\/vosgesinfo.fr\/saintdieinfo\/#organization"},"alternateName":"Toute l'actualit\u00e9 de Saint-Di\u00e9-Des-Vosges","potentialAction":[{"@type":"SearchAction","target":{"@type":"EntryPoint","urlTemplate":"https:\/\/vosgesinfo.fr\/saintdieinfo\/?s={search_term_string}"},"query-input":"required name=search_term_string"}],"inLanguage":"fr-FR"},{"@type":"Organization","@id":"https:\/\/vosgesinfo.fr\/saintdieinfo\/#organization","name":"Saint Die Info","url":"https:\/\/vosgesinfo.fr\/saintdieinfo\/","logo":{"@type":"ImageObject","inLanguage":"fr-FR","@id":"https:\/\/vosgesinfo.fr\/saintdieinfo\/#\/schema\/logo\/image\/","url":"https:\/\/vosgesinfo.fr\/app\/uploads\/sites\/4\/2024\/02\/logo-sdi.jpg","contentUrl":"https:\/\/vosgesinfo.fr\/app\/uploads\/sites\/4\/2024\/02\/logo-sdi.jpg","width":600,"height":600,"caption":"Saint Die Info"},"image":{"@id":"https:\/\/vosgesinfo.fr\/saintdieinfo\/#\/schema\/logo\/image\/"},"sameAs":["https:\/\/www.facebook.com\/Saintdieinfofr","https:\/\/x.com\/VosgesInfo88","https:\/\/www.youtube.com\/@vosgesinfo"]},{"@type":"Person","@id":"https:\/\/vosgesinfo.fr\/saintdieinfo\/#\/schema\/person\/fa73e9f726d67bb88f46d5b7943cb572","name":"J.J.","image":{"@type":"ImageObject","inLanguage":"fr-FR","@id":"https:\/\/vosgesinfo.fr\/saintdieinfo\/#\/schema\/person\/image\/","url":"https:\/\/secure.gravatar.com\/avatar\/219e749e47ffbcca018a360ae4add7d4cdf1cdaaf8bc7676b27efade3fe65615?s=96&d=mm&r=g","contentUrl":"https:\/\/secure.gravatar.com\/avatar\/219e749e47ffbcca018a360ae4add7d4cdf1cdaaf8bc7676b27efade3fe65615?s=96&d=mm&r=g","caption":"J.J."},"url":"https:\/\/vosgesinfo.fr\/saintdieinfo\/author\/j-j\/"}]}},"_links":{"self":[{"href":"https:\/\/vosgesinfo.fr\/saintdieinfo\/wp-json\/wp\/v2\/posts\/83719","targetHints":{"allow":["GET"]}}],"collection":[{"href":"https:\/\/vosgesinfo.fr\/saintdieinfo\/wp-json\/wp\/v2\/posts"}],"about":[{"href":"https:\/\/vosgesinfo.fr\/saintdieinfo\/wp-json\/wp\/v2\/types\/post"}],"author":[{"embeddable":true,"href":"https:\/\/vosgesinfo.fr\/saintdieinfo\/wp-json\/wp\/v2\/users\/46"}],"replies":[{"embeddable":true,"href":"https:\/\/vosgesinfo.fr\/saintdieinfo\/wp-json\/wp\/v2\/comments?post=83719"}],"version-history":[{"count":1,"href":"https:\/\/vosgesinfo.fr\/saintdieinfo\/wp-json\/wp\/v2\/posts\/83719\/revisions"}],"predecessor-version":[{"id":83720,"href":"https:\/\/vosgesinfo.fr\/saintdieinfo\/wp-json\/wp\/v2\/posts\/83719\/revisions\/83720"}],"wp:featuredmedia":[{"embeddable":true,"href":"https:\/\/vosgesinfo.fr\/saintdieinfo\/wp-json\/wp\/v2\/media\/83694"}],"wp:attachment":[{"href":"https:\/\/vosgesinfo.fr\/saintdieinfo\/wp-json\/wp\/v2\/media?parent=83719"}],"wp:term":[{"taxonomy":"category","embeddable":true,"href":"https:\/\/vosgesinfo.fr\/saintdieinfo\/wp-json\/wp\/v2\/categories?post=83719"},{"taxonomy":"post_tag","embeddable":true,"href":"https:\/\/vosgesinfo.fr\/saintdieinfo\/wp-json\/wp\/v2\/tags?post=83719"}],"curies":[{"name":"wp","href":"https:\/\/api.w.org\/{rel}","templated":true}]}}