{"id":83726,"date":"2025-10-21T17:14:44","date_gmt":"2025-10-21T15:14:44","guid":{"rendered":"https:\/\/vosgesinfo.fr\/saintdieinfo\/?p=83726"},"modified":"2025-10-21T17:10:30","modified_gmt":"2025-10-21T15:10:30","slug":"rencontre-avec-bernard-hervy-et-jean-luc-schaff-a-la-librairie-le-neuf","status":"publish","type":"post","link":"https:\/\/vosgesinfo.fr\/saintdieinfo\/2025\/10\/rencontre-avec-bernard-hervy-et-jean-luc-schaff-a-la-librairie-le-neuf\/","title":{"rendered":"Rencontre avec Bernard Hervy et Jean-Luc Schaff \u00e0 la Librairie Le Neuf"},"content":{"rendered":"<h3><a href=\"https:\/\/vosgesinfo.fr\/app\/uploads\/sites\/4\/2025\/10\/rencontre-bernard-hervy-librairie-le-neuf-1.jpg\"><img decoding=\"async\" class=\"alignnone size-full wp-image-83727\" src=\"https:\/\/vosgesinfo.fr\/app\/uploads\/sites\/4\/2025\/10\/rencontre-bernard-hervy-librairie-le-neuf-1.jpg\" alt=\"\" width=\"433\" height=\"422\" srcset=\"https:\/\/vosgesinfo.fr\/app\/uploads\/sites\/4\/2025\/10\/rencontre-bernard-hervy-librairie-le-neuf-1.jpg 433w, https:\/\/vosgesinfo.fr\/app\/uploads\/sites\/4\/2025\/10\/rencontre-bernard-hervy-librairie-le-neuf-1-300x292.jpg 300w\" sizes=\"(max-width: 433px) 100vw, 433px\" \/><\/a><\/h3>\n<h2>Une <strong>rencontre\u00a0<\/strong>est organis\u00e9e \u00e0 la <strong>Librairie Le Neuf avec Bernard Hervy et Jean-Luc Schaff\u00a0<\/strong>, <strong>samedi 8 novembre \u00e0 10 h<\/strong>. <a href=\"https:\/\/librairie-le-neuf.booksdataservices.fr\/20251021\/729WdYvn_MOXXMjDqSUpVzN9XMoXi2xtWtVqLtxDgtEtQkR%3DFGfnCvy91vo9i0UAbKGpdwodAMVpDwJdbvogiKJ6523Ad112\/62Up53dPsZmGGMd5YerTY0OqyzwtgkhlVc9CIzqpNBzOhBrmaHlQ1VgX0avXwTfbrYgPOwq6VLSCbAc.ompp\" target=\"_blank\" rel=\"noopener\">Cliquer ici pour <strong>r\u00e9server sa place.<\/strong><\/a><\/h2>\n<p><!--more--><\/p>\n<h3><strong>L\u2019animation sociale au service des a\u00een\u00e9s<\/strong><\/h3>\n<p>L\u2019animation aupr\u00e8s des personnes \u00e2g\u00e9es s\u2019appuie sur leurs <strong>souhaits, attentes et envies<\/strong>, pour favoriser <strong>leur \u00e9panouissement et leur vitalit\u00e9<\/strong>. C\u2019est cette d\u00e9marche que pr\u00e9sente l\u2019ouvrage <em>L\u2019animation sociale avec les personnes \u00e2g\u00e9es<\/em> de <strong>Bernard Hervy<\/strong> (\u00c9ditions \u00c9r\u00e8s, 2025).<\/p>\n<p>Le livre expose les <strong>fondamentaux du m\u00e9tier d\u2019animateur professionnel<\/strong>, qu\u2019il s\u2019exerce en <strong>EHPAD<\/strong>, en <strong>r\u00e9sidence autonomie<\/strong>, en <strong>r\u00e9sidence services<\/strong> ou au sein des <strong>structures d\u2019aide \u00e0 domicile<\/strong>. Il aborde notamment la <strong>construction, la mise en \u0153uvre et l\u2019\u00e9valuation d\u2019un projet d\u2019animation<\/strong>, ainsi que les notions de <strong>communication<\/strong> et de <strong>travail en groupe<\/strong>.<\/p>\n<h3><strong>Un sp\u00e9cialiste reconnu<\/strong><\/h3>\n<p><strong data-start=\"954\" data-end=\"980\">Linguiste de formation<\/strong>, <strong data-start=\"982\" data-end=\"999\">Bernard Hervy<\/strong> est consid\u00e9r\u00e9 comme <strong data-start=\"1020\" data-end=\"1072\">l\u2019un des experts fran\u00e7ais de l\u2019animation sociale<\/strong>. Ancien collaborateur du <strong>Secr\u00e9tariat d\u2019\u00c9tat aux Personnes \u00c2g\u00e9es<\/strong>, il a contribu\u00e9 \u00e0 la cr\u00e9ation des <strong>formations et qualifications en animation sociale<\/strong>. Auteur d\u2019environ <strong>150 articles<\/strong> sur le sujet, il a pr\u00e9sid\u00e9 pendant <strong>douze ans le GAG \u2013 Groupement des Animateurs en G\u00e9rontologie \u2013<\/strong>, dont il est aujourd\u2019hui <strong>vice-pr\u00e9sident<\/strong>.<\/p>\n<h3><strong>Une collaboration collective<\/strong><\/h3>\n<p>L\u2019ouvrage r\u00e9unit les contributions de <strong>Pauline Allain, Fabrice Angot, S\u00e9bastien Grare, Aline Honor\u00e9, Nadia Marengo, Sylvie Martinez, Yves Massardier, C\u00e9dric Paris, Jean-Luc Schaff, David Seguella et David Valenti<\/strong>.<\/p>\n<p><a href=\"https:\/\/vosgesinfo.fr\/app\/uploads\/sites\/4\/2025\/10\/rencontre-bernard-hervy-librairie-le-neuf-2.jpg\"><img decoding=\"async\" class=\"alignnone size-large wp-image-83728\" src=\"https:\/\/vosgesinfo.fr\/app\/uploads\/sites\/4\/2025\/10\/rencontre-bernard-hervy-librairie-le-neuf-2-677x1024.jpg\" alt=\"\" width=\"677\" height=\"1024\" srcset=\"https:\/\/vosgesinfo.fr\/app\/uploads\/sites\/4\/2025\/10\/rencontre-bernard-hervy-librairie-le-neuf-2-677x1024.jpg 677w, https:\/\/vosgesinfo.fr\/app\/uploads\/sites\/4\/2025\/10\/rencontre-bernard-hervy-librairie-le-neuf-2-198x300.jpg 198w, https:\/\/vosgesinfo.fr\/app\/uploads\/sites\/4\/2025\/10\/rencontre-bernard-hervy-librairie-le-neuf-2.jpg 714w\" sizes=\"(max-width: 677px) 100vw, 677px\" \/><\/a><\/p>\n","protected":false},"excerpt":{"rendered":"<p>Une rencontre\u00a0est organis\u00e9e \u00e0 la Librairie Le Neuf avec Bernard Hervy et Jean-Luc Schaff\u00a0, samedi 8 novembre \u00e0 10 h. [&hellip;]<\/p>\n","protected":false},"author":46,"featured_media":83727,"comment_status":"open","ping_status":"open","sticky":false,"template":"","format":"standard","meta":{"footnotes":""},"categories":[3900,8090,167],"tags":[18500,18501,18502,3192],"class_list":["post-83726","post","type-post","status-publish","format-standard","has-post-thumbnail","hentry","category-breves","category-litterature","category-saint-die-des-vosges","tag-bernard-hervy","tag-jean-luc-schaff","tag-lanimation-sociale-avec-les-personnes-agees","tag-librairie-le-neuf"],"acf":[],"yoast_head":"<!-- This site is optimized with the Yoast SEO plugin v22.5 - https:\/\/yoast.com\/wordpress\/plugins\/seo\/ -->\n<title>Rencontre avec Bernard Hervy et Jean-Luc Schaff \u00e0 la Librairie Le Neuf - Saint Die Info<\/title>\n<meta name=\"robots\" content=\"index, follow, max-snippet:-1, max-image-preview:large, max-video-preview:-1\" \/>\n<link rel=\"canonical\" href=\"https:\/\/vosgesinfo.fr\/saintdieinfo\/2025\/10\/rencontre-avec-bernard-hervy-et-jean-luc-schaff-a-la-librairie-le-neuf\/\" \/>\n<meta name=\"twitter:card\" content=\"summary_large_image\" \/>\n<meta name=\"twitter:title\" content=\"Rencontre avec Bernard Hervy et Jean-Luc Schaff \u00e0 la Librairie Le Neuf - Saint Die Info\" \/>\n<meta name=\"twitter:description\" content=\"Une rencontre\u00a0est organis\u00e9e \u00e0 la Librairie Le Neuf avec Bernard Hervy et Jean-Luc Schaff\u00a0, samedi 8 novembre \u00e0 10 h. [&hellip;]\" \/>\n<meta name=\"twitter:image\" content=\"https:\/\/vosgesinfo.fr\/app\/uploads\/sites\/4\/2025\/10\/rencontre-bernard-hervy-librairie-le-neuf-1.jpg\" \/>\n<meta name=\"twitter:creator\" content=\"@VosgesInfo88\" \/>\n<meta name=\"twitter:site\" content=\"@VosgesInfo88\" \/>\n<meta name=\"twitter:label1\" content=\"\u00c9crit par\" \/>\n\t<meta name=\"twitter:data1\" content=\"J.J.\" \/>\n\t<meta name=\"twitter:label2\" content=\"Dur\u00e9e de lecture estim\u00e9e\" \/>\n\t<meta name=\"twitter:data2\" content=\"1 minute\" \/>\n<script type=\"application\/ld+json\" class=\"yoast-schema-graph\">{\"@context\":\"https:\/\/schema.org\",\"@graph\":[{\"@type\":\"Article\",\"@id\":\"https:\/\/vosgesinfo.fr\/saintdieinfo\/2025\/10\/rencontre-avec-bernard-hervy-et-jean-luc-schaff-a-la-librairie-le-neuf\/#article\",\"isPartOf\":{\"@id\":\"https:\/\/vosgesinfo.fr\/saintdieinfo\/2025\/10\/rencontre-avec-bernard-hervy-et-jean-luc-schaff-a-la-librairie-le-neuf\/\"},\"author\":{\"name\":\"J.J.\",\"@id\":\"https:\/\/vosgesinfo.fr\/saintdieinfo\/#\/schema\/person\/fa73e9f726d67bb88f46d5b7943cb572\"},\"headline\":\"Rencontre avec Bernard Hervy et Jean-Luc Schaff \u00e0 la Librairie Le Neuf\",\"datePublished\":\"2025-10-21T15:14:44+00:00\",\"dateModified\":\"2025-10-21T15:10:30+00:00\",\"mainEntityOfPage\":{\"@id\":\"https:\/\/vosgesinfo.fr\/saintdieinfo\/2025\/10\/rencontre-avec-bernard-hervy-et-jean-luc-schaff-a-la-librairie-le-neuf\/\"},\"wordCount\":264,\"commentCount\":0,\"publisher\":{\"@id\":\"https:\/\/vosgesinfo.fr\/saintdieinfo\/#organization\"},\"image\":{\"@id\":\"https:\/\/vosgesinfo.fr\/saintdieinfo\/2025\/10\/rencontre-avec-bernard-hervy-et-jean-luc-schaff-a-la-librairie-le-neuf\/#primaryimage\"},\"thumbnailUrl\":\"https:\/\/vosgesinfo.fr\/app\/uploads\/sites\/4\/2025\/10\/rencontre-bernard-hervy-librairie-le-neuf-1.jpg\",\"keywords\":[\"Bernard Hervy\",\"Jean-Luc Schaff\",\"L\u2019animation sociale avec les personnes \u00e2g\u00e9es\",\"Librairie Le Neuf\"],\"articleSection\":[\"Br\u00e8ves\",\"Litt\u00e9rature\",\"Saint-Di\u00e9-des-Vosges\"],\"inLanguage\":\"fr-FR\",\"potentialAction\":[{\"@type\":\"CommentAction\",\"name\":\"Comment\",\"target\":[\"https:\/\/vosgesinfo.fr\/saintdieinfo\/2025\/10\/rencontre-avec-bernard-hervy-et-jean-luc-schaff-a-la-librairie-le-neuf\/#respond\"]}]},{\"@type\":\"WebPage\",\"@id\":\"https:\/\/vosgesinfo.fr\/saintdieinfo\/2025\/10\/rencontre-avec-bernard-hervy-et-jean-luc-schaff-a-la-librairie-le-neuf\/\",\"url\":\"https:\/\/vosgesinfo.fr\/saintdieinfo\/2025\/10\/rencontre-avec-bernard-hervy-et-jean-luc-schaff-a-la-librairie-le-neuf\/\",\"name\":\"Rencontre avec Bernard Hervy et Jean-Luc Schaff \u00e0 la Librairie Le Neuf - Saint Die Info\",\"isPartOf\":{\"@id\":\"https:\/\/vosgesinfo.fr\/saintdieinfo\/#website\"},\"primaryImageOfPage\":{\"@id\":\"https:\/\/vosgesinfo.fr\/saintdieinfo\/2025\/10\/rencontre-avec-bernard-hervy-et-jean-luc-schaff-a-la-librairie-le-neuf\/#primaryimage\"},\"image\":{\"@id\":\"https:\/\/vosgesinfo.fr\/saintdieinfo\/2025\/10\/rencontre-avec-bernard-hervy-et-jean-luc-schaff-a-la-librairie-le-neuf\/#primaryimage\"},\"thumbnailUrl\":\"https:\/\/vosgesinfo.fr\/app\/uploads\/sites\/4\/2025\/10\/rencontre-bernard-hervy-librairie-le-neuf-1.jpg\",\"datePublished\":\"2025-10-21T15:14:44+00:00\",\"dateModified\":\"2025-10-21T15:10:30+00:00\",\"breadcrumb\":{\"@id\":\"https:\/\/vosgesinfo.fr\/saintdieinfo\/2025\/10\/rencontre-avec-bernard-hervy-et-jean-luc-schaff-a-la-librairie-le-neuf\/#breadcrumb\"},\"inLanguage\":\"fr-FR\",\"potentialAction\":[{\"@type\":\"ReadAction\",\"target\":[\"https:\/\/vosgesinfo.fr\/saintdieinfo\/2025\/10\/rencontre-avec-bernard-hervy-et-jean-luc-schaff-a-la-librairie-le-neuf\/\"]}]},{\"@type\":\"ImageObject\",\"inLanguage\":\"fr-FR\",\"@id\":\"https:\/\/vosgesinfo.fr\/saintdieinfo\/2025\/10\/rencontre-avec-bernard-hervy-et-jean-luc-schaff-a-la-librairie-le-neuf\/#primaryimage\",\"url\":\"https:\/\/vosgesinfo.fr\/app\/uploads\/sites\/4\/2025\/10\/rencontre-bernard-hervy-librairie-le-neuf-1.jpg\",\"contentUrl\":\"https:\/\/vosgesinfo.fr\/app\/uploads\/sites\/4\/2025\/10\/rencontre-bernard-hervy-librairie-le-neuf-1.jpg\",\"width\":433,\"height\":422},{\"@type\":\"BreadcrumbList\",\"@id\":\"https:\/\/vosgesinfo.fr\/saintdieinfo\/2025\/10\/rencontre-avec-bernard-hervy-et-jean-luc-schaff-a-la-librairie-le-neuf\/#breadcrumb\",\"itemListElement\":[{\"@type\":\"ListItem\",\"position\":1,\"name\":\"Home\",\"item\":\"https:\/\/vosgesinfo.fr\/saintdieinfo\/\"},{\"@type\":\"ListItem\",\"position\":2,\"name\":\"Rencontre avec Bernard Hervy et Jean-Luc Schaff \u00e0 la Librairie Le Neuf\"}]},{\"@type\":\"WebSite\",\"@id\":\"https:\/\/vosgesinfo.fr\/saintdieinfo\/#website\",\"url\":\"https:\/\/vosgesinfo.fr\/saintdieinfo\/\",\"name\":\"Saint Die Info\",\"description\":\"Toute l&#039;actualit\u00e9 de Saint-Di\u00e9-Des-Vosges\",\"publisher\":{\"@id\":\"https:\/\/vosgesinfo.fr\/saintdieinfo\/#organization\"},\"alternateName\":\"Toute l'actualit\u00e9 de Saint-Di\u00e9-Des-Vosges\",\"potentialAction\":[{\"@type\":\"SearchAction\",\"target\":{\"@type\":\"EntryPoint\",\"urlTemplate\":\"https:\/\/vosgesinfo.fr\/saintdieinfo\/?s={search_term_string}\"},\"query-input\":\"required name=search_term_string\"}],\"inLanguage\":\"fr-FR\"},{\"@type\":\"Organization\",\"@id\":\"https:\/\/vosgesinfo.fr\/saintdieinfo\/#organization\",\"name\":\"Saint Die Info\",\"url\":\"https:\/\/vosgesinfo.fr\/saintdieinfo\/\",\"logo\":{\"@type\":\"ImageObject\",\"inLanguage\":\"fr-FR\",\"@id\":\"https:\/\/vosgesinfo.fr\/saintdieinfo\/#\/schema\/logo\/image\/\",\"url\":\"https:\/\/vosgesinfo.fr\/app\/uploads\/sites\/4\/2024\/02\/logo-sdi.jpg\",\"contentUrl\":\"https:\/\/vosgesinfo.fr\/app\/uploads\/sites\/4\/2024\/02\/logo-sdi.jpg\",\"width\":600,\"height\":600,\"caption\":\"Saint Die Info\"},\"image\":{\"@id\":\"https:\/\/vosgesinfo.fr\/saintdieinfo\/#\/schema\/logo\/image\/\"},\"sameAs\":[\"https:\/\/www.facebook.com\/Saintdieinfofr\",\"https:\/\/x.com\/VosgesInfo88\",\"https:\/\/www.youtube.com\/@vosgesinfo\"]},{\"@type\":\"Person\",\"@id\":\"https:\/\/vosgesinfo.fr\/saintdieinfo\/#\/schema\/person\/fa73e9f726d67bb88f46d5b7943cb572\",\"name\":\"J.J.\",\"image\":{\"@type\":\"ImageObject\",\"inLanguage\":\"fr-FR\",\"@id\":\"https:\/\/vosgesinfo.fr\/saintdieinfo\/#\/schema\/person\/image\/\",\"url\":\"https:\/\/secure.gravatar.com\/avatar\/219e749e47ffbcca018a360ae4add7d4cdf1cdaaf8bc7676b27efade3fe65615?s=96&d=mm&r=g\",\"contentUrl\":\"https:\/\/secure.gravatar.com\/avatar\/219e749e47ffbcca018a360ae4add7d4cdf1cdaaf8bc7676b27efade3fe65615?s=96&d=mm&r=g\",\"caption\":\"J.J.\"},\"url\":\"https:\/\/vosgesinfo.fr\/saintdieinfo\/author\/j-j\/\"}]}<\/script>\n<!-- \/ Yoast SEO plugin. -->","yoast_head_json":{"title":"Rencontre avec Bernard Hervy et Jean-Luc Schaff \u00e0 la Librairie Le Neuf - Saint Die Info","robots":{"index":"index","follow":"follow","max-snippet":"max-snippet:-1","max-image-preview":"max-image-preview:large","max-video-preview":"max-video-preview:-1"},"canonical":"https:\/\/vosgesinfo.fr\/saintdieinfo\/2025\/10\/rencontre-avec-bernard-hervy-et-jean-luc-schaff-a-la-librairie-le-neuf\/","twitter_card":"summary_large_image","twitter_title":"Rencontre avec Bernard Hervy et Jean-Luc Schaff \u00e0 la Librairie Le Neuf - Saint Die Info","twitter_description":"Une rencontre\u00a0est organis\u00e9e \u00e0 la Librairie Le Neuf avec Bernard Hervy et Jean-Luc Schaff\u00a0, samedi 8 novembre \u00e0 10 h. [&hellip;]","twitter_image":"https:\/\/vosgesinfo.fr\/app\/uploads\/sites\/4\/2025\/10\/rencontre-bernard-hervy-librairie-le-neuf-1.jpg","twitter_creator":"@VosgesInfo88","twitter_site":"@VosgesInfo88","twitter_misc":{"\u00c9crit par":"J.J.","Dur\u00e9e de lecture estim\u00e9e":"1 minute"},"schema":{"@context":"https:\/\/schema.org","@graph":[{"@type":"Article","@id":"https:\/\/vosgesinfo.fr\/saintdieinfo\/2025\/10\/rencontre-avec-bernard-hervy-et-jean-luc-schaff-a-la-librairie-le-neuf\/#article","isPartOf":{"@id":"https:\/\/vosgesinfo.fr\/saintdieinfo\/2025\/10\/rencontre-avec-bernard-hervy-et-jean-luc-schaff-a-la-librairie-le-neuf\/"},"author":{"name":"J.J.","@id":"https:\/\/vosgesinfo.fr\/saintdieinfo\/#\/schema\/person\/fa73e9f726d67bb88f46d5b7943cb572"},"headline":"Rencontre avec Bernard Hervy et Jean-Luc Schaff \u00e0 la Librairie Le Neuf","datePublished":"2025-10-21T15:14:44+00:00","dateModified":"2025-10-21T15:10:30+00:00","mainEntityOfPage":{"@id":"https:\/\/vosgesinfo.fr\/saintdieinfo\/2025\/10\/rencontre-avec-bernard-hervy-et-jean-luc-schaff-a-la-librairie-le-neuf\/"},"wordCount":264,"commentCount":0,"publisher":{"@id":"https:\/\/vosgesinfo.fr\/saintdieinfo\/#organization"},"image":{"@id":"https:\/\/vosgesinfo.fr\/saintdieinfo\/2025\/10\/rencontre-avec-bernard-hervy-et-jean-luc-schaff-a-la-librairie-le-neuf\/#primaryimage"},"thumbnailUrl":"https:\/\/vosgesinfo.fr\/app\/uploads\/sites\/4\/2025\/10\/rencontre-bernard-hervy-librairie-le-neuf-1.jpg","keywords":["Bernard Hervy","Jean-Luc Schaff","L\u2019animation sociale avec les personnes \u00e2g\u00e9es","Librairie Le Neuf"],"articleSection":["Br\u00e8ves","Litt\u00e9rature","Saint-Di\u00e9-des-Vosges"],"inLanguage":"fr-FR","potentialAction":[{"@type":"CommentAction","name":"Comment","target":["https:\/\/vosgesinfo.fr\/saintdieinfo\/2025\/10\/rencontre-avec-bernard-hervy-et-jean-luc-schaff-a-la-librairie-le-neuf\/#respond"]}]},{"@type":"WebPage","@id":"https:\/\/vosgesinfo.fr\/saintdieinfo\/2025\/10\/rencontre-avec-bernard-hervy-et-jean-luc-schaff-a-la-librairie-le-neuf\/","url":"https:\/\/vosgesinfo.fr\/saintdieinfo\/2025\/10\/rencontre-avec-bernard-hervy-et-jean-luc-schaff-a-la-librairie-le-neuf\/","name":"Rencontre avec Bernard Hervy et Jean-Luc Schaff \u00e0 la Librairie Le Neuf - Saint Die Info","isPartOf":{"@id":"https:\/\/vosgesinfo.fr\/saintdieinfo\/#website"},"primaryImageOfPage":{"@id":"https:\/\/vosgesinfo.fr\/saintdieinfo\/2025\/10\/rencontre-avec-bernard-hervy-et-jean-luc-schaff-a-la-librairie-le-neuf\/#primaryimage"},"image":{"@id":"https:\/\/vosgesinfo.fr\/saintdieinfo\/2025\/10\/rencontre-avec-bernard-hervy-et-jean-luc-schaff-a-la-librairie-le-neuf\/#primaryimage"},"thumbnailUrl":"https:\/\/vosgesinfo.fr\/app\/uploads\/sites\/4\/2025\/10\/rencontre-bernard-hervy-librairie-le-neuf-1.jpg","datePublished":"2025-10-21T15:14:44+00:00","dateModified":"2025-10-21T15:10:30+00:00","breadcrumb":{"@id":"https:\/\/vosgesinfo.fr\/saintdieinfo\/2025\/10\/rencontre-avec-bernard-hervy-et-jean-luc-schaff-a-la-librairie-le-neuf\/#breadcrumb"},"inLanguage":"fr-FR","potentialAction":[{"@type":"ReadAction","target":["https:\/\/vosgesinfo.fr\/saintdieinfo\/2025\/10\/rencontre-avec-bernard-hervy-et-jean-luc-schaff-a-la-librairie-le-neuf\/"]}]},{"@type":"ImageObject","inLanguage":"fr-FR","@id":"https:\/\/vosgesinfo.fr\/saintdieinfo\/2025\/10\/rencontre-avec-bernard-hervy-et-jean-luc-schaff-a-la-librairie-le-neuf\/#primaryimage","url":"https:\/\/vosgesinfo.fr\/app\/uploads\/sites\/4\/2025\/10\/rencontre-bernard-hervy-librairie-le-neuf-1.jpg","contentUrl":"https:\/\/vosgesinfo.fr\/app\/uploads\/sites\/4\/2025\/10\/rencontre-bernard-hervy-librairie-le-neuf-1.jpg","width":433,"height":422},{"@type":"BreadcrumbList","@id":"https:\/\/vosgesinfo.fr\/saintdieinfo\/2025\/10\/rencontre-avec-bernard-hervy-et-jean-luc-schaff-a-la-librairie-le-neuf\/#breadcrumb","itemListElement":[{"@type":"ListItem","position":1,"name":"Home","item":"https:\/\/vosgesinfo.fr\/saintdieinfo\/"},{"@type":"ListItem","position":2,"name":"Rencontre avec Bernard Hervy et Jean-Luc Schaff \u00e0 la Librairie Le Neuf"}]},{"@type":"WebSite","@id":"https:\/\/vosgesinfo.fr\/saintdieinfo\/#website","url":"https:\/\/vosgesinfo.fr\/saintdieinfo\/","name":"Saint Die Info","description":"Toute l&#039;actualit\u00e9 de Saint-Di\u00e9-Des-Vosges","publisher":{"@id":"https:\/\/vosgesinfo.fr\/saintdieinfo\/#organization"},"alternateName":"Toute l'actualit\u00e9 de Saint-Di\u00e9-Des-Vosges","potentialAction":[{"@type":"SearchAction","target":{"@type":"EntryPoint","urlTemplate":"https:\/\/vosgesinfo.fr\/saintdieinfo\/?s={search_term_string}"},"query-input":"required name=search_term_string"}],"inLanguage":"fr-FR"},{"@type":"Organization","@id":"https:\/\/vosgesinfo.fr\/saintdieinfo\/#organization","name":"Saint Die Info","url":"https:\/\/vosgesinfo.fr\/saintdieinfo\/","logo":{"@type":"ImageObject","inLanguage":"fr-FR","@id":"https:\/\/vosgesinfo.fr\/saintdieinfo\/#\/schema\/logo\/image\/","url":"https:\/\/vosgesinfo.fr\/app\/uploads\/sites\/4\/2024\/02\/logo-sdi.jpg","contentUrl":"https:\/\/vosgesinfo.fr\/app\/uploads\/sites\/4\/2024\/02\/logo-sdi.jpg","width":600,"height":600,"caption":"Saint Die Info"},"image":{"@id":"https:\/\/vosgesinfo.fr\/saintdieinfo\/#\/schema\/logo\/image\/"},"sameAs":["https:\/\/www.facebook.com\/Saintdieinfofr","https:\/\/x.com\/VosgesInfo88","https:\/\/www.youtube.com\/@vosgesinfo"]},{"@type":"Person","@id":"https:\/\/vosgesinfo.fr\/saintdieinfo\/#\/schema\/person\/fa73e9f726d67bb88f46d5b7943cb572","name":"J.J.","image":{"@type":"ImageObject","inLanguage":"fr-FR","@id":"https:\/\/vosgesinfo.fr\/saintdieinfo\/#\/schema\/person\/image\/","url":"https:\/\/secure.gravatar.com\/avatar\/219e749e47ffbcca018a360ae4add7d4cdf1cdaaf8bc7676b27efade3fe65615?s=96&d=mm&r=g","contentUrl":"https:\/\/secure.gravatar.com\/avatar\/219e749e47ffbcca018a360ae4add7d4cdf1cdaaf8bc7676b27efade3fe65615?s=96&d=mm&r=g","caption":"J.J."},"url":"https:\/\/vosgesinfo.fr\/saintdieinfo\/author\/j-j\/"}]}},"_links":{"self":[{"href":"https:\/\/vosgesinfo.fr\/saintdieinfo\/wp-json\/wp\/v2\/posts\/83726","targetHints":{"allow":["GET"]}}],"collection":[{"href":"https:\/\/vosgesinfo.fr\/saintdieinfo\/wp-json\/wp\/v2\/posts"}],"about":[{"href":"https:\/\/vosgesinfo.fr\/saintdieinfo\/wp-json\/wp\/v2\/types\/post"}],"author":[{"embeddable":true,"href":"https:\/\/vosgesinfo.fr\/saintdieinfo\/wp-json\/wp\/v2\/users\/46"}],"replies":[{"embeddable":true,"href":"https:\/\/vosgesinfo.fr\/saintdieinfo\/wp-json\/wp\/v2\/comments?post=83726"}],"version-history":[{"count":1,"href":"https:\/\/vosgesinfo.fr\/saintdieinfo\/wp-json\/wp\/v2\/posts\/83726\/revisions"}],"predecessor-version":[{"id":83729,"href":"https:\/\/vosgesinfo.fr\/saintdieinfo\/wp-json\/wp\/v2\/posts\/83726\/revisions\/83729"}],"wp:featuredmedia":[{"embeddable":true,"href":"https:\/\/vosgesinfo.fr\/saintdieinfo\/wp-json\/wp\/v2\/media\/83727"}],"wp:attachment":[{"href":"https:\/\/vosgesinfo.fr\/saintdieinfo\/wp-json\/wp\/v2\/media?parent=83726"}],"wp:term":[{"taxonomy":"category","embeddable":true,"href":"https:\/\/vosgesinfo.fr\/saintdieinfo\/wp-json\/wp\/v2\/categories?post=83726"},{"taxonomy":"post_tag","embeddable":true,"href":"https:\/\/vosgesinfo.fr\/saintdieinfo\/wp-json\/wp\/v2\/tags?post=83726"}],"curies":[{"name":"wp","href":"https:\/\/api.w.org\/{rel}","templated":true}]}}