{"id":83730,"date":"2025-10-21T18:05:39","date_gmt":"2025-10-21T16:05:39","guid":{"rendered":"https:\/\/vosgesinfo.fr\/saintdieinfo\/?p=83730"},"modified":"2025-10-22T08:55:20","modified_gmt":"2025-10-22T06:55:20","slug":"campus-cambium-premiere-rentree-delocalisee-pour-le-titre-dingenieur-en-informatique-et-cybersecurite","status":"publish","type":"post","link":"https:\/\/vosgesinfo.fr\/saintdieinfo\/2025\/10\/campus-cambium-premiere-rentree-delocalisee-pour-le-titre-dingenieur-en-informatique-et-cybersecurite\/","title":{"rendered":"Campus Cambium : premi\u00e8re rentr\u00e9e d\u00e9localis\u00e9e pour le titre d&rsquo;ing\u00e9nieur en informatique et cybers\u00e9curit\u00e9"},"content":{"rendered":"<h3 class=\"western\"><a href=\"https:\/\/vosgesinfo.fr\/app\/uploads\/sites\/4\/2025\/10\/premiere-rentree-ingenieur-cybersecurite-cambium.jpg\"><img decoding=\"async\" class=\"alignnone size-large wp-image-83723\" src=\"https:\/\/vosgesinfo.fr\/app\/uploads\/sites\/4\/2025\/10\/premiere-rentree-ingenieur-cybersecurite-cambium-1024x771.jpg\" alt=\"\" width=\"1024\" height=\"771\" srcset=\"https:\/\/vosgesinfo.fr\/app\/uploads\/sites\/4\/2025\/10\/premiere-rentree-ingenieur-cybersecurite-cambium-1024x771.jpg 1024w, https:\/\/vosgesinfo.fr\/app\/uploads\/sites\/4\/2025\/10\/premiere-rentree-ingenieur-cybersecurite-cambium-300x226.jpg 300w, https:\/\/vosgesinfo.fr\/app\/uploads\/sites\/4\/2025\/10\/premiere-rentree-ingenieur-cybersecurite-cambium-768x578.jpg 768w, https:\/\/vosgesinfo.fr\/app\/uploads\/sites\/4\/2025\/10\/premiere-rentree-ingenieur-cybersecurite-cambium.jpg 1434w\" sizes=\"(max-width: 1024px) 100vw, 1024px\" \/><\/a><\/h3>\n<h2>Les <strong>9 \u00e9l\u00e8ves<\/strong> du titre<strong> d\u2019ing\u00e9nieur sp\u00e9cialit\u00e9 informatique et cybers\u00e9curit\u00e9<\/strong> ont fait leur rentr\u00e9e le <strong>15 septembre dernier<\/strong>. Dispens\u00e9e par le\u00a0<strong>Conservatoire national des arts et m\u00e9tiers \u2013 CNAM \u2013<\/strong> cette formation est sp\u00e9cifiquement adapt\u00e9e au <a href=\"https:\/\/vosgesinfo.fr\/saintdieinfo\/2025\/04\/anould-la-friche-du-souche-devient-cambium-un-centre-national-de-formation-en-securite\/\" target=\"_blank\" rel=\"noopener\"><strong>Campus Cambium<\/strong>, le <strong>p\u00f4le d\u2019excellence en mati\u00e8re de s\u00e9curit\u00e9 de la D\u00e9odatie<\/strong>.<\/a><\/h2>\n<p><!--more--><\/p>\n<h3 class=\"western\"><strong>Une rentr\u00e9e \u00e0 l\u2019IUT en attendant le futur site du Campus Cambium<\/strong><\/h3>\n<p>Cette <strong>premi\u00e8re rentr\u00e9e<\/strong> a eu lieu non pas sur le site des <strong>anciennes papeteries du Souche d&rsquo;Anould<\/strong>, o\u00f9 sera prochainement install\u00e9 le <strong>Campus Cambium<\/strong>, mais dans les locaux de l\u2019<strong>IUT de Saint-Di\u00e9-des-Vosges<\/strong>, qui est l&rsquo;un des partenaires du projet.\u00a0Les <strong>travaux d\u2019am\u00e9nagement<\/strong> du futur <strong>centre national de formation <\/strong>\u00e9tant actuellement en cours, pour une ouverture pr\u00e9vue \u00e0 <strong>la rentr\u00e9e 2026-2027.<\/strong><\/p>\n<h3 class=\"western\"><strong>Une formation accessible apr\u00e8s un Bac +2<\/strong><\/h3>\n<p>Accessible apr\u00e8s un <strong>Bac\u00a0+2<\/strong>, le <strong>titre d\u2019ing\u00e9nieur en informatique et cybers\u00e9curit\u00e9<\/strong>, accr\u00e9dit\u00e9 par la <strong>Commission des Titres d\u2019Ing\u00e9nieur \u2013 CTI \u2013<\/strong> pour deux ans, vise \u00e0 former des professionnels capables de <strong>s\u00e9curiser les syst\u00e8mes d\u2019information<\/strong>, de <strong>conseiller les directions d\u2019entreprises<\/strong> et d\u2019assurer une <strong>protection durable des donn\u00e9es<\/strong>.<\/p>\n<h3><strong>9 \u00e9tudiants pour la premi\u00e8re promotion<\/strong><\/h3>\n<p>Neuf <strong>\u00e9tudiants<\/strong> ont rejoint la <strong>premi\u00e8re promotion<\/strong>. Tous originaires du <strong>Grand Est<\/strong>, ils suivent leur <strong>cursus en alternance<\/strong> au sein de structures publiques ou priv\u00e9es. En sachant que deux d&rsquo;entre eux recherchent encore une entreprise d\u2019accueil.<\/p>\n<h3 class=\"western\"><strong>Une alternance entre th\u00e9orie et pratique<\/strong><\/h3>\n<p>Le rythme de l\u2019alternance est fix\u00e9 \u00e0 <strong>deux semaines en formation<\/strong>, suivies de <strong>deux semaines en entreprise<\/strong> pour les deux premi\u00e8res ann\u00e9es, puis \u00e0 <strong>quatre mois en centre de formation<\/strong> \u00e0 partir de mi-octobre, avant <strong>six mois en entreprise<\/strong> pour la derni\u00e8re ann\u00e9e.<\/p>\n<p>La formation compte <strong>35 heures hebdomadaires<\/strong>, dispens\u00e9es en pr\u00e9sentiel, et repose sur des <strong>travaux pratiques, projets, \u00e9tudes de cas, QCM, soutenances professionnelles, rapports<\/strong> et un <strong>m\u00e9moire final<\/strong>.<\/p>\n<h3 class=\"western\"><strong>Deux entit\u00e9s Cambium<\/strong><\/h3>\n<p>\u00c0 terme, le <strong data-start=\"12\" data-end=\"30\">Campus Cambium<\/strong> regroupera <strong data-start=\"42\" data-end=\"119\">deux entit\u00e9s compl\u00e9mentaires \u2013 Cambium Formation et Cambium Technologie \u2013<\/strong> sur un <strong data-start=\"127\" data-end=\"149\">site de 9 hectares<\/strong>. \u00c9quip\u00e9 de <strong data-start=\"161\" data-end=\"176\">simulateurs<\/strong>, de <strong data-start=\"181\" data-end=\"198\">stands de tir<\/strong>, d\u2019<strong data-start=\"202\" data-end=\"223\">espaces immersifs<\/strong> et d\u2019<strong data-start=\"229\" data-end=\"274\">infrastructures adapt\u00e9es au vol de drones<\/strong>, le centre de formation d\u00e9di\u00e9 aux m\u00e9tiers de la s\u00e9curit\u00e9 accueillera jusqu\u2019\u00e0 <strong data-start=\"356\" data-end=\"383\">350 apprenants par jour<\/strong>, du <strong data-start=\"388\" data-end=\"415\">CAP au niveau ing\u00e9nieur<\/strong>, dans des domaines allant de la <strong data-start=\"448\" data-end=\"475\">s\u00e9curit\u00e9 op\u00e9rationnelle<\/strong> \u00e0 la <strong data-start=\"481\" data-end=\"498\">cybers\u00e9curit\u00e9<\/strong>.<\/p>\n<h3><strong>Une cinquantaine de formations au catalogue<\/strong><\/h3>\n<p>Comme le souligne <strong>An\u00efs Garcia<\/strong>, directrice du <strong>D\u00e9veloppement \u00e9conomique de l\u2019Agglom\u00e9ration<\/strong> : \u00ab <strong>Cette formation au titre d\u2019ing\u00e9nieur en informatique et cybers\u00e9curit\u00e9 est la premi\u00e8re du Campus Cambium qui se mat\u00e9rialise.<\/strong> Aujourd\u2019hui, le catalogue de Cambium Formation se compose d\u2019une <strong>cinquantaine de formations<\/strong>, suivies en continu ou en alternance. <strong>L\u2019objectif \u00e9tant de proposer un large panel de formations, avec un continuum entre elles.<\/strong> \u00bb<\/p>\n","protected":false},"excerpt":{"rendered":"<p>Les 9 \u00e9l\u00e8ves du titre d\u2019ing\u00e9nieur sp\u00e9cialit\u00e9 informatique et cybers\u00e9curit\u00e9 ont fait leur rentr\u00e9e le 15 septembre dernier. Dispens\u00e9e par [&hellip;]<\/p>\n","protected":false},"author":46,"featured_media":83723,"comment_status":"open","ping_status":"open","sticky":false,"template":"","format":"standard","meta":{"footnotes":""},"categories":[460,6,18],"tags":[18460,18503,18504,3205],"class_list":["post-83730","post","type-post","status-publish","format-standard","has-post-thumbnail","hentry","category-a-la-une","category-education","category-vosges","tag-agglomeration-de-saint-die-des-vosges","tag-campus-cambium","tag-diplome-dingenieur-specialitique-informatique-et-cybersecurite","tag-iut-de-saint-die-des-vosges"],"acf":[],"yoast_head":"<!-- This site is optimized with the Yoast SEO plugin v22.5 - https:\/\/yoast.com\/wordpress\/plugins\/seo\/ -->\n<title>Campus Cambium : premi\u00e8re rentr\u00e9e d\u00e9localis\u00e9e pour le titre d&#039;ing\u00e9nieur en informatique et cybers\u00e9curit\u00e9 - Saint Die Info<\/title>\n<meta name=\"robots\" content=\"index, follow, max-snippet:-1, max-image-preview:large, max-video-preview:-1\" \/>\n<link rel=\"canonical\" href=\"https:\/\/vosgesinfo.fr\/saintdieinfo\/2025\/10\/campus-cambium-premiere-rentree-delocalisee-pour-le-titre-dingenieur-en-informatique-et-cybersecurite\/\" \/>\n<meta name=\"twitter:card\" content=\"summary_large_image\" \/>\n<meta name=\"twitter:title\" content=\"Campus Cambium : premi\u00e8re rentr\u00e9e d\u00e9localis\u00e9e pour le titre d&#039;ing\u00e9nieur en informatique et cybers\u00e9curit\u00e9 - Saint Die Info\" \/>\n<meta name=\"twitter:description\" content=\"Les 9 \u00e9l\u00e8ves du titre d\u2019ing\u00e9nieur sp\u00e9cialit\u00e9 informatique et cybers\u00e9curit\u00e9 ont fait leur rentr\u00e9e le 15 septembre dernier. Dispens\u00e9e par [&hellip;]\" \/>\n<meta name=\"twitter:image\" content=\"https:\/\/vosgesinfo.fr\/app\/uploads\/sites\/4\/2025\/10\/premiere-rentree-ingenieur-cybersecurite-cambium.jpg\" \/>\n<meta name=\"twitter:creator\" content=\"@VosgesInfo88\" \/>\n<meta name=\"twitter:site\" content=\"@VosgesInfo88\" \/>\n<meta name=\"twitter:label1\" content=\"\u00c9crit par\" \/>\n\t<meta name=\"twitter:data1\" content=\"J.J.\" \/>\n\t<meta name=\"twitter:label2\" content=\"Dur\u00e9e de lecture estim\u00e9e\" \/>\n\t<meta name=\"twitter:data2\" content=\"3 minutes\" \/>\n<script type=\"application\/ld+json\" class=\"yoast-schema-graph\">{\"@context\":\"https:\/\/schema.org\",\"@graph\":[{\"@type\":\"Article\",\"@id\":\"https:\/\/vosgesinfo.fr\/saintdieinfo\/2025\/10\/campus-cambium-premiere-rentree-delocalisee-pour-le-titre-dingenieur-en-informatique-et-cybersecurite\/#article\",\"isPartOf\":{\"@id\":\"https:\/\/vosgesinfo.fr\/saintdieinfo\/2025\/10\/campus-cambium-premiere-rentree-delocalisee-pour-le-titre-dingenieur-en-informatique-et-cybersecurite\/\"},\"author\":{\"name\":\"J.J.\",\"@id\":\"https:\/\/vosgesinfo.fr\/saintdieinfo\/#\/schema\/person\/fa73e9f726d67bb88f46d5b7943cb572\"},\"headline\":\"Campus Cambium : premi\u00e8re rentr\u00e9e d\u00e9localis\u00e9e pour le titre d&rsquo;ing\u00e9nieur en informatique et cybers\u00e9curit\u00e9\",\"datePublished\":\"2025-10-21T16:05:39+00:00\",\"dateModified\":\"2025-10-22T06:55:20+00:00\",\"mainEntityOfPage\":{\"@id\":\"https:\/\/vosgesinfo.fr\/saintdieinfo\/2025\/10\/campus-cambium-premiere-rentree-delocalisee-pour-le-titre-dingenieur-en-informatique-et-cybersecurite\/\"},\"wordCount\":511,\"commentCount\":0,\"publisher\":{\"@id\":\"https:\/\/vosgesinfo.fr\/saintdieinfo\/#organization\"},\"image\":{\"@id\":\"https:\/\/vosgesinfo.fr\/saintdieinfo\/2025\/10\/campus-cambium-premiere-rentree-delocalisee-pour-le-titre-dingenieur-en-informatique-et-cybersecurite\/#primaryimage\"},\"thumbnailUrl\":\"https:\/\/vosgesinfo.fr\/app\/uploads\/sites\/4\/2025\/10\/premiere-rentree-ingenieur-cybersecurite-cambium.jpg\",\"keywords\":[\"Agglom\u00e9ration de Saint-Di\u00e9-des-Vosges\",\"Campus Cambium\",\"Dipl\u00f4me d'ing\u00e9nieur sp\u00e9cialitique informatique et cybers\u00e9curit\u00e9\",\"IUT de Saint-Di\u00e9-des-Vosges\"],\"articleSection\":[\"A la Une\",\"\u00c9ducation\",\"Vosges\"],\"inLanguage\":\"fr-FR\",\"potentialAction\":[{\"@type\":\"CommentAction\",\"name\":\"Comment\",\"target\":[\"https:\/\/vosgesinfo.fr\/saintdieinfo\/2025\/10\/campus-cambium-premiere-rentree-delocalisee-pour-le-titre-dingenieur-en-informatique-et-cybersecurite\/#respond\"]}]},{\"@type\":\"WebPage\",\"@id\":\"https:\/\/vosgesinfo.fr\/saintdieinfo\/2025\/10\/campus-cambium-premiere-rentree-delocalisee-pour-le-titre-dingenieur-en-informatique-et-cybersecurite\/\",\"url\":\"https:\/\/vosgesinfo.fr\/saintdieinfo\/2025\/10\/campus-cambium-premiere-rentree-delocalisee-pour-le-titre-dingenieur-en-informatique-et-cybersecurite\/\",\"name\":\"Campus Cambium : premi\u00e8re rentr\u00e9e d\u00e9localis\u00e9e pour le titre d'ing\u00e9nieur en informatique et cybers\u00e9curit\u00e9 - Saint Die Info\",\"isPartOf\":{\"@id\":\"https:\/\/vosgesinfo.fr\/saintdieinfo\/#website\"},\"primaryImageOfPage\":{\"@id\":\"https:\/\/vosgesinfo.fr\/saintdieinfo\/2025\/10\/campus-cambium-premiere-rentree-delocalisee-pour-le-titre-dingenieur-en-informatique-et-cybersecurite\/#primaryimage\"},\"image\":{\"@id\":\"https:\/\/vosgesinfo.fr\/saintdieinfo\/2025\/10\/campus-cambium-premiere-rentree-delocalisee-pour-le-titre-dingenieur-en-informatique-et-cybersecurite\/#primaryimage\"},\"thumbnailUrl\":\"https:\/\/vosgesinfo.fr\/app\/uploads\/sites\/4\/2025\/10\/premiere-rentree-ingenieur-cybersecurite-cambium.jpg\",\"datePublished\":\"2025-10-21T16:05:39+00:00\",\"dateModified\":\"2025-10-22T06:55:20+00:00\",\"breadcrumb\":{\"@id\":\"https:\/\/vosgesinfo.fr\/saintdieinfo\/2025\/10\/campus-cambium-premiere-rentree-delocalisee-pour-le-titre-dingenieur-en-informatique-et-cybersecurite\/#breadcrumb\"},\"inLanguage\":\"fr-FR\",\"potentialAction\":[{\"@type\":\"ReadAction\",\"target\":[\"https:\/\/vosgesinfo.fr\/saintdieinfo\/2025\/10\/campus-cambium-premiere-rentree-delocalisee-pour-le-titre-dingenieur-en-informatique-et-cybersecurite\/\"]}]},{\"@type\":\"ImageObject\",\"inLanguage\":\"fr-FR\",\"@id\":\"https:\/\/vosgesinfo.fr\/saintdieinfo\/2025\/10\/campus-cambium-premiere-rentree-delocalisee-pour-le-titre-dingenieur-en-informatique-et-cybersecurite\/#primaryimage\",\"url\":\"https:\/\/vosgesinfo.fr\/app\/uploads\/sites\/4\/2025\/10\/premiere-rentree-ingenieur-cybersecurite-cambium.jpg\",\"contentUrl\":\"https:\/\/vosgesinfo.fr\/app\/uploads\/sites\/4\/2025\/10\/premiere-rentree-ingenieur-cybersecurite-cambium.jpg\",\"width\":1434,\"height\":1080},{\"@type\":\"BreadcrumbList\",\"@id\":\"https:\/\/vosgesinfo.fr\/saintdieinfo\/2025\/10\/campus-cambium-premiere-rentree-delocalisee-pour-le-titre-dingenieur-en-informatique-et-cybersecurite\/#breadcrumb\",\"itemListElement\":[{\"@type\":\"ListItem\",\"position\":1,\"name\":\"Home\",\"item\":\"https:\/\/vosgesinfo.fr\/saintdieinfo\/\"},{\"@type\":\"ListItem\",\"position\":2,\"name\":\"Campus Cambium : premi\u00e8re rentr\u00e9e d\u00e9localis\u00e9e pour le titre d&#8217;ing\u00e9nieur en informatique et cybers\u00e9curit\u00e9\"}]},{\"@type\":\"WebSite\",\"@id\":\"https:\/\/vosgesinfo.fr\/saintdieinfo\/#website\",\"url\":\"https:\/\/vosgesinfo.fr\/saintdieinfo\/\",\"name\":\"Saint Die Info\",\"description\":\"Toute l&#039;actualit\u00e9 de Saint-Di\u00e9-Des-Vosges\",\"publisher\":{\"@id\":\"https:\/\/vosgesinfo.fr\/saintdieinfo\/#organization\"},\"alternateName\":\"Toute l'actualit\u00e9 de Saint-Di\u00e9-Des-Vosges\",\"potentialAction\":[{\"@type\":\"SearchAction\",\"target\":{\"@type\":\"EntryPoint\",\"urlTemplate\":\"https:\/\/vosgesinfo.fr\/saintdieinfo\/?s={search_term_string}\"},\"query-input\":\"required name=search_term_string\"}],\"inLanguage\":\"fr-FR\"},{\"@type\":\"Organization\",\"@id\":\"https:\/\/vosgesinfo.fr\/saintdieinfo\/#organization\",\"name\":\"Saint Die Info\",\"url\":\"https:\/\/vosgesinfo.fr\/saintdieinfo\/\",\"logo\":{\"@type\":\"ImageObject\",\"inLanguage\":\"fr-FR\",\"@id\":\"https:\/\/vosgesinfo.fr\/saintdieinfo\/#\/schema\/logo\/image\/\",\"url\":\"https:\/\/vosgesinfo.fr\/app\/uploads\/sites\/4\/2024\/02\/logo-sdi.jpg\",\"contentUrl\":\"https:\/\/vosgesinfo.fr\/app\/uploads\/sites\/4\/2024\/02\/logo-sdi.jpg\",\"width\":600,\"height\":600,\"caption\":\"Saint Die Info\"},\"image\":{\"@id\":\"https:\/\/vosgesinfo.fr\/saintdieinfo\/#\/schema\/logo\/image\/\"},\"sameAs\":[\"https:\/\/www.facebook.com\/Saintdieinfofr\",\"https:\/\/x.com\/VosgesInfo88\",\"https:\/\/www.youtube.com\/@vosgesinfo\"]},{\"@type\":\"Person\",\"@id\":\"https:\/\/vosgesinfo.fr\/saintdieinfo\/#\/schema\/person\/fa73e9f726d67bb88f46d5b7943cb572\",\"name\":\"J.J.\",\"image\":{\"@type\":\"ImageObject\",\"inLanguage\":\"fr-FR\",\"@id\":\"https:\/\/vosgesinfo.fr\/saintdieinfo\/#\/schema\/person\/image\/\",\"url\":\"https:\/\/secure.gravatar.com\/avatar\/219e749e47ffbcca018a360ae4add7d4cdf1cdaaf8bc7676b27efade3fe65615?s=96&d=mm&r=g\",\"contentUrl\":\"https:\/\/secure.gravatar.com\/avatar\/219e749e47ffbcca018a360ae4add7d4cdf1cdaaf8bc7676b27efade3fe65615?s=96&d=mm&r=g\",\"caption\":\"J.J.\"},\"url\":\"https:\/\/vosgesinfo.fr\/saintdieinfo\/author\/j-j\/\"}]}<\/script>\n<!-- \/ Yoast SEO plugin. -->","yoast_head_json":{"title":"Campus Cambium : premi\u00e8re rentr\u00e9e d\u00e9localis\u00e9e pour le titre d'ing\u00e9nieur en informatique et cybers\u00e9curit\u00e9 - Saint Die Info","robots":{"index":"index","follow":"follow","max-snippet":"max-snippet:-1","max-image-preview":"max-image-preview:large","max-video-preview":"max-video-preview:-1"},"canonical":"https:\/\/vosgesinfo.fr\/saintdieinfo\/2025\/10\/campus-cambium-premiere-rentree-delocalisee-pour-le-titre-dingenieur-en-informatique-et-cybersecurite\/","twitter_card":"summary_large_image","twitter_title":"Campus Cambium : premi\u00e8re rentr\u00e9e d\u00e9localis\u00e9e pour le titre d'ing\u00e9nieur en informatique et cybers\u00e9curit\u00e9 - Saint Die Info","twitter_description":"Les 9 \u00e9l\u00e8ves du titre d\u2019ing\u00e9nieur sp\u00e9cialit\u00e9 informatique et cybers\u00e9curit\u00e9 ont fait leur rentr\u00e9e le 15 septembre dernier. Dispens\u00e9e par [&hellip;]","twitter_image":"https:\/\/vosgesinfo.fr\/app\/uploads\/sites\/4\/2025\/10\/premiere-rentree-ingenieur-cybersecurite-cambium.jpg","twitter_creator":"@VosgesInfo88","twitter_site":"@VosgesInfo88","twitter_misc":{"\u00c9crit par":"J.J.","Dur\u00e9e de lecture estim\u00e9e":"3 minutes"},"schema":{"@context":"https:\/\/schema.org","@graph":[{"@type":"Article","@id":"https:\/\/vosgesinfo.fr\/saintdieinfo\/2025\/10\/campus-cambium-premiere-rentree-delocalisee-pour-le-titre-dingenieur-en-informatique-et-cybersecurite\/#article","isPartOf":{"@id":"https:\/\/vosgesinfo.fr\/saintdieinfo\/2025\/10\/campus-cambium-premiere-rentree-delocalisee-pour-le-titre-dingenieur-en-informatique-et-cybersecurite\/"},"author":{"name":"J.J.","@id":"https:\/\/vosgesinfo.fr\/saintdieinfo\/#\/schema\/person\/fa73e9f726d67bb88f46d5b7943cb572"},"headline":"Campus Cambium : premi\u00e8re rentr\u00e9e d\u00e9localis\u00e9e pour le titre d&rsquo;ing\u00e9nieur en informatique et cybers\u00e9curit\u00e9","datePublished":"2025-10-21T16:05:39+00:00","dateModified":"2025-10-22T06:55:20+00:00","mainEntityOfPage":{"@id":"https:\/\/vosgesinfo.fr\/saintdieinfo\/2025\/10\/campus-cambium-premiere-rentree-delocalisee-pour-le-titre-dingenieur-en-informatique-et-cybersecurite\/"},"wordCount":511,"commentCount":0,"publisher":{"@id":"https:\/\/vosgesinfo.fr\/saintdieinfo\/#organization"},"image":{"@id":"https:\/\/vosgesinfo.fr\/saintdieinfo\/2025\/10\/campus-cambium-premiere-rentree-delocalisee-pour-le-titre-dingenieur-en-informatique-et-cybersecurite\/#primaryimage"},"thumbnailUrl":"https:\/\/vosgesinfo.fr\/app\/uploads\/sites\/4\/2025\/10\/premiere-rentree-ingenieur-cybersecurite-cambium.jpg","keywords":["Agglom\u00e9ration de Saint-Di\u00e9-des-Vosges","Campus Cambium","Dipl\u00f4me d'ing\u00e9nieur sp\u00e9cialitique informatique et cybers\u00e9curit\u00e9","IUT de Saint-Di\u00e9-des-Vosges"],"articleSection":["A la Une","\u00c9ducation","Vosges"],"inLanguage":"fr-FR","potentialAction":[{"@type":"CommentAction","name":"Comment","target":["https:\/\/vosgesinfo.fr\/saintdieinfo\/2025\/10\/campus-cambium-premiere-rentree-delocalisee-pour-le-titre-dingenieur-en-informatique-et-cybersecurite\/#respond"]}]},{"@type":"WebPage","@id":"https:\/\/vosgesinfo.fr\/saintdieinfo\/2025\/10\/campus-cambium-premiere-rentree-delocalisee-pour-le-titre-dingenieur-en-informatique-et-cybersecurite\/","url":"https:\/\/vosgesinfo.fr\/saintdieinfo\/2025\/10\/campus-cambium-premiere-rentree-delocalisee-pour-le-titre-dingenieur-en-informatique-et-cybersecurite\/","name":"Campus Cambium : premi\u00e8re rentr\u00e9e d\u00e9localis\u00e9e pour le titre d'ing\u00e9nieur en informatique et cybers\u00e9curit\u00e9 - Saint Die Info","isPartOf":{"@id":"https:\/\/vosgesinfo.fr\/saintdieinfo\/#website"},"primaryImageOfPage":{"@id":"https:\/\/vosgesinfo.fr\/saintdieinfo\/2025\/10\/campus-cambium-premiere-rentree-delocalisee-pour-le-titre-dingenieur-en-informatique-et-cybersecurite\/#primaryimage"},"image":{"@id":"https:\/\/vosgesinfo.fr\/saintdieinfo\/2025\/10\/campus-cambium-premiere-rentree-delocalisee-pour-le-titre-dingenieur-en-informatique-et-cybersecurite\/#primaryimage"},"thumbnailUrl":"https:\/\/vosgesinfo.fr\/app\/uploads\/sites\/4\/2025\/10\/premiere-rentree-ingenieur-cybersecurite-cambium.jpg","datePublished":"2025-10-21T16:05:39+00:00","dateModified":"2025-10-22T06:55:20+00:00","breadcrumb":{"@id":"https:\/\/vosgesinfo.fr\/saintdieinfo\/2025\/10\/campus-cambium-premiere-rentree-delocalisee-pour-le-titre-dingenieur-en-informatique-et-cybersecurite\/#breadcrumb"},"inLanguage":"fr-FR","potentialAction":[{"@type":"ReadAction","target":["https:\/\/vosgesinfo.fr\/saintdieinfo\/2025\/10\/campus-cambium-premiere-rentree-delocalisee-pour-le-titre-dingenieur-en-informatique-et-cybersecurite\/"]}]},{"@type":"ImageObject","inLanguage":"fr-FR","@id":"https:\/\/vosgesinfo.fr\/saintdieinfo\/2025\/10\/campus-cambium-premiere-rentree-delocalisee-pour-le-titre-dingenieur-en-informatique-et-cybersecurite\/#primaryimage","url":"https:\/\/vosgesinfo.fr\/app\/uploads\/sites\/4\/2025\/10\/premiere-rentree-ingenieur-cybersecurite-cambium.jpg","contentUrl":"https:\/\/vosgesinfo.fr\/app\/uploads\/sites\/4\/2025\/10\/premiere-rentree-ingenieur-cybersecurite-cambium.jpg","width":1434,"height":1080},{"@type":"BreadcrumbList","@id":"https:\/\/vosgesinfo.fr\/saintdieinfo\/2025\/10\/campus-cambium-premiere-rentree-delocalisee-pour-le-titre-dingenieur-en-informatique-et-cybersecurite\/#breadcrumb","itemListElement":[{"@type":"ListItem","position":1,"name":"Home","item":"https:\/\/vosgesinfo.fr\/saintdieinfo\/"},{"@type":"ListItem","position":2,"name":"Campus Cambium : premi\u00e8re rentr\u00e9e d\u00e9localis\u00e9e pour le titre d&#8217;ing\u00e9nieur en informatique et cybers\u00e9curit\u00e9"}]},{"@type":"WebSite","@id":"https:\/\/vosgesinfo.fr\/saintdieinfo\/#website","url":"https:\/\/vosgesinfo.fr\/saintdieinfo\/","name":"Saint Die Info","description":"Toute l&#039;actualit\u00e9 de Saint-Di\u00e9-Des-Vosges","publisher":{"@id":"https:\/\/vosgesinfo.fr\/saintdieinfo\/#organization"},"alternateName":"Toute l'actualit\u00e9 de Saint-Di\u00e9-Des-Vosges","potentialAction":[{"@type":"SearchAction","target":{"@type":"EntryPoint","urlTemplate":"https:\/\/vosgesinfo.fr\/saintdieinfo\/?s={search_term_string}"},"query-input":"required name=search_term_string"}],"inLanguage":"fr-FR"},{"@type":"Organization","@id":"https:\/\/vosgesinfo.fr\/saintdieinfo\/#organization","name":"Saint Die Info","url":"https:\/\/vosgesinfo.fr\/saintdieinfo\/","logo":{"@type":"ImageObject","inLanguage":"fr-FR","@id":"https:\/\/vosgesinfo.fr\/saintdieinfo\/#\/schema\/logo\/image\/","url":"https:\/\/vosgesinfo.fr\/app\/uploads\/sites\/4\/2024\/02\/logo-sdi.jpg","contentUrl":"https:\/\/vosgesinfo.fr\/app\/uploads\/sites\/4\/2024\/02\/logo-sdi.jpg","width":600,"height":600,"caption":"Saint Die Info"},"image":{"@id":"https:\/\/vosgesinfo.fr\/saintdieinfo\/#\/schema\/logo\/image\/"},"sameAs":["https:\/\/www.facebook.com\/Saintdieinfofr","https:\/\/x.com\/VosgesInfo88","https:\/\/www.youtube.com\/@vosgesinfo"]},{"@type":"Person","@id":"https:\/\/vosgesinfo.fr\/saintdieinfo\/#\/schema\/person\/fa73e9f726d67bb88f46d5b7943cb572","name":"J.J.","image":{"@type":"ImageObject","inLanguage":"fr-FR","@id":"https:\/\/vosgesinfo.fr\/saintdieinfo\/#\/schema\/person\/image\/","url":"https:\/\/secure.gravatar.com\/avatar\/219e749e47ffbcca018a360ae4add7d4cdf1cdaaf8bc7676b27efade3fe65615?s=96&d=mm&r=g","contentUrl":"https:\/\/secure.gravatar.com\/avatar\/219e749e47ffbcca018a360ae4add7d4cdf1cdaaf8bc7676b27efade3fe65615?s=96&d=mm&r=g","caption":"J.J."},"url":"https:\/\/vosgesinfo.fr\/saintdieinfo\/author\/j-j\/"}]}},"_links":{"self":[{"href":"https:\/\/vosgesinfo.fr\/saintdieinfo\/wp-json\/wp\/v2\/posts\/83730","targetHints":{"allow":["GET"]}}],"collection":[{"href":"https:\/\/vosgesinfo.fr\/saintdieinfo\/wp-json\/wp\/v2\/posts"}],"about":[{"href":"https:\/\/vosgesinfo.fr\/saintdieinfo\/wp-json\/wp\/v2\/types\/post"}],"author":[{"embeddable":true,"href":"https:\/\/vosgesinfo.fr\/saintdieinfo\/wp-json\/wp\/v2\/users\/46"}],"replies":[{"embeddable":true,"href":"https:\/\/vosgesinfo.fr\/saintdieinfo\/wp-json\/wp\/v2\/comments?post=83730"}],"version-history":[{"count":2,"href":"https:\/\/vosgesinfo.fr\/saintdieinfo\/wp-json\/wp\/v2\/posts\/83730\/revisions"}],"predecessor-version":[{"id":83736,"href":"https:\/\/vosgesinfo.fr\/saintdieinfo\/wp-json\/wp\/v2\/posts\/83730\/revisions\/83736"}],"wp:featuredmedia":[{"embeddable":true,"href":"https:\/\/vosgesinfo.fr\/saintdieinfo\/wp-json\/wp\/v2\/media\/83723"}],"wp:attachment":[{"href":"https:\/\/vosgesinfo.fr\/saintdieinfo\/wp-json\/wp\/v2\/media?parent=83730"}],"wp:term":[{"taxonomy":"category","embeddable":true,"href":"https:\/\/vosgesinfo.fr\/saintdieinfo\/wp-json\/wp\/v2\/categories?post=83730"},{"taxonomy":"post_tag","embeddable":true,"href":"https:\/\/vosgesinfo.fr\/saintdieinfo\/wp-json\/wp\/v2\/tags?post=83730"}],"curies":[{"name":"wp","href":"https:\/\/api.w.org\/{rel}","templated":true}]}}