{"id":83741,"date":"2025-10-22T09:25:36","date_gmt":"2025-10-22T07:25:36","guid":{"rendered":"https:\/\/vosgesinfo.fr\/saintdieinfo\/?p=83741"},"modified":"2025-10-22T09:21:18","modified_gmt":"2025-10-22T07:21:18","slug":"une-randonnee-solidaire-du-club-vosgien-pour-octobre-rose","status":"publish","type":"post","link":"https:\/\/vosgesinfo.fr\/saintdieinfo\/2025\/10\/une-randonnee-solidaire-du-club-vosgien-pour-octobre-rose\/","title":{"rendered":"Une randonn\u00e9e solidaire du Club Vosgien pour Octobre Rose"},"content":{"rendered":"<div id=\"attachment_64549\" style=\"width: 1034px\" class=\"wp-caption alignnone\"><a href=\"https:\/\/vosgesinfo.fr\/app\/uploads\/sites\/4\/2024\/08\/202305tour-kemberg-club-vosgien-4.jpg\"><img decoding=\"async\" aria-describedby=\"caption-attachment-64549\" class=\"size-full wp-image-64549\" src=\"https:\/\/vosgesinfo.fr\/app\/uploads\/sites\/4\/2024\/08\/202305tour-kemberg-club-vosgien-4.jpg\" alt=\"\" width=\"1024\" height=\"683\" srcset=\"https:\/\/vosgesinfo.fr\/app\/uploads\/sites\/4\/2024\/08\/202305tour-kemberg-club-vosgien-4.jpg 1024w, https:\/\/vosgesinfo.fr\/app\/uploads\/sites\/4\/2024\/08\/202305tour-kemberg-club-vosgien-4-300x200.jpg 300w, https:\/\/vosgesinfo.fr\/app\/uploads\/sites\/4\/2024\/08\/202305tour-kemberg-club-vosgien-4-768x512.jpg 768w\" sizes=\"(max-width: 1024px) 100vw, 1024px\" \/><\/a><p id=\"caption-attachment-64549\" class=\"wp-caption-text\">Illustration. (Archive)<\/p><\/div>\n<h2 data-start=\"154\" data-end=\"469\">Le <strong data-start=\"157\" data-end=\"197\">Club Vosgien de Saint-Di\u00e9-des-Vosges<\/strong> se mobilise \u00e0 l\u2019occasion d\u2019<strong data-start=\"225\" data-end=\"241\">Octobre Rose<\/strong> afin de <strong data-start=\"250\" data-end=\"312\">collecter des fonds au profit de la Ligue contre le cancer<\/strong>. C\u2019est dans ce cadre qu\u2019une <strong data-start=\"341\" data-end=\"407\">randonn\u00e9e solidaire est organis\u00e9e le mardi 28 octobre prochain<\/strong>, avec un <strong data-start=\"417\" data-end=\"466\">d\u00e9part \u00e0 13 h 30 \u00e0 l\u2019aire des Trois Fauteuils<\/strong>.<\/h2>\n<p data-start=\"154\" data-end=\"469\"><!--more--><\/p>\n<p data-start=\"471\" data-end=\"684\">Le parcours, long de <strong data-start=\"492\" data-end=\"500\">8 km<\/strong> pour <strong data-start=\"506\" data-end=\"534\">300 m de d\u00e9nivel\u00e9 cumul\u00e9<\/strong>, sera encadr\u00e9 par des <strong data-start=\"557\" data-end=\"586\">guides b\u00e9n\u00e9voles dipl\u00f4m\u00e9s<\/strong> par la <strong data-start=\"594\" data-end=\"624\">F\u00e9d\u00e9ration du Club Vosgien<\/strong> et la <strong data-start=\"631\" data-end=\"681\">F\u00e9d\u00e9ration Europ\u00e9enne de la Randonn\u00e9e P\u00e9destre<\/strong>.<\/p>\n<p data-start=\"686\" data-end=\"837\" data-is-last-node=\"\" data-is-only-node=\"\">L\u2019<strong data-start=\"688\" data-end=\"712\">int\u00e9gralit\u00e9 des dons<\/strong> r\u00e9colt\u00e9s sera ensuite <strong data-start=\"729\" data-end=\"769\">revers\u00e9e \u00e0 la Ligue contre le cancer<\/strong>, le <strong data-start=\"774\" data-end=\"793\">don \u00e9tant libre<\/strong> selon l\u2019appr\u00e9ciation de chaque participant.<\/p>\n","protected":false},"excerpt":{"rendered":"<p>Le Club Vosgien de Saint-Di\u00e9-des-Vosges se mobilise \u00e0 l\u2019occasion d\u2019Octobre Rose afin de collecter des fonds au profit de la [&hellip;]<\/p>\n","protected":false},"author":46,"featured_media":64549,"comment_status":"open","ping_status":"open","sticky":false,"template":"","format":"standard","meta":{"footnotes":""},"categories":[460,167,29,17],"tags":[6099,3923,3624,2268],"class_list":["post-83741","post","type-post","status-publish","format-standard","has-post-thumbnail","hentry","category-a-la-une","category-saint-die-des-vosges","category-solidarite","category-vie-associative","tag-aire-des-trois-fauteuils","tag-club-vosgien-de-saint-die-des-vosges","tag-massif-du-kemberg","tag-octobre-rose"],"acf":[],"yoast_head":"<!-- This site is optimized with the Yoast SEO plugin v22.5 - https:\/\/yoast.com\/wordpress\/plugins\/seo\/ -->\n<title>Une randonn\u00e9e solidaire du Club Vosgien pour Octobre Rose - Saint Die Info<\/title>\n<meta name=\"robots\" content=\"index, follow, max-snippet:-1, max-image-preview:large, max-video-preview:-1\" \/>\n<link rel=\"canonical\" href=\"https:\/\/vosgesinfo.fr\/saintdieinfo\/2025\/10\/une-randonnee-solidaire-du-club-vosgien-pour-octobre-rose\/\" \/>\n<meta name=\"twitter:card\" content=\"summary_large_image\" \/>\n<meta name=\"twitter:title\" content=\"Une randonn\u00e9e solidaire du Club Vosgien pour Octobre Rose - Saint Die Info\" \/>\n<meta name=\"twitter:description\" content=\"Le Club Vosgien de Saint-Di\u00e9-des-Vosges se mobilise \u00e0 l\u2019occasion d\u2019Octobre Rose afin de collecter des fonds au profit de la [&hellip;]\" \/>\n<meta name=\"twitter:image\" content=\"https:\/\/vosgesinfo.fr\/app\/uploads\/sites\/4\/2024\/08\/202305tour-kemberg-club-vosgien-4.jpg\" \/>\n<meta name=\"twitter:creator\" content=\"@VosgesInfo88\" \/>\n<meta name=\"twitter:site\" content=\"@VosgesInfo88\" \/>\n<meta name=\"twitter:label1\" content=\"\u00c9crit par\" \/>\n\t<meta name=\"twitter:data1\" content=\"J.J.\" \/>\n\t<meta name=\"twitter:label2\" content=\"Dur\u00e9e de lecture estim\u00e9e\" \/>\n\t<meta name=\"twitter:data2\" content=\"1 minute\" \/>\n<script type=\"application\/ld+json\" class=\"yoast-schema-graph\">{\"@context\":\"https:\/\/schema.org\",\"@graph\":[{\"@type\":\"Article\",\"@id\":\"https:\/\/vosgesinfo.fr\/saintdieinfo\/2025\/10\/une-randonnee-solidaire-du-club-vosgien-pour-octobre-rose\/#article\",\"isPartOf\":{\"@id\":\"https:\/\/vosgesinfo.fr\/saintdieinfo\/2025\/10\/une-randonnee-solidaire-du-club-vosgien-pour-octobre-rose\/\"},\"author\":{\"name\":\"J.J.\",\"@id\":\"https:\/\/vosgesinfo.fr\/saintdieinfo\/#\/schema\/person\/fa73e9f726d67bb88f46d5b7943cb572\"},\"headline\":\"Une randonn\u00e9e solidaire du Club Vosgien pour Octobre Rose\",\"datePublished\":\"2025-10-22T07:25:36+00:00\",\"dateModified\":\"2025-10-22T07:21:18+00:00\",\"mainEntityOfPage\":{\"@id\":\"https:\/\/vosgesinfo.fr\/saintdieinfo\/2025\/10\/une-randonnee-solidaire-du-club-vosgien-pour-octobre-rose\/\"},\"wordCount\":143,\"commentCount\":0,\"publisher\":{\"@id\":\"https:\/\/vosgesinfo.fr\/saintdieinfo\/#organization\"},\"image\":{\"@id\":\"https:\/\/vosgesinfo.fr\/saintdieinfo\/2025\/10\/une-randonnee-solidaire-du-club-vosgien-pour-octobre-rose\/#primaryimage\"},\"thumbnailUrl\":\"https:\/\/vosgesinfo.fr\/app\/uploads\/sites\/4\/2024\/08\/202305tour-kemberg-club-vosgien-4.jpg\",\"keywords\":[\"Aire des Trois Fauteuils\",\"Club Vosgien de Saint-Di\u00e9-des-Vosges\",\"Massif du Kemberg\",\"Octobre Rose\"],\"articleSection\":[\"A la Une\",\"Saint-Di\u00e9-des-Vosges\",\"Solidarit\u00e9\",\"Vie Associative\"],\"inLanguage\":\"fr-FR\",\"potentialAction\":[{\"@type\":\"CommentAction\",\"name\":\"Comment\",\"target\":[\"https:\/\/vosgesinfo.fr\/saintdieinfo\/2025\/10\/une-randonnee-solidaire-du-club-vosgien-pour-octobre-rose\/#respond\"]}]},{\"@type\":\"WebPage\",\"@id\":\"https:\/\/vosgesinfo.fr\/saintdieinfo\/2025\/10\/une-randonnee-solidaire-du-club-vosgien-pour-octobre-rose\/\",\"url\":\"https:\/\/vosgesinfo.fr\/saintdieinfo\/2025\/10\/une-randonnee-solidaire-du-club-vosgien-pour-octobre-rose\/\",\"name\":\"Une randonn\u00e9e solidaire du Club Vosgien pour Octobre Rose - Saint Die Info\",\"isPartOf\":{\"@id\":\"https:\/\/vosgesinfo.fr\/saintdieinfo\/#website\"},\"primaryImageOfPage\":{\"@id\":\"https:\/\/vosgesinfo.fr\/saintdieinfo\/2025\/10\/une-randonnee-solidaire-du-club-vosgien-pour-octobre-rose\/#primaryimage\"},\"image\":{\"@id\":\"https:\/\/vosgesinfo.fr\/saintdieinfo\/2025\/10\/une-randonnee-solidaire-du-club-vosgien-pour-octobre-rose\/#primaryimage\"},\"thumbnailUrl\":\"https:\/\/vosgesinfo.fr\/app\/uploads\/sites\/4\/2024\/08\/202305tour-kemberg-club-vosgien-4.jpg\",\"datePublished\":\"2025-10-22T07:25:36+00:00\",\"dateModified\":\"2025-10-22T07:21:18+00:00\",\"breadcrumb\":{\"@id\":\"https:\/\/vosgesinfo.fr\/saintdieinfo\/2025\/10\/une-randonnee-solidaire-du-club-vosgien-pour-octobre-rose\/#breadcrumb\"},\"inLanguage\":\"fr-FR\",\"potentialAction\":[{\"@type\":\"ReadAction\",\"target\":[\"https:\/\/vosgesinfo.fr\/saintdieinfo\/2025\/10\/une-randonnee-solidaire-du-club-vosgien-pour-octobre-rose\/\"]}]},{\"@type\":\"ImageObject\",\"inLanguage\":\"fr-FR\",\"@id\":\"https:\/\/vosgesinfo.fr\/saintdieinfo\/2025\/10\/une-randonnee-solidaire-du-club-vosgien-pour-octobre-rose\/#primaryimage\",\"url\":\"https:\/\/vosgesinfo.fr\/app\/uploads\/sites\/4\/2024\/08\/202305tour-kemberg-club-vosgien-4.jpg\",\"contentUrl\":\"https:\/\/vosgesinfo.fr\/app\/uploads\/sites\/4\/2024\/08\/202305tour-kemberg-club-vosgien-4.jpg\",\"width\":1024,\"height\":683,\"caption\":\"Illustration. (Archive)\"},{\"@type\":\"BreadcrumbList\",\"@id\":\"https:\/\/vosgesinfo.fr\/saintdieinfo\/2025\/10\/une-randonnee-solidaire-du-club-vosgien-pour-octobre-rose\/#breadcrumb\",\"itemListElement\":[{\"@type\":\"ListItem\",\"position\":1,\"name\":\"Home\",\"item\":\"https:\/\/vosgesinfo.fr\/saintdieinfo\/\"},{\"@type\":\"ListItem\",\"position\":2,\"name\":\"Une randonn\u00e9e solidaire du Club Vosgien pour Octobre Rose\"}]},{\"@type\":\"WebSite\",\"@id\":\"https:\/\/vosgesinfo.fr\/saintdieinfo\/#website\",\"url\":\"https:\/\/vosgesinfo.fr\/saintdieinfo\/\",\"name\":\"Saint Die Info\",\"description\":\"Toute l&#039;actualit\u00e9 de Saint-Di\u00e9-Des-Vosges\",\"publisher\":{\"@id\":\"https:\/\/vosgesinfo.fr\/saintdieinfo\/#organization\"},\"alternateName\":\"Toute l'actualit\u00e9 de Saint-Di\u00e9-Des-Vosges\",\"potentialAction\":[{\"@type\":\"SearchAction\",\"target\":{\"@type\":\"EntryPoint\",\"urlTemplate\":\"https:\/\/vosgesinfo.fr\/saintdieinfo\/?s={search_term_string}\"},\"query-input\":\"required name=search_term_string\"}],\"inLanguage\":\"fr-FR\"},{\"@type\":\"Organization\",\"@id\":\"https:\/\/vosgesinfo.fr\/saintdieinfo\/#organization\",\"name\":\"Saint Die Info\",\"url\":\"https:\/\/vosgesinfo.fr\/saintdieinfo\/\",\"logo\":{\"@type\":\"ImageObject\",\"inLanguage\":\"fr-FR\",\"@id\":\"https:\/\/vosgesinfo.fr\/saintdieinfo\/#\/schema\/logo\/image\/\",\"url\":\"https:\/\/vosgesinfo.fr\/app\/uploads\/sites\/4\/2024\/02\/logo-sdi.jpg\",\"contentUrl\":\"https:\/\/vosgesinfo.fr\/app\/uploads\/sites\/4\/2024\/02\/logo-sdi.jpg\",\"width\":600,\"height\":600,\"caption\":\"Saint Die Info\"},\"image\":{\"@id\":\"https:\/\/vosgesinfo.fr\/saintdieinfo\/#\/schema\/logo\/image\/\"},\"sameAs\":[\"https:\/\/www.facebook.com\/Saintdieinfofr\",\"https:\/\/x.com\/VosgesInfo88\",\"https:\/\/www.youtube.com\/@vosgesinfo\"]},{\"@type\":\"Person\",\"@id\":\"https:\/\/vosgesinfo.fr\/saintdieinfo\/#\/schema\/person\/fa73e9f726d67bb88f46d5b7943cb572\",\"name\":\"J.J.\",\"image\":{\"@type\":\"ImageObject\",\"inLanguage\":\"fr-FR\",\"@id\":\"https:\/\/vosgesinfo.fr\/saintdieinfo\/#\/schema\/person\/image\/\",\"url\":\"https:\/\/secure.gravatar.com\/avatar\/219e749e47ffbcca018a360ae4add7d4cdf1cdaaf8bc7676b27efade3fe65615?s=96&d=mm&r=g\",\"contentUrl\":\"https:\/\/secure.gravatar.com\/avatar\/219e749e47ffbcca018a360ae4add7d4cdf1cdaaf8bc7676b27efade3fe65615?s=96&d=mm&r=g\",\"caption\":\"J.J.\"},\"url\":\"https:\/\/vosgesinfo.fr\/saintdieinfo\/author\/j-j\/\"}]}<\/script>\n<!-- \/ Yoast SEO plugin. -->","yoast_head_json":{"title":"Une randonn\u00e9e solidaire du Club Vosgien pour Octobre Rose - Saint Die Info","robots":{"index":"index","follow":"follow","max-snippet":"max-snippet:-1","max-image-preview":"max-image-preview:large","max-video-preview":"max-video-preview:-1"},"canonical":"https:\/\/vosgesinfo.fr\/saintdieinfo\/2025\/10\/une-randonnee-solidaire-du-club-vosgien-pour-octobre-rose\/","twitter_card":"summary_large_image","twitter_title":"Une randonn\u00e9e solidaire du Club Vosgien pour Octobre Rose - Saint Die Info","twitter_description":"Le Club Vosgien de Saint-Di\u00e9-des-Vosges se mobilise \u00e0 l\u2019occasion d\u2019Octobre Rose afin de collecter des fonds au profit de la [&hellip;]","twitter_image":"https:\/\/vosgesinfo.fr\/app\/uploads\/sites\/4\/2024\/08\/202305tour-kemberg-club-vosgien-4.jpg","twitter_creator":"@VosgesInfo88","twitter_site":"@VosgesInfo88","twitter_misc":{"\u00c9crit par":"J.J.","Dur\u00e9e de lecture estim\u00e9e":"1 minute"},"schema":{"@context":"https:\/\/schema.org","@graph":[{"@type":"Article","@id":"https:\/\/vosgesinfo.fr\/saintdieinfo\/2025\/10\/une-randonnee-solidaire-du-club-vosgien-pour-octobre-rose\/#article","isPartOf":{"@id":"https:\/\/vosgesinfo.fr\/saintdieinfo\/2025\/10\/une-randonnee-solidaire-du-club-vosgien-pour-octobre-rose\/"},"author":{"name":"J.J.","@id":"https:\/\/vosgesinfo.fr\/saintdieinfo\/#\/schema\/person\/fa73e9f726d67bb88f46d5b7943cb572"},"headline":"Une randonn\u00e9e solidaire du Club Vosgien pour Octobre Rose","datePublished":"2025-10-22T07:25:36+00:00","dateModified":"2025-10-22T07:21:18+00:00","mainEntityOfPage":{"@id":"https:\/\/vosgesinfo.fr\/saintdieinfo\/2025\/10\/une-randonnee-solidaire-du-club-vosgien-pour-octobre-rose\/"},"wordCount":143,"commentCount":0,"publisher":{"@id":"https:\/\/vosgesinfo.fr\/saintdieinfo\/#organization"},"image":{"@id":"https:\/\/vosgesinfo.fr\/saintdieinfo\/2025\/10\/une-randonnee-solidaire-du-club-vosgien-pour-octobre-rose\/#primaryimage"},"thumbnailUrl":"https:\/\/vosgesinfo.fr\/app\/uploads\/sites\/4\/2024\/08\/202305tour-kemberg-club-vosgien-4.jpg","keywords":["Aire des Trois Fauteuils","Club Vosgien de Saint-Di\u00e9-des-Vosges","Massif du Kemberg","Octobre Rose"],"articleSection":["A la Une","Saint-Di\u00e9-des-Vosges","Solidarit\u00e9","Vie Associative"],"inLanguage":"fr-FR","potentialAction":[{"@type":"CommentAction","name":"Comment","target":["https:\/\/vosgesinfo.fr\/saintdieinfo\/2025\/10\/une-randonnee-solidaire-du-club-vosgien-pour-octobre-rose\/#respond"]}]},{"@type":"WebPage","@id":"https:\/\/vosgesinfo.fr\/saintdieinfo\/2025\/10\/une-randonnee-solidaire-du-club-vosgien-pour-octobre-rose\/","url":"https:\/\/vosgesinfo.fr\/saintdieinfo\/2025\/10\/une-randonnee-solidaire-du-club-vosgien-pour-octobre-rose\/","name":"Une randonn\u00e9e solidaire du Club Vosgien pour Octobre Rose - Saint Die Info","isPartOf":{"@id":"https:\/\/vosgesinfo.fr\/saintdieinfo\/#website"},"primaryImageOfPage":{"@id":"https:\/\/vosgesinfo.fr\/saintdieinfo\/2025\/10\/une-randonnee-solidaire-du-club-vosgien-pour-octobre-rose\/#primaryimage"},"image":{"@id":"https:\/\/vosgesinfo.fr\/saintdieinfo\/2025\/10\/une-randonnee-solidaire-du-club-vosgien-pour-octobre-rose\/#primaryimage"},"thumbnailUrl":"https:\/\/vosgesinfo.fr\/app\/uploads\/sites\/4\/2024\/08\/202305tour-kemberg-club-vosgien-4.jpg","datePublished":"2025-10-22T07:25:36+00:00","dateModified":"2025-10-22T07:21:18+00:00","breadcrumb":{"@id":"https:\/\/vosgesinfo.fr\/saintdieinfo\/2025\/10\/une-randonnee-solidaire-du-club-vosgien-pour-octobre-rose\/#breadcrumb"},"inLanguage":"fr-FR","potentialAction":[{"@type":"ReadAction","target":["https:\/\/vosgesinfo.fr\/saintdieinfo\/2025\/10\/une-randonnee-solidaire-du-club-vosgien-pour-octobre-rose\/"]}]},{"@type":"ImageObject","inLanguage":"fr-FR","@id":"https:\/\/vosgesinfo.fr\/saintdieinfo\/2025\/10\/une-randonnee-solidaire-du-club-vosgien-pour-octobre-rose\/#primaryimage","url":"https:\/\/vosgesinfo.fr\/app\/uploads\/sites\/4\/2024\/08\/202305tour-kemberg-club-vosgien-4.jpg","contentUrl":"https:\/\/vosgesinfo.fr\/app\/uploads\/sites\/4\/2024\/08\/202305tour-kemberg-club-vosgien-4.jpg","width":1024,"height":683,"caption":"Illustration. (Archive)"},{"@type":"BreadcrumbList","@id":"https:\/\/vosgesinfo.fr\/saintdieinfo\/2025\/10\/une-randonnee-solidaire-du-club-vosgien-pour-octobre-rose\/#breadcrumb","itemListElement":[{"@type":"ListItem","position":1,"name":"Home","item":"https:\/\/vosgesinfo.fr\/saintdieinfo\/"},{"@type":"ListItem","position":2,"name":"Une randonn\u00e9e solidaire du Club Vosgien pour Octobre Rose"}]},{"@type":"WebSite","@id":"https:\/\/vosgesinfo.fr\/saintdieinfo\/#website","url":"https:\/\/vosgesinfo.fr\/saintdieinfo\/","name":"Saint Die Info","description":"Toute l&#039;actualit\u00e9 de Saint-Di\u00e9-Des-Vosges","publisher":{"@id":"https:\/\/vosgesinfo.fr\/saintdieinfo\/#organization"},"alternateName":"Toute l'actualit\u00e9 de Saint-Di\u00e9-Des-Vosges","potentialAction":[{"@type":"SearchAction","target":{"@type":"EntryPoint","urlTemplate":"https:\/\/vosgesinfo.fr\/saintdieinfo\/?s={search_term_string}"},"query-input":"required name=search_term_string"}],"inLanguage":"fr-FR"},{"@type":"Organization","@id":"https:\/\/vosgesinfo.fr\/saintdieinfo\/#organization","name":"Saint Die Info","url":"https:\/\/vosgesinfo.fr\/saintdieinfo\/","logo":{"@type":"ImageObject","inLanguage":"fr-FR","@id":"https:\/\/vosgesinfo.fr\/saintdieinfo\/#\/schema\/logo\/image\/","url":"https:\/\/vosgesinfo.fr\/app\/uploads\/sites\/4\/2024\/02\/logo-sdi.jpg","contentUrl":"https:\/\/vosgesinfo.fr\/app\/uploads\/sites\/4\/2024\/02\/logo-sdi.jpg","width":600,"height":600,"caption":"Saint Die Info"},"image":{"@id":"https:\/\/vosgesinfo.fr\/saintdieinfo\/#\/schema\/logo\/image\/"},"sameAs":["https:\/\/www.facebook.com\/Saintdieinfofr","https:\/\/x.com\/VosgesInfo88","https:\/\/www.youtube.com\/@vosgesinfo"]},{"@type":"Person","@id":"https:\/\/vosgesinfo.fr\/saintdieinfo\/#\/schema\/person\/fa73e9f726d67bb88f46d5b7943cb572","name":"J.J.","image":{"@type":"ImageObject","inLanguage":"fr-FR","@id":"https:\/\/vosgesinfo.fr\/saintdieinfo\/#\/schema\/person\/image\/","url":"https:\/\/secure.gravatar.com\/avatar\/219e749e47ffbcca018a360ae4add7d4cdf1cdaaf8bc7676b27efade3fe65615?s=96&d=mm&r=g","contentUrl":"https:\/\/secure.gravatar.com\/avatar\/219e749e47ffbcca018a360ae4add7d4cdf1cdaaf8bc7676b27efade3fe65615?s=96&d=mm&r=g","caption":"J.J."},"url":"https:\/\/vosgesinfo.fr\/saintdieinfo\/author\/j-j\/"}]}},"_links":{"self":[{"href":"https:\/\/vosgesinfo.fr\/saintdieinfo\/wp-json\/wp\/v2\/posts\/83741","targetHints":{"allow":["GET"]}}],"collection":[{"href":"https:\/\/vosgesinfo.fr\/saintdieinfo\/wp-json\/wp\/v2\/posts"}],"about":[{"href":"https:\/\/vosgesinfo.fr\/saintdieinfo\/wp-json\/wp\/v2\/types\/post"}],"author":[{"embeddable":true,"href":"https:\/\/vosgesinfo.fr\/saintdieinfo\/wp-json\/wp\/v2\/users\/46"}],"replies":[{"embeddable":true,"href":"https:\/\/vosgesinfo.fr\/saintdieinfo\/wp-json\/wp\/v2\/comments?post=83741"}],"version-history":[{"count":1,"href":"https:\/\/vosgesinfo.fr\/saintdieinfo\/wp-json\/wp\/v2\/posts\/83741\/revisions"}],"predecessor-version":[{"id":83742,"href":"https:\/\/vosgesinfo.fr\/saintdieinfo\/wp-json\/wp\/v2\/posts\/83741\/revisions\/83742"}],"wp:featuredmedia":[{"embeddable":true,"href":"https:\/\/vosgesinfo.fr\/saintdieinfo\/wp-json\/wp\/v2\/media\/64549"}],"wp:attachment":[{"href":"https:\/\/vosgesinfo.fr\/saintdieinfo\/wp-json\/wp\/v2\/media?parent=83741"}],"wp:term":[{"taxonomy":"category","embeddable":true,"href":"https:\/\/vosgesinfo.fr\/saintdieinfo\/wp-json\/wp\/v2\/categories?post=83741"},{"taxonomy":"post_tag","embeddable":true,"href":"https:\/\/vosgesinfo.fr\/saintdieinfo\/wp-json\/wp\/v2\/tags?post=83741"}],"curies":[{"name":"wp","href":"https:\/\/api.w.org\/{rel}","templated":true}]}}