{"id":83762,"date":"2025-10-22T13:11:47","date_gmt":"2025-10-22T11:11:47","guid":{"rendered":"https:\/\/vosgesinfo.fr\/saintdieinfo\/?p=83762"},"modified":"2025-10-22T13:08:08","modified_gmt":"2025-10-22T11:08:08","slug":"tempete-benjamin-les-vosges-en-vigilance-jaune","status":"publish","type":"post","link":"https:\/\/vosgesinfo.fr\/saintdieinfo\/2025\/10\/tempete-benjamin-les-vosges-en-vigilance-jaune\/","title":{"rendered":"Temp\u00eate Benjamin : les Vosges en vigilance jaune"},"content":{"rendered":"<div id=\"attachment_83766\" style=\"width: 728px\" class=\"wp-caption alignnone\"><a href=\"https:\/\/vosgesinfo.fr\/app\/uploads\/sites\/4\/2025\/10\/201712vent-1.jpg\"><img decoding=\"async\" aria-describedby=\"caption-attachment-83766\" class=\"size-full wp-image-83766\" src=\"https:\/\/vosgesinfo.fr\/app\/uploads\/sites\/4\/2025\/10\/201712vent-1.jpg\" alt=\"\" width=\"718\" height=\"449\" srcset=\"https:\/\/vosgesinfo.fr\/app\/uploads\/sites\/4\/2025\/10\/201712vent-1.jpg 718w, https:\/\/vosgesinfo.fr\/app\/uploads\/sites\/4\/2025\/10\/201712vent-1-300x188.jpg 300w\" sizes=\"(max-width: 718px) 100vw, 718px\" \/><\/a><p id=\"caption-attachment-83766\" class=\"wp-caption-text\">(Illustration)<\/p><\/div>\n<h2>Le <strong>d\u00e9partement des Vosges<\/strong> est plac\u00e9 en <strong>vigilance jaune pour vent fort<\/strong> \u00e0 partir de <strong>ce jeudi \u00e0 2 h<\/strong>, et ce jusqu\u2019\u00e0 <strong>vendredi \u00e0 6 h<\/strong>, en raison du passage de la <strong>temp\u00eate Benjamin<\/strong>.<\/h2>\n<p><!--more--><\/p>\n<h3><strong>Des rafales jusqu&rsquo;\u00e0 130 km\/h<\/strong><\/h3>\n<p>Cette perturbation traversera le d\u00e9partement <strong>d\u2019ouest en est<\/strong>, entre <strong>la nuit de mercredi \u00e0 jeudi<\/strong> et <strong>le d\u00e9but d\u2019apr\u00e8s-midi de jeudi<\/strong>, apportant <strong>orages, pluies soutenues<\/strong> et <strong>rafales violentes<\/strong>. Les <strong>ventes les plus fortes<\/strong> sont attendues <strong>jeudi en fin de matin\u00e9e<\/strong>, avec des <strong>rafales de 80 \u00e0 100 km\/h en plaine<\/strong> et <strong>jusqu\u2019\u00e0 130 km\/h sur les cr\u00eates vosgiennes<\/strong>. Une <strong>att\u00e9nuation progressive<\/strong> est pr\u00e9vue \u00e0 partir de <strong>jeudi 14 h<\/strong>, m\u00eame si des vents de <strong>60 \u00e0 80 km\/h<\/strong> resteront possibles en soir\u00e9e.<\/p>\n<h3><strong>Prudence ces prochaines heures<\/strong><\/h3>\n<p>Les <strong>arbres encore feuillus<\/strong> et les <strong>sols humides<\/strong> augmentent les risques de <strong>chutes de branches ou d\u2019arbres<\/strong>. La <strong>Pr\u00e9fecture des Vosges<\/strong> invite \u00e0 <strong>limiter les d\u00e9placements<\/strong> et \u00e0 <strong>\u00e9viter les activit\u00e9s ext\u00e9rieures expos\u00e9es<\/strong>, notamment en <strong>for\u00eat<\/strong> ou sur les <strong>chantiers<\/strong>. Il est \u00e9galement conseill\u00e9 de <strong>ranger ou attacher les objets sensibles au vent<\/strong>.<\/p>\n<h3><strong>Suivre l&rsquo;\u00e9volution m\u00e9t\u00e9o<\/strong><\/h3>\n<p>Pour suivre l&rsquo;\u00e9volution de la situation :\u00a0<strong><a href=\"https:\/\/vigilance.meteofrance.fr\/fr\/vosges\" target=\"_blank\" rel=\"noopener\">vigilance.meteofrance.fr\/fr\/vosges<\/a>.<\/strong><\/p>\n","protected":false},"excerpt":{"rendered":"<p>Le d\u00e9partement des Vosges est plac\u00e9 en vigilance jaune pour vent fort \u00e0 partir de ce jeudi \u00e0 2 h, [&hellip;]<\/p>\n","protected":false},"author":46,"featured_media":83766,"comment_status":"open","ping_status":"open","sticky":false,"template":"","format":"standard","meta":{"footnotes":""},"categories":[460,18],"tags":[3587,550,18508,18509,17947],"class_list":["post-83762","post","type-post","status-publish","format-standard","has-post-thumbnail","hentry","category-a-la-une","category-vosges","tag-meteo-france","tag-prefecture-des-vosges","tag-tempete-benjamin","tag-vents-forts","tag-vigilance-jaune-dans-les-vosges"],"acf":[],"yoast_head":"<!-- This site is optimized with the Yoast SEO plugin v22.5 - https:\/\/yoast.com\/wordpress\/plugins\/seo\/ -->\n<title>Temp\u00eate Benjamin : les Vosges en vigilance jaune - Saint Die Info<\/title>\n<meta name=\"robots\" content=\"index, follow, max-snippet:-1, max-image-preview:large, max-video-preview:-1\" \/>\n<link rel=\"canonical\" href=\"https:\/\/vosgesinfo.fr\/saintdieinfo\/2025\/10\/tempete-benjamin-les-vosges-en-vigilance-jaune\/\" \/>\n<meta name=\"twitter:card\" content=\"summary_large_image\" \/>\n<meta name=\"twitter:title\" content=\"Temp\u00eate Benjamin : les Vosges en vigilance jaune - Saint Die Info\" \/>\n<meta name=\"twitter:description\" content=\"Le d\u00e9partement des Vosges est plac\u00e9 en vigilance jaune pour vent fort \u00e0 partir de ce jeudi \u00e0 2 h, [&hellip;]\" \/>\n<meta name=\"twitter:image\" content=\"https:\/\/vosgesinfo.fr\/app\/uploads\/sites\/4\/2025\/10\/201712vent-1.jpg\" \/>\n<meta name=\"twitter:creator\" content=\"@VosgesInfo88\" \/>\n<meta name=\"twitter:site\" content=\"@VosgesInfo88\" \/>\n<meta name=\"twitter:label1\" content=\"\u00c9crit par\" \/>\n\t<meta name=\"twitter:data1\" content=\"J.J.\" \/>\n\t<meta name=\"twitter:label2\" content=\"Dur\u00e9e de lecture estim\u00e9e\" \/>\n\t<meta name=\"twitter:data2\" content=\"1 minute\" \/>\n<script type=\"application\/ld+json\" class=\"yoast-schema-graph\">{\"@context\":\"https:\/\/schema.org\",\"@graph\":[{\"@type\":\"Article\",\"@id\":\"https:\/\/vosgesinfo.fr\/saintdieinfo\/2025\/10\/tempete-benjamin-les-vosges-en-vigilance-jaune\/#article\",\"isPartOf\":{\"@id\":\"https:\/\/vosgesinfo.fr\/saintdieinfo\/2025\/10\/tempete-benjamin-les-vosges-en-vigilance-jaune\/\"},\"author\":{\"name\":\"J.J.\",\"@id\":\"https:\/\/vosgesinfo.fr\/saintdieinfo\/#\/schema\/person\/fa73e9f726d67bb88f46d5b7943cb572\"},\"headline\":\"Temp\u00eate Benjamin : les Vosges en vigilance jaune\",\"datePublished\":\"2025-10-22T11:11:47+00:00\",\"dateModified\":\"2025-10-22T11:08:08+00:00\",\"mainEntityOfPage\":{\"@id\":\"https:\/\/vosgesinfo.fr\/saintdieinfo\/2025\/10\/tempete-benjamin-les-vosges-en-vigilance-jaune\/\"},\"wordCount\":219,\"commentCount\":0,\"publisher\":{\"@id\":\"https:\/\/vosgesinfo.fr\/saintdieinfo\/#organization\"},\"image\":{\"@id\":\"https:\/\/vosgesinfo.fr\/saintdieinfo\/2025\/10\/tempete-benjamin-les-vosges-en-vigilance-jaune\/#primaryimage\"},\"thumbnailUrl\":\"https:\/\/vosgesinfo.fr\/app\/uploads\/sites\/4\/2025\/10\/201712vent-1.jpg\",\"keywords\":[\"M\u00e9t\u00e9o France\",\"pr\u00e9fecture des Vosges\",\"Temp\u00eate Benjamin\",\"Vents forts\",\"Vigilance jaune dans les Vosges\"],\"articleSection\":[\"A la Une\",\"Vosges\"],\"inLanguage\":\"fr-FR\",\"potentialAction\":[{\"@type\":\"CommentAction\",\"name\":\"Comment\",\"target\":[\"https:\/\/vosgesinfo.fr\/saintdieinfo\/2025\/10\/tempete-benjamin-les-vosges-en-vigilance-jaune\/#respond\"]}]},{\"@type\":\"WebPage\",\"@id\":\"https:\/\/vosgesinfo.fr\/saintdieinfo\/2025\/10\/tempete-benjamin-les-vosges-en-vigilance-jaune\/\",\"url\":\"https:\/\/vosgesinfo.fr\/saintdieinfo\/2025\/10\/tempete-benjamin-les-vosges-en-vigilance-jaune\/\",\"name\":\"Temp\u00eate Benjamin : les Vosges en vigilance jaune - Saint Die Info\",\"isPartOf\":{\"@id\":\"https:\/\/vosgesinfo.fr\/saintdieinfo\/#website\"},\"primaryImageOfPage\":{\"@id\":\"https:\/\/vosgesinfo.fr\/saintdieinfo\/2025\/10\/tempete-benjamin-les-vosges-en-vigilance-jaune\/#primaryimage\"},\"image\":{\"@id\":\"https:\/\/vosgesinfo.fr\/saintdieinfo\/2025\/10\/tempete-benjamin-les-vosges-en-vigilance-jaune\/#primaryimage\"},\"thumbnailUrl\":\"https:\/\/vosgesinfo.fr\/app\/uploads\/sites\/4\/2025\/10\/201712vent-1.jpg\",\"datePublished\":\"2025-10-22T11:11:47+00:00\",\"dateModified\":\"2025-10-22T11:08:08+00:00\",\"breadcrumb\":{\"@id\":\"https:\/\/vosgesinfo.fr\/saintdieinfo\/2025\/10\/tempete-benjamin-les-vosges-en-vigilance-jaune\/#breadcrumb\"},\"inLanguage\":\"fr-FR\",\"potentialAction\":[{\"@type\":\"ReadAction\",\"target\":[\"https:\/\/vosgesinfo.fr\/saintdieinfo\/2025\/10\/tempete-benjamin-les-vosges-en-vigilance-jaune\/\"]}]},{\"@type\":\"ImageObject\",\"inLanguage\":\"fr-FR\",\"@id\":\"https:\/\/vosgesinfo.fr\/saintdieinfo\/2025\/10\/tempete-benjamin-les-vosges-en-vigilance-jaune\/#primaryimage\",\"url\":\"https:\/\/vosgesinfo.fr\/app\/uploads\/sites\/4\/2025\/10\/201712vent-1.jpg\",\"contentUrl\":\"https:\/\/vosgesinfo.fr\/app\/uploads\/sites\/4\/2025\/10\/201712vent-1.jpg\",\"width\":718,\"height\":449,\"caption\":\"(Illustration)\"},{\"@type\":\"BreadcrumbList\",\"@id\":\"https:\/\/vosgesinfo.fr\/saintdieinfo\/2025\/10\/tempete-benjamin-les-vosges-en-vigilance-jaune\/#breadcrumb\",\"itemListElement\":[{\"@type\":\"ListItem\",\"position\":1,\"name\":\"Home\",\"item\":\"https:\/\/vosgesinfo.fr\/saintdieinfo\/\"},{\"@type\":\"ListItem\",\"position\":2,\"name\":\"Temp\u00eate Benjamin : les Vosges en vigilance jaune\"}]},{\"@type\":\"WebSite\",\"@id\":\"https:\/\/vosgesinfo.fr\/saintdieinfo\/#website\",\"url\":\"https:\/\/vosgesinfo.fr\/saintdieinfo\/\",\"name\":\"Saint Die Info\",\"description\":\"Toute l&#039;actualit\u00e9 de Saint-Di\u00e9-Des-Vosges\",\"publisher\":{\"@id\":\"https:\/\/vosgesinfo.fr\/saintdieinfo\/#organization\"},\"alternateName\":\"Toute l'actualit\u00e9 de Saint-Di\u00e9-Des-Vosges\",\"potentialAction\":[{\"@type\":\"SearchAction\",\"target\":{\"@type\":\"EntryPoint\",\"urlTemplate\":\"https:\/\/vosgesinfo.fr\/saintdieinfo\/?s={search_term_string}\"},\"query-input\":\"required name=search_term_string\"}],\"inLanguage\":\"fr-FR\"},{\"@type\":\"Organization\",\"@id\":\"https:\/\/vosgesinfo.fr\/saintdieinfo\/#organization\",\"name\":\"Saint Die Info\",\"url\":\"https:\/\/vosgesinfo.fr\/saintdieinfo\/\",\"logo\":{\"@type\":\"ImageObject\",\"inLanguage\":\"fr-FR\",\"@id\":\"https:\/\/vosgesinfo.fr\/saintdieinfo\/#\/schema\/logo\/image\/\",\"url\":\"https:\/\/vosgesinfo.fr\/app\/uploads\/sites\/4\/2024\/02\/logo-sdi.jpg\",\"contentUrl\":\"https:\/\/vosgesinfo.fr\/app\/uploads\/sites\/4\/2024\/02\/logo-sdi.jpg\",\"width\":600,\"height\":600,\"caption\":\"Saint Die Info\"},\"image\":{\"@id\":\"https:\/\/vosgesinfo.fr\/saintdieinfo\/#\/schema\/logo\/image\/\"},\"sameAs\":[\"https:\/\/www.facebook.com\/Saintdieinfofr\",\"https:\/\/x.com\/VosgesInfo88\",\"https:\/\/www.youtube.com\/@vosgesinfo\"]},{\"@type\":\"Person\",\"@id\":\"https:\/\/vosgesinfo.fr\/saintdieinfo\/#\/schema\/person\/fa73e9f726d67bb88f46d5b7943cb572\",\"name\":\"J.J.\",\"image\":{\"@type\":\"ImageObject\",\"inLanguage\":\"fr-FR\",\"@id\":\"https:\/\/vosgesinfo.fr\/saintdieinfo\/#\/schema\/person\/image\/\",\"url\":\"https:\/\/secure.gravatar.com\/avatar\/219e749e47ffbcca018a360ae4add7d4cdf1cdaaf8bc7676b27efade3fe65615?s=96&d=mm&r=g\",\"contentUrl\":\"https:\/\/secure.gravatar.com\/avatar\/219e749e47ffbcca018a360ae4add7d4cdf1cdaaf8bc7676b27efade3fe65615?s=96&d=mm&r=g\",\"caption\":\"J.J.\"},\"url\":\"https:\/\/vosgesinfo.fr\/saintdieinfo\/author\/j-j\/\"}]}<\/script>\n<!-- \/ Yoast SEO plugin. -->","yoast_head_json":{"title":"Temp\u00eate Benjamin : les Vosges en vigilance jaune - Saint Die Info","robots":{"index":"index","follow":"follow","max-snippet":"max-snippet:-1","max-image-preview":"max-image-preview:large","max-video-preview":"max-video-preview:-1"},"canonical":"https:\/\/vosgesinfo.fr\/saintdieinfo\/2025\/10\/tempete-benjamin-les-vosges-en-vigilance-jaune\/","twitter_card":"summary_large_image","twitter_title":"Temp\u00eate Benjamin : les Vosges en vigilance jaune - Saint Die Info","twitter_description":"Le d\u00e9partement des Vosges est plac\u00e9 en vigilance jaune pour vent fort \u00e0 partir de ce jeudi \u00e0 2 h, [&hellip;]","twitter_image":"https:\/\/vosgesinfo.fr\/app\/uploads\/sites\/4\/2025\/10\/201712vent-1.jpg","twitter_creator":"@VosgesInfo88","twitter_site":"@VosgesInfo88","twitter_misc":{"\u00c9crit par":"J.J.","Dur\u00e9e de lecture estim\u00e9e":"1 minute"},"schema":{"@context":"https:\/\/schema.org","@graph":[{"@type":"Article","@id":"https:\/\/vosgesinfo.fr\/saintdieinfo\/2025\/10\/tempete-benjamin-les-vosges-en-vigilance-jaune\/#article","isPartOf":{"@id":"https:\/\/vosgesinfo.fr\/saintdieinfo\/2025\/10\/tempete-benjamin-les-vosges-en-vigilance-jaune\/"},"author":{"name":"J.J.","@id":"https:\/\/vosgesinfo.fr\/saintdieinfo\/#\/schema\/person\/fa73e9f726d67bb88f46d5b7943cb572"},"headline":"Temp\u00eate Benjamin : les Vosges en vigilance jaune","datePublished":"2025-10-22T11:11:47+00:00","dateModified":"2025-10-22T11:08:08+00:00","mainEntityOfPage":{"@id":"https:\/\/vosgesinfo.fr\/saintdieinfo\/2025\/10\/tempete-benjamin-les-vosges-en-vigilance-jaune\/"},"wordCount":219,"commentCount":0,"publisher":{"@id":"https:\/\/vosgesinfo.fr\/saintdieinfo\/#organization"},"image":{"@id":"https:\/\/vosgesinfo.fr\/saintdieinfo\/2025\/10\/tempete-benjamin-les-vosges-en-vigilance-jaune\/#primaryimage"},"thumbnailUrl":"https:\/\/vosgesinfo.fr\/app\/uploads\/sites\/4\/2025\/10\/201712vent-1.jpg","keywords":["M\u00e9t\u00e9o France","pr\u00e9fecture des Vosges","Temp\u00eate Benjamin","Vents forts","Vigilance jaune dans les Vosges"],"articleSection":["A la Une","Vosges"],"inLanguage":"fr-FR","potentialAction":[{"@type":"CommentAction","name":"Comment","target":["https:\/\/vosgesinfo.fr\/saintdieinfo\/2025\/10\/tempete-benjamin-les-vosges-en-vigilance-jaune\/#respond"]}]},{"@type":"WebPage","@id":"https:\/\/vosgesinfo.fr\/saintdieinfo\/2025\/10\/tempete-benjamin-les-vosges-en-vigilance-jaune\/","url":"https:\/\/vosgesinfo.fr\/saintdieinfo\/2025\/10\/tempete-benjamin-les-vosges-en-vigilance-jaune\/","name":"Temp\u00eate Benjamin : les Vosges en vigilance jaune - Saint Die Info","isPartOf":{"@id":"https:\/\/vosgesinfo.fr\/saintdieinfo\/#website"},"primaryImageOfPage":{"@id":"https:\/\/vosgesinfo.fr\/saintdieinfo\/2025\/10\/tempete-benjamin-les-vosges-en-vigilance-jaune\/#primaryimage"},"image":{"@id":"https:\/\/vosgesinfo.fr\/saintdieinfo\/2025\/10\/tempete-benjamin-les-vosges-en-vigilance-jaune\/#primaryimage"},"thumbnailUrl":"https:\/\/vosgesinfo.fr\/app\/uploads\/sites\/4\/2025\/10\/201712vent-1.jpg","datePublished":"2025-10-22T11:11:47+00:00","dateModified":"2025-10-22T11:08:08+00:00","breadcrumb":{"@id":"https:\/\/vosgesinfo.fr\/saintdieinfo\/2025\/10\/tempete-benjamin-les-vosges-en-vigilance-jaune\/#breadcrumb"},"inLanguage":"fr-FR","potentialAction":[{"@type":"ReadAction","target":["https:\/\/vosgesinfo.fr\/saintdieinfo\/2025\/10\/tempete-benjamin-les-vosges-en-vigilance-jaune\/"]}]},{"@type":"ImageObject","inLanguage":"fr-FR","@id":"https:\/\/vosgesinfo.fr\/saintdieinfo\/2025\/10\/tempete-benjamin-les-vosges-en-vigilance-jaune\/#primaryimage","url":"https:\/\/vosgesinfo.fr\/app\/uploads\/sites\/4\/2025\/10\/201712vent-1.jpg","contentUrl":"https:\/\/vosgesinfo.fr\/app\/uploads\/sites\/4\/2025\/10\/201712vent-1.jpg","width":718,"height":449,"caption":"(Illustration)"},{"@type":"BreadcrumbList","@id":"https:\/\/vosgesinfo.fr\/saintdieinfo\/2025\/10\/tempete-benjamin-les-vosges-en-vigilance-jaune\/#breadcrumb","itemListElement":[{"@type":"ListItem","position":1,"name":"Home","item":"https:\/\/vosgesinfo.fr\/saintdieinfo\/"},{"@type":"ListItem","position":2,"name":"Temp\u00eate Benjamin : les Vosges en vigilance jaune"}]},{"@type":"WebSite","@id":"https:\/\/vosgesinfo.fr\/saintdieinfo\/#website","url":"https:\/\/vosgesinfo.fr\/saintdieinfo\/","name":"Saint Die Info","description":"Toute l&#039;actualit\u00e9 de Saint-Di\u00e9-Des-Vosges","publisher":{"@id":"https:\/\/vosgesinfo.fr\/saintdieinfo\/#organization"},"alternateName":"Toute l'actualit\u00e9 de Saint-Di\u00e9-Des-Vosges","potentialAction":[{"@type":"SearchAction","target":{"@type":"EntryPoint","urlTemplate":"https:\/\/vosgesinfo.fr\/saintdieinfo\/?s={search_term_string}"},"query-input":"required name=search_term_string"}],"inLanguage":"fr-FR"},{"@type":"Organization","@id":"https:\/\/vosgesinfo.fr\/saintdieinfo\/#organization","name":"Saint Die Info","url":"https:\/\/vosgesinfo.fr\/saintdieinfo\/","logo":{"@type":"ImageObject","inLanguage":"fr-FR","@id":"https:\/\/vosgesinfo.fr\/saintdieinfo\/#\/schema\/logo\/image\/","url":"https:\/\/vosgesinfo.fr\/app\/uploads\/sites\/4\/2024\/02\/logo-sdi.jpg","contentUrl":"https:\/\/vosgesinfo.fr\/app\/uploads\/sites\/4\/2024\/02\/logo-sdi.jpg","width":600,"height":600,"caption":"Saint Die Info"},"image":{"@id":"https:\/\/vosgesinfo.fr\/saintdieinfo\/#\/schema\/logo\/image\/"},"sameAs":["https:\/\/www.facebook.com\/Saintdieinfofr","https:\/\/x.com\/VosgesInfo88","https:\/\/www.youtube.com\/@vosgesinfo"]},{"@type":"Person","@id":"https:\/\/vosgesinfo.fr\/saintdieinfo\/#\/schema\/person\/fa73e9f726d67bb88f46d5b7943cb572","name":"J.J.","image":{"@type":"ImageObject","inLanguage":"fr-FR","@id":"https:\/\/vosgesinfo.fr\/saintdieinfo\/#\/schema\/person\/image\/","url":"https:\/\/secure.gravatar.com\/avatar\/219e749e47ffbcca018a360ae4add7d4cdf1cdaaf8bc7676b27efade3fe65615?s=96&d=mm&r=g","contentUrl":"https:\/\/secure.gravatar.com\/avatar\/219e749e47ffbcca018a360ae4add7d4cdf1cdaaf8bc7676b27efade3fe65615?s=96&d=mm&r=g","caption":"J.J."},"url":"https:\/\/vosgesinfo.fr\/saintdieinfo\/author\/j-j\/"}]}},"_links":{"self":[{"href":"https:\/\/vosgesinfo.fr\/saintdieinfo\/wp-json\/wp\/v2\/posts\/83762","targetHints":{"allow":["GET"]}}],"collection":[{"href":"https:\/\/vosgesinfo.fr\/saintdieinfo\/wp-json\/wp\/v2\/posts"}],"about":[{"href":"https:\/\/vosgesinfo.fr\/saintdieinfo\/wp-json\/wp\/v2\/types\/post"}],"author":[{"embeddable":true,"href":"https:\/\/vosgesinfo.fr\/saintdieinfo\/wp-json\/wp\/v2\/users\/46"}],"replies":[{"embeddable":true,"href":"https:\/\/vosgesinfo.fr\/saintdieinfo\/wp-json\/wp\/v2\/comments?post=83762"}],"version-history":[{"count":1,"href":"https:\/\/vosgesinfo.fr\/saintdieinfo\/wp-json\/wp\/v2\/posts\/83762\/revisions"}],"predecessor-version":[{"id":83767,"href":"https:\/\/vosgesinfo.fr\/saintdieinfo\/wp-json\/wp\/v2\/posts\/83762\/revisions\/83767"}],"wp:featuredmedia":[{"embeddable":true,"href":"https:\/\/vosgesinfo.fr\/saintdieinfo\/wp-json\/wp\/v2\/media\/83766"}],"wp:attachment":[{"href":"https:\/\/vosgesinfo.fr\/saintdieinfo\/wp-json\/wp\/v2\/media?parent=83762"}],"wp:term":[{"taxonomy":"category","embeddable":true,"href":"https:\/\/vosgesinfo.fr\/saintdieinfo\/wp-json\/wp\/v2\/categories?post=83762"},{"taxonomy":"post_tag","embeddable":true,"href":"https:\/\/vosgesinfo.fr\/saintdieinfo\/wp-json\/wp\/v2\/tags?post=83762"}],"curies":[{"name":"wp","href":"https:\/\/api.w.org\/{rel}","templated":true}]}}