{"id":83768,"date":"2025-10-22T13:21:13","date_gmt":"2025-10-22T11:21:13","guid":{"rendered":"https:\/\/vosgesinfo.fr\/saintdieinfo\/?p=83768"},"modified":"2025-10-22T13:17:48","modified_gmt":"2025-10-22T11:17:48","slug":"les-sapeurs-pompiers-des-vosges-renforcent-leurs-partenariats-institutionnels","status":"publish","type":"post","link":"https:\/\/vosgesinfo.fr\/saintdieinfo\/2025\/10\/les-sapeurs-pompiers-des-vosges-renforcent-leurs-partenariats-institutionnels\/","title":{"rendered":"Les Sapeurs-Pompiers des Vosges renforcent leurs partenariats institutionnels"},"content":{"rendered":"<div id=\"attachment_83771\" style=\"width: 1034px\" class=\"wp-caption alignnone\"><a href=\"https:\/\/vosgesinfo.fr\/app\/uploads\/sites\/4\/2025\/10\/vosges-double-convention-sdis88-3.jpg\"><img decoding=\"async\" aria-describedby=\"caption-attachment-83771\" class=\"size-large wp-image-83771\" src=\"https:\/\/vosgesinfo.fr\/app\/uploads\/sites\/4\/2025\/10\/vosges-double-convention-sdis88-3-1024x683.jpg\" alt=\"\" width=\"1024\" height=\"683\" srcset=\"https:\/\/vosgesinfo.fr\/app\/uploads\/sites\/4\/2025\/10\/vosges-double-convention-sdis88-3-1024x683.jpg 1024w, https:\/\/vosgesinfo.fr\/app\/uploads\/sites\/4\/2025\/10\/vosges-double-convention-sdis88-3-300x200.jpg 300w, https:\/\/vosgesinfo.fr\/app\/uploads\/sites\/4\/2025\/10\/vosges-double-convention-sdis88-3-768x512.jpg 768w, https:\/\/vosgesinfo.fr\/app\/uploads\/sites\/4\/2025\/10\/vosges-double-convention-sdis88-3-1536x1024.jpg 1536w, https:\/\/vosgesinfo.fr\/app\/uploads\/sites\/4\/2025\/10\/vosges-double-convention-sdis88-3.jpg 1620w\" sizes=\"(max-width: 1024px) 100vw, 1024px\" \/><\/a><p id=\"caption-attachment-83771\" class=\"wp-caption-text\">(Photographies Sapeurs-Pompiers des Vosges)<\/p><\/div>\n<h2>Le <strong>Service D\u00e9partemental d\u2019Incendie et de Secours des Vosges (SDIS)<\/strong> a franchi une nouvelle \u00e9tape dans son engagement aupr\u00e8s des habitants, en signant deux <strong>conventions de coop\u00e9ration<\/strong> ce mardi.<\/h2>\n<p><!--more--><\/p>\n<h3><strong>Une collaboration renforc\u00e9e avec la Gendarmerie<\/strong><\/h3>\n<p>La premi\u00e8re convention a \u00e9t\u00e9 sign\u00e9e avec la <strong>Gendarmerie D\u00e9partementale des Vosges<\/strong>, repr\u00e9sent\u00e9e par le <strong>colonel Gr\u00e9gory Moura<\/strong>, commandant le <strong>Groupement de la Gendarmerie des Vosges<\/strong>. Cet accord vient formaliser une coop\u00e9ration d\u00e9j\u00e0 solide, reposant sur le <strong>partage de moyens mat\u00e9riels<\/strong>, des <strong>formations communes<\/strong> et des <strong>temps d\u2019\u00e9change sur des th\u00e9matiques op\u00e9rationnelles<\/strong>, dans le but de <strong>mieux prot\u00e9ger le territoire et d\u2019am\u00e9liorer la prise en charge des victimes<\/strong>.<\/p>\n<h3><strong>Une convention avec les Finances publiques<\/strong><\/h3>\n<p>La seconde convention a \u00e9t\u00e9 conclue avec la <strong>Direction d\u00e9partementale des finances publiques des Vosges<\/strong>, repr\u00e9sent\u00e9e par sa directrice <strong>Nathalie Borel<\/strong>. Ce partenariat vise \u00e0 <strong>structurer la coop\u00e9ration financi\u00e8re et organisationnelle<\/strong> entre les deux institutions, afin de <strong>garantir la p\u00e9rennit\u00e9 et l\u2019efficacit\u00e9 de la r\u00e9ponse op\u00e9rationnelle du SDIS<\/strong>.<\/p>\n<h3><strong>Travailler en coh\u00e9rence, intelligence et solidarit\u00e9<\/strong><\/h3>\n<p>\u00ab Ces accords confirment <strong data-start=\"25\" data-end=\"52\">notre engagement commun<\/strong> : <strong data-start=\"55\" data-end=\"82\">travailler en coh\u00e9rence<\/strong>, en <strong data-start=\"87\" data-end=\"103\">intelligence<\/strong> et en <strong data-start=\"110\" data-end=\"143\">solidarit\u00e9 entre institutions<\/strong> pour <strong data-start=\"149\" data-end=\"205\">prot\u00e9ger, secourir et servir au plus pr\u00e8s des Vosges<\/strong>. Un grand merci \u00e0 <strong data-start=\"226\" data-end=\"245\">nos partenaires<\/strong> pour la <strong data-start=\"254\" data-end=\"267\">confiance<\/strong> et la <strong data-start=\"274\" data-end=\"290\">mobilisation<\/strong> \u00bb a comment\u00e9 le <strong data-start=\"19\" data-end=\"30\">SDIS 88<\/strong> suite \u00e0 ces <strong data-start=\"43\" data-end=\"77\">deux signatures de conventions<\/strong>.<\/p>\n<div class=\"x14z9mp xat24cr x1lziwak x1vvkbs xtlvy1s x126k92a\"><\/div>\n<div class=\"x14z9mp xat24cr x1lziwak x1vvkbs xtlvy1s x126k92a\">\n<div dir=\"auto\"><\/div>\n<\/div>\n\n\t\t<style type=\"text\/css\">\n\t\t\t#gallery-1 {\n\t\t\t\tmargin: auto;\n\t\t\t}\n\t\t\t#gallery-1 .gallery-item {\n\t\t\t\tfloat: left;\n\t\t\t\tmargin-top: 10px;\n\t\t\t\ttext-align: center;\n\t\t\t\twidth: 50%;\n\t\t\t}\n\t\t\t#gallery-1 img {\n\t\t\t\tborder: 2px solid #cfcfcf;\n\t\t\t}\n\t\t\t#gallery-1 .gallery-caption {\n\t\t\t\tmargin-left: 0;\n\t\t\t}\n\t\t\t\/* see gallery_shortcode() in wp-includes\/media.php *\/\n\t\t<\/style>\n\t\t<div id='gallery-1' class='gallery galleryid-83768 gallery-columns-2 gallery-size-thumbnail'><dl class='gallery-item'>\n\t\t\t<dt class='gallery-icon landscape'>\n\t\t\t\t<a href='https:\/\/vosgesinfo.fr\/app\/uploads\/sites\/4\/2025\/10\/vosges-double-convention-sdis88-2.jpg'><img decoding=\"async\" width=\"150\" height=\"150\" src=\"https:\/\/vosgesinfo.fr\/app\/uploads\/sites\/4\/2025\/10\/vosges-double-convention-sdis88-2-150x150.jpg\" class=\"attachment-thumbnail size-thumbnail\" alt=\"\" \/><\/a>\n\t\t\t<\/dt><\/dl><dl class='gallery-item'>\n\t\t\t<dt class='gallery-icon landscape'>\n\t\t\t\t<a href='https:\/\/vosgesinfo.fr\/app\/uploads\/sites\/4\/2025\/10\/vosges-double-convention-sdis88-1.jpg'><img decoding=\"async\" width=\"150\" height=\"150\" src=\"https:\/\/vosgesinfo.fr\/app\/uploads\/sites\/4\/2025\/10\/vosges-double-convention-sdis88-1-150x150.jpg\" class=\"attachment-thumbnail size-thumbnail\" alt=\"\" \/><\/a>\n\t\t\t<\/dt><\/dl><br style=\"clear: both\" \/>\n\t\t<\/div>\n\n","protected":false},"excerpt":{"rendered":"<p>Le Service D\u00e9partemental d\u2019Incendie et de Secours des Vosges (SDIS) a franchi une nouvelle \u00e9tape dans son engagement aupr\u00e8s des [&hellip;]<\/p>\n","protected":false},"author":46,"featured_media":83771,"comment_status":"open","ping_status":"open","sticky":false,"template":"","format":"standard","meta":{"footnotes":""},"categories":[460,18],"tags":[18510,1017,2896],"class_list":["post-83768","post","type-post","status-publish","format-standard","has-post-thumbnail","hentry","category-a-la-une","category-vosges","tag-les-sapeurs-pompiers-des-vosges-renforcent-leurs-partenariats-institutionnels","tag-sapeurs-pompiers-des-vosges","tag-sdis-88"],"acf":[],"yoast_head":"<!-- This site is optimized with the Yoast SEO plugin v22.5 - https:\/\/yoast.com\/wordpress\/plugins\/seo\/ -->\n<title>Les Sapeurs-Pompiers des Vosges renforcent leurs partenariats institutionnels - Saint Die Info<\/title>\n<meta name=\"robots\" content=\"index, follow, max-snippet:-1, max-image-preview:large, max-video-preview:-1\" \/>\n<link rel=\"canonical\" href=\"https:\/\/vosgesinfo.fr\/saintdieinfo\/2025\/10\/les-sapeurs-pompiers-des-vosges-renforcent-leurs-partenariats-institutionnels\/\" \/>\n<meta name=\"twitter:card\" content=\"summary_large_image\" \/>\n<meta name=\"twitter:title\" content=\"Les Sapeurs-Pompiers des Vosges renforcent leurs partenariats institutionnels - Saint Die Info\" \/>\n<meta name=\"twitter:description\" content=\"Le Service D\u00e9partemental d\u2019Incendie et de Secours des Vosges (SDIS) a franchi une nouvelle \u00e9tape dans son engagement aupr\u00e8s des [&hellip;]\" \/>\n<meta name=\"twitter:image\" content=\"https:\/\/vosgesinfo.fr\/app\/uploads\/sites\/4\/2025\/10\/vosges-double-convention-sdis88-3.jpg\" \/>\n<meta name=\"twitter:creator\" content=\"@VosgesInfo88\" \/>\n<meta name=\"twitter:site\" content=\"@VosgesInfo88\" \/>\n<meta name=\"twitter:label1\" content=\"\u00c9crit par\" \/>\n\t<meta name=\"twitter:data1\" content=\"J.J.\" \/>\n\t<meta name=\"twitter:label2\" content=\"Dur\u00e9e de lecture estim\u00e9e\" \/>\n\t<meta name=\"twitter:data2\" content=\"1 minute\" \/>\n<script type=\"application\/ld+json\" class=\"yoast-schema-graph\">{\"@context\":\"https:\/\/schema.org\",\"@graph\":[{\"@type\":\"Article\",\"@id\":\"https:\/\/vosgesinfo.fr\/saintdieinfo\/2025\/10\/les-sapeurs-pompiers-des-vosges-renforcent-leurs-partenariats-institutionnels\/#article\",\"isPartOf\":{\"@id\":\"https:\/\/vosgesinfo.fr\/saintdieinfo\/2025\/10\/les-sapeurs-pompiers-des-vosges-renforcent-leurs-partenariats-institutionnels\/\"},\"author\":{\"name\":\"J.J.\",\"@id\":\"https:\/\/vosgesinfo.fr\/saintdieinfo\/#\/schema\/person\/fa73e9f726d67bb88f46d5b7943cb572\"},\"headline\":\"Les Sapeurs-Pompiers des Vosges renforcent leurs partenariats institutionnels\",\"datePublished\":\"2025-10-22T11:21:13+00:00\",\"dateModified\":\"2025-10-22T11:17:48+00:00\",\"mainEntityOfPage\":{\"@id\":\"https:\/\/vosgesinfo.fr\/saintdieinfo\/2025\/10\/les-sapeurs-pompiers-des-vosges-renforcent-leurs-partenariats-institutionnels\/\"},\"wordCount\":266,\"commentCount\":0,\"publisher\":{\"@id\":\"https:\/\/vosgesinfo.fr\/saintdieinfo\/#organization\"},\"image\":{\"@id\":\"https:\/\/vosgesinfo.fr\/saintdieinfo\/2025\/10\/les-sapeurs-pompiers-des-vosges-renforcent-leurs-partenariats-institutionnels\/#primaryimage\"},\"thumbnailUrl\":\"https:\/\/vosgesinfo.fr\/app\/uploads\/sites\/4\/2025\/10\/vosges-double-convention-sdis88-3.jpg\",\"keywords\":[\"Les Sapeurs-Pompiers des Vosges renforcent leurs partenariats institutionnels\",\"sapeurs-pompiers des Vosges\",\"SDIS 88\"],\"articleSection\":[\"A la Une\",\"Vosges\"],\"inLanguage\":\"fr-FR\",\"potentialAction\":[{\"@type\":\"CommentAction\",\"name\":\"Comment\",\"target\":[\"https:\/\/vosgesinfo.fr\/saintdieinfo\/2025\/10\/les-sapeurs-pompiers-des-vosges-renforcent-leurs-partenariats-institutionnels\/#respond\"]}]},{\"@type\":\"WebPage\",\"@id\":\"https:\/\/vosgesinfo.fr\/saintdieinfo\/2025\/10\/les-sapeurs-pompiers-des-vosges-renforcent-leurs-partenariats-institutionnels\/\",\"url\":\"https:\/\/vosgesinfo.fr\/saintdieinfo\/2025\/10\/les-sapeurs-pompiers-des-vosges-renforcent-leurs-partenariats-institutionnels\/\",\"name\":\"Les Sapeurs-Pompiers des Vosges renforcent leurs partenariats institutionnels - Saint Die Info\",\"isPartOf\":{\"@id\":\"https:\/\/vosgesinfo.fr\/saintdieinfo\/#website\"},\"primaryImageOfPage\":{\"@id\":\"https:\/\/vosgesinfo.fr\/saintdieinfo\/2025\/10\/les-sapeurs-pompiers-des-vosges-renforcent-leurs-partenariats-institutionnels\/#primaryimage\"},\"image\":{\"@id\":\"https:\/\/vosgesinfo.fr\/saintdieinfo\/2025\/10\/les-sapeurs-pompiers-des-vosges-renforcent-leurs-partenariats-institutionnels\/#primaryimage\"},\"thumbnailUrl\":\"https:\/\/vosgesinfo.fr\/app\/uploads\/sites\/4\/2025\/10\/vosges-double-convention-sdis88-3.jpg\",\"datePublished\":\"2025-10-22T11:21:13+00:00\",\"dateModified\":\"2025-10-22T11:17:48+00:00\",\"breadcrumb\":{\"@id\":\"https:\/\/vosgesinfo.fr\/saintdieinfo\/2025\/10\/les-sapeurs-pompiers-des-vosges-renforcent-leurs-partenariats-institutionnels\/#breadcrumb\"},\"inLanguage\":\"fr-FR\",\"potentialAction\":[{\"@type\":\"ReadAction\",\"target\":[\"https:\/\/vosgesinfo.fr\/saintdieinfo\/2025\/10\/les-sapeurs-pompiers-des-vosges-renforcent-leurs-partenariats-institutionnels\/\"]}]},{\"@type\":\"ImageObject\",\"inLanguage\":\"fr-FR\",\"@id\":\"https:\/\/vosgesinfo.fr\/saintdieinfo\/2025\/10\/les-sapeurs-pompiers-des-vosges-renforcent-leurs-partenariats-institutionnels\/#primaryimage\",\"url\":\"https:\/\/vosgesinfo.fr\/app\/uploads\/sites\/4\/2025\/10\/vosges-double-convention-sdis88-3.jpg\",\"contentUrl\":\"https:\/\/vosgesinfo.fr\/app\/uploads\/sites\/4\/2025\/10\/vosges-double-convention-sdis88-3.jpg\",\"width\":1620,\"height\":1080,\"caption\":\"(Photographies Sapeurs-Pompiers des Vosges)\"},{\"@type\":\"BreadcrumbList\",\"@id\":\"https:\/\/vosgesinfo.fr\/saintdieinfo\/2025\/10\/les-sapeurs-pompiers-des-vosges-renforcent-leurs-partenariats-institutionnels\/#breadcrumb\",\"itemListElement\":[{\"@type\":\"ListItem\",\"position\":1,\"name\":\"Home\",\"item\":\"https:\/\/vosgesinfo.fr\/saintdieinfo\/\"},{\"@type\":\"ListItem\",\"position\":2,\"name\":\"Les Sapeurs-Pompiers des Vosges renforcent leurs partenariats institutionnels\"}]},{\"@type\":\"WebSite\",\"@id\":\"https:\/\/vosgesinfo.fr\/saintdieinfo\/#website\",\"url\":\"https:\/\/vosgesinfo.fr\/saintdieinfo\/\",\"name\":\"Saint Die Info\",\"description\":\"Toute l&#039;actualit\u00e9 de Saint-Di\u00e9-Des-Vosges\",\"publisher\":{\"@id\":\"https:\/\/vosgesinfo.fr\/saintdieinfo\/#organization\"},\"alternateName\":\"Toute l'actualit\u00e9 de Saint-Di\u00e9-Des-Vosges\",\"potentialAction\":[{\"@type\":\"SearchAction\",\"target\":{\"@type\":\"EntryPoint\",\"urlTemplate\":\"https:\/\/vosgesinfo.fr\/saintdieinfo\/?s={search_term_string}\"},\"query-input\":\"required name=search_term_string\"}],\"inLanguage\":\"fr-FR\"},{\"@type\":\"Organization\",\"@id\":\"https:\/\/vosgesinfo.fr\/saintdieinfo\/#organization\",\"name\":\"Saint Die Info\",\"url\":\"https:\/\/vosgesinfo.fr\/saintdieinfo\/\",\"logo\":{\"@type\":\"ImageObject\",\"inLanguage\":\"fr-FR\",\"@id\":\"https:\/\/vosgesinfo.fr\/saintdieinfo\/#\/schema\/logo\/image\/\",\"url\":\"https:\/\/vosgesinfo.fr\/app\/uploads\/sites\/4\/2024\/02\/logo-sdi.jpg\",\"contentUrl\":\"https:\/\/vosgesinfo.fr\/app\/uploads\/sites\/4\/2024\/02\/logo-sdi.jpg\",\"width\":600,\"height\":600,\"caption\":\"Saint Die Info\"},\"image\":{\"@id\":\"https:\/\/vosgesinfo.fr\/saintdieinfo\/#\/schema\/logo\/image\/\"},\"sameAs\":[\"https:\/\/www.facebook.com\/Saintdieinfofr\",\"https:\/\/x.com\/VosgesInfo88\",\"https:\/\/www.youtube.com\/@vosgesinfo\"]},{\"@type\":\"Person\",\"@id\":\"https:\/\/vosgesinfo.fr\/saintdieinfo\/#\/schema\/person\/fa73e9f726d67bb88f46d5b7943cb572\",\"name\":\"J.J.\",\"image\":{\"@type\":\"ImageObject\",\"inLanguage\":\"fr-FR\",\"@id\":\"https:\/\/vosgesinfo.fr\/saintdieinfo\/#\/schema\/person\/image\/\",\"url\":\"https:\/\/secure.gravatar.com\/avatar\/219e749e47ffbcca018a360ae4add7d4cdf1cdaaf8bc7676b27efade3fe65615?s=96&d=mm&r=g\",\"contentUrl\":\"https:\/\/secure.gravatar.com\/avatar\/219e749e47ffbcca018a360ae4add7d4cdf1cdaaf8bc7676b27efade3fe65615?s=96&d=mm&r=g\",\"caption\":\"J.J.\"},\"url\":\"https:\/\/vosgesinfo.fr\/saintdieinfo\/author\/j-j\/\"}]}<\/script>\n<!-- \/ Yoast SEO plugin. -->","yoast_head_json":{"title":"Les Sapeurs-Pompiers des Vosges renforcent leurs partenariats institutionnels - Saint Die Info","robots":{"index":"index","follow":"follow","max-snippet":"max-snippet:-1","max-image-preview":"max-image-preview:large","max-video-preview":"max-video-preview:-1"},"canonical":"https:\/\/vosgesinfo.fr\/saintdieinfo\/2025\/10\/les-sapeurs-pompiers-des-vosges-renforcent-leurs-partenariats-institutionnels\/","twitter_card":"summary_large_image","twitter_title":"Les Sapeurs-Pompiers des Vosges renforcent leurs partenariats institutionnels - Saint Die Info","twitter_description":"Le Service D\u00e9partemental d\u2019Incendie et de Secours des Vosges (SDIS) a franchi une nouvelle \u00e9tape dans son engagement aupr\u00e8s des [&hellip;]","twitter_image":"https:\/\/vosgesinfo.fr\/app\/uploads\/sites\/4\/2025\/10\/vosges-double-convention-sdis88-3.jpg","twitter_creator":"@VosgesInfo88","twitter_site":"@VosgesInfo88","twitter_misc":{"\u00c9crit par":"J.J.","Dur\u00e9e de lecture estim\u00e9e":"1 minute"},"schema":{"@context":"https:\/\/schema.org","@graph":[{"@type":"Article","@id":"https:\/\/vosgesinfo.fr\/saintdieinfo\/2025\/10\/les-sapeurs-pompiers-des-vosges-renforcent-leurs-partenariats-institutionnels\/#article","isPartOf":{"@id":"https:\/\/vosgesinfo.fr\/saintdieinfo\/2025\/10\/les-sapeurs-pompiers-des-vosges-renforcent-leurs-partenariats-institutionnels\/"},"author":{"name":"J.J.","@id":"https:\/\/vosgesinfo.fr\/saintdieinfo\/#\/schema\/person\/fa73e9f726d67bb88f46d5b7943cb572"},"headline":"Les Sapeurs-Pompiers des Vosges renforcent leurs partenariats institutionnels","datePublished":"2025-10-22T11:21:13+00:00","dateModified":"2025-10-22T11:17:48+00:00","mainEntityOfPage":{"@id":"https:\/\/vosgesinfo.fr\/saintdieinfo\/2025\/10\/les-sapeurs-pompiers-des-vosges-renforcent-leurs-partenariats-institutionnels\/"},"wordCount":266,"commentCount":0,"publisher":{"@id":"https:\/\/vosgesinfo.fr\/saintdieinfo\/#organization"},"image":{"@id":"https:\/\/vosgesinfo.fr\/saintdieinfo\/2025\/10\/les-sapeurs-pompiers-des-vosges-renforcent-leurs-partenariats-institutionnels\/#primaryimage"},"thumbnailUrl":"https:\/\/vosgesinfo.fr\/app\/uploads\/sites\/4\/2025\/10\/vosges-double-convention-sdis88-3.jpg","keywords":["Les Sapeurs-Pompiers des Vosges renforcent leurs partenariats institutionnels","sapeurs-pompiers des Vosges","SDIS 88"],"articleSection":["A la Une","Vosges"],"inLanguage":"fr-FR","potentialAction":[{"@type":"CommentAction","name":"Comment","target":["https:\/\/vosgesinfo.fr\/saintdieinfo\/2025\/10\/les-sapeurs-pompiers-des-vosges-renforcent-leurs-partenariats-institutionnels\/#respond"]}]},{"@type":"WebPage","@id":"https:\/\/vosgesinfo.fr\/saintdieinfo\/2025\/10\/les-sapeurs-pompiers-des-vosges-renforcent-leurs-partenariats-institutionnels\/","url":"https:\/\/vosgesinfo.fr\/saintdieinfo\/2025\/10\/les-sapeurs-pompiers-des-vosges-renforcent-leurs-partenariats-institutionnels\/","name":"Les Sapeurs-Pompiers des Vosges renforcent leurs partenariats institutionnels - Saint Die Info","isPartOf":{"@id":"https:\/\/vosgesinfo.fr\/saintdieinfo\/#website"},"primaryImageOfPage":{"@id":"https:\/\/vosgesinfo.fr\/saintdieinfo\/2025\/10\/les-sapeurs-pompiers-des-vosges-renforcent-leurs-partenariats-institutionnels\/#primaryimage"},"image":{"@id":"https:\/\/vosgesinfo.fr\/saintdieinfo\/2025\/10\/les-sapeurs-pompiers-des-vosges-renforcent-leurs-partenariats-institutionnels\/#primaryimage"},"thumbnailUrl":"https:\/\/vosgesinfo.fr\/app\/uploads\/sites\/4\/2025\/10\/vosges-double-convention-sdis88-3.jpg","datePublished":"2025-10-22T11:21:13+00:00","dateModified":"2025-10-22T11:17:48+00:00","breadcrumb":{"@id":"https:\/\/vosgesinfo.fr\/saintdieinfo\/2025\/10\/les-sapeurs-pompiers-des-vosges-renforcent-leurs-partenariats-institutionnels\/#breadcrumb"},"inLanguage":"fr-FR","potentialAction":[{"@type":"ReadAction","target":["https:\/\/vosgesinfo.fr\/saintdieinfo\/2025\/10\/les-sapeurs-pompiers-des-vosges-renforcent-leurs-partenariats-institutionnels\/"]}]},{"@type":"ImageObject","inLanguage":"fr-FR","@id":"https:\/\/vosgesinfo.fr\/saintdieinfo\/2025\/10\/les-sapeurs-pompiers-des-vosges-renforcent-leurs-partenariats-institutionnels\/#primaryimage","url":"https:\/\/vosgesinfo.fr\/app\/uploads\/sites\/4\/2025\/10\/vosges-double-convention-sdis88-3.jpg","contentUrl":"https:\/\/vosgesinfo.fr\/app\/uploads\/sites\/4\/2025\/10\/vosges-double-convention-sdis88-3.jpg","width":1620,"height":1080,"caption":"(Photographies Sapeurs-Pompiers des Vosges)"},{"@type":"BreadcrumbList","@id":"https:\/\/vosgesinfo.fr\/saintdieinfo\/2025\/10\/les-sapeurs-pompiers-des-vosges-renforcent-leurs-partenariats-institutionnels\/#breadcrumb","itemListElement":[{"@type":"ListItem","position":1,"name":"Home","item":"https:\/\/vosgesinfo.fr\/saintdieinfo\/"},{"@type":"ListItem","position":2,"name":"Les Sapeurs-Pompiers des Vosges renforcent leurs partenariats institutionnels"}]},{"@type":"WebSite","@id":"https:\/\/vosgesinfo.fr\/saintdieinfo\/#website","url":"https:\/\/vosgesinfo.fr\/saintdieinfo\/","name":"Saint Die Info","description":"Toute l&#039;actualit\u00e9 de Saint-Di\u00e9-Des-Vosges","publisher":{"@id":"https:\/\/vosgesinfo.fr\/saintdieinfo\/#organization"},"alternateName":"Toute l'actualit\u00e9 de Saint-Di\u00e9-Des-Vosges","potentialAction":[{"@type":"SearchAction","target":{"@type":"EntryPoint","urlTemplate":"https:\/\/vosgesinfo.fr\/saintdieinfo\/?s={search_term_string}"},"query-input":"required name=search_term_string"}],"inLanguage":"fr-FR"},{"@type":"Organization","@id":"https:\/\/vosgesinfo.fr\/saintdieinfo\/#organization","name":"Saint Die Info","url":"https:\/\/vosgesinfo.fr\/saintdieinfo\/","logo":{"@type":"ImageObject","inLanguage":"fr-FR","@id":"https:\/\/vosgesinfo.fr\/saintdieinfo\/#\/schema\/logo\/image\/","url":"https:\/\/vosgesinfo.fr\/app\/uploads\/sites\/4\/2024\/02\/logo-sdi.jpg","contentUrl":"https:\/\/vosgesinfo.fr\/app\/uploads\/sites\/4\/2024\/02\/logo-sdi.jpg","width":600,"height":600,"caption":"Saint Die Info"},"image":{"@id":"https:\/\/vosgesinfo.fr\/saintdieinfo\/#\/schema\/logo\/image\/"},"sameAs":["https:\/\/www.facebook.com\/Saintdieinfofr","https:\/\/x.com\/VosgesInfo88","https:\/\/www.youtube.com\/@vosgesinfo"]},{"@type":"Person","@id":"https:\/\/vosgesinfo.fr\/saintdieinfo\/#\/schema\/person\/fa73e9f726d67bb88f46d5b7943cb572","name":"J.J.","image":{"@type":"ImageObject","inLanguage":"fr-FR","@id":"https:\/\/vosgesinfo.fr\/saintdieinfo\/#\/schema\/person\/image\/","url":"https:\/\/secure.gravatar.com\/avatar\/219e749e47ffbcca018a360ae4add7d4cdf1cdaaf8bc7676b27efade3fe65615?s=96&d=mm&r=g","contentUrl":"https:\/\/secure.gravatar.com\/avatar\/219e749e47ffbcca018a360ae4add7d4cdf1cdaaf8bc7676b27efade3fe65615?s=96&d=mm&r=g","caption":"J.J."},"url":"https:\/\/vosgesinfo.fr\/saintdieinfo\/author\/j-j\/"}]}},"_links":{"self":[{"href":"https:\/\/vosgesinfo.fr\/saintdieinfo\/wp-json\/wp\/v2\/posts\/83768","targetHints":{"allow":["GET"]}}],"collection":[{"href":"https:\/\/vosgesinfo.fr\/saintdieinfo\/wp-json\/wp\/v2\/posts"}],"about":[{"href":"https:\/\/vosgesinfo.fr\/saintdieinfo\/wp-json\/wp\/v2\/types\/post"}],"author":[{"embeddable":true,"href":"https:\/\/vosgesinfo.fr\/saintdieinfo\/wp-json\/wp\/v2\/users\/46"}],"replies":[{"embeddable":true,"href":"https:\/\/vosgesinfo.fr\/saintdieinfo\/wp-json\/wp\/v2\/comments?post=83768"}],"version-history":[{"count":1,"href":"https:\/\/vosgesinfo.fr\/saintdieinfo\/wp-json\/wp\/v2\/posts\/83768\/revisions"}],"predecessor-version":[{"id":83772,"href":"https:\/\/vosgesinfo.fr\/saintdieinfo\/wp-json\/wp\/v2\/posts\/83768\/revisions\/83772"}],"wp:featuredmedia":[{"embeddable":true,"href":"https:\/\/vosgesinfo.fr\/saintdieinfo\/wp-json\/wp\/v2\/media\/83771"}],"wp:attachment":[{"href":"https:\/\/vosgesinfo.fr\/saintdieinfo\/wp-json\/wp\/v2\/media?parent=83768"}],"wp:term":[{"taxonomy":"category","embeddable":true,"href":"https:\/\/vosgesinfo.fr\/saintdieinfo\/wp-json\/wp\/v2\/categories?post=83768"},{"taxonomy":"post_tag","embeddable":true,"href":"https:\/\/vosgesinfo.fr\/saintdieinfo\/wp-json\/wp\/v2\/tags?post=83768"}],"curies":[{"name":"wp","href":"https:\/\/api.w.org\/{rel}","templated":true}]}}