{"id":83773,"date":"2025-10-22T13:31:36","date_gmt":"2025-10-22T11:31:36","guid":{"rendered":"https:\/\/vosgesinfo.fr\/saintdieinfo\/?p=83773"},"modified":"2025-10-22T13:29:14","modified_gmt":"2025-10-22T11:29:14","slug":"la-fete-foraine-dautomne-bientot-de-retour-a-saint-die-des-vosges","status":"publish","type":"post","link":"https:\/\/vosgesinfo.fr\/saintdieinfo\/2025\/10\/la-fete-foraine-dautomne-bientot-de-retour-a-saint-die-des-vosges\/","title":{"rendered":"La f\u00eate foraine d\u2019automne bient\u00f4t de retour \u00e0 Saint-Di\u00e9-des-Vosges"},"content":{"rendered":"<div id=\"attachment_70220\" style=\"width: 1034px\" class=\"wp-caption alignnone\"><a href=\"https:\/\/vosgesinfo.fr\/app\/uploads\/sites\/4\/2024\/11\/inauguration-fete-foraine-dautomne-sddv-1.jpg\"><img decoding=\"async\" aria-describedby=\"caption-attachment-70220\" class=\"size-large wp-image-70220\" src=\"https:\/\/vosgesinfo.fr\/app\/uploads\/sites\/4\/2024\/11\/inauguration-fete-foraine-dautomne-sddv-1-1024x683.jpg\" alt=\"\" width=\"1024\" height=\"683\" srcset=\"https:\/\/vosgesinfo.fr\/app\/uploads\/sites\/4\/2024\/11\/inauguration-fete-foraine-dautomne-sddv-1-1024x683.jpg 1024w, https:\/\/vosgesinfo.fr\/app\/uploads\/sites\/4\/2024\/11\/inauguration-fete-foraine-dautomne-sddv-1-300x200.jpg 300w, https:\/\/vosgesinfo.fr\/app\/uploads\/sites\/4\/2024\/11\/inauguration-fete-foraine-dautomne-sddv-1-768x512.jpg 768w, https:\/\/vosgesinfo.fr\/app\/uploads\/sites\/4\/2024\/11\/inauguration-fete-foraine-dautomne-sddv-1.jpg 1200w\" sizes=\"(max-width: 1024px) 100vw, 1024px\" \/><\/a><p id=\"caption-attachment-70220\" class=\"wp-caption-text\">(Archive)<\/p><\/div>\n<h2 data-start=\"74\" data-end=\"410\">La <strong data-start=\"77\" data-end=\"103\">f\u00eate foraine d\u2019automne<\/strong> sera de retour \u00e0 <strong data-start=\"128\" data-end=\"152\">Saint-Di\u00e9-des-Vosges<\/strong> \u00e0 partir du <strong data-start=\"165\" data-end=\"185\">lundi de la rentr\u00e9e scolaire. Soit le 3 novembre prochain<\/strong>, sur le <strong data-start=\"194\" data-end=\"215\">quai Jeanne-d\u2019Arc<\/strong>, le <strong data-start=\"220\" data-end=\"245\">quai du Mar\u00e9chal-Leclerc<\/strong> et la <strong data-start=\"252\" data-end=\"287\">place de la Premi\u00e8re Arm\u00e9e Fran\u00e7aise<\/strong>. Les <strong>industriels forains s\u2019installeront d\u00e8s 8 h<\/strong> ce lundi-l\u00e0, pour accueillir le public \u00e0 partir du <strong>samedi 8 novembre.<\/strong><\/h2>\n<p data-start=\"74\" data-end=\"410\"><!--more--><\/p>\n<h3 data-start=\"412\" data-end=\"456\"><strong>Installation et stationnement encadr\u00e9s<\/strong><\/h3>\n<p data-start=\"457\" data-end=\"898\">Afin d\u2019assurer la s\u00e9curit\u00e9 et la bonne organisation du site, la <strong data-start=\"521\" data-end=\"530\">Ville<\/strong> met en place plusieurs <strong data-start=\"554\" data-end=\"612\">mesures temporaires de circulation et de stationnement<\/strong>. Le <strong data-start=\"617\" data-end=\"648\">stationnement sera ainsi interdit<\/strong> du <strong data-start=\"652\" data-end=\"672\">3 au 18 novembre<\/strong>, notamment <strong data-start=\"684\" data-end=\"719\">place de la Premi\u00e8re Arm\u00e9e Fran\u00e7aise<\/strong>, <strong data-start=\"721\" data-end=\"743\">rue S\u00e9bastien-Lehr<\/strong>, <strong data-start=\"745\" data-end=\"771\">rue des Grands-Moulins<\/strong>, <strong data-start=\"773\" data-end=\"794\">quai Jeanne-d\u2019Arc<\/strong>, <strong data-start=\"796\" data-end=\"821\">quai Mar\u00e9chal-Leclerc<\/strong> et <strong data-start=\"825\" data-end=\"855\">rue des 4 Fr\u00e8res Mougeotte<\/strong>, sauf pour les riverains et les forains.<\/p>\n<p data-start=\"900\" data-end=\"1132\">Les <strong data-start=\"904\" data-end=\"930\">caravanes d\u2019habitation<\/strong> seront install\u00e9es <strong data-start=\"949\" data-end=\"972\">place Roger-Souchal<\/strong> et <strong data-start=\"976\" data-end=\"1006\">rue des 4 Fr\u00e8res Mougeotte<\/strong>, tandis que les <strong data-start=\"1023\" data-end=\"1042\">camions forains<\/strong> stationneront <strong data-start=\"1057\" data-end=\"1083\">rue du G\u00e9n\u00e9ral-Barrard<\/strong> et <strong data-start=\"1087\" data-end=\"1117\">rue des 4 Fr\u00e8res Mougeotte<\/strong> c\u00f4t\u00e9 impair.<\/p>\n<h3 data-start=\"1134\" data-end=\"1183\"><strong>Circulation adapt\u00e9e durant la manifestation<\/strong><\/h3>\n<p data-start=\"1184\" data-end=\"1576\">La <strong data-start=\"1187\" data-end=\"1225\">circulation sera limit\u00e9e \u00e0 30 km\/h<\/strong> entre le <strong data-start=\"1235\" data-end=\"1264\">rond-point Colette-Besson<\/strong> et <strong data-start=\"1268\" data-end=\"1293\">l\u2019avenue Ernest-Colin<\/strong>, et <strong data-start=\"1298\" data-end=\"1331\">interdite sur certaines voies<\/strong> pendant toute la dur\u00e9e de la f\u00eate. Les <strong data-start=\"1371\" data-end=\"1414\">panneaux de signalisation et d\u00e9viations<\/strong> seront mis en place par les <strong data-start=\"1443\" data-end=\"1478\">Services Techniques de la Ville<\/strong>, et les <strong data-start=\"1487\" data-end=\"1514\">v\u00e9hicules en infraction<\/strong> pourront \u00eatre <strong data-start=\"1529\" data-end=\"1573\">enlev\u00e9s aux frais de leurs propri\u00e9taires<\/strong>.<\/p>\n<p data-start=\"1578\" data-end=\"1690\" data-is-last-node=\"\" data-is-only-node=\"\">Ces mesures resteront en vigueur <strong data-start=\"1611\" data-end=\"1648\">jusqu\u2019au mardi 18 novembre \u00e0 16 h<\/strong>, le temps du d\u00e9montage des installations.<\/p>\n","protected":false},"excerpt":{"rendered":"<p>La f\u00eate foraine d\u2019automne sera de retour \u00e0 Saint-Di\u00e9-des-Vosges \u00e0 partir du lundi de la rentr\u00e9e scolaire. Soit le 3 [&hellip;]<\/p>\n","protected":false},"author":46,"featured_media":70220,"comment_status":"open","ping_status":"open","sticky":false,"template":"","format":"standard","meta":{"footnotes":""},"categories":[460,20,167],"tags":[2089,4825,6709,10646,5126,6655],"class_list":["post-83773","post","type-post","status-publish","format-standard","has-post-thumbnail","hentry","category-a-la-une","category-loisirs","category-saint-die-des-vosges","tag-fete-foraine","tag-fete-foraine-dautomne-de-saint-die-des-vosges","tag-industriels-forains","tag-place-de-la-premiere-armee-francaise","tag-quai-du-marechal-leclerc","tag-quai-jeanne-darc"],"acf":[],"yoast_head":"<!-- This site is optimized with the Yoast SEO plugin v22.5 - https:\/\/yoast.com\/wordpress\/plugins\/seo\/ -->\n<title>La f\u00eate foraine d\u2019automne bient\u00f4t de retour \u00e0 Saint-Di\u00e9-des-Vosges - Saint Die Info<\/title>\n<meta name=\"robots\" content=\"index, follow, max-snippet:-1, max-image-preview:large, max-video-preview:-1\" \/>\n<link rel=\"canonical\" href=\"https:\/\/vosgesinfo.fr\/saintdieinfo\/2025\/10\/la-fete-foraine-dautomne-bientot-de-retour-a-saint-die-des-vosges\/\" \/>\n<meta name=\"twitter:card\" content=\"summary_large_image\" \/>\n<meta name=\"twitter:title\" content=\"La f\u00eate foraine d\u2019automne bient\u00f4t de retour \u00e0 Saint-Di\u00e9-des-Vosges - Saint Die Info\" \/>\n<meta name=\"twitter:description\" content=\"La f\u00eate foraine d\u2019automne sera de retour \u00e0 Saint-Di\u00e9-des-Vosges \u00e0 partir du lundi de la rentr\u00e9e scolaire. Soit le 3 [&hellip;]\" \/>\n<meta name=\"twitter:image\" content=\"https:\/\/vosgesinfo.fr\/app\/uploads\/sites\/4\/2024\/11\/inauguration-fete-foraine-dautomne-sddv-1.jpg\" \/>\n<meta name=\"twitter:creator\" content=\"@VosgesInfo88\" \/>\n<meta name=\"twitter:site\" content=\"@VosgesInfo88\" \/>\n<meta name=\"twitter:label1\" content=\"\u00c9crit par\" \/>\n\t<meta name=\"twitter:data1\" content=\"J.J.\" \/>\n\t<meta name=\"twitter:label2\" content=\"Dur\u00e9e de lecture estim\u00e9e\" \/>\n\t<meta name=\"twitter:data2\" content=\"1 minute\" \/>\n<script type=\"application\/ld+json\" class=\"yoast-schema-graph\">{\"@context\":\"https:\/\/schema.org\",\"@graph\":[{\"@type\":\"Article\",\"@id\":\"https:\/\/vosgesinfo.fr\/saintdieinfo\/2025\/10\/la-fete-foraine-dautomne-bientot-de-retour-a-saint-die-des-vosges\/#article\",\"isPartOf\":{\"@id\":\"https:\/\/vosgesinfo.fr\/saintdieinfo\/2025\/10\/la-fete-foraine-dautomne-bientot-de-retour-a-saint-die-des-vosges\/\"},\"author\":{\"name\":\"J.J.\",\"@id\":\"https:\/\/vosgesinfo.fr\/saintdieinfo\/#\/schema\/person\/fa73e9f726d67bb88f46d5b7943cb572\"},\"headline\":\"La f\u00eate foraine d\u2019automne bient\u00f4t de retour \u00e0 Saint-Di\u00e9-des-Vosges\",\"datePublished\":\"2025-10-22T11:31:36+00:00\",\"dateModified\":\"2025-10-22T11:29:14+00:00\",\"mainEntityOfPage\":{\"@id\":\"https:\/\/vosgesinfo.fr\/saintdieinfo\/2025\/10\/la-fete-foraine-dautomne-bientot-de-retour-a-saint-die-des-vosges\/\"},\"wordCount\":276,\"commentCount\":0,\"publisher\":{\"@id\":\"https:\/\/vosgesinfo.fr\/saintdieinfo\/#organization\"},\"image\":{\"@id\":\"https:\/\/vosgesinfo.fr\/saintdieinfo\/2025\/10\/la-fete-foraine-dautomne-bientot-de-retour-a-saint-die-des-vosges\/#primaryimage\"},\"thumbnailUrl\":\"https:\/\/vosgesinfo.fr\/app\/uploads\/sites\/4\/2024\/11\/inauguration-fete-foraine-dautomne-sddv-1.jpg\",\"keywords\":[\"f\u00eate foraine\",\"F\u00eate foraine d'automne de Saint-Di\u00e9-des-Vosges\",\"Industriels forains\",\"Place de la Premi\u00e8re Arm\u00e9e Fran\u00e7aise\",\"Quai du Mar\u00e9chal-Leclerc\",\"Quai Jeanne-d'Arc\"],\"articleSection\":[\"A la Une\",\"Loisirs\",\"Saint-Di\u00e9-des-Vosges\"],\"inLanguage\":\"fr-FR\",\"potentialAction\":[{\"@type\":\"CommentAction\",\"name\":\"Comment\",\"target\":[\"https:\/\/vosgesinfo.fr\/saintdieinfo\/2025\/10\/la-fete-foraine-dautomne-bientot-de-retour-a-saint-die-des-vosges\/#respond\"]}]},{\"@type\":\"WebPage\",\"@id\":\"https:\/\/vosgesinfo.fr\/saintdieinfo\/2025\/10\/la-fete-foraine-dautomne-bientot-de-retour-a-saint-die-des-vosges\/\",\"url\":\"https:\/\/vosgesinfo.fr\/saintdieinfo\/2025\/10\/la-fete-foraine-dautomne-bientot-de-retour-a-saint-die-des-vosges\/\",\"name\":\"La f\u00eate foraine d\u2019automne bient\u00f4t de retour \u00e0 Saint-Di\u00e9-des-Vosges - Saint Die Info\",\"isPartOf\":{\"@id\":\"https:\/\/vosgesinfo.fr\/saintdieinfo\/#website\"},\"primaryImageOfPage\":{\"@id\":\"https:\/\/vosgesinfo.fr\/saintdieinfo\/2025\/10\/la-fete-foraine-dautomne-bientot-de-retour-a-saint-die-des-vosges\/#primaryimage\"},\"image\":{\"@id\":\"https:\/\/vosgesinfo.fr\/saintdieinfo\/2025\/10\/la-fete-foraine-dautomne-bientot-de-retour-a-saint-die-des-vosges\/#primaryimage\"},\"thumbnailUrl\":\"https:\/\/vosgesinfo.fr\/app\/uploads\/sites\/4\/2024\/11\/inauguration-fete-foraine-dautomne-sddv-1.jpg\",\"datePublished\":\"2025-10-22T11:31:36+00:00\",\"dateModified\":\"2025-10-22T11:29:14+00:00\",\"breadcrumb\":{\"@id\":\"https:\/\/vosgesinfo.fr\/saintdieinfo\/2025\/10\/la-fete-foraine-dautomne-bientot-de-retour-a-saint-die-des-vosges\/#breadcrumb\"},\"inLanguage\":\"fr-FR\",\"potentialAction\":[{\"@type\":\"ReadAction\",\"target\":[\"https:\/\/vosgesinfo.fr\/saintdieinfo\/2025\/10\/la-fete-foraine-dautomne-bientot-de-retour-a-saint-die-des-vosges\/\"]}]},{\"@type\":\"ImageObject\",\"inLanguage\":\"fr-FR\",\"@id\":\"https:\/\/vosgesinfo.fr\/saintdieinfo\/2025\/10\/la-fete-foraine-dautomne-bientot-de-retour-a-saint-die-des-vosges\/#primaryimage\",\"url\":\"https:\/\/vosgesinfo.fr\/app\/uploads\/sites\/4\/2024\/11\/inauguration-fete-foraine-dautomne-sddv-1.jpg\",\"contentUrl\":\"https:\/\/vosgesinfo.fr\/app\/uploads\/sites\/4\/2024\/11\/inauguration-fete-foraine-dautomne-sddv-1.jpg\",\"width\":1200,\"height\":800,\"caption\":\"(Archive)\"},{\"@type\":\"BreadcrumbList\",\"@id\":\"https:\/\/vosgesinfo.fr\/saintdieinfo\/2025\/10\/la-fete-foraine-dautomne-bientot-de-retour-a-saint-die-des-vosges\/#breadcrumb\",\"itemListElement\":[{\"@type\":\"ListItem\",\"position\":1,\"name\":\"Home\",\"item\":\"https:\/\/vosgesinfo.fr\/saintdieinfo\/\"},{\"@type\":\"ListItem\",\"position\":2,\"name\":\"La f\u00eate foraine d\u2019automne bient\u00f4t de retour \u00e0 Saint-Di\u00e9-des-Vosges\"}]},{\"@type\":\"WebSite\",\"@id\":\"https:\/\/vosgesinfo.fr\/saintdieinfo\/#website\",\"url\":\"https:\/\/vosgesinfo.fr\/saintdieinfo\/\",\"name\":\"Saint Die Info\",\"description\":\"Toute l&#039;actualit\u00e9 de Saint-Di\u00e9-Des-Vosges\",\"publisher\":{\"@id\":\"https:\/\/vosgesinfo.fr\/saintdieinfo\/#organization\"},\"alternateName\":\"Toute l'actualit\u00e9 de Saint-Di\u00e9-Des-Vosges\",\"potentialAction\":[{\"@type\":\"SearchAction\",\"target\":{\"@type\":\"EntryPoint\",\"urlTemplate\":\"https:\/\/vosgesinfo.fr\/saintdieinfo\/?s={search_term_string}\"},\"query-input\":\"required name=search_term_string\"}],\"inLanguage\":\"fr-FR\"},{\"@type\":\"Organization\",\"@id\":\"https:\/\/vosgesinfo.fr\/saintdieinfo\/#organization\",\"name\":\"Saint Die Info\",\"url\":\"https:\/\/vosgesinfo.fr\/saintdieinfo\/\",\"logo\":{\"@type\":\"ImageObject\",\"inLanguage\":\"fr-FR\",\"@id\":\"https:\/\/vosgesinfo.fr\/saintdieinfo\/#\/schema\/logo\/image\/\",\"url\":\"https:\/\/vosgesinfo.fr\/app\/uploads\/sites\/4\/2024\/02\/logo-sdi.jpg\",\"contentUrl\":\"https:\/\/vosgesinfo.fr\/app\/uploads\/sites\/4\/2024\/02\/logo-sdi.jpg\",\"width\":600,\"height\":600,\"caption\":\"Saint Die Info\"},\"image\":{\"@id\":\"https:\/\/vosgesinfo.fr\/saintdieinfo\/#\/schema\/logo\/image\/\"},\"sameAs\":[\"https:\/\/www.facebook.com\/Saintdieinfofr\",\"https:\/\/x.com\/VosgesInfo88\",\"https:\/\/www.youtube.com\/@vosgesinfo\"]},{\"@type\":\"Person\",\"@id\":\"https:\/\/vosgesinfo.fr\/saintdieinfo\/#\/schema\/person\/fa73e9f726d67bb88f46d5b7943cb572\",\"name\":\"J.J.\",\"image\":{\"@type\":\"ImageObject\",\"inLanguage\":\"fr-FR\",\"@id\":\"https:\/\/vosgesinfo.fr\/saintdieinfo\/#\/schema\/person\/image\/\",\"url\":\"https:\/\/secure.gravatar.com\/avatar\/219e749e47ffbcca018a360ae4add7d4cdf1cdaaf8bc7676b27efade3fe65615?s=96&d=mm&r=g\",\"contentUrl\":\"https:\/\/secure.gravatar.com\/avatar\/219e749e47ffbcca018a360ae4add7d4cdf1cdaaf8bc7676b27efade3fe65615?s=96&d=mm&r=g\",\"caption\":\"J.J.\"},\"url\":\"https:\/\/vosgesinfo.fr\/saintdieinfo\/author\/j-j\/\"}]}<\/script>\n<!-- \/ Yoast SEO plugin. -->","yoast_head_json":{"title":"La f\u00eate foraine d\u2019automne bient\u00f4t de retour \u00e0 Saint-Di\u00e9-des-Vosges - Saint Die Info","robots":{"index":"index","follow":"follow","max-snippet":"max-snippet:-1","max-image-preview":"max-image-preview:large","max-video-preview":"max-video-preview:-1"},"canonical":"https:\/\/vosgesinfo.fr\/saintdieinfo\/2025\/10\/la-fete-foraine-dautomne-bientot-de-retour-a-saint-die-des-vosges\/","twitter_card":"summary_large_image","twitter_title":"La f\u00eate foraine d\u2019automne bient\u00f4t de retour \u00e0 Saint-Di\u00e9-des-Vosges - Saint Die Info","twitter_description":"La f\u00eate foraine d\u2019automne sera de retour \u00e0 Saint-Di\u00e9-des-Vosges \u00e0 partir du lundi de la rentr\u00e9e scolaire. Soit le 3 [&hellip;]","twitter_image":"https:\/\/vosgesinfo.fr\/app\/uploads\/sites\/4\/2024\/11\/inauguration-fete-foraine-dautomne-sddv-1.jpg","twitter_creator":"@VosgesInfo88","twitter_site":"@VosgesInfo88","twitter_misc":{"\u00c9crit par":"J.J.","Dur\u00e9e de lecture estim\u00e9e":"1 minute"},"schema":{"@context":"https:\/\/schema.org","@graph":[{"@type":"Article","@id":"https:\/\/vosgesinfo.fr\/saintdieinfo\/2025\/10\/la-fete-foraine-dautomne-bientot-de-retour-a-saint-die-des-vosges\/#article","isPartOf":{"@id":"https:\/\/vosgesinfo.fr\/saintdieinfo\/2025\/10\/la-fete-foraine-dautomne-bientot-de-retour-a-saint-die-des-vosges\/"},"author":{"name":"J.J.","@id":"https:\/\/vosgesinfo.fr\/saintdieinfo\/#\/schema\/person\/fa73e9f726d67bb88f46d5b7943cb572"},"headline":"La f\u00eate foraine d\u2019automne bient\u00f4t de retour \u00e0 Saint-Di\u00e9-des-Vosges","datePublished":"2025-10-22T11:31:36+00:00","dateModified":"2025-10-22T11:29:14+00:00","mainEntityOfPage":{"@id":"https:\/\/vosgesinfo.fr\/saintdieinfo\/2025\/10\/la-fete-foraine-dautomne-bientot-de-retour-a-saint-die-des-vosges\/"},"wordCount":276,"commentCount":0,"publisher":{"@id":"https:\/\/vosgesinfo.fr\/saintdieinfo\/#organization"},"image":{"@id":"https:\/\/vosgesinfo.fr\/saintdieinfo\/2025\/10\/la-fete-foraine-dautomne-bientot-de-retour-a-saint-die-des-vosges\/#primaryimage"},"thumbnailUrl":"https:\/\/vosgesinfo.fr\/app\/uploads\/sites\/4\/2024\/11\/inauguration-fete-foraine-dautomne-sddv-1.jpg","keywords":["f\u00eate foraine","F\u00eate foraine d'automne de Saint-Di\u00e9-des-Vosges","Industriels forains","Place de la Premi\u00e8re Arm\u00e9e Fran\u00e7aise","Quai du Mar\u00e9chal-Leclerc","Quai Jeanne-d'Arc"],"articleSection":["A la Une","Loisirs","Saint-Di\u00e9-des-Vosges"],"inLanguage":"fr-FR","potentialAction":[{"@type":"CommentAction","name":"Comment","target":["https:\/\/vosgesinfo.fr\/saintdieinfo\/2025\/10\/la-fete-foraine-dautomne-bientot-de-retour-a-saint-die-des-vosges\/#respond"]}]},{"@type":"WebPage","@id":"https:\/\/vosgesinfo.fr\/saintdieinfo\/2025\/10\/la-fete-foraine-dautomne-bientot-de-retour-a-saint-die-des-vosges\/","url":"https:\/\/vosgesinfo.fr\/saintdieinfo\/2025\/10\/la-fete-foraine-dautomne-bientot-de-retour-a-saint-die-des-vosges\/","name":"La f\u00eate foraine d\u2019automne bient\u00f4t de retour \u00e0 Saint-Di\u00e9-des-Vosges - Saint Die Info","isPartOf":{"@id":"https:\/\/vosgesinfo.fr\/saintdieinfo\/#website"},"primaryImageOfPage":{"@id":"https:\/\/vosgesinfo.fr\/saintdieinfo\/2025\/10\/la-fete-foraine-dautomne-bientot-de-retour-a-saint-die-des-vosges\/#primaryimage"},"image":{"@id":"https:\/\/vosgesinfo.fr\/saintdieinfo\/2025\/10\/la-fete-foraine-dautomne-bientot-de-retour-a-saint-die-des-vosges\/#primaryimage"},"thumbnailUrl":"https:\/\/vosgesinfo.fr\/app\/uploads\/sites\/4\/2024\/11\/inauguration-fete-foraine-dautomne-sddv-1.jpg","datePublished":"2025-10-22T11:31:36+00:00","dateModified":"2025-10-22T11:29:14+00:00","breadcrumb":{"@id":"https:\/\/vosgesinfo.fr\/saintdieinfo\/2025\/10\/la-fete-foraine-dautomne-bientot-de-retour-a-saint-die-des-vosges\/#breadcrumb"},"inLanguage":"fr-FR","potentialAction":[{"@type":"ReadAction","target":["https:\/\/vosgesinfo.fr\/saintdieinfo\/2025\/10\/la-fete-foraine-dautomne-bientot-de-retour-a-saint-die-des-vosges\/"]}]},{"@type":"ImageObject","inLanguage":"fr-FR","@id":"https:\/\/vosgesinfo.fr\/saintdieinfo\/2025\/10\/la-fete-foraine-dautomne-bientot-de-retour-a-saint-die-des-vosges\/#primaryimage","url":"https:\/\/vosgesinfo.fr\/app\/uploads\/sites\/4\/2024\/11\/inauguration-fete-foraine-dautomne-sddv-1.jpg","contentUrl":"https:\/\/vosgesinfo.fr\/app\/uploads\/sites\/4\/2024\/11\/inauguration-fete-foraine-dautomne-sddv-1.jpg","width":1200,"height":800,"caption":"(Archive)"},{"@type":"BreadcrumbList","@id":"https:\/\/vosgesinfo.fr\/saintdieinfo\/2025\/10\/la-fete-foraine-dautomne-bientot-de-retour-a-saint-die-des-vosges\/#breadcrumb","itemListElement":[{"@type":"ListItem","position":1,"name":"Home","item":"https:\/\/vosgesinfo.fr\/saintdieinfo\/"},{"@type":"ListItem","position":2,"name":"La f\u00eate foraine d\u2019automne bient\u00f4t de retour \u00e0 Saint-Di\u00e9-des-Vosges"}]},{"@type":"WebSite","@id":"https:\/\/vosgesinfo.fr\/saintdieinfo\/#website","url":"https:\/\/vosgesinfo.fr\/saintdieinfo\/","name":"Saint Die Info","description":"Toute l&#039;actualit\u00e9 de Saint-Di\u00e9-Des-Vosges","publisher":{"@id":"https:\/\/vosgesinfo.fr\/saintdieinfo\/#organization"},"alternateName":"Toute l'actualit\u00e9 de Saint-Di\u00e9-Des-Vosges","potentialAction":[{"@type":"SearchAction","target":{"@type":"EntryPoint","urlTemplate":"https:\/\/vosgesinfo.fr\/saintdieinfo\/?s={search_term_string}"},"query-input":"required name=search_term_string"}],"inLanguage":"fr-FR"},{"@type":"Organization","@id":"https:\/\/vosgesinfo.fr\/saintdieinfo\/#organization","name":"Saint Die Info","url":"https:\/\/vosgesinfo.fr\/saintdieinfo\/","logo":{"@type":"ImageObject","inLanguage":"fr-FR","@id":"https:\/\/vosgesinfo.fr\/saintdieinfo\/#\/schema\/logo\/image\/","url":"https:\/\/vosgesinfo.fr\/app\/uploads\/sites\/4\/2024\/02\/logo-sdi.jpg","contentUrl":"https:\/\/vosgesinfo.fr\/app\/uploads\/sites\/4\/2024\/02\/logo-sdi.jpg","width":600,"height":600,"caption":"Saint Die Info"},"image":{"@id":"https:\/\/vosgesinfo.fr\/saintdieinfo\/#\/schema\/logo\/image\/"},"sameAs":["https:\/\/www.facebook.com\/Saintdieinfofr","https:\/\/x.com\/VosgesInfo88","https:\/\/www.youtube.com\/@vosgesinfo"]},{"@type":"Person","@id":"https:\/\/vosgesinfo.fr\/saintdieinfo\/#\/schema\/person\/fa73e9f726d67bb88f46d5b7943cb572","name":"J.J.","image":{"@type":"ImageObject","inLanguage":"fr-FR","@id":"https:\/\/vosgesinfo.fr\/saintdieinfo\/#\/schema\/person\/image\/","url":"https:\/\/secure.gravatar.com\/avatar\/219e749e47ffbcca018a360ae4add7d4cdf1cdaaf8bc7676b27efade3fe65615?s=96&d=mm&r=g","contentUrl":"https:\/\/secure.gravatar.com\/avatar\/219e749e47ffbcca018a360ae4add7d4cdf1cdaaf8bc7676b27efade3fe65615?s=96&d=mm&r=g","caption":"J.J."},"url":"https:\/\/vosgesinfo.fr\/saintdieinfo\/author\/j-j\/"}]}},"_links":{"self":[{"href":"https:\/\/vosgesinfo.fr\/saintdieinfo\/wp-json\/wp\/v2\/posts\/83773","targetHints":{"allow":["GET"]}}],"collection":[{"href":"https:\/\/vosgesinfo.fr\/saintdieinfo\/wp-json\/wp\/v2\/posts"}],"about":[{"href":"https:\/\/vosgesinfo.fr\/saintdieinfo\/wp-json\/wp\/v2\/types\/post"}],"author":[{"embeddable":true,"href":"https:\/\/vosgesinfo.fr\/saintdieinfo\/wp-json\/wp\/v2\/users\/46"}],"replies":[{"embeddable":true,"href":"https:\/\/vosgesinfo.fr\/saintdieinfo\/wp-json\/wp\/v2\/comments?post=83773"}],"version-history":[{"count":1,"href":"https:\/\/vosgesinfo.fr\/saintdieinfo\/wp-json\/wp\/v2\/posts\/83773\/revisions"}],"predecessor-version":[{"id":83774,"href":"https:\/\/vosgesinfo.fr\/saintdieinfo\/wp-json\/wp\/v2\/posts\/83773\/revisions\/83774"}],"wp:featuredmedia":[{"embeddable":true,"href":"https:\/\/vosgesinfo.fr\/saintdieinfo\/wp-json\/wp\/v2\/media\/70220"}],"wp:attachment":[{"href":"https:\/\/vosgesinfo.fr\/saintdieinfo\/wp-json\/wp\/v2\/media?parent=83773"}],"wp:term":[{"taxonomy":"category","embeddable":true,"href":"https:\/\/vosgesinfo.fr\/saintdieinfo\/wp-json\/wp\/v2\/categories?post=83773"},{"taxonomy":"post_tag","embeddable":true,"href":"https:\/\/vosgesinfo.fr\/saintdieinfo\/wp-json\/wp\/v2\/tags?post=83773"}],"curies":[{"name":"wp","href":"https:\/\/api.w.org\/{rel}","templated":true}]}}