{"id":83775,"date":"2025-10-22T14:31:37","date_gmt":"2025-10-22T12:31:37","guid":{"rendered":"https:\/\/vosgesinfo.fr\/saintdieinfo\/?p=83775"},"modified":"2025-10-22T15:08:05","modified_gmt":"2025-10-22T13:08:05","slug":"hopital-du-futur-le-centre-hospitalier-de-saint-die-des-vosges-se-transforme-pour-mieux-affronter-les-canicules","status":"publish","type":"post","link":"https:\/\/vosgesinfo.fr\/saintdieinfo\/2025\/10\/hopital-du-futur-le-centre-hospitalier-de-saint-die-des-vosges-se-transforme-pour-mieux-affronter-les-canicules\/","title":{"rendered":"H\u00f4pital du Futur : le Centre Hospitalier de Saint-Di\u00e9-des-Vosges se transforme pour mieux affronter les canicules"},"content":{"rendered":"<h3><a href=\"https:\/\/vosgesinfo.fr\/app\/uploads\/sites\/4\/2025\/10\/ch-sddv-resilience-canicule-hopital-du-futur-1.jpg\"><img decoding=\"async\" class=\"alignnone size-large wp-image-83778\" src=\"https:\/\/vosgesinfo.fr\/app\/uploads\/sites\/4\/2025\/10\/ch-sddv-resilience-canicule-hopital-du-futur-1-1024x771.jpg\" alt=\"\" width=\"1024\" height=\"771\" srcset=\"https:\/\/vosgesinfo.fr\/app\/uploads\/sites\/4\/2025\/10\/ch-sddv-resilience-canicule-hopital-du-futur-1-1024x771.jpg 1024w, https:\/\/vosgesinfo.fr\/app\/uploads\/sites\/4\/2025\/10\/ch-sddv-resilience-canicule-hopital-du-futur-1-300x226.jpg 300w, https:\/\/vosgesinfo.fr\/app\/uploads\/sites\/4\/2025\/10\/ch-sddv-resilience-canicule-hopital-du-futur-1-768x578.jpg 768w, https:\/\/vosgesinfo.fr\/app\/uploads\/sites\/4\/2025\/10\/ch-sddv-resilience-canicule-hopital-du-futur-1.jpg 1434w\" sizes=\"(max-width: 1024px) 100vw, 1024px\" \/><\/a><\/h3>\n<h2>Pour mieux faire face \u00e0 <strong>l\u2019intensification des vagues de chaleur<\/strong>, l\u2019un des b\u00e2timents du <strong>Centre Hospitalier de Saint-Di\u00e9-des-Vosges<\/strong> va se transformer en un <strong>b\u00e2timent passif, r\u00e9silient et durable<\/strong>. Baptis\u00e9 <strong>\u00ab R\u00e9silience Canicule \u00bb<\/strong>, ce projet vise \u00e0 <strong>am\u00e9liorer le confort thermique des patients et des professionnels de sant\u00e9<\/strong> tout en <strong>r\u00e9duisant l\u2019empreinte \u00e9nerg\u00e9tique de l\u2019h\u00f4pital d\u00e9odatien.<\/strong><\/h2>\n<p><!--more--><\/p>\n<h3><strong>L\u2019un des 11 projets laur\u00e9ats du programme r\u00e9gional \u00ab H\u00f4pital du Futur #2 \u00bb<\/strong><\/h3>\n<p>Laur\u00e9ats du programme r\u00e9gionl <strong>\u00ab H\u00f4pital du Futur #2 \u00bb<\/strong>, les <strong>H\u00f4pitaux du Massif des Vosges \u2013 HMV \u2013<\/strong> b\u00e9n\u00e9ficient d\u2019un <strong>soutien financier de 1,2 million d\u2019euros<\/strong> sur un <strong>budget total de 2,3 millions d\u2019euros<\/strong>. I<\/p>\n<p>\u00ab R\u00e9silience Canicule \u00bb est un projet innovant <strong>\u00e0 l\u2019\u00e9chelle nationale.<\/strong> Ce qui constituait l\u2019un des pr\u00e9requis essentiels de l\u2019appel \u00e0 projets, centr\u00e9 sur <strong>la transition \u00e9cologique<\/strong> et <strong>l\u2019adaptation climatique du secteur hospitalier<\/strong>.<\/p>\n<p>Dot\u00e9 de <strong>9 millions d\u2019euros au total<\/strong>, ce programme s\u2019inscrit dans la phase 2 \u2013 2024-2026 \u2013 de la strat\u00e9gie r\u00e9gionale visant \u00e0 <strong>d\u00e9carboner les \u00e9tablissements de sant\u00e9 publics du Grand Est<\/strong>, en sachant que les \u00e9tablissements de sant\u00e9 sont responsables de <strong>8 % des \u00e9missions de gaz \u00e0 effet de serre en France<\/strong>.<\/p>\n<p>Initi\u00e9 par la <strong>Pr\u00e9fecture de r\u00e9gion<\/strong>, l\u2019<strong>ARS Grand Est<\/strong> et la <strong>R\u00e9gion Grand Est<\/strong>, <strong>\u00ab H\u00f4pital du Futur #2 \u00bb<\/strong> est op\u00e9r\u00e9 par <strong>le p\u00f4le de comp\u00e9titivit\u00e9 BioValley France.<\/strong><\/p>\n<h3><strong>4000 m\u00b2 de fa\u00e7ades isol\u00e9es<\/strong><\/h3>\n<p>Les travaux concernent le <strong>b\u00e2timent le plus r\u00e9cent de l\u2019h\u00f4pital<\/strong>, construit en <strong>2011<\/strong>, o\u00f9 la temp\u00e9rature au <strong>troisi\u00e8me \u00e9tage<\/strong> avait atteint <strong>+29,5 \u00b0C l\u2019\u00e9t\u00e9 dernier<\/strong>.<\/p>\n<p>Concr\u00e8tement, ils porteront sur <strong>l\u2019isolation de 4 000 m\u00b2 de fa\u00e7ades<\/strong>, la <strong>mise en place d\u2019un syst\u00e8me de ventilation double flux<\/strong> avec r\u00e9cup\u00e9ration de chaleur, <strong>l\u2019installation de films solaires<\/strong> sur les fen\u00eatres et la <strong>gestion technique centralis\u00e9e<\/strong> pour un pilotage optimis\u00e9 des \u00e9quipements. De plus, une <strong>mod\u00e9lisation du confort thermique<\/strong> permettra d\u2019anticiper les p\u00e9riodes d\u2019inconfort et d\u2019ajuster la r\u00e9gulation.<\/p>\n<p>Sans prendre en compte <strong data-start=\"23\" data-end=\"51\">les autres optimisations<\/strong> qui seront mises en \u0153uvre, notamment via <strong data-start=\"93\" data-end=\"118\">les cycles d\u2019a\u00e9ration<\/strong> et <strong data-start=\"122\" data-end=\"151\">les usages des personnels<\/strong>, il est estim\u00e9 que gr\u00e2ce \u00e0 ces travaux, <strong>la temp\u00e9rature diminuera d\u2019environ 5 \u00b0C<\/strong> lors de futurs pics de chaleur par rapport \u00e0 l&rsquo;\u00e9t\u00e9 dernier.<\/p>\n<p>La mise en \u0153uvre du projet est <strong>pilot\u00e9e par Ludovic Vernier<\/strong>, directeur des services techniques et logistiques des H\u00f4pitaux du Massif des Vosges. Les travaux, qui seront lanc\u00e9s ces prochains mois, devraient \u00eatre <strong>termin\u00e9s pour l\u2019\u00e9t\u00e9 prochain<\/strong>. C&rsquo;est en tout cas l&rsquo;objectif fix\u00e9 par les HMV.<\/p>\n<h3><strong>Une nouvelle \u00e9tape dans une dynamique globale<\/strong><\/h3>\n<p>En privil\u00e9giant <strong>des mat\u00e9riaux locaux et \u00e9cologiques<\/strong>, le Centre Hospitalier de Saint-Di\u00e9-des-Vosges inscrit \u00e9galement cette r\u00e9novation dans <strong>une d\u00e9marche durable<\/strong>, alliant <strong>innovation technologique<\/strong>, <strong>bien-\u00eatre des usagers<\/strong> et <strong>respect de l\u2019environnement<\/strong>.<\/p>\n<p><strong>\u00ab R\u00e9silience Canicule \u00bb n\u2019est pas un projet isol\u00e9<\/strong>, puisqu\u2019il constitue une nouvelle \u00e9tape<strong> dans une dynamique globale engag\u00e9e par les HMV<\/strong> il y a maintenant plusieurs ann\u00e9es. <a href=\"https:\/\/vosgesinfo.fr\/saintdieinfo\/2023\/02\/pres-de-3000-panneaux-solaires-installes-centre-hospitalier-de-saint-die-vosges\/\" target=\"_blank\" rel=\"noopener\">La mise en service, au printemps 2023, de <strong data-start=\"46\" data-end=\"88\">pr\u00e8s de 3 000 panneaux photovolta\u00efques<\/strong> sur les parkings de l\u2019h\u00f4pital d\u00e9odatien<\/a> s\u2019inscrit \u00e9galement dans cette dynamique.<\/p>\n<p><a href=\"https:\/\/vosgesinfo.fr\/app\/uploads\/sites\/4\/2025\/10\/ch-sddv-resilience-canicule-hopital-du-futur-2.jpg\"><img decoding=\"async\" class=\"alignnone size-large wp-image-83777\" src=\"https:\/\/vosgesinfo.fr\/app\/uploads\/sites\/4\/2025\/10\/ch-sddv-resilience-canicule-hopital-du-futur-2-1024x771.jpg\" alt=\"\" width=\"1024\" height=\"771\" srcset=\"https:\/\/vosgesinfo.fr\/app\/uploads\/sites\/4\/2025\/10\/ch-sddv-resilience-canicule-hopital-du-futur-2-1024x771.jpg 1024w, https:\/\/vosgesinfo.fr\/app\/uploads\/sites\/4\/2025\/10\/ch-sddv-resilience-canicule-hopital-du-futur-2-300x226.jpg 300w, https:\/\/vosgesinfo.fr\/app\/uploads\/sites\/4\/2025\/10\/ch-sddv-resilience-canicule-hopital-du-futur-2-768x578.jpg 768w, https:\/\/vosgesinfo.fr\/app\/uploads\/sites\/4\/2025\/10\/ch-sddv-resilience-canicule-hopital-du-futur-2.jpg 1434w\" sizes=\"(max-width: 1024px) 100vw, 1024px\" \/><\/a><\/p>\n","protected":false},"excerpt":{"rendered":"<p>Pour mieux faire face \u00e0 l\u2019intensification des vagues de chaleur, l\u2019un des b\u00e2timents du Centre Hospitalier de Saint-Di\u00e9-des-Vosges va se [&hellip;]<\/p>\n","protected":false},"author":46,"featured_media":83778,"comment_status":"open","ping_status":"open","sticky":false,"template":"","format":"standard","meta":{"footnotes":""},"categories":[460,167,2915,4152,18],"tags":[3056,17288,3666,18512,3146,18511],"class_list":["post-83775","post","type-post","status-publish","format-standard","has-post-thumbnail","hentry","category-a-la-une","category-saint-die-des-vosges","category-saint-die-son-canton","category-sante","category-vosges","tag-centre-hospitalier-de-saint-die-des-vosges","tag-chi-hmv","tag-hmv","tag-hopital-du-futur","tag-hopitaux-du-massif-des-vosges","tag-resilience-canicule"],"acf":[],"yoast_head":"<!-- This site is optimized with the Yoast SEO plugin v22.5 - https:\/\/yoast.com\/wordpress\/plugins\/seo\/ -->\n<title>H\u00f4pital du Futur : le Centre Hospitalier de Saint-Di\u00e9-des-Vosges se transforme pour mieux affronter les canicules - Saint Die Info<\/title>\n<meta name=\"robots\" content=\"index, follow, max-snippet:-1, max-image-preview:large, max-video-preview:-1\" \/>\n<link rel=\"canonical\" href=\"https:\/\/vosgesinfo.fr\/saintdieinfo\/2025\/10\/hopital-du-futur-le-centre-hospitalier-de-saint-die-des-vosges-se-transforme-pour-mieux-affronter-les-canicules\/\" \/>\n<meta name=\"twitter:card\" content=\"summary_large_image\" \/>\n<meta name=\"twitter:title\" content=\"H\u00f4pital du Futur : le Centre Hospitalier de Saint-Di\u00e9-des-Vosges se transforme pour mieux affronter les canicules - Saint Die Info\" \/>\n<meta name=\"twitter:description\" content=\"Pour mieux faire face \u00e0 l\u2019intensification des vagues de chaleur, l\u2019un des b\u00e2timents du Centre Hospitalier de Saint-Di\u00e9-des-Vosges va se [&hellip;]\" \/>\n<meta name=\"twitter:image\" content=\"https:\/\/vosgesinfo.fr\/app\/uploads\/sites\/4\/2025\/10\/ch-sddv-resilience-canicule-hopital-du-futur-1.jpg\" \/>\n<meta name=\"twitter:creator\" content=\"@VosgesInfo88\" \/>\n<meta name=\"twitter:site\" content=\"@VosgesInfo88\" \/>\n<meta name=\"twitter:label1\" content=\"\u00c9crit par\" \/>\n\t<meta name=\"twitter:data1\" content=\"J.J.\" \/>\n\t<meta name=\"twitter:label2\" content=\"Dur\u00e9e de lecture estim\u00e9e\" \/>\n\t<meta name=\"twitter:data2\" content=\"4 minutes\" \/>\n<script type=\"application\/ld+json\" class=\"yoast-schema-graph\">{\"@context\":\"https:\/\/schema.org\",\"@graph\":[{\"@type\":\"Article\",\"@id\":\"https:\/\/vosgesinfo.fr\/saintdieinfo\/2025\/10\/hopital-du-futur-le-centre-hospitalier-de-saint-die-des-vosges-se-transforme-pour-mieux-affronter-les-canicules\/#article\",\"isPartOf\":{\"@id\":\"https:\/\/vosgesinfo.fr\/saintdieinfo\/2025\/10\/hopital-du-futur-le-centre-hospitalier-de-saint-die-des-vosges-se-transforme-pour-mieux-affronter-les-canicules\/\"},\"author\":{\"name\":\"J.J.\",\"@id\":\"https:\/\/vosgesinfo.fr\/saintdieinfo\/#\/schema\/person\/fa73e9f726d67bb88f46d5b7943cb572\"},\"headline\":\"H\u00f4pital du Futur : le Centre Hospitalier de Saint-Di\u00e9-des-Vosges se transforme pour mieux affronter les canicules\",\"datePublished\":\"2025-10-22T12:31:37+00:00\",\"dateModified\":\"2025-10-22T13:08:05+00:00\",\"mainEntityOfPage\":{\"@id\":\"https:\/\/vosgesinfo.fr\/saintdieinfo\/2025\/10\/hopital-du-futur-le-centre-hospitalier-de-saint-die-des-vosges-se-transforme-pour-mieux-affronter-les-canicules\/\"},\"wordCount\":570,\"commentCount\":1,\"publisher\":{\"@id\":\"https:\/\/vosgesinfo.fr\/saintdieinfo\/#organization\"},\"image\":{\"@id\":\"https:\/\/vosgesinfo.fr\/saintdieinfo\/2025\/10\/hopital-du-futur-le-centre-hospitalier-de-saint-die-des-vosges-se-transforme-pour-mieux-affronter-les-canicules\/#primaryimage\"},\"thumbnailUrl\":\"https:\/\/vosgesinfo.fr\/app\/uploads\/sites\/4\/2025\/10\/ch-sddv-resilience-canicule-hopital-du-futur-1.jpg\",\"keywords\":[\"Centre Hospitalier de Saint-Di\u00e9-des-Vosges\",\"CHI HMV\",\"HMV\",\"H\u00f4pital du Futur\",\"H\u00f4pitaux du Massif des Vosges\",\"R\u00e9silience canicule\"],\"articleSection\":[\"A la Une\",\"Saint-Di\u00e9-des-Vosges\",\"Saint-Di\u00e9-des-Vosges et son Agglom\u00e9ration\",\"Sant\u00e9\",\"Vosges\"],\"inLanguage\":\"fr-FR\",\"potentialAction\":[{\"@type\":\"CommentAction\",\"name\":\"Comment\",\"target\":[\"https:\/\/vosgesinfo.fr\/saintdieinfo\/2025\/10\/hopital-du-futur-le-centre-hospitalier-de-saint-die-des-vosges-se-transforme-pour-mieux-affronter-les-canicules\/#respond\"]}]},{\"@type\":\"WebPage\",\"@id\":\"https:\/\/vosgesinfo.fr\/saintdieinfo\/2025\/10\/hopital-du-futur-le-centre-hospitalier-de-saint-die-des-vosges-se-transforme-pour-mieux-affronter-les-canicules\/\",\"url\":\"https:\/\/vosgesinfo.fr\/saintdieinfo\/2025\/10\/hopital-du-futur-le-centre-hospitalier-de-saint-die-des-vosges-se-transforme-pour-mieux-affronter-les-canicules\/\",\"name\":\"H\u00f4pital du Futur : le Centre Hospitalier de Saint-Di\u00e9-des-Vosges se transforme pour mieux affronter les canicules - Saint Die Info\",\"isPartOf\":{\"@id\":\"https:\/\/vosgesinfo.fr\/saintdieinfo\/#website\"},\"primaryImageOfPage\":{\"@id\":\"https:\/\/vosgesinfo.fr\/saintdieinfo\/2025\/10\/hopital-du-futur-le-centre-hospitalier-de-saint-die-des-vosges-se-transforme-pour-mieux-affronter-les-canicules\/#primaryimage\"},\"image\":{\"@id\":\"https:\/\/vosgesinfo.fr\/saintdieinfo\/2025\/10\/hopital-du-futur-le-centre-hospitalier-de-saint-die-des-vosges-se-transforme-pour-mieux-affronter-les-canicules\/#primaryimage\"},\"thumbnailUrl\":\"https:\/\/vosgesinfo.fr\/app\/uploads\/sites\/4\/2025\/10\/ch-sddv-resilience-canicule-hopital-du-futur-1.jpg\",\"datePublished\":\"2025-10-22T12:31:37+00:00\",\"dateModified\":\"2025-10-22T13:08:05+00:00\",\"breadcrumb\":{\"@id\":\"https:\/\/vosgesinfo.fr\/saintdieinfo\/2025\/10\/hopital-du-futur-le-centre-hospitalier-de-saint-die-des-vosges-se-transforme-pour-mieux-affronter-les-canicules\/#breadcrumb\"},\"inLanguage\":\"fr-FR\",\"potentialAction\":[{\"@type\":\"ReadAction\",\"target\":[\"https:\/\/vosgesinfo.fr\/saintdieinfo\/2025\/10\/hopital-du-futur-le-centre-hospitalier-de-saint-die-des-vosges-se-transforme-pour-mieux-affronter-les-canicules\/\"]}]},{\"@type\":\"ImageObject\",\"inLanguage\":\"fr-FR\",\"@id\":\"https:\/\/vosgesinfo.fr\/saintdieinfo\/2025\/10\/hopital-du-futur-le-centre-hospitalier-de-saint-die-des-vosges-se-transforme-pour-mieux-affronter-les-canicules\/#primaryimage\",\"url\":\"https:\/\/vosgesinfo.fr\/app\/uploads\/sites\/4\/2025\/10\/ch-sddv-resilience-canicule-hopital-du-futur-1.jpg\",\"contentUrl\":\"https:\/\/vosgesinfo.fr\/app\/uploads\/sites\/4\/2025\/10\/ch-sddv-resilience-canicule-hopital-du-futur-1.jpg\",\"width\":1434,\"height\":1080},{\"@type\":\"BreadcrumbList\",\"@id\":\"https:\/\/vosgesinfo.fr\/saintdieinfo\/2025\/10\/hopital-du-futur-le-centre-hospitalier-de-saint-die-des-vosges-se-transforme-pour-mieux-affronter-les-canicules\/#breadcrumb\",\"itemListElement\":[{\"@type\":\"ListItem\",\"position\":1,\"name\":\"Home\",\"item\":\"https:\/\/vosgesinfo.fr\/saintdieinfo\/\"},{\"@type\":\"ListItem\",\"position\":2,\"name\":\"H\u00f4pital du Futur : le Centre Hospitalier de Saint-Di\u00e9-des-Vosges se transforme pour mieux affronter les canicules\"}]},{\"@type\":\"WebSite\",\"@id\":\"https:\/\/vosgesinfo.fr\/saintdieinfo\/#website\",\"url\":\"https:\/\/vosgesinfo.fr\/saintdieinfo\/\",\"name\":\"Saint Die Info\",\"description\":\"Toute l&#039;actualit\u00e9 de Saint-Di\u00e9-Des-Vosges\",\"publisher\":{\"@id\":\"https:\/\/vosgesinfo.fr\/saintdieinfo\/#organization\"},\"alternateName\":\"Toute l'actualit\u00e9 de Saint-Di\u00e9-Des-Vosges\",\"potentialAction\":[{\"@type\":\"SearchAction\",\"target\":{\"@type\":\"EntryPoint\",\"urlTemplate\":\"https:\/\/vosgesinfo.fr\/saintdieinfo\/?s={search_term_string}\"},\"query-input\":\"required name=search_term_string\"}],\"inLanguage\":\"fr-FR\"},{\"@type\":\"Organization\",\"@id\":\"https:\/\/vosgesinfo.fr\/saintdieinfo\/#organization\",\"name\":\"Saint Die Info\",\"url\":\"https:\/\/vosgesinfo.fr\/saintdieinfo\/\",\"logo\":{\"@type\":\"ImageObject\",\"inLanguage\":\"fr-FR\",\"@id\":\"https:\/\/vosgesinfo.fr\/saintdieinfo\/#\/schema\/logo\/image\/\",\"url\":\"https:\/\/vosgesinfo.fr\/app\/uploads\/sites\/4\/2024\/02\/logo-sdi.jpg\",\"contentUrl\":\"https:\/\/vosgesinfo.fr\/app\/uploads\/sites\/4\/2024\/02\/logo-sdi.jpg\",\"width\":600,\"height\":600,\"caption\":\"Saint Die Info\"},\"image\":{\"@id\":\"https:\/\/vosgesinfo.fr\/saintdieinfo\/#\/schema\/logo\/image\/\"},\"sameAs\":[\"https:\/\/www.facebook.com\/Saintdieinfofr\",\"https:\/\/x.com\/VosgesInfo88\",\"https:\/\/www.youtube.com\/@vosgesinfo\"]},{\"@type\":\"Person\",\"@id\":\"https:\/\/vosgesinfo.fr\/saintdieinfo\/#\/schema\/person\/fa73e9f726d67bb88f46d5b7943cb572\",\"name\":\"J.J.\",\"image\":{\"@type\":\"ImageObject\",\"inLanguage\":\"fr-FR\",\"@id\":\"https:\/\/vosgesinfo.fr\/saintdieinfo\/#\/schema\/person\/image\/\",\"url\":\"https:\/\/secure.gravatar.com\/avatar\/219e749e47ffbcca018a360ae4add7d4cdf1cdaaf8bc7676b27efade3fe65615?s=96&d=mm&r=g\",\"contentUrl\":\"https:\/\/secure.gravatar.com\/avatar\/219e749e47ffbcca018a360ae4add7d4cdf1cdaaf8bc7676b27efade3fe65615?s=96&d=mm&r=g\",\"caption\":\"J.J.\"},\"url\":\"https:\/\/vosgesinfo.fr\/saintdieinfo\/author\/j-j\/\"}]}<\/script>\n<!-- \/ Yoast SEO plugin. -->","yoast_head_json":{"title":"H\u00f4pital du Futur : le Centre Hospitalier de Saint-Di\u00e9-des-Vosges se transforme pour mieux affronter les canicules - Saint Die Info","robots":{"index":"index","follow":"follow","max-snippet":"max-snippet:-1","max-image-preview":"max-image-preview:large","max-video-preview":"max-video-preview:-1"},"canonical":"https:\/\/vosgesinfo.fr\/saintdieinfo\/2025\/10\/hopital-du-futur-le-centre-hospitalier-de-saint-die-des-vosges-se-transforme-pour-mieux-affronter-les-canicules\/","twitter_card":"summary_large_image","twitter_title":"H\u00f4pital du Futur : le Centre Hospitalier de Saint-Di\u00e9-des-Vosges se transforme pour mieux affronter les canicules - Saint Die Info","twitter_description":"Pour mieux faire face \u00e0 l\u2019intensification des vagues de chaleur, l\u2019un des b\u00e2timents du Centre Hospitalier de Saint-Di\u00e9-des-Vosges va se [&hellip;]","twitter_image":"https:\/\/vosgesinfo.fr\/app\/uploads\/sites\/4\/2025\/10\/ch-sddv-resilience-canicule-hopital-du-futur-1.jpg","twitter_creator":"@VosgesInfo88","twitter_site":"@VosgesInfo88","twitter_misc":{"\u00c9crit par":"J.J.","Dur\u00e9e de lecture estim\u00e9e":"4 minutes"},"schema":{"@context":"https:\/\/schema.org","@graph":[{"@type":"Article","@id":"https:\/\/vosgesinfo.fr\/saintdieinfo\/2025\/10\/hopital-du-futur-le-centre-hospitalier-de-saint-die-des-vosges-se-transforme-pour-mieux-affronter-les-canicules\/#article","isPartOf":{"@id":"https:\/\/vosgesinfo.fr\/saintdieinfo\/2025\/10\/hopital-du-futur-le-centre-hospitalier-de-saint-die-des-vosges-se-transforme-pour-mieux-affronter-les-canicules\/"},"author":{"name":"J.J.","@id":"https:\/\/vosgesinfo.fr\/saintdieinfo\/#\/schema\/person\/fa73e9f726d67bb88f46d5b7943cb572"},"headline":"H\u00f4pital du Futur : le Centre Hospitalier de Saint-Di\u00e9-des-Vosges se transforme pour mieux affronter les canicules","datePublished":"2025-10-22T12:31:37+00:00","dateModified":"2025-10-22T13:08:05+00:00","mainEntityOfPage":{"@id":"https:\/\/vosgesinfo.fr\/saintdieinfo\/2025\/10\/hopital-du-futur-le-centre-hospitalier-de-saint-die-des-vosges-se-transforme-pour-mieux-affronter-les-canicules\/"},"wordCount":570,"commentCount":1,"publisher":{"@id":"https:\/\/vosgesinfo.fr\/saintdieinfo\/#organization"},"image":{"@id":"https:\/\/vosgesinfo.fr\/saintdieinfo\/2025\/10\/hopital-du-futur-le-centre-hospitalier-de-saint-die-des-vosges-se-transforme-pour-mieux-affronter-les-canicules\/#primaryimage"},"thumbnailUrl":"https:\/\/vosgesinfo.fr\/app\/uploads\/sites\/4\/2025\/10\/ch-sddv-resilience-canicule-hopital-du-futur-1.jpg","keywords":["Centre Hospitalier de Saint-Di\u00e9-des-Vosges","CHI HMV","HMV","H\u00f4pital du Futur","H\u00f4pitaux du Massif des Vosges","R\u00e9silience canicule"],"articleSection":["A la Une","Saint-Di\u00e9-des-Vosges","Saint-Di\u00e9-des-Vosges et son Agglom\u00e9ration","Sant\u00e9","Vosges"],"inLanguage":"fr-FR","potentialAction":[{"@type":"CommentAction","name":"Comment","target":["https:\/\/vosgesinfo.fr\/saintdieinfo\/2025\/10\/hopital-du-futur-le-centre-hospitalier-de-saint-die-des-vosges-se-transforme-pour-mieux-affronter-les-canicules\/#respond"]}]},{"@type":"WebPage","@id":"https:\/\/vosgesinfo.fr\/saintdieinfo\/2025\/10\/hopital-du-futur-le-centre-hospitalier-de-saint-die-des-vosges-se-transforme-pour-mieux-affronter-les-canicules\/","url":"https:\/\/vosgesinfo.fr\/saintdieinfo\/2025\/10\/hopital-du-futur-le-centre-hospitalier-de-saint-die-des-vosges-se-transforme-pour-mieux-affronter-les-canicules\/","name":"H\u00f4pital du Futur : le Centre Hospitalier de Saint-Di\u00e9-des-Vosges se transforme pour mieux affronter les canicules - Saint Die Info","isPartOf":{"@id":"https:\/\/vosgesinfo.fr\/saintdieinfo\/#website"},"primaryImageOfPage":{"@id":"https:\/\/vosgesinfo.fr\/saintdieinfo\/2025\/10\/hopital-du-futur-le-centre-hospitalier-de-saint-die-des-vosges-se-transforme-pour-mieux-affronter-les-canicules\/#primaryimage"},"image":{"@id":"https:\/\/vosgesinfo.fr\/saintdieinfo\/2025\/10\/hopital-du-futur-le-centre-hospitalier-de-saint-die-des-vosges-se-transforme-pour-mieux-affronter-les-canicules\/#primaryimage"},"thumbnailUrl":"https:\/\/vosgesinfo.fr\/app\/uploads\/sites\/4\/2025\/10\/ch-sddv-resilience-canicule-hopital-du-futur-1.jpg","datePublished":"2025-10-22T12:31:37+00:00","dateModified":"2025-10-22T13:08:05+00:00","breadcrumb":{"@id":"https:\/\/vosgesinfo.fr\/saintdieinfo\/2025\/10\/hopital-du-futur-le-centre-hospitalier-de-saint-die-des-vosges-se-transforme-pour-mieux-affronter-les-canicules\/#breadcrumb"},"inLanguage":"fr-FR","potentialAction":[{"@type":"ReadAction","target":["https:\/\/vosgesinfo.fr\/saintdieinfo\/2025\/10\/hopital-du-futur-le-centre-hospitalier-de-saint-die-des-vosges-se-transforme-pour-mieux-affronter-les-canicules\/"]}]},{"@type":"ImageObject","inLanguage":"fr-FR","@id":"https:\/\/vosgesinfo.fr\/saintdieinfo\/2025\/10\/hopital-du-futur-le-centre-hospitalier-de-saint-die-des-vosges-se-transforme-pour-mieux-affronter-les-canicules\/#primaryimage","url":"https:\/\/vosgesinfo.fr\/app\/uploads\/sites\/4\/2025\/10\/ch-sddv-resilience-canicule-hopital-du-futur-1.jpg","contentUrl":"https:\/\/vosgesinfo.fr\/app\/uploads\/sites\/4\/2025\/10\/ch-sddv-resilience-canicule-hopital-du-futur-1.jpg","width":1434,"height":1080},{"@type":"BreadcrumbList","@id":"https:\/\/vosgesinfo.fr\/saintdieinfo\/2025\/10\/hopital-du-futur-le-centre-hospitalier-de-saint-die-des-vosges-se-transforme-pour-mieux-affronter-les-canicules\/#breadcrumb","itemListElement":[{"@type":"ListItem","position":1,"name":"Home","item":"https:\/\/vosgesinfo.fr\/saintdieinfo\/"},{"@type":"ListItem","position":2,"name":"H\u00f4pital du Futur : le Centre Hospitalier de Saint-Di\u00e9-des-Vosges se transforme pour mieux affronter les canicules"}]},{"@type":"WebSite","@id":"https:\/\/vosgesinfo.fr\/saintdieinfo\/#website","url":"https:\/\/vosgesinfo.fr\/saintdieinfo\/","name":"Saint Die Info","description":"Toute l&#039;actualit\u00e9 de Saint-Di\u00e9-Des-Vosges","publisher":{"@id":"https:\/\/vosgesinfo.fr\/saintdieinfo\/#organization"},"alternateName":"Toute l'actualit\u00e9 de Saint-Di\u00e9-Des-Vosges","potentialAction":[{"@type":"SearchAction","target":{"@type":"EntryPoint","urlTemplate":"https:\/\/vosgesinfo.fr\/saintdieinfo\/?s={search_term_string}"},"query-input":"required name=search_term_string"}],"inLanguage":"fr-FR"},{"@type":"Organization","@id":"https:\/\/vosgesinfo.fr\/saintdieinfo\/#organization","name":"Saint Die Info","url":"https:\/\/vosgesinfo.fr\/saintdieinfo\/","logo":{"@type":"ImageObject","inLanguage":"fr-FR","@id":"https:\/\/vosgesinfo.fr\/saintdieinfo\/#\/schema\/logo\/image\/","url":"https:\/\/vosgesinfo.fr\/app\/uploads\/sites\/4\/2024\/02\/logo-sdi.jpg","contentUrl":"https:\/\/vosgesinfo.fr\/app\/uploads\/sites\/4\/2024\/02\/logo-sdi.jpg","width":600,"height":600,"caption":"Saint Die Info"},"image":{"@id":"https:\/\/vosgesinfo.fr\/saintdieinfo\/#\/schema\/logo\/image\/"},"sameAs":["https:\/\/www.facebook.com\/Saintdieinfofr","https:\/\/x.com\/VosgesInfo88","https:\/\/www.youtube.com\/@vosgesinfo"]},{"@type":"Person","@id":"https:\/\/vosgesinfo.fr\/saintdieinfo\/#\/schema\/person\/fa73e9f726d67bb88f46d5b7943cb572","name":"J.J.","image":{"@type":"ImageObject","inLanguage":"fr-FR","@id":"https:\/\/vosgesinfo.fr\/saintdieinfo\/#\/schema\/person\/image\/","url":"https:\/\/secure.gravatar.com\/avatar\/219e749e47ffbcca018a360ae4add7d4cdf1cdaaf8bc7676b27efade3fe65615?s=96&d=mm&r=g","contentUrl":"https:\/\/secure.gravatar.com\/avatar\/219e749e47ffbcca018a360ae4add7d4cdf1cdaaf8bc7676b27efade3fe65615?s=96&d=mm&r=g","caption":"J.J."},"url":"https:\/\/vosgesinfo.fr\/saintdieinfo\/author\/j-j\/"}]}},"_links":{"self":[{"href":"https:\/\/vosgesinfo.fr\/saintdieinfo\/wp-json\/wp\/v2\/posts\/83775","targetHints":{"allow":["GET"]}}],"collection":[{"href":"https:\/\/vosgesinfo.fr\/saintdieinfo\/wp-json\/wp\/v2\/posts"}],"about":[{"href":"https:\/\/vosgesinfo.fr\/saintdieinfo\/wp-json\/wp\/v2\/types\/post"}],"author":[{"embeddable":true,"href":"https:\/\/vosgesinfo.fr\/saintdieinfo\/wp-json\/wp\/v2\/users\/46"}],"replies":[{"embeddable":true,"href":"https:\/\/vosgesinfo.fr\/saintdieinfo\/wp-json\/wp\/v2\/comments?post=83775"}],"version-history":[{"count":2,"href":"https:\/\/vosgesinfo.fr\/saintdieinfo\/wp-json\/wp\/v2\/posts\/83775\/revisions"}],"predecessor-version":[{"id":83783,"href":"https:\/\/vosgesinfo.fr\/saintdieinfo\/wp-json\/wp\/v2\/posts\/83775\/revisions\/83783"}],"wp:featuredmedia":[{"embeddable":true,"href":"https:\/\/vosgesinfo.fr\/saintdieinfo\/wp-json\/wp\/v2\/media\/83778"}],"wp:attachment":[{"href":"https:\/\/vosgesinfo.fr\/saintdieinfo\/wp-json\/wp\/v2\/media?parent=83775"}],"wp:term":[{"taxonomy":"category","embeddable":true,"href":"https:\/\/vosgesinfo.fr\/saintdieinfo\/wp-json\/wp\/v2\/categories?post=83775"},{"taxonomy":"post_tag","embeddable":true,"href":"https:\/\/vosgesinfo.fr\/saintdieinfo\/wp-json\/wp\/v2\/tags?post=83775"}],"curies":[{"name":"wp","href":"https:\/\/api.w.org\/{rel}","templated":true}]}}