{"id":83827,"date":"2025-10-23T15:54:32","date_gmt":"2025-10-23T13:54:32","guid":{"rendered":"https:\/\/vosgesinfo.fr\/saintdieinfo\/?p=83827"},"modified":"2025-10-23T15:49:14","modified_gmt":"2025-10-23T13:49:14","slug":"folia-une-parenthese-vegetale-au-cepagrap","status":"publish","type":"post","link":"https:\/\/vosgesinfo.fr\/saintdieinfo\/2025\/10\/folia-une-parenthese-vegetale-au-cepagrap\/","title":{"rendered":"\u00ab\u00a0Folia\u00a0\u00bb, une parenth\u00e8se v\u00e9g\u00e9tale au CEPAGRAP"},"content":{"rendered":"<div id=\"attachment_83828\" style=\"width: 538px\" class=\"wp-caption alignnone\"><a href=\"https:\/\/vosgesinfo.fr\/app\/uploads\/sites\/4\/2025\/10\/cepagrap-exposition-folia.jpg\"><img decoding=\"async\" aria-describedby=\"caption-attachment-83828\" class=\"size-full wp-image-83828\" src=\"https:\/\/vosgesinfo.fr\/app\/uploads\/sites\/4\/2025\/10\/cepagrap-exposition-folia.jpg\" alt=\"\" width=\"528\" height=\"711\" srcset=\"https:\/\/vosgesinfo.fr\/app\/uploads\/sites\/4\/2025\/10\/cepagrap-exposition-folia.jpg 528w, https:\/\/vosgesinfo.fr\/app\/uploads\/sites\/4\/2025\/10\/cepagrap-exposition-folia-223x300.jpg 223w\" sizes=\"(max-width: 528px) 100vw, 528px\" \/><\/a><p id=\"caption-attachment-83828\" class=\"wp-caption-text\">(Image CEPAGRAP)<\/p><\/div>\n<h2>La <strong>Galerie d\u2019Art contemporain de l\u2019Espace des Arts Plastiques CEPAGRAP<\/strong> accueille, du <strong>7 au 9 novembre<\/strong>, une exposition \u00e9ph\u00e9m\u00e8re d\u2019<strong>Emmanuel Antoine<\/strong>. Intitul\u00e9e <em>Folia<\/em>, cette exposition explore <strong>le monde v\u00e9g\u00e9tal<\/strong> et invite \u00e0 une immersion dans la <strong>beaut\u00e9 changeante de la nature<\/strong>.<\/h2>\n<p><!--more--><\/p>\n<p><em>Folia<\/em> sera notamment l\u2019occasion de d\u00e9couvrir le <strong>livre d\u2019artiste \u201cM\u00e9moire de plante\u201d<\/strong>, r\u00e9alis\u00e9 avec la complicit\u00e9 des artistes strasbourgeois <strong>Catherine Gangloff<\/strong> et <strong>Michel Dejean<\/strong>. Autour de cet ouvrage, un ensemble de <strong>gravures<\/strong>, de <strong>monotypes<\/strong> et de <strong>grands dessins<\/strong> au crayon ou \u00e0 la pierre noire prolongera la r\u00e9flexion sur la nature et sa m\u00e9tamorphose.<\/p>\n<p>Le <strong>vernissage de l\u2019exposition<\/strong> aura lieu le <strong>vendredi 7 novembre \u00e0 18 h<\/strong>. <em>Folia<\/em> sera visible <strong>chaque jour de 14 h \u00e0 19 h<\/strong> \u00e0 la Galerie du CEPAGRAP. Une <strong>rencontre autour du th\u00e8me de la beaut\u00e9<\/strong> se tiendra le <strong>dimanche 9 novembre \u00e0 17 h<\/strong>, avec <strong>entr\u00e9e libre<\/strong>.<\/p>\n","protected":false},"excerpt":{"rendered":"<p>La Galerie d\u2019Art contemporain de l\u2019Espace des Arts Plastiques CEPAGRAP accueille, du 7 au 9 novembre, une exposition \u00e9ph\u00e9m\u00e8re d\u2019Emmanuel [&hellip;]<\/p>\n","protected":false},"author":46,"featured_media":83828,"comment_status":"open","ping_status":"open","sticky":false,"template":"","format":"standard","meta":{"footnotes":""},"categories":[8019,3900,167],"tags":[5511,3084,6131,6543,18527,18526,5512],"class_list":["post-83827","post","type-post","status-publish","format-standard","has-post-thumbnail","hentry","category-vie-artistique-art-culture","category-breves","category-saint-die-des-vosges","tag-catherine-gangloff","tag-cepagrap","tag-emmanuel-antoine","tag-espace-des-arts-plastiques","tag-exposition-ephemere","tag-folia","tag-michel-dejean"],"acf":[],"yoast_head":"<!-- This site is optimized with the Yoast SEO plugin v22.5 - https:\/\/yoast.com\/wordpress\/plugins\/seo\/ -->\n<title>&quot;Folia&quot;, une parenth\u00e8se v\u00e9g\u00e9tale au CEPAGRAP - Saint Die Info<\/title>\n<meta name=\"robots\" content=\"index, follow, max-snippet:-1, max-image-preview:large, max-video-preview:-1\" \/>\n<link rel=\"canonical\" href=\"https:\/\/vosgesinfo.fr\/saintdieinfo\/2025\/10\/folia-une-parenthese-vegetale-au-cepagrap\/\" \/>\n<meta name=\"twitter:card\" content=\"summary_large_image\" \/>\n<meta name=\"twitter:title\" content=\"&quot;Folia&quot;, une parenth\u00e8se v\u00e9g\u00e9tale au CEPAGRAP - Saint Die Info\" \/>\n<meta name=\"twitter:description\" content=\"La Galerie d\u2019Art contemporain de l\u2019Espace des Arts Plastiques CEPAGRAP accueille, du 7 au 9 novembre, une exposition \u00e9ph\u00e9m\u00e8re d\u2019Emmanuel [&hellip;]\" \/>\n<meta name=\"twitter:image\" content=\"https:\/\/vosgesinfo.fr\/app\/uploads\/sites\/4\/2025\/10\/cepagrap-exposition-folia.jpg\" \/>\n<meta name=\"twitter:creator\" content=\"@VosgesInfo88\" \/>\n<meta name=\"twitter:site\" content=\"@VosgesInfo88\" \/>\n<meta name=\"twitter:label1\" content=\"\u00c9crit par\" \/>\n\t<meta name=\"twitter:data1\" content=\"J.J.\" \/>\n\t<meta name=\"twitter:label2\" content=\"Dur\u00e9e de lecture estim\u00e9e\" \/>\n\t<meta name=\"twitter:data2\" content=\"1 minute\" \/>\n<script type=\"application\/ld+json\" class=\"yoast-schema-graph\">{\"@context\":\"https:\/\/schema.org\",\"@graph\":[{\"@type\":\"Article\",\"@id\":\"https:\/\/vosgesinfo.fr\/saintdieinfo\/2025\/10\/folia-une-parenthese-vegetale-au-cepagrap\/#article\",\"isPartOf\":{\"@id\":\"https:\/\/vosgesinfo.fr\/saintdieinfo\/2025\/10\/folia-une-parenthese-vegetale-au-cepagrap\/\"},\"author\":{\"name\":\"J.J.\",\"@id\":\"https:\/\/vosgesinfo.fr\/saintdieinfo\/#\/schema\/person\/fa73e9f726d67bb88f46d5b7943cb572\"},\"headline\":\"\u00ab\u00a0Folia\u00a0\u00bb, une parenth\u00e8se v\u00e9g\u00e9tale au CEPAGRAP\",\"datePublished\":\"2025-10-23T13:54:32+00:00\",\"dateModified\":\"2025-10-23T13:49:14+00:00\",\"mainEntityOfPage\":{\"@id\":\"https:\/\/vosgesinfo.fr\/saintdieinfo\/2025\/10\/folia-une-parenthese-vegetale-au-cepagrap\/\"},\"wordCount\":166,\"commentCount\":0,\"publisher\":{\"@id\":\"https:\/\/vosgesinfo.fr\/saintdieinfo\/#organization\"},\"image\":{\"@id\":\"https:\/\/vosgesinfo.fr\/saintdieinfo\/2025\/10\/folia-une-parenthese-vegetale-au-cepagrap\/#primaryimage\"},\"thumbnailUrl\":\"https:\/\/vosgesinfo.fr\/app\/uploads\/sites\/4\/2025\/10\/cepagrap-exposition-folia.jpg\",\"keywords\":[\"Catherine Gangloff\",\"CEPAGRAP\",\"Emmanuel Antoine\",\"Espace des Arts Plastiques\",\"Exposition \u00e9ph\u00e9m\u00e8re\",\"Folia\",\"Michel Dejean\"],\"articleSection\":[\"Art\",\"Br\u00e8ves\",\"Saint-Di\u00e9-des-Vosges\"],\"inLanguage\":\"fr-FR\",\"potentialAction\":[{\"@type\":\"CommentAction\",\"name\":\"Comment\",\"target\":[\"https:\/\/vosgesinfo.fr\/saintdieinfo\/2025\/10\/folia-une-parenthese-vegetale-au-cepagrap\/#respond\"]}]},{\"@type\":\"WebPage\",\"@id\":\"https:\/\/vosgesinfo.fr\/saintdieinfo\/2025\/10\/folia-une-parenthese-vegetale-au-cepagrap\/\",\"url\":\"https:\/\/vosgesinfo.fr\/saintdieinfo\/2025\/10\/folia-une-parenthese-vegetale-au-cepagrap\/\",\"name\":\"\\\"Folia\\\", une parenth\u00e8se v\u00e9g\u00e9tale au CEPAGRAP - Saint Die Info\",\"isPartOf\":{\"@id\":\"https:\/\/vosgesinfo.fr\/saintdieinfo\/#website\"},\"primaryImageOfPage\":{\"@id\":\"https:\/\/vosgesinfo.fr\/saintdieinfo\/2025\/10\/folia-une-parenthese-vegetale-au-cepagrap\/#primaryimage\"},\"image\":{\"@id\":\"https:\/\/vosgesinfo.fr\/saintdieinfo\/2025\/10\/folia-une-parenthese-vegetale-au-cepagrap\/#primaryimage\"},\"thumbnailUrl\":\"https:\/\/vosgesinfo.fr\/app\/uploads\/sites\/4\/2025\/10\/cepagrap-exposition-folia.jpg\",\"datePublished\":\"2025-10-23T13:54:32+00:00\",\"dateModified\":\"2025-10-23T13:49:14+00:00\",\"breadcrumb\":{\"@id\":\"https:\/\/vosgesinfo.fr\/saintdieinfo\/2025\/10\/folia-une-parenthese-vegetale-au-cepagrap\/#breadcrumb\"},\"inLanguage\":\"fr-FR\",\"potentialAction\":[{\"@type\":\"ReadAction\",\"target\":[\"https:\/\/vosgesinfo.fr\/saintdieinfo\/2025\/10\/folia-une-parenthese-vegetale-au-cepagrap\/\"]}]},{\"@type\":\"ImageObject\",\"inLanguage\":\"fr-FR\",\"@id\":\"https:\/\/vosgesinfo.fr\/saintdieinfo\/2025\/10\/folia-une-parenthese-vegetale-au-cepagrap\/#primaryimage\",\"url\":\"https:\/\/vosgesinfo.fr\/app\/uploads\/sites\/4\/2025\/10\/cepagrap-exposition-folia.jpg\",\"contentUrl\":\"https:\/\/vosgesinfo.fr\/app\/uploads\/sites\/4\/2025\/10\/cepagrap-exposition-folia.jpg\",\"width\":528,\"height\":711,\"caption\":\"(Image CEPAGRAP)\"},{\"@type\":\"BreadcrumbList\",\"@id\":\"https:\/\/vosgesinfo.fr\/saintdieinfo\/2025\/10\/folia-une-parenthese-vegetale-au-cepagrap\/#breadcrumb\",\"itemListElement\":[{\"@type\":\"ListItem\",\"position\":1,\"name\":\"Home\",\"item\":\"https:\/\/vosgesinfo.fr\/saintdieinfo\/\"},{\"@type\":\"ListItem\",\"position\":2,\"name\":\"\u00ab\u00a0Folia\u00a0\u00bb, une parenth\u00e8se v\u00e9g\u00e9tale au CEPAGRAP\"}]},{\"@type\":\"WebSite\",\"@id\":\"https:\/\/vosgesinfo.fr\/saintdieinfo\/#website\",\"url\":\"https:\/\/vosgesinfo.fr\/saintdieinfo\/\",\"name\":\"Saint Die Info\",\"description\":\"Toute l&#039;actualit\u00e9 de Saint-Di\u00e9-Des-Vosges\",\"publisher\":{\"@id\":\"https:\/\/vosgesinfo.fr\/saintdieinfo\/#organization\"},\"alternateName\":\"Toute l'actualit\u00e9 de Saint-Di\u00e9-Des-Vosges\",\"potentialAction\":[{\"@type\":\"SearchAction\",\"target\":{\"@type\":\"EntryPoint\",\"urlTemplate\":\"https:\/\/vosgesinfo.fr\/saintdieinfo\/?s={search_term_string}\"},\"query-input\":\"required name=search_term_string\"}],\"inLanguage\":\"fr-FR\"},{\"@type\":\"Organization\",\"@id\":\"https:\/\/vosgesinfo.fr\/saintdieinfo\/#organization\",\"name\":\"Saint Die Info\",\"url\":\"https:\/\/vosgesinfo.fr\/saintdieinfo\/\",\"logo\":{\"@type\":\"ImageObject\",\"inLanguage\":\"fr-FR\",\"@id\":\"https:\/\/vosgesinfo.fr\/saintdieinfo\/#\/schema\/logo\/image\/\",\"url\":\"https:\/\/vosgesinfo.fr\/app\/uploads\/sites\/4\/2024\/02\/logo-sdi.jpg\",\"contentUrl\":\"https:\/\/vosgesinfo.fr\/app\/uploads\/sites\/4\/2024\/02\/logo-sdi.jpg\",\"width\":600,\"height\":600,\"caption\":\"Saint Die Info\"},\"image\":{\"@id\":\"https:\/\/vosgesinfo.fr\/saintdieinfo\/#\/schema\/logo\/image\/\"},\"sameAs\":[\"https:\/\/www.facebook.com\/Saintdieinfofr\",\"https:\/\/x.com\/VosgesInfo88\",\"https:\/\/www.youtube.com\/@vosgesinfo\"]},{\"@type\":\"Person\",\"@id\":\"https:\/\/vosgesinfo.fr\/saintdieinfo\/#\/schema\/person\/fa73e9f726d67bb88f46d5b7943cb572\",\"name\":\"J.J.\",\"image\":{\"@type\":\"ImageObject\",\"inLanguage\":\"fr-FR\",\"@id\":\"https:\/\/vosgesinfo.fr\/saintdieinfo\/#\/schema\/person\/image\/\",\"url\":\"https:\/\/secure.gravatar.com\/avatar\/219e749e47ffbcca018a360ae4add7d4cdf1cdaaf8bc7676b27efade3fe65615?s=96&d=mm&r=g\",\"contentUrl\":\"https:\/\/secure.gravatar.com\/avatar\/219e749e47ffbcca018a360ae4add7d4cdf1cdaaf8bc7676b27efade3fe65615?s=96&d=mm&r=g\",\"caption\":\"J.J.\"},\"url\":\"https:\/\/vosgesinfo.fr\/saintdieinfo\/author\/j-j\/\"}]}<\/script>\n<!-- \/ Yoast SEO plugin. -->","yoast_head_json":{"title":"\"Folia\", une parenth\u00e8se v\u00e9g\u00e9tale au CEPAGRAP - Saint Die Info","robots":{"index":"index","follow":"follow","max-snippet":"max-snippet:-1","max-image-preview":"max-image-preview:large","max-video-preview":"max-video-preview:-1"},"canonical":"https:\/\/vosgesinfo.fr\/saintdieinfo\/2025\/10\/folia-une-parenthese-vegetale-au-cepagrap\/","twitter_card":"summary_large_image","twitter_title":"\"Folia\", une parenth\u00e8se v\u00e9g\u00e9tale au CEPAGRAP - Saint Die Info","twitter_description":"La Galerie d\u2019Art contemporain de l\u2019Espace des Arts Plastiques CEPAGRAP accueille, du 7 au 9 novembre, une exposition \u00e9ph\u00e9m\u00e8re d\u2019Emmanuel [&hellip;]","twitter_image":"https:\/\/vosgesinfo.fr\/app\/uploads\/sites\/4\/2025\/10\/cepagrap-exposition-folia.jpg","twitter_creator":"@VosgesInfo88","twitter_site":"@VosgesInfo88","twitter_misc":{"\u00c9crit par":"J.J.","Dur\u00e9e de lecture estim\u00e9e":"1 minute"},"schema":{"@context":"https:\/\/schema.org","@graph":[{"@type":"Article","@id":"https:\/\/vosgesinfo.fr\/saintdieinfo\/2025\/10\/folia-une-parenthese-vegetale-au-cepagrap\/#article","isPartOf":{"@id":"https:\/\/vosgesinfo.fr\/saintdieinfo\/2025\/10\/folia-une-parenthese-vegetale-au-cepagrap\/"},"author":{"name":"J.J.","@id":"https:\/\/vosgesinfo.fr\/saintdieinfo\/#\/schema\/person\/fa73e9f726d67bb88f46d5b7943cb572"},"headline":"\u00ab\u00a0Folia\u00a0\u00bb, une parenth\u00e8se v\u00e9g\u00e9tale au CEPAGRAP","datePublished":"2025-10-23T13:54:32+00:00","dateModified":"2025-10-23T13:49:14+00:00","mainEntityOfPage":{"@id":"https:\/\/vosgesinfo.fr\/saintdieinfo\/2025\/10\/folia-une-parenthese-vegetale-au-cepagrap\/"},"wordCount":166,"commentCount":0,"publisher":{"@id":"https:\/\/vosgesinfo.fr\/saintdieinfo\/#organization"},"image":{"@id":"https:\/\/vosgesinfo.fr\/saintdieinfo\/2025\/10\/folia-une-parenthese-vegetale-au-cepagrap\/#primaryimage"},"thumbnailUrl":"https:\/\/vosgesinfo.fr\/app\/uploads\/sites\/4\/2025\/10\/cepagrap-exposition-folia.jpg","keywords":["Catherine Gangloff","CEPAGRAP","Emmanuel Antoine","Espace des Arts Plastiques","Exposition \u00e9ph\u00e9m\u00e8re","Folia","Michel Dejean"],"articleSection":["Art","Br\u00e8ves","Saint-Di\u00e9-des-Vosges"],"inLanguage":"fr-FR","potentialAction":[{"@type":"CommentAction","name":"Comment","target":["https:\/\/vosgesinfo.fr\/saintdieinfo\/2025\/10\/folia-une-parenthese-vegetale-au-cepagrap\/#respond"]}]},{"@type":"WebPage","@id":"https:\/\/vosgesinfo.fr\/saintdieinfo\/2025\/10\/folia-une-parenthese-vegetale-au-cepagrap\/","url":"https:\/\/vosgesinfo.fr\/saintdieinfo\/2025\/10\/folia-une-parenthese-vegetale-au-cepagrap\/","name":"\"Folia\", une parenth\u00e8se v\u00e9g\u00e9tale au CEPAGRAP - Saint Die Info","isPartOf":{"@id":"https:\/\/vosgesinfo.fr\/saintdieinfo\/#website"},"primaryImageOfPage":{"@id":"https:\/\/vosgesinfo.fr\/saintdieinfo\/2025\/10\/folia-une-parenthese-vegetale-au-cepagrap\/#primaryimage"},"image":{"@id":"https:\/\/vosgesinfo.fr\/saintdieinfo\/2025\/10\/folia-une-parenthese-vegetale-au-cepagrap\/#primaryimage"},"thumbnailUrl":"https:\/\/vosgesinfo.fr\/app\/uploads\/sites\/4\/2025\/10\/cepagrap-exposition-folia.jpg","datePublished":"2025-10-23T13:54:32+00:00","dateModified":"2025-10-23T13:49:14+00:00","breadcrumb":{"@id":"https:\/\/vosgesinfo.fr\/saintdieinfo\/2025\/10\/folia-une-parenthese-vegetale-au-cepagrap\/#breadcrumb"},"inLanguage":"fr-FR","potentialAction":[{"@type":"ReadAction","target":["https:\/\/vosgesinfo.fr\/saintdieinfo\/2025\/10\/folia-une-parenthese-vegetale-au-cepagrap\/"]}]},{"@type":"ImageObject","inLanguage":"fr-FR","@id":"https:\/\/vosgesinfo.fr\/saintdieinfo\/2025\/10\/folia-une-parenthese-vegetale-au-cepagrap\/#primaryimage","url":"https:\/\/vosgesinfo.fr\/app\/uploads\/sites\/4\/2025\/10\/cepagrap-exposition-folia.jpg","contentUrl":"https:\/\/vosgesinfo.fr\/app\/uploads\/sites\/4\/2025\/10\/cepagrap-exposition-folia.jpg","width":528,"height":711,"caption":"(Image CEPAGRAP)"},{"@type":"BreadcrumbList","@id":"https:\/\/vosgesinfo.fr\/saintdieinfo\/2025\/10\/folia-une-parenthese-vegetale-au-cepagrap\/#breadcrumb","itemListElement":[{"@type":"ListItem","position":1,"name":"Home","item":"https:\/\/vosgesinfo.fr\/saintdieinfo\/"},{"@type":"ListItem","position":2,"name":"\u00ab\u00a0Folia\u00a0\u00bb, une parenth\u00e8se v\u00e9g\u00e9tale au CEPAGRAP"}]},{"@type":"WebSite","@id":"https:\/\/vosgesinfo.fr\/saintdieinfo\/#website","url":"https:\/\/vosgesinfo.fr\/saintdieinfo\/","name":"Saint Die Info","description":"Toute l&#039;actualit\u00e9 de Saint-Di\u00e9-Des-Vosges","publisher":{"@id":"https:\/\/vosgesinfo.fr\/saintdieinfo\/#organization"},"alternateName":"Toute l'actualit\u00e9 de Saint-Di\u00e9-Des-Vosges","potentialAction":[{"@type":"SearchAction","target":{"@type":"EntryPoint","urlTemplate":"https:\/\/vosgesinfo.fr\/saintdieinfo\/?s={search_term_string}"},"query-input":"required name=search_term_string"}],"inLanguage":"fr-FR"},{"@type":"Organization","@id":"https:\/\/vosgesinfo.fr\/saintdieinfo\/#organization","name":"Saint Die Info","url":"https:\/\/vosgesinfo.fr\/saintdieinfo\/","logo":{"@type":"ImageObject","inLanguage":"fr-FR","@id":"https:\/\/vosgesinfo.fr\/saintdieinfo\/#\/schema\/logo\/image\/","url":"https:\/\/vosgesinfo.fr\/app\/uploads\/sites\/4\/2024\/02\/logo-sdi.jpg","contentUrl":"https:\/\/vosgesinfo.fr\/app\/uploads\/sites\/4\/2024\/02\/logo-sdi.jpg","width":600,"height":600,"caption":"Saint Die Info"},"image":{"@id":"https:\/\/vosgesinfo.fr\/saintdieinfo\/#\/schema\/logo\/image\/"},"sameAs":["https:\/\/www.facebook.com\/Saintdieinfofr","https:\/\/x.com\/VosgesInfo88","https:\/\/www.youtube.com\/@vosgesinfo"]},{"@type":"Person","@id":"https:\/\/vosgesinfo.fr\/saintdieinfo\/#\/schema\/person\/fa73e9f726d67bb88f46d5b7943cb572","name":"J.J.","image":{"@type":"ImageObject","inLanguage":"fr-FR","@id":"https:\/\/vosgesinfo.fr\/saintdieinfo\/#\/schema\/person\/image\/","url":"https:\/\/secure.gravatar.com\/avatar\/219e749e47ffbcca018a360ae4add7d4cdf1cdaaf8bc7676b27efade3fe65615?s=96&d=mm&r=g","contentUrl":"https:\/\/secure.gravatar.com\/avatar\/219e749e47ffbcca018a360ae4add7d4cdf1cdaaf8bc7676b27efade3fe65615?s=96&d=mm&r=g","caption":"J.J."},"url":"https:\/\/vosgesinfo.fr\/saintdieinfo\/author\/j-j\/"}]}},"_links":{"self":[{"href":"https:\/\/vosgesinfo.fr\/saintdieinfo\/wp-json\/wp\/v2\/posts\/83827","targetHints":{"allow":["GET"]}}],"collection":[{"href":"https:\/\/vosgesinfo.fr\/saintdieinfo\/wp-json\/wp\/v2\/posts"}],"about":[{"href":"https:\/\/vosgesinfo.fr\/saintdieinfo\/wp-json\/wp\/v2\/types\/post"}],"author":[{"embeddable":true,"href":"https:\/\/vosgesinfo.fr\/saintdieinfo\/wp-json\/wp\/v2\/users\/46"}],"replies":[{"embeddable":true,"href":"https:\/\/vosgesinfo.fr\/saintdieinfo\/wp-json\/wp\/v2\/comments?post=83827"}],"version-history":[{"count":1,"href":"https:\/\/vosgesinfo.fr\/saintdieinfo\/wp-json\/wp\/v2\/posts\/83827\/revisions"}],"predecessor-version":[{"id":83829,"href":"https:\/\/vosgesinfo.fr\/saintdieinfo\/wp-json\/wp\/v2\/posts\/83827\/revisions\/83829"}],"wp:featuredmedia":[{"embeddable":true,"href":"https:\/\/vosgesinfo.fr\/saintdieinfo\/wp-json\/wp\/v2\/media\/83828"}],"wp:attachment":[{"href":"https:\/\/vosgesinfo.fr\/saintdieinfo\/wp-json\/wp\/v2\/media?parent=83827"}],"wp:term":[{"taxonomy":"category","embeddable":true,"href":"https:\/\/vosgesinfo.fr\/saintdieinfo\/wp-json\/wp\/v2\/categories?post=83827"},{"taxonomy":"post_tag","embeddable":true,"href":"https:\/\/vosgesinfo.fr\/saintdieinfo\/wp-json\/wp\/v2\/tags?post=83827"}],"curies":[{"name":"wp","href":"https:\/\/api.w.org\/{rel}","templated":true}]}}