{"id":83830,"date":"2025-10-23T17:21:49","date_gmt":"2025-10-23T15:21:49","guid":{"rendered":"https:\/\/vosgesinfo.fr\/saintdieinfo\/?p=83830"},"modified":"2025-10-23T17:18:32","modified_gmt":"2025-10-23T15:18:32","slug":"le-tour-de-france-2026-de-passage-eclair-dans-les-vosges","status":"publish","type":"post","link":"https:\/\/vosgesinfo.fr\/saintdieinfo\/2025\/10\/le-tour-de-france-2026-de-passage-eclair-dans-les-vosges\/","title":{"rendered":"Le Tour de France 2026 de passage \u00e9clair dans les Vosges"},"content":{"rendered":"<div id=\"attachment_83831\" style=\"width: 1010px\" class=\"wp-caption alignnone\"><a href=\"https:\/\/vosgesinfo.fr\/app\/uploads\/sites\/4\/2025\/10\/tdf-depart-coureurs-34.jpg\"><img decoding=\"async\" aria-describedby=\"caption-attachment-83831\" class=\"size-full wp-image-83831\" src=\"https:\/\/vosgesinfo.fr\/app\/uploads\/sites\/4\/2025\/10\/tdf-depart-coureurs-34.jpg\" alt=\"\" width=\"1000\" height=\"667\" srcset=\"https:\/\/vosgesinfo.fr\/app\/uploads\/sites\/4\/2025\/10\/tdf-depart-coureurs-34.jpg 1000w, https:\/\/vosgesinfo.fr\/app\/uploads\/sites\/4\/2025\/10\/tdf-depart-coureurs-34-300x200.jpg 300w, https:\/\/vosgesinfo.fr\/app\/uploads\/sites\/4\/2025\/10\/tdf-depart-coureurs-34-768x512.jpg 768w\" sizes=\"(max-width: 1000px) 100vw, 1000px\" \/><\/a><p id=\"caption-attachment-83831\" class=\"wp-caption-text\">Julian Alaphilippe \u00e0 Saint-Di\u00e9-des-Vosges, lors du d\u00e9part de la 5e \u00e9tape du Tour de France 2019. (Archive)<\/p><\/div>\n<h2 data-start=\"90\" data-end=\"455\">Le parcours officiel du <strong data-start=\"114\" data-end=\"137\">113e Tour de France<\/strong> a \u00e9t\u00e9 d\u00e9voil\u00e9 au fur et \u00e0 mesure ce <strong data-start=\"174\" data-end=\"194\">jeudi 23 octobre<\/strong>. De passage \u00e0 maintes reprises dans le d\u00e9partement, avec notamment <strong data-start=\"262\" data-end=\"314\">un d\u00e9part d\u2019\u00e9tape \u00e0 Saint-Di\u00e9-des-Vosges en 2019<\/strong>, la <strong data-start=\"319\" data-end=\"336\">Grande Boucle<\/strong> fera l\u2019impasse sur les <strong data-start=\"360\" data-end=\"378\">Vosges en 2026<\/strong>, hormis <strong data-start=\"387\" data-end=\"429\">un passage \u00e9clair lors de la 14e \u00e9tape<\/strong>&#8230; et sans s\u2019y arr\u00eater.<\/h2>\n<p data-start=\"90\" data-end=\"455\"><!--more--><\/p>\n<h3 data-start=\"90\" data-end=\"455\"><strong>Le parcours officiellement d\u00e9voil\u00e9 aujourd&rsquo;hui<\/strong><\/h3>\n<p data-start=\"90\" data-end=\"455\">Le parcours officiel du <strong data-start=\"114\" data-end=\"137\">113e Tour de France<\/strong> a \u00e9t\u00e9 d\u00e9voil\u00e9 au fur et \u00e0 mesure ce <strong data-start=\"174\" data-end=\"194\">jeudi 23 octobre<\/strong>. De passage \u00e0 maintes reprises dans le d\u00e9partement, avec notamment <strong data-start=\"262\" data-end=\"314\">un d\u00e9part d\u2019\u00e9tape \u00e0 Saint-Di\u00e9-des-Vosges en 2019<\/strong>, la Grande Boucle fera l\u2019impasse sur les Vosges en 202<strong>6<\/strong>, hormis <strong data-start=\"387\" data-end=\"429\">un passage \u00e9clair lors de la 14e \u00e9tape<\/strong>&#8230; mais sans s\u2019y arr\u00eater.<\/p>\n<h3 data-start=\"457\" data-end=\"488\"><strong>Moins de 30 kilom\u00e8tres vosgiens<\/strong><\/h3>\n<p data-start=\"489\" data-end=\"1054\">Le <strong data-start=\"492\" data-end=\"510\">Tour de France<\/strong> s\u2019\u00e9lancera de <strong data-start=\"525\" data-end=\"558\">Barcelone le samedi 4 juillet<\/strong>, pour ensuite se diriger vers <strong data-start=\"589\" data-end=\"601\">Bordeaux<\/strong>, <strong data-start=\"603\" data-end=\"613\">Nevers<\/strong>, <strong data-start=\"615\" data-end=\"635\">Chalon-sur-Sa\u00f4ne<\/strong>, <strong data-start=\"637\" data-end=\"645\">Dole<\/strong>, <strong data-start=\"647\" data-end=\"658\">Belfort<\/strong> et <strong data-start=\"662\" data-end=\"674\">Mulhouse<\/strong>. Au d\u00e9part de la sous-pr\u00e9fecture du Haut-Rhin, samedi 18 juillet, <strong>la 14e \u00e9tape de 155 km \u2013 pour 3800 m de D+ \u2013<\/strong> am\u00e8nera les coureurs \u00e0 traverser les Vosges sur <strong data-start=\"846\" data-end=\"877\">une trentaine de kilom\u00e8tres<\/strong>, du <strong data-start=\"882\" data-end=\"897\">col du Page<\/strong> au <strong data-start=\"901\" data-end=\"920\">Ballon d\u2019Alsace<\/strong> en passant par <strong data-start=\"936\" data-end=\"965\">Saint-Maurice-sur-Moselle<\/strong>. <strong data-start=\"967\" data-end=\"980\">L\u2019arriv\u00e9e<\/strong> de l\u2019\u00e9tape se fera \u00e0 1192 m d\u2019altitude, au <strong data-start=\"1028\" data-end=\"1051\">Markstein Fellering<\/strong>.<\/p>\n<h3 data-start=\"1056\" data-end=\"1095\"><strong>\u00c9pinal candidate mais non retenue<\/strong><\/h3>\n<p data-start=\"1096\" data-end=\"1338\">La <strong data-start=\"1099\" data-end=\"1117\">ville d\u2019\u00c9pinal<\/strong> \u00e9tait candidate aupr\u00e8s de l\u2019organisateur de la <strong data-start=\"1165\" data-end=\"1182\">Grande Boucle<\/strong>, <strong data-start=\"1184\" data-end=\"1221\">Amaury Sport Organisation \u2013 ASO \u2013<\/strong> mais les coureurs ne passeront ni ne feront halte \u00e0 la Cit\u00e9 des Images. Peut-\u00eatre pour une prochaine \u00e9dition.<\/p>\n<h3 data-start=\"1340\" data-end=\"1378\"><strong>Aucune \u00e9tape du Tour f\u00e9minin dans l\u2019Est<\/strong><\/h3>\n<p data-start=\"1379\" data-end=\"1546\">Le <strong data-start=\"1382\" data-end=\"1407\">Tour de France Femmes<\/strong> fera quant \u00e0 lui totalement l\u2019impasse sur l\u2019Est de la France, avec <strong data-start=\"1479\" data-end=\"1514\">un d\u00e9part en Suisse, \u00e0 Lausanne<\/strong>, pour <strong data-start=\"1521\" data-end=\"1543\">une arriv\u00e9e \u00e0 Nice<\/strong>.<\/p>\n<h3 data-start=\"1379\" data-end=\"1546\"><strong>Pour aller plus loin<\/strong><\/h3>\n<p data-start=\"1548\" data-end=\"1616\" data-is-last-node=\"\" data-is-only-node=\"\">Pour aller plus loin : <a href=\"https:\/\/www.letour.fr\" target=\"_blank\" rel=\"noopener\">www.letour.fr<\/a> et <a href=\"https:\/\/www.letourfemmes.fr\" target=\"_blank\" rel=\"noopener\">www.letourfemmes.fr<\/a><\/p>\n<p><a href=\"https:\/\/vosgesinfo.fr\/app\/uploads\/sites\/4\/2025\/10\/tour-de-france-2026-1.jpg\"><img decoding=\"async\" class=\"alignnone size-large wp-image-83833\" src=\"https:\/\/vosgesinfo.fr\/app\/uploads\/sites\/4\/2025\/10\/tour-de-france-2026-1-819x1024.jpg\" alt=\"\" width=\"819\" height=\"1024\" srcset=\"https:\/\/vosgesinfo.fr\/app\/uploads\/sites\/4\/2025\/10\/tour-de-france-2026-1-819x1024.jpg 819w, https:\/\/vosgesinfo.fr\/app\/uploads\/sites\/4\/2025\/10\/tour-de-france-2026-1-240x300.jpg 240w, https:\/\/vosgesinfo.fr\/app\/uploads\/sites\/4\/2025\/10\/tour-de-france-2026-1-768x960.jpg 768w, https:\/\/vosgesinfo.fr\/app\/uploads\/sites\/4\/2025\/10\/tour-de-france-2026-1.jpg 864w\" sizes=\"(max-width: 819px) 100vw, 819px\" \/><\/a><a href=\"https:\/\/vosgesinfo.fr\/app\/uploads\/sites\/4\/2025\/10\/tour-de-france-2026-etape-14-2.jpg\"><img decoding=\"async\" class=\"alignnone size-full wp-image-83834\" src=\"https:\/\/vosgesinfo.fr\/app\/uploads\/sites\/4\/2025\/10\/tour-de-france-2026-etape-14-2.jpg\" alt=\"\" width=\"960\" height=\"754\" srcset=\"https:\/\/vosgesinfo.fr\/app\/uploads\/sites\/4\/2025\/10\/tour-de-france-2026-etape-14-2.jpg 960w, https:\/\/vosgesinfo.fr\/app\/uploads\/sites\/4\/2025\/10\/tour-de-france-2026-etape-14-2-300x236.jpg 300w, https:\/\/vosgesinfo.fr\/app\/uploads\/sites\/4\/2025\/10\/tour-de-france-2026-etape-14-2-768x603.jpg 768w\" sizes=\"(max-width: 960px) 100vw, 960px\" \/><\/a><\/p>\n","protected":false},"excerpt":{"rendered":"<p>Le parcours officiel du 113e Tour de France a \u00e9t\u00e9 d\u00e9voil\u00e9 au fur et \u00e0 mesure ce jeudi 23 octobre. [&hellip;]<\/p>\n","protected":false},"author":46,"featured_media":83831,"comment_status":"open","ping_status":"open","sticky":false,"template":"","format":"standard","meta":{"footnotes":""},"categories":[460,5392,5391,5389,4099,14,18],"tags":[18530,18529,42,18528,9186],"class_list":["post-83830","post","type-post","status-publish","format-standard","has-post-thumbnail","hentry","category-a-la-une","category-epinal","category-gerardmer","category-la-plaine-des-vosges","category-remiremont","category-sport","category-vosges","tag-113e-tour-de-france","tag-amaury-sport-organisation","tag-tour-de-france","tag-tour-de-france-2026","tag-tour-de-france-femmes"],"acf":[],"yoast_head":"<!-- This site is optimized with the Yoast SEO plugin v22.5 - https:\/\/yoast.com\/wordpress\/plugins\/seo\/ -->\n<title>Le Tour de France 2026 de passage \u00e9clair dans les Vosges - Saint Die Info<\/title>\n<meta name=\"robots\" content=\"index, follow, max-snippet:-1, max-image-preview:large, max-video-preview:-1\" \/>\n<link rel=\"canonical\" href=\"https:\/\/vosgesinfo.fr\/saintdieinfo\/2025\/10\/le-tour-de-france-2026-de-passage-eclair-dans-les-vosges\/\" \/>\n<meta name=\"twitter:card\" content=\"summary_large_image\" \/>\n<meta name=\"twitter:title\" content=\"Le Tour de France 2026 de passage \u00e9clair dans les Vosges - Saint Die Info\" \/>\n<meta name=\"twitter:description\" content=\"Le parcours officiel du 113e Tour de France a \u00e9t\u00e9 d\u00e9voil\u00e9 au fur et \u00e0 mesure ce jeudi 23 octobre. [&hellip;]\" \/>\n<meta name=\"twitter:image\" content=\"https:\/\/vosgesinfo.fr\/app\/uploads\/sites\/4\/2025\/10\/tdf-depart-coureurs-34.jpg\" \/>\n<meta name=\"twitter:creator\" content=\"@VosgesInfo88\" \/>\n<meta name=\"twitter:site\" content=\"@VosgesInfo88\" \/>\n<meta name=\"twitter:label1\" content=\"\u00c9crit par\" \/>\n\t<meta name=\"twitter:data1\" content=\"J.J.\" \/>\n\t<meta name=\"twitter:label2\" content=\"Dur\u00e9e de lecture estim\u00e9e\" \/>\n\t<meta name=\"twitter:data2\" content=\"3 minutes\" \/>\n<script type=\"application\/ld+json\" class=\"yoast-schema-graph\">{\"@context\":\"https:\/\/schema.org\",\"@graph\":[{\"@type\":\"Article\",\"@id\":\"https:\/\/vosgesinfo.fr\/saintdieinfo\/2025\/10\/le-tour-de-france-2026-de-passage-eclair-dans-les-vosges\/#article\",\"isPartOf\":{\"@id\":\"https:\/\/vosgesinfo.fr\/saintdieinfo\/2025\/10\/le-tour-de-france-2026-de-passage-eclair-dans-les-vosges\/\"},\"author\":{\"name\":\"J.J.\",\"@id\":\"https:\/\/vosgesinfo.fr\/saintdieinfo\/#\/schema\/person\/fa73e9f726d67bb88f46d5b7943cb572\"},\"headline\":\"Le Tour de France 2026 de passage \u00e9clair dans les Vosges\",\"datePublished\":\"2025-10-23T15:21:49+00:00\",\"dateModified\":\"2025-10-23T15:18:32+00:00\",\"mainEntityOfPage\":{\"@id\":\"https:\/\/vosgesinfo.fr\/saintdieinfo\/2025\/10\/le-tour-de-france-2026-de-passage-eclair-dans-les-vosges\/\"},\"wordCount\":349,\"commentCount\":0,\"publisher\":{\"@id\":\"https:\/\/vosgesinfo.fr\/saintdieinfo\/#organization\"},\"image\":{\"@id\":\"https:\/\/vosgesinfo.fr\/saintdieinfo\/2025\/10\/le-tour-de-france-2026-de-passage-eclair-dans-les-vosges\/#primaryimage\"},\"thumbnailUrl\":\"https:\/\/vosgesinfo.fr\/app\/uploads\/sites\/4\/2025\/10\/tdf-depart-coureurs-34.jpg\",\"keywords\":[\"113e Tour de France\",\"Amaury Sport Organisation\",\"Tour de France\",\"Tour de France 2026\",\"Tour de France Femmes\"],\"articleSection\":[\"A la Une\",\"Epinal\",\"Gerardmer\",\"La plaine des vosges\",\"Remiremont\",\"Sport\",\"Vosges\"],\"inLanguage\":\"fr-FR\",\"potentialAction\":[{\"@type\":\"CommentAction\",\"name\":\"Comment\",\"target\":[\"https:\/\/vosgesinfo.fr\/saintdieinfo\/2025\/10\/le-tour-de-france-2026-de-passage-eclair-dans-les-vosges\/#respond\"]}]},{\"@type\":\"WebPage\",\"@id\":\"https:\/\/vosgesinfo.fr\/saintdieinfo\/2025\/10\/le-tour-de-france-2026-de-passage-eclair-dans-les-vosges\/\",\"url\":\"https:\/\/vosgesinfo.fr\/saintdieinfo\/2025\/10\/le-tour-de-france-2026-de-passage-eclair-dans-les-vosges\/\",\"name\":\"Le Tour de France 2026 de passage \u00e9clair dans les Vosges - Saint Die Info\",\"isPartOf\":{\"@id\":\"https:\/\/vosgesinfo.fr\/saintdieinfo\/#website\"},\"primaryImageOfPage\":{\"@id\":\"https:\/\/vosgesinfo.fr\/saintdieinfo\/2025\/10\/le-tour-de-france-2026-de-passage-eclair-dans-les-vosges\/#primaryimage\"},\"image\":{\"@id\":\"https:\/\/vosgesinfo.fr\/saintdieinfo\/2025\/10\/le-tour-de-france-2026-de-passage-eclair-dans-les-vosges\/#primaryimage\"},\"thumbnailUrl\":\"https:\/\/vosgesinfo.fr\/app\/uploads\/sites\/4\/2025\/10\/tdf-depart-coureurs-34.jpg\",\"datePublished\":\"2025-10-23T15:21:49+00:00\",\"dateModified\":\"2025-10-23T15:18:32+00:00\",\"breadcrumb\":{\"@id\":\"https:\/\/vosgesinfo.fr\/saintdieinfo\/2025\/10\/le-tour-de-france-2026-de-passage-eclair-dans-les-vosges\/#breadcrumb\"},\"inLanguage\":\"fr-FR\",\"potentialAction\":[{\"@type\":\"ReadAction\",\"target\":[\"https:\/\/vosgesinfo.fr\/saintdieinfo\/2025\/10\/le-tour-de-france-2026-de-passage-eclair-dans-les-vosges\/\"]}]},{\"@type\":\"ImageObject\",\"inLanguage\":\"fr-FR\",\"@id\":\"https:\/\/vosgesinfo.fr\/saintdieinfo\/2025\/10\/le-tour-de-france-2026-de-passage-eclair-dans-les-vosges\/#primaryimage\",\"url\":\"https:\/\/vosgesinfo.fr\/app\/uploads\/sites\/4\/2025\/10\/tdf-depart-coureurs-34.jpg\",\"contentUrl\":\"https:\/\/vosgesinfo.fr\/app\/uploads\/sites\/4\/2025\/10\/tdf-depart-coureurs-34.jpg\",\"width\":1000,\"height\":667,\"caption\":\"Julian Alaphilippe \u00e0 Saint-Di\u00e9-des-Vosges, lors du d\u00e9part de la 5e \u00e9tape du Tour de France 2019. (Archive)\"},{\"@type\":\"BreadcrumbList\",\"@id\":\"https:\/\/vosgesinfo.fr\/saintdieinfo\/2025\/10\/le-tour-de-france-2026-de-passage-eclair-dans-les-vosges\/#breadcrumb\",\"itemListElement\":[{\"@type\":\"ListItem\",\"position\":1,\"name\":\"Home\",\"item\":\"https:\/\/vosgesinfo.fr\/saintdieinfo\/\"},{\"@type\":\"ListItem\",\"position\":2,\"name\":\"Le Tour de France 2026 de passage \u00e9clair dans les Vosges\"}]},{\"@type\":\"WebSite\",\"@id\":\"https:\/\/vosgesinfo.fr\/saintdieinfo\/#website\",\"url\":\"https:\/\/vosgesinfo.fr\/saintdieinfo\/\",\"name\":\"Saint Die Info\",\"description\":\"Toute l&#039;actualit\u00e9 de Saint-Di\u00e9-Des-Vosges\",\"publisher\":{\"@id\":\"https:\/\/vosgesinfo.fr\/saintdieinfo\/#organization\"},\"alternateName\":\"Toute l'actualit\u00e9 de Saint-Di\u00e9-Des-Vosges\",\"potentialAction\":[{\"@type\":\"SearchAction\",\"target\":{\"@type\":\"EntryPoint\",\"urlTemplate\":\"https:\/\/vosgesinfo.fr\/saintdieinfo\/?s={search_term_string}\"},\"query-input\":\"required name=search_term_string\"}],\"inLanguage\":\"fr-FR\"},{\"@type\":\"Organization\",\"@id\":\"https:\/\/vosgesinfo.fr\/saintdieinfo\/#organization\",\"name\":\"Saint Die Info\",\"url\":\"https:\/\/vosgesinfo.fr\/saintdieinfo\/\",\"logo\":{\"@type\":\"ImageObject\",\"inLanguage\":\"fr-FR\",\"@id\":\"https:\/\/vosgesinfo.fr\/saintdieinfo\/#\/schema\/logo\/image\/\",\"url\":\"https:\/\/vosgesinfo.fr\/app\/uploads\/sites\/4\/2024\/02\/logo-sdi.jpg\",\"contentUrl\":\"https:\/\/vosgesinfo.fr\/app\/uploads\/sites\/4\/2024\/02\/logo-sdi.jpg\",\"width\":600,\"height\":600,\"caption\":\"Saint Die Info\"},\"image\":{\"@id\":\"https:\/\/vosgesinfo.fr\/saintdieinfo\/#\/schema\/logo\/image\/\"},\"sameAs\":[\"https:\/\/www.facebook.com\/Saintdieinfofr\",\"https:\/\/x.com\/VosgesInfo88\",\"https:\/\/www.youtube.com\/@vosgesinfo\"]},{\"@type\":\"Person\",\"@id\":\"https:\/\/vosgesinfo.fr\/saintdieinfo\/#\/schema\/person\/fa73e9f726d67bb88f46d5b7943cb572\",\"name\":\"J.J.\",\"image\":{\"@type\":\"ImageObject\",\"inLanguage\":\"fr-FR\",\"@id\":\"https:\/\/vosgesinfo.fr\/saintdieinfo\/#\/schema\/person\/image\/\",\"url\":\"https:\/\/secure.gravatar.com\/avatar\/219e749e47ffbcca018a360ae4add7d4cdf1cdaaf8bc7676b27efade3fe65615?s=96&d=mm&r=g\",\"contentUrl\":\"https:\/\/secure.gravatar.com\/avatar\/219e749e47ffbcca018a360ae4add7d4cdf1cdaaf8bc7676b27efade3fe65615?s=96&d=mm&r=g\",\"caption\":\"J.J.\"},\"url\":\"https:\/\/vosgesinfo.fr\/saintdieinfo\/author\/j-j\/\"}]}<\/script>\n<!-- \/ Yoast SEO plugin. -->","yoast_head_json":{"title":"Le Tour de France 2026 de passage \u00e9clair dans les Vosges - Saint Die Info","robots":{"index":"index","follow":"follow","max-snippet":"max-snippet:-1","max-image-preview":"max-image-preview:large","max-video-preview":"max-video-preview:-1"},"canonical":"https:\/\/vosgesinfo.fr\/saintdieinfo\/2025\/10\/le-tour-de-france-2026-de-passage-eclair-dans-les-vosges\/","twitter_card":"summary_large_image","twitter_title":"Le Tour de France 2026 de passage \u00e9clair dans les Vosges - Saint Die Info","twitter_description":"Le parcours officiel du 113e Tour de France a \u00e9t\u00e9 d\u00e9voil\u00e9 au fur et \u00e0 mesure ce jeudi 23 octobre. [&hellip;]","twitter_image":"https:\/\/vosgesinfo.fr\/app\/uploads\/sites\/4\/2025\/10\/tdf-depart-coureurs-34.jpg","twitter_creator":"@VosgesInfo88","twitter_site":"@VosgesInfo88","twitter_misc":{"\u00c9crit par":"J.J.","Dur\u00e9e de lecture estim\u00e9e":"3 minutes"},"schema":{"@context":"https:\/\/schema.org","@graph":[{"@type":"Article","@id":"https:\/\/vosgesinfo.fr\/saintdieinfo\/2025\/10\/le-tour-de-france-2026-de-passage-eclair-dans-les-vosges\/#article","isPartOf":{"@id":"https:\/\/vosgesinfo.fr\/saintdieinfo\/2025\/10\/le-tour-de-france-2026-de-passage-eclair-dans-les-vosges\/"},"author":{"name":"J.J.","@id":"https:\/\/vosgesinfo.fr\/saintdieinfo\/#\/schema\/person\/fa73e9f726d67bb88f46d5b7943cb572"},"headline":"Le Tour de France 2026 de passage \u00e9clair dans les Vosges","datePublished":"2025-10-23T15:21:49+00:00","dateModified":"2025-10-23T15:18:32+00:00","mainEntityOfPage":{"@id":"https:\/\/vosgesinfo.fr\/saintdieinfo\/2025\/10\/le-tour-de-france-2026-de-passage-eclair-dans-les-vosges\/"},"wordCount":349,"commentCount":0,"publisher":{"@id":"https:\/\/vosgesinfo.fr\/saintdieinfo\/#organization"},"image":{"@id":"https:\/\/vosgesinfo.fr\/saintdieinfo\/2025\/10\/le-tour-de-france-2026-de-passage-eclair-dans-les-vosges\/#primaryimage"},"thumbnailUrl":"https:\/\/vosgesinfo.fr\/app\/uploads\/sites\/4\/2025\/10\/tdf-depart-coureurs-34.jpg","keywords":["113e Tour de France","Amaury Sport Organisation","Tour de France","Tour de France 2026","Tour de France Femmes"],"articleSection":["A la Une","Epinal","Gerardmer","La plaine des vosges","Remiremont","Sport","Vosges"],"inLanguage":"fr-FR","potentialAction":[{"@type":"CommentAction","name":"Comment","target":["https:\/\/vosgesinfo.fr\/saintdieinfo\/2025\/10\/le-tour-de-france-2026-de-passage-eclair-dans-les-vosges\/#respond"]}]},{"@type":"WebPage","@id":"https:\/\/vosgesinfo.fr\/saintdieinfo\/2025\/10\/le-tour-de-france-2026-de-passage-eclair-dans-les-vosges\/","url":"https:\/\/vosgesinfo.fr\/saintdieinfo\/2025\/10\/le-tour-de-france-2026-de-passage-eclair-dans-les-vosges\/","name":"Le Tour de France 2026 de passage \u00e9clair dans les Vosges - Saint Die Info","isPartOf":{"@id":"https:\/\/vosgesinfo.fr\/saintdieinfo\/#website"},"primaryImageOfPage":{"@id":"https:\/\/vosgesinfo.fr\/saintdieinfo\/2025\/10\/le-tour-de-france-2026-de-passage-eclair-dans-les-vosges\/#primaryimage"},"image":{"@id":"https:\/\/vosgesinfo.fr\/saintdieinfo\/2025\/10\/le-tour-de-france-2026-de-passage-eclair-dans-les-vosges\/#primaryimage"},"thumbnailUrl":"https:\/\/vosgesinfo.fr\/app\/uploads\/sites\/4\/2025\/10\/tdf-depart-coureurs-34.jpg","datePublished":"2025-10-23T15:21:49+00:00","dateModified":"2025-10-23T15:18:32+00:00","breadcrumb":{"@id":"https:\/\/vosgesinfo.fr\/saintdieinfo\/2025\/10\/le-tour-de-france-2026-de-passage-eclair-dans-les-vosges\/#breadcrumb"},"inLanguage":"fr-FR","potentialAction":[{"@type":"ReadAction","target":["https:\/\/vosgesinfo.fr\/saintdieinfo\/2025\/10\/le-tour-de-france-2026-de-passage-eclair-dans-les-vosges\/"]}]},{"@type":"ImageObject","inLanguage":"fr-FR","@id":"https:\/\/vosgesinfo.fr\/saintdieinfo\/2025\/10\/le-tour-de-france-2026-de-passage-eclair-dans-les-vosges\/#primaryimage","url":"https:\/\/vosgesinfo.fr\/app\/uploads\/sites\/4\/2025\/10\/tdf-depart-coureurs-34.jpg","contentUrl":"https:\/\/vosgesinfo.fr\/app\/uploads\/sites\/4\/2025\/10\/tdf-depart-coureurs-34.jpg","width":1000,"height":667,"caption":"Julian Alaphilippe \u00e0 Saint-Di\u00e9-des-Vosges, lors du d\u00e9part de la 5e \u00e9tape du Tour de France 2019. (Archive)"},{"@type":"BreadcrumbList","@id":"https:\/\/vosgesinfo.fr\/saintdieinfo\/2025\/10\/le-tour-de-france-2026-de-passage-eclair-dans-les-vosges\/#breadcrumb","itemListElement":[{"@type":"ListItem","position":1,"name":"Home","item":"https:\/\/vosgesinfo.fr\/saintdieinfo\/"},{"@type":"ListItem","position":2,"name":"Le Tour de France 2026 de passage \u00e9clair dans les Vosges"}]},{"@type":"WebSite","@id":"https:\/\/vosgesinfo.fr\/saintdieinfo\/#website","url":"https:\/\/vosgesinfo.fr\/saintdieinfo\/","name":"Saint Die Info","description":"Toute l&#039;actualit\u00e9 de Saint-Di\u00e9-Des-Vosges","publisher":{"@id":"https:\/\/vosgesinfo.fr\/saintdieinfo\/#organization"},"alternateName":"Toute l'actualit\u00e9 de Saint-Di\u00e9-Des-Vosges","potentialAction":[{"@type":"SearchAction","target":{"@type":"EntryPoint","urlTemplate":"https:\/\/vosgesinfo.fr\/saintdieinfo\/?s={search_term_string}"},"query-input":"required name=search_term_string"}],"inLanguage":"fr-FR"},{"@type":"Organization","@id":"https:\/\/vosgesinfo.fr\/saintdieinfo\/#organization","name":"Saint Die Info","url":"https:\/\/vosgesinfo.fr\/saintdieinfo\/","logo":{"@type":"ImageObject","inLanguage":"fr-FR","@id":"https:\/\/vosgesinfo.fr\/saintdieinfo\/#\/schema\/logo\/image\/","url":"https:\/\/vosgesinfo.fr\/app\/uploads\/sites\/4\/2024\/02\/logo-sdi.jpg","contentUrl":"https:\/\/vosgesinfo.fr\/app\/uploads\/sites\/4\/2024\/02\/logo-sdi.jpg","width":600,"height":600,"caption":"Saint Die Info"},"image":{"@id":"https:\/\/vosgesinfo.fr\/saintdieinfo\/#\/schema\/logo\/image\/"},"sameAs":["https:\/\/www.facebook.com\/Saintdieinfofr","https:\/\/x.com\/VosgesInfo88","https:\/\/www.youtube.com\/@vosgesinfo"]},{"@type":"Person","@id":"https:\/\/vosgesinfo.fr\/saintdieinfo\/#\/schema\/person\/fa73e9f726d67bb88f46d5b7943cb572","name":"J.J.","image":{"@type":"ImageObject","inLanguage":"fr-FR","@id":"https:\/\/vosgesinfo.fr\/saintdieinfo\/#\/schema\/person\/image\/","url":"https:\/\/secure.gravatar.com\/avatar\/219e749e47ffbcca018a360ae4add7d4cdf1cdaaf8bc7676b27efade3fe65615?s=96&d=mm&r=g","contentUrl":"https:\/\/secure.gravatar.com\/avatar\/219e749e47ffbcca018a360ae4add7d4cdf1cdaaf8bc7676b27efade3fe65615?s=96&d=mm&r=g","caption":"J.J."},"url":"https:\/\/vosgesinfo.fr\/saintdieinfo\/author\/j-j\/"}]}},"_links":{"self":[{"href":"https:\/\/vosgesinfo.fr\/saintdieinfo\/wp-json\/wp\/v2\/posts\/83830","targetHints":{"allow":["GET"]}}],"collection":[{"href":"https:\/\/vosgesinfo.fr\/saintdieinfo\/wp-json\/wp\/v2\/posts"}],"about":[{"href":"https:\/\/vosgesinfo.fr\/saintdieinfo\/wp-json\/wp\/v2\/types\/post"}],"author":[{"embeddable":true,"href":"https:\/\/vosgesinfo.fr\/saintdieinfo\/wp-json\/wp\/v2\/users\/46"}],"replies":[{"embeddable":true,"href":"https:\/\/vosgesinfo.fr\/saintdieinfo\/wp-json\/wp\/v2\/comments?post=83830"}],"version-history":[{"count":2,"href":"https:\/\/vosgesinfo.fr\/saintdieinfo\/wp-json\/wp\/v2\/posts\/83830\/revisions"}],"predecessor-version":[{"id":83835,"href":"https:\/\/vosgesinfo.fr\/saintdieinfo\/wp-json\/wp\/v2\/posts\/83830\/revisions\/83835"}],"wp:featuredmedia":[{"embeddable":true,"href":"https:\/\/vosgesinfo.fr\/saintdieinfo\/wp-json\/wp\/v2\/media\/83831"}],"wp:attachment":[{"href":"https:\/\/vosgesinfo.fr\/saintdieinfo\/wp-json\/wp\/v2\/media?parent=83830"}],"wp:term":[{"taxonomy":"category","embeddable":true,"href":"https:\/\/vosgesinfo.fr\/saintdieinfo\/wp-json\/wp\/v2\/categories?post=83830"},{"taxonomy":"post_tag","embeddable":true,"href":"https:\/\/vosgesinfo.fr\/saintdieinfo\/wp-json\/wp\/v2\/tags?post=83830"}],"curies":[{"name":"wp","href":"https:\/\/api.w.org\/{rel}","templated":true}]}}