{"id":83846,"date":"2025-10-24T09:11:31","date_gmt":"2025-10-24T07:11:31","guid":{"rendered":"https:\/\/vosgesinfo.fr\/saintdieinfo\/?p=83846"},"modified":"2025-10-24T09:06:39","modified_gmt":"2025-10-24T07:06:39","slug":"rn59-fermeture-dune-bretelle-a-hauteur-de-sainte-marguerite-jusquen-decembre","status":"publish","type":"post","link":"https:\/\/vosgesinfo.fr\/saintdieinfo\/2025\/10\/rn59-fermeture-dune-bretelle-a-hauteur-de-sainte-marguerite-jusquen-decembre\/","title":{"rendered":"RN59 \u2013 Fermeture d\u2019une bretelle \u00e0 hauteur de Sainte-Marguerite jusqu\u2019en d\u00e9cembre"},"content":{"rendered":"<div id=\"attachment_83855\" style=\"width: 1034px\" class=\"wp-caption alignnone\"><a href=\"https:\/\/vosgesinfo.fr\/app\/uploads\/sites\/4\/2025\/10\/rn59-echangeur-sainte-marguerite.jpg\"><img decoding=\"async\" aria-describedby=\"caption-attachment-83855\" class=\"size-large wp-image-83855\" src=\"https:\/\/vosgesinfo.fr\/app\/uploads\/sites\/4\/2025\/10\/rn59-echangeur-sainte-marguerite-1024x586.jpg\" alt=\"\" width=\"1024\" height=\"586\" srcset=\"https:\/\/vosgesinfo.fr\/app\/uploads\/sites\/4\/2025\/10\/rn59-echangeur-sainte-marguerite-1024x586.jpg 1024w, https:\/\/vosgesinfo.fr\/app\/uploads\/sites\/4\/2025\/10\/rn59-echangeur-sainte-marguerite-300x172.jpg 300w, https:\/\/vosgesinfo.fr\/app\/uploads\/sites\/4\/2025\/10\/rn59-echangeur-sainte-marguerite-768x440.jpg 768w, https:\/\/vosgesinfo.fr\/app\/uploads\/sites\/4\/2025\/10\/rn59-echangeur-sainte-marguerite-1536x879.jpg 1536w, https:\/\/vosgesinfo.fr\/app\/uploads\/sites\/4\/2025\/10\/rn59-echangeur-sainte-marguerite.jpg 1887w\" sizes=\"(max-width: 1024px) 100vw, 1024px\" \/><\/a><p id=\"caption-attachment-83855\" class=\"wp-caption-text\">(Capture d&rsquo;\u00e9cran Google Maps)<\/p><\/div>\n<h2>La <strong>Direction Interd\u00e9partementale des Routes Est \u2013 DIR Est \u2013<\/strong> proc\u00e8de \u00e0 des <strong>travaux de r\u00e9paration d\u2019urgence<\/strong> sur des <strong>buses d\u2019assainissement sous la RN59<\/strong>, \u00e0 hauteur de <strong>Sainte-Marguerite<\/strong>. Ces interventions entra\u00eenent la <strong>fermeture d\u2019une bretelle de l\u2019\u00e9changeur<\/strong> du <strong>27 octobre \u00e0 8 h au 12 d\u00e9cembre \u00e0 16 h<\/strong>.<\/h2>\n<p><!--more--><\/p>\n<p>Les <strong>v\u00e9hicules\u00a0venant de Strasbourg<\/strong> et se dirigeant vers <strong>Saint-Di\u00e9-des-Vosges<\/strong> devront <strong>suivre la direction de Colmar via la RD415<\/strong>, puis <strong>faire demi-tour \u00e0 l\u2019\u00e9changeur des Censes \u2013 ZI de Saulcy<\/strong> pour retrouver la bonne direction.<\/p>\n<p>La <strong>DIR Est<\/strong> appelle les conducteurs \u00e0 <strong>la plus grande prudence<\/strong>, en <strong>mod\u00e9rant leur vitesse<\/strong> et en <strong>respectant la signalisation de chantier<\/strong>, afin d\u2019assurer la s\u00e9curit\u00e9 des \u00e9quipes mobilis\u00e9es sur place.<\/p>\n","protected":false},"excerpt":{"rendered":"<p>La Direction Interd\u00e9partementale des Routes Est \u2013 DIR Est \u2013 proc\u00e8de \u00e0 des travaux de r\u00e9paration d\u2019urgence sur des buses [&hellip;]<\/p>\n","protected":false},"author":46,"featured_media":83855,"comment_status":"open","ping_status":"open","sticky":false,"template":"","format":"standard","meta":{"footnotes":""},"categories":[460,2915],"tags":[3820,18533,3263,3092,6182],"class_list":["post-83846","post","type-post","status-publish","format-standard","has-post-thumbnail","hentry","category-a-la-une","category-saint-die-son-canton","tag-dir-est","tag-echangeur-de-sainte-marguerite","tag-rn59","tag-sainte-marguerite","tag-travaux-sur-la-rn59"],"acf":[],"yoast_head":"<!-- This site is optimized with the Yoast SEO plugin v22.5 - https:\/\/yoast.com\/wordpress\/plugins\/seo\/ -->\n<title>RN59 \u2013 Fermeture d\u2019une bretelle \u00e0 hauteur de Sainte-Marguerite jusqu\u2019en d\u00e9cembre - Saint Die Info<\/title>\n<meta name=\"robots\" content=\"index, follow, max-snippet:-1, max-image-preview:large, max-video-preview:-1\" \/>\n<link rel=\"canonical\" href=\"https:\/\/vosgesinfo.fr\/saintdieinfo\/2025\/10\/rn59-fermeture-dune-bretelle-a-hauteur-de-sainte-marguerite-jusquen-decembre\/\" \/>\n<meta name=\"twitter:card\" content=\"summary_large_image\" \/>\n<meta name=\"twitter:title\" content=\"RN59 \u2013 Fermeture d\u2019une bretelle \u00e0 hauteur de Sainte-Marguerite jusqu\u2019en d\u00e9cembre - Saint Die Info\" \/>\n<meta name=\"twitter:description\" content=\"La Direction Interd\u00e9partementale des Routes Est \u2013 DIR Est \u2013 proc\u00e8de \u00e0 des travaux de r\u00e9paration d\u2019urgence sur des buses [&hellip;]\" \/>\n<meta name=\"twitter:image\" content=\"https:\/\/vosgesinfo.fr\/app\/uploads\/sites\/4\/2025\/10\/rn59-echangeur-sainte-marguerite.jpg\" \/>\n<meta name=\"twitter:creator\" content=\"@VosgesInfo88\" \/>\n<meta name=\"twitter:site\" content=\"@VosgesInfo88\" \/>\n<meta name=\"twitter:label1\" content=\"\u00c9crit par\" \/>\n\t<meta name=\"twitter:data1\" content=\"J.J.\" \/>\n\t<meta name=\"twitter:label2\" content=\"Dur\u00e9e de lecture estim\u00e9e\" \/>\n\t<meta name=\"twitter:data2\" content=\"1 minute\" \/>\n<script type=\"application\/ld+json\" class=\"yoast-schema-graph\">{\"@context\":\"https:\/\/schema.org\",\"@graph\":[{\"@type\":\"Article\",\"@id\":\"https:\/\/vosgesinfo.fr\/saintdieinfo\/2025\/10\/rn59-fermeture-dune-bretelle-a-hauteur-de-sainte-marguerite-jusquen-decembre\/#article\",\"isPartOf\":{\"@id\":\"https:\/\/vosgesinfo.fr\/saintdieinfo\/2025\/10\/rn59-fermeture-dune-bretelle-a-hauteur-de-sainte-marguerite-jusquen-decembre\/\"},\"author\":{\"name\":\"J.J.\",\"@id\":\"https:\/\/vosgesinfo.fr\/saintdieinfo\/#\/schema\/person\/fa73e9f726d67bb88f46d5b7943cb572\"},\"headline\":\"RN59 \u2013 Fermeture d\u2019une bretelle \u00e0 hauteur de Sainte-Marguerite jusqu\u2019en d\u00e9cembre\",\"datePublished\":\"2025-10-24T07:11:31+00:00\",\"dateModified\":\"2025-10-24T07:06:39+00:00\",\"mainEntityOfPage\":{\"@id\":\"https:\/\/vosgesinfo.fr\/saintdieinfo\/2025\/10\/rn59-fermeture-dune-bretelle-a-hauteur-de-sainte-marguerite-jusquen-decembre\/\"},\"wordCount\":142,\"commentCount\":0,\"publisher\":{\"@id\":\"https:\/\/vosgesinfo.fr\/saintdieinfo\/#organization\"},\"image\":{\"@id\":\"https:\/\/vosgesinfo.fr\/saintdieinfo\/2025\/10\/rn59-fermeture-dune-bretelle-a-hauteur-de-sainte-marguerite-jusquen-decembre\/#primaryimage\"},\"thumbnailUrl\":\"https:\/\/vosgesinfo.fr\/app\/uploads\/sites\/4\/2025\/10\/rn59-echangeur-sainte-marguerite.jpg\",\"keywords\":[\"DIR Est\",\"Echangeur de Sainte-Marguerite\",\"RN59\",\"Sainte-Marguerite\",\"Travaux sur la RN59\"],\"articleSection\":[\"A la Une\",\"Saint-Di\u00e9-des-Vosges et son Agglom\u00e9ration\"],\"inLanguage\":\"fr-FR\",\"potentialAction\":[{\"@type\":\"CommentAction\",\"name\":\"Comment\",\"target\":[\"https:\/\/vosgesinfo.fr\/saintdieinfo\/2025\/10\/rn59-fermeture-dune-bretelle-a-hauteur-de-sainte-marguerite-jusquen-decembre\/#respond\"]}]},{\"@type\":\"WebPage\",\"@id\":\"https:\/\/vosgesinfo.fr\/saintdieinfo\/2025\/10\/rn59-fermeture-dune-bretelle-a-hauteur-de-sainte-marguerite-jusquen-decembre\/\",\"url\":\"https:\/\/vosgesinfo.fr\/saintdieinfo\/2025\/10\/rn59-fermeture-dune-bretelle-a-hauteur-de-sainte-marguerite-jusquen-decembre\/\",\"name\":\"RN59 \u2013 Fermeture d\u2019une bretelle \u00e0 hauteur de Sainte-Marguerite jusqu\u2019en d\u00e9cembre - Saint Die Info\",\"isPartOf\":{\"@id\":\"https:\/\/vosgesinfo.fr\/saintdieinfo\/#website\"},\"primaryImageOfPage\":{\"@id\":\"https:\/\/vosgesinfo.fr\/saintdieinfo\/2025\/10\/rn59-fermeture-dune-bretelle-a-hauteur-de-sainte-marguerite-jusquen-decembre\/#primaryimage\"},\"image\":{\"@id\":\"https:\/\/vosgesinfo.fr\/saintdieinfo\/2025\/10\/rn59-fermeture-dune-bretelle-a-hauteur-de-sainte-marguerite-jusquen-decembre\/#primaryimage\"},\"thumbnailUrl\":\"https:\/\/vosgesinfo.fr\/app\/uploads\/sites\/4\/2025\/10\/rn59-echangeur-sainte-marguerite.jpg\",\"datePublished\":\"2025-10-24T07:11:31+00:00\",\"dateModified\":\"2025-10-24T07:06:39+00:00\",\"breadcrumb\":{\"@id\":\"https:\/\/vosgesinfo.fr\/saintdieinfo\/2025\/10\/rn59-fermeture-dune-bretelle-a-hauteur-de-sainte-marguerite-jusquen-decembre\/#breadcrumb\"},\"inLanguage\":\"fr-FR\",\"potentialAction\":[{\"@type\":\"ReadAction\",\"target\":[\"https:\/\/vosgesinfo.fr\/saintdieinfo\/2025\/10\/rn59-fermeture-dune-bretelle-a-hauteur-de-sainte-marguerite-jusquen-decembre\/\"]}]},{\"@type\":\"ImageObject\",\"inLanguage\":\"fr-FR\",\"@id\":\"https:\/\/vosgesinfo.fr\/saintdieinfo\/2025\/10\/rn59-fermeture-dune-bretelle-a-hauteur-de-sainte-marguerite-jusquen-decembre\/#primaryimage\",\"url\":\"https:\/\/vosgesinfo.fr\/app\/uploads\/sites\/4\/2025\/10\/rn59-echangeur-sainte-marguerite.jpg\",\"contentUrl\":\"https:\/\/vosgesinfo.fr\/app\/uploads\/sites\/4\/2025\/10\/rn59-echangeur-sainte-marguerite.jpg\",\"width\":1887,\"height\":1080,\"caption\":\"(Capture d'\u00e9cran Google Maps)\"},{\"@type\":\"BreadcrumbList\",\"@id\":\"https:\/\/vosgesinfo.fr\/saintdieinfo\/2025\/10\/rn59-fermeture-dune-bretelle-a-hauteur-de-sainte-marguerite-jusquen-decembre\/#breadcrumb\",\"itemListElement\":[{\"@type\":\"ListItem\",\"position\":1,\"name\":\"Home\",\"item\":\"https:\/\/vosgesinfo.fr\/saintdieinfo\/\"},{\"@type\":\"ListItem\",\"position\":2,\"name\":\"RN59 \u2013 Fermeture d\u2019une bretelle \u00e0 hauteur de Sainte-Marguerite jusqu\u2019en d\u00e9cembre\"}]},{\"@type\":\"WebSite\",\"@id\":\"https:\/\/vosgesinfo.fr\/saintdieinfo\/#website\",\"url\":\"https:\/\/vosgesinfo.fr\/saintdieinfo\/\",\"name\":\"Saint Die Info\",\"description\":\"Toute l&#039;actualit\u00e9 de Saint-Di\u00e9-Des-Vosges\",\"publisher\":{\"@id\":\"https:\/\/vosgesinfo.fr\/saintdieinfo\/#organization\"},\"alternateName\":\"Toute l'actualit\u00e9 de Saint-Di\u00e9-Des-Vosges\",\"potentialAction\":[{\"@type\":\"SearchAction\",\"target\":{\"@type\":\"EntryPoint\",\"urlTemplate\":\"https:\/\/vosgesinfo.fr\/saintdieinfo\/?s={search_term_string}\"},\"query-input\":\"required name=search_term_string\"}],\"inLanguage\":\"fr-FR\"},{\"@type\":\"Organization\",\"@id\":\"https:\/\/vosgesinfo.fr\/saintdieinfo\/#organization\",\"name\":\"Saint Die Info\",\"url\":\"https:\/\/vosgesinfo.fr\/saintdieinfo\/\",\"logo\":{\"@type\":\"ImageObject\",\"inLanguage\":\"fr-FR\",\"@id\":\"https:\/\/vosgesinfo.fr\/saintdieinfo\/#\/schema\/logo\/image\/\",\"url\":\"https:\/\/vosgesinfo.fr\/app\/uploads\/sites\/4\/2024\/02\/logo-sdi.jpg\",\"contentUrl\":\"https:\/\/vosgesinfo.fr\/app\/uploads\/sites\/4\/2024\/02\/logo-sdi.jpg\",\"width\":600,\"height\":600,\"caption\":\"Saint Die Info\"},\"image\":{\"@id\":\"https:\/\/vosgesinfo.fr\/saintdieinfo\/#\/schema\/logo\/image\/\"},\"sameAs\":[\"https:\/\/www.facebook.com\/Saintdieinfofr\",\"https:\/\/x.com\/VosgesInfo88\",\"https:\/\/www.youtube.com\/@vosgesinfo\"]},{\"@type\":\"Person\",\"@id\":\"https:\/\/vosgesinfo.fr\/saintdieinfo\/#\/schema\/person\/fa73e9f726d67bb88f46d5b7943cb572\",\"name\":\"J.J.\",\"image\":{\"@type\":\"ImageObject\",\"inLanguage\":\"fr-FR\",\"@id\":\"https:\/\/vosgesinfo.fr\/saintdieinfo\/#\/schema\/person\/image\/\",\"url\":\"https:\/\/secure.gravatar.com\/avatar\/219e749e47ffbcca018a360ae4add7d4cdf1cdaaf8bc7676b27efade3fe65615?s=96&d=mm&r=g\",\"contentUrl\":\"https:\/\/secure.gravatar.com\/avatar\/219e749e47ffbcca018a360ae4add7d4cdf1cdaaf8bc7676b27efade3fe65615?s=96&d=mm&r=g\",\"caption\":\"J.J.\"},\"url\":\"https:\/\/vosgesinfo.fr\/saintdieinfo\/author\/j-j\/\"}]}<\/script>\n<!-- \/ Yoast SEO plugin. -->","yoast_head_json":{"title":"RN59 \u2013 Fermeture d\u2019une bretelle \u00e0 hauteur de Sainte-Marguerite jusqu\u2019en d\u00e9cembre - Saint Die Info","robots":{"index":"index","follow":"follow","max-snippet":"max-snippet:-1","max-image-preview":"max-image-preview:large","max-video-preview":"max-video-preview:-1"},"canonical":"https:\/\/vosgesinfo.fr\/saintdieinfo\/2025\/10\/rn59-fermeture-dune-bretelle-a-hauteur-de-sainte-marguerite-jusquen-decembre\/","twitter_card":"summary_large_image","twitter_title":"RN59 \u2013 Fermeture d\u2019une bretelle \u00e0 hauteur de Sainte-Marguerite jusqu\u2019en d\u00e9cembre - Saint Die Info","twitter_description":"La Direction Interd\u00e9partementale des Routes Est \u2013 DIR Est \u2013 proc\u00e8de \u00e0 des travaux de r\u00e9paration d\u2019urgence sur des buses [&hellip;]","twitter_image":"https:\/\/vosgesinfo.fr\/app\/uploads\/sites\/4\/2025\/10\/rn59-echangeur-sainte-marguerite.jpg","twitter_creator":"@VosgesInfo88","twitter_site":"@VosgesInfo88","twitter_misc":{"\u00c9crit par":"J.J.","Dur\u00e9e de lecture estim\u00e9e":"1 minute"},"schema":{"@context":"https:\/\/schema.org","@graph":[{"@type":"Article","@id":"https:\/\/vosgesinfo.fr\/saintdieinfo\/2025\/10\/rn59-fermeture-dune-bretelle-a-hauteur-de-sainte-marguerite-jusquen-decembre\/#article","isPartOf":{"@id":"https:\/\/vosgesinfo.fr\/saintdieinfo\/2025\/10\/rn59-fermeture-dune-bretelle-a-hauteur-de-sainte-marguerite-jusquen-decembre\/"},"author":{"name":"J.J.","@id":"https:\/\/vosgesinfo.fr\/saintdieinfo\/#\/schema\/person\/fa73e9f726d67bb88f46d5b7943cb572"},"headline":"RN59 \u2013 Fermeture d\u2019une bretelle \u00e0 hauteur de Sainte-Marguerite jusqu\u2019en d\u00e9cembre","datePublished":"2025-10-24T07:11:31+00:00","dateModified":"2025-10-24T07:06:39+00:00","mainEntityOfPage":{"@id":"https:\/\/vosgesinfo.fr\/saintdieinfo\/2025\/10\/rn59-fermeture-dune-bretelle-a-hauteur-de-sainte-marguerite-jusquen-decembre\/"},"wordCount":142,"commentCount":0,"publisher":{"@id":"https:\/\/vosgesinfo.fr\/saintdieinfo\/#organization"},"image":{"@id":"https:\/\/vosgesinfo.fr\/saintdieinfo\/2025\/10\/rn59-fermeture-dune-bretelle-a-hauteur-de-sainte-marguerite-jusquen-decembre\/#primaryimage"},"thumbnailUrl":"https:\/\/vosgesinfo.fr\/app\/uploads\/sites\/4\/2025\/10\/rn59-echangeur-sainte-marguerite.jpg","keywords":["DIR Est","Echangeur de Sainte-Marguerite","RN59","Sainte-Marguerite","Travaux sur la RN59"],"articleSection":["A la Une","Saint-Di\u00e9-des-Vosges et son Agglom\u00e9ration"],"inLanguage":"fr-FR","potentialAction":[{"@type":"CommentAction","name":"Comment","target":["https:\/\/vosgesinfo.fr\/saintdieinfo\/2025\/10\/rn59-fermeture-dune-bretelle-a-hauteur-de-sainte-marguerite-jusquen-decembre\/#respond"]}]},{"@type":"WebPage","@id":"https:\/\/vosgesinfo.fr\/saintdieinfo\/2025\/10\/rn59-fermeture-dune-bretelle-a-hauteur-de-sainte-marguerite-jusquen-decembre\/","url":"https:\/\/vosgesinfo.fr\/saintdieinfo\/2025\/10\/rn59-fermeture-dune-bretelle-a-hauteur-de-sainte-marguerite-jusquen-decembre\/","name":"RN59 \u2013 Fermeture d\u2019une bretelle \u00e0 hauteur de Sainte-Marguerite jusqu\u2019en d\u00e9cembre - Saint Die Info","isPartOf":{"@id":"https:\/\/vosgesinfo.fr\/saintdieinfo\/#website"},"primaryImageOfPage":{"@id":"https:\/\/vosgesinfo.fr\/saintdieinfo\/2025\/10\/rn59-fermeture-dune-bretelle-a-hauteur-de-sainte-marguerite-jusquen-decembre\/#primaryimage"},"image":{"@id":"https:\/\/vosgesinfo.fr\/saintdieinfo\/2025\/10\/rn59-fermeture-dune-bretelle-a-hauteur-de-sainte-marguerite-jusquen-decembre\/#primaryimage"},"thumbnailUrl":"https:\/\/vosgesinfo.fr\/app\/uploads\/sites\/4\/2025\/10\/rn59-echangeur-sainte-marguerite.jpg","datePublished":"2025-10-24T07:11:31+00:00","dateModified":"2025-10-24T07:06:39+00:00","breadcrumb":{"@id":"https:\/\/vosgesinfo.fr\/saintdieinfo\/2025\/10\/rn59-fermeture-dune-bretelle-a-hauteur-de-sainte-marguerite-jusquen-decembre\/#breadcrumb"},"inLanguage":"fr-FR","potentialAction":[{"@type":"ReadAction","target":["https:\/\/vosgesinfo.fr\/saintdieinfo\/2025\/10\/rn59-fermeture-dune-bretelle-a-hauteur-de-sainte-marguerite-jusquen-decembre\/"]}]},{"@type":"ImageObject","inLanguage":"fr-FR","@id":"https:\/\/vosgesinfo.fr\/saintdieinfo\/2025\/10\/rn59-fermeture-dune-bretelle-a-hauteur-de-sainte-marguerite-jusquen-decembre\/#primaryimage","url":"https:\/\/vosgesinfo.fr\/app\/uploads\/sites\/4\/2025\/10\/rn59-echangeur-sainte-marguerite.jpg","contentUrl":"https:\/\/vosgesinfo.fr\/app\/uploads\/sites\/4\/2025\/10\/rn59-echangeur-sainte-marguerite.jpg","width":1887,"height":1080,"caption":"(Capture d'\u00e9cran Google Maps)"},{"@type":"BreadcrumbList","@id":"https:\/\/vosgesinfo.fr\/saintdieinfo\/2025\/10\/rn59-fermeture-dune-bretelle-a-hauteur-de-sainte-marguerite-jusquen-decembre\/#breadcrumb","itemListElement":[{"@type":"ListItem","position":1,"name":"Home","item":"https:\/\/vosgesinfo.fr\/saintdieinfo\/"},{"@type":"ListItem","position":2,"name":"RN59 \u2013 Fermeture d\u2019une bretelle \u00e0 hauteur de Sainte-Marguerite jusqu\u2019en d\u00e9cembre"}]},{"@type":"WebSite","@id":"https:\/\/vosgesinfo.fr\/saintdieinfo\/#website","url":"https:\/\/vosgesinfo.fr\/saintdieinfo\/","name":"Saint Die Info","description":"Toute l&#039;actualit\u00e9 de Saint-Di\u00e9-Des-Vosges","publisher":{"@id":"https:\/\/vosgesinfo.fr\/saintdieinfo\/#organization"},"alternateName":"Toute l'actualit\u00e9 de Saint-Di\u00e9-Des-Vosges","potentialAction":[{"@type":"SearchAction","target":{"@type":"EntryPoint","urlTemplate":"https:\/\/vosgesinfo.fr\/saintdieinfo\/?s={search_term_string}"},"query-input":"required name=search_term_string"}],"inLanguage":"fr-FR"},{"@type":"Organization","@id":"https:\/\/vosgesinfo.fr\/saintdieinfo\/#organization","name":"Saint Die Info","url":"https:\/\/vosgesinfo.fr\/saintdieinfo\/","logo":{"@type":"ImageObject","inLanguage":"fr-FR","@id":"https:\/\/vosgesinfo.fr\/saintdieinfo\/#\/schema\/logo\/image\/","url":"https:\/\/vosgesinfo.fr\/app\/uploads\/sites\/4\/2024\/02\/logo-sdi.jpg","contentUrl":"https:\/\/vosgesinfo.fr\/app\/uploads\/sites\/4\/2024\/02\/logo-sdi.jpg","width":600,"height":600,"caption":"Saint Die Info"},"image":{"@id":"https:\/\/vosgesinfo.fr\/saintdieinfo\/#\/schema\/logo\/image\/"},"sameAs":["https:\/\/www.facebook.com\/Saintdieinfofr","https:\/\/x.com\/VosgesInfo88","https:\/\/www.youtube.com\/@vosgesinfo"]},{"@type":"Person","@id":"https:\/\/vosgesinfo.fr\/saintdieinfo\/#\/schema\/person\/fa73e9f726d67bb88f46d5b7943cb572","name":"J.J.","image":{"@type":"ImageObject","inLanguage":"fr-FR","@id":"https:\/\/vosgesinfo.fr\/saintdieinfo\/#\/schema\/person\/image\/","url":"https:\/\/secure.gravatar.com\/avatar\/219e749e47ffbcca018a360ae4add7d4cdf1cdaaf8bc7676b27efade3fe65615?s=96&d=mm&r=g","contentUrl":"https:\/\/secure.gravatar.com\/avatar\/219e749e47ffbcca018a360ae4add7d4cdf1cdaaf8bc7676b27efade3fe65615?s=96&d=mm&r=g","caption":"J.J."},"url":"https:\/\/vosgesinfo.fr\/saintdieinfo\/author\/j-j\/"}]}},"_links":{"self":[{"href":"https:\/\/vosgesinfo.fr\/saintdieinfo\/wp-json\/wp\/v2\/posts\/83846","targetHints":{"allow":["GET"]}}],"collection":[{"href":"https:\/\/vosgesinfo.fr\/saintdieinfo\/wp-json\/wp\/v2\/posts"}],"about":[{"href":"https:\/\/vosgesinfo.fr\/saintdieinfo\/wp-json\/wp\/v2\/types\/post"}],"author":[{"embeddable":true,"href":"https:\/\/vosgesinfo.fr\/saintdieinfo\/wp-json\/wp\/v2\/users\/46"}],"replies":[{"embeddable":true,"href":"https:\/\/vosgesinfo.fr\/saintdieinfo\/wp-json\/wp\/v2\/comments?post=83846"}],"version-history":[{"count":1,"href":"https:\/\/vosgesinfo.fr\/saintdieinfo\/wp-json\/wp\/v2\/posts\/83846\/revisions"}],"predecessor-version":[{"id":83856,"href":"https:\/\/vosgesinfo.fr\/saintdieinfo\/wp-json\/wp\/v2\/posts\/83846\/revisions\/83856"}],"wp:featuredmedia":[{"embeddable":true,"href":"https:\/\/vosgesinfo.fr\/saintdieinfo\/wp-json\/wp\/v2\/media\/83855"}],"wp:attachment":[{"href":"https:\/\/vosgesinfo.fr\/saintdieinfo\/wp-json\/wp\/v2\/media?parent=83846"}],"wp:term":[{"taxonomy":"category","embeddable":true,"href":"https:\/\/vosgesinfo.fr\/saintdieinfo\/wp-json\/wp\/v2\/categories?post=83846"},{"taxonomy":"post_tag","embeddable":true,"href":"https:\/\/vosgesinfo.fr\/saintdieinfo\/wp-json\/wp\/v2\/tags?post=83846"}],"curies":[{"name":"wp","href":"https:\/\/api.w.org\/{rel}","templated":true}]}}