{"id":83849,"date":"2025-10-24T08:49:22","date_gmt":"2025-10-24T06:49:22","guid":{"rendered":"https:\/\/vosgesinfo.fr\/saintdieinfo\/2025\/10\/incendie-a-deinvillers-une-maison-reduite-en-cendres-mais-aucun-blesse-a-deplorer\/"},"modified":"2025-10-24T08:49:22","modified_gmt":"2025-10-24T06:49:22","slug":"incendie-a-deinvillers-une-maison-reduite-en-cendres-mais-aucun-blesse-a-deplorer","status":"publish","type":"post","link":"https:\/\/vosgesinfo.fr\/saintdieinfo\/2025\/10\/incendie-a-deinvillers-une-maison-reduite-en-cendres-mais-aucun-blesse-a-deplorer\/","title":{"rendered":"Incendie \u00e0 Deinvillers : une maison r\u00e9duite en cendres, mais aucun bless\u00e9 \u00e0 d\u00e9plorer"},"content":{"rendered":"<h2 data-start=\"230\" data-end=\"580\"><strong><a href=\"https:\/\/vosgesinfo.fr\/app\/uploads\/sites\/3\/2025\/10\/thumbnail-incendie-deinvillers.jpg\"><img decoding=\"async\" class=\"aligncenter size-full wp-image-136563\" src=\"https:\/\/vosgesinfo.fr\/app\/uploads\/sites\/3\/2025\/10\/thumbnail-incendie-deinvillers.jpg\" alt=\"\" width=\"1604\" height=\"1080\" \/><\/a>Jeudi soir, un violent incendie a ravag\u00e9 une habitation situ\u00e9e au centre de Deinvillers, dans la rue de l\u2019\u00c9glise. L\u2019alerte a \u00e9t\u00e9 donn\u00e9e peu apr\u00e8s 20 h 30, mobilisant rapidement d\u2019importants moyens de secours. Plus de quarante sapeurs-pompiers se sont relay\u00e9s pendant plusieurs heures afin d\u2019emp\u00eacher la propagation des flammes aux maisons voisines.<\/strong><\/h2>\n<p data-start=\"582\" data-end=\"823\">\u00c0 leur arriv\u00e9e, le feu avait d\u00e9j\u00e0 pris une ampleur consid\u00e9rable, rendant impossible le sauvetage du b\u00e2timent. Malgr\u00e9 la destruction totale de la maison, les deux occupants sont parvenus \u00e0 quitter les lieux \u00e0 temps et n\u2019ont pas \u00e9t\u00e9 bless\u00e9s.<\/p>\n<p data-start=\"825\" data-end=\"1001\">Gr\u00e2ce \u00e0 l\u2019efficacit\u00e9 et \u00e0 la r\u00e9activit\u00e9 des secours, le sinistre est rest\u00e9 circonscrit \u00e0 une seule habitation, \u00e9vitant ainsi un drame plus large dans ce quartier r\u00e9sidentiel.<\/p>\n<p data-start=\"1003\" data-end=\"1208\">Les habitants sinistr\u00e9s ont \u00e9t\u00e9 pris en charge et relog\u00e9s temporairement chez des proches vivant dans la commune. Une enqu\u00eate devra d\u00e9terminer l\u2019origine pr\u00e9cise du feu, qui demeure pour l\u2019heure inconnue.<\/p>\n\n\t\t<style type=\"text\/css\">\n\t\t\t#gallery-1 {\n\t\t\t\tmargin: auto;\n\t\t\t}\n\t\t\t#gallery-1 .gallery-item {\n\t\t\t\tfloat: left;\n\t\t\t\tmargin-top: 10px;\n\t\t\t\ttext-align: center;\n\t\t\t\twidth: 33%;\n\t\t\t}\n\t\t\t#gallery-1 img {\n\t\t\t\tborder: 2px solid #cfcfcf;\n\t\t\t}\n\t\t\t#gallery-1 .gallery-caption {\n\t\t\t\tmargin-left: 0;\n\t\t\t}\n\t\t\t\/* see gallery_shortcode() in wp-includes\/media.php *\/\n\t\t<\/style>\n\t\t<div id='gallery-1' class='gallery galleryid-83849 gallery-columns-3 gallery-size-thumbnail'><dl class='gallery-item'>\n\t\t\t<dt class='gallery-icon landscape'>\n\t\t\t\t<a href='https:\/\/vosgesinfo.fr\/app\/uploads\/sites\/4\/2025\/10\/thumbnail-incendie-deinvillers-3.jpg'><img decoding=\"async\" width=\"150\" height=\"150\" src=\"https:\/\/vosgesinfo.fr\/app\/uploads\/sites\/4\/2025\/10\/thumbnail-incendie-deinvillers-3-150x150.jpg\" class=\"attachment-thumbnail size-thumbnail\" alt=\"\" \/><\/a>\n\t\t\t<\/dt><\/dl><dl class='gallery-item'>\n\t\t\t<dt class='gallery-icon landscape'>\n\t\t\t\t<a href='https:\/\/vosgesinfo.fr\/app\/uploads\/sites\/4\/2025\/10\/thumbnail-incendie-deinvillers-2.jpg'><img decoding=\"async\" width=\"150\" height=\"150\" src=\"https:\/\/vosgesinfo.fr\/app\/uploads\/sites\/4\/2025\/10\/thumbnail-incendie-deinvillers-2-150x150.jpg\" class=\"attachment-thumbnail size-thumbnail\" alt=\"\" \/><\/a>\n\t\t\t<\/dt><\/dl>\n\t\t\t<br style='clear: both' \/>\n\t\t<\/div>\n\n","protected":false},"excerpt":{"rendered":"<p>Jeudi soir, un violent incendie a ravag\u00e9 une habitation situ\u00e9e au centre de Deinvillers, dans la rue de l\u2019\u00c9glise. L\u2019alerte [&hellip;]<\/p>\n","protected":false},"author":52,"featured_media":83850,"comment_status":"open","ping_status":"open","sticky":false,"template":"","format":"standard","meta":{"footnotes":""},"categories":[460,5392,2924,17257,5391,5389,4099,4100],"tags":[],"class_list":["post-83849","post","type-post","status-publish","format-standard","has-post-thumbnail","hentry","category-a-la-une","category-epinal","category-fait-divers","category-faits-divers","category-gerardmer","category-la-plaine-des-vosges","category-remiremont","category-saint-die"],"acf":[],"yoast_head":"<!-- This site is optimized with the Yoast SEO plugin v22.5 - https:\/\/yoast.com\/wordpress\/plugins\/seo\/ -->\n<title>Incendie \u00e0 Deinvillers : une maison r\u00e9duite en cendres, mais aucun bless\u00e9 \u00e0 d\u00e9plorer - Saint Die Info<\/title>\n<meta name=\"robots\" content=\"index, follow, max-snippet:-1, max-image-preview:large, max-video-preview:-1\" \/>\n<link rel=\"canonical\" href=\"https:\/\/vosgesinfo.fr\/saintdieinfo\/2025\/10\/incendie-a-deinvillers-une-maison-reduite-en-cendres-mais-aucun-blesse-a-deplorer\/\" \/>\n<meta name=\"twitter:card\" content=\"summary_large_image\" \/>\n<meta name=\"twitter:title\" content=\"Incendie \u00e0 Deinvillers : une maison r\u00e9duite en cendres, mais aucun bless\u00e9 \u00e0 d\u00e9plorer - Saint Die Info\" \/>\n<meta name=\"twitter:description\" content=\"Jeudi soir, un violent incendie a ravag\u00e9 une habitation situ\u00e9e au centre de Deinvillers, dans la rue de l\u2019\u00c9glise. L\u2019alerte [&hellip;]\" \/>\n<meta name=\"twitter:image\" content=\"https:\/\/vosgesinfo.fr\/app\/uploads\/sites\/4\/2025\/10\/thumbnail-incendie-deinvillers.jpg\" \/>\n<meta name=\"twitter:creator\" content=\"@VosgesInfo88\" \/>\n<meta name=\"twitter:site\" content=\"@VosgesInfo88\" \/>\n<meta name=\"twitter:label1\" content=\"\u00c9crit par\" \/>\n\t<meta name=\"twitter:data1\" content=\"C.K.\" \/>\n\t<meta name=\"twitter:label2\" content=\"Dur\u00e9e de lecture estim\u00e9e\" \/>\n\t<meta name=\"twitter:data2\" content=\"1 minute\" \/>\n<script type=\"application\/ld+json\" class=\"yoast-schema-graph\">{\"@context\":\"https:\/\/schema.org\",\"@graph\":[{\"@type\":\"Article\",\"@id\":\"https:\/\/vosgesinfo.fr\/saintdieinfo\/2025\/10\/incendie-a-deinvillers-une-maison-reduite-en-cendres-mais-aucun-blesse-a-deplorer\/#article\",\"isPartOf\":{\"@id\":\"https:\/\/vosgesinfo.fr\/saintdieinfo\/2025\/10\/incendie-a-deinvillers-une-maison-reduite-en-cendres-mais-aucun-blesse-a-deplorer\/\"},\"author\":{\"name\":\"C.K.\",\"@id\":\"https:\/\/vosgesinfo.fr\/saintdieinfo\/#\/schema\/person\/6f9a650eeea99d969b6c4ab78fccbe81\"},\"headline\":\"Incendie \u00e0 Deinvillers : une maison r\u00e9duite en cendres, mais aucun bless\u00e9 \u00e0 d\u00e9plorer\",\"datePublished\":\"2025-10-24T06:49:22+00:00\",\"dateModified\":\"2025-10-24T06:49:22+00:00\",\"mainEntityOfPage\":{\"@id\":\"https:\/\/vosgesinfo.fr\/saintdieinfo\/2025\/10\/incendie-a-deinvillers-une-maison-reduite-en-cendres-mais-aucun-blesse-a-deplorer\/\"},\"wordCount\":187,\"commentCount\":0,\"publisher\":{\"@id\":\"https:\/\/vosgesinfo.fr\/saintdieinfo\/#organization\"},\"image\":{\"@id\":\"https:\/\/vosgesinfo.fr\/saintdieinfo\/2025\/10\/incendie-a-deinvillers-une-maison-reduite-en-cendres-mais-aucun-blesse-a-deplorer\/#primaryimage\"},\"thumbnailUrl\":\"https:\/\/vosgesinfo.fr\/app\/uploads\/sites\/4\/2025\/10\/thumbnail-incendie-deinvillers.jpg\",\"articleSection\":[\"A la Une\",\"Epinal\",\"Fait Divers\",\"Faits-divers\",\"Gerardmer\",\"La plaine des vosges\",\"Remiremont\",\"Saint-di\u00e9\"],\"inLanguage\":\"fr-FR\",\"potentialAction\":[{\"@type\":\"CommentAction\",\"name\":\"Comment\",\"target\":[\"https:\/\/vosgesinfo.fr\/saintdieinfo\/2025\/10\/incendie-a-deinvillers-une-maison-reduite-en-cendres-mais-aucun-blesse-a-deplorer\/#respond\"]}]},{\"@type\":\"WebPage\",\"@id\":\"https:\/\/vosgesinfo.fr\/saintdieinfo\/2025\/10\/incendie-a-deinvillers-une-maison-reduite-en-cendres-mais-aucun-blesse-a-deplorer\/\",\"url\":\"https:\/\/vosgesinfo.fr\/saintdieinfo\/2025\/10\/incendie-a-deinvillers-une-maison-reduite-en-cendres-mais-aucun-blesse-a-deplorer\/\",\"name\":\"Incendie \u00e0 Deinvillers : une maison r\u00e9duite en cendres, mais aucun bless\u00e9 \u00e0 d\u00e9plorer - Saint Die Info\",\"isPartOf\":{\"@id\":\"https:\/\/vosgesinfo.fr\/saintdieinfo\/#website\"},\"primaryImageOfPage\":{\"@id\":\"https:\/\/vosgesinfo.fr\/saintdieinfo\/2025\/10\/incendie-a-deinvillers-une-maison-reduite-en-cendres-mais-aucun-blesse-a-deplorer\/#primaryimage\"},\"image\":{\"@id\":\"https:\/\/vosgesinfo.fr\/saintdieinfo\/2025\/10\/incendie-a-deinvillers-une-maison-reduite-en-cendres-mais-aucun-blesse-a-deplorer\/#primaryimage\"},\"thumbnailUrl\":\"https:\/\/vosgesinfo.fr\/app\/uploads\/sites\/4\/2025\/10\/thumbnail-incendie-deinvillers.jpg\",\"datePublished\":\"2025-10-24T06:49:22+00:00\",\"dateModified\":\"2025-10-24T06:49:22+00:00\",\"breadcrumb\":{\"@id\":\"https:\/\/vosgesinfo.fr\/saintdieinfo\/2025\/10\/incendie-a-deinvillers-une-maison-reduite-en-cendres-mais-aucun-blesse-a-deplorer\/#breadcrumb\"},\"inLanguage\":\"fr-FR\",\"potentialAction\":[{\"@type\":\"ReadAction\",\"target\":[\"https:\/\/vosgesinfo.fr\/saintdieinfo\/2025\/10\/incendie-a-deinvillers-une-maison-reduite-en-cendres-mais-aucun-blesse-a-deplorer\/\"]}]},{\"@type\":\"ImageObject\",\"inLanguage\":\"fr-FR\",\"@id\":\"https:\/\/vosgesinfo.fr\/saintdieinfo\/2025\/10\/incendie-a-deinvillers-une-maison-reduite-en-cendres-mais-aucun-blesse-a-deplorer\/#primaryimage\",\"url\":\"https:\/\/vosgesinfo.fr\/app\/uploads\/sites\/4\/2025\/10\/thumbnail-incendie-deinvillers.jpg\",\"contentUrl\":\"https:\/\/vosgesinfo.fr\/app\/uploads\/sites\/4\/2025\/10\/thumbnail-incendie-deinvillers.jpg\",\"width\":1604,\"height\":1080},{\"@type\":\"BreadcrumbList\",\"@id\":\"https:\/\/vosgesinfo.fr\/saintdieinfo\/2025\/10\/incendie-a-deinvillers-une-maison-reduite-en-cendres-mais-aucun-blesse-a-deplorer\/#breadcrumb\",\"itemListElement\":[{\"@type\":\"ListItem\",\"position\":1,\"name\":\"Home\",\"item\":\"https:\/\/vosgesinfo.fr\/saintdieinfo\/\"},{\"@type\":\"ListItem\",\"position\":2,\"name\":\"Incendie \u00e0 Deinvillers : une maison r\u00e9duite en cendres, mais aucun bless\u00e9 \u00e0 d\u00e9plorer\"}]},{\"@type\":\"WebSite\",\"@id\":\"https:\/\/vosgesinfo.fr\/saintdieinfo\/#website\",\"url\":\"https:\/\/vosgesinfo.fr\/saintdieinfo\/\",\"name\":\"Saint Die Info\",\"description\":\"Toute l&#039;actualit\u00e9 de Saint-Di\u00e9-Des-Vosges\",\"publisher\":{\"@id\":\"https:\/\/vosgesinfo.fr\/saintdieinfo\/#organization\"},\"alternateName\":\"Toute l'actualit\u00e9 de Saint-Di\u00e9-Des-Vosges\",\"potentialAction\":[{\"@type\":\"SearchAction\",\"target\":{\"@type\":\"EntryPoint\",\"urlTemplate\":\"https:\/\/vosgesinfo.fr\/saintdieinfo\/?s={search_term_string}\"},\"query-input\":\"required name=search_term_string\"}],\"inLanguage\":\"fr-FR\"},{\"@type\":\"Organization\",\"@id\":\"https:\/\/vosgesinfo.fr\/saintdieinfo\/#organization\",\"name\":\"Saint Die Info\",\"url\":\"https:\/\/vosgesinfo.fr\/saintdieinfo\/\",\"logo\":{\"@type\":\"ImageObject\",\"inLanguage\":\"fr-FR\",\"@id\":\"https:\/\/vosgesinfo.fr\/saintdieinfo\/#\/schema\/logo\/image\/\",\"url\":\"https:\/\/vosgesinfo.fr\/app\/uploads\/sites\/4\/2024\/02\/logo-sdi.jpg\",\"contentUrl\":\"https:\/\/vosgesinfo.fr\/app\/uploads\/sites\/4\/2024\/02\/logo-sdi.jpg\",\"width\":600,\"height\":600,\"caption\":\"Saint Die Info\"},\"image\":{\"@id\":\"https:\/\/vosgesinfo.fr\/saintdieinfo\/#\/schema\/logo\/image\/\"},\"sameAs\":[\"https:\/\/www.facebook.com\/Saintdieinfofr\",\"https:\/\/x.com\/VosgesInfo88\",\"https:\/\/www.youtube.com\/@vosgesinfo\"]},{\"@type\":\"Person\",\"@id\":\"https:\/\/vosgesinfo.fr\/saintdieinfo\/#\/schema\/person\/6f9a650eeea99d969b6c4ab78fccbe81\",\"name\":\"C.K.\",\"image\":{\"@type\":\"ImageObject\",\"inLanguage\":\"fr-FR\",\"@id\":\"https:\/\/vosgesinfo.fr\/saintdieinfo\/#\/schema\/person\/image\/\",\"url\":\"https:\/\/secure.gravatar.com\/avatar\/48e3fc7f8421ba8942be6b74a2b7f014ca39bc00dece156b7a8e098ae7dc87bf?s=96&d=mm&r=g\",\"contentUrl\":\"https:\/\/secure.gravatar.com\/avatar\/48e3fc7f8421ba8942be6b74a2b7f014ca39bc00dece156b7a8e098ae7dc87bf?s=96&d=mm&r=g\",\"caption\":\"C.K.\"},\"url\":\"https:\/\/vosgesinfo.fr\/saintdieinfo\/author\/celia-k-n\/\"}]}<\/script>\n<!-- \/ Yoast SEO plugin. -->","yoast_head_json":{"title":"Incendie \u00e0 Deinvillers : une maison r\u00e9duite en cendres, mais aucun bless\u00e9 \u00e0 d\u00e9plorer - Saint Die Info","robots":{"index":"index","follow":"follow","max-snippet":"max-snippet:-1","max-image-preview":"max-image-preview:large","max-video-preview":"max-video-preview:-1"},"canonical":"https:\/\/vosgesinfo.fr\/saintdieinfo\/2025\/10\/incendie-a-deinvillers-une-maison-reduite-en-cendres-mais-aucun-blesse-a-deplorer\/","twitter_card":"summary_large_image","twitter_title":"Incendie \u00e0 Deinvillers : une maison r\u00e9duite en cendres, mais aucun bless\u00e9 \u00e0 d\u00e9plorer - Saint Die Info","twitter_description":"Jeudi soir, un violent incendie a ravag\u00e9 une habitation situ\u00e9e au centre de Deinvillers, dans la rue de l\u2019\u00c9glise. L\u2019alerte [&hellip;]","twitter_image":"https:\/\/vosgesinfo.fr\/app\/uploads\/sites\/4\/2025\/10\/thumbnail-incendie-deinvillers.jpg","twitter_creator":"@VosgesInfo88","twitter_site":"@VosgesInfo88","twitter_misc":{"\u00c9crit par":"C.K.","Dur\u00e9e de lecture estim\u00e9e":"1 minute"},"schema":{"@context":"https:\/\/schema.org","@graph":[{"@type":"Article","@id":"https:\/\/vosgesinfo.fr\/saintdieinfo\/2025\/10\/incendie-a-deinvillers-une-maison-reduite-en-cendres-mais-aucun-blesse-a-deplorer\/#article","isPartOf":{"@id":"https:\/\/vosgesinfo.fr\/saintdieinfo\/2025\/10\/incendie-a-deinvillers-une-maison-reduite-en-cendres-mais-aucun-blesse-a-deplorer\/"},"author":{"name":"C.K.","@id":"https:\/\/vosgesinfo.fr\/saintdieinfo\/#\/schema\/person\/6f9a650eeea99d969b6c4ab78fccbe81"},"headline":"Incendie \u00e0 Deinvillers : une maison r\u00e9duite en cendres, mais aucun bless\u00e9 \u00e0 d\u00e9plorer","datePublished":"2025-10-24T06:49:22+00:00","dateModified":"2025-10-24T06:49:22+00:00","mainEntityOfPage":{"@id":"https:\/\/vosgesinfo.fr\/saintdieinfo\/2025\/10\/incendie-a-deinvillers-une-maison-reduite-en-cendres-mais-aucun-blesse-a-deplorer\/"},"wordCount":187,"commentCount":0,"publisher":{"@id":"https:\/\/vosgesinfo.fr\/saintdieinfo\/#organization"},"image":{"@id":"https:\/\/vosgesinfo.fr\/saintdieinfo\/2025\/10\/incendie-a-deinvillers-une-maison-reduite-en-cendres-mais-aucun-blesse-a-deplorer\/#primaryimage"},"thumbnailUrl":"https:\/\/vosgesinfo.fr\/app\/uploads\/sites\/4\/2025\/10\/thumbnail-incendie-deinvillers.jpg","articleSection":["A la Une","Epinal","Fait Divers","Faits-divers","Gerardmer","La plaine des vosges","Remiremont","Saint-di\u00e9"],"inLanguage":"fr-FR","potentialAction":[{"@type":"CommentAction","name":"Comment","target":["https:\/\/vosgesinfo.fr\/saintdieinfo\/2025\/10\/incendie-a-deinvillers-une-maison-reduite-en-cendres-mais-aucun-blesse-a-deplorer\/#respond"]}]},{"@type":"WebPage","@id":"https:\/\/vosgesinfo.fr\/saintdieinfo\/2025\/10\/incendie-a-deinvillers-une-maison-reduite-en-cendres-mais-aucun-blesse-a-deplorer\/","url":"https:\/\/vosgesinfo.fr\/saintdieinfo\/2025\/10\/incendie-a-deinvillers-une-maison-reduite-en-cendres-mais-aucun-blesse-a-deplorer\/","name":"Incendie \u00e0 Deinvillers : une maison r\u00e9duite en cendres, mais aucun bless\u00e9 \u00e0 d\u00e9plorer - Saint Die Info","isPartOf":{"@id":"https:\/\/vosgesinfo.fr\/saintdieinfo\/#website"},"primaryImageOfPage":{"@id":"https:\/\/vosgesinfo.fr\/saintdieinfo\/2025\/10\/incendie-a-deinvillers-une-maison-reduite-en-cendres-mais-aucun-blesse-a-deplorer\/#primaryimage"},"image":{"@id":"https:\/\/vosgesinfo.fr\/saintdieinfo\/2025\/10\/incendie-a-deinvillers-une-maison-reduite-en-cendres-mais-aucun-blesse-a-deplorer\/#primaryimage"},"thumbnailUrl":"https:\/\/vosgesinfo.fr\/app\/uploads\/sites\/4\/2025\/10\/thumbnail-incendie-deinvillers.jpg","datePublished":"2025-10-24T06:49:22+00:00","dateModified":"2025-10-24T06:49:22+00:00","breadcrumb":{"@id":"https:\/\/vosgesinfo.fr\/saintdieinfo\/2025\/10\/incendie-a-deinvillers-une-maison-reduite-en-cendres-mais-aucun-blesse-a-deplorer\/#breadcrumb"},"inLanguage":"fr-FR","potentialAction":[{"@type":"ReadAction","target":["https:\/\/vosgesinfo.fr\/saintdieinfo\/2025\/10\/incendie-a-deinvillers-une-maison-reduite-en-cendres-mais-aucun-blesse-a-deplorer\/"]}]},{"@type":"ImageObject","inLanguage":"fr-FR","@id":"https:\/\/vosgesinfo.fr\/saintdieinfo\/2025\/10\/incendie-a-deinvillers-une-maison-reduite-en-cendres-mais-aucun-blesse-a-deplorer\/#primaryimage","url":"https:\/\/vosgesinfo.fr\/app\/uploads\/sites\/4\/2025\/10\/thumbnail-incendie-deinvillers.jpg","contentUrl":"https:\/\/vosgesinfo.fr\/app\/uploads\/sites\/4\/2025\/10\/thumbnail-incendie-deinvillers.jpg","width":1604,"height":1080},{"@type":"BreadcrumbList","@id":"https:\/\/vosgesinfo.fr\/saintdieinfo\/2025\/10\/incendie-a-deinvillers-une-maison-reduite-en-cendres-mais-aucun-blesse-a-deplorer\/#breadcrumb","itemListElement":[{"@type":"ListItem","position":1,"name":"Home","item":"https:\/\/vosgesinfo.fr\/saintdieinfo\/"},{"@type":"ListItem","position":2,"name":"Incendie \u00e0 Deinvillers : une maison r\u00e9duite en cendres, mais aucun bless\u00e9 \u00e0 d\u00e9plorer"}]},{"@type":"WebSite","@id":"https:\/\/vosgesinfo.fr\/saintdieinfo\/#website","url":"https:\/\/vosgesinfo.fr\/saintdieinfo\/","name":"Saint Die Info","description":"Toute l&#039;actualit\u00e9 de Saint-Di\u00e9-Des-Vosges","publisher":{"@id":"https:\/\/vosgesinfo.fr\/saintdieinfo\/#organization"},"alternateName":"Toute l'actualit\u00e9 de Saint-Di\u00e9-Des-Vosges","potentialAction":[{"@type":"SearchAction","target":{"@type":"EntryPoint","urlTemplate":"https:\/\/vosgesinfo.fr\/saintdieinfo\/?s={search_term_string}"},"query-input":"required name=search_term_string"}],"inLanguage":"fr-FR"},{"@type":"Organization","@id":"https:\/\/vosgesinfo.fr\/saintdieinfo\/#organization","name":"Saint Die Info","url":"https:\/\/vosgesinfo.fr\/saintdieinfo\/","logo":{"@type":"ImageObject","inLanguage":"fr-FR","@id":"https:\/\/vosgesinfo.fr\/saintdieinfo\/#\/schema\/logo\/image\/","url":"https:\/\/vosgesinfo.fr\/app\/uploads\/sites\/4\/2024\/02\/logo-sdi.jpg","contentUrl":"https:\/\/vosgesinfo.fr\/app\/uploads\/sites\/4\/2024\/02\/logo-sdi.jpg","width":600,"height":600,"caption":"Saint Die Info"},"image":{"@id":"https:\/\/vosgesinfo.fr\/saintdieinfo\/#\/schema\/logo\/image\/"},"sameAs":["https:\/\/www.facebook.com\/Saintdieinfofr","https:\/\/x.com\/VosgesInfo88","https:\/\/www.youtube.com\/@vosgesinfo"]},{"@type":"Person","@id":"https:\/\/vosgesinfo.fr\/saintdieinfo\/#\/schema\/person\/6f9a650eeea99d969b6c4ab78fccbe81","name":"C.K.","image":{"@type":"ImageObject","inLanguage":"fr-FR","@id":"https:\/\/vosgesinfo.fr\/saintdieinfo\/#\/schema\/person\/image\/","url":"https:\/\/secure.gravatar.com\/avatar\/48e3fc7f8421ba8942be6b74a2b7f014ca39bc00dece156b7a8e098ae7dc87bf?s=96&d=mm&r=g","contentUrl":"https:\/\/secure.gravatar.com\/avatar\/48e3fc7f8421ba8942be6b74a2b7f014ca39bc00dece156b7a8e098ae7dc87bf?s=96&d=mm&r=g","caption":"C.K."},"url":"https:\/\/vosgesinfo.fr\/saintdieinfo\/author\/celia-k-n\/"}]}},"_links":{"self":[{"href":"https:\/\/vosgesinfo.fr\/saintdieinfo\/wp-json\/wp\/v2\/posts\/83849","targetHints":{"allow":["GET"]}}],"collection":[{"href":"https:\/\/vosgesinfo.fr\/saintdieinfo\/wp-json\/wp\/v2\/posts"}],"about":[{"href":"https:\/\/vosgesinfo.fr\/saintdieinfo\/wp-json\/wp\/v2\/types\/post"}],"author":[{"embeddable":true,"href":"https:\/\/vosgesinfo.fr\/saintdieinfo\/wp-json\/wp\/v2\/users\/52"}],"replies":[{"embeddable":true,"href":"https:\/\/vosgesinfo.fr\/saintdieinfo\/wp-json\/wp\/v2\/comments?post=83849"}],"version-history":[{"count":0,"href":"https:\/\/vosgesinfo.fr\/saintdieinfo\/wp-json\/wp\/v2\/posts\/83849\/revisions"}],"wp:featuredmedia":[{"embeddable":true,"href":"https:\/\/vosgesinfo.fr\/saintdieinfo\/wp-json\/wp\/v2\/media\/83850"}],"wp:attachment":[{"href":"https:\/\/vosgesinfo.fr\/saintdieinfo\/wp-json\/wp\/v2\/media?parent=83849"}],"wp:term":[{"taxonomy":"category","embeddable":true,"href":"https:\/\/vosgesinfo.fr\/saintdieinfo\/wp-json\/wp\/v2\/categories?post=83849"},{"taxonomy":"post_tag","embeddable":true,"href":"https:\/\/vosgesinfo.fr\/saintdieinfo\/wp-json\/wp\/v2\/tags?post=83849"}],"curies":[{"name":"wp","href":"https:\/\/api.w.org\/{rel}","templated":true}]}}