{"id":83851,"date":"2025-10-24T08:53:58","date_gmt":"2025-10-24T06:53:58","guid":{"rendered":"https:\/\/vosgesinfo.fr\/saintdieinfo\/2025\/10\/la-foire-de-poussay-2025-se-prepare\/"},"modified":"2025-10-24T08:53:58","modified_gmt":"2025-10-24T06:53:58","slug":"la-foire-de-poussay-2025-se-prepare","status":"publish","type":"post","link":"https:\/\/vosgesinfo.fr\/saintdieinfo\/2025\/10\/la-foire-de-poussay-2025-se-prepare\/","title":{"rendered":"La Foire de Poussay 2025 se pr\u00e9pare"},"content":{"rendered":"<p data-start=\"278\" data-end=\"640\"><iframe loading=\"lazy\" src=\"\/\/www.youtube.com\/embed\/p90-3pQTAp4\" width=\"560\" height=\"314\" allowfullscreen=\"allowfullscreen\"><\/iframe><\/p>\n<h2 data-start=\"278\" data-end=\"640\"><strong>Les 25 et 26 octobre prochains, la commune de Poussay s\u2019appr\u00eate \u00e0 vivre au rythme de sa c\u00e9l\u00e8bre foire agricole et commerciale, qui f\u00eatera cette ann\u00e9e sa 427\u1d49 \u00e9dition. \u00c9v\u00e9nement embl\u00e9matique des Vosges, ce rendez-vous attire chaque automne une foule consid\u00e9rable venue de toute la France pour profiter de deux jours d\u2019\u00e9changes, de commerce et de festivit\u00e9s.<\/strong><\/h2>\n<p data-start=\"642\" data-end=\"1108\">Class\u00e9e parmi les <strong data-start=\"660\" data-end=\"693\">plus grandes foires de France<\/strong>, celle de Poussay, fond\u00e9e en <strong data-start=\"723\" data-end=\"731\">1598<\/strong>, continue d\u2019\u00e9crire son histoire avec la m\u00eame ferveur. Plus de <strong data-start=\"794\" data-end=\"813\">1 000 exposants<\/strong> installeront leurs stands sur les <strong data-start=\"848\" data-end=\"863\">22 hectares<\/strong> du champ de foire, o\u00f9 se m\u00ealeront mat\u00e9riel agricole dernier cri, produits du terroir, d\u00e9monstrations, et braderie g\u00e9ante. En tout, pr\u00e8s de <strong data-start=\"1003\" data-end=\"1024\">100 000 visiteurs<\/strong> sont attendus pour ce week-end plac\u00e9 sous le signe du partage et de la tradition.<\/p>\n<p data-start=\"1110\" data-end=\"1614\">Les visiteurs pourront admirer un <strong data-start=\"1144\" data-end=\"1177\">vaste parc d\u2019engins agricoles<\/strong> ultramodernes \u2013 tracteurs, moissonneuses-batteuses et autres machines impressionnantes \u2013 mais aussi fl\u00e2ner dans les all\u00e9es de la <strong data-start=\"1307\" data-end=\"1319\">braderie<\/strong>, o\u00f9 v\u00eatements, outillage, vins, confiseries, quincaillerie et articles m\u00e9nagers seront propos\u00e9s \u00e0 prix attractifs. Un <strong data-start=\"1438\" data-end=\"1461\">march\u00e9 aux bestiaux<\/strong> animera la matin\u00e9e du samedi, tandis que les amateurs d\u2019animaux de compagnie retrouveront un espace d\u00e9di\u00e9 aux petits animaux tout au long du week-end.<\/p>\n<p data-start=\"1616\" data-end=\"1847\">L\u2019ambiance festive sera renforc\u00e9e par une <strong data-start=\"1658\" data-end=\"1674\">f\u00eate foraine<\/strong>, des <strong data-start=\"1680\" data-end=\"1700\">stands gourmands<\/strong> et de nombreuses <strong data-start=\"1718\" data-end=\"1738\">buvettes locales<\/strong>. De quoi se restaurer entre amis ou en famille autour de sp\u00e9cialit\u00e9s r\u00e9gionales et de plats traditionnels.<\/p>\n<p data-start=\"1849\" data-end=\"2210\">C\u00f4t\u00e9 organisation, la logistique est, comme toujours, minutieusement pr\u00e9par\u00e9e : <strong data-start=\"1929\" data-end=\"1954\">plus de 120 personnes<\/strong> seront mobilis\u00e9es pour assurer la s\u00e9curit\u00e9, le gardiennage, le nettoyage et la gestion du stationnement. Un <strong data-start=\"2063\" data-end=\"2074\">QR Code<\/strong>, disponible aux entr\u00e9es du site, permettra aux visiteurs de s\u2019orienter facilement sur les plans et de rep\u00e9rer les sorties de secours.<\/p>\n<p data-start=\"2212\" data-end=\"2522\">Les forces de l\u2019ordre et la <strong data-start=\"2240\" data-end=\"2255\">Croix-Rouge<\/strong> seront \u00e9galement pr\u00e9sentes pour garantir la s\u00e9curit\u00e9 de tous, notamment des plus jeunes. Les familles sont d\u2019ailleurs invit\u00e9es \u00e0 veiller \u00e0 ce que les enfants portent sur eux les coordonn\u00e9es d\u2019un parent ou accompagnateur, afin de faciliter d\u2019\u00e9ventuelles recherches.<\/p>\n<p data-start=\"2524\" data-end=\"2623\">L\u2019acc\u00e8s \u00e0 la foire reste <strong data-start=\"2549\" data-end=\"2560\">gratuit<\/strong>, seul le stationnement est factur\u00e9 <strong data-start=\"2596\" data-end=\"2607\">4 euros<\/strong> par v\u00e9hicule.<\/p>\n<p data-start=\"2625\" data-end=\"2909\">Entre <strong data-start=\"2631\" data-end=\"2690\">tradition rurale, convivialit\u00e9 et innovations agricoles<\/strong>, la Foire de Poussay s\u2019annonce une fois de plus comme un <strong data-start=\"2748\" data-end=\"2794\">moment incontournable de l\u2019automne vosgien<\/strong>. Un week-end \u00e0 ne surtout pas manquer pour faire de bonnes affaires et partager un instant de vie \u00e0 la campagne.<\/p>\n","protected":false},"excerpt":{"rendered":"<p>Les 25 et 26 octobre prochains, la commune de Poussay s\u2019appr\u00eate \u00e0 vivre au rythme de sa c\u00e9l\u00e8bre foire agricole [&hellip;]<\/p>\n","protected":false},"author":52,"featured_media":83852,"comment_status":"open","ping_status":"open","sticky":false,"template":"","format":"standard","meta":{"footnotes":""},"categories":[460,128,5392,5391,5389,4099,4100],"tags":[],"class_list":["post-83851","post","type-post","status-publish","format-standard","has-post-thumbnail","hentry","category-a-la-une","category-agriculture","category-epinal","category-gerardmer","category-la-plaine-des-vosges","category-remiremont","category-saint-die"],"acf":[],"yoast_head":"<!-- This site is optimized with the Yoast SEO plugin v22.5 - https:\/\/yoast.com\/wordpress\/plugins\/seo\/ -->\n<title>La Foire de Poussay 2025 se pr\u00e9pare - Saint Die Info<\/title>\n<meta name=\"robots\" content=\"index, follow, max-snippet:-1, max-image-preview:large, max-video-preview:-1\" \/>\n<link rel=\"canonical\" href=\"https:\/\/vosgesinfo.fr\/saintdieinfo\/2025\/10\/la-foire-de-poussay-2025-se-prepare\/\" \/>\n<meta name=\"twitter:card\" content=\"summary_large_image\" \/>\n<meta name=\"twitter:title\" content=\"La Foire de Poussay 2025 se pr\u00e9pare - Saint Die Info\" \/>\n<meta name=\"twitter:description\" content=\"Les 25 et 26 octobre prochains, la commune de Poussay s\u2019appr\u00eate \u00e0 vivre au rythme de sa c\u00e9l\u00e8bre foire agricole [&hellip;]\" \/>\n<meta name=\"twitter:image\" content=\"https:\/\/vosgesinfo.fr\/app\/uploads\/sites\/4\/2025\/10\/preparation-foire-de-poussay.jpg\" \/>\n<meta name=\"twitter:creator\" content=\"@VosgesInfo88\" \/>\n<meta name=\"twitter:site\" content=\"@VosgesInfo88\" \/>\n<meta name=\"twitter:label1\" content=\"\u00c9crit par\" \/>\n\t<meta name=\"twitter:data1\" content=\"C.K.\" \/>\n\t<meta name=\"twitter:label2\" content=\"Dur\u00e9e de lecture estim\u00e9e\" \/>\n\t<meta name=\"twitter:data2\" content=\"2 minutes\" \/>\n<script type=\"application\/ld+json\" class=\"yoast-schema-graph\">{\"@context\":\"https:\/\/schema.org\",\"@graph\":[{\"@type\":\"Article\",\"@id\":\"https:\/\/vosgesinfo.fr\/saintdieinfo\/2025\/10\/la-foire-de-poussay-2025-se-prepare\/#article\",\"isPartOf\":{\"@id\":\"https:\/\/vosgesinfo.fr\/saintdieinfo\/2025\/10\/la-foire-de-poussay-2025-se-prepare\/\"},\"author\":{\"name\":\"C.K.\",\"@id\":\"https:\/\/vosgesinfo.fr\/saintdieinfo\/#\/schema\/person\/6f9a650eeea99d969b6c4ab78fccbe81\"},\"headline\":\"La Foire de Poussay 2025 se pr\u00e9pare\",\"datePublished\":\"2025-10-24T06:53:58+00:00\",\"dateModified\":\"2025-10-24T06:53:58+00:00\",\"mainEntityOfPage\":{\"@id\":\"https:\/\/vosgesinfo.fr\/saintdieinfo\/2025\/10\/la-foire-de-poussay-2025-se-prepare\/\"},\"wordCount\":433,\"commentCount\":0,\"publisher\":{\"@id\":\"https:\/\/vosgesinfo.fr\/saintdieinfo\/#organization\"},\"image\":{\"@id\":\"https:\/\/vosgesinfo.fr\/saintdieinfo\/2025\/10\/la-foire-de-poussay-2025-se-prepare\/#primaryimage\"},\"thumbnailUrl\":\"https:\/\/vosgesinfo.fr\/app\/uploads\/sites\/4\/2025\/10\/preparation-foire-de-poussay.jpg\",\"articleSection\":[\"A la Une\",\"Agriculture\",\"Epinal\",\"Gerardmer\",\"La plaine des vosges\",\"Remiremont\",\"Saint-di\u00e9\"],\"inLanguage\":\"fr-FR\",\"potentialAction\":[{\"@type\":\"CommentAction\",\"name\":\"Comment\",\"target\":[\"https:\/\/vosgesinfo.fr\/saintdieinfo\/2025\/10\/la-foire-de-poussay-2025-se-prepare\/#respond\"]}]},{\"@type\":\"WebPage\",\"@id\":\"https:\/\/vosgesinfo.fr\/saintdieinfo\/2025\/10\/la-foire-de-poussay-2025-se-prepare\/\",\"url\":\"https:\/\/vosgesinfo.fr\/saintdieinfo\/2025\/10\/la-foire-de-poussay-2025-se-prepare\/\",\"name\":\"La Foire de Poussay 2025 se pr\u00e9pare - Saint Die Info\",\"isPartOf\":{\"@id\":\"https:\/\/vosgesinfo.fr\/saintdieinfo\/#website\"},\"primaryImageOfPage\":{\"@id\":\"https:\/\/vosgesinfo.fr\/saintdieinfo\/2025\/10\/la-foire-de-poussay-2025-se-prepare\/#primaryimage\"},\"image\":{\"@id\":\"https:\/\/vosgesinfo.fr\/saintdieinfo\/2025\/10\/la-foire-de-poussay-2025-se-prepare\/#primaryimage\"},\"thumbnailUrl\":\"https:\/\/vosgesinfo.fr\/app\/uploads\/sites\/4\/2025\/10\/preparation-foire-de-poussay.jpg\",\"datePublished\":\"2025-10-24T06:53:58+00:00\",\"dateModified\":\"2025-10-24T06:53:58+00:00\",\"breadcrumb\":{\"@id\":\"https:\/\/vosgesinfo.fr\/saintdieinfo\/2025\/10\/la-foire-de-poussay-2025-se-prepare\/#breadcrumb\"},\"inLanguage\":\"fr-FR\",\"potentialAction\":[{\"@type\":\"ReadAction\",\"target\":[\"https:\/\/vosgesinfo.fr\/saintdieinfo\/2025\/10\/la-foire-de-poussay-2025-se-prepare\/\"]}]},{\"@type\":\"ImageObject\",\"inLanguage\":\"fr-FR\",\"@id\":\"https:\/\/vosgesinfo.fr\/saintdieinfo\/2025\/10\/la-foire-de-poussay-2025-se-prepare\/#primaryimage\",\"url\":\"https:\/\/vosgesinfo.fr\/app\/uploads\/sites\/4\/2025\/10\/preparation-foire-de-poussay.jpg\",\"contentUrl\":\"https:\/\/vosgesinfo.fr\/app\/uploads\/sites\/4\/2025\/10\/preparation-foire-de-poussay.jpg\",\"width\":1088,\"height\":691},{\"@type\":\"BreadcrumbList\",\"@id\":\"https:\/\/vosgesinfo.fr\/saintdieinfo\/2025\/10\/la-foire-de-poussay-2025-se-prepare\/#breadcrumb\",\"itemListElement\":[{\"@type\":\"ListItem\",\"position\":1,\"name\":\"Home\",\"item\":\"https:\/\/vosgesinfo.fr\/saintdieinfo\/\"},{\"@type\":\"ListItem\",\"position\":2,\"name\":\"La Foire de Poussay 2025 se pr\u00e9pare\"}]},{\"@type\":\"WebSite\",\"@id\":\"https:\/\/vosgesinfo.fr\/saintdieinfo\/#website\",\"url\":\"https:\/\/vosgesinfo.fr\/saintdieinfo\/\",\"name\":\"Saint Die Info\",\"description\":\"Toute l&#039;actualit\u00e9 de Saint-Di\u00e9-Des-Vosges\",\"publisher\":{\"@id\":\"https:\/\/vosgesinfo.fr\/saintdieinfo\/#organization\"},\"alternateName\":\"Toute l'actualit\u00e9 de Saint-Di\u00e9-Des-Vosges\",\"potentialAction\":[{\"@type\":\"SearchAction\",\"target\":{\"@type\":\"EntryPoint\",\"urlTemplate\":\"https:\/\/vosgesinfo.fr\/saintdieinfo\/?s={search_term_string}\"},\"query-input\":\"required name=search_term_string\"}],\"inLanguage\":\"fr-FR\"},{\"@type\":\"Organization\",\"@id\":\"https:\/\/vosgesinfo.fr\/saintdieinfo\/#organization\",\"name\":\"Saint Die Info\",\"url\":\"https:\/\/vosgesinfo.fr\/saintdieinfo\/\",\"logo\":{\"@type\":\"ImageObject\",\"inLanguage\":\"fr-FR\",\"@id\":\"https:\/\/vosgesinfo.fr\/saintdieinfo\/#\/schema\/logo\/image\/\",\"url\":\"https:\/\/vosgesinfo.fr\/app\/uploads\/sites\/4\/2024\/02\/logo-sdi.jpg\",\"contentUrl\":\"https:\/\/vosgesinfo.fr\/app\/uploads\/sites\/4\/2024\/02\/logo-sdi.jpg\",\"width\":600,\"height\":600,\"caption\":\"Saint Die Info\"},\"image\":{\"@id\":\"https:\/\/vosgesinfo.fr\/saintdieinfo\/#\/schema\/logo\/image\/\"},\"sameAs\":[\"https:\/\/www.facebook.com\/Saintdieinfofr\",\"https:\/\/x.com\/VosgesInfo88\",\"https:\/\/www.youtube.com\/@vosgesinfo\"]},{\"@type\":\"Person\",\"@id\":\"https:\/\/vosgesinfo.fr\/saintdieinfo\/#\/schema\/person\/6f9a650eeea99d969b6c4ab78fccbe81\",\"name\":\"C.K.\",\"image\":{\"@type\":\"ImageObject\",\"inLanguage\":\"fr-FR\",\"@id\":\"https:\/\/vosgesinfo.fr\/saintdieinfo\/#\/schema\/person\/image\/\",\"url\":\"https:\/\/secure.gravatar.com\/avatar\/48e3fc7f8421ba8942be6b74a2b7f014ca39bc00dece156b7a8e098ae7dc87bf?s=96&d=mm&r=g\",\"contentUrl\":\"https:\/\/secure.gravatar.com\/avatar\/48e3fc7f8421ba8942be6b74a2b7f014ca39bc00dece156b7a8e098ae7dc87bf?s=96&d=mm&r=g\",\"caption\":\"C.K.\"},\"url\":\"https:\/\/vosgesinfo.fr\/saintdieinfo\/author\/celia-k-n\/\"}]}<\/script>\n<!-- \/ Yoast SEO plugin. -->","yoast_head_json":{"title":"La Foire de Poussay 2025 se pr\u00e9pare - Saint Die Info","robots":{"index":"index","follow":"follow","max-snippet":"max-snippet:-1","max-image-preview":"max-image-preview:large","max-video-preview":"max-video-preview:-1"},"canonical":"https:\/\/vosgesinfo.fr\/saintdieinfo\/2025\/10\/la-foire-de-poussay-2025-se-prepare\/","twitter_card":"summary_large_image","twitter_title":"La Foire de Poussay 2025 se pr\u00e9pare - Saint Die Info","twitter_description":"Les 25 et 26 octobre prochains, la commune de Poussay s\u2019appr\u00eate \u00e0 vivre au rythme de sa c\u00e9l\u00e8bre foire agricole [&hellip;]","twitter_image":"https:\/\/vosgesinfo.fr\/app\/uploads\/sites\/4\/2025\/10\/preparation-foire-de-poussay.jpg","twitter_creator":"@VosgesInfo88","twitter_site":"@VosgesInfo88","twitter_misc":{"\u00c9crit par":"C.K.","Dur\u00e9e de lecture estim\u00e9e":"2 minutes"},"schema":{"@context":"https:\/\/schema.org","@graph":[{"@type":"Article","@id":"https:\/\/vosgesinfo.fr\/saintdieinfo\/2025\/10\/la-foire-de-poussay-2025-se-prepare\/#article","isPartOf":{"@id":"https:\/\/vosgesinfo.fr\/saintdieinfo\/2025\/10\/la-foire-de-poussay-2025-se-prepare\/"},"author":{"name":"C.K.","@id":"https:\/\/vosgesinfo.fr\/saintdieinfo\/#\/schema\/person\/6f9a650eeea99d969b6c4ab78fccbe81"},"headline":"La Foire de Poussay 2025 se pr\u00e9pare","datePublished":"2025-10-24T06:53:58+00:00","dateModified":"2025-10-24T06:53:58+00:00","mainEntityOfPage":{"@id":"https:\/\/vosgesinfo.fr\/saintdieinfo\/2025\/10\/la-foire-de-poussay-2025-se-prepare\/"},"wordCount":433,"commentCount":0,"publisher":{"@id":"https:\/\/vosgesinfo.fr\/saintdieinfo\/#organization"},"image":{"@id":"https:\/\/vosgesinfo.fr\/saintdieinfo\/2025\/10\/la-foire-de-poussay-2025-se-prepare\/#primaryimage"},"thumbnailUrl":"https:\/\/vosgesinfo.fr\/app\/uploads\/sites\/4\/2025\/10\/preparation-foire-de-poussay.jpg","articleSection":["A la Une","Agriculture","Epinal","Gerardmer","La plaine des vosges","Remiremont","Saint-di\u00e9"],"inLanguage":"fr-FR","potentialAction":[{"@type":"CommentAction","name":"Comment","target":["https:\/\/vosgesinfo.fr\/saintdieinfo\/2025\/10\/la-foire-de-poussay-2025-se-prepare\/#respond"]}]},{"@type":"WebPage","@id":"https:\/\/vosgesinfo.fr\/saintdieinfo\/2025\/10\/la-foire-de-poussay-2025-se-prepare\/","url":"https:\/\/vosgesinfo.fr\/saintdieinfo\/2025\/10\/la-foire-de-poussay-2025-se-prepare\/","name":"La Foire de Poussay 2025 se pr\u00e9pare - Saint Die Info","isPartOf":{"@id":"https:\/\/vosgesinfo.fr\/saintdieinfo\/#website"},"primaryImageOfPage":{"@id":"https:\/\/vosgesinfo.fr\/saintdieinfo\/2025\/10\/la-foire-de-poussay-2025-se-prepare\/#primaryimage"},"image":{"@id":"https:\/\/vosgesinfo.fr\/saintdieinfo\/2025\/10\/la-foire-de-poussay-2025-se-prepare\/#primaryimage"},"thumbnailUrl":"https:\/\/vosgesinfo.fr\/app\/uploads\/sites\/4\/2025\/10\/preparation-foire-de-poussay.jpg","datePublished":"2025-10-24T06:53:58+00:00","dateModified":"2025-10-24T06:53:58+00:00","breadcrumb":{"@id":"https:\/\/vosgesinfo.fr\/saintdieinfo\/2025\/10\/la-foire-de-poussay-2025-se-prepare\/#breadcrumb"},"inLanguage":"fr-FR","potentialAction":[{"@type":"ReadAction","target":["https:\/\/vosgesinfo.fr\/saintdieinfo\/2025\/10\/la-foire-de-poussay-2025-se-prepare\/"]}]},{"@type":"ImageObject","inLanguage":"fr-FR","@id":"https:\/\/vosgesinfo.fr\/saintdieinfo\/2025\/10\/la-foire-de-poussay-2025-se-prepare\/#primaryimage","url":"https:\/\/vosgesinfo.fr\/app\/uploads\/sites\/4\/2025\/10\/preparation-foire-de-poussay.jpg","contentUrl":"https:\/\/vosgesinfo.fr\/app\/uploads\/sites\/4\/2025\/10\/preparation-foire-de-poussay.jpg","width":1088,"height":691},{"@type":"BreadcrumbList","@id":"https:\/\/vosgesinfo.fr\/saintdieinfo\/2025\/10\/la-foire-de-poussay-2025-se-prepare\/#breadcrumb","itemListElement":[{"@type":"ListItem","position":1,"name":"Home","item":"https:\/\/vosgesinfo.fr\/saintdieinfo\/"},{"@type":"ListItem","position":2,"name":"La Foire de Poussay 2025 se pr\u00e9pare"}]},{"@type":"WebSite","@id":"https:\/\/vosgesinfo.fr\/saintdieinfo\/#website","url":"https:\/\/vosgesinfo.fr\/saintdieinfo\/","name":"Saint Die Info","description":"Toute l&#039;actualit\u00e9 de Saint-Di\u00e9-Des-Vosges","publisher":{"@id":"https:\/\/vosgesinfo.fr\/saintdieinfo\/#organization"},"alternateName":"Toute l'actualit\u00e9 de Saint-Di\u00e9-Des-Vosges","potentialAction":[{"@type":"SearchAction","target":{"@type":"EntryPoint","urlTemplate":"https:\/\/vosgesinfo.fr\/saintdieinfo\/?s={search_term_string}"},"query-input":"required name=search_term_string"}],"inLanguage":"fr-FR"},{"@type":"Organization","@id":"https:\/\/vosgesinfo.fr\/saintdieinfo\/#organization","name":"Saint Die Info","url":"https:\/\/vosgesinfo.fr\/saintdieinfo\/","logo":{"@type":"ImageObject","inLanguage":"fr-FR","@id":"https:\/\/vosgesinfo.fr\/saintdieinfo\/#\/schema\/logo\/image\/","url":"https:\/\/vosgesinfo.fr\/app\/uploads\/sites\/4\/2024\/02\/logo-sdi.jpg","contentUrl":"https:\/\/vosgesinfo.fr\/app\/uploads\/sites\/4\/2024\/02\/logo-sdi.jpg","width":600,"height":600,"caption":"Saint Die Info"},"image":{"@id":"https:\/\/vosgesinfo.fr\/saintdieinfo\/#\/schema\/logo\/image\/"},"sameAs":["https:\/\/www.facebook.com\/Saintdieinfofr","https:\/\/x.com\/VosgesInfo88","https:\/\/www.youtube.com\/@vosgesinfo"]},{"@type":"Person","@id":"https:\/\/vosgesinfo.fr\/saintdieinfo\/#\/schema\/person\/6f9a650eeea99d969b6c4ab78fccbe81","name":"C.K.","image":{"@type":"ImageObject","inLanguage":"fr-FR","@id":"https:\/\/vosgesinfo.fr\/saintdieinfo\/#\/schema\/person\/image\/","url":"https:\/\/secure.gravatar.com\/avatar\/48e3fc7f8421ba8942be6b74a2b7f014ca39bc00dece156b7a8e098ae7dc87bf?s=96&d=mm&r=g","contentUrl":"https:\/\/secure.gravatar.com\/avatar\/48e3fc7f8421ba8942be6b74a2b7f014ca39bc00dece156b7a8e098ae7dc87bf?s=96&d=mm&r=g","caption":"C.K."},"url":"https:\/\/vosgesinfo.fr\/saintdieinfo\/author\/celia-k-n\/"}]}},"_links":{"self":[{"href":"https:\/\/vosgesinfo.fr\/saintdieinfo\/wp-json\/wp\/v2\/posts\/83851","targetHints":{"allow":["GET"]}}],"collection":[{"href":"https:\/\/vosgesinfo.fr\/saintdieinfo\/wp-json\/wp\/v2\/posts"}],"about":[{"href":"https:\/\/vosgesinfo.fr\/saintdieinfo\/wp-json\/wp\/v2\/types\/post"}],"author":[{"embeddable":true,"href":"https:\/\/vosgesinfo.fr\/saintdieinfo\/wp-json\/wp\/v2\/users\/52"}],"replies":[{"embeddable":true,"href":"https:\/\/vosgesinfo.fr\/saintdieinfo\/wp-json\/wp\/v2\/comments?post=83851"}],"version-history":[{"count":0,"href":"https:\/\/vosgesinfo.fr\/saintdieinfo\/wp-json\/wp\/v2\/posts\/83851\/revisions"}],"wp:featuredmedia":[{"embeddable":true,"href":"https:\/\/vosgesinfo.fr\/saintdieinfo\/wp-json\/wp\/v2\/media\/83852"}],"wp:attachment":[{"href":"https:\/\/vosgesinfo.fr\/saintdieinfo\/wp-json\/wp\/v2\/media?parent=83851"}],"wp:term":[{"taxonomy":"category","embeddable":true,"href":"https:\/\/vosgesinfo.fr\/saintdieinfo\/wp-json\/wp\/v2\/categories?post=83851"},{"taxonomy":"post_tag","embeddable":true,"href":"https:\/\/vosgesinfo.fr\/saintdieinfo\/wp-json\/wp\/v2\/tags?post=83851"}],"curies":[{"name":"wp","href":"https:\/\/api.w.org\/{rel}","templated":true}]}}