{"id":83853,"date":"2025-10-24T08:59:17","date_gmt":"2025-10-24T06:59:17","guid":{"rendered":"https:\/\/vosgesinfo.fr\/saintdieinfo\/2025\/10\/valerie-michel-moreaux-quitte-la-prefecture-des-vosges-apres-plus-de-trois-annees-daction\/"},"modified":"2025-10-24T08:59:17","modified_gmt":"2025-10-24T06:59:17","slug":"valerie-michel-moreaux-quitte-la-prefecture-des-vosges-apres-plus-de-trois-annees-daction","status":"publish","type":"post","link":"https:\/\/vosgesinfo.fr\/saintdieinfo\/2025\/10\/valerie-michel-moreaux-quitte-la-prefecture-des-vosges-apres-plus-de-trois-annees-daction\/","title":{"rendered":"Val\u00e9rie Michel-Moreaux quitte la pr\u00e9fecture des Vosges apr\u00e8s plus de trois ann\u00e9es d\u2019action"},"content":{"rendered":"<h2 data-start=\"252\" data-end=\"622\"><iframe loading=\"lazy\" src=\"\/\/www.youtube.com\/embed\/AGX7qcLnEBo\" width=\"560\" height=\"314\" allowfullscreen=\"allowfullscreen\"><\/iframe><\/h2>\n<h2 data-start=\"252\" data-end=\"622\"><strong>Arriv\u00e9e \u00e0 la t\u00eate de la pr\u00e9fecture des Vosges en septembre 2022, Val\u00e9rie Michel-Moreaux s\u2019appr\u00eate \u00e0 clore un mandat marqu\u00e9 par une forte implication sur le terrain et une attention constante aux enjeux locaux. Durant plus de trois ans, elle aura incarn\u00e9 la pr\u00e9sence de l\u2019\u00c9tat dans le d\u00e9partement, pilotant de nombreux chantiers structurants pour le territoire.<\/strong><\/h2>\n<p data-start=\"624\" data-end=\"1095\">Au cours de son passage, la pr\u00e9f\u00e8te s\u2019est investie dans des domaines essentiels tels que la s\u00e9curit\u00e9 publique, la pr\u00e9vention des risques naturels et la revitalisation \u00e9conomique des zones rurales. Son action a notamment permis d\u2019accompagner la mise en \u0153uvre du plan France Relance, de favoriser le d\u00e9veloppement \u00e9quilibr\u00e9 des territoires et de poursuivre la modernisation des services publics afin de renforcer leur proximit\u00e9 avec les habitants.<\/p>\n<p data-start=\"1097\" data-end=\"1263\">Son d\u00e9part marque la fin d\u2019une p\u00e9riode de transformations et de concertations intenses entre les acteurs \u00e9conomiques, institutionnels et associatifs du d\u00e9partement.<\/p>\n<p data-start=\"1265\" data-end=\"1458\">Le nom de la ou du futur repr\u00e9sentant(e) de l\u2019\u00c9tat dans les Vosges n\u2019a pas encore \u00e9t\u00e9 officialis\u00e9, mais la nomination de son successeur devrait \u00eatre annonc\u00e9e dans les prochaines semaines.<\/p>\n","protected":false},"excerpt":{"rendered":"<p>Arriv\u00e9e \u00e0 la t\u00eate de la pr\u00e9fecture des Vosges en septembre 2022, Val\u00e9rie Michel-Moreaux s\u2019appr\u00eate \u00e0 clore un mandat marqu\u00e9 [&hellip;]<\/p>\n","protected":false},"author":52,"featured_media":83854,"comment_status":"open","ping_status":"open","sticky":false,"template":"","format":"standard","meta":{"footnotes":""},"categories":[460,5392,5391,5389,4099,4100],"tags":[],"class_list":["post-83853","post","type-post","status-publish","format-standard","has-post-thumbnail","hentry","category-a-la-une","category-epinal","category-gerardmer","category-la-plaine-des-vosges","category-remiremont","category-saint-die"],"acf":[],"yoast_head":"<!-- This site is optimized with the Yoast SEO plugin v22.5 - https:\/\/yoast.com\/wordpress\/plugins\/seo\/ -->\n<title>Val\u00e9rie Michel-Moreaux quitte la pr\u00e9fecture des Vosges apr\u00e8s plus de trois ann\u00e9es d\u2019action - Saint Die Info<\/title>\n<meta name=\"robots\" content=\"index, follow, max-snippet:-1, max-image-preview:large, max-video-preview:-1\" \/>\n<link rel=\"canonical\" href=\"https:\/\/vosgesinfo.fr\/saintdieinfo\/2025\/10\/valerie-michel-moreaux-quitte-la-prefecture-des-vosges-apres-plus-de-trois-annees-daction\/\" \/>\n<meta name=\"twitter:card\" content=\"summary_large_image\" \/>\n<meta name=\"twitter:title\" content=\"Val\u00e9rie Michel-Moreaux quitte la pr\u00e9fecture des Vosges apr\u00e8s plus de trois ann\u00e9es d\u2019action - Saint Die Info\" \/>\n<meta name=\"twitter:description\" content=\"Arriv\u00e9e \u00e0 la t\u00eate de la pr\u00e9fecture des Vosges en septembre 2022, Val\u00e9rie Michel-Moreaux s\u2019appr\u00eate \u00e0 clore un mandat marqu\u00e9 [&hellip;]\" \/>\n<meta name=\"twitter:image\" content=\"https:\/\/vosgesinfo.fr\/app\/uploads\/sites\/4\/2025\/10\/capture-decran-2025-10-24-085844.jpg\" \/>\n<meta name=\"twitter:creator\" content=\"@VosgesInfo88\" \/>\n<meta name=\"twitter:site\" content=\"@VosgesInfo88\" \/>\n<meta name=\"twitter:label1\" content=\"\u00c9crit par\" \/>\n\t<meta name=\"twitter:data1\" content=\"C.K.\" \/>\n\t<meta name=\"twitter:label2\" content=\"Dur\u00e9e de lecture estim\u00e9e\" \/>\n\t<meta name=\"twitter:data2\" content=\"1 minute\" \/>\n<script type=\"application\/ld+json\" class=\"yoast-schema-graph\">{\"@context\":\"https:\/\/schema.org\",\"@graph\":[{\"@type\":\"Article\",\"@id\":\"https:\/\/vosgesinfo.fr\/saintdieinfo\/2025\/10\/valerie-michel-moreaux-quitte-la-prefecture-des-vosges-apres-plus-de-trois-annees-daction\/#article\",\"isPartOf\":{\"@id\":\"https:\/\/vosgesinfo.fr\/saintdieinfo\/2025\/10\/valerie-michel-moreaux-quitte-la-prefecture-des-vosges-apres-plus-de-trois-annees-daction\/\"},\"author\":{\"name\":\"C.K.\",\"@id\":\"https:\/\/vosgesinfo.fr\/saintdieinfo\/#\/schema\/person\/6f9a650eeea99d969b6c4ab78fccbe81\"},\"headline\":\"Val\u00e9rie Michel-Moreaux quitte la pr\u00e9fecture des Vosges apr\u00e8s plus de trois ann\u00e9es d\u2019action\",\"datePublished\":\"2025-10-24T06:59:17+00:00\",\"dateModified\":\"2025-10-24T06:59:17+00:00\",\"mainEntityOfPage\":{\"@id\":\"https:\/\/vosgesinfo.fr\/saintdieinfo\/2025\/10\/valerie-michel-moreaux-quitte-la-prefecture-des-vosges-apres-plus-de-trois-annees-daction\/\"},\"wordCount\":217,\"commentCount\":1,\"publisher\":{\"@id\":\"https:\/\/vosgesinfo.fr\/saintdieinfo\/#organization\"},\"image\":{\"@id\":\"https:\/\/vosgesinfo.fr\/saintdieinfo\/2025\/10\/valerie-michel-moreaux-quitte-la-prefecture-des-vosges-apres-plus-de-trois-annees-daction\/#primaryimage\"},\"thumbnailUrl\":\"https:\/\/vosgesinfo.fr\/app\/uploads\/sites\/4\/2025\/10\/capture-decran-2025-10-24-085844.jpg\",\"articleSection\":[\"A la Une\",\"Epinal\",\"Gerardmer\",\"La plaine des vosges\",\"Remiremont\",\"Saint-di\u00e9\"],\"inLanguage\":\"fr-FR\",\"potentialAction\":[{\"@type\":\"CommentAction\",\"name\":\"Comment\",\"target\":[\"https:\/\/vosgesinfo.fr\/saintdieinfo\/2025\/10\/valerie-michel-moreaux-quitte-la-prefecture-des-vosges-apres-plus-de-trois-annees-daction\/#respond\"]}]},{\"@type\":\"WebPage\",\"@id\":\"https:\/\/vosgesinfo.fr\/saintdieinfo\/2025\/10\/valerie-michel-moreaux-quitte-la-prefecture-des-vosges-apres-plus-de-trois-annees-daction\/\",\"url\":\"https:\/\/vosgesinfo.fr\/saintdieinfo\/2025\/10\/valerie-michel-moreaux-quitte-la-prefecture-des-vosges-apres-plus-de-trois-annees-daction\/\",\"name\":\"Val\u00e9rie Michel-Moreaux quitte la pr\u00e9fecture des Vosges apr\u00e8s plus de trois ann\u00e9es d\u2019action - Saint Die Info\",\"isPartOf\":{\"@id\":\"https:\/\/vosgesinfo.fr\/saintdieinfo\/#website\"},\"primaryImageOfPage\":{\"@id\":\"https:\/\/vosgesinfo.fr\/saintdieinfo\/2025\/10\/valerie-michel-moreaux-quitte-la-prefecture-des-vosges-apres-plus-de-trois-annees-daction\/#primaryimage\"},\"image\":{\"@id\":\"https:\/\/vosgesinfo.fr\/saintdieinfo\/2025\/10\/valerie-michel-moreaux-quitte-la-prefecture-des-vosges-apres-plus-de-trois-annees-daction\/#primaryimage\"},\"thumbnailUrl\":\"https:\/\/vosgesinfo.fr\/app\/uploads\/sites\/4\/2025\/10\/capture-decran-2025-10-24-085844.jpg\",\"datePublished\":\"2025-10-24T06:59:17+00:00\",\"dateModified\":\"2025-10-24T06:59:17+00:00\",\"breadcrumb\":{\"@id\":\"https:\/\/vosgesinfo.fr\/saintdieinfo\/2025\/10\/valerie-michel-moreaux-quitte-la-prefecture-des-vosges-apres-plus-de-trois-annees-daction\/#breadcrumb\"},\"inLanguage\":\"fr-FR\",\"potentialAction\":[{\"@type\":\"ReadAction\",\"target\":[\"https:\/\/vosgesinfo.fr\/saintdieinfo\/2025\/10\/valerie-michel-moreaux-quitte-la-prefecture-des-vosges-apres-plus-de-trois-annees-daction\/\"]}]},{\"@type\":\"ImageObject\",\"inLanguage\":\"fr-FR\",\"@id\":\"https:\/\/vosgesinfo.fr\/saintdieinfo\/2025\/10\/valerie-michel-moreaux-quitte-la-prefecture-des-vosges-apres-plus-de-trois-annees-daction\/#primaryimage\",\"url\":\"https:\/\/vosgesinfo.fr\/app\/uploads\/sites\/4\/2025\/10\/capture-decran-2025-10-24-085844.jpg\",\"contentUrl\":\"https:\/\/vosgesinfo.fr\/app\/uploads\/sites\/4\/2025\/10\/capture-decran-2025-10-24-085844.jpg\",\"width\":1106,\"height\":622},{\"@type\":\"BreadcrumbList\",\"@id\":\"https:\/\/vosgesinfo.fr\/saintdieinfo\/2025\/10\/valerie-michel-moreaux-quitte-la-prefecture-des-vosges-apres-plus-de-trois-annees-daction\/#breadcrumb\",\"itemListElement\":[{\"@type\":\"ListItem\",\"position\":1,\"name\":\"Home\",\"item\":\"https:\/\/vosgesinfo.fr\/saintdieinfo\/\"},{\"@type\":\"ListItem\",\"position\":2,\"name\":\"Val\u00e9rie Michel-Moreaux quitte la pr\u00e9fecture des Vosges apr\u00e8s plus de trois ann\u00e9es d\u2019action\"}]},{\"@type\":\"WebSite\",\"@id\":\"https:\/\/vosgesinfo.fr\/saintdieinfo\/#website\",\"url\":\"https:\/\/vosgesinfo.fr\/saintdieinfo\/\",\"name\":\"Saint Die Info\",\"description\":\"Toute l&#039;actualit\u00e9 de Saint-Di\u00e9-Des-Vosges\",\"publisher\":{\"@id\":\"https:\/\/vosgesinfo.fr\/saintdieinfo\/#organization\"},\"alternateName\":\"Toute l'actualit\u00e9 de Saint-Di\u00e9-Des-Vosges\",\"potentialAction\":[{\"@type\":\"SearchAction\",\"target\":{\"@type\":\"EntryPoint\",\"urlTemplate\":\"https:\/\/vosgesinfo.fr\/saintdieinfo\/?s={search_term_string}\"},\"query-input\":\"required name=search_term_string\"}],\"inLanguage\":\"fr-FR\"},{\"@type\":\"Organization\",\"@id\":\"https:\/\/vosgesinfo.fr\/saintdieinfo\/#organization\",\"name\":\"Saint Die Info\",\"url\":\"https:\/\/vosgesinfo.fr\/saintdieinfo\/\",\"logo\":{\"@type\":\"ImageObject\",\"inLanguage\":\"fr-FR\",\"@id\":\"https:\/\/vosgesinfo.fr\/saintdieinfo\/#\/schema\/logo\/image\/\",\"url\":\"https:\/\/vosgesinfo.fr\/app\/uploads\/sites\/4\/2024\/02\/logo-sdi.jpg\",\"contentUrl\":\"https:\/\/vosgesinfo.fr\/app\/uploads\/sites\/4\/2024\/02\/logo-sdi.jpg\",\"width\":600,\"height\":600,\"caption\":\"Saint Die Info\"},\"image\":{\"@id\":\"https:\/\/vosgesinfo.fr\/saintdieinfo\/#\/schema\/logo\/image\/\"},\"sameAs\":[\"https:\/\/www.facebook.com\/Saintdieinfofr\",\"https:\/\/x.com\/VosgesInfo88\",\"https:\/\/www.youtube.com\/@vosgesinfo\"]},{\"@type\":\"Person\",\"@id\":\"https:\/\/vosgesinfo.fr\/saintdieinfo\/#\/schema\/person\/6f9a650eeea99d969b6c4ab78fccbe81\",\"name\":\"C.K.\",\"image\":{\"@type\":\"ImageObject\",\"inLanguage\":\"fr-FR\",\"@id\":\"https:\/\/vosgesinfo.fr\/saintdieinfo\/#\/schema\/person\/image\/\",\"url\":\"https:\/\/secure.gravatar.com\/avatar\/48e3fc7f8421ba8942be6b74a2b7f014ca39bc00dece156b7a8e098ae7dc87bf?s=96&d=mm&r=g\",\"contentUrl\":\"https:\/\/secure.gravatar.com\/avatar\/48e3fc7f8421ba8942be6b74a2b7f014ca39bc00dece156b7a8e098ae7dc87bf?s=96&d=mm&r=g\",\"caption\":\"C.K.\"},\"url\":\"https:\/\/vosgesinfo.fr\/saintdieinfo\/author\/celia-k-n\/\"}]}<\/script>\n<!-- \/ Yoast SEO plugin. -->","yoast_head_json":{"title":"Val\u00e9rie Michel-Moreaux quitte la pr\u00e9fecture des Vosges apr\u00e8s plus de trois ann\u00e9es d\u2019action - Saint Die Info","robots":{"index":"index","follow":"follow","max-snippet":"max-snippet:-1","max-image-preview":"max-image-preview:large","max-video-preview":"max-video-preview:-1"},"canonical":"https:\/\/vosgesinfo.fr\/saintdieinfo\/2025\/10\/valerie-michel-moreaux-quitte-la-prefecture-des-vosges-apres-plus-de-trois-annees-daction\/","twitter_card":"summary_large_image","twitter_title":"Val\u00e9rie Michel-Moreaux quitte la pr\u00e9fecture des Vosges apr\u00e8s plus de trois ann\u00e9es d\u2019action - Saint Die Info","twitter_description":"Arriv\u00e9e \u00e0 la t\u00eate de la pr\u00e9fecture des Vosges en septembre 2022, Val\u00e9rie Michel-Moreaux s\u2019appr\u00eate \u00e0 clore un mandat marqu\u00e9 [&hellip;]","twitter_image":"https:\/\/vosgesinfo.fr\/app\/uploads\/sites\/4\/2025\/10\/capture-decran-2025-10-24-085844.jpg","twitter_creator":"@VosgesInfo88","twitter_site":"@VosgesInfo88","twitter_misc":{"\u00c9crit par":"C.K.","Dur\u00e9e de lecture estim\u00e9e":"1 minute"},"schema":{"@context":"https:\/\/schema.org","@graph":[{"@type":"Article","@id":"https:\/\/vosgesinfo.fr\/saintdieinfo\/2025\/10\/valerie-michel-moreaux-quitte-la-prefecture-des-vosges-apres-plus-de-trois-annees-daction\/#article","isPartOf":{"@id":"https:\/\/vosgesinfo.fr\/saintdieinfo\/2025\/10\/valerie-michel-moreaux-quitte-la-prefecture-des-vosges-apres-plus-de-trois-annees-daction\/"},"author":{"name":"C.K.","@id":"https:\/\/vosgesinfo.fr\/saintdieinfo\/#\/schema\/person\/6f9a650eeea99d969b6c4ab78fccbe81"},"headline":"Val\u00e9rie Michel-Moreaux quitte la pr\u00e9fecture des Vosges apr\u00e8s plus de trois ann\u00e9es d\u2019action","datePublished":"2025-10-24T06:59:17+00:00","dateModified":"2025-10-24T06:59:17+00:00","mainEntityOfPage":{"@id":"https:\/\/vosgesinfo.fr\/saintdieinfo\/2025\/10\/valerie-michel-moreaux-quitte-la-prefecture-des-vosges-apres-plus-de-trois-annees-daction\/"},"wordCount":217,"commentCount":1,"publisher":{"@id":"https:\/\/vosgesinfo.fr\/saintdieinfo\/#organization"},"image":{"@id":"https:\/\/vosgesinfo.fr\/saintdieinfo\/2025\/10\/valerie-michel-moreaux-quitte-la-prefecture-des-vosges-apres-plus-de-trois-annees-daction\/#primaryimage"},"thumbnailUrl":"https:\/\/vosgesinfo.fr\/app\/uploads\/sites\/4\/2025\/10\/capture-decran-2025-10-24-085844.jpg","articleSection":["A la Une","Epinal","Gerardmer","La plaine des vosges","Remiremont","Saint-di\u00e9"],"inLanguage":"fr-FR","potentialAction":[{"@type":"CommentAction","name":"Comment","target":["https:\/\/vosgesinfo.fr\/saintdieinfo\/2025\/10\/valerie-michel-moreaux-quitte-la-prefecture-des-vosges-apres-plus-de-trois-annees-daction\/#respond"]}]},{"@type":"WebPage","@id":"https:\/\/vosgesinfo.fr\/saintdieinfo\/2025\/10\/valerie-michel-moreaux-quitte-la-prefecture-des-vosges-apres-plus-de-trois-annees-daction\/","url":"https:\/\/vosgesinfo.fr\/saintdieinfo\/2025\/10\/valerie-michel-moreaux-quitte-la-prefecture-des-vosges-apres-plus-de-trois-annees-daction\/","name":"Val\u00e9rie Michel-Moreaux quitte la pr\u00e9fecture des Vosges apr\u00e8s plus de trois ann\u00e9es d\u2019action - Saint Die Info","isPartOf":{"@id":"https:\/\/vosgesinfo.fr\/saintdieinfo\/#website"},"primaryImageOfPage":{"@id":"https:\/\/vosgesinfo.fr\/saintdieinfo\/2025\/10\/valerie-michel-moreaux-quitte-la-prefecture-des-vosges-apres-plus-de-trois-annees-daction\/#primaryimage"},"image":{"@id":"https:\/\/vosgesinfo.fr\/saintdieinfo\/2025\/10\/valerie-michel-moreaux-quitte-la-prefecture-des-vosges-apres-plus-de-trois-annees-daction\/#primaryimage"},"thumbnailUrl":"https:\/\/vosgesinfo.fr\/app\/uploads\/sites\/4\/2025\/10\/capture-decran-2025-10-24-085844.jpg","datePublished":"2025-10-24T06:59:17+00:00","dateModified":"2025-10-24T06:59:17+00:00","breadcrumb":{"@id":"https:\/\/vosgesinfo.fr\/saintdieinfo\/2025\/10\/valerie-michel-moreaux-quitte-la-prefecture-des-vosges-apres-plus-de-trois-annees-daction\/#breadcrumb"},"inLanguage":"fr-FR","potentialAction":[{"@type":"ReadAction","target":["https:\/\/vosgesinfo.fr\/saintdieinfo\/2025\/10\/valerie-michel-moreaux-quitte-la-prefecture-des-vosges-apres-plus-de-trois-annees-daction\/"]}]},{"@type":"ImageObject","inLanguage":"fr-FR","@id":"https:\/\/vosgesinfo.fr\/saintdieinfo\/2025\/10\/valerie-michel-moreaux-quitte-la-prefecture-des-vosges-apres-plus-de-trois-annees-daction\/#primaryimage","url":"https:\/\/vosgesinfo.fr\/app\/uploads\/sites\/4\/2025\/10\/capture-decran-2025-10-24-085844.jpg","contentUrl":"https:\/\/vosgesinfo.fr\/app\/uploads\/sites\/4\/2025\/10\/capture-decran-2025-10-24-085844.jpg","width":1106,"height":622},{"@type":"BreadcrumbList","@id":"https:\/\/vosgesinfo.fr\/saintdieinfo\/2025\/10\/valerie-michel-moreaux-quitte-la-prefecture-des-vosges-apres-plus-de-trois-annees-daction\/#breadcrumb","itemListElement":[{"@type":"ListItem","position":1,"name":"Home","item":"https:\/\/vosgesinfo.fr\/saintdieinfo\/"},{"@type":"ListItem","position":2,"name":"Val\u00e9rie Michel-Moreaux quitte la pr\u00e9fecture des Vosges apr\u00e8s plus de trois ann\u00e9es d\u2019action"}]},{"@type":"WebSite","@id":"https:\/\/vosgesinfo.fr\/saintdieinfo\/#website","url":"https:\/\/vosgesinfo.fr\/saintdieinfo\/","name":"Saint Die Info","description":"Toute l&#039;actualit\u00e9 de Saint-Di\u00e9-Des-Vosges","publisher":{"@id":"https:\/\/vosgesinfo.fr\/saintdieinfo\/#organization"},"alternateName":"Toute l'actualit\u00e9 de Saint-Di\u00e9-Des-Vosges","potentialAction":[{"@type":"SearchAction","target":{"@type":"EntryPoint","urlTemplate":"https:\/\/vosgesinfo.fr\/saintdieinfo\/?s={search_term_string}"},"query-input":"required name=search_term_string"}],"inLanguage":"fr-FR"},{"@type":"Organization","@id":"https:\/\/vosgesinfo.fr\/saintdieinfo\/#organization","name":"Saint Die Info","url":"https:\/\/vosgesinfo.fr\/saintdieinfo\/","logo":{"@type":"ImageObject","inLanguage":"fr-FR","@id":"https:\/\/vosgesinfo.fr\/saintdieinfo\/#\/schema\/logo\/image\/","url":"https:\/\/vosgesinfo.fr\/app\/uploads\/sites\/4\/2024\/02\/logo-sdi.jpg","contentUrl":"https:\/\/vosgesinfo.fr\/app\/uploads\/sites\/4\/2024\/02\/logo-sdi.jpg","width":600,"height":600,"caption":"Saint Die Info"},"image":{"@id":"https:\/\/vosgesinfo.fr\/saintdieinfo\/#\/schema\/logo\/image\/"},"sameAs":["https:\/\/www.facebook.com\/Saintdieinfofr","https:\/\/x.com\/VosgesInfo88","https:\/\/www.youtube.com\/@vosgesinfo"]},{"@type":"Person","@id":"https:\/\/vosgesinfo.fr\/saintdieinfo\/#\/schema\/person\/6f9a650eeea99d969b6c4ab78fccbe81","name":"C.K.","image":{"@type":"ImageObject","inLanguage":"fr-FR","@id":"https:\/\/vosgesinfo.fr\/saintdieinfo\/#\/schema\/person\/image\/","url":"https:\/\/secure.gravatar.com\/avatar\/48e3fc7f8421ba8942be6b74a2b7f014ca39bc00dece156b7a8e098ae7dc87bf?s=96&d=mm&r=g","contentUrl":"https:\/\/secure.gravatar.com\/avatar\/48e3fc7f8421ba8942be6b74a2b7f014ca39bc00dece156b7a8e098ae7dc87bf?s=96&d=mm&r=g","caption":"C.K."},"url":"https:\/\/vosgesinfo.fr\/saintdieinfo\/author\/celia-k-n\/"}]}},"_links":{"self":[{"href":"https:\/\/vosgesinfo.fr\/saintdieinfo\/wp-json\/wp\/v2\/posts\/83853","targetHints":{"allow":["GET"]}}],"collection":[{"href":"https:\/\/vosgesinfo.fr\/saintdieinfo\/wp-json\/wp\/v2\/posts"}],"about":[{"href":"https:\/\/vosgesinfo.fr\/saintdieinfo\/wp-json\/wp\/v2\/types\/post"}],"author":[{"embeddable":true,"href":"https:\/\/vosgesinfo.fr\/saintdieinfo\/wp-json\/wp\/v2\/users\/52"}],"replies":[{"embeddable":true,"href":"https:\/\/vosgesinfo.fr\/saintdieinfo\/wp-json\/wp\/v2\/comments?post=83853"}],"version-history":[{"count":0,"href":"https:\/\/vosgesinfo.fr\/saintdieinfo\/wp-json\/wp\/v2\/posts\/83853\/revisions"}],"wp:featuredmedia":[{"embeddable":true,"href":"https:\/\/vosgesinfo.fr\/saintdieinfo\/wp-json\/wp\/v2\/media\/83854"}],"wp:attachment":[{"href":"https:\/\/vosgesinfo.fr\/saintdieinfo\/wp-json\/wp\/v2\/media?parent=83853"}],"wp:term":[{"taxonomy":"category","embeddable":true,"href":"https:\/\/vosgesinfo.fr\/saintdieinfo\/wp-json\/wp\/v2\/categories?post=83853"},{"taxonomy":"post_tag","embeddable":true,"href":"https:\/\/vosgesinfo.fr\/saintdieinfo\/wp-json\/wp\/v2\/tags?post=83853"}],"curies":[{"name":"wp","href":"https:\/\/api.w.org\/{rel}","templated":true}]}}