{"id":83857,"date":"2025-10-24T09:34:02","date_gmt":"2025-10-24T07:34:02","guid":{"rendered":"https:\/\/vosgesinfo.fr\/saintdieinfo\/?p=83857"},"modified":"2025-10-24T13:08:30","modified_gmt":"2025-10-24T11:08:30","slug":"affaire-gregory-jacqueline-jacob-est-auditionnee-ce-vendredi","status":"publish","type":"post","link":"https:\/\/vosgesinfo.fr\/saintdieinfo\/2025\/10\/affaire-gregory-jacqueline-jacob-est-auditionnee-ce-vendredi\/","title":{"rendered":"Affaire Gr\u00e9gory\u00a0: Jacqueline Jacob est auditionn\u00e9e ce vendredi"},"content":{"rendered":"<div id=\"attachment_79189\" style=\"width: 810px\" class=\"wp-caption alignnone\"><a href=\"https:\/\/vosgesinfo.fr\/app\/uploads\/sites\/4\/2025\/06\/affaire-gregory.jpg\"><img decoding=\"async\" aria-describedby=\"caption-attachment-79189\" class=\"size-full wp-image-79189\" src=\"https:\/\/vosgesinfo.fr\/app\/uploads\/sites\/4\/2025\/06\/affaire-gregory.jpg\" alt=\"\" width=\"800\" height=\"534\" srcset=\"https:\/\/vosgesinfo.fr\/app\/uploads\/sites\/4\/2025\/06\/affaire-gregory.jpg 800w, https:\/\/vosgesinfo.fr\/app\/uploads\/sites\/4\/2025\/06\/affaire-gregory-300x200.jpg 300w, https:\/\/vosgesinfo.fr\/app\/uploads\/sites\/4\/2025\/06\/affaire-gregory-768x513.jpg 768w\" sizes=\"(max-width: 800px) 100vw, 800px\" \/><\/a><p id=\"caption-attachment-79189\" class=\"wp-caption-text\">Le meurtre du jeune Gr\u00e9gory Villemin, le 16 octobre 1984, reste non \u00e9lucid\u00e9 pr\u00e8s de 41 ans apr\u00e8s les faits.<\/p><\/div>\n<h2><a href=\"https:\/\/vosgesinfo.fr\/saintdieinfo\/2025\/09\/affaire-gregory-laudition-de-jacqueline-jacob-finalement-reportee\/\" target=\"_blank\" rel=\"noopener\"><strong>Jacqueline Jacob<\/strong>, <strong>81 ans<\/strong>, grand-tante de <strong>Gr\u00e9gory Villemin<\/strong>, est convoqu\u00e9e ce <strong>vendredi 24 octobre<\/strong> devant un <strong>juge d\u2019instruction de Dijon<\/strong>.<\/a> Elle pourrait \u00eatre <strong>mise en examen pour association de malfaiteurs criminelle<\/strong> dans le cadre de l\u2019enqu\u00eate sur la mort du petit gar\u00e7on retrouv\u00e9 noy\u00e9 dans la <strong>Vologne en 1984<\/strong>.<\/h2>\n<p><!--more--><\/p>\n<h3 class=\"western\"><strong>Mise en cause en 2017<\/strong><\/h3>\n<p>D\u00e9j\u00e0 <strong>mise en cause en 2017<\/strong>, puis blanchie pour vice de forme, elle est \u00e0 nouveau soup\u00e7onn\u00e9e d\u2019\u00eatre <strong>l\u2019un des corbeaux<\/strong> de l\u2019affaire. Sa <strong>voix aurait \u00e9t\u00e9 reconnue<\/strong> sur un enregistrement, et une <strong>expertise graphologique<\/strong> la d\u00e9signe comme <strong>probable auteure d\u2019une lettre de menaces<\/strong> adress\u00e9e \u00e0 la famille Villemin.<\/p>\n<h3 class=\"western\"><strong>La d\u00e9fense rejette les accusations<\/strong><\/h3>\n<p><strong>Jacqueline Jacob<\/strong> nie toute implication. L&rsquo;un de ses avocats d\u00e9nonce des <strong>\u00ab pseudo-expertises \u00bb<\/strong>. Ses avocats rappellent \u00e9galement que <strong>le procureur g\u00e9n\u00e9ral n\u2019a pas retenu de charges suppl\u00e9mentaires<\/strong> \u00e0 son encontre.<\/p>\n","protected":false},"excerpt":{"rendered":"<p>Jacqueline Jacob, 81 ans, grand-tante de Gr\u00e9gory Villemin, est convoqu\u00e9e ce vendredi 24 octobre devant un juge d\u2019instruction de Dijon. [&hellip;]<\/p>\n","protected":false},"author":46,"featured_media":79189,"comment_status":"open","ping_status":"open","sticky":false,"template":"","format":"standard","meta":{"footnotes":""},"categories":[460,25,18],"tags":[965,18120,18118,18119],"class_list":["post-83857","post","type-post","status-publish","format-standard","has-post-thumbnail","hentry","category-a-la-une","category-justice","category-vosges","tag-affaire-gregory","tag-gregory-villemin","tag-jacqueline-jacob","tag-tribunal-de-dijon"],"acf":[],"yoast_head":"<!-- This site is optimized with the Yoast SEO plugin v22.5 - https:\/\/yoast.com\/wordpress\/plugins\/seo\/ -->\n<title>Affaire Gr\u00e9gory\u00a0: Jacqueline Jacob est auditionn\u00e9e ce vendredi - Saint Die Info<\/title>\n<meta name=\"robots\" content=\"index, follow, max-snippet:-1, max-image-preview:large, max-video-preview:-1\" \/>\n<link rel=\"canonical\" href=\"https:\/\/vosgesinfo.fr\/saintdieinfo\/2025\/10\/affaire-gregory-jacqueline-jacob-est-auditionnee-ce-vendredi\/\" \/>\n<meta name=\"twitter:card\" content=\"summary_large_image\" \/>\n<meta name=\"twitter:title\" content=\"Affaire Gr\u00e9gory\u00a0: Jacqueline Jacob est auditionn\u00e9e ce vendredi - Saint Die Info\" \/>\n<meta name=\"twitter:description\" content=\"Jacqueline Jacob, 81 ans, grand-tante de Gr\u00e9gory Villemin, est convoqu\u00e9e ce vendredi 24 octobre devant un juge d\u2019instruction de Dijon. [&hellip;]\" \/>\n<meta name=\"twitter:image\" content=\"https:\/\/vosgesinfo.fr\/app\/uploads\/sites\/4\/2025\/06\/affaire-gregory.jpg\" \/>\n<meta name=\"twitter:creator\" content=\"@VosgesInfo88\" \/>\n<meta name=\"twitter:site\" content=\"@VosgesInfo88\" \/>\n<meta name=\"twitter:label1\" content=\"\u00c9crit par\" \/>\n\t<meta name=\"twitter:data1\" content=\"J.J.\" \/>\n\t<meta name=\"twitter:label2\" content=\"Dur\u00e9e de lecture estim\u00e9e\" \/>\n\t<meta name=\"twitter:data2\" content=\"2 minutes\" \/>\n<script type=\"application\/ld+json\" class=\"yoast-schema-graph\">{\"@context\":\"https:\/\/schema.org\",\"@graph\":[{\"@type\":\"Article\",\"@id\":\"https:\/\/vosgesinfo.fr\/saintdieinfo\/2025\/10\/affaire-gregory-jacqueline-jacob-est-auditionnee-ce-vendredi\/#article\",\"isPartOf\":{\"@id\":\"https:\/\/vosgesinfo.fr\/saintdieinfo\/2025\/10\/affaire-gregory-jacqueline-jacob-est-auditionnee-ce-vendredi\/\"},\"author\":{\"name\":\"J.J.\",\"@id\":\"https:\/\/vosgesinfo.fr\/saintdieinfo\/#\/schema\/person\/fa73e9f726d67bb88f46d5b7943cb572\"},\"headline\":\"Affaire Gr\u00e9gory\u00a0: Jacqueline Jacob est auditionn\u00e9e ce vendredi\",\"datePublished\":\"2025-10-24T07:34:02+00:00\",\"dateModified\":\"2025-10-24T11:08:30+00:00\",\"mainEntityOfPage\":{\"@id\":\"https:\/\/vosgesinfo.fr\/saintdieinfo\/2025\/10\/affaire-gregory-jacqueline-jacob-est-auditionnee-ce-vendredi\/\"},\"wordCount\":188,\"commentCount\":0,\"publisher\":{\"@id\":\"https:\/\/vosgesinfo.fr\/saintdieinfo\/#organization\"},\"image\":{\"@id\":\"https:\/\/vosgesinfo.fr\/saintdieinfo\/2025\/10\/affaire-gregory-jacqueline-jacob-est-auditionnee-ce-vendredi\/#primaryimage\"},\"thumbnailUrl\":\"https:\/\/vosgesinfo.fr\/app\/uploads\/sites\/4\/2025\/06\/affaire-gregory.jpg\",\"keywords\":[\"Affaire Gr\u00e9gory\",\"Gr\u00e9gory Villemin\",\"Jacqueline Jacob\",\"Tribunal de Dijon\"],\"articleSection\":[\"A la Une\",\"Justice\",\"Vosges\"],\"inLanguage\":\"fr-FR\",\"potentialAction\":[{\"@type\":\"CommentAction\",\"name\":\"Comment\",\"target\":[\"https:\/\/vosgesinfo.fr\/saintdieinfo\/2025\/10\/affaire-gregory-jacqueline-jacob-est-auditionnee-ce-vendredi\/#respond\"]}]},{\"@type\":\"WebPage\",\"@id\":\"https:\/\/vosgesinfo.fr\/saintdieinfo\/2025\/10\/affaire-gregory-jacqueline-jacob-est-auditionnee-ce-vendredi\/\",\"url\":\"https:\/\/vosgesinfo.fr\/saintdieinfo\/2025\/10\/affaire-gregory-jacqueline-jacob-est-auditionnee-ce-vendredi\/\",\"name\":\"Affaire Gr\u00e9gory\u00a0: Jacqueline Jacob est auditionn\u00e9e ce vendredi - Saint Die Info\",\"isPartOf\":{\"@id\":\"https:\/\/vosgesinfo.fr\/saintdieinfo\/#website\"},\"primaryImageOfPage\":{\"@id\":\"https:\/\/vosgesinfo.fr\/saintdieinfo\/2025\/10\/affaire-gregory-jacqueline-jacob-est-auditionnee-ce-vendredi\/#primaryimage\"},\"image\":{\"@id\":\"https:\/\/vosgesinfo.fr\/saintdieinfo\/2025\/10\/affaire-gregory-jacqueline-jacob-est-auditionnee-ce-vendredi\/#primaryimage\"},\"thumbnailUrl\":\"https:\/\/vosgesinfo.fr\/app\/uploads\/sites\/4\/2025\/06\/affaire-gregory.jpg\",\"datePublished\":\"2025-10-24T07:34:02+00:00\",\"dateModified\":\"2025-10-24T11:08:30+00:00\",\"breadcrumb\":{\"@id\":\"https:\/\/vosgesinfo.fr\/saintdieinfo\/2025\/10\/affaire-gregory-jacqueline-jacob-est-auditionnee-ce-vendredi\/#breadcrumb\"},\"inLanguage\":\"fr-FR\",\"potentialAction\":[{\"@type\":\"ReadAction\",\"target\":[\"https:\/\/vosgesinfo.fr\/saintdieinfo\/2025\/10\/affaire-gregory-jacqueline-jacob-est-auditionnee-ce-vendredi\/\"]}]},{\"@type\":\"ImageObject\",\"inLanguage\":\"fr-FR\",\"@id\":\"https:\/\/vosgesinfo.fr\/saintdieinfo\/2025\/10\/affaire-gregory-jacqueline-jacob-est-auditionnee-ce-vendredi\/#primaryimage\",\"url\":\"https:\/\/vosgesinfo.fr\/app\/uploads\/sites\/4\/2025\/06\/affaire-gregory.jpg\",\"contentUrl\":\"https:\/\/vosgesinfo.fr\/app\/uploads\/sites\/4\/2025\/06\/affaire-gregory.jpg\",\"width\":800,\"height\":534,\"caption\":\"Le meurtre du jeune Gr\u00e9gory Villemin, le 16 octobre 1984, reste non \u00e9lucid\u00e9 pr\u00e8s de 41 ans apr\u00e8s les faits.\"},{\"@type\":\"BreadcrumbList\",\"@id\":\"https:\/\/vosgesinfo.fr\/saintdieinfo\/2025\/10\/affaire-gregory-jacqueline-jacob-est-auditionnee-ce-vendredi\/#breadcrumb\",\"itemListElement\":[{\"@type\":\"ListItem\",\"position\":1,\"name\":\"Home\",\"item\":\"https:\/\/vosgesinfo.fr\/saintdieinfo\/\"},{\"@type\":\"ListItem\",\"position\":2,\"name\":\"Affaire Gr\u00e9gory\u00a0: Jacqueline Jacob est auditionn\u00e9e ce vendredi\"}]},{\"@type\":\"WebSite\",\"@id\":\"https:\/\/vosgesinfo.fr\/saintdieinfo\/#website\",\"url\":\"https:\/\/vosgesinfo.fr\/saintdieinfo\/\",\"name\":\"Saint Die Info\",\"description\":\"Toute l&#039;actualit\u00e9 de Saint-Di\u00e9-Des-Vosges\",\"publisher\":{\"@id\":\"https:\/\/vosgesinfo.fr\/saintdieinfo\/#organization\"},\"alternateName\":\"Toute l'actualit\u00e9 de Saint-Di\u00e9-Des-Vosges\",\"potentialAction\":[{\"@type\":\"SearchAction\",\"target\":{\"@type\":\"EntryPoint\",\"urlTemplate\":\"https:\/\/vosgesinfo.fr\/saintdieinfo\/?s={search_term_string}\"},\"query-input\":\"required name=search_term_string\"}],\"inLanguage\":\"fr-FR\"},{\"@type\":\"Organization\",\"@id\":\"https:\/\/vosgesinfo.fr\/saintdieinfo\/#organization\",\"name\":\"Saint Die Info\",\"url\":\"https:\/\/vosgesinfo.fr\/saintdieinfo\/\",\"logo\":{\"@type\":\"ImageObject\",\"inLanguage\":\"fr-FR\",\"@id\":\"https:\/\/vosgesinfo.fr\/saintdieinfo\/#\/schema\/logo\/image\/\",\"url\":\"https:\/\/vosgesinfo.fr\/app\/uploads\/sites\/4\/2024\/02\/logo-sdi.jpg\",\"contentUrl\":\"https:\/\/vosgesinfo.fr\/app\/uploads\/sites\/4\/2024\/02\/logo-sdi.jpg\",\"width\":600,\"height\":600,\"caption\":\"Saint Die Info\"},\"image\":{\"@id\":\"https:\/\/vosgesinfo.fr\/saintdieinfo\/#\/schema\/logo\/image\/\"},\"sameAs\":[\"https:\/\/www.facebook.com\/Saintdieinfofr\",\"https:\/\/x.com\/VosgesInfo88\",\"https:\/\/www.youtube.com\/@vosgesinfo\"]},{\"@type\":\"Person\",\"@id\":\"https:\/\/vosgesinfo.fr\/saintdieinfo\/#\/schema\/person\/fa73e9f726d67bb88f46d5b7943cb572\",\"name\":\"J.J.\",\"image\":{\"@type\":\"ImageObject\",\"inLanguage\":\"fr-FR\",\"@id\":\"https:\/\/vosgesinfo.fr\/saintdieinfo\/#\/schema\/person\/image\/\",\"url\":\"https:\/\/secure.gravatar.com\/avatar\/219e749e47ffbcca018a360ae4add7d4cdf1cdaaf8bc7676b27efade3fe65615?s=96&d=mm&r=g\",\"contentUrl\":\"https:\/\/secure.gravatar.com\/avatar\/219e749e47ffbcca018a360ae4add7d4cdf1cdaaf8bc7676b27efade3fe65615?s=96&d=mm&r=g\",\"caption\":\"J.J.\"},\"url\":\"https:\/\/vosgesinfo.fr\/saintdieinfo\/author\/j-j\/\"}]}<\/script>\n<!-- \/ Yoast SEO plugin. -->","yoast_head_json":{"title":"Affaire Gr\u00e9gory\u00a0: Jacqueline Jacob est auditionn\u00e9e ce vendredi - Saint Die Info","robots":{"index":"index","follow":"follow","max-snippet":"max-snippet:-1","max-image-preview":"max-image-preview:large","max-video-preview":"max-video-preview:-1"},"canonical":"https:\/\/vosgesinfo.fr\/saintdieinfo\/2025\/10\/affaire-gregory-jacqueline-jacob-est-auditionnee-ce-vendredi\/","twitter_card":"summary_large_image","twitter_title":"Affaire Gr\u00e9gory\u00a0: Jacqueline Jacob est auditionn\u00e9e ce vendredi - Saint Die Info","twitter_description":"Jacqueline Jacob, 81 ans, grand-tante de Gr\u00e9gory Villemin, est convoqu\u00e9e ce vendredi 24 octobre devant un juge d\u2019instruction de Dijon. [&hellip;]","twitter_image":"https:\/\/vosgesinfo.fr\/app\/uploads\/sites\/4\/2025\/06\/affaire-gregory.jpg","twitter_creator":"@VosgesInfo88","twitter_site":"@VosgesInfo88","twitter_misc":{"\u00c9crit par":"J.J.","Dur\u00e9e de lecture estim\u00e9e":"2 minutes"},"schema":{"@context":"https:\/\/schema.org","@graph":[{"@type":"Article","@id":"https:\/\/vosgesinfo.fr\/saintdieinfo\/2025\/10\/affaire-gregory-jacqueline-jacob-est-auditionnee-ce-vendredi\/#article","isPartOf":{"@id":"https:\/\/vosgesinfo.fr\/saintdieinfo\/2025\/10\/affaire-gregory-jacqueline-jacob-est-auditionnee-ce-vendredi\/"},"author":{"name":"J.J.","@id":"https:\/\/vosgesinfo.fr\/saintdieinfo\/#\/schema\/person\/fa73e9f726d67bb88f46d5b7943cb572"},"headline":"Affaire Gr\u00e9gory\u00a0: Jacqueline Jacob est auditionn\u00e9e ce vendredi","datePublished":"2025-10-24T07:34:02+00:00","dateModified":"2025-10-24T11:08:30+00:00","mainEntityOfPage":{"@id":"https:\/\/vosgesinfo.fr\/saintdieinfo\/2025\/10\/affaire-gregory-jacqueline-jacob-est-auditionnee-ce-vendredi\/"},"wordCount":188,"commentCount":0,"publisher":{"@id":"https:\/\/vosgesinfo.fr\/saintdieinfo\/#organization"},"image":{"@id":"https:\/\/vosgesinfo.fr\/saintdieinfo\/2025\/10\/affaire-gregory-jacqueline-jacob-est-auditionnee-ce-vendredi\/#primaryimage"},"thumbnailUrl":"https:\/\/vosgesinfo.fr\/app\/uploads\/sites\/4\/2025\/06\/affaire-gregory.jpg","keywords":["Affaire Gr\u00e9gory","Gr\u00e9gory Villemin","Jacqueline Jacob","Tribunal de Dijon"],"articleSection":["A la Une","Justice","Vosges"],"inLanguage":"fr-FR","potentialAction":[{"@type":"CommentAction","name":"Comment","target":["https:\/\/vosgesinfo.fr\/saintdieinfo\/2025\/10\/affaire-gregory-jacqueline-jacob-est-auditionnee-ce-vendredi\/#respond"]}]},{"@type":"WebPage","@id":"https:\/\/vosgesinfo.fr\/saintdieinfo\/2025\/10\/affaire-gregory-jacqueline-jacob-est-auditionnee-ce-vendredi\/","url":"https:\/\/vosgesinfo.fr\/saintdieinfo\/2025\/10\/affaire-gregory-jacqueline-jacob-est-auditionnee-ce-vendredi\/","name":"Affaire Gr\u00e9gory\u00a0: Jacqueline Jacob est auditionn\u00e9e ce vendredi - Saint Die Info","isPartOf":{"@id":"https:\/\/vosgesinfo.fr\/saintdieinfo\/#website"},"primaryImageOfPage":{"@id":"https:\/\/vosgesinfo.fr\/saintdieinfo\/2025\/10\/affaire-gregory-jacqueline-jacob-est-auditionnee-ce-vendredi\/#primaryimage"},"image":{"@id":"https:\/\/vosgesinfo.fr\/saintdieinfo\/2025\/10\/affaire-gregory-jacqueline-jacob-est-auditionnee-ce-vendredi\/#primaryimage"},"thumbnailUrl":"https:\/\/vosgesinfo.fr\/app\/uploads\/sites\/4\/2025\/06\/affaire-gregory.jpg","datePublished":"2025-10-24T07:34:02+00:00","dateModified":"2025-10-24T11:08:30+00:00","breadcrumb":{"@id":"https:\/\/vosgesinfo.fr\/saintdieinfo\/2025\/10\/affaire-gregory-jacqueline-jacob-est-auditionnee-ce-vendredi\/#breadcrumb"},"inLanguage":"fr-FR","potentialAction":[{"@type":"ReadAction","target":["https:\/\/vosgesinfo.fr\/saintdieinfo\/2025\/10\/affaire-gregory-jacqueline-jacob-est-auditionnee-ce-vendredi\/"]}]},{"@type":"ImageObject","inLanguage":"fr-FR","@id":"https:\/\/vosgesinfo.fr\/saintdieinfo\/2025\/10\/affaire-gregory-jacqueline-jacob-est-auditionnee-ce-vendredi\/#primaryimage","url":"https:\/\/vosgesinfo.fr\/app\/uploads\/sites\/4\/2025\/06\/affaire-gregory.jpg","contentUrl":"https:\/\/vosgesinfo.fr\/app\/uploads\/sites\/4\/2025\/06\/affaire-gregory.jpg","width":800,"height":534,"caption":"Le meurtre du jeune Gr\u00e9gory Villemin, le 16 octobre 1984, reste non \u00e9lucid\u00e9 pr\u00e8s de 41 ans apr\u00e8s les faits."},{"@type":"BreadcrumbList","@id":"https:\/\/vosgesinfo.fr\/saintdieinfo\/2025\/10\/affaire-gregory-jacqueline-jacob-est-auditionnee-ce-vendredi\/#breadcrumb","itemListElement":[{"@type":"ListItem","position":1,"name":"Home","item":"https:\/\/vosgesinfo.fr\/saintdieinfo\/"},{"@type":"ListItem","position":2,"name":"Affaire Gr\u00e9gory\u00a0: Jacqueline Jacob est auditionn\u00e9e ce vendredi"}]},{"@type":"WebSite","@id":"https:\/\/vosgesinfo.fr\/saintdieinfo\/#website","url":"https:\/\/vosgesinfo.fr\/saintdieinfo\/","name":"Saint Die Info","description":"Toute l&#039;actualit\u00e9 de Saint-Di\u00e9-Des-Vosges","publisher":{"@id":"https:\/\/vosgesinfo.fr\/saintdieinfo\/#organization"},"alternateName":"Toute l'actualit\u00e9 de Saint-Di\u00e9-Des-Vosges","potentialAction":[{"@type":"SearchAction","target":{"@type":"EntryPoint","urlTemplate":"https:\/\/vosgesinfo.fr\/saintdieinfo\/?s={search_term_string}"},"query-input":"required name=search_term_string"}],"inLanguage":"fr-FR"},{"@type":"Organization","@id":"https:\/\/vosgesinfo.fr\/saintdieinfo\/#organization","name":"Saint Die Info","url":"https:\/\/vosgesinfo.fr\/saintdieinfo\/","logo":{"@type":"ImageObject","inLanguage":"fr-FR","@id":"https:\/\/vosgesinfo.fr\/saintdieinfo\/#\/schema\/logo\/image\/","url":"https:\/\/vosgesinfo.fr\/app\/uploads\/sites\/4\/2024\/02\/logo-sdi.jpg","contentUrl":"https:\/\/vosgesinfo.fr\/app\/uploads\/sites\/4\/2024\/02\/logo-sdi.jpg","width":600,"height":600,"caption":"Saint Die Info"},"image":{"@id":"https:\/\/vosgesinfo.fr\/saintdieinfo\/#\/schema\/logo\/image\/"},"sameAs":["https:\/\/www.facebook.com\/Saintdieinfofr","https:\/\/x.com\/VosgesInfo88","https:\/\/www.youtube.com\/@vosgesinfo"]},{"@type":"Person","@id":"https:\/\/vosgesinfo.fr\/saintdieinfo\/#\/schema\/person\/fa73e9f726d67bb88f46d5b7943cb572","name":"J.J.","image":{"@type":"ImageObject","inLanguage":"fr-FR","@id":"https:\/\/vosgesinfo.fr\/saintdieinfo\/#\/schema\/person\/image\/","url":"https:\/\/secure.gravatar.com\/avatar\/219e749e47ffbcca018a360ae4add7d4cdf1cdaaf8bc7676b27efade3fe65615?s=96&d=mm&r=g","contentUrl":"https:\/\/secure.gravatar.com\/avatar\/219e749e47ffbcca018a360ae4add7d4cdf1cdaaf8bc7676b27efade3fe65615?s=96&d=mm&r=g","caption":"J.J."},"url":"https:\/\/vosgesinfo.fr\/saintdieinfo\/author\/j-j\/"}]}},"_links":{"self":[{"href":"https:\/\/vosgesinfo.fr\/saintdieinfo\/wp-json\/wp\/v2\/posts\/83857","targetHints":{"allow":["GET"]}}],"collection":[{"href":"https:\/\/vosgesinfo.fr\/saintdieinfo\/wp-json\/wp\/v2\/posts"}],"about":[{"href":"https:\/\/vosgesinfo.fr\/saintdieinfo\/wp-json\/wp\/v2\/types\/post"}],"author":[{"embeddable":true,"href":"https:\/\/vosgesinfo.fr\/saintdieinfo\/wp-json\/wp\/v2\/users\/46"}],"replies":[{"embeddable":true,"href":"https:\/\/vosgesinfo.fr\/saintdieinfo\/wp-json\/wp\/v2\/comments?post=83857"}],"version-history":[{"count":3,"href":"https:\/\/vosgesinfo.fr\/saintdieinfo\/wp-json\/wp\/v2\/posts\/83857\/revisions"}],"predecessor-version":[{"id":83868,"href":"https:\/\/vosgesinfo.fr\/saintdieinfo\/wp-json\/wp\/v2\/posts\/83857\/revisions\/83868"}],"wp:featuredmedia":[{"embeddable":true,"href":"https:\/\/vosgesinfo.fr\/saintdieinfo\/wp-json\/wp\/v2\/media\/79189"}],"wp:attachment":[{"href":"https:\/\/vosgesinfo.fr\/saintdieinfo\/wp-json\/wp\/v2\/media?parent=83857"}],"wp:term":[{"taxonomy":"category","embeddable":true,"href":"https:\/\/vosgesinfo.fr\/saintdieinfo\/wp-json\/wp\/v2\/categories?post=83857"},{"taxonomy":"post_tag","embeddable":true,"href":"https:\/\/vosgesinfo.fr\/saintdieinfo\/wp-json\/wp\/v2\/tags?post=83857"}],"curies":[{"name":"wp","href":"https:\/\/api.w.org\/{rel}","templated":true}]}}