{"id":83859,"date":"2025-10-24T10:44:24","date_gmt":"2025-10-24T08:44:24","guid":{"rendered":"https:\/\/vosgesinfo.fr\/saintdieinfo\/?p=83859"},"modified":"2025-10-24T10:39:57","modified_gmt":"2025-10-24T08:39:57","slug":"mobilisation-a-saint-die-des-vosges-pour-que-naomie-et-ses-filles-obtiennent-un-titre-de-sejour","status":"publish","type":"post","link":"https:\/\/vosgesinfo.fr\/saintdieinfo\/2025\/10\/mobilisation-a-saint-die-des-vosges-pour-que-naomie-et-ses-filles-obtiennent-un-titre-de-sejour\/","title":{"rendered":"Mobilisation \u00e0 Saint-Di\u00e9-des-Vosges pour que Naomie et ses filles obtiennent un titre de s\u00e9jour"},"content":{"rendered":"<div id=\"attachment_83860\" style=\"width: 1034px\" class=\"wp-caption alignnone\"><a href=\"https:\/\/vosgesinfo.fr\/app\/uploads\/sites\/4\/2025\/10\/ldh-mobilisation-naomie-1.jpg\"><img decoding=\"async\" aria-describedby=\"caption-attachment-83860\" class=\"size-large wp-image-83860\" src=\"https:\/\/vosgesinfo.fr\/app\/uploads\/sites\/4\/2025\/10\/ldh-mobilisation-naomie-1-1024x517.jpg\" alt=\"\" width=\"1024\" height=\"517\" srcset=\"https:\/\/vosgesinfo.fr\/app\/uploads\/sites\/4\/2025\/10\/ldh-mobilisation-naomie-1-1024x517.jpg 1024w, https:\/\/vosgesinfo.fr\/app\/uploads\/sites\/4\/2025\/10\/ldh-mobilisation-naomie-1-300x151.jpg 300w, https:\/\/vosgesinfo.fr\/app\/uploads\/sites\/4\/2025\/10\/ldh-mobilisation-naomie-1-768x388.jpg 768w, https:\/\/vosgesinfo.fr\/app\/uploads\/sites\/4\/2025\/10\/ldh-mobilisation-naomie-1-1536x775.jpg 1536w, https:\/\/vosgesinfo.fr\/app\/uploads\/sites\/4\/2025\/10\/ldh-mobilisation-naomie-1.jpg 1799w\" sizes=\"(max-width: 1024px) 100vw, 1024px\" \/><\/a><p id=\"caption-attachment-83860\" class=\"wp-caption-text\">(Photographies antenne de Saint-Di\u00e9-des-Vosges de la Ligue des Droits de l&rsquo;Homme)<\/p><\/div>\n<h2>La <strong>Ligue des Droits de l\u2019Homme \u2013\u00a0 LDH \u2013 de Saint-Di\u00e9-des-Vosges<\/strong> se mobilise en faveur de <strong>Naomie Ndoungi<\/strong>, arriv\u00e9e en France il y a <strong>deux ans avec ses deux filles<\/strong>.\u00a0 Elle est aujourd&rsquo;hui sous le coup d&rsquo;une <strong>Obligation de Quitter le Territoire Fran\u00e7ais<\/strong> \u2013 OQTF. Lanc\u00e9e ces derniers jours, <strong>une p\u00e9tition pour qu&rsquo;elle obtienne un titre de s\u00e9jour<\/strong> a d\u00e9j\u00e0 recueilli <strong>plus de 400 signatures<\/strong> (<a href=\"https:\/\/www.change.org\/p\/un-titre-de-s%C3%A9jour-pour-naomie\" target=\"_blank\" rel=\"noopener\">cliquer ici pour y acc\u00e9der<\/a>).<\/h2>\n<p><!--more--><\/p>\n<h3><strong>Une m\u00e8re et ses filles menac\u00e9es d\u2019expulsion<\/strong><\/h3>\n<p><strong>Naomie<\/strong>, originaire des <strong>deux Congos<\/strong>, a connu un parcours marqu\u00e9 par la <strong>violence et l\u2019exil<\/strong>. Ses <strong>filles sont scolaris\u00e9es au coll\u00e8ge et au lyc\u00e9e Jules-Ferry<\/strong>, o\u00f9 elles b\u00e9n\u00e9ficient du soutien de la communaut\u00e9 \u00e9ducative. Comme le soulignent la LDH, \u00ab\u00a0<strong>Naomie Ndoungi est b\u00e9n\u00e9vole dans plusieurs structures \u00e0 Saint-Di\u00e9-des-Vosges<\/strong> et <strong>participe activement \u00e0 la vie locale<\/strong>.\u00a0\u00bb<\/p>\n<p>Apr\u00e8s l\u2019ordre de <strong>quitter leur h\u00e9bergement \u00e0 Coallia<\/strong>, transmis par les <strong>services de la Pr\u00e9fecture<\/strong> selon la LDH, la famille se retrouve sans solution de logement. Le <strong>SAMU social<\/strong> indique ne pas disposer de place, une affirmation <strong>contest\u00e9e par les militants de la Ligue des Droits de l\u2019Homme<\/strong>.<\/p>\n<h3><strong>Mobilisation sous la Tour de la Libert\u00e9<\/strong><\/h3>\n<p>Ce lundi 20 octobre, <strong>une mobilisation \u00e9tait organis\u00e9e sous la Tour de la Libert\u00e9 afin de soutenir Naomie Ndoungi et ses filles<\/strong>. Durant ce rassemblement, <strong>une famille s\u2019est propos\u00e9e pour les h\u00e9berger<\/strong>, et <strong>une lettre adress\u00e9e \u00e0 la Pr\u00e9f\u00e8te des Vosges<\/strong> a \u00e9t\u00e9 d\u00e9pos\u00e9e \u00e0 la Sous-Pr\u00e9fecture de Saint-Di\u00e9-des-Vosges, demandant <strong>l\u2019octroi d\u2019un titre de s\u00e9jour<\/strong>.<\/p>\n<p>Outre <strong>l\u2019antenne d\u00e9odatienne de la Ligue des Droits de l\u2019Homme<\/strong>, cette action de soutien b\u00e9n\u00e9ficie du relais de plusieurs associations et organisations locales, dont <strong>Asilaccueil88<\/strong>, le <strong>Secours Catholique<\/strong>, l\u2019<strong>\u00c9quipe citoyenne Monalisa de Saint-Di\u00e9<\/strong>, le <strong>Parti Communiste Fran\u00e7ais<\/strong>, <strong>La France Insoumise \u2013 section d\u00e9odatienne<\/strong>, <strong>ATTAC88<\/strong>, la <strong>FSU<\/strong>, <strong>Artisans du Monde<\/strong>, l\u2019<strong>ACAT<\/strong> et le <strong>groupe Amnesty International de Saint-Di\u00e9-des-Vosges<\/strong>.<\/p>\n<p><a href=\"https:\/\/vosgesinfo.fr\/app\/uploads\/sites\/4\/2025\/10\/ldh-mobilisation-naomie-2.jpg\"><img decoding=\"async\" class=\"alignnone size-large wp-image-83861\" src=\"https:\/\/vosgesinfo.fr\/app\/uploads\/sites\/4\/2025\/10\/ldh-mobilisation-naomie-2-683x1024.jpg\" alt=\"\" width=\"683\" height=\"1024\" srcset=\"https:\/\/vosgesinfo.fr\/app\/uploads\/sites\/4\/2025\/10\/ldh-mobilisation-naomie-2-683x1024.jpg 683w, https:\/\/vosgesinfo.fr\/app\/uploads\/sites\/4\/2025\/10\/ldh-mobilisation-naomie-2-200x300.jpg 200w, https:\/\/vosgesinfo.fr\/app\/uploads\/sites\/4\/2025\/10\/ldh-mobilisation-naomie-2.jpg 720w\" sizes=\"(max-width: 683px) 100vw, 683px\" \/><\/a><\/p>\n","protected":false},"excerpt":{"rendered":"<p>La Ligue des Droits de l\u2019Homme \u2013\u00a0 LDH \u2013 de Saint-Di\u00e9-des-Vosges se mobilise en faveur de Naomie Ndoungi, arriv\u00e9e en [&hellip;]<\/p>\n","protected":false},"author":46,"featured_media":83860,"comment_status":"open","ping_status":"open","sticky":false,"template":"","format":"standard","meta":{"footnotes":""},"categories":[460,167,29],"tags":[18535,4571,18538,18534,18537,550,18536],"class_list":["post-83859","post","type-post","status-publish","format-standard","has-post-thumbnail","hentry","category-a-la-une","category-saint-die-des-vosges","category-solidarite","tag-antenne-de-saint-die-des-vosges-de-la-ligue-des-droits-de-lhomme","tag-ligue-des-droits-de-lhomme","tag-mobilisation-a-saint-die-des-vosges-pour-que-naomie-et-ses-filles-obtiennent-un-titre-de-sejour","tag-naomie-ndoungi","tag-oqtf","tag-prefecture-des-vosges","tag-titre-de-sejour"],"acf":[],"yoast_head":"<!-- This site is optimized with the Yoast SEO plugin v22.5 - https:\/\/yoast.com\/wordpress\/plugins\/seo\/ -->\n<title>Mobilisation \u00e0 Saint-Di\u00e9-des-Vosges pour que Naomie et ses filles obtiennent un titre de s\u00e9jour - Saint Die Info<\/title>\n<meta name=\"robots\" content=\"index, follow, max-snippet:-1, max-image-preview:large, max-video-preview:-1\" \/>\n<link rel=\"canonical\" href=\"https:\/\/vosgesinfo.fr\/saintdieinfo\/2025\/10\/mobilisation-a-saint-die-des-vosges-pour-que-naomie-et-ses-filles-obtiennent-un-titre-de-sejour\/\" \/>\n<meta name=\"twitter:card\" content=\"summary_large_image\" \/>\n<meta name=\"twitter:title\" content=\"Mobilisation \u00e0 Saint-Di\u00e9-des-Vosges pour que Naomie et ses filles obtiennent un titre de s\u00e9jour - Saint Die Info\" \/>\n<meta name=\"twitter:description\" content=\"La Ligue des Droits de l\u2019Homme \u2013\u00a0 LDH \u2013 de Saint-Di\u00e9-des-Vosges se mobilise en faveur de Naomie Ndoungi, arriv\u00e9e en [&hellip;]\" \/>\n<meta name=\"twitter:image\" content=\"https:\/\/vosgesinfo.fr\/app\/uploads\/sites\/4\/2025\/10\/ldh-mobilisation-naomie-1.jpg\" \/>\n<meta name=\"twitter:creator\" content=\"@VosgesInfo88\" \/>\n<meta name=\"twitter:site\" content=\"@VosgesInfo88\" \/>\n<meta name=\"twitter:label1\" content=\"\u00c9crit par\" \/>\n\t<meta name=\"twitter:data1\" content=\"J.J.\" \/>\n\t<meta name=\"twitter:label2\" content=\"Dur\u00e9e de lecture estim\u00e9e\" \/>\n\t<meta name=\"twitter:data2\" content=\"3 minutes\" \/>\n<script type=\"application\/ld+json\" class=\"yoast-schema-graph\">{\"@context\":\"https:\/\/schema.org\",\"@graph\":[{\"@type\":\"Article\",\"@id\":\"https:\/\/vosgesinfo.fr\/saintdieinfo\/2025\/10\/mobilisation-a-saint-die-des-vosges-pour-que-naomie-et-ses-filles-obtiennent-un-titre-de-sejour\/#article\",\"isPartOf\":{\"@id\":\"https:\/\/vosgesinfo.fr\/saintdieinfo\/2025\/10\/mobilisation-a-saint-die-des-vosges-pour-que-naomie-et-ses-filles-obtiennent-un-titre-de-sejour\/\"},\"author\":{\"name\":\"J.J.\",\"@id\":\"https:\/\/vosgesinfo.fr\/saintdieinfo\/#\/schema\/person\/fa73e9f726d67bb88f46d5b7943cb572\"},\"headline\":\"Mobilisation \u00e0 Saint-Di\u00e9-des-Vosges pour que Naomie et ses filles obtiennent un titre de s\u00e9jour\",\"datePublished\":\"2025-10-24T08:44:24+00:00\",\"dateModified\":\"2025-10-24T08:39:57+00:00\",\"mainEntityOfPage\":{\"@id\":\"https:\/\/vosgesinfo.fr\/saintdieinfo\/2025\/10\/mobilisation-a-saint-die-des-vosges-pour-que-naomie-et-ses-filles-obtiennent-un-titre-de-sejour\/\"},\"wordCount\":377,\"commentCount\":1,\"publisher\":{\"@id\":\"https:\/\/vosgesinfo.fr\/saintdieinfo\/#organization\"},\"image\":{\"@id\":\"https:\/\/vosgesinfo.fr\/saintdieinfo\/2025\/10\/mobilisation-a-saint-die-des-vosges-pour-que-naomie-et-ses-filles-obtiennent-un-titre-de-sejour\/#primaryimage\"},\"thumbnailUrl\":\"https:\/\/vosgesinfo.fr\/app\/uploads\/sites\/4\/2025\/10\/ldh-mobilisation-naomie-1.jpg\",\"keywords\":[\"Antenne de Saint-DI\u00e9-des-Vosges de la Ligue des Droits de l'Homme\",\"Ligue des Droits de l'Homme\",\"Mobilisation \u00e0 Saint-Di\u00e9-des-Vosges pour que Naomie et ses filles obtiennent un titre de s\u00e9jour\",\"Naomie Ndoungi\",\"OQTF\",\"pr\u00e9fecture des Vosges\",\"Titre de s\u00e9jour\"],\"articleSection\":[\"A la Une\",\"Saint-Di\u00e9-des-Vosges\",\"Solidarit\u00e9\"],\"inLanguage\":\"fr-FR\",\"potentialAction\":[{\"@type\":\"CommentAction\",\"name\":\"Comment\",\"target\":[\"https:\/\/vosgesinfo.fr\/saintdieinfo\/2025\/10\/mobilisation-a-saint-die-des-vosges-pour-que-naomie-et-ses-filles-obtiennent-un-titre-de-sejour\/#respond\"]}]},{\"@type\":\"WebPage\",\"@id\":\"https:\/\/vosgesinfo.fr\/saintdieinfo\/2025\/10\/mobilisation-a-saint-die-des-vosges-pour-que-naomie-et-ses-filles-obtiennent-un-titre-de-sejour\/\",\"url\":\"https:\/\/vosgesinfo.fr\/saintdieinfo\/2025\/10\/mobilisation-a-saint-die-des-vosges-pour-que-naomie-et-ses-filles-obtiennent-un-titre-de-sejour\/\",\"name\":\"Mobilisation \u00e0 Saint-Di\u00e9-des-Vosges pour que Naomie et ses filles obtiennent un titre de s\u00e9jour - Saint Die Info\",\"isPartOf\":{\"@id\":\"https:\/\/vosgesinfo.fr\/saintdieinfo\/#website\"},\"primaryImageOfPage\":{\"@id\":\"https:\/\/vosgesinfo.fr\/saintdieinfo\/2025\/10\/mobilisation-a-saint-die-des-vosges-pour-que-naomie-et-ses-filles-obtiennent-un-titre-de-sejour\/#primaryimage\"},\"image\":{\"@id\":\"https:\/\/vosgesinfo.fr\/saintdieinfo\/2025\/10\/mobilisation-a-saint-die-des-vosges-pour-que-naomie-et-ses-filles-obtiennent-un-titre-de-sejour\/#primaryimage\"},\"thumbnailUrl\":\"https:\/\/vosgesinfo.fr\/app\/uploads\/sites\/4\/2025\/10\/ldh-mobilisation-naomie-1.jpg\",\"datePublished\":\"2025-10-24T08:44:24+00:00\",\"dateModified\":\"2025-10-24T08:39:57+00:00\",\"breadcrumb\":{\"@id\":\"https:\/\/vosgesinfo.fr\/saintdieinfo\/2025\/10\/mobilisation-a-saint-die-des-vosges-pour-que-naomie-et-ses-filles-obtiennent-un-titre-de-sejour\/#breadcrumb\"},\"inLanguage\":\"fr-FR\",\"potentialAction\":[{\"@type\":\"ReadAction\",\"target\":[\"https:\/\/vosgesinfo.fr\/saintdieinfo\/2025\/10\/mobilisation-a-saint-die-des-vosges-pour-que-naomie-et-ses-filles-obtiennent-un-titre-de-sejour\/\"]}]},{\"@type\":\"ImageObject\",\"inLanguage\":\"fr-FR\",\"@id\":\"https:\/\/vosgesinfo.fr\/saintdieinfo\/2025\/10\/mobilisation-a-saint-die-des-vosges-pour-que-naomie-et-ses-filles-obtiennent-un-titre-de-sejour\/#primaryimage\",\"url\":\"https:\/\/vosgesinfo.fr\/app\/uploads\/sites\/4\/2025\/10\/ldh-mobilisation-naomie-1.jpg\",\"contentUrl\":\"https:\/\/vosgesinfo.fr\/app\/uploads\/sites\/4\/2025\/10\/ldh-mobilisation-naomie-1.jpg\",\"width\":1799,\"height\":908,\"caption\":\"(Photographies antenne de Saint-Di\u00e9-des-Vosges de la Ligue des Droits de l'Homme)\"},{\"@type\":\"BreadcrumbList\",\"@id\":\"https:\/\/vosgesinfo.fr\/saintdieinfo\/2025\/10\/mobilisation-a-saint-die-des-vosges-pour-que-naomie-et-ses-filles-obtiennent-un-titre-de-sejour\/#breadcrumb\",\"itemListElement\":[{\"@type\":\"ListItem\",\"position\":1,\"name\":\"Home\",\"item\":\"https:\/\/vosgesinfo.fr\/saintdieinfo\/\"},{\"@type\":\"ListItem\",\"position\":2,\"name\":\"Mobilisation \u00e0 Saint-Di\u00e9-des-Vosges pour que Naomie et ses filles obtiennent un titre de s\u00e9jour\"}]},{\"@type\":\"WebSite\",\"@id\":\"https:\/\/vosgesinfo.fr\/saintdieinfo\/#website\",\"url\":\"https:\/\/vosgesinfo.fr\/saintdieinfo\/\",\"name\":\"Saint Die Info\",\"description\":\"Toute l&#039;actualit\u00e9 de Saint-Di\u00e9-Des-Vosges\",\"publisher\":{\"@id\":\"https:\/\/vosgesinfo.fr\/saintdieinfo\/#organization\"},\"alternateName\":\"Toute l'actualit\u00e9 de Saint-Di\u00e9-Des-Vosges\",\"potentialAction\":[{\"@type\":\"SearchAction\",\"target\":{\"@type\":\"EntryPoint\",\"urlTemplate\":\"https:\/\/vosgesinfo.fr\/saintdieinfo\/?s={search_term_string}\"},\"query-input\":\"required name=search_term_string\"}],\"inLanguage\":\"fr-FR\"},{\"@type\":\"Organization\",\"@id\":\"https:\/\/vosgesinfo.fr\/saintdieinfo\/#organization\",\"name\":\"Saint Die Info\",\"url\":\"https:\/\/vosgesinfo.fr\/saintdieinfo\/\",\"logo\":{\"@type\":\"ImageObject\",\"inLanguage\":\"fr-FR\",\"@id\":\"https:\/\/vosgesinfo.fr\/saintdieinfo\/#\/schema\/logo\/image\/\",\"url\":\"https:\/\/vosgesinfo.fr\/app\/uploads\/sites\/4\/2024\/02\/logo-sdi.jpg\",\"contentUrl\":\"https:\/\/vosgesinfo.fr\/app\/uploads\/sites\/4\/2024\/02\/logo-sdi.jpg\",\"width\":600,\"height\":600,\"caption\":\"Saint Die Info\"},\"image\":{\"@id\":\"https:\/\/vosgesinfo.fr\/saintdieinfo\/#\/schema\/logo\/image\/\"},\"sameAs\":[\"https:\/\/www.facebook.com\/Saintdieinfofr\",\"https:\/\/x.com\/VosgesInfo88\",\"https:\/\/www.youtube.com\/@vosgesinfo\"]},{\"@type\":\"Person\",\"@id\":\"https:\/\/vosgesinfo.fr\/saintdieinfo\/#\/schema\/person\/fa73e9f726d67bb88f46d5b7943cb572\",\"name\":\"J.J.\",\"image\":{\"@type\":\"ImageObject\",\"inLanguage\":\"fr-FR\",\"@id\":\"https:\/\/vosgesinfo.fr\/saintdieinfo\/#\/schema\/person\/image\/\",\"url\":\"https:\/\/secure.gravatar.com\/avatar\/219e749e47ffbcca018a360ae4add7d4cdf1cdaaf8bc7676b27efade3fe65615?s=96&d=mm&r=g\",\"contentUrl\":\"https:\/\/secure.gravatar.com\/avatar\/219e749e47ffbcca018a360ae4add7d4cdf1cdaaf8bc7676b27efade3fe65615?s=96&d=mm&r=g\",\"caption\":\"J.J.\"},\"url\":\"https:\/\/vosgesinfo.fr\/saintdieinfo\/author\/j-j\/\"}]}<\/script>\n<!-- \/ Yoast SEO plugin. -->","yoast_head_json":{"title":"Mobilisation \u00e0 Saint-Di\u00e9-des-Vosges pour que Naomie et ses filles obtiennent un titre de s\u00e9jour - Saint Die Info","robots":{"index":"index","follow":"follow","max-snippet":"max-snippet:-1","max-image-preview":"max-image-preview:large","max-video-preview":"max-video-preview:-1"},"canonical":"https:\/\/vosgesinfo.fr\/saintdieinfo\/2025\/10\/mobilisation-a-saint-die-des-vosges-pour-que-naomie-et-ses-filles-obtiennent-un-titre-de-sejour\/","twitter_card":"summary_large_image","twitter_title":"Mobilisation \u00e0 Saint-Di\u00e9-des-Vosges pour que Naomie et ses filles obtiennent un titre de s\u00e9jour - Saint Die Info","twitter_description":"La Ligue des Droits de l\u2019Homme \u2013\u00a0 LDH \u2013 de Saint-Di\u00e9-des-Vosges se mobilise en faveur de Naomie Ndoungi, arriv\u00e9e en [&hellip;]","twitter_image":"https:\/\/vosgesinfo.fr\/app\/uploads\/sites\/4\/2025\/10\/ldh-mobilisation-naomie-1.jpg","twitter_creator":"@VosgesInfo88","twitter_site":"@VosgesInfo88","twitter_misc":{"\u00c9crit par":"J.J.","Dur\u00e9e de lecture estim\u00e9e":"3 minutes"},"schema":{"@context":"https:\/\/schema.org","@graph":[{"@type":"Article","@id":"https:\/\/vosgesinfo.fr\/saintdieinfo\/2025\/10\/mobilisation-a-saint-die-des-vosges-pour-que-naomie-et-ses-filles-obtiennent-un-titre-de-sejour\/#article","isPartOf":{"@id":"https:\/\/vosgesinfo.fr\/saintdieinfo\/2025\/10\/mobilisation-a-saint-die-des-vosges-pour-que-naomie-et-ses-filles-obtiennent-un-titre-de-sejour\/"},"author":{"name":"J.J.","@id":"https:\/\/vosgesinfo.fr\/saintdieinfo\/#\/schema\/person\/fa73e9f726d67bb88f46d5b7943cb572"},"headline":"Mobilisation \u00e0 Saint-Di\u00e9-des-Vosges pour que Naomie et ses filles obtiennent un titre de s\u00e9jour","datePublished":"2025-10-24T08:44:24+00:00","dateModified":"2025-10-24T08:39:57+00:00","mainEntityOfPage":{"@id":"https:\/\/vosgesinfo.fr\/saintdieinfo\/2025\/10\/mobilisation-a-saint-die-des-vosges-pour-que-naomie-et-ses-filles-obtiennent-un-titre-de-sejour\/"},"wordCount":377,"commentCount":1,"publisher":{"@id":"https:\/\/vosgesinfo.fr\/saintdieinfo\/#organization"},"image":{"@id":"https:\/\/vosgesinfo.fr\/saintdieinfo\/2025\/10\/mobilisation-a-saint-die-des-vosges-pour-que-naomie-et-ses-filles-obtiennent-un-titre-de-sejour\/#primaryimage"},"thumbnailUrl":"https:\/\/vosgesinfo.fr\/app\/uploads\/sites\/4\/2025\/10\/ldh-mobilisation-naomie-1.jpg","keywords":["Antenne de Saint-DI\u00e9-des-Vosges de la Ligue des Droits de l'Homme","Ligue des Droits de l'Homme","Mobilisation \u00e0 Saint-Di\u00e9-des-Vosges pour que Naomie et ses filles obtiennent un titre de s\u00e9jour","Naomie Ndoungi","OQTF","pr\u00e9fecture des Vosges","Titre de s\u00e9jour"],"articleSection":["A la Une","Saint-Di\u00e9-des-Vosges","Solidarit\u00e9"],"inLanguage":"fr-FR","potentialAction":[{"@type":"CommentAction","name":"Comment","target":["https:\/\/vosgesinfo.fr\/saintdieinfo\/2025\/10\/mobilisation-a-saint-die-des-vosges-pour-que-naomie-et-ses-filles-obtiennent-un-titre-de-sejour\/#respond"]}]},{"@type":"WebPage","@id":"https:\/\/vosgesinfo.fr\/saintdieinfo\/2025\/10\/mobilisation-a-saint-die-des-vosges-pour-que-naomie-et-ses-filles-obtiennent-un-titre-de-sejour\/","url":"https:\/\/vosgesinfo.fr\/saintdieinfo\/2025\/10\/mobilisation-a-saint-die-des-vosges-pour-que-naomie-et-ses-filles-obtiennent-un-titre-de-sejour\/","name":"Mobilisation \u00e0 Saint-Di\u00e9-des-Vosges pour que Naomie et ses filles obtiennent un titre de s\u00e9jour - Saint Die Info","isPartOf":{"@id":"https:\/\/vosgesinfo.fr\/saintdieinfo\/#website"},"primaryImageOfPage":{"@id":"https:\/\/vosgesinfo.fr\/saintdieinfo\/2025\/10\/mobilisation-a-saint-die-des-vosges-pour-que-naomie-et-ses-filles-obtiennent-un-titre-de-sejour\/#primaryimage"},"image":{"@id":"https:\/\/vosgesinfo.fr\/saintdieinfo\/2025\/10\/mobilisation-a-saint-die-des-vosges-pour-que-naomie-et-ses-filles-obtiennent-un-titre-de-sejour\/#primaryimage"},"thumbnailUrl":"https:\/\/vosgesinfo.fr\/app\/uploads\/sites\/4\/2025\/10\/ldh-mobilisation-naomie-1.jpg","datePublished":"2025-10-24T08:44:24+00:00","dateModified":"2025-10-24T08:39:57+00:00","breadcrumb":{"@id":"https:\/\/vosgesinfo.fr\/saintdieinfo\/2025\/10\/mobilisation-a-saint-die-des-vosges-pour-que-naomie-et-ses-filles-obtiennent-un-titre-de-sejour\/#breadcrumb"},"inLanguage":"fr-FR","potentialAction":[{"@type":"ReadAction","target":["https:\/\/vosgesinfo.fr\/saintdieinfo\/2025\/10\/mobilisation-a-saint-die-des-vosges-pour-que-naomie-et-ses-filles-obtiennent-un-titre-de-sejour\/"]}]},{"@type":"ImageObject","inLanguage":"fr-FR","@id":"https:\/\/vosgesinfo.fr\/saintdieinfo\/2025\/10\/mobilisation-a-saint-die-des-vosges-pour-que-naomie-et-ses-filles-obtiennent-un-titre-de-sejour\/#primaryimage","url":"https:\/\/vosgesinfo.fr\/app\/uploads\/sites\/4\/2025\/10\/ldh-mobilisation-naomie-1.jpg","contentUrl":"https:\/\/vosgesinfo.fr\/app\/uploads\/sites\/4\/2025\/10\/ldh-mobilisation-naomie-1.jpg","width":1799,"height":908,"caption":"(Photographies antenne de Saint-Di\u00e9-des-Vosges de la Ligue des Droits de l'Homme)"},{"@type":"BreadcrumbList","@id":"https:\/\/vosgesinfo.fr\/saintdieinfo\/2025\/10\/mobilisation-a-saint-die-des-vosges-pour-que-naomie-et-ses-filles-obtiennent-un-titre-de-sejour\/#breadcrumb","itemListElement":[{"@type":"ListItem","position":1,"name":"Home","item":"https:\/\/vosgesinfo.fr\/saintdieinfo\/"},{"@type":"ListItem","position":2,"name":"Mobilisation \u00e0 Saint-Di\u00e9-des-Vosges pour que Naomie et ses filles obtiennent un titre de s\u00e9jour"}]},{"@type":"WebSite","@id":"https:\/\/vosgesinfo.fr\/saintdieinfo\/#website","url":"https:\/\/vosgesinfo.fr\/saintdieinfo\/","name":"Saint Die Info","description":"Toute l&#039;actualit\u00e9 de Saint-Di\u00e9-Des-Vosges","publisher":{"@id":"https:\/\/vosgesinfo.fr\/saintdieinfo\/#organization"},"alternateName":"Toute l'actualit\u00e9 de Saint-Di\u00e9-Des-Vosges","potentialAction":[{"@type":"SearchAction","target":{"@type":"EntryPoint","urlTemplate":"https:\/\/vosgesinfo.fr\/saintdieinfo\/?s={search_term_string}"},"query-input":"required name=search_term_string"}],"inLanguage":"fr-FR"},{"@type":"Organization","@id":"https:\/\/vosgesinfo.fr\/saintdieinfo\/#organization","name":"Saint Die Info","url":"https:\/\/vosgesinfo.fr\/saintdieinfo\/","logo":{"@type":"ImageObject","inLanguage":"fr-FR","@id":"https:\/\/vosgesinfo.fr\/saintdieinfo\/#\/schema\/logo\/image\/","url":"https:\/\/vosgesinfo.fr\/app\/uploads\/sites\/4\/2024\/02\/logo-sdi.jpg","contentUrl":"https:\/\/vosgesinfo.fr\/app\/uploads\/sites\/4\/2024\/02\/logo-sdi.jpg","width":600,"height":600,"caption":"Saint Die Info"},"image":{"@id":"https:\/\/vosgesinfo.fr\/saintdieinfo\/#\/schema\/logo\/image\/"},"sameAs":["https:\/\/www.facebook.com\/Saintdieinfofr","https:\/\/x.com\/VosgesInfo88","https:\/\/www.youtube.com\/@vosgesinfo"]},{"@type":"Person","@id":"https:\/\/vosgesinfo.fr\/saintdieinfo\/#\/schema\/person\/fa73e9f726d67bb88f46d5b7943cb572","name":"J.J.","image":{"@type":"ImageObject","inLanguage":"fr-FR","@id":"https:\/\/vosgesinfo.fr\/saintdieinfo\/#\/schema\/person\/image\/","url":"https:\/\/secure.gravatar.com\/avatar\/219e749e47ffbcca018a360ae4add7d4cdf1cdaaf8bc7676b27efade3fe65615?s=96&d=mm&r=g","contentUrl":"https:\/\/secure.gravatar.com\/avatar\/219e749e47ffbcca018a360ae4add7d4cdf1cdaaf8bc7676b27efade3fe65615?s=96&d=mm&r=g","caption":"J.J."},"url":"https:\/\/vosgesinfo.fr\/saintdieinfo\/author\/j-j\/"}]}},"_links":{"self":[{"href":"https:\/\/vosgesinfo.fr\/saintdieinfo\/wp-json\/wp\/v2\/posts\/83859","targetHints":{"allow":["GET"]}}],"collection":[{"href":"https:\/\/vosgesinfo.fr\/saintdieinfo\/wp-json\/wp\/v2\/posts"}],"about":[{"href":"https:\/\/vosgesinfo.fr\/saintdieinfo\/wp-json\/wp\/v2\/types\/post"}],"author":[{"embeddable":true,"href":"https:\/\/vosgesinfo.fr\/saintdieinfo\/wp-json\/wp\/v2\/users\/46"}],"replies":[{"embeddable":true,"href":"https:\/\/vosgesinfo.fr\/saintdieinfo\/wp-json\/wp\/v2\/comments?post=83859"}],"version-history":[{"count":3,"href":"https:\/\/vosgesinfo.fr\/saintdieinfo\/wp-json\/wp\/v2\/posts\/83859\/revisions"}],"predecessor-version":[{"id":83864,"href":"https:\/\/vosgesinfo.fr\/saintdieinfo\/wp-json\/wp\/v2\/posts\/83859\/revisions\/83864"}],"wp:featuredmedia":[{"embeddable":true,"href":"https:\/\/vosgesinfo.fr\/saintdieinfo\/wp-json\/wp\/v2\/media\/83860"}],"wp:attachment":[{"href":"https:\/\/vosgesinfo.fr\/saintdieinfo\/wp-json\/wp\/v2\/media?parent=83859"}],"wp:term":[{"taxonomy":"category","embeddable":true,"href":"https:\/\/vosgesinfo.fr\/saintdieinfo\/wp-json\/wp\/v2\/categories?post=83859"},{"taxonomy":"post_tag","embeddable":true,"href":"https:\/\/vosgesinfo.fr\/saintdieinfo\/wp-json\/wp\/v2\/tags?post=83859"}],"curies":[{"name":"wp","href":"https:\/\/api.w.org\/{rel}","templated":true}]}}