{"id":83866,"date":"2025-10-24T14:55:31","date_gmt":"2025-10-24T12:55:31","guid":{"rendered":"https:\/\/vosgesinfo.fr\/saintdieinfo\/?p=83866"},"modified":"2025-10-24T14:53:51","modified_gmt":"2025-10-24T12:53:51","slug":"saint-die-des-vosges-se-mobilise-a-nouveau-contre-les-violences-conjugales-et-intrafamiliales","status":"publish","type":"post","link":"https:\/\/vosgesinfo.fr\/saintdieinfo\/2025\/10\/saint-die-des-vosges-se-mobilise-a-nouveau-contre-les-violences-conjugales-et-intrafamiliales\/","title":{"rendered":"Saint-Di\u00e9-des-Vosges se mobilise \u00e0 nouveau contre les violences conjugales et intrafamiliales"},"content":{"rendered":"<div id=\"attachment_83877\" style=\"width: 1034px\" class=\"wp-caption alignnone\"><a href=\"https:\/\/vosgesinfo.fr\/app\/uploads\/sites\/4\/2025\/10\/presentation-actions-lutte-contre-violences-intrafamiliales-5.jpg\"><img decoding=\"async\" aria-describedby=\"caption-attachment-83877\" class=\"size-large wp-image-83877\" src=\"https:\/\/vosgesinfo.fr\/app\/uploads\/sites\/4\/2025\/10\/presentation-actions-lutte-contre-violences-intrafamiliales-5-1024x683.jpg\" alt=\"\" width=\"1024\" height=\"683\" srcset=\"https:\/\/vosgesinfo.fr\/app\/uploads\/sites\/4\/2025\/10\/presentation-actions-lutte-contre-violences-intrafamiliales-5-1024x683.jpg 1024w, https:\/\/vosgesinfo.fr\/app\/uploads\/sites\/4\/2025\/10\/presentation-actions-lutte-contre-violences-intrafamiliales-5-300x200.jpg 300w, https:\/\/vosgesinfo.fr\/app\/uploads\/sites\/4\/2025\/10\/presentation-actions-lutte-contre-violences-intrafamiliales-5-768x512.jpg 768w, https:\/\/vosgesinfo.fr\/app\/uploads\/sites\/4\/2025\/10\/presentation-actions-lutte-contre-violences-intrafamiliales-5.jpg 1200w\" sizes=\"(max-width: 1024px) 100vw, 1024px\" \/><\/a><p id=\"caption-attachment-83877\" class=\"wp-caption-text\">(Photographies Marc Fourniquet)<\/p><\/div>\n<h2>\u00c0 l\u2019occasion de la <strong>Journ\u00e9e internationale de lutte contre les violences faites aux femmes<\/strong>, qui a lieu le <strong>25 novembre<\/strong>, <strong>Saint-Di\u00e9-des-Vosges se mobilise \u00e0 nouveau et tout au long du mois prochain<\/strong>. L\u2019objectif \u00e9tant de <strong>sensibiliser le public et<\/strong> <strong>briser le silence.<\/strong> Et ce tout en rappelant que <strong>la lutte contre les violences conjugales et intrafamiliales<\/strong> est un combat quotidien.<\/h2>\n<p><!--more--><\/p>\n<h3 class=\"western\"><strong>Un programme d&rsquo;actions vari\u00e9es<\/strong><\/h3>\n<p>C\u2019est dans ce cadre qu\u2019\u00e0 partir de <strong>d\u00e9but novembre<\/strong>, la Ville proposera un <strong>programme d\u2019actions vari\u00e9es<\/strong>, avec des conf\u00e9rences, projections, expositions et spectacles pour <strong>favoriser la r\u00e9flexion<\/strong>, <strong>encourager la pr\u00e9vention<\/strong>\u2026 et <strong>r\u00e9affirmer que la lutte contre les violences intrafamiliales est l\u2019affaire de tous<\/strong>.<\/p>\n<h3 class=\"western\"><strong>Exposition \u00ab Bris\u00e9es \u00bb au Mus\u00e9e Pierre-No\u00ebl<\/strong><\/h3>\n<p>Du <strong>2 au 28 novembre<\/strong>, le <strong>Mus\u00e9e Pierre-No\u00ebl<\/strong> accueillera l\u2019exposition <strong>\u00ab Bris\u00e9es \u00bb<\/strong> d\u2019<strong>Herv\u00e9 Legrix<\/strong>, compos\u00e9e de <strong>57 photographies<\/strong> autour du th\u00e8me des violences faites aux femmes. L\u2019exposition sera accompagn\u00e9e de <strong>toiles de Maxence Piquet<\/strong> et d\u2019un <strong>temps musical avec Myriam (The Footless Cat\u2019s)<\/strong> lors du vernissage, qui se tiendra le <strong>dimanche 2 novembre \u00e0 14 h 30<\/strong>.<\/p>\n<h3 class=\"western\"><strong>Un violentom\u00e8tre dans les boulangeries d\u00e9odatiennes<\/strong><\/h3>\n<p>\u00c0 partir du <strong>mercredi 12 novembre<\/strong>, les <strong>boulangeries d\u00e9odatiennes<\/strong> relaieront la campagne de pr\u00e9vention \u00e0 travers un <strong>violentom\u00e8tre imprim\u00e9 sur les sacs \u00e0 pain<\/strong>, outil de sensibilisation aux violences conjugales et intrafamiliales.<\/p>\n<h3 class=\"western\"><strong>Th\u00e9\u00e2tre \u2013 \u00ab Sh\u00e9h\u00e9razade \u00bb par la Compagnie Poisson de Lune<\/strong><\/h3>\n<p>Le <strong>vendredi 21 novembre \u00e0 20 h 30<\/strong>, la <strong>Compagnie Poisson de Lune<\/strong> pr\u00e9sentera <strong>\u00ab Sh\u00e9h\u00e9razade \u00bb<\/strong> \u00e0 la <strong>salle Chol\u00e9 du Mus\u00e9e Pierre-No\u00ebl<\/strong>, un spectacle librement inspir\u00e9 des <em>Mille et une Nuits<\/em>, explorant les th\u00e8mes de la trahison et de la folie.<\/p>\n<h3 class=\"western\"><strong>Cin\u00e9ma \u2013 Projection du film \u00ab Jeunes M\u00e8res \u00bb<\/strong><\/h3>\n<p><strong>Mardi 25 novembre<\/strong>, pour la Journ\u00e9e internationale, le <strong>Club Soroptimist de Saint-Di\u00e9-des-Vosges <\/strong>proposera deux s\u00e9ances du film <strong>\u00ab Jeunes M\u00e8res \u00bb<\/strong> \u00e0 <strong>18 h et 20 h 30<\/strong> au <strong>cin\u00e9ma Nova Cin\u00e9.<\/strong> Ce film de <strong>Jean-Pierre et Luc Dardenne<\/strong>retrace le parcours de jeunes femmes en qu\u00eate d\u2019un avenir meilleur.<\/p>\n<h3 class=\"western\"><strong>Th\u00e9\u00e2tre \u2013 \u00ab Point de Rupture \u00bb par le Th\u00e9\u00e2tre de Cristal<\/strong><\/h3>\n<p><strong>Le jeudi 27 novembre<\/strong>, le <strong>Th\u00e9\u00e2tre de Cristal<\/strong> pr\u00e9sentera <strong>\u00ab Point de Rupture \u00bb<\/strong>, un spectacle sur la <strong>libert\u00e9, l\u2019\u00e9mancipation et les violences subies par les femmes<\/strong>, \u00e0 la <strong>salle Chol\u00e9 du Mus\u00e9e Pierre-No\u00ebl<\/strong>. Deux repr\u00e9sentations sont pr\u00e9vues : de <strong>10 h \u00e0 12 h pour les professionnels et associations<\/strong>, puis de <strong>14 h \u00e0 16 h pour les lyc\u00e9ens d\u00e9odatiens<\/strong>.<\/p>\n<h3 class=\"western\"><strong>Une adresse \u00e9lectronique sp\u00e9cifique<\/strong><\/h3>\n<p>Pour toute question, remarque ou t\u00e9moignage, une <strong>adresse \u00e9lectronique sp\u00e9cifique<\/strong> a \u00e9t\u00e9 mise en place\u00a0: <strong><a href=\"mailto:violencesfaitesauxfemmes@ville-saintdie.fr\" target=\"_blank\" rel=\"noopener\">violencesfaitesauxfemmes@ville-saintdie.fr<\/a><\/strong>.<\/p>\n\n\t\t<style type=\"text\/css\">\n\t\t\t#gallery-1 {\n\t\t\t\tmargin: auto;\n\t\t\t}\n\t\t\t#gallery-1 .gallery-item {\n\t\t\t\tfloat: left;\n\t\t\t\tmargin-top: 10px;\n\t\t\t\ttext-align: center;\n\t\t\t\twidth: 50%;\n\t\t\t}\n\t\t\t#gallery-1 img {\n\t\t\t\tborder: 2px solid #cfcfcf;\n\t\t\t}\n\t\t\t#gallery-1 .gallery-caption {\n\t\t\t\tmargin-left: 0;\n\t\t\t}\n\t\t\t\/* see gallery_shortcode() in wp-includes\/media.php *\/\n\t\t<\/style>\n\t\t<div id='gallery-1' class='gallery galleryid-83866 gallery-columns-2 gallery-size-thumbnail'><dl class='gallery-item'>\n\t\t\t<dt class='gallery-icon landscape'>\n\t\t\t\t<a href='https:\/\/vosgesinfo.fr\/app\/uploads\/sites\/4\/2025\/10\/presentation-actions-lutte-contre-violences-intrafamiliales-1.jpg'><img decoding=\"async\" width=\"150\" height=\"150\" src=\"https:\/\/vosgesinfo.fr\/app\/uploads\/sites\/4\/2025\/10\/presentation-actions-lutte-contre-violences-intrafamiliales-1-150x150.jpg\" class=\"attachment-thumbnail size-thumbnail\" alt=\"\" \/><\/a>\n\t\t\t<\/dt><\/dl><dl class='gallery-item'>\n\t\t\t<dt class='gallery-icon portrait'>\n\t\t\t\t<a href='https:\/\/vosgesinfo.fr\/app\/uploads\/sites\/4\/2025\/10\/presentation-actions-lutte-contre-violences-intrafamiliales-2.jpg'><img decoding=\"async\" width=\"150\" height=\"150\" src=\"https:\/\/vosgesinfo.fr\/app\/uploads\/sites\/4\/2025\/10\/presentation-actions-lutte-contre-violences-intrafamiliales-2-150x150.jpg\" class=\"attachment-thumbnail size-thumbnail\" alt=\"\" \/><\/a>\n\t\t\t<\/dt><\/dl><br style=\"clear: both\" \/>\n\t\t<\/div>\n\n","protected":false},"excerpt":{"rendered":"<p>\u00c0 l\u2019occasion de la Journ\u00e9e internationale de lutte contre les violences faites aux femmes, qui a lieu le 25 novembre, [&hellip;]<\/p>\n","protected":false},"author":46,"featured_media":83877,"comment_status":"open","ping_status":"open","sticky":false,"template":"","format":"standard","meta":{"footnotes":""},"categories":[460,167,13],"tags":[5080,18540,3240],"class_list":["post-83866","post","type-post","status-publish","format-standard","has-post-thumbnail","hentry","category-a-la-une","category-saint-die-des-vosges","category-societe","tag-journee-internationale-de-lutte-contre-les-violences-faites-aux-femmes","tag-lutte-contre-les-violences-intrafamiliales","tag-ville-de-saint-die-des-vosges"],"acf":[],"yoast_head":"<!-- This site is optimized with the Yoast SEO plugin v22.5 - https:\/\/yoast.com\/wordpress\/plugins\/seo\/ -->\n<title>Saint-Di\u00e9-des-Vosges se mobilise \u00e0 nouveau contre les violences conjugales et intrafamiliales - Saint Die Info<\/title>\n<meta name=\"robots\" content=\"index, follow, max-snippet:-1, max-image-preview:large, max-video-preview:-1\" \/>\n<link rel=\"canonical\" href=\"https:\/\/vosgesinfo.fr\/saintdieinfo\/2025\/10\/saint-die-des-vosges-se-mobilise-a-nouveau-contre-les-violences-conjugales-et-intrafamiliales\/\" \/>\n<meta name=\"twitter:card\" content=\"summary_large_image\" \/>\n<meta name=\"twitter:title\" content=\"Saint-Di\u00e9-des-Vosges se mobilise \u00e0 nouveau contre les violences conjugales et intrafamiliales - Saint Die Info\" \/>\n<meta name=\"twitter:description\" content=\"\u00c0 l\u2019occasion de la Journ\u00e9e internationale de lutte contre les violences faites aux femmes, qui a lieu le 25 novembre, [&hellip;]\" \/>\n<meta name=\"twitter:image\" content=\"https:\/\/vosgesinfo.fr\/app\/uploads\/sites\/4\/2025\/10\/presentation-actions-lutte-contre-violences-intrafamiliales-5.jpg\" \/>\n<meta name=\"twitter:creator\" content=\"@VosgesInfo88\" \/>\n<meta name=\"twitter:site\" content=\"@VosgesInfo88\" \/>\n<meta name=\"twitter:label1\" content=\"\u00c9crit par\" \/>\n\t<meta name=\"twitter:data1\" content=\"J.J.\" \/>\n\t<meta name=\"twitter:label2\" content=\"Dur\u00e9e de lecture estim\u00e9e\" \/>\n\t<meta name=\"twitter:data2\" content=\"3 minutes\" \/>\n<script type=\"application\/ld+json\" class=\"yoast-schema-graph\">{\"@context\":\"https:\/\/schema.org\",\"@graph\":[{\"@type\":\"Article\",\"@id\":\"https:\/\/vosgesinfo.fr\/saintdieinfo\/2025\/10\/saint-die-des-vosges-se-mobilise-a-nouveau-contre-les-violences-conjugales-et-intrafamiliales\/#article\",\"isPartOf\":{\"@id\":\"https:\/\/vosgesinfo.fr\/saintdieinfo\/2025\/10\/saint-die-des-vosges-se-mobilise-a-nouveau-contre-les-violences-conjugales-et-intrafamiliales\/\"},\"author\":{\"name\":\"J.J.\",\"@id\":\"https:\/\/vosgesinfo.fr\/saintdieinfo\/#\/schema\/person\/fa73e9f726d67bb88f46d5b7943cb572\"},\"headline\":\"Saint-Di\u00e9-des-Vosges se mobilise \u00e0 nouveau contre les violences conjugales et intrafamiliales\",\"datePublished\":\"2025-10-24T12:55:31+00:00\",\"dateModified\":\"2025-10-24T12:53:51+00:00\",\"mainEntityOfPage\":{\"@id\":\"https:\/\/vosgesinfo.fr\/saintdieinfo\/2025\/10\/saint-die-des-vosges-se-mobilise-a-nouveau-contre-les-violences-conjugales-et-intrafamiliales\/\"},\"wordCount\":457,\"commentCount\":0,\"publisher\":{\"@id\":\"https:\/\/vosgesinfo.fr\/saintdieinfo\/#organization\"},\"image\":{\"@id\":\"https:\/\/vosgesinfo.fr\/saintdieinfo\/2025\/10\/saint-die-des-vosges-se-mobilise-a-nouveau-contre-les-violences-conjugales-et-intrafamiliales\/#primaryimage\"},\"thumbnailUrl\":\"https:\/\/vosgesinfo.fr\/app\/uploads\/sites\/4\/2025\/10\/presentation-actions-lutte-contre-violences-intrafamiliales-5.jpg\",\"keywords\":[\"Journ\u00e9e internationale de lutte contre les violences faites aux femmes\",\"Lutte contre les violences intrafamiliales\",\"Ville de Saint-Di\u00e9-des-Vosges\"],\"articleSection\":[\"A la Une\",\"Saint-Di\u00e9-des-Vosges\",\"Soci\u00e9t\u00e9\"],\"inLanguage\":\"fr-FR\",\"potentialAction\":[{\"@type\":\"CommentAction\",\"name\":\"Comment\",\"target\":[\"https:\/\/vosgesinfo.fr\/saintdieinfo\/2025\/10\/saint-die-des-vosges-se-mobilise-a-nouveau-contre-les-violences-conjugales-et-intrafamiliales\/#respond\"]}]},{\"@type\":\"WebPage\",\"@id\":\"https:\/\/vosgesinfo.fr\/saintdieinfo\/2025\/10\/saint-die-des-vosges-se-mobilise-a-nouveau-contre-les-violences-conjugales-et-intrafamiliales\/\",\"url\":\"https:\/\/vosgesinfo.fr\/saintdieinfo\/2025\/10\/saint-die-des-vosges-se-mobilise-a-nouveau-contre-les-violences-conjugales-et-intrafamiliales\/\",\"name\":\"Saint-Di\u00e9-des-Vosges se mobilise \u00e0 nouveau contre les violences conjugales et intrafamiliales - Saint Die Info\",\"isPartOf\":{\"@id\":\"https:\/\/vosgesinfo.fr\/saintdieinfo\/#website\"},\"primaryImageOfPage\":{\"@id\":\"https:\/\/vosgesinfo.fr\/saintdieinfo\/2025\/10\/saint-die-des-vosges-se-mobilise-a-nouveau-contre-les-violences-conjugales-et-intrafamiliales\/#primaryimage\"},\"image\":{\"@id\":\"https:\/\/vosgesinfo.fr\/saintdieinfo\/2025\/10\/saint-die-des-vosges-se-mobilise-a-nouveau-contre-les-violences-conjugales-et-intrafamiliales\/#primaryimage\"},\"thumbnailUrl\":\"https:\/\/vosgesinfo.fr\/app\/uploads\/sites\/4\/2025\/10\/presentation-actions-lutte-contre-violences-intrafamiliales-5.jpg\",\"datePublished\":\"2025-10-24T12:55:31+00:00\",\"dateModified\":\"2025-10-24T12:53:51+00:00\",\"breadcrumb\":{\"@id\":\"https:\/\/vosgesinfo.fr\/saintdieinfo\/2025\/10\/saint-die-des-vosges-se-mobilise-a-nouveau-contre-les-violences-conjugales-et-intrafamiliales\/#breadcrumb\"},\"inLanguage\":\"fr-FR\",\"potentialAction\":[{\"@type\":\"ReadAction\",\"target\":[\"https:\/\/vosgesinfo.fr\/saintdieinfo\/2025\/10\/saint-die-des-vosges-se-mobilise-a-nouveau-contre-les-violences-conjugales-et-intrafamiliales\/\"]}]},{\"@type\":\"ImageObject\",\"inLanguage\":\"fr-FR\",\"@id\":\"https:\/\/vosgesinfo.fr\/saintdieinfo\/2025\/10\/saint-die-des-vosges-se-mobilise-a-nouveau-contre-les-violences-conjugales-et-intrafamiliales\/#primaryimage\",\"url\":\"https:\/\/vosgesinfo.fr\/app\/uploads\/sites\/4\/2025\/10\/presentation-actions-lutte-contre-violences-intrafamiliales-5.jpg\",\"contentUrl\":\"https:\/\/vosgesinfo.fr\/app\/uploads\/sites\/4\/2025\/10\/presentation-actions-lutte-contre-violences-intrafamiliales-5.jpg\",\"width\":1200,\"height\":800,\"caption\":\"(Photographies Marc Fourniquet)\"},{\"@type\":\"BreadcrumbList\",\"@id\":\"https:\/\/vosgesinfo.fr\/saintdieinfo\/2025\/10\/saint-die-des-vosges-se-mobilise-a-nouveau-contre-les-violences-conjugales-et-intrafamiliales\/#breadcrumb\",\"itemListElement\":[{\"@type\":\"ListItem\",\"position\":1,\"name\":\"Home\",\"item\":\"https:\/\/vosgesinfo.fr\/saintdieinfo\/\"},{\"@type\":\"ListItem\",\"position\":2,\"name\":\"Saint-Di\u00e9-des-Vosges se mobilise \u00e0 nouveau contre les violences conjugales et intrafamiliales\"}]},{\"@type\":\"WebSite\",\"@id\":\"https:\/\/vosgesinfo.fr\/saintdieinfo\/#website\",\"url\":\"https:\/\/vosgesinfo.fr\/saintdieinfo\/\",\"name\":\"Saint Die Info\",\"description\":\"Toute l&#039;actualit\u00e9 de Saint-Di\u00e9-Des-Vosges\",\"publisher\":{\"@id\":\"https:\/\/vosgesinfo.fr\/saintdieinfo\/#organization\"},\"alternateName\":\"Toute l'actualit\u00e9 de Saint-Di\u00e9-Des-Vosges\",\"potentialAction\":[{\"@type\":\"SearchAction\",\"target\":{\"@type\":\"EntryPoint\",\"urlTemplate\":\"https:\/\/vosgesinfo.fr\/saintdieinfo\/?s={search_term_string}\"},\"query-input\":\"required name=search_term_string\"}],\"inLanguage\":\"fr-FR\"},{\"@type\":\"Organization\",\"@id\":\"https:\/\/vosgesinfo.fr\/saintdieinfo\/#organization\",\"name\":\"Saint Die Info\",\"url\":\"https:\/\/vosgesinfo.fr\/saintdieinfo\/\",\"logo\":{\"@type\":\"ImageObject\",\"inLanguage\":\"fr-FR\",\"@id\":\"https:\/\/vosgesinfo.fr\/saintdieinfo\/#\/schema\/logo\/image\/\",\"url\":\"https:\/\/vosgesinfo.fr\/app\/uploads\/sites\/4\/2024\/02\/logo-sdi.jpg\",\"contentUrl\":\"https:\/\/vosgesinfo.fr\/app\/uploads\/sites\/4\/2024\/02\/logo-sdi.jpg\",\"width\":600,\"height\":600,\"caption\":\"Saint Die Info\"},\"image\":{\"@id\":\"https:\/\/vosgesinfo.fr\/saintdieinfo\/#\/schema\/logo\/image\/\"},\"sameAs\":[\"https:\/\/www.facebook.com\/Saintdieinfofr\",\"https:\/\/x.com\/VosgesInfo88\",\"https:\/\/www.youtube.com\/@vosgesinfo\"]},{\"@type\":\"Person\",\"@id\":\"https:\/\/vosgesinfo.fr\/saintdieinfo\/#\/schema\/person\/fa73e9f726d67bb88f46d5b7943cb572\",\"name\":\"J.J.\",\"image\":{\"@type\":\"ImageObject\",\"inLanguage\":\"fr-FR\",\"@id\":\"https:\/\/vosgesinfo.fr\/saintdieinfo\/#\/schema\/person\/image\/\",\"url\":\"https:\/\/secure.gravatar.com\/avatar\/219e749e47ffbcca018a360ae4add7d4cdf1cdaaf8bc7676b27efade3fe65615?s=96&d=mm&r=g\",\"contentUrl\":\"https:\/\/secure.gravatar.com\/avatar\/219e749e47ffbcca018a360ae4add7d4cdf1cdaaf8bc7676b27efade3fe65615?s=96&d=mm&r=g\",\"caption\":\"J.J.\"},\"url\":\"https:\/\/vosgesinfo.fr\/saintdieinfo\/author\/j-j\/\"}]}<\/script>\n<!-- \/ Yoast SEO plugin. -->","yoast_head_json":{"title":"Saint-Di\u00e9-des-Vosges se mobilise \u00e0 nouveau contre les violences conjugales et intrafamiliales - Saint Die Info","robots":{"index":"index","follow":"follow","max-snippet":"max-snippet:-1","max-image-preview":"max-image-preview:large","max-video-preview":"max-video-preview:-1"},"canonical":"https:\/\/vosgesinfo.fr\/saintdieinfo\/2025\/10\/saint-die-des-vosges-se-mobilise-a-nouveau-contre-les-violences-conjugales-et-intrafamiliales\/","twitter_card":"summary_large_image","twitter_title":"Saint-Di\u00e9-des-Vosges se mobilise \u00e0 nouveau contre les violences conjugales et intrafamiliales - Saint Die Info","twitter_description":"\u00c0 l\u2019occasion de la Journ\u00e9e internationale de lutte contre les violences faites aux femmes, qui a lieu le 25 novembre, [&hellip;]","twitter_image":"https:\/\/vosgesinfo.fr\/app\/uploads\/sites\/4\/2025\/10\/presentation-actions-lutte-contre-violences-intrafamiliales-5.jpg","twitter_creator":"@VosgesInfo88","twitter_site":"@VosgesInfo88","twitter_misc":{"\u00c9crit par":"J.J.","Dur\u00e9e de lecture estim\u00e9e":"3 minutes"},"schema":{"@context":"https:\/\/schema.org","@graph":[{"@type":"Article","@id":"https:\/\/vosgesinfo.fr\/saintdieinfo\/2025\/10\/saint-die-des-vosges-se-mobilise-a-nouveau-contre-les-violences-conjugales-et-intrafamiliales\/#article","isPartOf":{"@id":"https:\/\/vosgesinfo.fr\/saintdieinfo\/2025\/10\/saint-die-des-vosges-se-mobilise-a-nouveau-contre-les-violences-conjugales-et-intrafamiliales\/"},"author":{"name":"J.J.","@id":"https:\/\/vosgesinfo.fr\/saintdieinfo\/#\/schema\/person\/fa73e9f726d67bb88f46d5b7943cb572"},"headline":"Saint-Di\u00e9-des-Vosges se mobilise \u00e0 nouveau contre les violences conjugales et intrafamiliales","datePublished":"2025-10-24T12:55:31+00:00","dateModified":"2025-10-24T12:53:51+00:00","mainEntityOfPage":{"@id":"https:\/\/vosgesinfo.fr\/saintdieinfo\/2025\/10\/saint-die-des-vosges-se-mobilise-a-nouveau-contre-les-violences-conjugales-et-intrafamiliales\/"},"wordCount":457,"commentCount":0,"publisher":{"@id":"https:\/\/vosgesinfo.fr\/saintdieinfo\/#organization"},"image":{"@id":"https:\/\/vosgesinfo.fr\/saintdieinfo\/2025\/10\/saint-die-des-vosges-se-mobilise-a-nouveau-contre-les-violences-conjugales-et-intrafamiliales\/#primaryimage"},"thumbnailUrl":"https:\/\/vosgesinfo.fr\/app\/uploads\/sites\/4\/2025\/10\/presentation-actions-lutte-contre-violences-intrafamiliales-5.jpg","keywords":["Journ\u00e9e internationale de lutte contre les violences faites aux femmes","Lutte contre les violences intrafamiliales","Ville de Saint-Di\u00e9-des-Vosges"],"articleSection":["A la Une","Saint-Di\u00e9-des-Vosges","Soci\u00e9t\u00e9"],"inLanguage":"fr-FR","potentialAction":[{"@type":"CommentAction","name":"Comment","target":["https:\/\/vosgesinfo.fr\/saintdieinfo\/2025\/10\/saint-die-des-vosges-se-mobilise-a-nouveau-contre-les-violences-conjugales-et-intrafamiliales\/#respond"]}]},{"@type":"WebPage","@id":"https:\/\/vosgesinfo.fr\/saintdieinfo\/2025\/10\/saint-die-des-vosges-se-mobilise-a-nouveau-contre-les-violences-conjugales-et-intrafamiliales\/","url":"https:\/\/vosgesinfo.fr\/saintdieinfo\/2025\/10\/saint-die-des-vosges-se-mobilise-a-nouveau-contre-les-violences-conjugales-et-intrafamiliales\/","name":"Saint-Di\u00e9-des-Vosges se mobilise \u00e0 nouveau contre les violences conjugales et intrafamiliales - Saint Die Info","isPartOf":{"@id":"https:\/\/vosgesinfo.fr\/saintdieinfo\/#website"},"primaryImageOfPage":{"@id":"https:\/\/vosgesinfo.fr\/saintdieinfo\/2025\/10\/saint-die-des-vosges-se-mobilise-a-nouveau-contre-les-violences-conjugales-et-intrafamiliales\/#primaryimage"},"image":{"@id":"https:\/\/vosgesinfo.fr\/saintdieinfo\/2025\/10\/saint-die-des-vosges-se-mobilise-a-nouveau-contre-les-violences-conjugales-et-intrafamiliales\/#primaryimage"},"thumbnailUrl":"https:\/\/vosgesinfo.fr\/app\/uploads\/sites\/4\/2025\/10\/presentation-actions-lutte-contre-violences-intrafamiliales-5.jpg","datePublished":"2025-10-24T12:55:31+00:00","dateModified":"2025-10-24T12:53:51+00:00","breadcrumb":{"@id":"https:\/\/vosgesinfo.fr\/saintdieinfo\/2025\/10\/saint-die-des-vosges-se-mobilise-a-nouveau-contre-les-violences-conjugales-et-intrafamiliales\/#breadcrumb"},"inLanguage":"fr-FR","potentialAction":[{"@type":"ReadAction","target":["https:\/\/vosgesinfo.fr\/saintdieinfo\/2025\/10\/saint-die-des-vosges-se-mobilise-a-nouveau-contre-les-violences-conjugales-et-intrafamiliales\/"]}]},{"@type":"ImageObject","inLanguage":"fr-FR","@id":"https:\/\/vosgesinfo.fr\/saintdieinfo\/2025\/10\/saint-die-des-vosges-se-mobilise-a-nouveau-contre-les-violences-conjugales-et-intrafamiliales\/#primaryimage","url":"https:\/\/vosgesinfo.fr\/app\/uploads\/sites\/4\/2025\/10\/presentation-actions-lutte-contre-violences-intrafamiliales-5.jpg","contentUrl":"https:\/\/vosgesinfo.fr\/app\/uploads\/sites\/4\/2025\/10\/presentation-actions-lutte-contre-violences-intrafamiliales-5.jpg","width":1200,"height":800,"caption":"(Photographies Marc Fourniquet)"},{"@type":"BreadcrumbList","@id":"https:\/\/vosgesinfo.fr\/saintdieinfo\/2025\/10\/saint-die-des-vosges-se-mobilise-a-nouveau-contre-les-violences-conjugales-et-intrafamiliales\/#breadcrumb","itemListElement":[{"@type":"ListItem","position":1,"name":"Home","item":"https:\/\/vosgesinfo.fr\/saintdieinfo\/"},{"@type":"ListItem","position":2,"name":"Saint-Di\u00e9-des-Vosges se mobilise \u00e0 nouveau contre les violences conjugales et intrafamiliales"}]},{"@type":"WebSite","@id":"https:\/\/vosgesinfo.fr\/saintdieinfo\/#website","url":"https:\/\/vosgesinfo.fr\/saintdieinfo\/","name":"Saint Die Info","description":"Toute l&#039;actualit\u00e9 de Saint-Di\u00e9-Des-Vosges","publisher":{"@id":"https:\/\/vosgesinfo.fr\/saintdieinfo\/#organization"},"alternateName":"Toute l'actualit\u00e9 de Saint-Di\u00e9-Des-Vosges","potentialAction":[{"@type":"SearchAction","target":{"@type":"EntryPoint","urlTemplate":"https:\/\/vosgesinfo.fr\/saintdieinfo\/?s={search_term_string}"},"query-input":"required name=search_term_string"}],"inLanguage":"fr-FR"},{"@type":"Organization","@id":"https:\/\/vosgesinfo.fr\/saintdieinfo\/#organization","name":"Saint Die Info","url":"https:\/\/vosgesinfo.fr\/saintdieinfo\/","logo":{"@type":"ImageObject","inLanguage":"fr-FR","@id":"https:\/\/vosgesinfo.fr\/saintdieinfo\/#\/schema\/logo\/image\/","url":"https:\/\/vosgesinfo.fr\/app\/uploads\/sites\/4\/2024\/02\/logo-sdi.jpg","contentUrl":"https:\/\/vosgesinfo.fr\/app\/uploads\/sites\/4\/2024\/02\/logo-sdi.jpg","width":600,"height":600,"caption":"Saint Die Info"},"image":{"@id":"https:\/\/vosgesinfo.fr\/saintdieinfo\/#\/schema\/logo\/image\/"},"sameAs":["https:\/\/www.facebook.com\/Saintdieinfofr","https:\/\/x.com\/VosgesInfo88","https:\/\/www.youtube.com\/@vosgesinfo"]},{"@type":"Person","@id":"https:\/\/vosgesinfo.fr\/saintdieinfo\/#\/schema\/person\/fa73e9f726d67bb88f46d5b7943cb572","name":"J.J.","image":{"@type":"ImageObject","inLanguage":"fr-FR","@id":"https:\/\/vosgesinfo.fr\/saintdieinfo\/#\/schema\/person\/image\/","url":"https:\/\/secure.gravatar.com\/avatar\/219e749e47ffbcca018a360ae4add7d4cdf1cdaaf8bc7676b27efade3fe65615?s=96&d=mm&r=g","contentUrl":"https:\/\/secure.gravatar.com\/avatar\/219e749e47ffbcca018a360ae4add7d4cdf1cdaaf8bc7676b27efade3fe65615?s=96&d=mm&r=g","caption":"J.J."},"url":"https:\/\/vosgesinfo.fr\/saintdieinfo\/author\/j-j\/"}]}},"_links":{"self":[{"href":"https:\/\/vosgesinfo.fr\/saintdieinfo\/wp-json\/wp\/v2\/posts\/83866","targetHints":{"allow":["GET"]}}],"collection":[{"href":"https:\/\/vosgesinfo.fr\/saintdieinfo\/wp-json\/wp\/v2\/posts"}],"about":[{"href":"https:\/\/vosgesinfo.fr\/saintdieinfo\/wp-json\/wp\/v2\/types\/post"}],"author":[{"embeddable":true,"href":"https:\/\/vosgesinfo.fr\/saintdieinfo\/wp-json\/wp\/v2\/users\/46"}],"replies":[{"embeddable":true,"href":"https:\/\/vosgesinfo.fr\/saintdieinfo\/wp-json\/wp\/v2\/comments?post=83866"}],"version-history":[{"count":3,"href":"https:\/\/vosgesinfo.fr\/saintdieinfo\/wp-json\/wp\/v2\/posts\/83866\/revisions"}],"predecessor-version":[{"id":83879,"href":"https:\/\/vosgesinfo.fr\/saintdieinfo\/wp-json\/wp\/v2\/posts\/83866\/revisions\/83879"}],"wp:featuredmedia":[{"embeddable":true,"href":"https:\/\/vosgesinfo.fr\/saintdieinfo\/wp-json\/wp\/v2\/media\/83877"}],"wp:attachment":[{"href":"https:\/\/vosgesinfo.fr\/saintdieinfo\/wp-json\/wp\/v2\/media?parent=83866"}],"wp:term":[{"taxonomy":"category","embeddable":true,"href":"https:\/\/vosgesinfo.fr\/saintdieinfo\/wp-json\/wp\/v2\/categories?post=83866"},{"taxonomy":"post_tag","embeddable":true,"href":"https:\/\/vosgesinfo.fr\/saintdieinfo\/wp-json\/wp\/v2\/tags?post=83866"}],"curies":[{"name":"wp","href":"https:\/\/api.w.org\/{rel}","templated":true}]}}