{"id":83882,"date":"2025-10-24T18:21:50","date_gmt":"2025-10-24T16:21:50","guid":{"rendered":"https:\/\/vosgesinfo.fr\/saintdieinfo\/?p=83882"},"modified":"2025-10-24T18:14:09","modified_gmt":"2025-10-24T16:14:09","slug":"vers-un-accueil-de-loisirs-deodatien-a-noel","status":"publish","type":"post","link":"https:\/\/vosgesinfo.fr\/saintdieinfo\/2025\/10\/vers-un-accueil-de-loisirs-deodatien-a-noel\/","title":{"rendered":"Vers un accueil de loisirs d\u00e9odatien \u00e0 No\u00ebl ?"},"content":{"rendered":"<h2 data-start=\"124\" data-end=\"293\">La <strong data-start=\"127\" data-end=\"160\">Ville de Saint-Di\u00e9-des-Vosges<\/strong> envisage d\u2019organiser un <strong data-start=\"185\" data-end=\"238\">accueil de loisirs pour les enfants de 3 \u00e0 13 ans<\/strong>, les <strong data-start=\"244\" data-end=\"290\">lundi 22, mardi 23 et mercredi 24 d\u00e9cembre prochains.<\/strong><\/h2>\n<p data-start=\"124\" data-end=\"293\"><!--more--><\/p>\n<p data-start=\"295\" data-end=\"458\">Afin de <strong data-start=\"303\" data-end=\"345\">mieux \u00e9valuer les besoins des familles<\/strong>, le <strong data-start=\"350\" data-end=\"370\">service Jeunesse<\/strong> profite des vacances d\u2019automne pour lancer une <strong data-start=\"422\" data-end=\"455\">enqu\u00eate aupr\u00e8s des habitants.<\/strong><\/p>\n<p data-start=\"460\" data-end=\"684\" data-is-last-node=\"\" data-is-only-node=\"\">Les familles int\u00e9ress\u00e9es peuvent <strong data-start=\"493\" data-end=\"557\">r\u00e9pondre au questionnaire disponible sur le site de la Ville<\/strong> (<a class=\"decorated-link\" href=\"https:\/\/www.saint-die-des-vosges.fr\" target=\"_blank\" rel=\"noopener\" data-start=\"560\" data-end=\"625\">www.saint-die-des-vosges.fr<\/a>) et le <strong data-start=\"634\" data-end=\"683\">retourner ensuite \u00e0 <a class=\"decorated-link cursor-pointer\" href=\"mailto:direction-jeunesse@ca-saintdie.fr\" target=\"_blank\" rel=\"noopener\" data-start=\"648\" data-end=\"681\">direction-jeunesse@ca-saintdie.fr.<\/a><\/strong><\/p>\n<p data-start=\"460\" data-end=\"684\" data-is-last-node=\"\" data-is-only-node=\"\"><a href=\"https:\/\/vosgesinfo.fr\/app\/uploads\/sites\/4\/2025\/10\/enquete-acceuil-loisirs-noel.jpg\"><img decoding=\"async\" class=\"alignnone size-full wp-image-83883\" src=\"https:\/\/vosgesinfo.fr\/app\/uploads\/sites\/4\/2025\/10\/enquete-acceuil-loisirs-noel.jpg\" alt=\"\" width=\"940\" height=\"788\" srcset=\"https:\/\/vosgesinfo.fr\/app\/uploads\/sites\/4\/2025\/10\/enquete-acceuil-loisirs-noel.jpg 940w, https:\/\/vosgesinfo.fr\/app\/uploads\/sites\/4\/2025\/10\/enquete-acceuil-loisirs-noel-300x251.jpg 300w, https:\/\/vosgesinfo.fr\/app\/uploads\/sites\/4\/2025\/10\/enquete-acceuil-loisirs-noel-768x644.jpg 768w\" sizes=\"(max-width: 940px) 100vw, 940px\" \/><\/a><\/p>\n","protected":false},"excerpt":{"rendered":"<p>La Ville de Saint-Di\u00e9-des-Vosges envisage d\u2019organiser un accueil de loisirs pour les enfants de 3 \u00e0 13 ans, les lundi [&hellip;]<\/p>\n","protected":false},"author":46,"featured_media":83883,"comment_status":"open","ping_status":"open","sticky":false,"template":"","format":"standard","meta":{"footnotes":""},"categories":[3900,3532,20,167],"tags":[9325,3308,18541,3240],"class_list":["post-83882","post","type-post","status-publish","format-standard","has-post-thumbnail","hentry","category-breves","category-enfants","category-loisirs","category-saint-die-des-vosges","tag-accueil-de-loisirs-de-saint-die-des-vosges","tag-enquete-publique","tag-vers-un-accueil-de-loisirs-deodatien-a-noel","tag-ville-de-saint-die-des-vosges"],"acf":[],"yoast_head":"<!-- This site is optimized with the Yoast SEO plugin v22.5 - https:\/\/yoast.com\/wordpress\/plugins\/seo\/ -->\n<title>Vers un accueil de loisirs d\u00e9odatien \u00e0 No\u00ebl ? - Saint Die Info<\/title>\n<meta name=\"robots\" content=\"index, follow, max-snippet:-1, max-image-preview:large, max-video-preview:-1\" \/>\n<link rel=\"canonical\" href=\"https:\/\/vosgesinfo.fr\/saintdieinfo\/2025\/10\/vers-un-accueil-de-loisirs-deodatien-a-noel\/\" \/>\n<meta name=\"twitter:card\" content=\"summary_large_image\" \/>\n<meta name=\"twitter:title\" content=\"Vers un accueil de loisirs d\u00e9odatien \u00e0 No\u00ebl ? - Saint Die Info\" \/>\n<meta name=\"twitter:description\" content=\"La Ville de Saint-Di\u00e9-des-Vosges envisage d\u2019organiser un accueil de loisirs pour les enfants de 3 \u00e0 13 ans, les lundi [&hellip;]\" \/>\n<meta name=\"twitter:image\" content=\"https:\/\/vosgesinfo.fr\/app\/uploads\/sites\/4\/2025\/10\/enquete-acceuil-loisirs-noel.jpg\" \/>\n<meta name=\"twitter:creator\" content=\"@VosgesInfo88\" \/>\n<meta name=\"twitter:site\" content=\"@VosgesInfo88\" \/>\n<meta name=\"twitter:label1\" content=\"\u00c9crit par\" \/>\n\t<meta name=\"twitter:data1\" content=\"J.J.\" \/>\n<script type=\"application\/ld+json\" class=\"yoast-schema-graph\">{\"@context\":\"https:\/\/schema.org\",\"@graph\":[{\"@type\":\"Article\",\"@id\":\"https:\/\/vosgesinfo.fr\/saintdieinfo\/2025\/10\/vers-un-accueil-de-loisirs-deodatien-a-noel\/#article\",\"isPartOf\":{\"@id\":\"https:\/\/vosgesinfo.fr\/saintdieinfo\/2025\/10\/vers-un-accueil-de-loisirs-deodatien-a-noel\/\"},\"author\":{\"name\":\"J.J.\",\"@id\":\"https:\/\/vosgesinfo.fr\/saintdieinfo\/#\/schema\/person\/fa73e9f726d67bb88f46d5b7943cb572\"},\"headline\":\"Vers un accueil de loisirs d\u00e9odatien \u00e0 No\u00ebl ?\",\"datePublished\":\"2025-10-24T16:21:50+00:00\",\"dateModified\":\"2025-10-24T16:14:09+00:00\",\"mainEntityOfPage\":{\"@id\":\"https:\/\/vosgesinfo.fr\/saintdieinfo\/2025\/10\/vers-un-accueil-de-loisirs-deodatien-a-noel\/\"},\"wordCount\":86,\"commentCount\":0,\"publisher\":{\"@id\":\"https:\/\/vosgesinfo.fr\/saintdieinfo\/#organization\"},\"image\":{\"@id\":\"https:\/\/vosgesinfo.fr\/saintdieinfo\/2025\/10\/vers-un-accueil-de-loisirs-deodatien-a-noel\/#primaryimage\"},\"thumbnailUrl\":\"https:\/\/vosgesinfo.fr\/app\/uploads\/sites\/4\/2025\/10\/enquete-acceuil-loisirs-noel.jpg\",\"keywords\":[\"Accueil de loisirs de Saint-Di\u00e9-des-Vosges\",\"Enqu\u00eate publique\",\"Vers un accueil de loisirs d\u00e9odatien \u00e0 No\u00ebl ?\",\"Ville de Saint-Di\u00e9-des-Vosges\"],\"articleSection\":[\"Br\u00e8ves\",\"Enfants\",\"Loisirs\",\"Saint-Di\u00e9-des-Vosges\"],\"inLanguage\":\"fr-FR\",\"potentialAction\":[{\"@type\":\"CommentAction\",\"name\":\"Comment\",\"target\":[\"https:\/\/vosgesinfo.fr\/saintdieinfo\/2025\/10\/vers-un-accueil-de-loisirs-deodatien-a-noel\/#respond\"]}]},{\"@type\":\"WebPage\",\"@id\":\"https:\/\/vosgesinfo.fr\/saintdieinfo\/2025\/10\/vers-un-accueil-de-loisirs-deodatien-a-noel\/\",\"url\":\"https:\/\/vosgesinfo.fr\/saintdieinfo\/2025\/10\/vers-un-accueil-de-loisirs-deodatien-a-noel\/\",\"name\":\"Vers un accueil de loisirs d\u00e9odatien \u00e0 No\u00ebl ? - Saint Die Info\",\"isPartOf\":{\"@id\":\"https:\/\/vosgesinfo.fr\/saintdieinfo\/#website\"},\"primaryImageOfPage\":{\"@id\":\"https:\/\/vosgesinfo.fr\/saintdieinfo\/2025\/10\/vers-un-accueil-de-loisirs-deodatien-a-noel\/#primaryimage\"},\"image\":{\"@id\":\"https:\/\/vosgesinfo.fr\/saintdieinfo\/2025\/10\/vers-un-accueil-de-loisirs-deodatien-a-noel\/#primaryimage\"},\"thumbnailUrl\":\"https:\/\/vosgesinfo.fr\/app\/uploads\/sites\/4\/2025\/10\/enquete-acceuil-loisirs-noel.jpg\",\"datePublished\":\"2025-10-24T16:21:50+00:00\",\"dateModified\":\"2025-10-24T16:14:09+00:00\",\"breadcrumb\":{\"@id\":\"https:\/\/vosgesinfo.fr\/saintdieinfo\/2025\/10\/vers-un-accueil-de-loisirs-deodatien-a-noel\/#breadcrumb\"},\"inLanguage\":\"fr-FR\",\"potentialAction\":[{\"@type\":\"ReadAction\",\"target\":[\"https:\/\/vosgesinfo.fr\/saintdieinfo\/2025\/10\/vers-un-accueil-de-loisirs-deodatien-a-noel\/\"]}]},{\"@type\":\"ImageObject\",\"inLanguage\":\"fr-FR\",\"@id\":\"https:\/\/vosgesinfo.fr\/saintdieinfo\/2025\/10\/vers-un-accueil-de-loisirs-deodatien-a-noel\/#primaryimage\",\"url\":\"https:\/\/vosgesinfo.fr\/app\/uploads\/sites\/4\/2025\/10\/enquete-acceuil-loisirs-noel.jpg\",\"contentUrl\":\"https:\/\/vosgesinfo.fr\/app\/uploads\/sites\/4\/2025\/10\/enquete-acceuil-loisirs-noel.jpg\",\"width\":940,\"height\":788},{\"@type\":\"BreadcrumbList\",\"@id\":\"https:\/\/vosgesinfo.fr\/saintdieinfo\/2025\/10\/vers-un-accueil-de-loisirs-deodatien-a-noel\/#breadcrumb\",\"itemListElement\":[{\"@type\":\"ListItem\",\"position\":1,\"name\":\"Home\",\"item\":\"https:\/\/vosgesinfo.fr\/saintdieinfo\/\"},{\"@type\":\"ListItem\",\"position\":2,\"name\":\"Vers un accueil de loisirs d\u00e9odatien \u00e0 No\u00ebl ?\"}]},{\"@type\":\"WebSite\",\"@id\":\"https:\/\/vosgesinfo.fr\/saintdieinfo\/#website\",\"url\":\"https:\/\/vosgesinfo.fr\/saintdieinfo\/\",\"name\":\"Saint Die Info\",\"description\":\"Toute l&#039;actualit\u00e9 de Saint-Di\u00e9-Des-Vosges\",\"publisher\":{\"@id\":\"https:\/\/vosgesinfo.fr\/saintdieinfo\/#organization\"},\"alternateName\":\"Toute l'actualit\u00e9 de Saint-Di\u00e9-Des-Vosges\",\"potentialAction\":[{\"@type\":\"SearchAction\",\"target\":{\"@type\":\"EntryPoint\",\"urlTemplate\":\"https:\/\/vosgesinfo.fr\/saintdieinfo\/?s={search_term_string}\"},\"query-input\":\"required name=search_term_string\"}],\"inLanguage\":\"fr-FR\"},{\"@type\":\"Organization\",\"@id\":\"https:\/\/vosgesinfo.fr\/saintdieinfo\/#organization\",\"name\":\"Saint Die Info\",\"url\":\"https:\/\/vosgesinfo.fr\/saintdieinfo\/\",\"logo\":{\"@type\":\"ImageObject\",\"inLanguage\":\"fr-FR\",\"@id\":\"https:\/\/vosgesinfo.fr\/saintdieinfo\/#\/schema\/logo\/image\/\",\"url\":\"https:\/\/vosgesinfo.fr\/app\/uploads\/sites\/4\/2024\/02\/logo-sdi.jpg\",\"contentUrl\":\"https:\/\/vosgesinfo.fr\/app\/uploads\/sites\/4\/2024\/02\/logo-sdi.jpg\",\"width\":600,\"height\":600,\"caption\":\"Saint Die Info\"},\"image\":{\"@id\":\"https:\/\/vosgesinfo.fr\/saintdieinfo\/#\/schema\/logo\/image\/\"},\"sameAs\":[\"https:\/\/www.facebook.com\/Saintdieinfofr\",\"https:\/\/x.com\/VosgesInfo88\",\"https:\/\/www.youtube.com\/@vosgesinfo\"]},{\"@type\":\"Person\",\"@id\":\"https:\/\/vosgesinfo.fr\/saintdieinfo\/#\/schema\/person\/fa73e9f726d67bb88f46d5b7943cb572\",\"name\":\"J.J.\",\"image\":{\"@type\":\"ImageObject\",\"inLanguage\":\"fr-FR\",\"@id\":\"https:\/\/vosgesinfo.fr\/saintdieinfo\/#\/schema\/person\/image\/\",\"url\":\"https:\/\/secure.gravatar.com\/avatar\/219e749e47ffbcca018a360ae4add7d4cdf1cdaaf8bc7676b27efade3fe65615?s=96&d=mm&r=g\",\"contentUrl\":\"https:\/\/secure.gravatar.com\/avatar\/219e749e47ffbcca018a360ae4add7d4cdf1cdaaf8bc7676b27efade3fe65615?s=96&d=mm&r=g\",\"caption\":\"J.J.\"},\"url\":\"https:\/\/vosgesinfo.fr\/saintdieinfo\/author\/j-j\/\"}]}<\/script>\n<!-- \/ Yoast SEO plugin. -->","yoast_head_json":{"title":"Vers un accueil de loisirs d\u00e9odatien \u00e0 No\u00ebl ? - Saint Die Info","robots":{"index":"index","follow":"follow","max-snippet":"max-snippet:-1","max-image-preview":"max-image-preview:large","max-video-preview":"max-video-preview:-1"},"canonical":"https:\/\/vosgesinfo.fr\/saintdieinfo\/2025\/10\/vers-un-accueil-de-loisirs-deodatien-a-noel\/","twitter_card":"summary_large_image","twitter_title":"Vers un accueil de loisirs d\u00e9odatien \u00e0 No\u00ebl ? - Saint Die Info","twitter_description":"La Ville de Saint-Di\u00e9-des-Vosges envisage d\u2019organiser un accueil de loisirs pour les enfants de 3 \u00e0 13 ans, les lundi [&hellip;]","twitter_image":"https:\/\/vosgesinfo.fr\/app\/uploads\/sites\/4\/2025\/10\/enquete-acceuil-loisirs-noel.jpg","twitter_creator":"@VosgesInfo88","twitter_site":"@VosgesInfo88","twitter_misc":{"\u00c9crit par":"J.J."},"schema":{"@context":"https:\/\/schema.org","@graph":[{"@type":"Article","@id":"https:\/\/vosgesinfo.fr\/saintdieinfo\/2025\/10\/vers-un-accueil-de-loisirs-deodatien-a-noel\/#article","isPartOf":{"@id":"https:\/\/vosgesinfo.fr\/saintdieinfo\/2025\/10\/vers-un-accueil-de-loisirs-deodatien-a-noel\/"},"author":{"name":"J.J.","@id":"https:\/\/vosgesinfo.fr\/saintdieinfo\/#\/schema\/person\/fa73e9f726d67bb88f46d5b7943cb572"},"headline":"Vers un accueil de loisirs d\u00e9odatien \u00e0 No\u00ebl ?","datePublished":"2025-10-24T16:21:50+00:00","dateModified":"2025-10-24T16:14:09+00:00","mainEntityOfPage":{"@id":"https:\/\/vosgesinfo.fr\/saintdieinfo\/2025\/10\/vers-un-accueil-de-loisirs-deodatien-a-noel\/"},"wordCount":86,"commentCount":0,"publisher":{"@id":"https:\/\/vosgesinfo.fr\/saintdieinfo\/#organization"},"image":{"@id":"https:\/\/vosgesinfo.fr\/saintdieinfo\/2025\/10\/vers-un-accueil-de-loisirs-deodatien-a-noel\/#primaryimage"},"thumbnailUrl":"https:\/\/vosgesinfo.fr\/app\/uploads\/sites\/4\/2025\/10\/enquete-acceuil-loisirs-noel.jpg","keywords":["Accueil de loisirs de Saint-Di\u00e9-des-Vosges","Enqu\u00eate publique","Vers un accueil de loisirs d\u00e9odatien \u00e0 No\u00ebl ?","Ville de Saint-Di\u00e9-des-Vosges"],"articleSection":["Br\u00e8ves","Enfants","Loisirs","Saint-Di\u00e9-des-Vosges"],"inLanguage":"fr-FR","potentialAction":[{"@type":"CommentAction","name":"Comment","target":["https:\/\/vosgesinfo.fr\/saintdieinfo\/2025\/10\/vers-un-accueil-de-loisirs-deodatien-a-noel\/#respond"]}]},{"@type":"WebPage","@id":"https:\/\/vosgesinfo.fr\/saintdieinfo\/2025\/10\/vers-un-accueil-de-loisirs-deodatien-a-noel\/","url":"https:\/\/vosgesinfo.fr\/saintdieinfo\/2025\/10\/vers-un-accueil-de-loisirs-deodatien-a-noel\/","name":"Vers un accueil de loisirs d\u00e9odatien \u00e0 No\u00ebl ? - Saint Die Info","isPartOf":{"@id":"https:\/\/vosgesinfo.fr\/saintdieinfo\/#website"},"primaryImageOfPage":{"@id":"https:\/\/vosgesinfo.fr\/saintdieinfo\/2025\/10\/vers-un-accueil-de-loisirs-deodatien-a-noel\/#primaryimage"},"image":{"@id":"https:\/\/vosgesinfo.fr\/saintdieinfo\/2025\/10\/vers-un-accueil-de-loisirs-deodatien-a-noel\/#primaryimage"},"thumbnailUrl":"https:\/\/vosgesinfo.fr\/app\/uploads\/sites\/4\/2025\/10\/enquete-acceuil-loisirs-noel.jpg","datePublished":"2025-10-24T16:21:50+00:00","dateModified":"2025-10-24T16:14:09+00:00","breadcrumb":{"@id":"https:\/\/vosgesinfo.fr\/saintdieinfo\/2025\/10\/vers-un-accueil-de-loisirs-deodatien-a-noel\/#breadcrumb"},"inLanguage":"fr-FR","potentialAction":[{"@type":"ReadAction","target":["https:\/\/vosgesinfo.fr\/saintdieinfo\/2025\/10\/vers-un-accueil-de-loisirs-deodatien-a-noel\/"]}]},{"@type":"ImageObject","inLanguage":"fr-FR","@id":"https:\/\/vosgesinfo.fr\/saintdieinfo\/2025\/10\/vers-un-accueil-de-loisirs-deodatien-a-noel\/#primaryimage","url":"https:\/\/vosgesinfo.fr\/app\/uploads\/sites\/4\/2025\/10\/enquete-acceuil-loisirs-noel.jpg","contentUrl":"https:\/\/vosgesinfo.fr\/app\/uploads\/sites\/4\/2025\/10\/enquete-acceuil-loisirs-noel.jpg","width":940,"height":788},{"@type":"BreadcrumbList","@id":"https:\/\/vosgesinfo.fr\/saintdieinfo\/2025\/10\/vers-un-accueil-de-loisirs-deodatien-a-noel\/#breadcrumb","itemListElement":[{"@type":"ListItem","position":1,"name":"Home","item":"https:\/\/vosgesinfo.fr\/saintdieinfo\/"},{"@type":"ListItem","position":2,"name":"Vers un accueil de loisirs d\u00e9odatien \u00e0 No\u00ebl ?"}]},{"@type":"WebSite","@id":"https:\/\/vosgesinfo.fr\/saintdieinfo\/#website","url":"https:\/\/vosgesinfo.fr\/saintdieinfo\/","name":"Saint Die Info","description":"Toute l&#039;actualit\u00e9 de Saint-Di\u00e9-Des-Vosges","publisher":{"@id":"https:\/\/vosgesinfo.fr\/saintdieinfo\/#organization"},"alternateName":"Toute l'actualit\u00e9 de Saint-Di\u00e9-Des-Vosges","potentialAction":[{"@type":"SearchAction","target":{"@type":"EntryPoint","urlTemplate":"https:\/\/vosgesinfo.fr\/saintdieinfo\/?s={search_term_string}"},"query-input":"required name=search_term_string"}],"inLanguage":"fr-FR"},{"@type":"Organization","@id":"https:\/\/vosgesinfo.fr\/saintdieinfo\/#organization","name":"Saint Die Info","url":"https:\/\/vosgesinfo.fr\/saintdieinfo\/","logo":{"@type":"ImageObject","inLanguage":"fr-FR","@id":"https:\/\/vosgesinfo.fr\/saintdieinfo\/#\/schema\/logo\/image\/","url":"https:\/\/vosgesinfo.fr\/app\/uploads\/sites\/4\/2024\/02\/logo-sdi.jpg","contentUrl":"https:\/\/vosgesinfo.fr\/app\/uploads\/sites\/4\/2024\/02\/logo-sdi.jpg","width":600,"height":600,"caption":"Saint Die Info"},"image":{"@id":"https:\/\/vosgesinfo.fr\/saintdieinfo\/#\/schema\/logo\/image\/"},"sameAs":["https:\/\/www.facebook.com\/Saintdieinfofr","https:\/\/x.com\/VosgesInfo88","https:\/\/www.youtube.com\/@vosgesinfo"]},{"@type":"Person","@id":"https:\/\/vosgesinfo.fr\/saintdieinfo\/#\/schema\/person\/fa73e9f726d67bb88f46d5b7943cb572","name":"J.J.","image":{"@type":"ImageObject","inLanguage":"fr-FR","@id":"https:\/\/vosgesinfo.fr\/saintdieinfo\/#\/schema\/person\/image\/","url":"https:\/\/secure.gravatar.com\/avatar\/219e749e47ffbcca018a360ae4add7d4cdf1cdaaf8bc7676b27efade3fe65615?s=96&d=mm&r=g","contentUrl":"https:\/\/secure.gravatar.com\/avatar\/219e749e47ffbcca018a360ae4add7d4cdf1cdaaf8bc7676b27efade3fe65615?s=96&d=mm&r=g","caption":"J.J."},"url":"https:\/\/vosgesinfo.fr\/saintdieinfo\/author\/j-j\/"}]}},"_links":{"self":[{"href":"https:\/\/vosgesinfo.fr\/saintdieinfo\/wp-json\/wp\/v2\/posts\/83882","targetHints":{"allow":["GET"]}}],"collection":[{"href":"https:\/\/vosgesinfo.fr\/saintdieinfo\/wp-json\/wp\/v2\/posts"}],"about":[{"href":"https:\/\/vosgesinfo.fr\/saintdieinfo\/wp-json\/wp\/v2\/types\/post"}],"author":[{"embeddable":true,"href":"https:\/\/vosgesinfo.fr\/saintdieinfo\/wp-json\/wp\/v2\/users\/46"}],"replies":[{"embeddable":true,"href":"https:\/\/vosgesinfo.fr\/saintdieinfo\/wp-json\/wp\/v2\/comments?post=83882"}],"version-history":[{"count":1,"href":"https:\/\/vosgesinfo.fr\/saintdieinfo\/wp-json\/wp\/v2\/posts\/83882\/revisions"}],"predecessor-version":[{"id":83884,"href":"https:\/\/vosgesinfo.fr\/saintdieinfo\/wp-json\/wp\/v2\/posts\/83882\/revisions\/83884"}],"wp:featuredmedia":[{"embeddable":true,"href":"https:\/\/vosgesinfo.fr\/saintdieinfo\/wp-json\/wp\/v2\/media\/83883"}],"wp:attachment":[{"href":"https:\/\/vosgesinfo.fr\/saintdieinfo\/wp-json\/wp\/v2\/media?parent=83882"}],"wp:term":[{"taxonomy":"category","embeddable":true,"href":"https:\/\/vosgesinfo.fr\/saintdieinfo\/wp-json\/wp\/v2\/categories?post=83882"},{"taxonomy":"post_tag","embeddable":true,"href":"https:\/\/vosgesinfo.fr\/saintdieinfo\/wp-json\/wp\/v2\/tags?post=83882"}],"curies":[{"name":"wp","href":"https:\/\/api.w.org\/{rel}","templated":true}]}}