{"id":83903,"date":"2025-10-25T14:31:14","date_gmt":"2025-10-25T12:31:14","guid":{"rendered":"https:\/\/vosgesinfo.fr\/saintdieinfo\/?p=83903"},"modified":"2025-10-25T14:28:10","modified_gmt":"2025-10-25T12:28:10","slug":"des-familles-des-4-coins-de-la-france-decouvrent-les-vosges-avant-une-possible-installation","status":"publish","type":"post","link":"https:\/\/vosgesinfo.fr\/saintdieinfo\/2025\/10\/des-familles-des-4-coins-de-la-france-decouvrent-les-vosges-avant-une-possible-installation\/","title":{"rendered":"Des familles des 4 coins de la France d\u00e9couvrent les Vosges avant une possible installation"},"content":{"rendered":"<h3><a href=\"https:\/\/vosgesinfo.fr\/app\/uploads\/sites\/4\/2025\/10\/week-end-immersion-familles-installation-vosges-3.jpg\"><img decoding=\"async\" class=\"alignnone size-large wp-image-83896\" src=\"https:\/\/vosgesinfo.fr\/app\/uploads\/sites\/4\/2025\/10\/week-end-immersion-familles-installation-vosges-3-1024x771.jpg\" alt=\"\" width=\"1024\" height=\"771\" srcset=\"https:\/\/vosgesinfo.fr\/app\/uploads\/sites\/4\/2025\/10\/week-end-immersion-familles-installation-vosges-3-1024x771.jpg 1024w, https:\/\/vosgesinfo.fr\/app\/uploads\/sites\/4\/2025\/10\/week-end-immersion-familles-installation-vosges-3-300x226.jpg 300w, https:\/\/vosgesinfo.fr\/app\/uploads\/sites\/4\/2025\/10\/week-end-immersion-familles-installation-vosges-3-768x578.jpg 768w, https:\/\/vosgesinfo.fr\/app\/uploads\/sites\/4\/2025\/10\/week-end-immersion-familles-installation-vosges-3.jpg 1434w\" sizes=\"(max-width: 1024px) 100vw, 1024px\" \/><\/a><\/h3>\n<h2>Ces <strong>vendredi 24, samedi 25 et dimanche 26 octobre<\/strong>, une <strong>douzaine de familles<\/strong> s\u00e9journe dans les Vosges pour d\u00e9couvrir le territoire en vue d\u2019une <strong>future installation<\/strong>. Ce week-end d\u2019immersion, organis\u00e9 et initi\u00e9 par le <strong>Conseil D\u00e9partemental des Vosges<\/strong>, marque la <strong>troisi\u00e8me \u00e9dition<\/strong> de cette op\u00e9ration n\u00e9e en 2022 et baptis\u00e9e <strong>\u00ab Installation-Int\u00e9gration \u00bb.<\/strong> L\u2019objectif \u00e9tant d&rsquo;<strong>attirer de nouveaux habitants<\/strong> via la d\u00e9couverte des <strong>atouts du territoire vosgien<\/strong>.<\/h2>\n<p><!--more--><\/p>\n<h3><strong>Accueil \u00e0 La Boussole ce samedi matin<\/strong><\/h3>\n<p>Ces familles, <strong>s\u00e9lectionn\u00e9es pour la solidit\u00e9 de leur projet<\/strong>, \u00e9taient accueillies ce <strong>samedi matin \u00e0 La Boussole de Saint-Di\u00e9-des-Vosges<\/strong>, par <strong>Fran\u00e7ois Vannson<\/strong>, pr\u00e9sident du <strong>Conseil D\u00e9partemental des Vosges<\/strong>, <strong>J\u00e9r\u00f4me Mathieu<\/strong>, vice-pr\u00e9sident du D\u00e9partement et de la <strong>Communaut\u00e9 de Communes des Hautes Vosges<\/strong>, ainsi que par <strong>Claude Georges<\/strong>, pr\u00e9sident de l\u2019<strong>Agglom\u00e9ration d\u00e9odatienne<\/strong>.<\/p>\n<h3><strong>Un programme de week-end charg\u00e9<\/strong><\/h3>\n<p>Le <strong>programme du week-end<\/strong> s\u2019est ouvert d\u00e8s vendredi, avec <strong>l\u2019arriv\u00e9e des participants \u00e0 Saint-Di\u00e9-des-Vosges<\/strong>, suivie de rendez-vous professionnels personnalis\u00e9s et d\u2019une nuit\u00e9e sur place.<\/p>\n<p>La journ\u00e9e de ce samedi 25 octobre est rythm\u00e9 par un <strong>accueil caf\u00e9 \u00e0 La Boussole<\/strong>, une <strong>conf\u00e9rence en tables rondes<\/strong>, des <strong>rencontres avec des familles install\u00e9es<\/strong>, un <strong>buffet de produits locaux<\/strong>, puis des <strong>visites de Saint-Di\u00e9-des-Vosges<\/strong> et de la <strong>Confiserie des Hautes Vosges<\/strong>, avant une <strong>soir\u00e9e conviviale \u00e0 La Bresse<\/strong>.<\/p>\n<p>Demain dimanche, les familles partageront un petit d\u00e9jeuner au g\u00eete, avant une <strong>balade en montagne<\/strong> ou une <strong>baignade en piscine int\u00e9rieure<\/strong>, le tout se conclura par un <strong>repas convivial<\/strong> et le <strong>d\u00e9part dans l\u2019apr\u00e8s-midi<\/strong>.<\/p>\n<h3><strong>Un D\u00e9partement rural, industriel et touristique<\/strong><\/h3>\n<p>Comme l\u2019a rappel\u00e9 ce matin <strong>Fran\u00e7ois Vannson<\/strong> : \u00ab Les Vosges sont un d\u00e9partement \u00e0 <strong>vocation rurale et agricole<\/strong>, mais aussi <strong>industrielle<\/strong>, avec <strong>23 % de Vosgiens travaillant encore dans l\u2019industrie<\/strong>. C\u2019est \u00e9galement un territoire \u00e0 <strong>vocation touristique<\/strong>, avec <strong>4 millions de nuit\u00e9es annuelles<\/strong>, et un <strong>d\u00e9partement d\u00e9senclav\u00e9, bien desservi par le train<\/strong>, avec notamment des <strong>TGV \u00e0 \u00c9pinal, Saint-Di\u00e9-des-Vosges et Remiremont<\/strong>. \u00bb<\/p>\n<h3><strong>Une strat\u00e9gie d\u2019attractivit\u00e9 territoriale<\/strong><\/h3>\n<p>Pour mener \u00e0 bien cette d\u00e9marche d&rsquo;attractivit\u00e9, le D\u00e9partement collabore avec <strong>Laou<\/strong>, une <strong>start-up sp\u00e9cialis\u00e9e dans la promotion des territoires<\/strong> et l\u2019accompagnement \u00e0 la mobilit\u00e9 r\u00e9sidentielle. Ensemble, ils accompagnent les familles candidates dans toutes les \u00e9tapes de leur projet, un <strong>processus s\u2019\u00e9talant sur six \u00e0 neuf mois<\/strong>.<\/p>\n<h3><strong>Un contexte d\u00e9mographique fragile<\/strong><\/h3>\n<p>Avec une population estim\u00e9e \u00e0 <strong>356 433 habitants en 2023<\/strong>, contre <strong>360 673 au 1\u1d49\u02b3 janvier 2021<\/strong>, le d\u00e9partement enregistre une <strong>baisse moyenne de 0,5 % par an<\/strong> depuis 2016. Cette diminution s\u2019explique \u00e0 \u20130,4 % par un solde naturel n\u00e9gatif et \u00e0 \u20130,1 % par un solde migratoire d\u00e9ficitaire. Selon les derni\u00e8res donn\u00e9es de l\u2019INSEE, les <strong>0-14 ans repr\u00e9sentent 15,7 %<\/strong> de la population, tandis que les <strong>60-74 ans atteignent 20,8 %<\/strong>.<\/p>\n<h3><strong>Relancer l\u2019attractivit\u00e9 r\u00e9sidentielle des Vosges<\/strong><\/h3>\n<p>Face \u00e0 ce <strong>vieillissement d\u00e9mographique<\/strong> et \u00e0 la <strong>perte annuelle d\u2019environ 1 900 habitants<\/strong>, le Conseil D\u00e9partemental vise, \u00e0 travers l&rsquo;initiative \u00ab Installation-Int\u00e9gration \u00bb, \u00e0 <strong>relancer l\u2019attractivit\u00e9 r\u00e9sidentielle<\/strong> des Vosges.<\/p>\n\n\t\t<style type=\"text\/css\">\n\t\t\t#gallery-1 {\n\t\t\t\tmargin: auto;\n\t\t\t}\n\t\t\t#gallery-1 .gallery-item {\n\t\t\t\tfloat: left;\n\t\t\t\tmargin-top: 10px;\n\t\t\t\ttext-align: center;\n\t\t\t\twidth: 33%;\n\t\t\t}\n\t\t\t#gallery-1 img {\n\t\t\t\tborder: 2px solid #cfcfcf;\n\t\t\t}\n\t\t\t#gallery-1 .gallery-caption {\n\t\t\t\tmargin-left: 0;\n\t\t\t}\n\t\t\t\/* see gallery_shortcode() in wp-includes\/media.php *\/\n\t\t<\/style>\n\t\t<div id='gallery-1' class='gallery galleryid-83903 gallery-columns-3 gallery-size-thumbnail'><dl class='gallery-item'>\n\t\t\t<dt class='gallery-icon landscape'>\n\t\t\t\t<a href='https:\/\/vosgesinfo.fr\/app\/uploads\/sites\/4\/2025\/10\/week-end-immersion-familles-installation-vosges-4.jpg'><img decoding=\"async\" width=\"150\" height=\"150\" src=\"https:\/\/vosgesinfo.fr\/app\/uploads\/sites\/4\/2025\/10\/week-end-immersion-familles-installation-vosges-4-150x150.jpg\" class=\"attachment-thumbnail size-thumbnail\" alt=\"\" \/><\/a>\n\t\t\t<\/dt><\/dl><dl class='gallery-item'>\n\t\t\t<dt class='gallery-icon landscape'>\n\t\t\t\t<a href='https:\/\/vosgesinfo.fr\/app\/uploads\/sites\/4\/2025\/10\/week-end-immersion-familles-installation-vosges-5.jpg'><img decoding=\"async\" width=\"150\" height=\"150\" src=\"https:\/\/vosgesinfo.fr\/app\/uploads\/sites\/4\/2025\/10\/week-end-immersion-familles-installation-vosges-5-150x150.jpg\" class=\"attachment-thumbnail size-thumbnail\" alt=\"\" \/><\/a>\n\t\t\t<\/dt><\/dl><dl class='gallery-item'>\n\t\t\t<dt class='gallery-icon landscape'>\n\t\t\t\t<a href='https:\/\/vosgesinfo.fr\/app\/uploads\/sites\/4\/2025\/10\/week-end-immersion-familles-installation-vosges-6.jpg'><img decoding=\"async\" width=\"150\" height=\"150\" src=\"https:\/\/vosgesinfo.fr\/app\/uploads\/sites\/4\/2025\/10\/week-end-immersion-familles-installation-vosges-6-150x150.jpg\" class=\"attachment-thumbnail size-thumbnail\" alt=\"\" \/><\/a>\n\t\t\t<\/dt><\/dl><br style=\"clear: both\" \/><dl class='gallery-item'>\n\t\t\t<dt class='gallery-icon landscape'>\n\t\t\t\t<a href='https:\/\/vosgesinfo.fr\/app\/uploads\/sites\/4\/2025\/10\/week-end-immersion-familles-installation-vosges-1.jpg'><img decoding=\"async\" width=\"150\" height=\"150\" src=\"https:\/\/vosgesinfo.fr\/app\/uploads\/sites\/4\/2025\/10\/week-end-immersion-familles-installation-vosges-1-150x150.jpg\" class=\"attachment-thumbnail size-thumbnail\" alt=\"\" \/><\/a>\n\t\t\t<\/dt><\/dl><dl class='gallery-item'>\n\t\t\t<dt class='gallery-icon landscape'>\n\t\t\t\t<a href='https:\/\/vosgesinfo.fr\/app\/uploads\/sites\/4\/2025\/10\/week-end-immersion-familles-installation-vosges-2.jpg'><img decoding=\"async\" width=\"150\" height=\"150\" src=\"https:\/\/vosgesinfo.fr\/app\/uploads\/sites\/4\/2025\/10\/week-end-immersion-familles-installation-vosges-2-150x150.jpg\" class=\"attachment-thumbnail size-thumbnail\" alt=\"\" \/><\/a>\n\t\t\t<\/dt><\/dl>\n\t\t\t<br style='clear: both' \/>\n\t\t<\/div>\n\n","protected":false},"excerpt":{"rendered":"<p>Ces vendredi 24, samedi 25 et dimanche 26 octobre, une douzaine de familles s\u00e9journe dans les Vosges pour d\u00e9couvrir le [&hellip;]<\/p>\n","protected":false},"author":46,"featured_media":83896,"comment_status":"open","ping_status":"open","sticky":false,"template":"","format":"standard","meta":{"footnotes":""},"categories":[460,5392,5391,5389,4099,2915,18],"tags":[18460,9241,529,18543,3027,18544],"class_list":["post-83903","post","type-post","status-publish","format-standard","has-post-thumbnail","hentry","category-a-la-une","category-epinal","category-gerardmer","category-la-plaine-des-vosges","category-remiremont","category-saint-die-son-canton","category-vosges","tag-agglomeration-de-saint-die-des-vosges","tag-communaute-de-communes-des-hautes-vosges","tag-conseil-departemental-des-vosges","tag-des-familles-des-4-coins-de-la-france-decouvrent-les-vosges-avant-une-possible-installation","tag-la-boussole","tag-laou"],"acf":[],"yoast_head":"<!-- This site is optimized with the Yoast SEO plugin v22.5 - https:\/\/yoast.com\/wordpress\/plugins\/seo\/ -->\n<title>Des familles des 4 coins de la France d\u00e9couvrent les Vosges avant une possible installation - Saint Die Info<\/title>\n<meta name=\"robots\" content=\"index, follow, max-snippet:-1, max-image-preview:large, max-video-preview:-1\" \/>\n<link rel=\"canonical\" href=\"https:\/\/vosgesinfo.fr\/saintdieinfo\/2025\/10\/des-familles-des-4-coins-de-la-france-decouvrent-les-vosges-avant-une-possible-installation\/\" \/>\n<meta name=\"twitter:card\" content=\"summary_large_image\" \/>\n<meta name=\"twitter:title\" content=\"Des familles des 4 coins de la France d\u00e9couvrent les Vosges avant une possible installation - Saint Die Info\" \/>\n<meta name=\"twitter:description\" content=\"Ces vendredi 24, samedi 25 et dimanche 26 octobre, une douzaine de familles s\u00e9journe dans les Vosges pour d\u00e9couvrir le [&hellip;]\" \/>\n<meta name=\"twitter:image\" content=\"https:\/\/vosgesinfo.fr\/app\/uploads\/sites\/4\/2025\/10\/week-end-immersion-familles-installation-vosges-3.jpg\" \/>\n<meta name=\"twitter:creator\" content=\"@VosgesInfo88\" \/>\n<meta name=\"twitter:site\" content=\"@VosgesInfo88\" \/>\n<meta name=\"twitter:label1\" content=\"\u00c9crit par\" \/>\n\t<meta name=\"twitter:data1\" content=\"J.J.\" \/>\n\t<meta name=\"twitter:label2\" content=\"Dur\u00e9e de lecture estim\u00e9e\" \/>\n\t<meta name=\"twitter:data2\" content=\"3 minutes\" \/>\n<script type=\"application\/ld+json\" class=\"yoast-schema-graph\">{\"@context\":\"https:\/\/schema.org\",\"@graph\":[{\"@type\":\"Article\",\"@id\":\"https:\/\/vosgesinfo.fr\/saintdieinfo\/2025\/10\/des-familles-des-4-coins-de-la-france-decouvrent-les-vosges-avant-une-possible-installation\/#article\",\"isPartOf\":{\"@id\":\"https:\/\/vosgesinfo.fr\/saintdieinfo\/2025\/10\/des-familles-des-4-coins-de-la-france-decouvrent-les-vosges-avant-une-possible-installation\/\"},\"author\":{\"name\":\"J.J.\",\"@id\":\"https:\/\/vosgesinfo.fr\/saintdieinfo\/#\/schema\/person\/fa73e9f726d67bb88f46d5b7943cb572\"},\"headline\":\"Des familles des 4 coins de la France d\u00e9couvrent les Vosges avant une possible installation\",\"datePublished\":\"2025-10-25T12:31:14+00:00\",\"dateModified\":\"2025-10-25T12:28:10+00:00\",\"mainEntityOfPage\":{\"@id\":\"https:\/\/vosgesinfo.fr\/saintdieinfo\/2025\/10\/des-familles-des-4-coins-de-la-france-decouvrent-les-vosges-avant-une-possible-installation\/\"},\"wordCount\":522,\"commentCount\":4,\"publisher\":{\"@id\":\"https:\/\/vosgesinfo.fr\/saintdieinfo\/#organization\"},\"image\":{\"@id\":\"https:\/\/vosgesinfo.fr\/saintdieinfo\/2025\/10\/des-familles-des-4-coins-de-la-france-decouvrent-les-vosges-avant-une-possible-installation\/#primaryimage\"},\"thumbnailUrl\":\"https:\/\/vosgesinfo.fr\/app\/uploads\/sites\/4\/2025\/10\/week-end-immersion-familles-installation-vosges-3.jpg\",\"keywords\":[\"Agglom\u00e9ration de Saint-Di\u00e9-des-Vosges\",\"Communaut\u00e9 de Communes des Hautes-Vosges\",\"Conseil d\u00e9partemental des Vosges\",\"Des familles des 4 coins de la France d\u00e9couvrent les Vosges avant une possible installation\",\"La Boussole\",\"Laou\"],\"articleSection\":[\"A la Une\",\"Epinal\",\"Gerardmer\",\"La plaine des vosges\",\"Remiremont\",\"Saint-Di\u00e9-des-Vosges et son Agglom\u00e9ration\",\"Vosges\"],\"inLanguage\":\"fr-FR\",\"potentialAction\":[{\"@type\":\"CommentAction\",\"name\":\"Comment\",\"target\":[\"https:\/\/vosgesinfo.fr\/saintdieinfo\/2025\/10\/des-familles-des-4-coins-de-la-france-decouvrent-les-vosges-avant-une-possible-installation\/#respond\"]}]},{\"@type\":\"WebPage\",\"@id\":\"https:\/\/vosgesinfo.fr\/saintdieinfo\/2025\/10\/des-familles-des-4-coins-de-la-france-decouvrent-les-vosges-avant-une-possible-installation\/\",\"url\":\"https:\/\/vosgesinfo.fr\/saintdieinfo\/2025\/10\/des-familles-des-4-coins-de-la-france-decouvrent-les-vosges-avant-une-possible-installation\/\",\"name\":\"Des familles des 4 coins de la France d\u00e9couvrent les Vosges avant une possible installation - Saint Die Info\",\"isPartOf\":{\"@id\":\"https:\/\/vosgesinfo.fr\/saintdieinfo\/#website\"},\"primaryImageOfPage\":{\"@id\":\"https:\/\/vosgesinfo.fr\/saintdieinfo\/2025\/10\/des-familles-des-4-coins-de-la-france-decouvrent-les-vosges-avant-une-possible-installation\/#primaryimage\"},\"image\":{\"@id\":\"https:\/\/vosgesinfo.fr\/saintdieinfo\/2025\/10\/des-familles-des-4-coins-de-la-france-decouvrent-les-vosges-avant-une-possible-installation\/#primaryimage\"},\"thumbnailUrl\":\"https:\/\/vosgesinfo.fr\/app\/uploads\/sites\/4\/2025\/10\/week-end-immersion-familles-installation-vosges-3.jpg\",\"datePublished\":\"2025-10-25T12:31:14+00:00\",\"dateModified\":\"2025-10-25T12:28:10+00:00\",\"breadcrumb\":{\"@id\":\"https:\/\/vosgesinfo.fr\/saintdieinfo\/2025\/10\/des-familles-des-4-coins-de-la-france-decouvrent-les-vosges-avant-une-possible-installation\/#breadcrumb\"},\"inLanguage\":\"fr-FR\",\"potentialAction\":[{\"@type\":\"ReadAction\",\"target\":[\"https:\/\/vosgesinfo.fr\/saintdieinfo\/2025\/10\/des-familles-des-4-coins-de-la-france-decouvrent-les-vosges-avant-une-possible-installation\/\"]}]},{\"@type\":\"ImageObject\",\"inLanguage\":\"fr-FR\",\"@id\":\"https:\/\/vosgesinfo.fr\/saintdieinfo\/2025\/10\/des-familles-des-4-coins-de-la-france-decouvrent-les-vosges-avant-une-possible-installation\/#primaryimage\",\"url\":\"https:\/\/vosgesinfo.fr\/app\/uploads\/sites\/4\/2025\/10\/week-end-immersion-familles-installation-vosges-3.jpg\",\"contentUrl\":\"https:\/\/vosgesinfo.fr\/app\/uploads\/sites\/4\/2025\/10\/week-end-immersion-familles-installation-vosges-3.jpg\",\"width\":1434,\"height\":1080},{\"@type\":\"BreadcrumbList\",\"@id\":\"https:\/\/vosgesinfo.fr\/saintdieinfo\/2025\/10\/des-familles-des-4-coins-de-la-france-decouvrent-les-vosges-avant-une-possible-installation\/#breadcrumb\",\"itemListElement\":[{\"@type\":\"ListItem\",\"position\":1,\"name\":\"Home\",\"item\":\"https:\/\/vosgesinfo.fr\/saintdieinfo\/\"},{\"@type\":\"ListItem\",\"position\":2,\"name\":\"Des familles des 4 coins de la France d\u00e9couvrent les Vosges avant une possible installation\"}]},{\"@type\":\"WebSite\",\"@id\":\"https:\/\/vosgesinfo.fr\/saintdieinfo\/#website\",\"url\":\"https:\/\/vosgesinfo.fr\/saintdieinfo\/\",\"name\":\"Saint Die Info\",\"description\":\"Toute l&#039;actualit\u00e9 de Saint-Di\u00e9-Des-Vosges\",\"publisher\":{\"@id\":\"https:\/\/vosgesinfo.fr\/saintdieinfo\/#organization\"},\"alternateName\":\"Toute l'actualit\u00e9 de Saint-Di\u00e9-Des-Vosges\",\"potentialAction\":[{\"@type\":\"SearchAction\",\"target\":{\"@type\":\"EntryPoint\",\"urlTemplate\":\"https:\/\/vosgesinfo.fr\/saintdieinfo\/?s={search_term_string}\"},\"query-input\":\"required name=search_term_string\"}],\"inLanguage\":\"fr-FR\"},{\"@type\":\"Organization\",\"@id\":\"https:\/\/vosgesinfo.fr\/saintdieinfo\/#organization\",\"name\":\"Saint Die Info\",\"url\":\"https:\/\/vosgesinfo.fr\/saintdieinfo\/\",\"logo\":{\"@type\":\"ImageObject\",\"inLanguage\":\"fr-FR\",\"@id\":\"https:\/\/vosgesinfo.fr\/saintdieinfo\/#\/schema\/logo\/image\/\",\"url\":\"https:\/\/vosgesinfo.fr\/app\/uploads\/sites\/4\/2024\/02\/logo-sdi.jpg\",\"contentUrl\":\"https:\/\/vosgesinfo.fr\/app\/uploads\/sites\/4\/2024\/02\/logo-sdi.jpg\",\"width\":600,\"height\":600,\"caption\":\"Saint Die Info\"},\"image\":{\"@id\":\"https:\/\/vosgesinfo.fr\/saintdieinfo\/#\/schema\/logo\/image\/\"},\"sameAs\":[\"https:\/\/www.facebook.com\/Saintdieinfofr\",\"https:\/\/x.com\/VosgesInfo88\",\"https:\/\/www.youtube.com\/@vosgesinfo\"]},{\"@type\":\"Person\",\"@id\":\"https:\/\/vosgesinfo.fr\/saintdieinfo\/#\/schema\/person\/fa73e9f726d67bb88f46d5b7943cb572\",\"name\":\"J.J.\",\"image\":{\"@type\":\"ImageObject\",\"inLanguage\":\"fr-FR\",\"@id\":\"https:\/\/vosgesinfo.fr\/saintdieinfo\/#\/schema\/person\/image\/\",\"url\":\"https:\/\/secure.gravatar.com\/avatar\/219e749e47ffbcca018a360ae4add7d4cdf1cdaaf8bc7676b27efade3fe65615?s=96&d=mm&r=g\",\"contentUrl\":\"https:\/\/secure.gravatar.com\/avatar\/219e749e47ffbcca018a360ae4add7d4cdf1cdaaf8bc7676b27efade3fe65615?s=96&d=mm&r=g\",\"caption\":\"J.J.\"},\"url\":\"https:\/\/vosgesinfo.fr\/saintdieinfo\/author\/j-j\/\"}]}<\/script>\n<!-- \/ Yoast SEO plugin. -->","yoast_head_json":{"title":"Des familles des 4 coins de la France d\u00e9couvrent les Vosges avant une possible installation - Saint Die Info","robots":{"index":"index","follow":"follow","max-snippet":"max-snippet:-1","max-image-preview":"max-image-preview:large","max-video-preview":"max-video-preview:-1"},"canonical":"https:\/\/vosgesinfo.fr\/saintdieinfo\/2025\/10\/des-familles-des-4-coins-de-la-france-decouvrent-les-vosges-avant-une-possible-installation\/","twitter_card":"summary_large_image","twitter_title":"Des familles des 4 coins de la France d\u00e9couvrent les Vosges avant une possible installation - Saint Die Info","twitter_description":"Ces vendredi 24, samedi 25 et dimanche 26 octobre, une douzaine de familles s\u00e9journe dans les Vosges pour d\u00e9couvrir le [&hellip;]","twitter_image":"https:\/\/vosgesinfo.fr\/app\/uploads\/sites\/4\/2025\/10\/week-end-immersion-familles-installation-vosges-3.jpg","twitter_creator":"@VosgesInfo88","twitter_site":"@VosgesInfo88","twitter_misc":{"\u00c9crit par":"J.J.","Dur\u00e9e de lecture estim\u00e9e":"3 minutes"},"schema":{"@context":"https:\/\/schema.org","@graph":[{"@type":"Article","@id":"https:\/\/vosgesinfo.fr\/saintdieinfo\/2025\/10\/des-familles-des-4-coins-de-la-france-decouvrent-les-vosges-avant-une-possible-installation\/#article","isPartOf":{"@id":"https:\/\/vosgesinfo.fr\/saintdieinfo\/2025\/10\/des-familles-des-4-coins-de-la-france-decouvrent-les-vosges-avant-une-possible-installation\/"},"author":{"name":"J.J.","@id":"https:\/\/vosgesinfo.fr\/saintdieinfo\/#\/schema\/person\/fa73e9f726d67bb88f46d5b7943cb572"},"headline":"Des familles des 4 coins de la France d\u00e9couvrent les Vosges avant une possible installation","datePublished":"2025-10-25T12:31:14+00:00","dateModified":"2025-10-25T12:28:10+00:00","mainEntityOfPage":{"@id":"https:\/\/vosgesinfo.fr\/saintdieinfo\/2025\/10\/des-familles-des-4-coins-de-la-france-decouvrent-les-vosges-avant-une-possible-installation\/"},"wordCount":522,"commentCount":4,"publisher":{"@id":"https:\/\/vosgesinfo.fr\/saintdieinfo\/#organization"},"image":{"@id":"https:\/\/vosgesinfo.fr\/saintdieinfo\/2025\/10\/des-familles-des-4-coins-de-la-france-decouvrent-les-vosges-avant-une-possible-installation\/#primaryimage"},"thumbnailUrl":"https:\/\/vosgesinfo.fr\/app\/uploads\/sites\/4\/2025\/10\/week-end-immersion-familles-installation-vosges-3.jpg","keywords":["Agglom\u00e9ration de Saint-Di\u00e9-des-Vosges","Communaut\u00e9 de Communes des Hautes-Vosges","Conseil d\u00e9partemental des Vosges","Des familles des 4 coins de la France d\u00e9couvrent les Vosges avant une possible installation","La Boussole","Laou"],"articleSection":["A la Une","Epinal","Gerardmer","La plaine des vosges","Remiremont","Saint-Di\u00e9-des-Vosges et son Agglom\u00e9ration","Vosges"],"inLanguage":"fr-FR","potentialAction":[{"@type":"CommentAction","name":"Comment","target":["https:\/\/vosgesinfo.fr\/saintdieinfo\/2025\/10\/des-familles-des-4-coins-de-la-france-decouvrent-les-vosges-avant-une-possible-installation\/#respond"]}]},{"@type":"WebPage","@id":"https:\/\/vosgesinfo.fr\/saintdieinfo\/2025\/10\/des-familles-des-4-coins-de-la-france-decouvrent-les-vosges-avant-une-possible-installation\/","url":"https:\/\/vosgesinfo.fr\/saintdieinfo\/2025\/10\/des-familles-des-4-coins-de-la-france-decouvrent-les-vosges-avant-une-possible-installation\/","name":"Des familles des 4 coins de la France d\u00e9couvrent les Vosges avant une possible installation - Saint Die Info","isPartOf":{"@id":"https:\/\/vosgesinfo.fr\/saintdieinfo\/#website"},"primaryImageOfPage":{"@id":"https:\/\/vosgesinfo.fr\/saintdieinfo\/2025\/10\/des-familles-des-4-coins-de-la-france-decouvrent-les-vosges-avant-une-possible-installation\/#primaryimage"},"image":{"@id":"https:\/\/vosgesinfo.fr\/saintdieinfo\/2025\/10\/des-familles-des-4-coins-de-la-france-decouvrent-les-vosges-avant-une-possible-installation\/#primaryimage"},"thumbnailUrl":"https:\/\/vosgesinfo.fr\/app\/uploads\/sites\/4\/2025\/10\/week-end-immersion-familles-installation-vosges-3.jpg","datePublished":"2025-10-25T12:31:14+00:00","dateModified":"2025-10-25T12:28:10+00:00","breadcrumb":{"@id":"https:\/\/vosgesinfo.fr\/saintdieinfo\/2025\/10\/des-familles-des-4-coins-de-la-france-decouvrent-les-vosges-avant-une-possible-installation\/#breadcrumb"},"inLanguage":"fr-FR","potentialAction":[{"@type":"ReadAction","target":["https:\/\/vosgesinfo.fr\/saintdieinfo\/2025\/10\/des-familles-des-4-coins-de-la-france-decouvrent-les-vosges-avant-une-possible-installation\/"]}]},{"@type":"ImageObject","inLanguage":"fr-FR","@id":"https:\/\/vosgesinfo.fr\/saintdieinfo\/2025\/10\/des-familles-des-4-coins-de-la-france-decouvrent-les-vosges-avant-une-possible-installation\/#primaryimage","url":"https:\/\/vosgesinfo.fr\/app\/uploads\/sites\/4\/2025\/10\/week-end-immersion-familles-installation-vosges-3.jpg","contentUrl":"https:\/\/vosgesinfo.fr\/app\/uploads\/sites\/4\/2025\/10\/week-end-immersion-familles-installation-vosges-3.jpg","width":1434,"height":1080},{"@type":"BreadcrumbList","@id":"https:\/\/vosgesinfo.fr\/saintdieinfo\/2025\/10\/des-familles-des-4-coins-de-la-france-decouvrent-les-vosges-avant-une-possible-installation\/#breadcrumb","itemListElement":[{"@type":"ListItem","position":1,"name":"Home","item":"https:\/\/vosgesinfo.fr\/saintdieinfo\/"},{"@type":"ListItem","position":2,"name":"Des familles des 4 coins de la France d\u00e9couvrent les Vosges avant une possible installation"}]},{"@type":"WebSite","@id":"https:\/\/vosgesinfo.fr\/saintdieinfo\/#website","url":"https:\/\/vosgesinfo.fr\/saintdieinfo\/","name":"Saint Die Info","description":"Toute l&#039;actualit\u00e9 de Saint-Di\u00e9-Des-Vosges","publisher":{"@id":"https:\/\/vosgesinfo.fr\/saintdieinfo\/#organization"},"alternateName":"Toute l'actualit\u00e9 de Saint-Di\u00e9-Des-Vosges","potentialAction":[{"@type":"SearchAction","target":{"@type":"EntryPoint","urlTemplate":"https:\/\/vosgesinfo.fr\/saintdieinfo\/?s={search_term_string}"},"query-input":"required name=search_term_string"}],"inLanguage":"fr-FR"},{"@type":"Organization","@id":"https:\/\/vosgesinfo.fr\/saintdieinfo\/#organization","name":"Saint Die Info","url":"https:\/\/vosgesinfo.fr\/saintdieinfo\/","logo":{"@type":"ImageObject","inLanguage":"fr-FR","@id":"https:\/\/vosgesinfo.fr\/saintdieinfo\/#\/schema\/logo\/image\/","url":"https:\/\/vosgesinfo.fr\/app\/uploads\/sites\/4\/2024\/02\/logo-sdi.jpg","contentUrl":"https:\/\/vosgesinfo.fr\/app\/uploads\/sites\/4\/2024\/02\/logo-sdi.jpg","width":600,"height":600,"caption":"Saint Die Info"},"image":{"@id":"https:\/\/vosgesinfo.fr\/saintdieinfo\/#\/schema\/logo\/image\/"},"sameAs":["https:\/\/www.facebook.com\/Saintdieinfofr","https:\/\/x.com\/VosgesInfo88","https:\/\/www.youtube.com\/@vosgesinfo"]},{"@type":"Person","@id":"https:\/\/vosgesinfo.fr\/saintdieinfo\/#\/schema\/person\/fa73e9f726d67bb88f46d5b7943cb572","name":"J.J.","image":{"@type":"ImageObject","inLanguage":"fr-FR","@id":"https:\/\/vosgesinfo.fr\/saintdieinfo\/#\/schema\/person\/image\/","url":"https:\/\/secure.gravatar.com\/avatar\/219e749e47ffbcca018a360ae4add7d4cdf1cdaaf8bc7676b27efade3fe65615?s=96&d=mm&r=g","contentUrl":"https:\/\/secure.gravatar.com\/avatar\/219e749e47ffbcca018a360ae4add7d4cdf1cdaaf8bc7676b27efade3fe65615?s=96&d=mm&r=g","caption":"J.J."},"url":"https:\/\/vosgesinfo.fr\/saintdieinfo\/author\/j-j\/"}]}},"_links":{"self":[{"href":"https:\/\/vosgesinfo.fr\/saintdieinfo\/wp-json\/wp\/v2\/posts\/83903","targetHints":{"allow":["GET"]}}],"collection":[{"href":"https:\/\/vosgesinfo.fr\/saintdieinfo\/wp-json\/wp\/v2\/posts"}],"about":[{"href":"https:\/\/vosgesinfo.fr\/saintdieinfo\/wp-json\/wp\/v2\/types\/post"}],"author":[{"embeddable":true,"href":"https:\/\/vosgesinfo.fr\/saintdieinfo\/wp-json\/wp\/v2\/users\/46"}],"replies":[{"embeddable":true,"href":"https:\/\/vosgesinfo.fr\/saintdieinfo\/wp-json\/wp\/v2\/comments?post=83903"}],"version-history":[{"count":1,"href":"https:\/\/vosgesinfo.fr\/saintdieinfo\/wp-json\/wp\/v2\/posts\/83903\/revisions"}],"predecessor-version":[{"id":83904,"href":"https:\/\/vosgesinfo.fr\/saintdieinfo\/wp-json\/wp\/v2\/posts\/83903\/revisions\/83904"}],"wp:featuredmedia":[{"embeddable":true,"href":"https:\/\/vosgesinfo.fr\/saintdieinfo\/wp-json\/wp\/v2\/media\/83896"}],"wp:attachment":[{"href":"https:\/\/vosgesinfo.fr\/saintdieinfo\/wp-json\/wp\/v2\/media?parent=83903"}],"wp:term":[{"taxonomy":"category","embeddable":true,"href":"https:\/\/vosgesinfo.fr\/saintdieinfo\/wp-json\/wp\/v2\/categories?post=83903"},{"taxonomy":"post_tag","embeddable":true,"href":"https:\/\/vosgesinfo.fr\/saintdieinfo\/wp-json\/wp\/v2\/tags?post=83903"}],"curies":[{"name":"wp","href":"https:\/\/api.w.org\/{rel}","templated":true}]}}