{"id":83919,"date":"2025-10-25T20:19:14","date_gmt":"2025-10-25T18:19:14","guid":{"rendered":"https:\/\/vosgesinfo.fr\/saintdieinfo\/2025\/10\/marine-le-pen-et-jordan-bardella-attirent-la-foule-a-la-foire-de-poussay\/"},"modified":"2025-10-25T20:19:14","modified_gmt":"2025-10-25T18:19:14","slug":"marine-le-pen-et-jordan-bardella-attirent-la-foule-a-la-foire-de-poussay","status":"publish","type":"post","link":"https:\/\/vosgesinfo.fr\/saintdieinfo\/2025\/10\/marine-le-pen-et-jordan-bardella-attirent-la-foule-a-la-foire-de-poussay\/","title":{"rendered":"Marine Le Pen et Jordan Bardella attirent la foule \u00e0 la foire de Poussay"},"content":{"rendered":"<h2 data-start=\"182\" data-end=\"466\"><strong><a href=\"https:\/\/vosgesinfo.fr\/app\/uploads\/sites\/3\/2025\/10\/foire-3.jpg\"><img decoding=\"async\" class=\"aligncenter size-full wp-image-136642\" src=\"https:\/\/vosgesinfo.fr\/app\/uploads\/sites\/3\/2025\/10\/foire-3.jpg\" alt=\"\" width=\"1920\" height=\"1080\" \/><\/a>Ce samedi, la foire de Poussay, dans les Vosges, a pris des allures de bain de foule pour Marine Le Pen et Jordan Bardella. Les deux figures embl\u00e9matiques du Rassemblement national ont arpent\u00e9 les all\u00e9es de la manifestation, accueillies par une mar\u00e9e de sympathisants et de curieux.<\/strong><\/h2>\n<p data-start=\"468\" data-end=\"849\">Smartphones lev\u00e9s et cris enthousiastes accompagnaient leur passage : beaucoup voulaient immortaliser l\u2019instant par une photo ou un selfie avec les dirigeants du parti. Entre poign\u00e9es de mains, \u00e9changes rapides et sourires convenus, la pr\u00e9sidente du groupe RN \u00e0 l\u2019Assembl\u00e9e nationale et le pr\u00e9sident du parti ont pris le temps de saluer les visiteurs et les commer\u00e7ants pr\u00e9sents.<\/p>\n<p data-start=\"851\" data-end=\"1057\">Cette apparition commune, \u00e0 la fois populaire et strat\u00e9gique, illustre la volont\u00e9 du Rassemblement national de maintenir sa proximit\u00e9 avec les \u00e9lecteurs, \u00e0 quelques mois de nouvelles \u00e9ch\u00e9ances politiques.<\/p>\n<p data-start=\"851\" data-end=\"1057\"><a href=\"https:\/\/vosgesinfo.fr\/app\/uploads\/sites\/3\/2025\/10\/foire-6.jpg\"><img decoding=\"async\" class=\"aligncenter size-full wp-image-136643\" src=\"https:\/\/vosgesinfo.fr\/app\/uploads\/sites\/3\/2025\/10\/foire-6.jpg\" alt=\"\" width=\"1920\" height=\"1080\" \/><\/a><\/p>\n","protected":false},"excerpt":{"rendered":"<p>Ce samedi, la foire de Poussay, dans les Vosges, a pris des allures de bain de foule pour Marine Le [&hellip;]<\/p>\n","protected":false},"author":52,"featured_media":83920,"comment_status":"open","ping_status":"open","sticky":false,"template":"","format":"standard","meta":{"footnotes":""},"categories":[460,5392,5391,5389,4099,4100],"tags":[],"class_list":["post-83919","post","type-post","status-publish","format-standard","has-post-thumbnail","hentry","category-a-la-une","category-epinal","category-gerardmer","category-la-plaine-des-vosges","category-remiremont","category-saint-die"],"acf":[],"yoast_head":"<!-- This site is optimized with the Yoast SEO plugin v22.5 - https:\/\/yoast.com\/wordpress\/plugins\/seo\/ -->\n<title>Marine Le Pen et Jordan Bardella attirent la foule \u00e0 la foire de Poussay - Saint Die Info<\/title>\n<meta name=\"robots\" content=\"index, follow, max-snippet:-1, max-image-preview:large, max-video-preview:-1\" \/>\n<link rel=\"canonical\" href=\"https:\/\/vosgesinfo.fr\/saintdieinfo\/2025\/10\/marine-le-pen-et-jordan-bardella-attirent-la-foule-a-la-foire-de-poussay\/\" \/>\n<meta name=\"twitter:card\" content=\"summary_large_image\" \/>\n<meta name=\"twitter:title\" content=\"Marine Le Pen et Jordan Bardella attirent la foule \u00e0 la foire de Poussay - Saint Die Info\" \/>\n<meta name=\"twitter:description\" content=\"Ce samedi, la foire de Poussay, dans les Vosges, a pris des allures de bain de foule pour Marine Le [&hellip;]\" \/>\n<meta name=\"twitter:image\" content=\"https:\/\/vosgesinfo.fr\/app\/uploads\/sites\/4\/2025\/10\/foire-3.jpg\" \/>\n<meta name=\"twitter:creator\" content=\"@VosgesInfo88\" \/>\n<meta name=\"twitter:site\" content=\"@VosgesInfo88\" \/>\n<meta name=\"twitter:label1\" content=\"\u00c9crit par\" \/>\n\t<meta name=\"twitter:data1\" content=\"C.K.\" \/>\n\t<meta name=\"twitter:label2\" content=\"Dur\u00e9e de lecture estim\u00e9e\" \/>\n\t<meta name=\"twitter:data2\" content=\"1 minute\" \/>\n<script type=\"application\/ld+json\" class=\"yoast-schema-graph\">{\"@context\":\"https:\/\/schema.org\",\"@graph\":[{\"@type\":\"Article\",\"@id\":\"https:\/\/vosgesinfo.fr\/saintdieinfo\/2025\/10\/marine-le-pen-et-jordan-bardella-attirent-la-foule-a-la-foire-de-poussay\/#article\",\"isPartOf\":{\"@id\":\"https:\/\/vosgesinfo.fr\/saintdieinfo\/2025\/10\/marine-le-pen-et-jordan-bardella-attirent-la-foule-a-la-foire-de-poussay\/\"},\"author\":{\"name\":\"C.K.\",\"@id\":\"https:\/\/vosgesinfo.fr\/saintdieinfo\/#\/schema\/person\/6f9a650eeea99d969b6c4ab78fccbe81\"},\"headline\":\"Marine Le Pen et Jordan Bardella attirent la foule \u00e0 la foire de Poussay\",\"datePublished\":\"2025-10-25T18:19:14+00:00\",\"dateModified\":\"2025-10-25T18:19:14+00:00\",\"mainEntityOfPage\":{\"@id\":\"https:\/\/vosgesinfo.fr\/saintdieinfo\/2025\/10\/marine-le-pen-et-jordan-bardella-attirent-la-foule-a-la-foire-de-poussay\/\"},\"wordCount\":157,\"commentCount\":1,\"publisher\":{\"@id\":\"https:\/\/vosgesinfo.fr\/saintdieinfo\/#organization\"},\"image\":{\"@id\":\"https:\/\/vosgesinfo.fr\/saintdieinfo\/2025\/10\/marine-le-pen-et-jordan-bardella-attirent-la-foule-a-la-foire-de-poussay\/#primaryimage\"},\"thumbnailUrl\":\"https:\/\/vosgesinfo.fr\/app\/uploads\/sites\/4\/2025\/10\/foire-3.jpg\",\"articleSection\":[\"A la Une\",\"Epinal\",\"Gerardmer\",\"La plaine des vosges\",\"Remiremont\",\"Saint-di\u00e9\"],\"inLanguage\":\"fr-FR\",\"potentialAction\":[{\"@type\":\"CommentAction\",\"name\":\"Comment\",\"target\":[\"https:\/\/vosgesinfo.fr\/saintdieinfo\/2025\/10\/marine-le-pen-et-jordan-bardella-attirent-la-foule-a-la-foire-de-poussay\/#respond\"]}]},{\"@type\":\"WebPage\",\"@id\":\"https:\/\/vosgesinfo.fr\/saintdieinfo\/2025\/10\/marine-le-pen-et-jordan-bardella-attirent-la-foule-a-la-foire-de-poussay\/\",\"url\":\"https:\/\/vosgesinfo.fr\/saintdieinfo\/2025\/10\/marine-le-pen-et-jordan-bardella-attirent-la-foule-a-la-foire-de-poussay\/\",\"name\":\"Marine Le Pen et Jordan Bardella attirent la foule \u00e0 la foire de Poussay - Saint Die Info\",\"isPartOf\":{\"@id\":\"https:\/\/vosgesinfo.fr\/saintdieinfo\/#website\"},\"primaryImageOfPage\":{\"@id\":\"https:\/\/vosgesinfo.fr\/saintdieinfo\/2025\/10\/marine-le-pen-et-jordan-bardella-attirent-la-foule-a-la-foire-de-poussay\/#primaryimage\"},\"image\":{\"@id\":\"https:\/\/vosgesinfo.fr\/saintdieinfo\/2025\/10\/marine-le-pen-et-jordan-bardella-attirent-la-foule-a-la-foire-de-poussay\/#primaryimage\"},\"thumbnailUrl\":\"https:\/\/vosgesinfo.fr\/app\/uploads\/sites\/4\/2025\/10\/foire-3.jpg\",\"datePublished\":\"2025-10-25T18:19:14+00:00\",\"dateModified\":\"2025-10-25T18:19:14+00:00\",\"breadcrumb\":{\"@id\":\"https:\/\/vosgesinfo.fr\/saintdieinfo\/2025\/10\/marine-le-pen-et-jordan-bardella-attirent-la-foule-a-la-foire-de-poussay\/#breadcrumb\"},\"inLanguage\":\"fr-FR\",\"potentialAction\":[{\"@type\":\"ReadAction\",\"target\":[\"https:\/\/vosgesinfo.fr\/saintdieinfo\/2025\/10\/marine-le-pen-et-jordan-bardella-attirent-la-foule-a-la-foire-de-poussay\/\"]}]},{\"@type\":\"ImageObject\",\"inLanguage\":\"fr-FR\",\"@id\":\"https:\/\/vosgesinfo.fr\/saintdieinfo\/2025\/10\/marine-le-pen-et-jordan-bardella-attirent-la-foule-a-la-foire-de-poussay\/#primaryimage\",\"url\":\"https:\/\/vosgesinfo.fr\/app\/uploads\/sites\/4\/2025\/10\/foire-3.jpg\",\"contentUrl\":\"https:\/\/vosgesinfo.fr\/app\/uploads\/sites\/4\/2025\/10\/foire-3.jpg\",\"width\":1920,\"height\":1080},{\"@type\":\"BreadcrumbList\",\"@id\":\"https:\/\/vosgesinfo.fr\/saintdieinfo\/2025\/10\/marine-le-pen-et-jordan-bardella-attirent-la-foule-a-la-foire-de-poussay\/#breadcrumb\",\"itemListElement\":[{\"@type\":\"ListItem\",\"position\":1,\"name\":\"Home\",\"item\":\"https:\/\/vosgesinfo.fr\/saintdieinfo\/\"},{\"@type\":\"ListItem\",\"position\":2,\"name\":\"Marine Le Pen et Jordan Bardella attirent la foule \u00e0 la foire de Poussay\"}]},{\"@type\":\"WebSite\",\"@id\":\"https:\/\/vosgesinfo.fr\/saintdieinfo\/#website\",\"url\":\"https:\/\/vosgesinfo.fr\/saintdieinfo\/\",\"name\":\"Saint Die Info\",\"description\":\"Toute l&#039;actualit\u00e9 de Saint-Di\u00e9-Des-Vosges\",\"publisher\":{\"@id\":\"https:\/\/vosgesinfo.fr\/saintdieinfo\/#organization\"},\"alternateName\":\"Toute l'actualit\u00e9 de Saint-Di\u00e9-Des-Vosges\",\"potentialAction\":[{\"@type\":\"SearchAction\",\"target\":{\"@type\":\"EntryPoint\",\"urlTemplate\":\"https:\/\/vosgesinfo.fr\/saintdieinfo\/?s={search_term_string}\"},\"query-input\":\"required name=search_term_string\"}],\"inLanguage\":\"fr-FR\"},{\"@type\":\"Organization\",\"@id\":\"https:\/\/vosgesinfo.fr\/saintdieinfo\/#organization\",\"name\":\"Saint Die Info\",\"url\":\"https:\/\/vosgesinfo.fr\/saintdieinfo\/\",\"logo\":{\"@type\":\"ImageObject\",\"inLanguage\":\"fr-FR\",\"@id\":\"https:\/\/vosgesinfo.fr\/saintdieinfo\/#\/schema\/logo\/image\/\",\"url\":\"https:\/\/vosgesinfo.fr\/app\/uploads\/sites\/4\/2024\/02\/logo-sdi.jpg\",\"contentUrl\":\"https:\/\/vosgesinfo.fr\/app\/uploads\/sites\/4\/2024\/02\/logo-sdi.jpg\",\"width\":600,\"height\":600,\"caption\":\"Saint Die Info\"},\"image\":{\"@id\":\"https:\/\/vosgesinfo.fr\/saintdieinfo\/#\/schema\/logo\/image\/\"},\"sameAs\":[\"https:\/\/www.facebook.com\/Saintdieinfofr\",\"https:\/\/x.com\/VosgesInfo88\",\"https:\/\/www.youtube.com\/@vosgesinfo\"]},{\"@type\":\"Person\",\"@id\":\"https:\/\/vosgesinfo.fr\/saintdieinfo\/#\/schema\/person\/6f9a650eeea99d969b6c4ab78fccbe81\",\"name\":\"C.K.\",\"image\":{\"@type\":\"ImageObject\",\"inLanguage\":\"fr-FR\",\"@id\":\"https:\/\/vosgesinfo.fr\/saintdieinfo\/#\/schema\/person\/image\/\",\"url\":\"https:\/\/secure.gravatar.com\/avatar\/48e3fc7f8421ba8942be6b74a2b7f014ca39bc00dece156b7a8e098ae7dc87bf?s=96&d=mm&r=g\",\"contentUrl\":\"https:\/\/secure.gravatar.com\/avatar\/48e3fc7f8421ba8942be6b74a2b7f014ca39bc00dece156b7a8e098ae7dc87bf?s=96&d=mm&r=g\",\"caption\":\"C.K.\"},\"url\":\"https:\/\/vosgesinfo.fr\/saintdieinfo\/author\/celia-k-n\/\"}]}<\/script>\n<!-- \/ Yoast SEO plugin. -->","yoast_head_json":{"title":"Marine Le Pen et Jordan Bardella attirent la foule \u00e0 la foire de Poussay - Saint Die Info","robots":{"index":"index","follow":"follow","max-snippet":"max-snippet:-1","max-image-preview":"max-image-preview:large","max-video-preview":"max-video-preview:-1"},"canonical":"https:\/\/vosgesinfo.fr\/saintdieinfo\/2025\/10\/marine-le-pen-et-jordan-bardella-attirent-la-foule-a-la-foire-de-poussay\/","twitter_card":"summary_large_image","twitter_title":"Marine Le Pen et Jordan Bardella attirent la foule \u00e0 la foire de Poussay - Saint Die Info","twitter_description":"Ce samedi, la foire de Poussay, dans les Vosges, a pris des allures de bain de foule pour Marine Le [&hellip;]","twitter_image":"https:\/\/vosgesinfo.fr\/app\/uploads\/sites\/4\/2025\/10\/foire-3.jpg","twitter_creator":"@VosgesInfo88","twitter_site":"@VosgesInfo88","twitter_misc":{"\u00c9crit par":"C.K.","Dur\u00e9e de lecture estim\u00e9e":"1 minute"},"schema":{"@context":"https:\/\/schema.org","@graph":[{"@type":"Article","@id":"https:\/\/vosgesinfo.fr\/saintdieinfo\/2025\/10\/marine-le-pen-et-jordan-bardella-attirent-la-foule-a-la-foire-de-poussay\/#article","isPartOf":{"@id":"https:\/\/vosgesinfo.fr\/saintdieinfo\/2025\/10\/marine-le-pen-et-jordan-bardella-attirent-la-foule-a-la-foire-de-poussay\/"},"author":{"name":"C.K.","@id":"https:\/\/vosgesinfo.fr\/saintdieinfo\/#\/schema\/person\/6f9a650eeea99d969b6c4ab78fccbe81"},"headline":"Marine Le Pen et Jordan Bardella attirent la foule \u00e0 la foire de Poussay","datePublished":"2025-10-25T18:19:14+00:00","dateModified":"2025-10-25T18:19:14+00:00","mainEntityOfPage":{"@id":"https:\/\/vosgesinfo.fr\/saintdieinfo\/2025\/10\/marine-le-pen-et-jordan-bardella-attirent-la-foule-a-la-foire-de-poussay\/"},"wordCount":157,"commentCount":1,"publisher":{"@id":"https:\/\/vosgesinfo.fr\/saintdieinfo\/#organization"},"image":{"@id":"https:\/\/vosgesinfo.fr\/saintdieinfo\/2025\/10\/marine-le-pen-et-jordan-bardella-attirent-la-foule-a-la-foire-de-poussay\/#primaryimage"},"thumbnailUrl":"https:\/\/vosgesinfo.fr\/app\/uploads\/sites\/4\/2025\/10\/foire-3.jpg","articleSection":["A la Une","Epinal","Gerardmer","La plaine des vosges","Remiremont","Saint-di\u00e9"],"inLanguage":"fr-FR","potentialAction":[{"@type":"CommentAction","name":"Comment","target":["https:\/\/vosgesinfo.fr\/saintdieinfo\/2025\/10\/marine-le-pen-et-jordan-bardella-attirent-la-foule-a-la-foire-de-poussay\/#respond"]}]},{"@type":"WebPage","@id":"https:\/\/vosgesinfo.fr\/saintdieinfo\/2025\/10\/marine-le-pen-et-jordan-bardella-attirent-la-foule-a-la-foire-de-poussay\/","url":"https:\/\/vosgesinfo.fr\/saintdieinfo\/2025\/10\/marine-le-pen-et-jordan-bardella-attirent-la-foule-a-la-foire-de-poussay\/","name":"Marine Le Pen et Jordan Bardella attirent la foule \u00e0 la foire de Poussay - Saint Die Info","isPartOf":{"@id":"https:\/\/vosgesinfo.fr\/saintdieinfo\/#website"},"primaryImageOfPage":{"@id":"https:\/\/vosgesinfo.fr\/saintdieinfo\/2025\/10\/marine-le-pen-et-jordan-bardella-attirent-la-foule-a-la-foire-de-poussay\/#primaryimage"},"image":{"@id":"https:\/\/vosgesinfo.fr\/saintdieinfo\/2025\/10\/marine-le-pen-et-jordan-bardella-attirent-la-foule-a-la-foire-de-poussay\/#primaryimage"},"thumbnailUrl":"https:\/\/vosgesinfo.fr\/app\/uploads\/sites\/4\/2025\/10\/foire-3.jpg","datePublished":"2025-10-25T18:19:14+00:00","dateModified":"2025-10-25T18:19:14+00:00","breadcrumb":{"@id":"https:\/\/vosgesinfo.fr\/saintdieinfo\/2025\/10\/marine-le-pen-et-jordan-bardella-attirent-la-foule-a-la-foire-de-poussay\/#breadcrumb"},"inLanguage":"fr-FR","potentialAction":[{"@type":"ReadAction","target":["https:\/\/vosgesinfo.fr\/saintdieinfo\/2025\/10\/marine-le-pen-et-jordan-bardella-attirent-la-foule-a-la-foire-de-poussay\/"]}]},{"@type":"ImageObject","inLanguage":"fr-FR","@id":"https:\/\/vosgesinfo.fr\/saintdieinfo\/2025\/10\/marine-le-pen-et-jordan-bardella-attirent-la-foule-a-la-foire-de-poussay\/#primaryimage","url":"https:\/\/vosgesinfo.fr\/app\/uploads\/sites\/4\/2025\/10\/foire-3.jpg","contentUrl":"https:\/\/vosgesinfo.fr\/app\/uploads\/sites\/4\/2025\/10\/foire-3.jpg","width":1920,"height":1080},{"@type":"BreadcrumbList","@id":"https:\/\/vosgesinfo.fr\/saintdieinfo\/2025\/10\/marine-le-pen-et-jordan-bardella-attirent-la-foule-a-la-foire-de-poussay\/#breadcrumb","itemListElement":[{"@type":"ListItem","position":1,"name":"Home","item":"https:\/\/vosgesinfo.fr\/saintdieinfo\/"},{"@type":"ListItem","position":2,"name":"Marine Le Pen et Jordan Bardella attirent la foule \u00e0 la foire de Poussay"}]},{"@type":"WebSite","@id":"https:\/\/vosgesinfo.fr\/saintdieinfo\/#website","url":"https:\/\/vosgesinfo.fr\/saintdieinfo\/","name":"Saint Die Info","description":"Toute l&#039;actualit\u00e9 de Saint-Di\u00e9-Des-Vosges","publisher":{"@id":"https:\/\/vosgesinfo.fr\/saintdieinfo\/#organization"},"alternateName":"Toute l'actualit\u00e9 de Saint-Di\u00e9-Des-Vosges","potentialAction":[{"@type":"SearchAction","target":{"@type":"EntryPoint","urlTemplate":"https:\/\/vosgesinfo.fr\/saintdieinfo\/?s={search_term_string}"},"query-input":"required name=search_term_string"}],"inLanguage":"fr-FR"},{"@type":"Organization","@id":"https:\/\/vosgesinfo.fr\/saintdieinfo\/#organization","name":"Saint Die Info","url":"https:\/\/vosgesinfo.fr\/saintdieinfo\/","logo":{"@type":"ImageObject","inLanguage":"fr-FR","@id":"https:\/\/vosgesinfo.fr\/saintdieinfo\/#\/schema\/logo\/image\/","url":"https:\/\/vosgesinfo.fr\/app\/uploads\/sites\/4\/2024\/02\/logo-sdi.jpg","contentUrl":"https:\/\/vosgesinfo.fr\/app\/uploads\/sites\/4\/2024\/02\/logo-sdi.jpg","width":600,"height":600,"caption":"Saint Die Info"},"image":{"@id":"https:\/\/vosgesinfo.fr\/saintdieinfo\/#\/schema\/logo\/image\/"},"sameAs":["https:\/\/www.facebook.com\/Saintdieinfofr","https:\/\/x.com\/VosgesInfo88","https:\/\/www.youtube.com\/@vosgesinfo"]},{"@type":"Person","@id":"https:\/\/vosgesinfo.fr\/saintdieinfo\/#\/schema\/person\/6f9a650eeea99d969b6c4ab78fccbe81","name":"C.K.","image":{"@type":"ImageObject","inLanguage":"fr-FR","@id":"https:\/\/vosgesinfo.fr\/saintdieinfo\/#\/schema\/person\/image\/","url":"https:\/\/secure.gravatar.com\/avatar\/48e3fc7f8421ba8942be6b74a2b7f014ca39bc00dece156b7a8e098ae7dc87bf?s=96&d=mm&r=g","contentUrl":"https:\/\/secure.gravatar.com\/avatar\/48e3fc7f8421ba8942be6b74a2b7f014ca39bc00dece156b7a8e098ae7dc87bf?s=96&d=mm&r=g","caption":"C.K."},"url":"https:\/\/vosgesinfo.fr\/saintdieinfo\/author\/celia-k-n\/"}]}},"_links":{"self":[{"href":"https:\/\/vosgesinfo.fr\/saintdieinfo\/wp-json\/wp\/v2\/posts\/83919","targetHints":{"allow":["GET"]}}],"collection":[{"href":"https:\/\/vosgesinfo.fr\/saintdieinfo\/wp-json\/wp\/v2\/posts"}],"about":[{"href":"https:\/\/vosgesinfo.fr\/saintdieinfo\/wp-json\/wp\/v2\/types\/post"}],"author":[{"embeddable":true,"href":"https:\/\/vosgesinfo.fr\/saintdieinfo\/wp-json\/wp\/v2\/users\/52"}],"replies":[{"embeddable":true,"href":"https:\/\/vosgesinfo.fr\/saintdieinfo\/wp-json\/wp\/v2\/comments?post=83919"}],"version-history":[{"count":0,"href":"https:\/\/vosgesinfo.fr\/saintdieinfo\/wp-json\/wp\/v2\/posts\/83919\/revisions"}],"wp:featuredmedia":[{"embeddable":true,"href":"https:\/\/vosgesinfo.fr\/saintdieinfo\/wp-json\/wp\/v2\/media\/83920"}],"wp:attachment":[{"href":"https:\/\/vosgesinfo.fr\/saintdieinfo\/wp-json\/wp\/v2\/media?parent=83919"}],"wp:term":[{"taxonomy":"category","embeddable":true,"href":"https:\/\/vosgesinfo.fr\/saintdieinfo\/wp-json\/wp\/v2\/categories?post=83919"},{"taxonomy":"post_tag","embeddable":true,"href":"https:\/\/vosgesinfo.fr\/saintdieinfo\/wp-json\/wp\/v2\/tags?post=83919"}],"curies":[{"name":"wp","href":"https:\/\/api.w.org\/{rel}","templated":true}]}}