{"id":83964,"date":"2025-10-28T11:05:16","date_gmt":"2025-10-28T10:05:16","guid":{"rendered":"https:\/\/vosgesinfo.fr\/saintdieinfo\/?p=83964"},"modified":"2025-10-28T10:59:30","modified_gmt":"2025-10-28T09:59:30","slug":"un-colon-geant-va-sinstaller-devant-le-centre-hospitalier-de-saint-die-des-vosges","status":"publish","type":"post","link":"https:\/\/vosgesinfo.fr\/saintdieinfo\/2025\/10\/un-colon-geant-va-sinstaller-devant-le-centre-hospitalier-de-saint-die-des-vosges\/","title":{"rendered":"Un c\u00f4lon g\u00e9ant va s&rsquo;installer devant le Centre Hospitalier de Saint-Di\u00e9-des-Vosges"},"content":{"rendered":"<div id=\"attachment_83965\" style=\"width: 1034px\" class=\"wp-caption alignnone\"><a href=\"https:\/\/vosgesinfo.fr\/app\/uploads\/sites\/4\/2025\/10\/colonr-tour-hmv.jpg\"><img decoding=\"async\" aria-describedby=\"caption-attachment-83965\" class=\"size-large wp-image-83965\" src=\"https:\/\/vosgesinfo.fr\/app\/uploads\/sites\/4\/2025\/10\/colonr-tour-hmv-1024x678.jpg\" alt=\"\" width=\"1024\" height=\"678\" srcset=\"https:\/\/vosgesinfo.fr\/app\/uploads\/sites\/4\/2025\/10\/colonr-tour-hmv-1024x678.jpg 1024w, https:\/\/vosgesinfo.fr\/app\/uploads\/sites\/4\/2025\/10\/colonr-tour-hmv-300x199.jpg 300w, https:\/\/vosgesinfo.fr\/app\/uploads\/sites\/4\/2025\/10\/colonr-tour-hmv-768x509.jpg 768w, https:\/\/vosgesinfo.fr\/app\/uploads\/sites\/4\/2025\/10\/colonr-tour-hmv.jpg 1141w\" sizes=\"(max-width: 1024px) 100vw, 1024px\" \/><\/a><p id=\"caption-attachment-83965\" class=\"wp-caption-text\">(Photographie Ligue contre le cancer)<\/p><\/div>\n<h2>Un <strong>c\u00f4lon gonflable g\u00e9ant<\/strong> viendra s&rsquo;installer devant <strong>le Centre Hospitalier de Saint-Di\u00e9-des-Vosges<\/strong> les <strong>lundi 3 et mardi 4 novembre prochains<\/strong>, de 10 h \u00e0 17 h. L\u2019installation s\u2019inscrit dans le cadre du <strong>Colon Tour<\/strong>, une op\u00e9ration de pr\u00e9vention et de sensibilisation port\u00e9e par la <strong>Ligue contre le cancer<\/strong>. Sur place, des professionnels de sant\u00e9 et b\u00e9n\u00e9voles se relaieront autour de la structure pour informer le public sur le <strong>d\u00e9pistage du cancer colorectal<\/strong>.<\/h2>\n<p><!--more--><\/p>\n<h3><strong>Une d\u00e9marche initi\u00e9e par la SFED<\/strong><\/h3>\n<p>Initi\u00e9e par la <strong>Soci\u00e9t\u00e9 Fran\u00e7aise d&rsquo;Endoscopie Digestive \u2013\u00a0SFED \u2013 <\/strong>en 2012 puis reprise par la <strong>Ligue contre le cancer<\/strong>, cette action propose une <strong>immersion \u00e0 l\u2019int\u00e9rieur d\u2019un c\u00f4lon g\u00e9ant<\/strong> pour comprendre l\u2019\u00e9volution des l\u00e9sions et mieux saisir les enjeux du <strong>d\u00e9pistage pr\u00e9coce<\/strong>. L\u2019objectif est de rendre le sujet accessible gr\u00e2ce \u00e0 une <strong>approche p\u00e9dagogique et visuelle<\/strong>.<\/p>\n<h3><strong>Comprendre et pr\u00e9venir le cancer colorectal<\/strong><\/h3>\n<p>Le cancer colorectal, qui touche le c\u00f4lon et le rectum, est le <strong>troisi\u00e8me cancer le plus fr\u00e9quent chez l\u2019homme<\/strong> et le <strong>deuxi\u00e8me chez la femme<\/strong>. En <strong>2023<\/strong>, plus de <strong>47 000 nouveaux cas<\/strong> ont \u00e9t\u00e9 diagnostiqu\u00e9s. D\u00e9tect\u00e9 t\u00f4t, il peut \u00eatre <strong>soign\u00e9 efficacement<\/strong> gr\u00e2ce au d\u00e9pistage.<\/p>\n<h3><strong>Un enjeu majeur de sant\u00e9 publique<\/strong><\/h3>\n<p>\u00ab La venue du Colon Tour au sein de notre \u00e9tablissement montre <strong data-start=\"1400\" data-end=\"1474\">l\u2019importance accord\u00e9e par les HMV \u00e0 cet enjeu majeur de sant\u00e9 publique<\/strong> : la <strong data-start=\"1480\" data-end=\"1515\">pr\u00e9vention du cancer colorectal<\/strong> \u00bb ont comment\u00e9 les HMV vis \u00e0 vis de cette action de sensibilisation et de pr\u00e9vention.<\/p>\n","protected":false},"excerpt":{"rendered":"<p>Un c\u00f4lon gonflable g\u00e9ant viendra s&rsquo;installer devant le Centre Hospitalier de Saint-Di\u00e9-des-Vosges les lundi 3 et mardi 4 novembre prochains, [&hellip;]<\/p>\n","protected":false},"author":46,"featured_media":83965,"comment_status":"open","ping_status":"open","sticky":false,"template":"","format":"standard","meta":{"footnotes":""},"categories":[460,4152],"tags":[3056,18562,3146,2171],"class_list":["post-83964","post","type-post","status-publish","format-standard","has-post-thumbnail","hentry","category-a-la-une","category-sante","tag-centre-hospitalier-de-saint-die-des-vosges","tag-colon-tour","tag-hopitaux-du-massif-des-vosges","tag-ligue-contre-le-cancer"],"acf":[],"yoast_head":"<!-- This site is optimized with the Yoast SEO plugin v22.5 - https:\/\/yoast.com\/wordpress\/plugins\/seo\/ -->\n<title>Un c\u00f4lon g\u00e9ant va s&#039;installer devant le Centre Hospitalier de Saint-Di\u00e9-des-Vosges - Saint Die Info<\/title>\n<meta name=\"robots\" content=\"index, follow, max-snippet:-1, max-image-preview:large, max-video-preview:-1\" \/>\n<link rel=\"canonical\" href=\"https:\/\/vosgesinfo.fr\/saintdieinfo\/2025\/10\/un-colon-geant-va-sinstaller-devant-le-centre-hospitalier-de-saint-die-des-vosges\/\" \/>\n<meta name=\"twitter:card\" content=\"summary_large_image\" \/>\n<meta name=\"twitter:title\" content=\"Un c\u00f4lon g\u00e9ant va s&#039;installer devant le Centre Hospitalier de Saint-Di\u00e9-des-Vosges - Saint Die Info\" \/>\n<meta name=\"twitter:description\" content=\"Un c\u00f4lon gonflable g\u00e9ant viendra s&rsquo;installer devant le Centre Hospitalier de Saint-Di\u00e9-des-Vosges les lundi 3 et mardi 4 novembre prochains, [&hellip;]\" \/>\n<meta name=\"twitter:image\" content=\"https:\/\/vosgesinfo.fr\/app\/uploads\/sites\/4\/2025\/10\/colonr-tour-hmv.jpg\" \/>\n<meta name=\"twitter:creator\" content=\"@VosgesInfo88\" \/>\n<meta name=\"twitter:site\" content=\"@VosgesInfo88\" \/>\n<meta name=\"twitter:label1\" content=\"\u00c9crit par\" \/>\n\t<meta name=\"twitter:data1\" content=\"J.J.\" \/>\n\t<meta name=\"twitter:label2\" content=\"Dur\u00e9e de lecture estim\u00e9e\" \/>\n\t<meta name=\"twitter:data2\" content=\"1 minute\" \/>\n<script type=\"application\/ld+json\" class=\"yoast-schema-graph\">{\"@context\":\"https:\/\/schema.org\",\"@graph\":[{\"@type\":\"Article\",\"@id\":\"https:\/\/vosgesinfo.fr\/saintdieinfo\/2025\/10\/un-colon-geant-va-sinstaller-devant-le-centre-hospitalier-de-saint-die-des-vosges\/#article\",\"isPartOf\":{\"@id\":\"https:\/\/vosgesinfo.fr\/saintdieinfo\/2025\/10\/un-colon-geant-va-sinstaller-devant-le-centre-hospitalier-de-saint-die-des-vosges\/\"},\"author\":{\"name\":\"J.J.\",\"@id\":\"https:\/\/vosgesinfo.fr\/saintdieinfo\/#\/schema\/person\/fa73e9f726d67bb88f46d5b7943cb572\"},\"headline\":\"Un c\u00f4lon g\u00e9ant va s&rsquo;installer devant le Centre Hospitalier de Saint-Di\u00e9-des-Vosges\",\"datePublished\":\"2025-10-28T10:05:16+00:00\",\"dateModified\":\"2025-10-28T09:59:30+00:00\",\"mainEntityOfPage\":{\"@id\":\"https:\/\/vosgesinfo.fr\/saintdieinfo\/2025\/10\/un-colon-geant-va-sinstaller-devant-le-centre-hospitalier-de-saint-die-des-vosges\/\"},\"wordCount\":293,\"commentCount\":3,\"publisher\":{\"@id\":\"https:\/\/vosgesinfo.fr\/saintdieinfo\/#organization\"},\"image\":{\"@id\":\"https:\/\/vosgesinfo.fr\/saintdieinfo\/2025\/10\/un-colon-geant-va-sinstaller-devant-le-centre-hospitalier-de-saint-die-des-vosges\/#primaryimage\"},\"thumbnailUrl\":\"https:\/\/vosgesinfo.fr\/app\/uploads\/sites\/4\/2025\/10\/colonr-tour-hmv.jpg\",\"keywords\":[\"Centre Hospitalier de Saint-Di\u00e9-des-Vosges\",\"Colon Tour\",\"H\u00f4pitaux du Massif des Vosges\",\"Ligue contre le cancer\"],\"articleSection\":[\"A la Une\",\"Sant\u00e9\"],\"inLanguage\":\"fr-FR\",\"potentialAction\":[{\"@type\":\"CommentAction\",\"name\":\"Comment\",\"target\":[\"https:\/\/vosgesinfo.fr\/saintdieinfo\/2025\/10\/un-colon-geant-va-sinstaller-devant-le-centre-hospitalier-de-saint-die-des-vosges\/#respond\"]}]},{\"@type\":\"WebPage\",\"@id\":\"https:\/\/vosgesinfo.fr\/saintdieinfo\/2025\/10\/un-colon-geant-va-sinstaller-devant-le-centre-hospitalier-de-saint-die-des-vosges\/\",\"url\":\"https:\/\/vosgesinfo.fr\/saintdieinfo\/2025\/10\/un-colon-geant-va-sinstaller-devant-le-centre-hospitalier-de-saint-die-des-vosges\/\",\"name\":\"Un c\u00f4lon g\u00e9ant va s'installer devant le Centre Hospitalier de Saint-Di\u00e9-des-Vosges - Saint Die Info\",\"isPartOf\":{\"@id\":\"https:\/\/vosgesinfo.fr\/saintdieinfo\/#website\"},\"primaryImageOfPage\":{\"@id\":\"https:\/\/vosgesinfo.fr\/saintdieinfo\/2025\/10\/un-colon-geant-va-sinstaller-devant-le-centre-hospitalier-de-saint-die-des-vosges\/#primaryimage\"},\"image\":{\"@id\":\"https:\/\/vosgesinfo.fr\/saintdieinfo\/2025\/10\/un-colon-geant-va-sinstaller-devant-le-centre-hospitalier-de-saint-die-des-vosges\/#primaryimage\"},\"thumbnailUrl\":\"https:\/\/vosgesinfo.fr\/app\/uploads\/sites\/4\/2025\/10\/colonr-tour-hmv.jpg\",\"datePublished\":\"2025-10-28T10:05:16+00:00\",\"dateModified\":\"2025-10-28T09:59:30+00:00\",\"breadcrumb\":{\"@id\":\"https:\/\/vosgesinfo.fr\/saintdieinfo\/2025\/10\/un-colon-geant-va-sinstaller-devant-le-centre-hospitalier-de-saint-die-des-vosges\/#breadcrumb\"},\"inLanguage\":\"fr-FR\",\"potentialAction\":[{\"@type\":\"ReadAction\",\"target\":[\"https:\/\/vosgesinfo.fr\/saintdieinfo\/2025\/10\/un-colon-geant-va-sinstaller-devant-le-centre-hospitalier-de-saint-die-des-vosges\/\"]}]},{\"@type\":\"ImageObject\",\"inLanguage\":\"fr-FR\",\"@id\":\"https:\/\/vosgesinfo.fr\/saintdieinfo\/2025\/10\/un-colon-geant-va-sinstaller-devant-le-centre-hospitalier-de-saint-die-des-vosges\/#primaryimage\",\"url\":\"https:\/\/vosgesinfo.fr\/app\/uploads\/sites\/4\/2025\/10\/colonr-tour-hmv.jpg\",\"contentUrl\":\"https:\/\/vosgesinfo.fr\/app\/uploads\/sites\/4\/2025\/10\/colonr-tour-hmv.jpg\",\"width\":1141,\"height\":756,\"caption\":\"(Photographie Ligue contre le cancer)\"},{\"@type\":\"BreadcrumbList\",\"@id\":\"https:\/\/vosgesinfo.fr\/saintdieinfo\/2025\/10\/un-colon-geant-va-sinstaller-devant-le-centre-hospitalier-de-saint-die-des-vosges\/#breadcrumb\",\"itemListElement\":[{\"@type\":\"ListItem\",\"position\":1,\"name\":\"Home\",\"item\":\"https:\/\/vosgesinfo.fr\/saintdieinfo\/\"},{\"@type\":\"ListItem\",\"position\":2,\"name\":\"Un c\u00f4lon g\u00e9ant va s&rsquo;installer devant le Centre Hospitalier de Saint-Di\u00e9-des-Vosges\"}]},{\"@type\":\"WebSite\",\"@id\":\"https:\/\/vosgesinfo.fr\/saintdieinfo\/#website\",\"url\":\"https:\/\/vosgesinfo.fr\/saintdieinfo\/\",\"name\":\"Saint Die Info\",\"description\":\"Toute l&#039;actualit\u00e9 de Saint-Di\u00e9-Des-Vosges\",\"publisher\":{\"@id\":\"https:\/\/vosgesinfo.fr\/saintdieinfo\/#organization\"},\"alternateName\":\"Toute l'actualit\u00e9 de Saint-Di\u00e9-Des-Vosges\",\"potentialAction\":[{\"@type\":\"SearchAction\",\"target\":{\"@type\":\"EntryPoint\",\"urlTemplate\":\"https:\/\/vosgesinfo.fr\/saintdieinfo\/?s={search_term_string}\"},\"query-input\":\"required name=search_term_string\"}],\"inLanguage\":\"fr-FR\"},{\"@type\":\"Organization\",\"@id\":\"https:\/\/vosgesinfo.fr\/saintdieinfo\/#organization\",\"name\":\"Saint Die Info\",\"url\":\"https:\/\/vosgesinfo.fr\/saintdieinfo\/\",\"logo\":{\"@type\":\"ImageObject\",\"inLanguage\":\"fr-FR\",\"@id\":\"https:\/\/vosgesinfo.fr\/saintdieinfo\/#\/schema\/logo\/image\/\",\"url\":\"https:\/\/vosgesinfo.fr\/app\/uploads\/sites\/4\/2024\/02\/logo-sdi.jpg\",\"contentUrl\":\"https:\/\/vosgesinfo.fr\/app\/uploads\/sites\/4\/2024\/02\/logo-sdi.jpg\",\"width\":600,\"height\":600,\"caption\":\"Saint Die Info\"},\"image\":{\"@id\":\"https:\/\/vosgesinfo.fr\/saintdieinfo\/#\/schema\/logo\/image\/\"},\"sameAs\":[\"https:\/\/www.facebook.com\/Saintdieinfofr\",\"https:\/\/x.com\/VosgesInfo88\",\"https:\/\/www.youtube.com\/@vosgesinfo\"]},{\"@type\":\"Person\",\"@id\":\"https:\/\/vosgesinfo.fr\/saintdieinfo\/#\/schema\/person\/fa73e9f726d67bb88f46d5b7943cb572\",\"name\":\"J.J.\",\"image\":{\"@type\":\"ImageObject\",\"inLanguage\":\"fr-FR\",\"@id\":\"https:\/\/vosgesinfo.fr\/saintdieinfo\/#\/schema\/person\/image\/\",\"url\":\"https:\/\/secure.gravatar.com\/avatar\/219e749e47ffbcca018a360ae4add7d4cdf1cdaaf8bc7676b27efade3fe65615?s=96&d=mm&r=g\",\"contentUrl\":\"https:\/\/secure.gravatar.com\/avatar\/219e749e47ffbcca018a360ae4add7d4cdf1cdaaf8bc7676b27efade3fe65615?s=96&d=mm&r=g\",\"caption\":\"J.J.\"},\"url\":\"https:\/\/vosgesinfo.fr\/saintdieinfo\/author\/j-j\/\"}]}<\/script>\n<!-- \/ Yoast SEO plugin. -->","yoast_head_json":{"title":"Un c\u00f4lon g\u00e9ant va s'installer devant le Centre Hospitalier de Saint-Di\u00e9-des-Vosges - Saint Die Info","robots":{"index":"index","follow":"follow","max-snippet":"max-snippet:-1","max-image-preview":"max-image-preview:large","max-video-preview":"max-video-preview:-1"},"canonical":"https:\/\/vosgesinfo.fr\/saintdieinfo\/2025\/10\/un-colon-geant-va-sinstaller-devant-le-centre-hospitalier-de-saint-die-des-vosges\/","twitter_card":"summary_large_image","twitter_title":"Un c\u00f4lon g\u00e9ant va s'installer devant le Centre Hospitalier de Saint-Di\u00e9-des-Vosges - Saint Die Info","twitter_description":"Un c\u00f4lon gonflable g\u00e9ant viendra s&rsquo;installer devant le Centre Hospitalier de Saint-Di\u00e9-des-Vosges les lundi 3 et mardi 4 novembre prochains, [&hellip;]","twitter_image":"https:\/\/vosgesinfo.fr\/app\/uploads\/sites\/4\/2025\/10\/colonr-tour-hmv.jpg","twitter_creator":"@VosgesInfo88","twitter_site":"@VosgesInfo88","twitter_misc":{"\u00c9crit par":"J.J.","Dur\u00e9e de lecture estim\u00e9e":"1 minute"},"schema":{"@context":"https:\/\/schema.org","@graph":[{"@type":"Article","@id":"https:\/\/vosgesinfo.fr\/saintdieinfo\/2025\/10\/un-colon-geant-va-sinstaller-devant-le-centre-hospitalier-de-saint-die-des-vosges\/#article","isPartOf":{"@id":"https:\/\/vosgesinfo.fr\/saintdieinfo\/2025\/10\/un-colon-geant-va-sinstaller-devant-le-centre-hospitalier-de-saint-die-des-vosges\/"},"author":{"name":"J.J.","@id":"https:\/\/vosgesinfo.fr\/saintdieinfo\/#\/schema\/person\/fa73e9f726d67bb88f46d5b7943cb572"},"headline":"Un c\u00f4lon g\u00e9ant va s&rsquo;installer devant le Centre Hospitalier de Saint-Di\u00e9-des-Vosges","datePublished":"2025-10-28T10:05:16+00:00","dateModified":"2025-10-28T09:59:30+00:00","mainEntityOfPage":{"@id":"https:\/\/vosgesinfo.fr\/saintdieinfo\/2025\/10\/un-colon-geant-va-sinstaller-devant-le-centre-hospitalier-de-saint-die-des-vosges\/"},"wordCount":293,"commentCount":3,"publisher":{"@id":"https:\/\/vosgesinfo.fr\/saintdieinfo\/#organization"},"image":{"@id":"https:\/\/vosgesinfo.fr\/saintdieinfo\/2025\/10\/un-colon-geant-va-sinstaller-devant-le-centre-hospitalier-de-saint-die-des-vosges\/#primaryimage"},"thumbnailUrl":"https:\/\/vosgesinfo.fr\/app\/uploads\/sites\/4\/2025\/10\/colonr-tour-hmv.jpg","keywords":["Centre Hospitalier de Saint-Di\u00e9-des-Vosges","Colon Tour","H\u00f4pitaux du Massif des Vosges","Ligue contre le cancer"],"articleSection":["A la Une","Sant\u00e9"],"inLanguage":"fr-FR","potentialAction":[{"@type":"CommentAction","name":"Comment","target":["https:\/\/vosgesinfo.fr\/saintdieinfo\/2025\/10\/un-colon-geant-va-sinstaller-devant-le-centre-hospitalier-de-saint-die-des-vosges\/#respond"]}]},{"@type":"WebPage","@id":"https:\/\/vosgesinfo.fr\/saintdieinfo\/2025\/10\/un-colon-geant-va-sinstaller-devant-le-centre-hospitalier-de-saint-die-des-vosges\/","url":"https:\/\/vosgesinfo.fr\/saintdieinfo\/2025\/10\/un-colon-geant-va-sinstaller-devant-le-centre-hospitalier-de-saint-die-des-vosges\/","name":"Un c\u00f4lon g\u00e9ant va s'installer devant le Centre Hospitalier de Saint-Di\u00e9-des-Vosges - Saint Die Info","isPartOf":{"@id":"https:\/\/vosgesinfo.fr\/saintdieinfo\/#website"},"primaryImageOfPage":{"@id":"https:\/\/vosgesinfo.fr\/saintdieinfo\/2025\/10\/un-colon-geant-va-sinstaller-devant-le-centre-hospitalier-de-saint-die-des-vosges\/#primaryimage"},"image":{"@id":"https:\/\/vosgesinfo.fr\/saintdieinfo\/2025\/10\/un-colon-geant-va-sinstaller-devant-le-centre-hospitalier-de-saint-die-des-vosges\/#primaryimage"},"thumbnailUrl":"https:\/\/vosgesinfo.fr\/app\/uploads\/sites\/4\/2025\/10\/colonr-tour-hmv.jpg","datePublished":"2025-10-28T10:05:16+00:00","dateModified":"2025-10-28T09:59:30+00:00","breadcrumb":{"@id":"https:\/\/vosgesinfo.fr\/saintdieinfo\/2025\/10\/un-colon-geant-va-sinstaller-devant-le-centre-hospitalier-de-saint-die-des-vosges\/#breadcrumb"},"inLanguage":"fr-FR","potentialAction":[{"@type":"ReadAction","target":["https:\/\/vosgesinfo.fr\/saintdieinfo\/2025\/10\/un-colon-geant-va-sinstaller-devant-le-centre-hospitalier-de-saint-die-des-vosges\/"]}]},{"@type":"ImageObject","inLanguage":"fr-FR","@id":"https:\/\/vosgesinfo.fr\/saintdieinfo\/2025\/10\/un-colon-geant-va-sinstaller-devant-le-centre-hospitalier-de-saint-die-des-vosges\/#primaryimage","url":"https:\/\/vosgesinfo.fr\/app\/uploads\/sites\/4\/2025\/10\/colonr-tour-hmv.jpg","contentUrl":"https:\/\/vosgesinfo.fr\/app\/uploads\/sites\/4\/2025\/10\/colonr-tour-hmv.jpg","width":1141,"height":756,"caption":"(Photographie Ligue contre le cancer)"},{"@type":"BreadcrumbList","@id":"https:\/\/vosgesinfo.fr\/saintdieinfo\/2025\/10\/un-colon-geant-va-sinstaller-devant-le-centre-hospitalier-de-saint-die-des-vosges\/#breadcrumb","itemListElement":[{"@type":"ListItem","position":1,"name":"Home","item":"https:\/\/vosgesinfo.fr\/saintdieinfo\/"},{"@type":"ListItem","position":2,"name":"Un c\u00f4lon g\u00e9ant va s&rsquo;installer devant le Centre Hospitalier de Saint-Di\u00e9-des-Vosges"}]},{"@type":"WebSite","@id":"https:\/\/vosgesinfo.fr\/saintdieinfo\/#website","url":"https:\/\/vosgesinfo.fr\/saintdieinfo\/","name":"Saint Die Info","description":"Toute l&#039;actualit\u00e9 de Saint-Di\u00e9-Des-Vosges","publisher":{"@id":"https:\/\/vosgesinfo.fr\/saintdieinfo\/#organization"},"alternateName":"Toute l'actualit\u00e9 de Saint-Di\u00e9-Des-Vosges","potentialAction":[{"@type":"SearchAction","target":{"@type":"EntryPoint","urlTemplate":"https:\/\/vosgesinfo.fr\/saintdieinfo\/?s={search_term_string}"},"query-input":"required name=search_term_string"}],"inLanguage":"fr-FR"},{"@type":"Organization","@id":"https:\/\/vosgesinfo.fr\/saintdieinfo\/#organization","name":"Saint Die Info","url":"https:\/\/vosgesinfo.fr\/saintdieinfo\/","logo":{"@type":"ImageObject","inLanguage":"fr-FR","@id":"https:\/\/vosgesinfo.fr\/saintdieinfo\/#\/schema\/logo\/image\/","url":"https:\/\/vosgesinfo.fr\/app\/uploads\/sites\/4\/2024\/02\/logo-sdi.jpg","contentUrl":"https:\/\/vosgesinfo.fr\/app\/uploads\/sites\/4\/2024\/02\/logo-sdi.jpg","width":600,"height":600,"caption":"Saint Die Info"},"image":{"@id":"https:\/\/vosgesinfo.fr\/saintdieinfo\/#\/schema\/logo\/image\/"},"sameAs":["https:\/\/www.facebook.com\/Saintdieinfofr","https:\/\/x.com\/VosgesInfo88","https:\/\/www.youtube.com\/@vosgesinfo"]},{"@type":"Person","@id":"https:\/\/vosgesinfo.fr\/saintdieinfo\/#\/schema\/person\/fa73e9f726d67bb88f46d5b7943cb572","name":"J.J.","image":{"@type":"ImageObject","inLanguage":"fr-FR","@id":"https:\/\/vosgesinfo.fr\/saintdieinfo\/#\/schema\/person\/image\/","url":"https:\/\/secure.gravatar.com\/avatar\/219e749e47ffbcca018a360ae4add7d4cdf1cdaaf8bc7676b27efade3fe65615?s=96&d=mm&r=g","contentUrl":"https:\/\/secure.gravatar.com\/avatar\/219e749e47ffbcca018a360ae4add7d4cdf1cdaaf8bc7676b27efade3fe65615?s=96&d=mm&r=g","caption":"J.J."},"url":"https:\/\/vosgesinfo.fr\/saintdieinfo\/author\/j-j\/"}]}},"_links":{"self":[{"href":"https:\/\/vosgesinfo.fr\/saintdieinfo\/wp-json\/wp\/v2\/posts\/83964","targetHints":{"allow":["GET"]}}],"collection":[{"href":"https:\/\/vosgesinfo.fr\/saintdieinfo\/wp-json\/wp\/v2\/posts"}],"about":[{"href":"https:\/\/vosgesinfo.fr\/saintdieinfo\/wp-json\/wp\/v2\/types\/post"}],"author":[{"embeddable":true,"href":"https:\/\/vosgesinfo.fr\/saintdieinfo\/wp-json\/wp\/v2\/users\/46"}],"replies":[{"embeddable":true,"href":"https:\/\/vosgesinfo.fr\/saintdieinfo\/wp-json\/wp\/v2\/comments?post=83964"}],"version-history":[{"count":1,"href":"https:\/\/vosgesinfo.fr\/saintdieinfo\/wp-json\/wp\/v2\/posts\/83964\/revisions"}],"predecessor-version":[{"id":84015,"href":"https:\/\/vosgesinfo.fr\/saintdieinfo\/wp-json\/wp\/v2\/posts\/83964\/revisions\/84015"}],"wp:featuredmedia":[{"embeddable":true,"href":"https:\/\/vosgesinfo.fr\/saintdieinfo\/wp-json\/wp\/v2\/media\/83965"}],"wp:attachment":[{"href":"https:\/\/vosgesinfo.fr\/saintdieinfo\/wp-json\/wp\/v2\/media?parent=83964"}],"wp:term":[{"taxonomy":"category","embeddable":true,"href":"https:\/\/vosgesinfo.fr\/saintdieinfo\/wp-json\/wp\/v2\/categories?post=83964"},{"taxonomy":"post_tag","embeddable":true,"href":"https:\/\/vosgesinfo.fr\/saintdieinfo\/wp-json\/wp\/v2\/tags?post=83964"}],"curies":[{"name":"wp","href":"https:\/\/api.w.org\/{rel}","templated":true}]}}