{"id":84036,"date":"2025-10-28T14:40:04","date_gmt":"2025-10-28T13:40:04","guid":{"rendered":"https:\/\/vosgesinfo.fr\/saintdieinfo\/2025\/10\/80-ans-de-la-securite-sociale-trois-associations-dhistoire-sociale-unissent-leurs-voix-dans-le-grand-est\/"},"modified":"2025-10-28T14:40:04","modified_gmt":"2025-10-28T13:40:04","slug":"80-ans-de-la-securite-sociale-trois-associations-dhistoire-sociale-unissent-leurs-voix-dans-le-grand-est","status":"publish","type":"post","link":"https:\/\/vosgesinfo.fr\/saintdieinfo\/2025\/10\/80-ans-de-la-securite-sociale-trois-associations-dhistoire-sociale-unissent-leurs-voix-dans-le-grand-est\/","title":{"rendered":"80 ans de la S\u00e9curit\u00e9 sociale : trois associations d\u2019histoire sociale unissent leurs voix dans le Grand Est"},"content":{"rendered":"<h3><a href=\"https:\/\/vosgesinfo.fr\/app\/uploads\/sites\/6\/2025\/10\/affiche-bruyeres-pour-le-31-page-0001.jpg\"><img decoding=\"async\" class=\"aligncenter size-large wp-image-84140\" src=\"https:\/\/vosgesinfo.fr\/app\/uploads\/sites\/6\/2025\/10\/affiche-bruyeres-pour-le-31-page-0001-724x1024.jpg\" alt=\"\" width=\"724\" height=\"1024\" \/><\/a><\/h3>\n<h3>A l&rsquo;occasion du 80e anniversaire de la s\u00e9curit\u00e9 sociale, l&rsquo;ADEMAT-H s\u00a0\u00bbest impliqu\u00e9e avec le collectif r\u00e9gional Grand d&rsquo;Est, pour organiser deux manifestations dans les Vosges.<\/h3>\n<p><a href=\"https:\/\/vosgesinfo.fr\/app\/uploads\/sites\/6\/2025\/10\/affiche-bruyeres-pour-le-31-page-0001.jpg\"><img decoding=\"async\" class=\"alignright size-medium wp-image-84140\" src=\"https:\/\/vosgesinfo.fr\/app\/uploads\/sites\/6\/2025\/10\/affiche-bruyeres-pour-le-31-page-0001-212x300.jpg\" alt=\"\" width=\"212\" height=\"300\" \/><\/a>La premi\u00e8re aura lieu ce vendredi 31 octobre \u00e0 la salle des f\u00eates de Bruy\u00e8res 15 h 00 et 20 h 00.<br \/>\nLa seconde \u00e0 Saint Etienne les Remiremont le vendredi 5 d\u00e9cembre \u00e0 20 h 00 avec un \u00e9conomiste de la sant\u00e9.<\/p>\n<p>Trois associations d\u2019histoire sociale de la R\u00e9gion Grand Est ont lanc\u00e9 d\u00e8s 2024 une initiative commune pour c\u00e9l\u00e9brer les 80 ans de la S\u00e9curit\u00e9 sociale durant toute l\u2019ann\u00e9e 2025.<br \/>\n<strong>Au-del\u00e0 de l\u2019hommage, il s\u2019agit de :<\/strong><br \/>\nRappeler les origines : un syst\u00e8me n\u00e9 en 1945, au croisement des id\u00e9es et des luttes des syndicats, partis, mouvements sociaux et religieux, dans l\u2019\u00e9lan du Conseil national de la R\u00e9sistance.<br \/>\nTransmettre un h\u00e9ritage : un patrimoine social qui plonge ses racines dans l\u2019Europe du XIXe si\u00e8cle et qui n\u2019a cess\u00e9 d\u2019\u00e9voluer avec l\u2019apparition de nouveaux risques, la modernisation de la<br \/>\ngestion et la num\u00e9risation des services.<br \/>\nPoser la question de l\u2019avenir : entre la tentation d\u2019un affaiblissement progressif et l\u2019appel \u00e0 un \u00e9largissement de la solidarit\u00e9 \u00e0 de nouveaux d\u00e9fis comme l\u2019alimentation ou le changement<br \/>\nclimatique.<br \/>\nUn regard sur l\u2019histoire, une r\u00e9flexion sur l\u2019avenir : tel est le sens de cette comm\u00e9moration partag\u00e9e par de nombreux acteurs sur la R\u00e9gion, avec le soutien des collectivit\u00e9s territoriales.<\/p>\n","protected":false},"excerpt":{"rendered":"<p>A l&rsquo;occasion du 80e anniversaire de la s\u00e9curit\u00e9 sociale, l&rsquo;ADEMAT-H s\u00a0\u00bbest impliqu\u00e9e avec le collectif r\u00e9gional Grand d&rsquo;Est, pour organiser [&hellip;]<\/p>\n","protected":false},"author":391,"featured_media":84037,"comment_status":"open","ping_status":"open","sticky":false,"template":"","format":"standard","meta":{"footnotes":""},"categories":[460,5392,5391,4099,4100],"tags":[14973,1675],"class_list":["post-84036","post","type-post","status-publish","format-standard","has-post-thumbnail","hentry","category-a-la-une","category-epinal","category-gerardmer","category-remiremont","category-saint-die","tag-ademat-h","tag-securite-sociale"],"acf":[],"yoast_head":"<!-- This site is optimized with the Yoast SEO plugin v22.5 - https:\/\/yoast.com\/wordpress\/plugins\/seo\/ -->\n<title>80 ans de la S\u00e9curit\u00e9 sociale : trois associations d\u2019histoire sociale unissent leurs voix dans le Grand Est - Saint Die Info<\/title>\n<meta name=\"robots\" content=\"index, follow, max-snippet:-1, max-image-preview:large, max-video-preview:-1\" \/>\n<link rel=\"canonical\" href=\"https:\/\/vosgesinfo.fr\/saintdieinfo\/2025\/10\/80-ans-de-la-securite-sociale-trois-associations-dhistoire-sociale-unissent-leurs-voix-dans-le-grand-est\/\" \/>\n<meta name=\"twitter:card\" content=\"summary_large_image\" \/>\n<meta name=\"twitter:title\" content=\"80 ans de la S\u00e9curit\u00e9 sociale : trois associations d\u2019histoire sociale unissent leurs voix dans le Grand Est - Saint Die Info\" \/>\n<meta name=\"twitter:description\" content=\"A l&rsquo;occasion du 80e anniversaire de la s\u00e9curit\u00e9 sociale, l&rsquo;ADEMAT-H s\u00a0\u00bbest impliqu\u00e9e avec le collectif r\u00e9gional Grand d&rsquo;Est, pour organiser [&hellip;]\" \/>\n<meta name=\"twitter:image\" content=\"https:\/\/vosgesinfo.fr\/app\/uploads\/sites\/4\/2025\/10\/affiche-bruyeres-pour-le-31-page-0001.jpg\" \/>\n<meta name=\"twitter:creator\" content=\"@VosgesInfo88\" \/>\n<meta name=\"twitter:site\" content=\"@VosgesInfo88\" \/>\n<meta name=\"twitter:label1\" content=\"\u00c9crit par\" \/>\n\t<meta name=\"twitter:data1\" content=\"La redaction\" \/>\n\t<meta name=\"twitter:label2\" content=\"Dur\u00e9e de lecture estim\u00e9e\" \/>\n\t<meta name=\"twitter:data2\" content=\"1 minute\" \/>\n<script type=\"application\/ld+json\" class=\"yoast-schema-graph\">{\"@context\":\"https:\/\/schema.org\",\"@graph\":[{\"@type\":\"Article\",\"@id\":\"https:\/\/vosgesinfo.fr\/saintdieinfo\/2025\/10\/80-ans-de-la-securite-sociale-trois-associations-dhistoire-sociale-unissent-leurs-voix-dans-le-grand-est\/#article\",\"isPartOf\":{\"@id\":\"https:\/\/vosgesinfo.fr\/saintdieinfo\/2025\/10\/80-ans-de-la-securite-sociale-trois-associations-dhistoire-sociale-unissent-leurs-voix-dans-le-grand-est\/\"},\"author\":{\"name\":\"La redaction\",\"@id\":\"https:\/\/vosgesinfo.fr\/saintdieinfo\/#\/schema\/person\/27a3695b06db98895b354c0765cdfc31\"},\"headline\":\"80 ans de la S\u00e9curit\u00e9 sociale : trois associations d\u2019histoire sociale unissent leurs voix dans le Grand Est\",\"datePublished\":\"2025-10-28T13:40:04+00:00\",\"dateModified\":\"2025-10-28T13:40:04+00:00\",\"mainEntityOfPage\":{\"@id\":\"https:\/\/vosgesinfo.fr\/saintdieinfo\/2025\/10\/80-ans-de-la-securite-sociale-trois-associations-dhistoire-sociale-unissent-leurs-voix-dans-le-grand-est\/\"},\"wordCount\":271,\"commentCount\":0,\"publisher\":{\"@id\":\"https:\/\/vosgesinfo.fr\/saintdieinfo\/#organization\"},\"image\":{\"@id\":\"https:\/\/vosgesinfo.fr\/saintdieinfo\/2025\/10\/80-ans-de-la-securite-sociale-trois-associations-dhistoire-sociale-unissent-leurs-voix-dans-le-grand-est\/#primaryimage\"},\"thumbnailUrl\":\"https:\/\/vosgesinfo.fr\/app\/uploads\/sites\/4\/2025\/10\/affiche-bruyeres-pour-le-31-page-0001.jpg\",\"keywords\":[\"ademat-h\",\"s\u00e9curit\u00e9 sociale\"],\"articleSection\":[\"A la Une\",\"Epinal\",\"Gerardmer\",\"Remiremont\",\"Saint-di\u00e9\"],\"inLanguage\":\"fr-FR\",\"potentialAction\":[{\"@type\":\"CommentAction\",\"name\":\"Comment\",\"target\":[\"https:\/\/vosgesinfo.fr\/saintdieinfo\/2025\/10\/80-ans-de-la-securite-sociale-trois-associations-dhistoire-sociale-unissent-leurs-voix-dans-le-grand-est\/#respond\"]}]},{\"@type\":\"WebPage\",\"@id\":\"https:\/\/vosgesinfo.fr\/saintdieinfo\/2025\/10\/80-ans-de-la-securite-sociale-trois-associations-dhistoire-sociale-unissent-leurs-voix-dans-le-grand-est\/\",\"url\":\"https:\/\/vosgesinfo.fr\/saintdieinfo\/2025\/10\/80-ans-de-la-securite-sociale-trois-associations-dhistoire-sociale-unissent-leurs-voix-dans-le-grand-est\/\",\"name\":\"80 ans de la S\u00e9curit\u00e9 sociale : trois associations d\u2019histoire sociale unissent leurs voix dans le Grand Est - Saint Die Info\",\"isPartOf\":{\"@id\":\"https:\/\/vosgesinfo.fr\/saintdieinfo\/#website\"},\"primaryImageOfPage\":{\"@id\":\"https:\/\/vosgesinfo.fr\/saintdieinfo\/2025\/10\/80-ans-de-la-securite-sociale-trois-associations-dhistoire-sociale-unissent-leurs-voix-dans-le-grand-est\/#primaryimage\"},\"image\":{\"@id\":\"https:\/\/vosgesinfo.fr\/saintdieinfo\/2025\/10\/80-ans-de-la-securite-sociale-trois-associations-dhistoire-sociale-unissent-leurs-voix-dans-le-grand-est\/#primaryimage\"},\"thumbnailUrl\":\"https:\/\/vosgesinfo.fr\/app\/uploads\/sites\/4\/2025\/10\/affiche-bruyeres-pour-le-31-page-0001.jpg\",\"datePublished\":\"2025-10-28T13:40:04+00:00\",\"dateModified\":\"2025-10-28T13:40:04+00:00\",\"breadcrumb\":{\"@id\":\"https:\/\/vosgesinfo.fr\/saintdieinfo\/2025\/10\/80-ans-de-la-securite-sociale-trois-associations-dhistoire-sociale-unissent-leurs-voix-dans-le-grand-est\/#breadcrumb\"},\"inLanguage\":\"fr-FR\",\"potentialAction\":[{\"@type\":\"ReadAction\",\"target\":[\"https:\/\/vosgesinfo.fr\/saintdieinfo\/2025\/10\/80-ans-de-la-securite-sociale-trois-associations-dhistoire-sociale-unissent-leurs-voix-dans-le-grand-est\/\"]}]},{\"@type\":\"ImageObject\",\"inLanguage\":\"fr-FR\",\"@id\":\"https:\/\/vosgesinfo.fr\/saintdieinfo\/2025\/10\/80-ans-de-la-securite-sociale-trois-associations-dhistoire-sociale-unissent-leurs-voix-dans-le-grand-est\/#primaryimage\",\"url\":\"https:\/\/vosgesinfo.fr\/app\/uploads\/sites\/4\/2025\/10\/affiche-bruyeres-pour-le-31-page-0001.jpg\",\"contentUrl\":\"https:\/\/vosgesinfo.fr\/app\/uploads\/sites\/4\/2025\/10\/affiche-bruyeres-pour-le-31-page-0001.jpg\",\"width\":764,\"height\":1080},{\"@type\":\"BreadcrumbList\",\"@id\":\"https:\/\/vosgesinfo.fr\/saintdieinfo\/2025\/10\/80-ans-de-la-securite-sociale-trois-associations-dhistoire-sociale-unissent-leurs-voix-dans-le-grand-est\/#breadcrumb\",\"itemListElement\":[{\"@type\":\"ListItem\",\"position\":1,\"name\":\"Home\",\"item\":\"https:\/\/vosgesinfo.fr\/saintdieinfo\/\"},{\"@type\":\"ListItem\",\"position\":2,\"name\":\"80 ans de la S\u00e9curit\u00e9 sociale : trois associations d\u2019histoire sociale unissent leurs voix dans le Grand Est\"}]},{\"@type\":\"WebSite\",\"@id\":\"https:\/\/vosgesinfo.fr\/saintdieinfo\/#website\",\"url\":\"https:\/\/vosgesinfo.fr\/saintdieinfo\/\",\"name\":\"Saint Die Info\",\"description\":\"Toute l&#039;actualit\u00e9 de Saint-Di\u00e9-Des-Vosges\",\"publisher\":{\"@id\":\"https:\/\/vosgesinfo.fr\/saintdieinfo\/#organization\"},\"alternateName\":\"Toute l'actualit\u00e9 de Saint-Di\u00e9-Des-Vosges\",\"potentialAction\":[{\"@type\":\"SearchAction\",\"target\":{\"@type\":\"EntryPoint\",\"urlTemplate\":\"https:\/\/vosgesinfo.fr\/saintdieinfo\/?s={search_term_string}\"},\"query-input\":\"required name=search_term_string\"}],\"inLanguage\":\"fr-FR\"},{\"@type\":\"Organization\",\"@id\":\"https:\/\/vosgesinfo.fr\/saintdieinfo\/#organization\",\"name\":\"Saint Die Info\",\"url\":\"https:\/\/vosgesinfo.fr\/saintdieinfo\/\",\"logo\":{\"@type\":\"ImageObject\",\"inLanguage\":\"fr-FR\",\"@id\":\"https:\/\/vosgesinfo.fr\/saintdieinfo\/#\/schema\/logo\/image\/\",\"url\":\"https:\/\/vosgesinfo.fr\/app\/uploads\/sites\/4\/2024\/02\/logo-sdi.jpg\",\"contentUrl\":\"https:\/\/vosgesinfo.fr\/app\/uploads\/sites\/4\/2024\/02\/logo-sdi.jpg\",\"width\":600,\"height\":600,\"caption\":\"Saint Die Info\"},\"image\":{\"@id\":\"https:\/\/vosgesinfo.fr\/saintdieinfo\/#\/schema\/logo\/image\/\"},\"sameAs\":[\"https:\/\/www.facebook.com\/Saintdieinfofr\",\"https:\/\/x.com\/VosgesInfo88\",\"https:\/\/www.youtube.com\/@vosgesinfo\"]},{\"@type\":\"Person\",\"@id\":\"https:\/\/vosgesinfo.fr\/saintdieinfo\/#\/schema\/person\/27a3695b06db98895b354c0765cdfc31\",\"name\":\"La redaction\",\"image\":{\"@type\":\"ImageObject\",\"inLanguage\":\"fr-FR\",\"@id\":\"https:\/\/vosgesinfo.fr\/saintdieinfo\/#\/schema\/person\/image\/\",\"url\":\"https:\/\/secure.gravatar.com\/avatar\/64c76a78e501cedee55736f43f332df901e1896ae9cd8fad269ae2236dd0e8b6?s=96&d=mm&r=g\",\"contentUrl\":\"https:\/\/secure.gravatar.com\/avatar\/64c76a78e501cedee55736f43f332df901e1896ae9cd8fad269ae2236dd0e8b6?s=96&d=mm&r=g\",\"caption\":\"La redaction\"},\"url\":\"https:\/\/vosgesinfo.fr\/saintdieinfo\/author\/la-redaction\/\"}]}<\/script>\n<!-- \/ Yoast SEO plugin. -->","yoast_head_json":{"title":"80 ans de la S\u00e9curit\u00e9 sociale : trois associations d\u2019histoire sociale unissent leurs voix dans le Grand Est - Saint Die Info","robots":{"index":"index","follow":"follow","max-snippet":"max-snippet:-1","max-image-preview":"max-image-preview:large","max-video-preview":"max-video-preview:-1"},"canonical":"https:\/\/vosgesinfo.fr\/saintdieinfo\/2025\/10\/80-ans-de-la-securite-sociale-trois-associations-dhistoire-sociale-unissent-leurs-voix-dans-le-grand-est\/","twitter_card":"summary_large_image","twitter_title":"80 ans de la S\u00e9curit\u00e9 sociale : trois associations d\u2019histoire sociale unissent leurs voix dans le Grand Est - Saint Die Info","twitter_description":"A l&rsquo;occasion du 80e anniversaire de la s\u00e9curit\u00e9 sociale, l&rsquo;ADEMAT-H s\u00a0\u00bbest impliqu\u00e9e avec le collectif r\u00e9gional Grand d&rsquo;Est, pour organiser [&hellip;]","twitter_image":"https:\/\/vosgesinfo.fr\/app\/uploads\/sites\/4\/2025\/10\/affiche-bruyeres-pour-le-31-page-0001.jpg","twitter_creator":"@VosgesInfo88","twitter_site":"@VosgesInfo88","twitter_misc":{"\u00c9crit par":"La redaction","Dur\u00e9e de lecture estim\u00e9e":"1 minute"},"schema":{"@context":"https:\/\/schema.org","@graph":[{"@type":"Article","@id":"https:\/\/vosgesinfo.fr\/saintdieinfo\/2025\/10\/80-ans-de-la-securite-sociale-trois-associations-dhistoire-sociale-unissent-leurs-voix-dans-le-grand-est\/#article","isPartOf":{"@id":"https:\/\/vosgesinfo.fr\/saintdieinfo\/2025\/10\/80-ans-de-la-securite-sociale-trois-associations-dhistoire-sociale-unissent-leurs-voix-dans-le-grand-est\/"},"author":{"name":"La redaction","@id":"https:\/\/vosgesinfo.fr\/saintdieinfo\/#\/schema\/person\/27a3695b06db98895b354c0765cdfc31"},"headline":"80 ans de la S\u00e9curit\u00e9 sociale : trois associations d\u2019histoire sociale unissent leurs voix dans le Grand Est","datePublished":"2025-10-28T13:40:04+00:00","dateModified":"2025-10-28T13:40:04+00:00","mainEntityOfPage":{"@id":"https:\/\/vosgesinfo.fr\/saintdieinfo\/2025\/10\/80-ans-de-la-securite-sociale-trois-associations-dhistoire-sociale-unissent-leurs-voix-dans-le-grand-est\/"},"wordCount":271,"commentCount":0,"publisher":{"@id":"https:\/\/vosgesinfo.fr\/saintdieinfo\/#organization"},"image":{"@id":"https:\/\/vosgesinfo.fr\/saintdieinfo\/2025\/10\/80-ans-de-la-securite-sociale-trois-associations-dhistoire-sociale-unissent-leurs-voix-dans-le-grand-est\/#primaryimage"},"thumbnailUrl":"https:\/\/vosgesinfo.fr\/app\/uploads\/sites\/4\/2025\/10\/affiche-bruyeres-pour-le-31-page-0001.jpg","keywords":["ademat-h","s\u00e9curit\u00e9 sociale"],"articleSection":["A la Une","Epinal","Gerardmer","Remiremont","Saint-di\u00e9"],"inLanguage":"fr-FR","potentialAction":[{"@type":"CommentAction","name":"Comment","target":["https:\/\/vosgesinfo.fr\/saintdieinfo\/2025\/10\/80-ans-de-la-securite-sociale-trois-associations-dhistoire-sociale-unissent-leurs-voix-dans-le-grand-est\/#respond"]}]},{"@type":"WebPage","@id":"https:\/\/vosgesinfo.fr\/saintdieinfo\/2025\/10\/80-ans-de-la-securite-sociale-trois-associations-dhistoire-sociale-unissent-leurs-voix-dans-le-grand-est\/","url":"https:\/\/vosgesinfo.fr\/saintdieinfo\/2025\/10\/80-ans-de-la-securite-sociale-trois-associations-dhistoire-sociale-unissent-leurs-voix-dans-le-grand-est\/","name":"80 ans de la S\u00e9curit\u00e9 sociale : trois associations d\u2019histoire sociale unissent leurs voix dans le Grand Est - Saint Die Info","isPartOf":{"@id":"https:\/\/vosgesinfo.fr\/saintdieinfo\/#website"},"primaryImageOfPage":{"@id":"https:\/\/vosgesinfo.fr\/saintdieinfo\/2025\/10\/80-ans-de-la-securite-sociale-trois-associations-dhistoire-sociale-unissent-leurs-voix-dans-le-grand-est\/#primaryimage"},"image":{"@id":"https:\/\/vosgesinfo.fr\/saintdieinfo\/2025\/10\/80-ans-de-la-securite-sociale-trois-associations-dhistoire-sociale-unissent-leurs-voix-dans-le-grand-est\/#primaryimage"},"thumbnailUrl":"https:\/\/vosgesinfo.fr\/app\/uploads\/sites\/4\/2025\/10\/affiche-bruyeres-pour-le-31-page-0001.jpg","datePublished":"2025-10-28T13:40:04+00:00","dateModified":"2025-10-28T13:40:04+00:00","breadcrumb":{"@id":"https:\/\/vosgesinfo.fr\/saintdieinfo\/2025\/10\/80-ans-de-la-securite-sociale-trois-associations-dhistoire-sociale-unissent-leurs-voix-dans-le-grand-est\/#breadcrumb"},"inLanguage":"fr-FR","potentialAction":[{"@type":"ReadAction","target":["https:\/\/vosgesinfo.fr\/saintdieinfo\/2025\/10\/80-ans-de-la-securite-sociale-trois-associations-dhistoire-sociale-unissent-leurs-voix-dans-le-grand-est\/"]}]},{"@type":"ImageObject","inLanguage":"fr-FR","@id":"https:\/\/vosgesinfo.fr\/saintdieinfo\/2025\/10\/80-ans-de-la-securite-sociale-trois-associations-dhistoire-sociale-unissent-leurs-voix-dans-le-grand-est\/#primaryimage","url":"https:\/\/vosgesinfo.fr\/app\/uploads\/sites\/4\/2025\/10\/affiche-bruyeres-pour-le-31-page-0001.jpg","contentUrl":"https:\/\/vosgesinfo.fr\/app\/uploads\/sites\/4\/2025\/10\/affiche-bruyeres-pour-le-31-page-0001.jpg","width":764,"height":1080},{"@type":"BreadcrumbList","@id":"https:\/\/vosgesinfo.fr\/saintdieinfo\/2025\/10\/80-ans-de-la-securite-sociale-trois-associations-dhistoire-sociale-unissent-leurs-voix-dans-le-grand-est\/#breadcrumb","itemListElement":[{"@type":"ListItem","position":1,"name":"Home","item":"https:\/\/vosgesinfo.fr\/saintdieinfo\/"},{"@type":"ListItem","position":2,"name":"80 ans de la S\u00e9curit\u00e9 sociale : trois associations d\u2019histoire sociale unissent leurs voix dans le Grand Est"}]},{"@type":"WebSite","@id":"https:\/\/vosgesinfo.fr\/saintdieinfo\/#website","url":"https:\/\/vosgesinfo.fr\/saintdieinfo\/","name":"Saint Die Info","description":"Toute l&#039;actualit\u00e9 de Saint-Di\u00e9-Des-Vosges","publisher":{"@id":"https:\/\/vosgesinfo.fr\/saintdieinfo\/#organization"},"alternateName":"Toute l'actualit\u00e9 de Saint-Di\u00e9-Des-Vosges","potentialAction":[{"@type":"SearchAction","target":{"@type":"EntryPoint","urlTemplate":"https:\/\/vosgesinfo.fr\/saintdieinfo\/?s={search_term_string}"},"query-input":"required name=search_term_string"}],"inLanguage":"fr-FR"},{"@type":"Organization","@id":"https:\/\/vosgesinfo.fr\/saintdieinfo\/#organization","name":"Saint Die Info","url":"https:\/\/vosgesinfo.fr\/saintdieinfo\/","logo":{"@type":"ImageObject","inLanguage":"fr-FR","@id":"https:\/\/vosgesinfo.fr\/saintdieinfo\/#\/schema\/logo\/image\/","url":"https:\/\/vosgesinfo.fr\/app\/uploads\/sites\/4\/2024\/02\/logo-sdi.jpg","contentUrl":"https:\/\/vosgesinfo.fr\/app\/uploads\/sites\/4\/2024\/02\/logo-sdi.jpg","width":600,"height":600,"caption":"Saint Die Info"},"image":{"@id":"https:\/\/vosgesinfo.fr\/saintdieinfo\/#\/schema\/logo\/image\/"},"sameAs":["https:\/\/www.facebook.com\/Saintdieinfofr","https:\/\/x.com\/VosgesInfo88","https:\/\/www.youtube.com\/@vosgesinfo"]},{"@type":"Person","@id":"https:\/\/vosgesinfo.fr\/saintdieinfo\/#\/schema\/person\/27a3695b06db98895b354c0765cdfc31","name":"La redaction","image":{"@type":"ImageObject","inLanguage":"fr-FR","@id":"https:\/\/vosgesinfo.fr\/saintdieinfo\/#\/schema\/person\/image\/","url":"https:\/\/secure.gravatar.com\/avatar\/64c76a78e501cedee55736f43f332df901e1896ae9cd8fad269ae2236dd0e8b6?s=96&d=mm&r=g","contentUrl":"https:\/\/secure.gravatar.com\/avatar\/64c76a78e501cedee55736f43f332df901e1896ae9cd8fad269ae2236dd0e8b6?s=96&d=mm&r=g","caption":"La redaction"},"url":"https:\/\/vosgesinfo.fr\/saintdieinfo\/author\/la-redaction\/"}]}},"_links":{"self":[{"href":"https:\/\/vosgesinfo.fr\/saintdieinfo\/wp-json\/wp\/v2\/posts\/84036","targetHints":{"allow":["GET"]}}],"collection":[{"href":"https:\/\/vosgesinfo.fr\/saintdieinfo\/wp-json\/wp\/v2\/posts"}],"about":[{"href":"https:\/\/vosgesinfo.fr\/saintdieinfo\/wp-json\/wp\/v2\/types\/post"}],"author":[{"embeddable":true,"href":"https:\/\/vosgesinfo.fr\/saintdieinfo\/wp-json\/wp\/v2\/users\/391"}],"replies":[{"embeddable":true,"href":"https:\/\/vosgesinfo.fr\/saintdieinfo\/wp-json\/wp\/v2\/comments?post=84036"}],"version-history":[{"count":0,"href":"https:\/\/vosgesinfo.fr\/saintdieinfo\/wp-json\/wp\/v2\/posts\/84036\/revisions"}],"wp:featuredmedia":[{"embeddable":true,"href":"https:\/\/vosgesinfo.fr\/saintdieinfo\/wp-json\/wp\/v2\/media\/84037"}],"wp:attachment":[{"href":"https:\/\/vosgesinfo.fr\/saintdieinfo\/wp-json\/wp\/v2\/media?parent=84036"}],"wp:term":[{"taxonomy":"category","embeddable":true,"href":"https:\/\/vosgesinfo.fr\/saintdieinfo\/wp-json\/wp\/v2\/categories?post=84036"},{"taxonomy":"post_tag","embeddable":true,"href":"https:\/\/vosgesinfo.fr\/saintdieinfo\/wp-json\/wp\/v2\/tags?post=84036"}],"curies":[{"name":"wp","href":"https:\/\/api.w.org\/{rel}","templated":true}]}}