{"id":84045,"date":"2025-10-28T15:01:22","date_gmt":"2025-10-28T14:01:22","guid":{"rendered":"https:\/\/vosgesinfo.fr\/saintdieinfo\/?p=84045"},"modified":"2025-10-28T14:55:39","modified_gmt":"2025-10-28T13:55:39","slug":"pollution-aux-pfas-projection-debat-ce-mardi-soir-a-la-salle-carbonnar","status":"publish","type":"post","link":"https:\/\/vosgesinfo.fr\/saintdieinfo\/2025\/10\/pollution-aux-pfas-projection-debat-ce-mardi-soir-a-la-salle-carbonnar\/","title":{"rendered":"Pollution aux PFAS : projection-d\u00e9bat ce mardi soir \u00e0 la salle Carbonnar"},"content":{"rendered":"<div id=\"attachment_83408\" style=\"width: 1034px\" class=\"wp-caption alignnone\"><a href=\"https:\/\/vosgesinfo.fr\/app\/uploads\/sites\/4\/2025\/10\/ressource-eau-scaled-1.jpg\"><img decoding=\"async\" aria-describedby=\"caption-attachment-83408\" class=\"size-large wp-image-83408\" src=\"https:\/\/vosgesinfo.fr\/app\/uploads\/sites\/4\/2025\/10\/ressource-eau-scaled-1-1024x683.jpg\" alt=\"\" width=\"1024\" height=\"683\" srcset=\"https:\/\/vosgesinfo.fr\/app\/uploads\/sites\/4\/2025\/10\/ressource-eau-scaled-1-1024x683.jpg 1024w, https:\/\/vosgesinfo.fr\/app\/uploads\/sites\/4\/2025\/10\/ressource-eau-scaled-1-300x200.jpg 300w, https:\/\/vosgesinfo.fr\/app\/uploads\/sites\/4\/2025\/10\/ressource-eau-scaled-1-768x512.jpg 768w, https:\/\/vosgesinfo.fr\/app\/uploads\/sites\/4\/2025\/10\/ressource-eau-scaled-1-1536x1024.jpg 1536w, https:\/\/vosgesinfo.fr\/app\/uploads\/sites\/4\/2025\/10\/ressource-eau-scaled-1-2048x1366.jpg 2048w\" sizes=\"(max-width: 1024px) 100vw, 1024px\" \/><\/a><p id=\"caption-attachment-83408\" class=\"wp-caption-text\">(Illustration)<\/p><\/div>\n<h2 data-start=\"72\" data-end=\"342\">Les associations <strong data-start=\"89\" data-end=\"98\">ASVPP<\/strong>, <strong data-start=\"100\" data-end=\"118\">Oiseaux Nature,<\/strong> <strong data-start=\"122\" data-end=\"153\">Vosges Nature Environnement et Il est encore temps en D\u00e9odatie,<\/strong> aux c\u00f4t\u00e9s de <strong data-start=\"168\" data-end=\"196\">l\u2019UFC Que Choisir Vosges<\/strong>, organisent \u00e0 Saint-Di\u00e9-des-Vosges une <strong data-start=\"223\" data-end=\"243\">projection-d\u00e9bat<\/strong> consacr\u00e9e \u00e0 la <strong data-start=\"259\" data-end=\"285\">pollution par les PFAS<\/strong> et aux <strong data-start=\"293\" data-end=\"339\">\u00e9pandages des boues de station d\u2019\u00e9puration<\/strong>. Entr\u00e9e libre.<\/h2>\n<p data-start=\"72\" data-end=\"342\">\n<p>La rencontre, <a href=\"https:\/\/vosgesinfo.fr\/gerardmerinfo\/2025\/10\/epandage-des-boues-de-step-et-pfas-louverture-dun-dossier-sensible\/\" target=\"_blank\" rel=\"noopener\">qui fait suite \u00e0 celle de vendredi \u00e0 G\u00e9rardmer<\/a>, se tiendra ce <strong>mardi 28 octobre \u00e0 20 h <\/strong>\u00e0 la <strong>salle Carbonnar,<\/strong>\u00a0et soul\u00e8vera notamment la question suivante : <strong>Quels impacts sur l\u2019environnement, la sant\u00e9 et l\u2019eau potable ont les \u00e9pandages de boues de STEP et la pollution par les PFAS ?<\/strong><\/p>\n<p data-start=\"344\" data-end=\"706\">Les \u00e9changes aborderont \u00e9galement <strong data-start=\"742\" data-end=\"774\">la r\u00e9glementation en vigueur<\/strong>, <strong data-start=\"776\" data-end=\"811\">les responsabilit\u00e9s respectives<\/strong> et <strong data-start=\"815\" data-end=\"848\">les mesures \u00e0 mettre en \u0153uvre<\/strong> pour limiter les impacts sur <strong data-start=\"878\" data-end=\"897\">l\u2019environnement<\/strong> et la <strong data-start=\"904\" data-end=\"922\">sant\u00e9 publique<\/strong>.<\/p>\n<p data-start=\"344\" data-end=\"706\">Pour rappel, ces derniers jours, <strong data-start=\"33\" data-end=\"73\">des taux anormalement \u00e9lev\u00e9s de PFAS<\/strong> ont \u00e9t\u00e9 d\u00e9tect\u00e9s par <strong>la Pr\u00e9fecture<\/strong> dans <strong data-start=\"96\" data-end=\"116\">l\u2019eau du robinet<\/strong> des communes vosgiennes des <a href=\"https:\/\/vosgesinfo.fr\/saintdieinfo\/2025\/10\/precautions-dusage-de-leau-dans-la-commune-des-arrentes-de-corcieux-pour-la-population-desservie-par-le-reseau-public-deau-potable\/\" target=\"_blank\" rel=\"noopener\"><strong data-start=\"145\" data-end=\"169\">Arrent\u00e8s-de-Corcieux<\/strong><\/a> et de <a href=\"https:\/\/vosgesinfo.fr\/saintdieinfo\/2025\/10\/tendon-interdiction-de-consommer-leau-du-robinet-pour-les-populations-sensibles\/\" target=\"_blank\" rel=\"noopener\"><strong data-start=\"176\" data-end=\"186\">Tendon<\/strong>.<\/a><\/p>\n","protected":false},"excerpt":{"rendered":"<p>Les associations ASVPP, Oiseaux Nature, Vosges Nature Environnement et Il est encore temps en D\u00e9odatie, aux c\u00f4t\u00e9s de l\u2019UFC Que [&hellip;]<\/p>\n","protected":false},"author":46,"featured_media":83408,"comment_status":"open","ping_status":"open","sticky":false,"template":"","format":"standard","meta":{"footnotes":""},"categories":[3900,167,4152,13,17],"tags":[18513,18573,3200,7665,18571,18572,3571,18514,2862],"class_list":["post-84045","post","type-post","status-publish","format-standard","has-post-thumbnail","hentry","category-breves","category-saint-die-des-vosges","category-sante","category-societe","category-vie-associative","tag-asvpp","tag-epandages-de-boues-de-step","tag-il-est-encore-temps-en-deodatie","tag-oiseaux-nature","tag-pollution-aux-pfas","tag-projection-debat","tag-salle-carbonnar","tag-ufc-que-choisir-vosges","tag-vosges-nature-environnement"],"acf":[],"yoast_head":"<!-- This site is optimized with the Yoast SEO plugin v22.5 - https:\/\/yoast.com\/wordpress\/plugins\/seo\/ -->\n<title>Pollution aux PFAS : projection-d\u00e9bat ce mardi soir \u00e0 la salle Carbonnar - Saint Die Info<\/title>\n<meta name=\"robots\" content=\"index, follow, max-snippet:-1, max-image-preview:large, max-video-preview:-1\" \/>\n<link rel=\"canonical\" href=\"https:\/\/vosgesinfo.fr\/saintdieinfo\/2025\/10\/pollution-aux-pfas-projection-debat-ce-mardi-soir-a-la-salle-carbonnar\/\" \/>\n<meta name=\"twitter:card\" content=\"summary_large_image\" \/>\n<meta name=\"twitter:title\" content=\"Pollution aux PFAS : projection-d\u00e9bat ce mardi soir \u00e0 la salle Carbonnar - Saint Die Info\" \/>\n<meta name=\"twitter:description\" content=\"Les associations ASVPP, Oiseaux Nature, Vosges Nature Environnement et Il est encore temps en D\u00e9odatie, aux c\u00f4t\u00e9s de l\u2019UFC Que [&hellip;]\" \/>\n<meta name=\"twitter:image\" content=\"https:\/\/vosgesinfo.fr\/app\/uploads\/sites\/4\/2025\/10\/ressource-eau-scaled-1.jpg\" \/>\n<meta name=\"twitter:creator\" content=\"@VosgesInfo88\" \/>\n<meta name=\"twitter:site\" content=\"@VosgesInfo88\" \/>\n<meta name=\"twitter:label1\" content=\"\u00c9crit par\" \/>\n\t<meta name=\"twitter:data1\" content=\"J.J.\" \/>\n\t<meta name=\"twitter:label2\" content=\"Dur\u00e9e de lecture estim\u00e9e\" \/>\n\t<meta name=\"twitter:data2\" content=\"1 minute\" \/>\n<script type=\"application\/ld+json\" class=\"yoast-schema-graph\">{\"@context\":\"https:\/\/schema.org\",\"@graph\":[{\"@type\":\"Article\",\"@id\":\"https:\/\/vosgesinfo.fr\/saintdieinfo\/2025\/10\/pollution-aux-pfas-projection-debat-ce-mardi-soir-a-la-salle-carbonnar\/#article\",\"isPartOf\":{\"@id\":\"https:\/\/vosgesinfo.fr\/saintdieinfo\/2025\/10\/pollution-aux-pfas-projection-debat-ce-mardi-soir-a-la-salle-carbonnar\/\"},\"author\":{\"name\":\"J.J.\",\"@id\":\"https:\/\/vosgesinfo.fr\/saintdieinfo\/#\/schema\/person\/fa73e9f726d67bb88f46d5b7943cb572\"},\"headline\":\"Pollution aux PFAS : projection-d\u00e9bat ce mardi soir \u00e0 la salle Carbonnar\",\"datePublished\":\"2025-10-28T14:01:22+00:00\",\"dateModified\":\"2025-10-28T13:55:39+00:00\",\"mainEntityOfPage\":{\"@id\":\"https:\/\/vosgesinfo.fr\/saintdieinfo\/2025\/10\/pollution-aux-pfas-projection-debat-ce-mardi-soir-a-la-salle-carbonnar\/\"},\"wordCount\":185,\"commentCount\":0,\"publisher\":{\"@id\":\"https:\/\/vosgesinfo.fr\/saintdieinfo\/#organization\"},\"image\":{\"@id\":\"https:\/\/vosgesinfo.fr\/saintdieinfo\/2025\/10\/pollution-aux-pfas-projection-debat-ce-mardi-soir-a-la-salle-carbonnar\/#primaryimage\"},\"thumbnailUrl\":\"https:\/\/vosgesinfo.fr\/app\/uploads\/sites\/4\/2025\/10\/ressource-eau-scaled-1.jpg\",\"keywords\":[\"ASVPP\",\"\u00e9pandages de boues de STEP\",\"Il est encore temps en D\u00e9odatie\",\"Oiseaux Nature\",\"Pollution aux PFAS\",\"Projection-d\u00e9bat\",\"Salle Carbonnar\",\"UFC Que Choisir Vosges\",\"Vosges Nature Environnement\"],\"articleSection\":[\"Br\u00e8ves\",\"Saint-Di\u00e9-des-Vosges\",\"Sant\u00e9\",\"Soci\u00e9t\u00e9\",\"Vie Associative\"],\"inLanguage\":\"fr-FR\",\"potentialAction\":[{\"@type\":\"CommentAction\",\"name\":\"Comment\",\"target\":[\"https:\/\/vosgesinfo.fr\/saintdieinfo\/2025\/10\/pollution-aux-pfas-projection-debat-ce-mardi-soir-a-la-salle-carbonnar\/#respond\"]}]},{\"@type\":\"WebPage\",\"@id\":\"https:\/\/vosgesinfo.fr\/saintdieinfo\/2025\/10\/pollution-aux-pfas-projection-debat-ce-mardi-soir-a-la-salle-carbonnar\/\",\"url\":\"https:\/\/vosgesinfo.fr\/saintdieinfo\/2025\/10\/pollution-aux-pfas-projection-debat-ce-mardi-soir-a-la-salle-carbonnar\/\",\"name\":\"Pollution aux PFAS : projection-d\u00e9bat ce mardi soir \u00e0 la salle Carbonnar - Saint Die Info\",\"isPartOf\":{\"@id\":\"https:\/\/vosgesinfo.fr\/saintdieinfo\/#website\"},\"primaryImageOfPage\":{\"@id\":\"https:\/\/vosgesinfo.fr\/saintdieinfo\/2025\/10\/pollution-aux-pfas-projection-debat-ce-mardi-soir-a-la-salle-carbonnar\/#primaryimage\"},\"image\":{\"@id\":\"https:\/\/vosgesinfo.fr\/saintdieinfo\/2025\/10\/pollution-aux-pfas-projection-debat-ce-mardi-soir-a-la-salle-carbonnar\/#primaryimage\"},\"thumbnailUrl\":\"https:\/\/vosgesinfo.fr\/app\/uploads\/sites\/4\/2025\/10\/ressource-eau-scaled-1.jpg\",\"datePublished\":\"2025-10-28T14:01:22+00:00\",\"dateModified\":\"2025-10-28T13:55:39+00:00\",\"breadcrumb\":{\"@id\":\"https:\/\/vosgesinfo.fr\/saintdieinfo\/2025\/10\/pollution-aux-pfas-projection-debat-ce-mardi-soir-a-la-salle-carbonnar\/#breadcrumb\"},\"inLanguage\":\"fr-FR\",\"potentialAction\":[{\"@type\":\"ReadAction\",\"target\":[\"https:\/\/vosgesinfo.fr\/saintdieinfo\/2025\/10\/pollution-aux-pfas-projection-debat-ce-mardi-soir-a-la-salle-carbonnar\/\"]}]},{\"@type\":\"ImageObject\",\"inLanguage\":\"fr-FR\",\"@id\":\"https:\/\/vosgesinfo.fr\/saintdieinfo\/2025\/10\/pollution-aux-pfas-projection-debat-ce-mardi-soir-a-la-salle-carbonnar\/#primaryimage\",\"url\":\"https:\/\/vosgesinfo.fr\/app\/uploads\/sites\/4\/2025\/10\/ressource-eau-scaled-1.jpg\",\"contentUrl\":\"https:\/\/vosgesinfo.fr\/app\/uploads\/sites\/4\/2025\/10\/ressource-eau-scaled-1.jpg\",\"width\":2560,\"height\":1707,\"caption\":\"(Illustration)\"},{\"@type\":\"BreadcrumbList\",\"@id\":\"https:\/\/vosgesinfo.fr\/saintdieinfo\/2025\/10\/pollution-aux-pfas-projection-debat-ce-mardi-soir-a-la-salle-carbonnar\/#breadcrumb\",\"itemListElement\":[{\"@type\":\"ListItem\",\"position\":1,\"name\":\"Home\",\"item\":\"https:\/\/vosgesinfo.fr\/saintdieinfo\/\"},{\"@type\":\"ListItem\",\"position\":2,\"name\":\"Pollution aux PFAS : projection-d\u00e9bat ce mardi soir \u00e0 la salle Carbonnar\"}]},{\"@type\":\"WebSite\",\"@id\":\"https:\/\/vosgesinfo.fr\/saintdieinfo\/#website\",\"url\":\"https:\/\/vosgesinfo.fr\/saintdieinfo\/\",\"name\":\"Saint Die Info\",\"description\":\"Toute l&#039;actualit\u00e9 de Saint-Di\u00e9-Des-Vosges\",\"publisher\":{\"@id\":\"https:\/\/vosgesinfo.fr\/saintdieinfo\/#organization\"},\"alternateName\":\"Toute l'actualit\u00e9 de Saint-Di\u00e9-Des-Vosges\",\"potentialAction\":[{\"@type\":\"SearchAction\",\"target\":{\"@type\":\"EntryPoint\",\"urlTemplate\":\"https:\/\/vosgesinfo.fr\/saintdieinfo\/?s={search_term_string}\"},\"query-input\":\"required name=search_term_string\"}],\"inLanguage\":\"fr-FR\"},{\"@type\":\"Organization\",\"@id\":\"https:\/\/vosgesinfo.fr\/saintdieinfo\/#organization\",\"name\":\"Saint Die Info\",\"url\":\"https:\/\/vosgesinfo.fr\/saintdieinfo\/\",\"logo\":{\"@type\":\"ImageObject\",\"inLanguage\":\"fr-FR\",\"@id\":\"https:\/\/vosgesinfo.fr\/saintdieinfo\/#\/schema\/logo\/image\/\",\"url\":\"https:\/\/vosgesinfo.fr\/app\/uploads\/sites\/4\/2024\/02\/logo-sdi.jpg\",\"contentUrl\":\"https:\/\/vosgesinfo.fr\/app\/uploads\/sites\/4\/2024\/02\/logo-sdi.jpg\",\"width\":600,\"height\":600,\"caption\":\"Saint Die Info\"},\"image\":{\"@id\":\"https:\/\/vosgesinfo.fr\/saintdieinfo\/#\/schema\/logo\/image\/\"},\"sameAs\":[\"https:\/\/www.facebook.com\/Saintdieinfofr\",\"https:\/\/x.com\/VosgesInfo88\",\"https:\/\/www.youtube.com\/@vosgesinfo\"]},{\"@type\":\"Person\",\"@id\":\"https:\/\/vosgesinfo.fr\/saintdieinfo\/#\/schema\/person\/fa73e9f726d67bb88f46d5b7943cb572\",\"name\":\"J.J.\",\"image\":{\"@type\":\"ImageObject\",\"inLanguage\":\"fr-FR\",\"@id\":\"https:\/\/vosgesinfo.fr\/saintdieinfo\/#\/schema\/person\/image\/\",\"url\":\"https:\/\/secure.gravatar.com\/avatar\/219e749e47ffbcca018a360ae4add7d4cdf1cdaaf8bc7676b27efade3fe65615?s=96&d=mm&r=g\",\"contentUrl\":\"https:\/\/secure.gravatar.com\/avatar\/219e749e47ffbcca018a360ae4add7d4cdf1cdaaf8bc7676b27efade3fe65615?s=96&d=mm&r=g\",\"caption\":\"J.J.\"},\"url\":\"https:\/\/vosgesinfo.fr\/saintdieinfo\/author\/j-j\/\"}]}<\/script>\n<!-- \/ Yoast SEO plugin. -->","yoast_head_json":{"title":"Pollution aux PFAS : projection-d\u00e9bat ce mardi soir \u00e0 la salle Carbonnar - Saint Die Info","robots":{"index":"index","follow":"follow","max-snippet":"max-snippet:-1","max-image-preview":"max-image-preview:large","max-video-preview":"max-video-preview:-1"},"canonical":"https:\/\/vosgesinfo.fr\/saintdieinfo\/2025\/10\/pollution-aux-pfas-projection-debat-ce-mardi-soir-a-la-salle-carbonnar\/","twitter_card":"summary_large_image","twitter_title":"Pollution aux PFAS : projection-d\u00e9bat ce mardi soir \u00e0 la salle Carbonnar - Saint Die Info","twitter_description":"Les associations ASVPP, Oiseaux Nature, Vosges Nature Environnement et Il est encore temps en D\u00e9odatie, aux c\u00f4t\u00e9s de l\u2019UFC Que [&hellip;]","twitter_image":"https:\/\/vosgesinfo.fr\/app\/uploads\/sites\/4\/2025\/10\/ressource-eau-scaled-1.jpg","twitter_creator":"@VosgesInfo88","twitter_site":"@VosgesInfo88","twitter_misc":{"\u00c9crit par":"J.J.","Dur\u00e9e de lecture estim\u00e9e":"1 minute"},"schema":{"@context":"https:\/\/schema.org","@graph":[{"@type":"Article","@id":"https:\/\/vosgesinfo.fr\/saintdieinfo\/2025\/10\/pollution-aux-pfas-projection-debat-ce-mardi-soir-a-la-salle-carbonnar\/#article","isPartOf":{"@id":"https:\/\/vosgesinfo.fr\/saintdieinfo\/2025\/10\/pollution-aux-pfas-projection-debat-ce-mardi-soir-a-la-salle-carbonnar\/"},"author":{"name":"J.J.","@id":"https:\/\/vosgesinfo.fr\/saintdieinfo\/#\/schema\/person\/fa73e9f726d67bb88f46d5b7943cb572"},"headline":"Pollution aux PFAS : projection-d\u00e9bat ce mardi soir \u00e0 la salle Carbonnar","datePublished":"2025-10-28T14:01:22+00:00","dateModified":"2025-10-28T13:55:39+00:00","mainEntityOfPage":{"@id":"https:\/\/vosgesinfo.fr\/saintdieinfo\/2025\/10\/pollution-aux-pfas-projection-debat-ce-mardi-soir-a-la-salle-carbonnar\/"},"wordCount":185,"commentCount":0,"publisher":{"@id":"https:\/\/vosgesinfo.fr\/saintdieinfo\/#organization"},"image":{"@id":"https:\/\/vosgesinfo.fr\/saintdieinfo\/2025\/10\/pollution-aux-pfas-projection-debat-ce-mardi-soir-a-la-salle-carbonnar\/#primaryimage"},"thumbnailUrl":"https:\/\/vosgesinfo.fr\/app\/uploads\/sites\/4\/2025\/10\/ressource-eau-scaled-1.jpg","keywords":["ASVPP","\u00e9pandages de boues de STEP","Il est encore temps en D\u00e9odatie","Oiseaux Nature","Pollution aux PFAS","Projection-d\u00e9bat","Salle Carbonnar","UFC Que Choisir Vosges","Vosges Nature Environnement"],"articleSection":["Br\u00e8ves","Saint-Di\u00e9-des-Vosges","Sant\u00e9","Soci\u00e9t\u00e9","Vie Associative"],"inLanguage":"fr-FR","potentialAction":[{"@type":"CommentAction","name":"Comment","target":["https:\/\/vosgesinfo.fr\/saintdieinfo\/2025\/10\/pollution-aux-pfas-projection-debat-ce-mardi-soir-a-la-salle-carbonnar\/#respond"]}]},{"@type":"WebPage","@id":"https:\/\/vosgesinfo.fr\/saintdieinfo\/2025\/10\/pollution-aux-pfas-projection-debat-ce-mardi-soir-a-la-salle-carbonnar\/","url":"https:\/\/vosgesinfo.fr\/saintdieinfo\/2025\/10\/pollution-aux-pfas-projection-debat-ce-mardi-soir-a-la-salle-carbonnar\/","name":"Pollution aux PFAS : projection-d\u00e9bat ce mardi soir \u00e0 la salle Carbonnar - Saint Die Info","isPartOf":{"@id":"https:\/\/vosgesinfo.fr\/saintdieinfo\/#website"},"primaryImageOfPage":{"@id":"https:\/\/vosgesinfo.fr\/saintdieinfo\/2025\/10\/pollution-aux-pfas-projection-debat-ce-mardi-soir-a-la-salle-carbonnar\/#primaryimage"},"image":{"@id":"https:\/\/vosgesinfo.fr\/saintdieinfo\/2025\/10\/pollution-aux-pfas-projection-debat-ce-mardi-soir-a-la-salle-carbonnar\/#primaryimage"},"thumbnailUrl":"https:\/\/vosgesinfo.fr\/app\/uploads\/sites\/4\/2025\/10\/ressource-eau-scaled-1.jpg","datePublished":"2025-10-28T14:01:22+00:00","dateModified":"2025-10-28T13:55:39+00:00","breadcrumb":{"@id":"https:\/\/vosgesinfo.fr\/saintdieinfo\/2025\/10\/pollution-aux-pfas-projection-debat-ce-mardi-soir-a-la-salle-carbonnar\/#breadcrumb"},"inLanguage":"fr-FR","potentialAction":[{"@type":"ReadAction","target":["https:\/\/vosgesinfo.fr\/saintdieinfo\/2025\/10\/pollution-aux-pfas-projection-debat-ce-mardi-soir-a-la-salle-carbonnar\/"]}]},{"@type":"ImageObject","inLanguage":"fr-FR","@id":"https:\/\/vosgesinfo.fr\/saintdieinfo\/2025\/10\/pollution-aux-pfas-projection-debat-ce-mardi-soir-a-la-salle-carbonnar\/#primaryimage","url":"https:\/\/vosgesinfo.fr\/app\/uploads\/sites\/4\/2025\/10\/ressource-eau-scaled-1.jpg","contentUrl":"https:\/\/vosgesinfo.fr\/app\/uploads\/sites\/4\/2025\/10\/ressource-eau-scaled-1.jpg","width":2560,"height":1707,"caption":"(Illustration)"},{"@type":"BreadcrumbList","@id":"https:\/\/vosgesinfo.fr\/saintdieinfo\/2025\/10\/pollution-aux-pfas-projection-debat-ce-mardi-soir-a-la-salle-carbonnar\/#breadcrumb","itemListElement":[{"@type":"ListItem","position":1,"name":"Home","item":"https:\/\/vosgesinfo.fr\/saintdieinfo\/"},{"@type":"ListItem","position":2,"name":"Pollution aux PFAS : projection-d\u00e9bat ce mardi soir \u00e0 la salle Carbonnar"}]},{"@type":"WebSite","@id":"https:\/\/vosgesinfo.fr\/saintdieinfo\/#website","url":"https:\/\/vosgesinfo.fr\/saintdieinfo\/","name":"Saint Die Info","description":"Toute l&#039;actualit\u00e9 de Saint-Di\u00e9-Des-Vosges","publisher":{"@id":"https:\/\/vosgesinfo.fr\/saintdieinfo\/#organization"},"alternateName":"Toute l'actualit\u00e9 de Saint-Di\u00e9-Des-Vosges","potentialAction":[{"@type":"SearchAction","target":{"@type":"EntryPoint","urlTemplate":"https:\/\/vosgesinfo.fr\/saintdieinfo\/?s={search_term_string}"},"query-input":"required name=search_term_string"}],"inLanguage":"fr-FR"},{"@type":"Organization","@id":"https:\/\/vosgesinfo.fr\/saintdieinfo\/#organization","name":"Saint Die Info","url":"https:\/\/vosgesinfo.fr\/saintdieinfo\/","logo":{"@type":"ImageObject","inLanguage":"fr-FR","@id":"https:\/\/vosgesinfo.fr\/saintdieinfo\/#\/schema\/logo\/image\/","url":"https:\/\/vosgesinfo.fr\/app\/uploads\/sites\/4\/2024\/02\/logo-sdi.jpg","contentUrl":"https:\/\/vosgesinfo.fr\/app\/uploads\/sites\/4\/2024\/02\/logo-sdi.jpg","width":600,"height":600,"caption":"Saint Die Info"},"image":{"@id":"https:\/\/vosgesinfo.fr\/saintdieinfo\/#\/schema\/logo\/image\/"},"sameAs":["https:\/\/www.facebook.com\/Saintdieinfofr","https:\/\/x.com\/VosgesInfo88","https:\/\/www.youtube.com\/@vosgesinfo"]},{"@type":"Person","@id":"https:\/\/vosgesinfo.fr\/saintdieinfo\/#\/schema\/person\/fa73e9f726d67bb88f46d5b7943cb572","name":"J.J.","image":{"@type":"ImageObject","inLanguage":"fr-FR","@id":"https:\/\/vosgesinfo.fr\/saintdieinfo\/#\/schema\/person\/image\/","url":"https:\/\/secure.gravatar.com\/avatar\/219e749e47ffbcca018a360ae4add7d4cdf1cdaaf8bc7676b27efade3fe65615?s=96&d=mm&r=g","contentUrl":"https:\/\/secure.gravatar.com\/avatar\/219e749e47ffbcca018a360ae4add7d4cdf1cdaaf8bc7676b27efade3fe65615?s=96&d=mm&r=g","caption":"J.J."},"url":"https:\/\/vosgesinfo.fr\/saintdieinfo\/author\/j-j\/"}]}},"_links":{"self":[{"href":"https:\/\/vosgesinfo.fr\/saintdieinfo\/wp-json\/wp\/v2\/posts\/84045","targetHints":{"allow":["GET"]}}],"collection":[{"href":"https:\/\/vosgesinfo.fr\/saintdieinfo\/wp-json\/wp\/v2\/posts"}],"about":[{"href":"https:\/\/vosgesinfo.fr\/saintdieinfo\/wp-json\/wp\/v2\/types\/post"}],"author":[{"embeddable":true,"href":"https:\/\/vosgesinfo.fr\/saintdieinfo\/wp-json\/wp\/v2\/users\/46"}],"replies":[{"embeddable":true,"href":"https:\/\/vosgesinfo.fr\/saintdieinfo\/wp-json\/wp\/v2\/comments?post=84045"}],"version-history":[{"count":1,"href":"https:\/\/vosgesinfo.fr\/saintdieinfo\/wp-json\/wp\/v2\/posts\/84045\/revisions"}],"predecessor-version":[{"id":84046,"href":"https:\/\/vosgesinfo.fr\/saintdieinfo\/wp-json\/wp\/v2\/posts\/84045\/revisions\/84046"}],"wp:featuredmedia":[{"embeddable":true,"href":"https:\/\/vosgesinfo.fr\/saintdieinfo\/wp-json\/wp\/v2\/media\/83408"}],"wp:attachment":[{"href":"https:\/\/vosgesinfo.fr\/saintdieinfo\/wp-json\/wp\/v2\/media?parent=84045"}],"wp:term":[{"taxonomy":"category","embeddable":true,"href":"https:\/\/vosgesinfo.fr\/saintdieinfo\/wp-json\/wp\/v2\/categories?post=84045"},{"taxonomy":"post_tag","embeddable":true,"href":"https:\/\/vosgesinfo.fr\/saintdieinfo\/wp-json\/wp\/v2\/tags?post=84045"}],"curies":[{"name":"wp","href":"https:\/\/api.w.org\/{rel}","templated":true}]}}