{"id":85413,"date":"2025-12-04T09:22:00","date_gmt":"2025-12-04T08:22:00","guid":{"rendered":"https:\/\/vosgesinfo.fr\/saintdieinfo\/?p=85413"},"modified":"2026-01-26T10:08:35","modified_gmt":"2026-01-26T09:08:35","slug":"faites-le-plein-didees-cadeaux-chez-svd-procie-a-saint-die-des-vosges","status":"publish","type":"post","link":"https:\/\/vosgesinfo.fr\/saintdieinfo\/2025\/12\/faites-le-plein-didees-cadeaux-chez-svd-procie-a-saint-die-des-vosges\/","title":{"rendered":"Faites le plein d\u2019id\u00e9es cadeaux chez SVD PRO&#038;Cie \u00e0 Saint-Di\u00e9-des-Vosges"},"content":{"rendered":"<p><a href=\"https:\/\/vosgesinfo.fr\/app\/uploads\/sites\/4\/2025\/12\/svd-pro-et-cie-photo-premium.jpg\"><img decoding=\"async\" class=\"alignnone size-full wp-image-85405\" src=\"https:\/\/vosgesinfo.fr\/app\/uploads\/sites\/4\/2025\/12\/svd-pro-et-cie-photo-premium.jpg\" alt=\"\" width=\"511\" height=\"405\" srcset=\"https:\/\/vosgesinfo.fr\/app\/uploads\/sites\/4\/2025\/12\/svd-pro-et-cie-photo-premium.jpg 511w, https:\/\/vosgesinfo.fr\/app\/uploads\/sites\/4\/2025\/12\/svd-pro-et-cie-photo-premium-300x238.jpg 300w\" sizes=\"(max-width: 511px) 100vw, 511px\" \/><\/a><\/p>\n<h2><span style=\"font-family: Times New Roman, sans-serif;\"><span style=\"font-size: medium;\"><b>Envie de vous \u00e9quiper avant les f\u00eates ou de trouver des cadeaux utiles et sympa pour vos proches, tout en ma\u00eetrisant votre budget ? \u00c0 Saint-Di\u00e9, <\/b><\/span><\/span><span style=\"font-family: Times New Roman, sans-serif;\"><span style=\"font-size: medium;\"><b>SVD PRO&amp;Cie<\/b><\/span><\/span><span style=\"font-family: Times New Roman, sans-serif;\"><span style=\"font-size: medium;\"><b> vous r\u00e9serve des promotions exceptionnelles et joue les P\u00e8re No\u00ebl rien que pour vous ! <\/b><\/span><\/span><\/h2>\n<p><!--more--><\/p>\n<p><span style=\"font-family: Times New Roman, sans-serif;\"><span style=\"font-size: medium;\"><b>Votre magasin Pro et Cie a pr\u00e9par\u00e9 une s\u00e9lections d\u2019id\u00e9es-cadeaux \u00e0 des <\/b><\/span><\/span><span style=\"font-family: Times New Roman, sans-serif;\"><span style=\"font-size: medium;\"><b>prix \u00ab\u00a0topissime\u00a0\u00bb, -jusqu\u2019\u00e0 300 \u20ac de remises imm\u00e9diates- <\/b><\/span><\/span><span style=\"font-family: Times New Roman, sans-serif;\"><span style=\"font-size: medium;\"><b>sur les plus grandes marques d\u2019\u00e9lectrom\u00e9nager, de TV, Hi-Fi, vid\u00e9o et literie.<br \/>\nDepuis plus de cinquante ans, cette entreprise locale met son savoir-faire et son sens du service au c\u0153ur de votre quotidien.<\/b><\/span><\/span><\/p>\n\n\t\t<style type=\"text\/css\">\n\t\t\t#gallery-1 {\n\t\t\t\tmargin: auto;\n\t\t\t}\n\t\t\t#gallery-1 .gallery-item {\n\t\t\t\tfloat: left;\n\t\t\t\tmargin-top: 10px;\n\t\t\t\ttext-align: center;\n\t\t\t\twidth: 50%;\n\t\t\t}\n\t\t\t#gallery-1 img {\n\t\t\t\tborder: 2px solid #cfcfcf;\n\t\t\t}\n\t\t\t#gallery-1 .gallery-caption {\n\t\t\t\tmargin-left: 0;\n\t\t\t}\n\t\t\t\/* see gallery_shortcode() in wp-includes\/media.php *\/\n\t\t<\/style>\n\t\t<div id='gallery-1' class='gallery galleryid-85413 gallery-columns-2 gallery-size-thumbnail'><dl class='gallery-item'>\n\t\t\t<dt class='gallery-icon landscape'>\n\t\t\t\t<a href='https:\/\/vosgesinfo.fr\/app\/uploads\/sites\/4\/2025\/12\/svd-p-1.jpg'><img decoding=\"async\" width=\"150\" height=\"150\" src=\"https:\/\/vosgesinfo.fr\/app\/uploads\/sites\/4\/2025\/12\/svd-p-1-150x150.jpg\" class=\"attachment-thumbnail size-thumbnail\" alt=\"\" \/><\/a>\n\t\t\t<\/dt><\/dl><dl class='gallery-item'>\n\t\t\t<dt class='gallery-icon landscape'>\n\t\t\t\t<a href='https:\/\/vosgesinfo.fr\/app\/uploads\/sites\/4\/2025\/12\/capture-decran-2025-11-10-192828.jpg'><img decoding=\"async\" width=\"150\" height=\"150\" src=\"https:\/\/vosgesinfo.fr\/app\/uploads\/sites\/4\/2025\/12\/capture-decran-2025-11-10-192828-150x150.jpg\" class=\"attachment-thumbnail size-thumbnail\" alt=\"\" \/><\/a>\n\t\t\t<\/dt><\/dl><br style=\"clear: both\" \/>\n\t\t<\/div>\n\n<h3><span style=\"font-family: Times New Roman, sans-serif;\"><span style=\"font-size: large;\"><b>Des produits durables, performants et \u00e0 prix r\u00e9duits<\/b><\/span><\/span><\/h3>\n<p><span style=\"font-family: Times New Roman, sans-serif;\"><span style=\"font-size: medium;\">SVD <\/span><\/span><span style=\"font-family: Times New Roman, sans-serif;\"><span style=\"font-size: medium;\"><b>PRO&amp;Cie vous propose des offres tr\u00e8s sp\u00e9ciales \u00ab\u00a0cadeaux de No\u00ebl\u00a0\u00bb <\/b><\/span><\/span><span style=\"font-family: Times New Roman, sans-serif;\"><span style=\"font-size: medium;\">sur une <\/span><\/span><span style=\"font-family: Times New Roman, sans-serif;\"><span style=\"font-size: medium;\"><b>s\u00e9lection haut de gamme<\/b><\/span><\/span><span style=\"font-family: Times New Roman, sans-serif;\"><span style=\"font-size: medium;\"> de petits \u00e9lectrom\u00e9nagers et de T\u00e9l\u00e9viseurs OLED derni\u00e8re g\u00e9n\u00e9ration -Samsung, LG, Sony, Philips-, ou <\/span><\/span><span style=\"font-family: Times New Roman, sans-serif;\"><span style=\"font-size: medium;\"><b>encore des remises de<\/b><\/span><\/span> <span style=\"font-family: Times New Roman, sans-serif;\"><span style=\"font-size: medium;\"><b>-50 %<\/b><\/span><\/span><span style=\"font-family: Times New Roman, sans-serif;\"><span style=\"font-size: medium;\"> sur la literie -matelas, sommiers, t\u00eates de lit et accessoires-, et bien-s\u00fbr un tr\u00e8s grand choix de produits exclusifs du <\/span><\/span><span style=\"font-family: Times New Roman, sans-serif;\"><span style=\"font-size: medium;\"><b>Groupe PRO&amp;Cie \u2013 gamme Passion<\/b><\/span><\/span><span style=\"font-family: Times New Roman, sans-serif;\"><span style=\"font-size: medium;\">, garantis 2 ans par le fabricant et un an offert par le magasin.<\/span><\/span><\/p>\n<p><span style=\"font-family: Times New Roman, sans-serif;\"><span style=\"font-size: medium;\">Les promotions sont assur\u00e9es jusqu\u2019\u00e0 fin d\u00e9cembre : une belle opportunit\u00e9 pour <\/span><\/span><span style=\"font-family: Times New Roman, sans-serif;\"><span style=\"font-size: medium;\"><b>pr\u00e9parer vos cadeaux<\/b><\/span><\/span><span style=\"font-family: Times New Roman, sans-serif;\"><span style=\"font-size: medium;\"> tout en faisant de vraies \u00e9conomies.<\/span><\/span><\/p>\n<h3><span style=\"font-family: Times New Roman, sans-serif;\"><span style=\"font-size: large;\"><b>R\u00e9parer plut\u00f4t que jeter : le choix malin<\/b><\/span><\/span><\/h3>\n<p><span style=\"font-family: Times New Roman, sans-serif;\"><span style=\"font-size: medium;\">SVD PRO&amp;Cie s\u2019engage pour une consommation plus responsable gr\u00e2ce au <\/span><\/span><span style=\"font-family: Times New Roman, sans-serif;\"><span style=\"font-size: medium;\"><b>Bonus R\u00e9paration<\/b><\/span><\/span><span style=\"font-family: Times New Roman, sans-serif;\"><span style=\"font-size: medium;\">.<br \/>\nB\u00e9n\u00e9ficiez <\/span><\/span><span style=\"font-family: Times New Roman, sans-serif;\"><span style=\"font-size: medium;\"><b>jusqu\u2019\u00e0 60\u20ac<\/b><\/span><\/span><span style=\"font-family: Times New Roman, sans-serif;\"><span style=\"font-size: medium;\"> de remise sur la r\u00e9paration de vos appareils, hors garantie, labellis\u00e9s <\/span><\/span><span style=\"font-family: Times New Roman, sans-serif;\"><span style=\"font-size: medium;\"><b>QualiR\u00e9par<\/b><\/span><\/span><span style=\"font-family: Times New Roman, sans-serif;\"><span style=\"font-size: medium;\">.<\/span><\/span><\/p>\n<p><a href=\"https:\/\/vosgesinfo.fr\/app\/uploads\/sites\/4\/2025\/12\/svd-photo-batiment.jpg\"><img decoding=\"async\" class=\"alignnone size-full wp-image-85404\" src=\"https:\/\/vosgesinfo.fr\/app\/uploads\/sites\/4\/2025\/12\/svd-photo-batiment.jpg\" alt=\"\" width=\"711\" height=\"326\" srcset=\"https:\/\/vosgesinfo.fr\/app\/uploads\/sites\/4\/2025\/12\/svd-photo-batiment.jpg 711w, https:\/\/vosgesinfo.fr\/app\/uploads\/sites\/4\/2025\/12\/svd-photo-batiment-300x138.jpg 300w\" sizes=\"(max-width: 711px) 100vw, 711px\" \/><\/a><\/p>\n<p><span style=\"font-family: Times New Roman, sans-serif;\"><span style=\"font-size: medium;\">Et pour les bons plans fut\u00e9s, l\u2019espace <\/span><\/span><span style=\"font-family: Times New Roman, sans-serif;\"><span style=\"font-size: medium;\"><b>\u201csecond choix\u201d<\/b><\/span><\/span><span style=\"font-family: Times New Roman, sans-serif;\"><span style=\"font-size: medium;\"> propose des produits (faiblement marqu\u00e9s) \u00e0 prix mini (de -30% \u00e0 -50 %), sur des grandes marques et parfaitement garantis.<\/span><\/span><\/p>\n<h3><span style=\"font-family: Times New Roman, sans-serif;\"><span style=\"font-size: large;\"><b>Une entreprise locale au service de ses clients<\/b><\/span><\/span><\/h3>\n<p><span style=\"font-family: Times New Roman, sans-serif;\"><span style=\"font-size: medium;\">Chez SVD PRO&amp;Cie, la satisfaction client n\u2019est pas un slogan, c\u2019est une culture. La sympathique \u00e9quipe d\u00e9odatienne\u2014 compos\u00e9e de sept professionnels passionn\u00e9s \u2014 s\u00e9lectionne avec soin chaque produit et vous accompagne du conseil \u00e0 l\u2019installation.<br \/>\nFaire confiance \u00e0 SVD PRO&amp;Cie, c\u2019est aussi <\/span><\/span><span style=\"font-family: Times New Roman, sans-serif;\"><span style=\"font-size: medium;\"><b>soutenir le commerce de proximit\u00e9<\/b><\/span><\/span><span style=\"font-family: Times New Roman, sans-serif;\"><span style=\"font-size: medium;\"> et faire vivre tout un territoire.<\/span><\/span><\/p>\n<p><span style=\"font-family: Times New Roman, sans-serif;\"><span style=\"font-size: medium;\">La Livraison et le d\u00e9pannage sont assur\u00e9s dans un large rayon : de 30 kms autour de Saint-Di\u00e9-Des-Vosges.<\/span><\/span><\/p>\n<h3><span style=\"font-family: Times New Roman, sans-serif;\"><span style=\"font-size: medium;\"><b>SVD PRO&amp;Cie<\/b><\/span><\/span><span style=\"font-family: Times New Roman, sans-serif;\"><span style=\"font-size: medium;\"><br \/>\n17 rue Antoine de Saint-Exup\u00e9ry \u00e0 88100 SAINT-DI\u00c9-DES-VOSGES<\/span><\/span><\/h3>\n<p><span style=\"font-family: Times New Roman, sans-serif;\"><span style=\"font-size: medium;\">T\u00e9l.\u00a0: 03.29.27.29.70<\/span><\/span><\/p>\n<p><a href=\"https:\/\/www.facebook.com\/PROetCie\/?locale=fr_FR\" target=\"_blank\" rel=\"noopener\"><span style=\"color: #0000ff;\"><span style=\"font-family: Times New Roman, sans-serif;\"><span style=\"font-size: medium;\"><u>facebook.com\/PROetCie<\/u><\/span><\/span><\/span><\/a><\/p>\n<p><a href=\"https:\/\/www.procie.com\/\" target=\"_blank\" rel=\"noopener\">https:\/\/www.procie.com\/<\/a><\/p>\n<p><a href=\"https:\/\/vosgesinfo.fr\/app\/uploads\/sites\/4\/2025\/12\/svd-pro-et-cie-elements-dec-2025.jpg\"><img decoding=\"async\" class=\"alignnone size-full wp-image-85406\" src=\"https:\/\/vosgesinfo.fr\/app\/uploads\/sites\/4\/2025\/12\/svd-pro-et-cie-elements-dec-2025.jpg\" alt=\"\" width=\"510\" height=\"624\" srcset=\"https:\/\/vosgesinfo.fr\/app\/uploads\/sites\/4\/2025\/12\/svd-pro-et-cie-elements-dec-2025.jpg 510w, https:\/\/vosgesinfo.fr\/app\/uploads\/sites\/4\/2025\/12\/svd-pro-et-cie-elements-dec-2025-245x300.jpg 245w\" sizes=\"(max-width: 510px) 100vw, 510px\" \/><\/a><\/p>\n","protected":false},"excerpt":{"rendered":"<p>Envie de vous \u00e9quiper avant les f\u00eates ou de trouver des cadeaux utiles et sympa pour vos proches, tout en [&hellip;]<\/p>\n","protected":false},"author":46,"featured_media":85405,"comment_status":"open","ping_status":"open","sticky":false,"template":"","format":"standard","meta":{"footnotes":""},"categories":[460,2915],"tags":[3102,3421],"class_list":["post-85413","post","type-post","status-publish","format-standard","has-post-thumbnail","hentry","category-a-la-une","category-saint-die-son-canton","tag-svd-procie","tag-zone-hellieule-2"],"acf":[],"yoast_head":"<!-- This site is optimized with the Yoast SEO plugin v22.5 - https:\/\/yoast.com\/wordpress\/plugins\/seo\/ -->\n<title>Faites le plein d\u2019id\u00e9es cadeaux chez SVD PRO&amp;Cie \u00e0 Saint-Di\u00e9-des-Vosges - Saint Die Info<\/title>\n<meta name=\"robots\" content=\"index, follow, max-snippet:-1, max-image-preview:large, max-video-preview:-1\" \/>\n<link rel=\"canonical\" href=\"https:\/\/vosgesinfo.fr\/saintdieinfo\/2025\/12\/faites-le-plein-didees-cadeaux-chez-svd-procie-a-saint-die-des-vosges\/\" \/>\n<meta name=\"twitter:card\" content=\"summary_large_image\" \/>\n<meta name=\"twitter:title\" content=\"Faites le plein d\u2019id\u00e9es cadeaux chez SVD PRO&amp;Cie \u00e0 Saint-Di\u00e9-des-Vosges - Saint Die Info\" \/>\n<meta name=\"twitter:description\" content=\"Envie de vous \u00e9quiper avant les f\u00eates ou de trouver des cadeaux utiles et sympa pour vos proches, tout en [&hellip;]\" \/>\n<meta name=\"twitter:image\" content=\"https:\/\/vosgesinfo.fr\/app\/uploads\/sites\/4\/2025\/12\/svd-pro-et-cie-photo-premium.jpg\" \/>\n<meta name=\"twitter:creator\" content=\"@VosgesInfo88\" \/>\n<meta name=\"twitter:site\" content=\"@VosgesInfo88\" \/>\n<meta name=\"twitter:label1\" content=\"\u00c9crit par\" \/>\n\t<meta name=\"twitter:data1\" content=\"J.J.\" \/>\n\t<meta name=\"twitter:label2\" content=\"Dur\u00e9e de lecture estim\u00e9e\" \/>\n\t<meta name=\"twitter:data2\" content=\"3 minutes\" \/>\n<script type=\"application\/ld+json\" class=\"yoast-schema-graph\">{\"@context\":\"https:\/\/schema.org\",\"@graph\":[{\"@type\":\"Article\",\"@id\":\"https:\/\/vosgesinfo.fr\/saintdieinfo\/2025\/12\/faites-le-plein-didees-cadeaux-chez-svd-procie-a-saint-die-des-vosges\/#article\",\"isPartOf\":{\"@id\":\"https:\/\/vosgesinfo.fr\/saintdieinfo\/2025\/12\/faites-le-plein-didees-cadeaux-chez-svd-procie-a-saint-die-des-vosges\/\"},\"author\":{\"name\":\"J.J.\",\"@id\":\"https:\/\/vosgesinfo.fr\/saintdieinfo\/#\/schema\/person\/fa73e9f726d67bb88f46d5b7943cb572\"},\"headline\":\"Faites le plein d\u2019id\u00e9es cadeaux chez SVD PRO&#038;Cie \u00e0 Saint-Di\u00e9-des-Vosges\",\"datePublished\":\"2025-12-04T08:22:00+00:00\",\"dateModified\":\"2026-01-26T09:08:35+00:00\",\"mainEntityOfPage\":{\"@id\":\"https:\/\/vosgesinfo.fr\/saintdieinfo\/2025\/12\/faites-le-plein-didees-cadeaux-chez-svd-procie-a-saint-die-des-vosges\/\"},\"wordCount\":427,\"commentCount\":0,\"publisher\":{\"@id\":\"https:\/\/vosgesinfo.fr\/saintdieinfo\/#organization\"},\"image\":{\"@id\":\"https:\/\/vosgesinfo.fr\/saintdieinfo\/2025\/12\/faites-le-plein-didees-cadeaux-chez-svd-procie-a-saint-die-des-vosges\/#primaryimage\"},\"thumbnailUrl\":\"https:\/\/vosgesinfo.fr\/app\/uploads\/sites\/4\/2025\/12\/svd-pro-et-cie-photo-premium.jpg\",\"keywords\":[\"SVD PRO&amp;Cie\",\"Zone Hellieule 2\"],\"articleSection\":[\"A la Une\",\"Saint-Di\u00e9-des-Vosges et son Agglom\u00e9ration\"],\"inLanguage\":\"fr-FR\",\"potentialAction\":[{\"@type\":\"CommentAction\",\"name\":\"Comment\",\"target\":[\"https:\/\/vosgesinfo.fr\/saintdieinfo\/2025\/12\/faites-le-plein-didees-cadeaux-chez-svd-procie-a-saint-die-des-vosges\/#respond\"]}]},{\"@type\":\"WebPage\",\"@id\":\"https:\/\/vosgesinfo.fr\/saintdieinfo\/2025\/12\/faites-le-plein-didees-cadeaux-chez-svd-procie-a-saint-die-des-vosges\/\",\"url\":\"https:\/\/vosgesinfo.fr\/saintdieinfo\/2025\/12\/faites-le-plein-didees-cadeaux-chez-svd-procie-a-saint-die-des-vosges\/\",\"name\":\"Faites le plein d\u2019id\u00e9es cadeaux chez SVD PRO&Cie \u00e0 Saint-Di\u00e9-des-Vosges - Saint Die Info\",\"isPartOf\":{\"@id\":\"https:\/\/vosgesinfo.fr\/saintdieinfo\/#website\"},\"primaryImageOfPage\":{\"@id\":\"https:\/\/vosgesinfo.fr\/saintdieinfo\/2025\/12\/faites-le-plein-didees-cadeaux-chez-svd-procie-a-saint-die-des-vosges\/#primaryimage\"},\"image\":{\"@id\":\"https:\/\/vosgesinfo.fr\/saintdieinfo\/2025\/12\/faites-le-plein-didees-cadeaux-chez-svd-procie-a-saint-die-des-vosges\/#primaryimage\"},\"thumbnailUrl\":\"https:\/\/vosgesinfo.fr\/app\/uploads\/sites\/4\/2025\/12\/svd-pro-et-cie-photo-premium.jpg\",\"datePublished\":\"2025-12-04T08:22:00+00:00\",\"dateModified\":\"2026-01-26T09:08:35+00:00\",\"breadcrumb\":{\"@id\":\"https:\/\/vosgesinfo.fr\/saintdieinfo\/2025\/12\/faites-le-plein-didees-cadeaux-chez-svd-procie-a-saint-die-des-vosges\/#breadcrumb\"},\"inLanguage\":\"fr-FR\",\"potentialAction\":[{\"@type\":\"ReadAction\",\"target\":[\"https:\/\/vosgesinfo.fr\/saintdieinfo\/2025\/12\/faites-le-plein-didees-cadeaux-chez-svd-procie-a-saint-die-des-vosges\/\"]}]},{\"@type\":\"ImageObject\",\"inLanguage\":\"fr-FR\",\"@id\":\"https:\/\/vosgesinfo.fr\/saintdieinfo\/2025\/12\/faites-le-plein-didees-cadeaux-chez-svd-procie-a-saint-die-des-vosges\/#primaryimage\",\"url\":\"https:\/\/vosgesinfo.fr\/app\/uploads\/sites\/4\/2025\/12\/svd-pro-et-cie-photo-premium.jpg\",\"contentUrl\":\"https:\/\/vosgesinfo.fr\/app\/uploads\/sites\/4\/2025\/12\/svd-pro-et-cie-photo-premium.jpg\",\"width\":511,\"height\":405},{\"@type\":\"BreadcrumbList\",\"@id\":\"https:\/\/vosgesinfo.fr\/saintdieinfo\/2025\/12\/faites-le-plein-didees-cadeaux-chez-svd-procie-a-saint-die-des-vosges\/#breadcrumb\",\"itemListElement\":[{\"@type\":\"ListItem\",\"position\":1,\"name\":\"Home\",\"item\":\"https:\/\/vosgesinfo.fr\/saintdieinfo\/\"},{\"@type\":\"ListItem\",\"position\":2,\"name\":\"Faites le plein d\u2019id\u00e9es cadeaux chez SVD PRO&#038;Cie \u00e0 Saint-Di\u00e9-des-Vosges\"}]},{\"@type\":\"WebSite\",\"@id\":\"https:\/\/vosgesinfo.fr\/saintdieinfo\/#website\",\"url\":\"https:\/\/vosgesinfo.fr\/saintdieinfo\/\",\"name\":\"Saint Die Info\",\"description\":\"Toute l&#039;actualit\u00e9 de Saint-Di\u00e9-Des-Vosges\",\"publisher\":{\"@id\":\"https:\/\/vosgesinfo.fr\/saintdieinfo\/#organization\"},\"alternateName\":\"Toute l'actualit\u00e9 de Saint-Di\u00e9-Des-Vosges\",\"potentialAction\":[{\"@type\":\"SearchAction\",\"target\":{\"@type\":\"EntryPoint\",\"urlTemplate\":\"https:\/\/vosgesinfo.fr\/saintdieinfo\/?s={search_term_string}\"},\"query-input\":\"required name=search_term_string\"}],\"inLanguage\":\"fr-FR\"},{\"@type\":\"Organization\",\"@id\":\"https:\/\/vosgesinfo.fr\/saintdieinfo\/#organization\",\"name\":\"Saint Die Info\",\"url\":\"https:\/\/vosgesinfo.fr\/saintdieinfo\/\",\"logo\":{\"@type\":\"ImageObject\",\"inLanguage\":\"fr-FR\",\"@id\":\"https:\/\/vosgesinfo.fr\/saintdieinfo\/#\/schema\/logo\/image\/\",\"url\":\"https:\/\/vosgesinfo.fr\/app\/uploads\/sites\/4\/2024\/02\/logo-sdi.jpg\",\"contentUrl\":\"https:\/\/vosgesinfo.fr\/app\/uploads\/sites\/4\/2024\/02\/logo-sdi.jpg\",\"width\":600,\"height\":600,\"caption\":\"Saint Die Info\"},\"image\":{\"@id\":\"https:\/\/vosgesinfo.fr\/saintdieinfo\/#\/schema\/logo\/image\/\"},\"sameAs\":[\"https:\/\/www.facebook.com\/Saintdieinfofr\",\"https:\/\/x.com\/VosgesInfo88\",\"https:\/\/www.youtube.com\/@vosgesinfo\"]},{\"@type\":\"Person\",\"@id\":\"https:\/\/vosgesinfo.fr\/saintdieinfo\/#\/schema\/person\/fa73e9f726d67bb88f46d5b7943cb572\",\"name\":\"J.J.\",\"image\":{\"@type\":\"ImageObject\",\"inLanguage\":\"fr-FR\",\"@id\":\"https:\/\/vosgesinfo.fr\/saintdieinfo\/#\/schema\/person\/image\/\",\"url\":\"https:\/\/secure.gravatar.com\/avatar\/219e749e47ffbcca018a360ae4add7d4cdf1cdaaf8bc7676b27efade3fe65615?s=96&d=mm&r=g\",\"contentUrl\":\"https:\/\/secure.gravatar.com\/avatar\/219e749e47ffbcca018a360ae4add7d4cdf1cdaaf8bc7676b27efade3fe65615?s=96&d=mm&r=g\",\"caption\":\"J.J.\"},\"url\":\"https:\/\/vosgesinfo.fr\/saintdieinfo\/author\/j-j\/\"}]}<\/script>\n<!-- \/ Yoast SEO plugin. -->","yoast_head_json":{"title":"Faites le plein d\u2019id\u00e9es cadeaux chez SVD PRO&Cie \u00e0 Saint-Di\u00e9-des-Vosges - Saint Die Info","robots":{"index":"index","follow":"follow","max-snippet":"max-snippet:-1","max-image-preview":"max-image-preview:large","max-video-preview":"max-video-preview:-1"},"canonical":"https:\/\/vosgesinfo.fr\/saintdieinfo\/2025\/12\/faites-le-plein-didees-cadeaux-chez-svd-procie-a-saint-die-des-vosges\/","twitter_card":"summary_large_image","twitter_title":"Faites le plein d\u2019id\u00e9es cadeaux chez SVD PRO&Cie \u00e0 Saint-Di\u00e9-des-Vosges - Saint Die Info","twitter_description":"Envie de vous \u00e9quiper avant les f\u00eates ou de trouver des cadeaux utiles et sympa pour vos proches, tout en [&hellip;]","twitter_image":"https:\/\/vosgesinfo.fr\/app\/uploads\/sites\/4\/2025\/12\/svd-pro-et-cie-photo-premium.jpg","twitter_creator":"@VosgesInfo88","twitter_site":"@VosgesInfo88","twitter_misc":{"\u00c9crit par":"J.J.","Dur\u00e9e de lecture estim\u00e9e":"3 minutes"},"schema":{"@context":"https:\/\/schema.org","@graph":[{"@type":"Article","@id":"https:\/\/vosgesinfo.fr\/saintdieinfo\/2025\/12\/faites-le-plein-didees-cadeaux-chez-svd-procie-a-saint-die-des-vosges\/#article","isPartOf":{"@id":"https:\/\/vosgesinfo.fr\/saintdieinfo\/2025\/12\/faites-le-plein-didees-cadeaux-chez-svd-procie-a-saint-die-des-vosges\/"},"author":{"name":"J.J.","@id":"https:\/\/vosgesinfo.fr\/saintdieinfo\/#\/schema\/person\/fa73e9f726d67bb88f46d5b7943cb572"},"headline":"Faites le plein d\u2019id\u00e9es cadeaux chez SVD PRO&#038;Cie \u00e0 Saint-Di\u00e9-des-Vosges","datePublished":"2025-12-04T08:22:00+00:00","dateModified":"2026-01-26T09:08:35+00:00","mainEntityOfPage":{"@id":"https:\/\/vosgesinfo.fr\/saintdieinfo\/2025\/12\/faites-le-plein-didees-cadeaux-chez-svd-procie-a-saint-die-des-vosges\/"},"wordCount":427,"commentCount":0,"publisher":{"@id":"https:\/\/vosgesinfo.fr\/saintdieinfo\/#organization"},"image":{"@id":"https:\/\/vosgesinfo.fr\/saintdieinfo\/2025\/12\/faites-le-plein-didees-cadeaux-chez-svd-procie-a-saint-die-des-vosges\/#primaryimage"},"thumbnailUrl":"https:\/\/vosgesinfo.fr\/app\/uploads\/sites\/4\/2025\/12\/svd-pro-et-cie-photo-premium.jpg","keywords":["SVD PRO&amp;Cie","Zone Hellieule 2"],"articleSection":["A la Une","Saint-Di\u00e9-des-Vosges et son Agglom\u00e9ration"],"inLanguage":"fr-FR","potentialAction":[{"@type":"CommentAction","name":"Comment","target":["https:\/\/vosgesinfo.fr\/saintdieinfo\/2025\/12\/faites-le-plein-didees-cadeaux-chez-svd-procie-a-saint-die-des-vosges\/#respond"]}]},{"@type":"WebPage","@id":"https:\/\/vosgesinfo.fr\/saintdieinfo\/2025\/12\/faites-le-plein-didees-cadeaux-chez-svd-procie-a-saint-die-des-vosges\/","url":"https:\/\/vosgesinfo.fr\/saintdieinfo\/2025\/12\/faites-le-plein-didees-cadeaux-chez-svd-procie-a-saint-die-des-vosges\/","name":"Faites le plein d\u2019id\u00e9es cadeaux chez SVD PRO&Cie \u00e0 Saint-Di\u00e9-des-Vosges - Saint Die Info","isPartOf":{"@id":"https:\/\/vosgesinfo.fr\/saintdieinfo\/#website"},"primaryImageOfPage":{"@id":"https:\/\/vosgesinfo.fr\/saintdieinfo\/2025\/12\/faites-le-plein-didees-cadeaux-chez-svd-procie-a-saint-die-des-vosges\/#primaryimage"},"image":{"@id":"https:\/\/vosgesinfo.fr\/saintdieinfo\/2025\/12\/faites-le-plein-didees-cadeaux-chez-svd-procie-a-saint-die-des-vosges\/#primaryimage"},"thumbnailUrl":"https:\/\/vosgesinfo.fr\/app\/uploads\/sites\/4\/2025\/12\/svd-pro-et-cie-photo-premium.jpg","datePublished":"2025-12-04T08:22:00+00:00","dateModified":"2026-01-26T09:08:35+00:00","breadcrumb":{"@id":"https:\/\/vosgesinfo.fr\/saintdieinfo\/2025\/12\/faites-le-plein-didees-cadeaux-chez-svd-procie-a-saint-die-des-vosges\/#breadcrumb"},"inLanguage":"fr-FR","potentialAction":[{"@type":"ReadAction","target":["https:\/\/vosgesinfo.fr\/saintdieinfo\/2025\/12\/faites-le-plein-didees-cadeaux-chez-svd-procie-a-saint-die-des-vosges\/"]}]},{"@type":"ImageObject","inLanguage":"fr-FR","@id":"https:\/\/vosgesinfo.fr\/saintdieinfo\/2025\/12\/faites-le-plein-didees-cadeaux-chez-svd-procie-a-saint-die-des-vosges\/#primaryimage","url":"https:\/\/vosgesinfo.fr\/app\/uploads\/sites\/4\/2025\/12\/svd-pro-et-cie-photo-premium.jpg","contentUrl":"https:\/\/vosgesinfo.fr\/app\/uploads\/sites\/4\/2025\/12\/svd-pro-et-cie-photo-premium.jpg","width":511,"height":405},{"@type":"BreadcrumbList","@id":"https:\/\/vosgesinfo.fr\/saintdieinfo\/2025\/12\/faites-le-plein-didees-cadeaux-chez-svd-procie-a-saint-die-des-vosges\/#breadcrumb","itemListElement":[{"@type":"ListItem","position":1,"name":"Home","item":"https:\/\/vosgesinfo.fr\/saintdieinfo\/"},{"@type":"ListItem","position":2,"name":"Faites le plein d\u2019id\u00e9es cadeaux chez SVD PRO&#038;Cie \u00e0 Saint-Di\u00e9-des-Vosges"}]},{"@type":"WebSite","@id":"https:\/\/vosgesinfo.fr\/saintdieinfo\/#website","url":"https:\/\/vosgesinfo.fr\/saintdieinfo\/","name":"Saint Die Info","description":"Toute l&#039;actualit\u00e9 de Saint-Di\u00e9-Des-Vosges","publisher":{"@id":"https:\/\/vosgesinfo.fr\/saintdieinfo\/#organization"},"alternateName":"Toute l'actualit\u00e9 de Saint-Di\u00e9-Des-Vosges","potentialAction":[{"@type":"SearchAction","target":{"@type":"EntryPoint","urlTemplate":"https:\/\/vosgesinfo.fr\/saintdieinfo\/?s={search_term_string}"},"query-input":"required name=search_term_string"}],"inLanguage":"fr-FR"},{"@type":"Organization","@id":"https:\/\/vosgesinfo.fr\/saintdieinfo\/#organization","name":"Saint Die Info","url":"https:\/\/vosgesinfo.fr\/saintdieinfo\/","logo":{"@type":"ImageObject","inLanguage":"fr-FR","@id":"https:\/\/vosgesinfo.fr\/saintdieinfo\/#\/schema\/logo\/image\/","url":"https:\/\/vosgesinfo.fr\/app\/uploads\/sites\/4\/2024\/02\/logo-sdi.jpg","contentUrl":"https:\/\/vosgesinfo.fr\/app\/uploads\/sites\/4\/2024\/02\/logo-sdi.jpg","width":600,"height":600,"caption":"Saint Die Info"},"image":{"@id":"https:\/\/vosgesinfo.fr\/saintdieinfo\/#\/schema\/logo\/image\/"},"sameAs":["https:\/\/www.facebook.com\/Saintdieinfofr","https:\/\/x.com\/VosgesInfo88","https:\/\/www.youtube.com\/@vosgesinfo"]},{"@type":"Person","@id":"https:\/\/vosgesinfo.fr\/saintdieinfo\/#\/schema\/person\/fa73e9f726d67bb88f46d5b7943cb572","name":"J.J.","image":{"@type":"ImageObject","inLanguage":"fr-FR","@id":"https:\/\/vosgesinfo.fr\/saintdieinfo\/#\/schema\/person\/image\/","url":"https:\/\/secure.gravatar.com\/avatar\/219e749e47ffbcca018a360ae4add7d4cdf1cdaaf8bc7676b27efade3fe65615?s=96&d=mm&r=g","contentUrl":"https:\/\/secure.gravatar.com\/avatar\/219e749e47ffbcca018a360ae4add7d4cdf1cdaaf8bc7676b27efade3fe65615?s=96&d=mm&r=g","caption":"J.J."},"url":"https:\/\/vosgesinfo.fr\/saintdieinfo\/author\/j-j\/"}]}},"_links":{"self":[{"href":"https:\/\/vosgesinfo.fr\/saintdieinfo\/wp-json\/wp\/v2\/posts\/85413","targetHints":{"allow":["GET"]}}],"collection":[{"href":"https:\/\/vosgesinfo.fr\/saintdieinfo\/wp-json\/wp\/v2\/posts"}],"about":[{"href":"https:\/\/vosgesinfo.fr\/saintdieinfo\/wp-json\/wp\/v2\/types\/post"}],"author":[{"embeddable":true,"href":"https:\/\/vosgesinfo.fr\/saintdieinfo\/wp-json\/wp\/v2\/users\/46"}],"replies":[{"embeddable":true,"href":"https:\/\/vosgesinfo.fr\/saintdieinfo\/wp-json\/wp\/v2\/comments?post=85413"}],"version-history":[{"count":1,"href":"https:\/\/vosgesinfo.fr\/saintdieinfo\/wp-json\/wp\/v2\/posts\/85413\/revisions"}],"predecessor-version":[{"id":85414,"href":"https:\/\/vosgesinfo.fr\/saintdieinfo\/wp-json\/wp\/v2\/posts\/85413\/revisions\/85414"}],"wp:featuredmedia":[{"embeddable":true,"href":"https:\/\/vosgesinfo.fr\/saintdieinfo\/wp-json\/wp\/v2\/media\/85405"}],"wp:attachment":[{"href":"https:\/\/vosgesinfo.fr\/saintdieinfo\/wp-json\/wp\/v2\/media?parent=85413"}],"wp:term":[{"taxonomy":"category","embeddable":true,"href":"https:\/\/vosgesinfo.fr\/saintdieinfo\/wp-json\/wp\/v2\/categories?post=85413"},{"taxonomy":"post_tag","embeddable":true,"href":"https:\/\/vosgesinfo.fr\/saintdieinfo\/wp-json\/wp\/v2\/tags?post=85413"}],"curies":[{"name":"wp","href":"https:\/\/api.w.org\/{rel}","templated":true}]}}