{"id":85464,"date":"2025-12-05T08:33:51","date_gmt":"2025-12-05T07:33:51","guid":{"rendered":"https:\/\/vosgesinfo.fr\/saintdieinfo\/?p=85464"},"modified":"2025-12-05T08:28:54","modified_gmt":"2025-12-05T07:28:54","slug":"louez-une-oeuvre-dart-avec-lartotheque-du-cepagrap-3","status":"publish","type":"post","link":"https:\/\/vosgesinfo.fr\/saintdieinfo\/2025\/12\/louez-une-oeuvre-dart-avec-lartotheque-du-cepagrap-3\/","title":{"rendered":"Louez une oeuvre d\u2019Art avec l\u2019artoth\u00e8que du CEPAGRAP"},"content":{"rendered":"<div id=\"attachment_68282\" style=\"width: 837px\" class=\"wp-caption alignnone\"><a href=\"https:\/\/vosgesinfo.fr\/app\/uploads\/sites\/4\/2024\/09\/artotheque-cepagrap.jpeg\"><img decoding=\"async\" aria-describedby=\"caption-attachment-68282\" class=\"size-large wp-image-68282\" src=\"https:\/\/vosgesinfo.fr\/app\/uploads\/sites\/4\/2024\/09\/artotheque-cepagrap-827x1024.jpeg\" alt=\"\" width=\"827\" height=\"1024\" srcset=\"https:\/\/vosgesinfo.fr\/app\/uploads\/sites\/4\/2024\/09\/artotheque-cepagrap-827x1024.jpeg 827w, https:\/\/vosgesinfo.fr\/app\/uploads\/sites\/4\/2024\/09\/artotheque-cepagrap-242x300.jpeg 242w, https:\/\/vosgesinfo.fr\/app\/uploads\/sites\/4\/2024\/09\/artotheque-cepagrap-768x950.jpeg 768w, https:\/\/vosgesinfo.fr\/app\/uploads\/sites\/4\/2024\/09\/artotheque-cepagrap-1241x1536.jpeg 1241w, https:\/\/vosgesinfo.fr\/app\/uploads\/sites\/4\/2024\/09\/artotheque-cepagrap-1655x2048.jpeg 1655w, https:\/\/vosgesinfo.fr\/app\/uploads\/sites\/4\/2024\/09\/artotheque-cepagrap.jpeg 1857w\" sizes=\"(max-width: 827px) 100vw, 827px\" \/><\/a><p id=\"caption-attachment-68282\" class=\"wp-caption-text\">(Archive)<\/p><\/div>\n<h2 data-start=\"0\" data-end=\"264\">Avec l\u2019<strong data-start=\"7\" data-end=\"33\">Artoth\u00e8que du CEPAGRAP<\/strong>, louez une \u0153uvre d\u2019art pour <strong data-start=\"62\" data-end=\"74\">15 euros<\/strong> pour le trimestre. Pour ce faire, rendez-vous le <strong data-start=\"124\" data-end=\"147\">samedi 13 d\u00e9cembre<\/strong>, de <strong data-start=\"152\" data-end=\"165\">17h \u00e0 19h<\/strong>, \u00e0 l\u2019<strong data-start=\"171\" data-end=\"211\">Espace des Arts Plastiques d\u00e9odatien<\/strong>, situ\u00e9 au <strong data-start=\"222\" data-end=\"243\">20 rue du 10e BCP<\/strong>. <strong data-start=\"245\" data-end=\"261\">Entr\u00e9e libre<\/strong>.<\/h2>\n<p data-start=\"0\" data-end=\"264\"><!--more--><\/p>\n<h3 data-start=\"266\" data-end=\"287\"><strong>Comment \u00e7a marche ?<\/strong><\/h3>\n<p data-start=\"289\" data-end=\"480\">Sur place, vous choisissez votre \u0153uvre parmi une centaine. Ensuite, si ce n\u2019est d\u00e9j\u00e0 fait, vous <strong data-start=\"385\" data-end=\"429\">adh\u00e9rez \u00e0 l\u2019association (5 euros par an)<\/strong> et vous remplissez votre formulaire de location.<\/p>\n<p data-start=\"482\" data-end=\"735\">N\u2019oubliez pas de venir avec une <strong data-start=\"514\" data-end=\"534\">pi\u00e8ce d\u2019identit\u00e9<\/strong>, une <strong data-start=\"540\" data-end=\"603\">attestation d\u2019assurance habitation et responsabilit\u00e9 civile<\/strong>, ainsi que votre <strong data-start=\"621\" data-end=\"633\">ch\u00e9quier<\/strong> pour le <strong data-start=\"642\" data-end=\"702\">ch\u00e8que de caution de la valeur de l\u2019\u0153uvre (non encaiss\u00e9)<\/strong> et le paiement de la location.<\/p>\n<p data-start=\"737\" data-end=\"896\">Une fois les diff\u00e9rents documents remplis, il ne vous reste plus qu\u2019\u00e0 repartir avec votre \u0153uvre pour l\u2019accrocher chez vous et en profiter pendant <strong data-start=\"883\" data-end=\"893\">3 mois<\/strong>.<\/p>\n<h3 data-start=\"898\" data-end=\"925\"><strong>Les artistes participants<\/strong><\/h3>\n<p data-start=\"927\" data-end=\"1675\">E. Antoine, J.-P. Bauer, L. Bertholom, S. Chazal, J.-A. Chone, M. Colignon, P. Colignon, P. Collas, M. Connu, J. Conruyt, L. Danchin, P. De Belly, R. Declaux, M. Dejean, C. Deldarou, E. Didym, S. Dumoulin, C. Eschenbrenner, C. Plesch, F. Ferreux, C. Gangloff, M.-P. Ganzer, P. Gaucher, A. Gerlache, A. Gueulette, J.-F. Hueber, A. Hocquaux, K. Hunger, A. Huppert, E. Kaiser, T. Laurent, C. Leiser, D. Lefevre, G. Lemoine, M. Lesage, M. Libacq, J.-P. Marchal, S. Monato, J.-M. Marchetti, J. Massager, J.-C. Mouget, J.-C. Pirogeli, C. Perrin, E. Perrin, G. Petitdidier, P. Pichette, D. Pichot, J.-L. Picoche, C. Remy-Jeandin, D. Roman, F. Saure, E. Thieuleux, X. Thomen, S. Tisser, P. Tiziani, M. Urban, R. Venner, A. Vinay, L. Wagner, M. Yamakoshi.<\/p>\n<h3 data-start=\"1677\" data-end=\"1717\"><strong>Un acc\u00e8s facilit\u00e9 \u00e0 l\u2019Art contemporain<\/strong><\/h3>\n<p data-start=\"1719\" data-end=\"1832\">L\u2019id\u00e9e de l\u2019artoth\u00e8que du CEPAGRAP \u00e9tant de permettre de <strong data-start=\"1776\" data-end=\"1829\">vivre l\u2019Art contemporain au quotidien, \u00e0 domicile<\/strong>.<\/p>\n<p data-start=\"1834\" data-end=\"1919\">Plus de renseignements par t\u00e9l\u00e9phone, au <strong data-start=\"1875\" data-end=\"1893\">03-29-56-26-04<\/strong> ou sur <a class=\"decorated-link\" href=\"https:\/\/www.cepagrap.fr\" target=\"_blank\" rel=\"noopener\" data-start=\"1901\" data-end=\"1916\">www.cepagrap.fr<\/a><\/p>\n<p>&nbsp;<\/p>\n<p><a href=\"https:\/\/vosgesinfo.fr\/app\/uploads\/sites\/4\/2025\/12\/artotheque-cepagrap-13122025.jpeg\"><img decoding=\"async\" class=\"alignnone size-full wp-image-85465\" src=\"https:\/\/vosgesinfo.fr\/app\/uploads\/sites\/4\/2025\/12\/artotheque-cepagrap-13122025.jpeg\" alt=\"\" width=\"452\" height=\"640\" srcset=\"https:\/\/vosgesinfo.fr\/app\/uploads\/sites\/4\/2025\/12\/artotheque-cepagrap-13122025.jpeg 452w, https:\/\/vosgesinfo.fr\/app\/uploads\/sites\/4\/2025\/12\/artotheque-cepagrap-13122025-212x300.jpeg 212w\" sizes=\"(max-width: 452px) 100vw, 452px\" \/><\/a><\/p>\n","protected":false},"excerpt":{"rendered":"<p>Avec l\u2019Artoth\u00e8que du CEPAGRAP, louez une \u0153uvre d\u2019art pour 15 euros pour le trimestre. Pour ce faire, rendez-vous le samedi [&hellip;]<\/p>\n","protected":false},"author":46,"featured_media":68282,"comment_status":"open","ping_status":"open","sticky":false,"template":"","format":"standard","meta":{"footnotes":""},"categories":[460,8019,167],"tags":[9642,11120,5263,19204,19205,19203,2881,43],"class_list":["post-85464","post","type-post","status-publish","format-standard","has-post-thumbnail","hentry","category-a-la-une","category-vie-artistique-art-culture","category-saint-die-des-vosges","tag-art-contemporain","tag-artistes-locaux","tag-artotheque-du-cepagrap","tag-espace-des-arts-plastiques-deodatien","tag-exposition-cepagrap","tag-location-doeuvres-dart","tag-saint-die-des-vosges","tag-vosges"],"acf":[],"yoast_head":"<!-- This site is optimized with the Yoast SEO plugin v22.5 - https:\/\/yoast.com\/wordpress\/plugins\/seo\/ -->\n<title>Louez une oeuvre d\u2019Art avec l\u2019artoth\u00e8que du CEPAGRAP - Saint Die Info<\/title>\n<meta name=\"robots\" content=\"index, follow, max-snippet:-1, max-image-preview:large, max-video-preview:-1\" \/>\n<link rel=\"canonical\" href=\"https:\/\/vosgesinfo.fr\/saintdieinfo\/2025\/12\/louez-une-oeuvre-dart-avec-lartotheque-du-cepagrap-3\/\" \/>\n<meta name=\"twitter:card\" content=\"summary_large_image\" \/>\n<meta name=\"twitter:title\" content=\"Louez une oeuvre d\u2019Art avec l\u2019artoth\u00e8que du CEPAGRAP - Saint Die Info\" \/>\n<meta name=\"twitter:description\" content=\"Avec l\u2019Artoth\u00e8que du CEPAGRAP, louez une \u0153uvre d\u2019art pour 15 euros pour le trimestre. Pour ce faire, rendez-vous le samedi [&hellip;]\" \/>\n<meta name=\"twitter:image\" content=\"https:\/\/vosgesinfo.fr\/app\/uploads\/sites\/4\/2024\/09\/artotheque-cepagrap.jpeg\" \/>\n<meta name=\"twitter:creator\" content=\"@VosgesInfo88\" \/>\n<meta name=\"twitter:site\" content=\"@VosgesInfo88\" \/>\n<meta name=\"twitter:label1\" content=\"\u00c9crit par\" \/>\n\t<meta name=\"twitter:data1\" content=\"J.J.\" \/>\n\t<meta name=\"twitter:label2\" content=\"Dur\u00e9e de lecture estim\u00e9e\" \/>\n\t<meta name=\"twitter:data2\" content=\"2 minutes\" \/>\n<script type=\"application\/ld+json\" class=\"yoast-schema-graph\">{\"@context\":\"https:\/\/schema.org\",\"@graph\":[{\"@type\":\"Article\",\"@id\":\"https:\/\/vosgesinfo.fr\/saintdieinfo\/2025\/12\/louez-une-oeuvre-dart-avec-lartotheque-du-cepagrap-3\/#article\",\"isPartOf\":{\"@id\":\"https:\/\/vosgesinfo.fr\/saintdieinfo\/2025\/12\/louez-une-oeuvre-dart-avec-lartotheque-du-cepagrap-3\/\"},\"author\":{\"name\":\"J.J.\",\"@id\":\"https:\/\/vosgesinfo.fr\/saintdieinfo\/#\/schema\/person\/fa73e9f726d67bb88f46d5b7943cb572\"},\"headline\":\"Louez une oeuvre d\u2019Art avec l\u2019artoth\u00e8que du CEPAGRAP\",\"datePublished\":\"2025-12-05T07:33:51+00:00\",\"dateModified\":\"2025-12-05T07:28:54+00:00\",\"mainEntityOfPage\":{\"@id\":\"https:\/\/vosgesinfo.fr\/saintdieinfo\/2025\/12\/louez-une-oeuvre-dart-avec-lartotheque-du-cepagrap-3\/\"},\"wordCount\":346,\"commentCount\":0,\"publisher\":{\"@id\":\"https:\/\/vosgesinfo.fr\/saintdieinfo\/#organization\"},\"image\":{\"@id\":\"https:\/\/vosgesinfo.fr\/saintdieinfo\/2025\/12\/louez-une-oeuvre-dart-avec-lartotheque-du-cepagrap-3\/#primaryimage\"},\"thumbnailUrl\":\"https:\/\/vosgesinfo.fr\/app\/uploads\/sites\/4\/2024\/09\/artotheque-cepagrap.jpeg\",\"keywords\":[\"Art contemporain\",\"Artistes locaux\",\"Artoth\u00e8que du CEPAGRAP\",\"Espace des Arts Plastiques d\u00e9odatien\",\"exposition CEPAGRAP\",\"location d\u2019\u0153uvres d\u2019art\",\"Saint-Di\u00e9-des-Vosges\",\"vosges\"],\"articleSection\":[\"A la Une\",\"Art\",\"Saint-Di\u00e9-des-Vosges\"],\"inLanguage\":\"fr-FR\",\"potentialAction\":[{\"@type\":\"CommentAction\",\"name\":\"Comment\",\"target\":[\"https:\/\/vosgesinfo.fr\/saintdieinfo\/2025\/12\/louez-une-oeuvre-dart-avec-lartotheque-du-cepagrap-3\/#respond\"]}]},{\"@type\":\"WebPage\",\"@id\":\"https:\/\/vosgesinfo.fr\/saintdieinfo\/2025\/12\/louez-une-oeuvre-dart-avec-lartotheque-du-cepagrap-3\/\",\"url\":\"https:\/\/vosgesinfo.fr\/saintdieinfo\/2025\/12\/louez-une-oeuvre-dart-avec-lartotheque-du-cepagrap-3\/\",\"name\":\"Louez une oeuvre d\u2019Art avec l\u2019artoth\u00e8que du CEPAGRAP - Saint Die Info\",\"isPartOf\":{\"@id\":\"https:\/\/vosgesinfo.fr\/saintdieinfo\/#website\"},\"primaryImageOfPage\":{\"@id\":\"https:\/\/vosgesinfo.fr\/saintdieinfo\/2025\/12\/louez-une-oeuvre-dart-avec-lartotheque-du-cepagrap-3\/#primaryimage\"},\"image\":{\"@id\":\"https:\/\/vosgesinfo.fr\/saintdieinfo\/2025\/12\/louez-une-oeuvre-dart-avec-lartotheque-du-cepagrap-3\/#primaryimage\"},\"thumbnailUrl\":\"https:\/\/vosgesinfo.fr\/app\/uploads\/sites\/4\/2024\/09\/artotheque-cepagrap.jpeg\",\"datePublished\":\"2025-12-05T07:33:51+00:00\",\"dateModified\":\"2025-12-05T07:28:54+00:00\",\"breadcrumb\":{\"@id\":\"https:\/\/vosgesinfo.fr\/saintdieinfo\/2025\/12\/louez-une-oeuvre-dart-avec-lartotheque-du-cepagrap-3\/#breadcrumb\"},\"inLanguage\":\"fr-FR\",\"potentialAction\":[{\"@type\":\"ReadAction\",\"target\":[\"https:\/\/vosgesinfo.fr\/saintdieinfo\/2025\/12\/louez-une-oeuvre-dart-avec-lartotheque-du-cepagrap-3\/\"]}]},{\"@type\":\"ImageObject\",\"inLanguage\":\"fr-FR\",\"@id\":\"https:\/\/vosgesinfo.fr\/saintdieinfo\/2025\/12\/louez-une-oeuvre-dart-avec-lartotheque-du-cepagrap-3\/#primaryimage\",\"url\":\"https:\/\/vosgesinfo.fr\/app\/uploads\/sites\/4\/2024\/09\/artotheque-cepagrap.jpeg\",\"contentUrl\":\"https:\/\/vosgesinfo.fr\/app\/uploads\/sites\/4\/2024\/09\/artotheque-cepagrap.jpeg\",\"width\":1857,\"height\":2298,\"caption\":\"(Archive)\"},{\"@type\":\"BreadcrumbList\",\"@id\":\"https:\/\/vosgesinfo.fr\/saintdieinfo\/2025\/12\/louez-une-oeuvre-dart-avec-lartotheque-du-cepagrap-3\/#breadcrumb\",\"itemListElement\":[{\"@type\":\"ListItem\",\"position\":1,\"name\":\"Home\",\"item\":\"https:\/\/vosgesinfo.fr\/saintdieinfo\/\"},{\"@type\":\"ListItem\",\"position\":2,\"name\":\"Louez une oeuvre d\u2019Art avec l\u2019artoth\u00e8que du CEPAGRAP\"}]},{\"@type\":\"WebSite\",\"@id\":\"https:\/\/vosgesinfo.fr\/saintdieinfo\/#website\",\"url\":\"https:\/\/vosgesinfo.fr\/saintdieinfo\/\",\"name\":\"Saint Die Info\",\"description\":\"Toute l&#039;actualit\u00e9 de Saint-Di\u00e9-Des-Vosges\",\"publisher\":{\"@id\":\"https:\/\/vosgesinfo.fr\/saintdieinfo\/#organization\"},\"alternateName\":\"Toute l'actualit\u00e9 de Saint-Di\u00e9-Des-Vosges\",\"potentialAction\":[{\"@type\":\"SearchAction\",\"target\":{\"@type\":\"EntryPoint\",\"urlTemplate\":\"https:\/\/vosgesinfo.fr\/saintdieinfo\/?s={search_term_string}\"},\"query-input\":\"required name=search_term_string\"}],\"inLanguage\":\"fr-FR\"},{\"@type\":\"Organization\",\"@id\":\"https:\/\/vosgesinfo.fr\/saintdieinfo\/#organization\",\"name\":\"Saint Die Info\",\"url\":\"https:\/\/vosgesinfo.fr\/saintdieinfo\/\",\"logo\":{\"@type\":\"ImageObject\",\"inLanguage\":\"fr-FR\",\"@id\":\"https:\/\/vosgesinfo.fr\/saintdieinfo\/#\/schema\/logo\/image\/\",\"url\":\"https:\/\/vosgesinfo.fr\/app\/uploads\/sites\/4\/2024\/02\/logo-sdi.jpg\",\"contentUrl\":\"https:\/\/vosgesinfo.fr\/app\/uploads\/sites\/4\/2024\/02\/logo-sdi.jpg\",\"width\":600,\"height\":600,\"caption\":\"Saint Die Info\"},\"image\":{\"@id\":\"https:\/\/vosgesinfo.fr\/saintdieinfo\/#\/schema\/logo\/image\/\"},\"sameAs\":[\"https:\/\/www.facebook.com\/Saintdieinfofr\",\"https:\/\/x.com\/VosgesInfo88\",\"https:\/\/www.youtube.com\/@vosgesinfo\"]},{\"@type\":\"Person\",\"@id\":\"https:\/\/vosgesinfo.fr\/saintdieinfo\/#\/schema\/person\/fa73e9f726d67bb88f46d5b7943cb572\",\"name\":\"J.J.\",\"image\":{\"@type\":\"ImageObject\",\"inLanguage\":\"fr-FR\",\"@id\":\"https:\/\/vosgesinfo.fr\/saintdieinfo\/#\/schema\/person\/image\/\",\"url\":\"https:\/\/secure.gravatar.com\/avatar\/219e749e47ffbcca018a360ae4add7d4cdf1cdaaf8bc7676b27efade3fe65615?s=96&d=mm&r=g\",\"contentUrl\":\"https:\/\/secure.gravatar.com\/avatar\/219e749e47ffbcca018a360ae4add7d4cdf1cdaaf8bc7676b27efade3fe65615?s=96&d=mm&r=g\",\"caption\":\"J.J.\"},\"url\":\"https:\/\/vosgesinfo.fr\/saintdieinfo\/author\/j-j\/\"}]}<\/script>\n<!-- \/ Yoast SEO plugin. -->","yoast_head_json":{"title":"Louez une oeuvre d\u2019Art avec l\u2019artoth\u00e8que du CEPAGRAP - Saint Die Info","robots":{"index":"index","follow":"follow","max-snippet":"max-snippet:-1","max-image-preview":"max-image-preview:large","max-video-preview":"max-video-preview:-1"},"canonical":"https:\/\/vosgesinfo.fr\/saintdieinfo\/2025\/12\/louez-une-oeuvre-dart-avec-lartotheque-du-cepagrap-3\/","twitter_card":"summary_large_image","twitter_title":"Louez une oeuvre d\u2019Art avec l\u2019artoth\u00e8que du CEPAGRAP - Saint Die Info","twitter_description":"Avec l\u2019Artoth\u00e8que du CEPAGRAP, louez une \u0153uvre d\u2019art pour 15 euros pour le trimestre. Pour ce faire, rendez-vous le samedi [&hellip;]","twitter_image":"https:\/\/vosgesinfo.fr\/app\/uploads\/sites\/4\/2024\/09\/artotheque-cepagrap.jpeg","twitter_creator":"@VosgesInfo88","twitter_site":"@VosgesInfo88","twitter_misc":{"\u00c9crit par":"J.J.","Dur\u00e9e de lecture estim\u00e9e":"2 minutes"},"schema":{"@context":"https:\/\/schema.org","@graph":[{"@type":"Article","@id":"https:\/\/vosgesinfo.fr\/saintdieinfo\/2025\/12\/louez-une-oeuvre-dart-avec-lartotheque-du-cepagrap-3\/#article","isPartOf":{"@id":"https:\/\/vosgesinfo.fr\/saintdieinfo\/2025\/12\/louez-une-oeuvre-dart-avec-lartotheque-du-cepagrap-3\/"},"author":{"name":"J.J.","@id":"https:\/\/vosgesinfo.fr\/saintdieinfo\/#\/schema\/person\/fa73e9f726d67bb88f46d5b7943cb572"},"headline":"Louez une oeuvre d\u2019Art avec l\u2019artoth\u00e8que du CEPAGRAP","datePublished":"2025-12-05T07:33:51+00:00","dateModified":"2025-12-05T07:28:54+00:00","mainEntityOfPage":{"@id":"https:\/\/vosgesinfo.fr\/saintdieinfo\/2025\/12\/louez-une-oeuvre-dart-avec-lartotheque-du-cepagrap-3\/"},"wordCount":346,"commentCount":0,"publisher":{"@id":"https:\/\/vosgesinfo.fr\/saintdieinfo\/#organization"},"image":{"@id":"https:\/\/vosgesinfo.fr\/saintdieinfo\/2025\/12\/louez-une-oeuvre-dart-avec-lartotheque-du-cepagrap-3\/#primaryimage"},"thumbnailUrl":"https:\/\/vosgesinfo.fr\/app\/uploads\/sites\/4\/2024\/09\/artotheque-cepagrap.jpeg","keywords":["Art contemporain","Artistes locaux","Artoth\u00e8que du CEPAGRAP","Espace des Arts Plastiques d\u00e9odatien","exposition CEPAGRAP","location d\u2019\u0153uvres d\u2019art","Saint-Di\u00e9-des-Vosges","vosges"],"articleSection":["A la Une","Art","Saint-Di\u00e9-des-Vosges"],"inLanguage":"fr-FR","potentialAction":[{"@type":"CommentAction","name":"Comment","target":["https:\/\/vosgesinfo.fr\/saintdieinfo\/2025\/12\/louez-une-oeuvre-dart-avec-lartotheque-du-cepagrap-3\/#respond"]}]},{"@type":"WebPage","@id":"https:\/\/vosgesinfo.fr\/saintdieinfo\/2025\/12\/louez-une-oeuvre-dart-avec-lartotheque-du-cepagrap-3\/","url":"https:\/\/vosgesinfo.fr\/saintdieinfo\/2025\/12\/louez-une-oeuvre-dart-avec-lartotheque-du-cepagrap-3\/","name":"Louez une oeuvre d\u2019Art avec l\u2019artoth\u00e8que du CEPAGRAP - Saint Die Info","isPartOf":{"@id":"https:\/\/vosgesinfo.fr\/saintdieinfo\/#website"},"primaryImageOfPage":{"@id":"https:\/\/vosgesinfo.fr\/saintdieinfo\/2025\/12\/louez-une-oeuvre-dart-avec-lartotheque-du-cepagrap-3\/#primaryimage"},"image":{"@id":"https:\/\/vosgesinfo.fr\/saintdieinfo\/2025\/12\/louez-une-oeuvre-dart-avec-lartotheque-du-cepagrap-3\/#primaryimage"},"thumbnailUrl":"https:\/\/vosgesinfo.fr\/app\/uploads\/sites\/4\/2024\/09\/artotheque-cepagrap.jpeg","datePublished":"2025-12-05T07:33:51+00:00","dateModified":"2025-12-05T07:28:54+00:00","breadcrumb":{"@id":"https:\/\/vosgesinfo.fr\/saintdieinfo\/2025\/12\/louez-une-oeuvre-dart-avec-lartotheque-du-cepagrap-3\/#breadcrumb"},"inLanguage":"fr-FR","potentialAction":[{"@type":"ReadAction","target":["https:\/\/vosgesinfo.fr\/saintdieinfo\/2025\/12\/louez-une-oeuvre-dart-avec-lartotheque-du-cepagrap-3\/"]}]},{"@type":"ImageObject","inLanguage":"fr-FR","@id":"https:\/\/vosgesinfo.fr\/saintdieinfo\/2025\/12\/louez-une-oeuvre-dart-avec-lartotheque-du-cepagrap-3\/#primaryimage","url":"https:\/\/vosgesinfo.fr\/app\/uploads\/sites\/4\/2024\/09\/artotheque-cepagrap.jpeg","contentUrl":"https:\/\/vosgesinfo.fr\/app\/uploads\/sites\/4\/2024\/09\/artotheque-cepagrap.jpeg","width":1857,"height":2298,"caption":"(Archive)"},{"@type":"BreadcrumbList","@id":"https:\/\/vosgesinfo.fr\/saintdieinfo\/2025\/12\/louez-une-oeuvre-dart-avec-lartotheque-du-cepagrap-3\/#breadcrumb","itemListElement":[{"@type":"ListItem","position":1,"name":"Home","item":"https:\/\/vosgesinfo.fr\/saintdieinfo\/"},{"@type":"ListItem","position":2,"name":"Louez une oeuvre d\u2019Art avec l\u2019artoth\u00e8que du CEPAGRAP"}]},{"@type":"WebSite","@id":"https:\/\/vosgesinfo.fr\/saintdieinfo\/#website","url":"https:\/\/vosgesinfo.fr\/saintdieinfo\/","name":"Saint Die Info","description":"Toute l&#039;actualit\u00e9 de Saint-Di\u00e9-Des-Vosges","publisher":{"@id":"https:\/\/vosgesinfo.fr\/saintdieinfo\/#organization"},"alternateName":"Toute l'actualit\u00e9 de Saint-Di\u00e9-Des-Vosges","potentialAction":[{"@type":"SearchAction","target":{"@type":"EntryPoint","urlTemplate":"https:\/\/vosgesinfo.fr\/saintdieinfo\/?s={search_term_string}"},"query-input":"required name=search_term_string"}],"inLanguage":"fr-FR"},{"@type":"Organization","@id":"https:\/\/vosgesinfo.fr\/saintdieinfo\/#organization","name":"Saint Die Info","url":"https:\/\/vosgesinfo.fr\/saintdieinfo\/","logo":{"@type":"ImageObject","inLanguage":"fr-FR","@id":"https:\/\/vosgesinfo.fr\/saintdieinfo\/#\/schema\/logo\/image\/","url":"https:\/\/vosgesinfo.fr\/app\/uploads\/sites\/4\/2024\/02\/logo-sdi.jpg","contentUrl":"https:\/\/vosgesinfo.fr\/app\/uploads\/sites\/4\/2024\/02\/logo-sdi.jpg","width":600,"height":600,"caption":"Saint Die Info"},"image":{"@id":"https:\/\/vosgesinfo.fr\/saintdieinfo\/#\/schema\/logo\/image\/"},"sameAs":["https:\/\/www.facebook.com\/Saintdieinfofr","https:\/\/x.com\/VosgesInfo88","https:\/\/www.youtube.com\/@vosgesinfo"]},{"@type":"Person","@id":"https:\/\/vosgesinfo.fr\/saintdieinfo\/#\/schema\/person\/fa73e9f726d67bb88f46d5b7943cb572","name":"J.J.","image":{"@type":"ImageObject","inLanguage":"fr-FR","@id":"https:\/\/vosgesinfo.fr\/saintdieinfo\/#\/schema\/person\/image\/","url":"https:\/\/secure.gravatar.com\/avatar\/219e749e47ffbcca018a360ae4add7d4cdf1cdaaf8bc7676b27efade3fe65615?s=96&d=mm&r=g","contentUrl":"https:\/\/secure.gravatar.com\/avatar\/219e749e47ffbcca018a360ae4add7d4cdf1cdaaf8bc7676b27efade3fe65615?s=96&d=mm&r=g","caption":"J.J."},"url":"https:\/\/vosgesinfo.fr\/saintdieinfo\/author\/j-j\/"}]}},"_links":{"self":[{"href":"https:\/\/vosgesinfo.fr\/saintdieinfo\/wp-json\/wp\/v2\/posts\/85464","targetHints":{"allow":["GET"]}}],"collection":[{"href":"https:\/\/vosgesinfo.fr\/saintdieinfo\/wp-json\/wp\/v2\/posts"}],"about":[{"href":"https:\/\/vosgesinfo.fr\/saintdieinfo\/wp-json\/wp\/v2\/types\/post"}],"author":[{"embeddable":true,"href":"https:\/\/vosgesinfo.fr\/saintdieinfo\/wp-json\/wp\/v2\/users\/46"}],"replies":[{"embeddable":true,"href":"https:\/\/vosgesinfo.fr\/saintdieinfo\/wp-json\/wp\/v2\/comments?post=85464"}],"version-history":[{"count":1,"href":"https:\/\/vosgesinfo.fr\/saintdieinfo\/wp-json\/wp\/v2\/posts\/85464\/revisions"}],"predecessor-version":[{"id":85466,"href":"https:\/\/vosgesinfo.fr\/saintdieinfo\/wp-json\/wp\/v2\/posts\/85464\/revisions\/85466"}],"wp:featuredmedia":[{"embeddable":true,"href":"https:\/\/vosgesinfo.fr\/saintdieinfo\/wp-json\/wp\/v2\/media\/68282"}],"wp:attachment":[{"href":"https:\/\/vosgesinfo.fr\/saintdieinfo\/wp-json\/wp\/v2\/media?parent=85464"}],"wp:term":[{"taxonomy":"category","embeddable":true,"href":"https:\/\/vosgesinfo.fr\/saintdieinfo\/wp-json\/wp\/v2\/categories?post=85464"},{"taxonomy":"post_tag","embeddable":true,"href":"https:\/\/vosgesinfo.fr\/saintdieinfo\/wp-json\/wp\/v2\/tags?post=85464"}],"curies":[{"name":"wp","href":"https:\/\/api.w.org\/{rel}","templated":true}]}}