{"id":85467,"date":"2025-12-05T10:23:10","date_gmt":"2025-12-05T09:23:10","guid":{"rendered":"https:\/\/vosgesinfo.fr\/saintdieinfo\/?p=85467"},"modified":"2025-12-05T10:12:42","modified_gmt":"2025-12-05T09:12:42","slug":"une-matinee-en-himalaya-avec-karl-gilles-a-la-librairie-le-neuf","status":"publish","type":"post","link":"https:\/\/vosgesinfo.fr\/saintdieinfo\/2025\/12\/une-matinee-en-himalaya-avec-karl-gilles-a-la-librairie-le-neuf\/","title":{"rendered":"Une matin\u00e9e en Himalaya avec Karl Gilles \u00e0 la Librairie Le Neuf"},"content":{"rendered":"<p data-start=\"474\" data-end=\"675\"><a href=\"https:\/\/vosgesinfo.fr\/app\/uploads\/sites\/4\/2025\/12\/karl-gilles-librairie-le-neuf-1.jpg\"><img decoding=\"async\" class=\"alignnone size-large wp-image-85468\" src=\"https:\/\/vosgesinfo.fr\/app\/uploads\/sites\/4\/2025\/12\/karl-gilles-librairie-le-neuf-1-683x1024.jpg\" alt=\"\" width=\"683\" height=\"1024\" srcset=\"https:\/\/vosgesinfo.fr\/app\/uploads\/sites\/4\/2025\/12\/karl-gilles-librairie-le-neuf-1-683x1024.jpg 683w, https:\/\/vosgesinfo.fr\/app\/uploads\/sites\/4\/2025\/12\/karl-gilles-librairie-le-neuf-1-200x300.jpg 200w, https:\/\/vosgesinfo.fr\/app\/uploads\/sites\/4\/2025\/12\/karl-gilles-librairie-le-neuf-1.jpg 720w\" sizes=\"(max-width: 683px) 100vw, 683px\" \/><\/a><\/p>\n<h2 data-start=\"474\" data-end=\"675\">La <strong data-start=\"477\" data-end=\"498\">Librairie Le Neuf<\/strong> accueillera <strong data-start=\"511\" data-end=\"526\">Karl Gilles<\/strong> pour une rencontre autour de son r\u00e9cit d\u2019ascension <strong data-start=\"578\" data-end=\"607\">Impressions de l\u2019Himalaya<\/strong> <strong data-start=\"608\" data-end=\"640\">samedi 13 d\u00e9cembre \u00e0 10 h 30<\/strong>, au premier \u00e9tage de la librairie. <a href=\"https:\/\/librairie-le-neuf.booksdataservices.fr\/20251204\/729WdGH6nMOXXMjDqSUpVzN9XMoXi2xtWkR3gtxDgtEtQ4xzFJWzWvy91vo9i0UAbKGpdwodAMVpDwJdbvogiKJ6523Ad112\/9XLm4DMLvy6dxct23L9EBG1mPx94MT9ozsDcEhB6eupZ5Huo1G8IzdA9oEr0twFXhFBO3A1CELCkx.ompp\" target=\"_blank\" rel=\"noopener\">Cliquer ici pour r\u00e9server sa place.<\/a><\/h2>\n<p data-start=\"474\" data-end=\"675\"><!--more--><\/p>\n<h3 data-start=\"677\" data-end=\"1009\"><strong>Un passionn\u00e9 de voyages, d&rsquo;aventure, de photographie et de d\u00e9couvertes<\/strong><\/h3>\n<p data-start=\"677\" data-end=\"1009\">Ancr\u00e9 dans la D\u00e9odatie, au contact des for\u00eats, <strong data-start=\"724\" data-end=\"739\">Karl Gilles<\/strong> s\u2019appuie sur son histoire familiale pour nourrir son \u00e9criture. Juriste de profession et dirigeant d\u2019entreprise, il est passionn\u00e9 de voyages, d\u2019aventure, de photographie et de d\u00e9couvertes des spiritualit\u00e9s et cultures du monde, avec une forte attirance pour la montagne.<\/p>\n<h3 data-start=\"1011\" data-end=\"1057\">Un r\u00e9cit d\u2019ascension au c\u0153ur de l\u2019Himalaya<\/h3>\n<p data-start=\"1059\" data-end=\"1389\">Publi\u00e9 aux \u00e9ditions <strong data-start=\"1079\" data-end=\"1094\">Le Lys Bleu<\/strong>, le livre retrace l\u2019ascension de l\u2019<strong data-start=\"1130\" data-end=\"1147\">Himlung Himal<\/strong>, sommet de plus de 7 000 m\u00e8tres. L\u2019auteur y d\u00e9crit une progression exigeante, marqu\u00e9e par l\u2019effort physique, les contraintes de l\u2019altitude et une d\u00e9marche int\u00e9rieure qui interroge les limites personnelles, la solitude et le lien \u00e0 la nature.<\/p>\n<p data-start=\"1059\" data-end=\"1389\"><a href=\"https:\/\/vosgesinfo.fr\/app\/uploads\/sites\/4\/2025\/12\/karl-gilles-librairie-le-neuf-2.jpg\"><img decoding=\"async\" class=\"alignnone size-full wp-image-85469\" src=\"https:\/\/vosgesinfo.fr\/app\/uploads\/sites\/4\/2025\/12\/karl-gilles-librairie-le-neuf-2.jpg\" alt=\"\" width=\"351\" height=\"527\" srcset=\"https:\/\/vosgesinfo.fr\/app\/uploads\/sites\/4\/2025\/12\/karl-gilles-librairie-le-neuf-2.jpg 351w, https:\/\/vosgesinfo.fr\/app\/uploads\/sites\/4\/2025\/12\/karl-gilles-librairie-le-neuf-2-200x300.jpg 200w\" sizes=\"(max-width: 351px) 100vw, 351px\" \/><\/a><\/p>\n","protected":false},"excerpt":{"rendered":"<p>La Librairie Le Neuf accueillera Karl Gilles pour une rencontre autour de son r\u00e9cit d\u2019ascension Impressions de l\u2019Himalaya samedi 13 [&hellip;]<\/p>\n","protected":false},"author":46,"featured_media":85470,"comment_status":"open","ping_status":"open","sticky":false,"template":"","format":"standard","meta":{"footnotes":""},"categories":[3900,8090,167],"tags":[2872,19208,19207,19206,3192,19210,19209],"class_list":["post-85467","post","type-post","status-publish","format-standard","has-post-thumbnail","hentry","category-breves","category-litterature","category-saint-die-des-vosges","tag-conference","tag-himlung-himal","tag-impressions-de-lhimalaya","tag-karl-gilles","tag-librairie-le-neuf","tag-litterature-de-montagne","tag-recit-dascension"],"acf":[],"yoast_head":"<!-- This site is optimized with the Yoast SEO plugin v22.5 - https:\/\/yoast.com\/wordpress\/plugins\/seo\/ -->\n<title>Une matin\u00e9e en Himalaya avec Karl Gilles \u00e0 la Librairie Le Neuf - Saint Die Info<\/title>\n<meta name=\"robots\" content=\"index, follow, max-snippet:-1, max-image-preview:large, max-video-preview:-1\" \/>\n<link rel=\"canonical\" href=\"https:\/\/vosgesinfo.fr\/saintdieinfo\/2025\/12\/une-matinee-en-himalaya-avec-karl-gilles-a-la-librairie-le-neuf\/\" \/>\n<meta name=\"twitter:card\" content=\"summary_large_image\" \/>\n<meta name=\"twitter:title\" content=\"Une matin\u00e9e en Himalaya avec Karl Gilles \u00e0 la Librairie Le Neuf - Saint Die Info\" \/>\n<meta name=\"twitter:description\" content=\"La Librairie Le Neuf accueillera Karl Gilles pour une rencontre autour de son r\u00e9cit d\u2019ascension Impressions de l\u2019Himalaya samedi 13 [&hellip;]\" \/>\n<meta name=\"twitter:image\" content=\"https:\/\/vosgesinfo.fr\/app\/uploads\/sites\/4\/2025\/12\/karl-gilles-librairie-le-neuf-1-1.jpg\" \/>\n<meta name=\"twitter:creator\" content=\"@VosgesInfo88\" \/>\n<meta name=\"twitter:site\" content=\"@VosgesInfo88\" \/>\n<meta name=\"twitter:label1\" content=\"\u00c9crit par\" \/>\n\t<meta name=\"twitter:data1\" content=\"J.J.\" \/>\n\t<meta name=\"twitter:label2\" content=\"Dur\u00e9e de lecture estim\u00e9e\" \/>\n\t<meta name=\"twitter:data2\" content=\"1 minute\" \/>\n<script type=\"application\/ld+json\" class=\"yoast-schema-graph\">{\"@context\":\"https:\/\/schema.org\",\"@graph\":[{\"@type\":\"Article\",\"@id\":\"https:\/\/vosgesinfo.fr\/saintdieinfo\/2025\/12\/une-matinee-en-himalaya-avec-karl-gilles-a-la-librairie-le-neuf\/#article\",\"isPartOf\":{\"@id\":\"https:\/\/vosgesinfo.fr\/saintdieinfo\/2025\/12\/une-matinee-en-himalaya-avec-karl-gilles-a-la-librairie-le-neuf\/\"},\"author\":{\"name\":\"J.J.\",\"@id\":\"https:\/\/vosgesinfo.fr\/saintdieinfo\/#\/schema\/person\/fa73e9f726d67bb88f46d5b7943cb572\"},\"headline\":\"Une matin\u00e9e en Himalaya avec Karl Gilles \u00e0 la Librairie Le Neuf\",\"datePublished\":\"2025-12-05T09:23:10+00:00\",\"dateModified\":\"2025-12-05T09:12:42+00:00\",\"mainEntityOfPage\":{\"@id\":\"https:\/\/vosgesinfo.fr\/saintdieinfo\/2025\/12\/une-matinee-en-himalaya-avec-karl-gilles-a-la-librairie-le-neuf\/\"},\"wordCount\":187,\"commentCount\":0,\"publisher\":{\"@id\":\"https:\/\/vosgesinfo.fr\/saintdieinfo\/#organization\"},\"image\":{\"@id\":\"https:\/\/vosgesinfo.fr\/saintdieinfo\/2025\/12\/une-matinee-en-himalaya-avec-karl-gilles-a-la-librairie-le-neuf\/#primaryimage\"},\"thumbnailUrl\":\"https:\/\/vosgesinfo.fr\/app\/uploads\/sites\/4\/2025\/12\/karl-gilles-librairie-le-neuf-1-1.jpg\",\"keywords\":[\"conf\u00e9rence\",\"Himlung Himal\",\"Impressions de l\u2019Himalaya\",\"Karl Gilles\",\"Librairie Le Neuf\",\"litt\u00e9rature de montagne\",\"r\u00e9cit d\u2019ascension\"],\"articleSection\":[\"Br\u00e8ves\",\"Litt\u00e9rature\",\"Saint-Di\u00e9-des-Vosges\"],\"inLanguage\":\"fr-FR\",\"potentialAction\":[{\"@type\":\"CommentAction\",\"name\":\"Comment\",\"target\":[\"https:\/\/vosgesinfo.fr\/saintdieinfo\/2025\/12\/une-matinee-en-himalaya-avec-karl-gilles-a-la-librairie-le-neuf\/#respond\"]}]},{\"@type\":\"WebPage\",\"@id\":\"https:\/\/vosgesinfo.fr\/saintdieinfo\/2025\/12\/une-matinee-en-himalaya-avec-karl-gilles-a-la-librairie-le-neuf\/\",\"url\":\"https:\/\/vosgesinfo.fr\/saintdieinfo\/2025\/12\/une-matinee-en-himalaya-avec-karl-gilles-a-la-librairie-le-neuf\/\",\"name\":\"Une matin\u00e9e en Himalaya avec Karl Gilles \u00e0 la Librairie Le Neuf - Saint Die Info\",\"isPartOf\":{\"@id\":\"https:\/\/vosgesinfo.fr\/saintdieinfo\/#website\"},\"primaryImageOfPage\":{\"@id\":\"https:\/\/vosgesinfo.fr\/saintdieinfo\/2025\/12\/une-matinee-en-himalaya-avec-karl-gilles-a-la-librairie-le-neuf\/#primaryimage\"},\"image\":{\"@id\":\"https:\/\/vosgesinfo.fr\/saintdieinfo\/2025\/12\/une-matinee-en-himalaya-avec-karl-gilles-a-la-librairie-le-neuf\/#primaryimage\"},\"thumbnailUrl\":\"https:\/\/vosgesinfo.fr\/app\/uploads\/sites\/4\/2025\/12\/karl-gilles-librairie-le-neuf-1-1.jpg\",\"datePublished\":\"2025-12-05T09:23:10+00:00\",\"dateModified\":\"2025-12-05T09:12:42+00:00\",\"breadcrumb\":{\"@id\":\"https:\/\/vosgesinfo.fr\/saintdieinfo\/2025\/12\/une-matinee-en-himalaya-avec-karl-gilles-a-la-librairie-le-neuf\/#breadcrumb\"},\"inLanguage\":\"fr-FR\",\"potentialAction\":[{\"@type\":\"ReadAction\",\"target\":[\"https:\/\/vosgesinfo.fr\/saintdieinfo\/2025\/12\/une-matinee-en-himalaya-avec-karl-gilles-a-la-librairie-le-neuf\/\"]}]},{\"@type\":\"ImageObject\",\"inLanguage\":\"fr-FR\",\"@id\":\"https:\/\/vosgesinfo.fr\/saintdieinfo\/2025\/12\/une-matinee-en-himalaya-avec-karl-gilles-a-la-librairie-le-neuf\/#primaryimage\",\"url\":\"https:\/\/vosgesinfo.fr\/app\/uploads\/sites\/4\/2025\/12\/karl-gilles-librairie-le-neuf-1-1.jpg\",\"contentUrl\":\"https:\/\/vosgesinfo.fr\/app\/uploads\/sites\/4\/2025\/12\/karl-gilles-librairie-le-neuf-1-1.jpg\",\"width\":1260,\"height\":1008},{\"@type\":\"BreadcrumbList\",\"@id\":\"https:\/\/vosgesinfo.fr\/saintdieinfo\/2025\/12\/une-matinee-en-himalaya-avec-karl-gilles-a-la-librairie-le-neuf\/#breadcrumb\",\"itemListElement\":[{\"@type\":\"ListItem\",\"position\":1,\"name\":\"Home\",\"item\":\"https:\/\/vosgesinfo.fr\/saintdieinfo\/\"},{\"@type\":\"ListItem\",\"position\":2,\"name\":\"Une matin\u00e9e en Himalaya avec Karl Gilles \u00e0 la Librairie Le Neuf\"}]},{\"@type\":\"WebSite\",\"@id\":\"https:\/\/vosgesinfo.fr\/saintdieinfo\/#website\",\"url\":\"https:\/\/vosgesinfo.fr\/saintdieinfo\/\",\"name\":\"Saint Die Info\",\"description\":\"Toute l&#039;actualit\u00e9 de Saint-Di\u00e9-Des-Vosges\",\"publisher\":{\"@id\":\"https:\/\/vosgesinfo.fr\/saintdieinfo\/#organization\"},\"alternateName\":\"Toute l'actualit\u00e9 de Saint-Di\u00e9-Des-Vosges\",\"potentialAction\":[{\"@type\":\"SearchAction\",\"target\":{\"@type\":\"EntryPoint\",\"urlTemplate\":\"https:\/\/vosgesinfo.fr\/saintdieinfo\/?s={search_term_string}\"},\"query-input\":\"required name=search_term_string\"}],\"inLanguage\":\"fr-FR\"},{\"@type\":\"Organization\",\"@id\":\"https:\/\/vosgesinfo.fr\/saintdieinfo\/#organization\",\"name\":\"Saint Die Info\",\"url\":\"https:\/\/vosgesinfo.fr\/saintdieinfo\/\",\"logo\":{\"@type\":\"ImageObject\",\"inLanguage\":\"fr-FR\",\"@id\":\"https:\/\/vosgesinfo.fr\/saintdieinfo\/#\/schema\/logo\/image\/\",\"url\":\"https:\/\/vosgesinfo.fr\/app\/uploads\/sites\/4\/2024\/02\/logo-sdi.jpg\",\"contentUrl\":\"https:\/\/vosgesinfo.fr\/app\/uploads\/sites\/4\/2024\/02\/logo-sdi.jpg\",\"width\":600,\"height\":600,\"caption\":\"Saint Die Info\"},\"image\":{\"@id\":\"https:\/\/vosgesinfo.fr\/saintdieinfo\/#\/schema\/logo\/image\/\"},\"sameAs\":[\"https:\/\/www.facebook.com\/Saintdieinfofr\",\"https:\/\/x.com\/VosgesInfo88\",\"https:\/\/www.youtube.com\/@vosgesinfo\"]},{\"@type\":\"Person\",\"@id\":\"https:\/\/vosgesinfo.fr\/saintdieinfo\/#\/schema\/person\/fa73e9f726d67bb88f46d5b7943cb572\",\"name\":\"J.J.\",\"image\":{\"@type\":\"ImageObject\",\"inLanguage\":\"fr-FR\",\"@id\":\"https:\/\/vosgesinfo.fr\/saintdieinfo\/#\/schema\/person\/image\/\",\"url\":\"https:\/\/secure.gravatar.com\/avatar\/219e749e47ffbcca018a360ae4add7d4cdf1cdaaf8bc7676b27efade3fe65615?s=96&d=mm&r=g\",\"contentUrl\":\"https:\/\/secure.gravatar.com\/avatar\/219e749e47ffbcca018a360ae4add7d4cdf1cdaaf8bc7676b27efade3fe65615?s=96&d=mm&r=g\",\"caption\":\"J.J.\"},\"url\":\"https:\/\/vosgesinfo.fr\/saintdieinfo\/author\/j-j\/\"}]}<\/script>\n<!-- \/ Yoast SEO plugin. -->","yoast_head_json":{"title":"Une matin\u00e9e en Himalaya avec Karl Gilles \u00e0 la Librairie Le Neuf - Saint Die Info","robots":{"index":"index","follow":"follow","max-snippet":"max-snippet:-1","max-image-preview":"max-image-preview:large","max-video-preview":"max-video-preview:-1"},"canonical":"https:\/\/vosgesinfo.fr\/saintdieinfo\/2025\/12\/une-matinee-en-himalaya-avec-karl-gilles-a-la-librairie-le-neuf\/","twitter_card":"summary_large_image","twitter_title":"Une matin\u00e9e en Himalaya avec Karl Gilles \u00e0 la Librairie Le Neuf - Saint Die Info","twitter_description":"La Librairie Le Neuf accueillera Karl Gilles pour une rencontre autour de son r\u00e9cit d\u2019ascension Impressions de l\u2019Himalaya samedi 13 [&hellip;]","twitter_image":"https:\/\/vosgesinfo.fr\/app\/uploads\/sites\/4\/2025\/12\/karl-gilles-librairie-le-neuf-1-1.jpg","twitter_creator":"@VosgesInfo88","twitter_site":"@VosgesInfo88","twitter_misc":{"\u00c9crit par":"J.J.","Dur\u00e9e de lecture estim\u00e9e":"1 minute"},"schema":{"@context":"https:\/\/schema.org","@graph":[{"@type":"Article","@id":"https:\/\/vosgesinfo.fr\/saintdieinfo\/2025\/12\/une-matinee-en-himalaya-avec-karl-gilles-a-la-librairie-le-neuf\/#article","isPartOf":{"@id":"https:\/\/vosgesinfo.fr\/saintdieinfo\/2025\/12\/une-matinee-en-himalaya-avec-karl-gilles-a-la-librairie-le-neuf\/"},"author":{"name":"J.J.","@id":"https:\/\/vosgesinfo.fr\/saintdieinfo\/#\/schema\/person\/fa73e9f726d67bb88f46d5b7943cb572"},"headline":"Une matin\u00e9e en Himalaya avec Karl Gilles \u00e0 la Librairie Le Neuf","datePublished":"2025-12-05T09:23:10+00:00","dateModified":"2025-12-05T09:12:42+00:00","mainEntityOfPage":{"@id":"https:\/\/vosgesinfo.fr\/saintdieinfo\/2025\/12\/une-matinee-en-himalaya-avec-karl-gilles-a-la-librairie-le-neuf\/"},"wordCount":187,"commentCount":0,"publisher":{"@id":"https:\/\/vosgesinfo.fr\/saintdieinfo\/#organization"},"image":{"@id":"https:\/\/vosgesinfo.fr\/saintdieinfo\/2025\/12\/une-matinee-en-himalaya-avec-karl-gilles-a-la-librairie-le-neuf\/#primaryimage"},"thumbnailUrl":"https:\/\/vosgesinfo.fr\/app\/uploads\/sites\/4\/2025\/12\/karl-gilles-librairie-le-neuf-1-1.jpg","keywords":["conf\u00e9rence","Himlung Himal","Impressions de l\u2019Himalaya","Karl Gilles","Librairie Le Neuf","litt\u00e9rature de montagne","r\u00e9cit d\u2019ascension"],"articleSection":["Br\u00e8ves","Litt\u00e9rature","Saint-Di\u00e9-des-Vosges"],"inLanguage":"fr-FR","potentialAction":[{"@type":"CommentAction","name":"Comment","target":["https:\/\/vosgesinfo.fr\/saintdieinfo\/2025\/12\/une-matinee-en-himalaya-avec-karl-gilles-a-la-librairie-le-neuf\/#respond"]}]},{"@type":"WebPage","@id":"https:\/\/vosgesinfo.fr\/saintdieinfo\/2025\/12\/une-matinee-en-himalaya-avec-karl-gilles-a-la-librairie-le-neuf\/","url":"https:\/\/vosgesinfo.fr\/saintdieinfo\/2025\/12\/une-matinee-en-himalaya-avec-karl-gilles-a-la-librairie-le-neuf\/","name":"Une matin\u00e9e en Himalaya avec Karl Gilles \u00e0 la Librairie Le Neuf - Saint Die Info","isPartOf":{"@id":"https:\/\/vosgesinfo.fr\/saintdieinfo\/#website"},"primaryImageOfPage":{"@id":"https:\/\/vosgesinfo.fr\/saintdieinfo\/2025\/12\/une-matinee-en-himalaya-avec-karl-gilles-a-la-librairie-le-neuf\/#primaryimage"},"image":{"@id":"https:\/\/vosgesinfo.fr\/saintdieinfo\/2025\/12\/une-matinee-en-himalaya-avec-karl-gilles-a-la-librairie-le-neuf\/#primaryimage"},"thumbnailUrl":"https:\/\/vosgesinfo.fr\/app\/uploads\/sites\/4\/2025\/12\/karl-gilles-librairie-le-neuf-1-1.jpg","datePublished":"2025-12-05T09:23:10+00:00","dateModified":"2025-12-05T09:12:42+00:00","breadcrumb":{"@id":"https:\/\/vosgesinfo.fr\/saintdieinfo\/2025\/12\/une-matinee-en-himalaya-avec-karl-gilles-a-la-librairie-le-neuf\/#breadcrumb"},"inLanguage":"fr-FR","potentialAction":[{"@type":"ReadAction","target":["https:\/\/vosgesinfo.fr\/saintdieinfo\/2025\/12\/une-matinee-en-himalaya-avec-karl-gilles-a-la-librairie-le-neuf\/"]}]},{"@type":"ImageObject","inLanguage":"fr-FR","@id":"https:\/\/vosgesinfo.fr\/saintdieinfo\/2025\/12\/une-matinee-en-himalaya-avec-karl-gilles-a-la-librairie-le-neuf\/#primaryimage","url":"https:\/\/vosgesinfo.fr\/app\/uploads\/sites\/4\/2025\/12\/karl-gilles-librairie-le-neuf-1-1.jpg","contentUrl":"https:\/\/vosgesinfo.fr\/app\/uploads\/sites\/4\/2025\/12\/karl-gilles-librairie-le-neuf-1-1.jpg","width":1260,"height":1008},{"@type":"BreadcrumbList","@id":"https:\/\/vosgesinfo.fr\/saintdieinfo\/2025\/12\/une-matinee-en-himalaya-avec-karl-gilles-a-la-librairie-le-neuf\/#breadcrumb","itemListElement":[{"@type":"ListItem","position":1,"name":"Home","item":"https:\/\/vosgesinfo.fr\/saintdieinfo\/"},{"@type":"ListItem","position":2,"name":"Une matin\u00e9e en Himalaya avec Karl Gilles \u00e0 la Librairie Le Neuf"}]},{"@type":"WebSite","@id":"https:\/\/vosgesinfo.fr\/saintdieinfo\/#website","url":"https:\/\/vosgesinfo.fr\/saintdieinfo\/","name":"Saint Die Info","description":"Toute l&#039;actualit\u00e9 de Saint-Di\u00e9-Des-Vosges","publisher":{"@id":"https:\/\/vosgesinfo.fr\/saintdieinfo\/#organization"},"alternateName":"Toute l'actualit\u00e9 de Saint-Di\u00e9-Des-Vosges","potentialAction":[{"@type":"SearchAction","target":{"@type":"EntryPoint","urlTemplate":"https:\/\/vosgesinfo.fr\/saintdieinfo\/?s={search_term_string}"},"query-input":"required name=search_term_string"}],"inLanguage":"fr-FR"},{"@type":"Organization","@id":"https:\/\/vosgesinfo.fr\/saintdieinfo\/#organization","name":"Saint Die Info","url":"https:\/\/vosgesinfo.fr\/saintdieinfo\/","logo":{"@type":"ImageObject","inLanguage":"fr-FR","@id":"https:\/\/vosgesinfo.fr\/saintdieinfo\/#\/schema\/logo\/image\/","url":"https:\/\/vosgesinfo.fr\/app\/uploads\/sites\/4\/2024\/02\/logo-sdi.jpg","contentUrl":"https:\/\/vosgesinfo.fr\/app\/uploads\/sites\/4\/2024\/02\/logo-sdi.jpg","width":600,"height":600,"caption":"Saint Die Info"},"image":{"@id":"https:\/\/vosgesinfo.fr\/saintdieinfo\/#\/schema\/logo\/image\/"},"sameAs":["https:\/\/www.facebook.com\/Saintdieinfofr","https:\/\/x.com\/VosgesInfo88","https:\/\/www.youtube.com\/@vosgesinfo"]},{"@type":"Person","@id":"https:\/\/vosgesinfo.fr\/saintdieinfo\/#\/schema\/person\/fa73e9f726d67bb88f46d5b7943cb572","name":"J.J.","image":{"@type":"ImageObject","inLanguage":"fr-FR","@id":"https:\/\/vosgesinfo.fr\/saintdieinfo\/#\/schema\/person\/image\/","url":"https:\/\/secure.gravatar.com\/avatar\/219e749e47ffbcca018a360ae4add7d4cdf1cdaaf8bc7676b27efade3fe65615?s=96&d=mm&r=g","contentUrl":"https:\/\/secure.gravatar.com\/avatar\/219e749e47ffbcca018a360ae4add7d4cdf1cdaaf8bc7676b27efade3fe65615?s=96&d=mm&r=g","caption":"J.J."},"url":"https:\/\/vosgesinfo.fr\/saintdieinfo\/author\/j-j\/"}]}},"_links":{"self":[{"href":"https:\/\/vosgesinfo.fr\/saintdieinfo\/wp-json\/wp\/v2\/posts\/85467","targetHints":{"allow":["GET"]}}],"collection":[{"href":"https:\/\/vosgesinfo.fr\/saintdieinfo\/wp-json\/wp\/v2\/posts"}],"about":[{"href":"https:\/\/vosgesinfo.fr\/saintdieinfo\/wp-json\/wp\/v2\/types\/post"}],"author":[{"embeddable":true,"href":"https:\/\/vosgesinfo.fr\/saintdieinfo\/wp-json\/wp\/v2\/users\/46"}],"replies":[{"embeddable":true,"href":"https:\/\/vosgesinfo.fr\/saintdieinfo\/wp-json\/wp\/v2\/comments?post=85467"}],"version-history":[{"count":1,"href":"https:\/\/vosgesinfo.fr\/saintdieinfo\/wp-json\/wp\/v2\/posts\/85467\/revisions"}],"predecessor-version":[{"id":85471,"href":"https:\/\/vosgesinfo.fr\/saintdieinfo\/wp-json\/wp\/v2\/posts\/85467\/revisions\/85471"}],"wp:featuredmedia":[{"embeddable":true,"href":"https:\/\/vosgesinfo.fr\/saintdieinfo\/wp-json\/wp\/v2\/media\/85470"}],"wp:attachment":[{"href":"https:\/\/vosgesinfo.fr\/saintdieinfo\/wp-json\/wp\/v2\/media?parent=85467"}],"wp:term":[{"taxonomy":"category","embeddable":true,"href":"https:\/\/vosgesinfo.fr\/saintdieinfo\/wp-json\/wp\/v2\/categories?post=85467"},{"taxonomy":"post_tag","embeddable":true,"href":"https:\/\/vosgesinfo.fr\/saintdieinfo\/wp-json\/wp\/v2\/tags?post=85467"}],"curies":[{"name":"wp","href":"https:\/\/api.w.org\/{rel}","templated":true}]}}