{"id":85482,"date":"2025-12-05T11:22:48","date_gmt":"2025-12-05T10:22:48","guid":{"rendered":"https:\/\/vosgesinfo.fr\/saintdieinfo\/?p=85482"},"modified":"2025-12-05T11:12:08","modified_gmt":"2025-12-05T10:12:08","slug":"les-dates-des-ouvertures-dominicales-des-commerces-deodatiens-en-2026","status":"publish","type":"post","link":"https:\/\/vosgesinfo.fr\/saintdieinfo\/2025\/12\/les-dates-des-ouvertures-dominicales-des-commerces-deodatiens-en-2026\/","title":{"rendered":"Les dates des ouvertures dominicales des commerces d\u00e9odatiens en 2026"},"content":{"rendered":"<div id=\"attachment_61282\" style=\"width: 810px\" class=\"wp-caption alignnone\"><a href=\"https:\/\/vosgesinfo.fr\/app\/uploads\/sites\/4\/2024\/08\/202111commerces-centre-ville-sddv-1.jpg\"><img decoding=\"async\" aria-describedby=\"caption-attachment-61282\" class=\"size-full wp-image-61282\" src=\"https:\/\/vosgesinfo.fr\/app\/uploads\/sites\/4\/2024\/08\/202111commerces-centre-ville-sddv-1.jpg\" alt=\"\" width=\"800\" height=\"602\" srcset=\"https:\/\/vosgesinfo.fr\/app\/uploads\/sites\/4\/2024\/08\/202111commerces-centre-ville-sddv-1.jpg 800w, https:\/\/vosgesinfo.fr\/app\/uploads\/sites\/4\/2024\/08\/202111commerces-centre-ville-sddv-1-300x226.jpg 300w, https:\/\/vosgesinfo.fr\/app\/uploads\/sites\/4\/2024\/08\/202111commerces-centre-ville-sddv-1-768x578.jpg 768w\" sizes=\"(max-width: 800px) 100vw, 800px\" \/><\/a><p id=\"caption-attachment-61282\" class=\"wp-caption-text\">(Archive)<\/p><\/div>\n<h2 data-start=\"195\" data-end=\"342\">Ce jeudi soir, <a href=\"https:\/\/vosgesinfo.fr\/saintdieinfo\/2025\/12\/conseil-municipal-un-budget-2026-entre-stabilite-et-investissements\/\" target=\"_blank\" rel=\"noopener\">lors de la s\u00e9ance du <strong data-start=\"231\" data-end=\"252\">Conseil Municipal<\/strong><\/a>, les \u00e9lus d\u00e9odatiens ont vot\u00e9 les\u00a0<strong data-start=\"289\" data-end=\"317\">dimanches d&rsquo;ouverture<\/strong> des commerces de l&rsquo;ann\u00e9e 2026. Des dates d&rsquo;ouverture valid\u00e9es au pr\u00e9alable lors du <strong>Conseil Communautaire<\/strong> du 17 novembre dernier.<\/h2>\n<p data-start=\"195\" data-end=\"342\"><!--more--><\/p>\n<p data-start=\"344\" data-end=\"643\">Il s&rsquo;agit respectivement des dimanches <strong data-start=\"383\" data-end=\"403\">11 et 18 janvier<\/strong> (soldes d&rsquo;hiver), <strong data-start=\"422\" data-end=\"432\">17 mai<\/strong> (Un jardin dans ma ville), <strong data-start=\"460\" data-end=\"484\">28 juin et 5 juillet<\/strong> (soldes d&rsquo;\u00e9t\u00e9), <strong data-start=\"501\" data-end=\"517\">20 septembre<\/strong> (Grande Braderie), <strong data-start=\"537\" data-end=\"550\">4 octobre<\/strong> (Festival International de G\u00e9ographie), <strong data-start=\"591\" data-end=\"619\">6, 13, 20 et 27 d\u00e9cembre<\/strong> (f\u00eates de fin d&rsquo;ann\u00e9e).<\/p>\n","protected":false},"excerpt":{"rendered":"<p>Ce jeudi soir, lors de la s\u00e9ance du Conseil Municipal, les \u00e9lus d\u00e9odatiens ont vot\u00e9 les\u00a0dimanches d&rsquo;ouverture des commerces de [&hellip;]<\/p>\n","protected":false},"author":46,"featured_media":45519,"comment_status":"open","ping_status":"open","sticky":false,"template":"","format":"standard","meta":{"footnotes":""},"categories":[460,5,167],"tags":[19220,13319,7916,19218,7373,2591,7158,19219,2881,1738,464],"class_list":["post-85482","post","type-post","status-publish","format-standard","has-post-thumbnail","hentry","category-a-la-une","category-economie","category-saint-die-des-vosges","tag-19220","tag-commerces-deodatiens","tag-conseil-municipal","tag-dimanches-douverture","tag-festival-international-de-geographie","tag-fetes-de-fin-dannee","tag-grande-braderie","tag-ouverture-dominicale","tag-saint-die-des-vosges","tag-soldes-dete","tag-soldes-dhiver"],"acf":[],"yoast_head":"<!-- This site is optimized with the Yoast SEO plugin v22.5 - https:\/\/yoast.com\/wordpress\/plugins\/seo\/ -->\n<title>Les dates des ouvertures dominicales des commerces d\u00e9odatiens en 2026 - Saint Die Info<\/title>\n<meta name=\"robots\" content=\"index, follow, max-snippet:-1, max-image-preview:large, max-video-preview:-1\" \/>\n<link rel=\"canonical\" href=\"https:\/\/vosgesinfo.fr\/saintdieinfo\/2025\/12\/les-dates-des-ouvertures-dominicales-des-commerces-deodatiens-en-2026\/\" \/>\n<meta name=\"twitter:card\" content=\"summary_large_image\" \/>\n<meta name=\"twitter:title\" content=\"Les dates des ouvertures dominicales des commerces d\u00e9odatiens en 2026 - Saint Die Info\" \/>\n<meta name=\"twitter:description\" content=\"Ce jeudi soir, lors de la s\u00e9ance du Conseil Municipal, les \u00e9lus d\u00e9odatiens ont vot\u00e9 les\u00a0dimanches d&rsquo;ouverture des commerces de [&hellip;]\" \/>\n<meta name=\"twitter:image\" content=\"https:\/\/vosgesinfo.fr\/app\/uploads\/sites\/4\/2024\/08\/202111commerces-centre-ville-sddv.jpg\" \/>\n<meta name=\"twitter:creator\" content=\"@VosgesInfo88\" \/>\n<meta name=\"twitter:site\" content=\"@VosgesInfo88\" \/>\n<meta name=\"twitter:label1\" content=\"\u00c9crit par\" \/>\n\t<meta name=\"twitter:data1\" content=\"J.J.\" \/>\n\t<meta name=\"twitter:label2\" content=\"Dur\u00e9e de lecture estim\u00e9e\" \/>\n\t<meta name=\"twitter:data2\" content=\"1 minute\" \/>\n<script type=\"application\/ld+json\" class=\"yoast-schema-graph\">{\"@context\":\"https:\/\/schema.org\",\"@graph\":[{\"@type\":\"Article\",\"@id\":\"https:\/\/vosgesinfo.fr\/saintdieinfo\/2025\/12\/les-dates-des-ouvertures-dominicales-des-commerces-deodatiens-en-2026\/#article\",\"isPartOf\":{\"@id\":\"https:\/\/vosgesinfo.fr\/saintdieinfo\/2025\/12\/les-dates-des-ouvertures-dominicales-des-commerces-deodatiens-en-2026\/\"},\"author\":{\"name\":\"J.J.\",\"@id\":\"https:\/\/vosgesinfo.fr\/saintdieinfo\/#\/schema\/person\/fa73e9f726d67bb88f46d5b7943cb572\"},\"headline\":\"Les dates des ouvertures dominicales des commerces d\u00e9odatiens en 2026\",\"datePublished\":\"2025-12-05T10:22:48+00:00\",\"dateModified\":\"2025-12-05T10:12:08+00:00\",\"mainEntityOfPage\":{\"@id\":\"https:\/\/vosgesinfo.fr\/saintdieinfo\/2025\/12\/les-dates-des-ouvertures-dominicales-des-commerces-deodatiens-en-2026\/\"},\"wordCount\":103,\"commentCount\":0,\"publisher\":{\"@id\":\"https:\/\/vosgesinfo.fr\/saintdieinfo\/#organization\"},\"image\":{\"@id\":\"https:\/\/vosgesinfo.fr\/saintdieinfo\/2025\/12\/les-dates-des-ouvertures-dominicales-des-commerces-deodatiens-en-2026\/#primaryimage\"},\"thumbnailUrl\":\"https:\/\/vosgesinfo.fr\/app\/uploads\/sites\/4\/2024\/08\/202111commerces-centre-ville-sddv.jpg\",\"keywords\":[\"2026\",\"Commerces d\u00e9odatiens\",\"Conseil Municipal\",\"dimanches d\u2019ouverture\",\"Festival International de G\u00e9ographie\",\"f\u00eates de fin d'ann\u00e9e\",\"Grande braderie\",\"ouverture dominicale\",\"Saint-Di\u00e9-des-Vosges\",\"Soldes d'\u00e9t\u00e9\",\"soldes d'hiver\"],\"articleSection\":[\"A la Une\",\"\u00c9conomie\",\"Saint-Di\u00e9-des-Vosges\"],\"inLanguage\":\"fr-FR\",\"potentialAction\":[{\"@type\":\"CommentAction\",\"name\":\"Comment\",\"target\":[\"https:\/\/vosgesinfo.fr\/saintdieinfo\/2025\/12\/les-dates-des-ouvertures-dominicales-des-commerces-deodatiens-en-2026\/#respond\"]}]},{\"@type\":\"WebPage\",\"@id\":\"https:\/\/vosgesinfo.fr\/saintdieinfo\/2025\/12\/les-dates-des-ouvertures-dominicales-des-commerces-deodatiens-en-2026\/\",\"url\":\"https:\/\/vosgesinfo.fr\/saintdieinfo\/2025\/12\/les-dates-des-ouvertures-dominicales-des-commerces-deodatiens-en-2026\/\",\"name\":\"Les dates des ouvertures dominicales des commerces d\u00e9odatiens en 2026 - Saint Die Info\",\"isPartOf\":{\"@id\":\"https:\/\/vosgesinfo.fr\/saintdieinfo\/#website\"},\"primaryImageOfPage\":{\"@id\":\"https:\/\/vosgesinfo.fr\/saintdieinfo\/2025\/12\/les-dates-des-ouvertures-dominicales-des-commerces-deodatiens-en-2026\/#primaryimage\"},\"image\":{\"@id\":\"https:\/\/vosgesinfo.fr\/saintdieinfo\/2025\/12\/les-dates-des-ouvertures-dominicales-des-commerces-deodatiens-en-2026\/#primaryimage\"},\"thumbnailUrl\":\"https:\/\/vosgesinfo.fr\/app\/uploads\/sites\/4\/2024\/08\/202111commerces-centre-ville-sddv.jpg\",\"datePublished\":\"2025-12-05T10:22:48+00:00\",\"dateModified\":\"2025-12-05T10:12:08+00:00\",\"breadcrumb\":{\"@id\":\"https:\/\/vosgesinfo.fr\/saintdieinfo\/2025\/12\/les-dates-des-ouvertures-dominicales-des-commerces-deodatiens-en-2026\/#breadcrumb\"},\"inLanguage\":\"fr-FR\",\"potentialAction\":[{\"@type\":\"ReadAction\",\"target\":[\"https:\/\/vosgesinfo.fr\/saintdieinfo\/2025\/12\/les-dates-des-ouvertures-dominicales-des-commerces-deodatiens-en-2026\/\"]}]},{\"@type\":\"ImageObject\",\"inLanguage\":\"fr-FR\",\"@id\":\"https:\/\/vosgesinfo.fr\/saintdieinfo\/2025\/12\/les-dates-des-ouvertures-dominicales-des-commerces-deodatiens-en-2026\/#primaryimage\",\"url\":\"https:\/\/vosgesinfo.fr\/app\/uploads\/sites\/4\/2024\/08\/202111commerces-centre-ville-sddv.jpg\",\"contentUrl\":\"https:\/\/vosgesinfo.fr\/app\/uploads\/sites\/4\/2024\/08\/202111commerces-centre-ville-sddv.jpg\",\"width\":800,\"height\":602},{\"@type\":\"BreadcrumbList\",\"@id\":\"https:\/\/vosgesinfo.fr\/saintdieinfo\/2025\/12\/les-dates-des-ouvertures-dominicales-des-commerces-deodatiens-en-2026\/#breadcrumb\",\"itemListElement\":[{\"@type\":\"ListItem\",\"position\":1,\"name\":\"Home\",\"item\":\"https:\/\/vosgesinfo.fr\/saintdieinfo\/\"},{\"@type\":\"ListItem\",\"position\":2,\"name\":\"Les dates des ouvertures dominicales des commerces d\u00e9odatiens en 2026\"}]},{\"@type\":\"WebSite\",\"@id\":\"https:\/\/vosgesinfo.fr\/saintdieinfo\/#website\",\"url\":\"https:\/\/vosgesinfo.fr\/saintdieinfo\/\",\"name\":\"Saint Die Info\",\"description\":\"Toute l&#039;actualit\u00e9 de Saint-Di\u00e9-Des-Vosges\",\"publisher\":{\"@id\":\"https:\/\/vosgesinfo.fr\/saintdieinfo\/#organization\"},\"alternateName\":\"Toute l'actualit\u00e9 de Saint-Di\u00e9-Des-Vosges\",\"potentialAction\":[{\"@type\":\"SearchAction\",\"target\":{\"@type\":\"EntryPoint\",\"urlTemplate\":\"https:\/\/vosgesinfo.fr\/saintdieinfo\/?s={search_term_string}\"},\"query-input\":\"required name=search_term_string\"}],\"inLanguage\":\"fr-FR\"},{\"@type\":\"Organization\",\"@id\":\"https:\/\/vosgesinfo.fr\/saintdieinfo\/#organization\",\"name\":\"Saint Die Info\",\"url\":\"https:\/\/vosgesinfo.fr\/saintdieinfo\/\",\"logo\":{\"@type\":\"ImageObject\",\"inLanguage\":\"fr-FR\",\"@id\":\"https:\/\/vosgesinfo.fr\/saintdieinfo\/#\/schema\/logo\/image\/\",\"url\":\"https:\/\/vosgesinfo.fr\/app\/uploads\/sites\/4\/2024\/02\/logo-sdi.jpg\",\"contentUrl\":\"https:\/\/vosgesinfo.fr\/app\/uploads\/sites\/4\/2024\/02\/logo-sdi.jpg\",\"width\":600,\"height\":600,\"caption\":\"Saint Die Info\"},\"image\":{\"@id\":\"https:\/\/vosgesinfo.fr\/saintdieinfo\/#\/schema\/logo\/image\/\"},\"sameAs\":[\"https:\/\/www.facebook.com\/Saintdieinfofr\",\"https:\/\/x.com\/VosgesInfo88\",\"https:\/\/www.youtube.com\/@vosgesinfo\"]},{\"@type\":\"Person\",\"@id\":\"https:\/\/vosgesinfo.fr\/saintdieinfo\/#\/schema\/person\/fa73e9f726d67bb88f46d5b7943cb572\",\"name\":\"J.J.\",\"image\":{\"@type\":\"ImageObject\",\"inLanguage\":\"fr-FR\",\"@id\":\"https:\/\/vosgesinfo.fr\/saintdieinfo\/#\/schema\/person\/image\/\",\"url\":\"https:\/\/secure.gravatar.com\/avatar\/219e749e47ffbcca018a360ae4add7d4cdf1cdaaf8bc7676b27efade3fe65615?s=96&d=mm&r=g\",\"contentUrl\":\"https:\/\/secure.gravatar.com\/avatar\/219e749e47ffbcca018a360ae4add7d4cdf1cdaaf8bc7676b27efade3fe65615?s=96&d=mm&r=g\",\"caption\":\"J.J.\"},\"url\":\"https:\/\/vosgesinfo.fr\/saintdieinfo\/author\/j-j\/\"}]}<\/script>\n<!-- \/ Yoast SEO plugin. -->","yoast_head_json":{"title":"Les dates des ouvertures dominicales des commerces d\u00e9odatiens en 2026 - Saint Die Info","robots":{"index":"index","follow":"follow","max-snippet":"max-snippet:-1","max-image-preview":"max-image-preview:large","max-video-preview":"max-video-preview:-1"},"canonical":"https:\/\/vosgesinfo.fr\/saintdieinfo\/2025\/12\/les-dates-des-ouvertures-dominicales-des-commerces-deodatiens-en-2026\/","twitter_card":"summary_large_image","twitter_title":"Les dates des ouvertures dominicales des commerces d\u00e9odatiens en 2026 - Saint Die Info","twitter_description":"Ce jeudi soir, lors de la s\u00e9ance du Conseil Municipal, les \u00e9lus d\u00e9odatiens ont vot\u00e9 les\u00a0dimanches d&rsquo;ouverture des commerces de [&hellip;]","twitter_image":"https:\/\/vosgesinfo.fr\/app\/uploads\/sites\/4\/2024\/08\/202111commerces-centre-ville-sddv.jpg","twitter_creator":"@VosgesInfo88","twitter_site":"@VosgesInfo88","twitter_misc":{"\u00c9crit par":"J.J.","Dur\u00e9e de lecture estim\u00e9e":"1 minute"},"schema":{"@context":"https:\/\/schema.org","@graph":[{"@type":"Article","@id":"https:\/\/vosgesinfo.fr\/saintdieinfo\/2025\/12\/les-dates-des-ouvertures-dominicales-des-commerces-deodatiens-en-2026\/#article","isPartOf":{"@id":"https:\/\/vosgesinfo.fr\/saintdieinfo\/2025\/12\/les-dates-des-ouvertures-dominicales-des-commerces-deodatiens-en-2026\/"},"author":{"name":"J.J.","@id":"https:\/\/vosgesinfo.fr\/saintdieinfo\/#\/schema\/person\/fa73e9f726d67bb88f46d5b7943cb572"},"headline":"Les dates des ouvertures dominicales des commerces d\u00e9odatiens en 2026","datePublished":"2025-12-05T10:22:48+00:00","dateModified":"2025-12-05T10:12:08+00:00","mainEntityOfPage":{"@id":"https:\/\/vosgesinfo.fr\/saintdieinfo\/2025\/12\/les-dates-des-ouvertures-dominicales-des-commerces-deodatiens-en-2026\/"},"wordCount":103,"commentCount":0,"publisher":{"@id":"https:\/\/vosgesinfo.fr\/saintdieinfo\/#organization"},"image":{"@id":"https:\/\/vosgesinfo.fr\/saintdieinfo\/2025\/12\/les-dates-des-ouvertures-dominicales-des-commerces-deodatiens-en-2026\/#primaryimage"},"thumbnailUrl":"https:\/\/vosgesinfo.fr\/app\/uploads\/sites\/4\/2024\/08\/202111commerces-centre-ville-sddv.jpg","keywords":["2026","Commerces d\u00e9odatiens","Conseil Municipal","dimanches d\u2019ouverture","Festival International de G\u00e9ographie","f\u00eates de fin d'ann\u00e9e","Grande braderie","ouverture dominicale","Saint-Di\u00e9-des-Vosges","Soldes d'\u00e9t\u00e9","soldes d'hiver"],"articleSection":["A la Une","\u00c9conomie","Saint-Di\u00e9-des-Vosges"],"inLanguage":"fr-FR","potentialAction":[{"@type":"CommentAction","name":"Comment","target":["https:\/\/vosgesinfo.fr\/saintdieinfo\/2025\/12\/les-dates-des-ouvertures-dominicales-des-commerces-deodatiens-en-2026\/#respond"]}]},{"@type":"WebPage","@id":"https:\/\/vosgesinfo.fr\/saintdieinfo\/2025\/12\/les-dates-des-ouvertures-dominicales-des-commerces-deodatiens-en-2026\/","url":"https:\/\/vosgesinfo.fr\/saintdieinfo\/2025\/12\/les-dates-des-ouvertures-dominicales-des-commerces-deodatiens-en-2026\/","name":"Les dates des ouvertures dominicales des commerces d\u00e9odatiens en 2026 - Saint Die Info","isPartOf":{"@id":"https:\/\/vosgesinfo.fr\/saintdieinfo\/#website"},"primaryImageOfPage":{"@id":"https:\/\/vosgesinfo.fr\/saintdieinfo\/2025\/12\/les-dates-des-ouvertures-dominicales-des-commerces-deodatiens-en-2026\/#primaryimage"},"image":{"@id":"https:\/\/vosgesinfo.fr\/saintdieinfo\/2025\/12\/les-dates-des-ouvertures-dominicales-des-commerces-deodatiens-en-2026\/#primaryimage"},"thumbnailUrl":"https:\/\/vosgesinfo.fr\/app\/uploads\/sites\/4\/2024\/08\/202111commerces-centre-ville-sddv.jpg","datePublished":"2025-12-05T10:22:48+00:00","dateModified":"2025-12-05T10:12:08+00:00","breadcrumb":{"@id":"https:\/\/vosgesinfo.fr\/saintdieinfo\/2025\/12\/les-dates-des-ouvertures-dominicales-des-commerces-deodatiens-en-2026\/#breadcrumb"},"inLanguage":"fr-FR","potentialAction":[{"@type":"ReadAction","target":["https:\/\/vosgesinfo.fr\/saintdieinfo\/2025\/12\/les-dates-des-ouvertures-dominicales-des-commerces-deodatiens-en-2026\/"]}]},{"@type":"ImageObject","inLanguage":"fr-FR","@id":"https:\/\/vosgesinfo.fr\/saintdieinfo\/2025\/12\/les-dates-des-ouvertures-dominicales-des-commerces-deodatiens-en-2026\/#primaryimage","url":"https:\/\/vosgesinfo.fr\/app\/uploads\/sites\/4\/2024\/08\/202111commerces-centre-ville-sddv.jpg","contentUrl":"https:\/\/vosgesinfo.fr\/app\/uploads\/sites\/4\/2024\/08\/202111commerces-centre-ville-sddv.jpg","width":800,"height":602},{"@type":"BreadcrumbList","@id":"https:\/\/vosgesinfo.fr\/saintdieinfo\/2025\/12\/les-dates-des-ouvertures-dominicales-des-commerces-deodatiens-en-2026\/#breadcrumb","itemListElement":[{"@type":"ListItem","position":1,"name":"Home","item":"https:\/\/vosgesinfo.fr\/saintdieinfo\/"},{"@type":"ListItem","position":2,"name":"Les dates des ouvertures dominicales des commerces d\u00e9odatiens en 2026"}]},{"@type":"WebSite","@id":"https:\/\/vosgesinfo.fr\/saintdieinfo\/#website","url":"https:\/\/vosgesinfo.fr\/saintdieinfo\/","name":"Saint Die Info","description":"Toute l&#039;actualit\u00e9 de Saint-Di\u00e9-Des-Vosges","publisher":{"@id":"https:\/\/vosgesinfo.fr\/saintdieinfo\/#organization"},"alternateName":"Toute l'actualit\u00e9 de Saint-Di\u00e9-Des-Vosges","potentialAction":[{"@type":"SearchAction","target":{"@type":"EntryPoint","urlTemplate":"https:\/\/vosgesinfo.fr\/saintdieinfo\/?s={search_term_string}"},"query-input":"required name=search_term_string"}],"inLanguage":"fr-FR"},{"@type":"Organization","@id":"https:\/\/vosgesinfo.fr\/saintdieinfo\/#organization","name":"Saint Die Info","url":"https:\/\/vosgesinfo.fr\/saintdieinfo\/","logo":{"@type":"ImageObject","inLanguage":"fr-FR","@id":"https:\/\/vosgesinfo.fr\/saintdieinfo\/#\/schema\/logo\/image\/","url":"https:\/\/vosgesinfo.fr\/app\/uploads\/sites\/4\/2024\/02\/logo-sdi.jpg","contentUrl":"https:\/\/vosgesinfo.fr\/app\/uploads\/sites\/4\/2024\/02\/logo-sdi.jpg","width":600,"height":600,"caption":"Saint Die Info"},"image":{"@id":"https:\/\/vosgesinfo.fr\/saintdieinfo\/#\/schema\/logo\/image\/"},"sameAs":["https:\/\/www.facebook.com\/Saintdieinfofr","https:\/\/x.com\/VosgesInfo88","https:\/\/www.youtube.com\/@vosgesinfo"]},{"@type":"Person","@id":"https:\/\/vosgesinfo.fr\/saintdieinfo\/#\/schema\/person\/fa73e9f726d67bb88f46d5b7943cb572","name":"J.J.","image":{"@type":"ImageObject","inLanguage":"fr-FR","@id":"https:\/\/vosgesinfo.fr\/saintdieinfo\/#\/schema\/person\/image\/","url":"https:\/\/secure.gravatar.com\/avatar\/219e749e47ffbcca018a360ae4add7d4cdf1cdaaf8bc7676b27efade3fe65615?s=96&d=mm&r=g","contentUrl":"https:\/\/secure.gravatar.com\/avatar\/219e749e47ffbcca018a360ae4add7d4cdf1cdaaf8bc7676b27efade3fe65615?s=96&d=mm&r=g","caption":"J.J."},"url":"https:\/\/vosgesinfo.fr\/saintdieinfo\/author\/j-j\/"}]}},"_links":{"self":[{"href":"https:\/\/vosgesinfo.fr\/saintdieinfo\/wp-json\/wp\/v2\/posts\/85482","targetHints":{"allow":["GET"]}}],"collection":[{"href":"https:\/\/vosgesinfo.fr\/saintdieinfo\/wp-json\/wp\/v2\/posts"}],"about":[{"href":"https:\/\/vosgesinfo.fr\/saintdieinfo\/wp-json\/wp\/v2\/types\/post"}],"author":[{"embeddable":true,"href":"https:\/\/vosgesinfo.fr\/saintdieinfo\/wp-json\/wp\/v2\/users\/46"}],"replies":[{"embeddable":true,"href":"https:\/\/vosgesinfo.fr\/saintdieinfo\/wp-json\/wp\/v2\/comments?post=85482"}],"version-history":[{"count":4,"href":"https:\/\/vosgesinfo.fr\/saintdieinfo\/wp-json\/wp\/v2\/posts\/85482\/revisions"}],"predecessor-version":[{"id":85487,"href":"https:\/\/vosgesinfo.fr\/saintdieinfo\/wp-json\/wp\/v2\/posts\/85482\/revisions\/85487"}],"wp:featuredmedia":[{"embeddable":true,"href":"https:\/\/vosgesinfo.fr\/saintdieinfo\/wp-json\/wp\/v2\/media\/45519"}],"wp:attachment":[{"href":"https:\/\/vosgesinfo.fr\/saintdieinfo\/wp-json\/wp\/v2\/media?parent=85482"}],"wp:term":[{"taxonomy":"category","embeddable":true,"href":"https:\/\/vosgesinfo.fr\/saintdieinfo\/wp-json\/wp\/v2\/categories?post=85482"},{"taxonomy":"post_tag","embeddable":true,"href":"https:\/\/vosgesinfo.fr\/saintdieinfo\/wp-json\/wp\/v2\/tags?post=85482"}],"curies":[{"name":"wp","href":"https:\/\/api.w.org\/{rel}","templated":true}]}}