{"id":85492,"date":"2025-12-05T14:12:53","date_gmt":"2025-12-05T13:12:53","guid":{"rendered":"https:\/\/vosgesinfo.fr\/saintdieinfo\/?p=85492"},"modified":"2025-12-05T14:03:20","modified_gmt":"2025-12-05T13:03:20","slug":"rehabilitation-du-chateau-des-princes-de-salm-la-campagne-de-dons-passe-la-barre-des-80","status":"publish","type":"post","link":"https:\/\/vosgesinfo.fr\/saintdieinfo\/2025\/12\/rehabilitation-du-chateau-des-princes-de-salm-la-campagne-de-dons-passe-la-barre-des-80\/","title":{"rendered":"R\u00e9habilitation du ch\u00e2teau des Princes de Salm : la campagne de dons passe la barre des 80 %"},"content":{"rendered":"<div id=\"attachment_85493\" style=\"width: 1010px\" class=\"wp-caption alignnone\"><a href=\"https:\/\/vosgesinfo.fr\/app\/uploads\/sites\/4\/2025\/12\/large-hotel-bilistein-c-fondation-du-patrimoine-my-photo-agency-julian-perez-15-8ada5bebd0.jpg\"><img decoding=\"async\" aria-describedby=\"caption-attachment-85493\" class=\"size-full wp-image-85493\" src=\"https:\/\/vosgesinfo.fr\/app\/uploads\/sites\/4\/2025\/12\/large-hotel-bilistein-c-fondation-du-patrimoine-my-photo-agency-julian-perez-15-8ada5bebd0.jpg\" alt=\"\" width=\"1000\" height=\"562\" srcset=\"https:\/\/vosgesinfo.fr\/app\/uploads\/sites\/4\/2025\/12\/large-hotel-bilistein-c-fondation-du-patrimoine-my-photo-agency-julian-perez-15-8ada5bebd0.jpg 1000w, https:\/\/vosgesinfo.fr\/app\/uploads\/sites\/4\/2025\/12\/large-hotel-bilistein-c-fondation-du-patrimoine-my-photo-agency-julian-perez-15-8ada5bebd0-300x169.jpg 300w, https:\/\/vosgesinfo.fr\/app\/uploads\/sites\/4\/2025\/12\/large-hotel-bilistein-c-fondation-du-patrimoine-my-photo-agency-julian-perez-15-8ada5bebd0-768x432.jpg 768w\" sizes=\"(max-width: 1000px) 100vw, 1000px\" \/><\/a><p id=\"caption-attachment-85493\" class=\"wp-caption-text\">(Photographie Fondation du Patrimoine \/ Julian Perez)<\/p><\/div>\n<h2 data-start=\"332\" data-end=\"775\">Pi\u00e8ce ma\u00eetresse de l\u2019architecture de l\u2019ancienne principaut\u00e9 de <strong data-start=\"395\" data-end=\"408\">Salm-Salm<\/strong>, le <strong data-start=\"413\" data-end=\"452\">premier ch\u00e2teau des Princes de Salm<\/strong> \u00e0 <strong data-start=\"455\" data-end=\"466\">Senones<\/strong> fait l\u2019objet d\u2019un vaste projet de r\u00e9habilitation. Menac\u00e9 de disparition depuis l\u2019incendie du 17 septembre 1994, l\u2019\u00e9difice class\u00e9 au titre des monuments historiques est aujourd\u2019hui au c\u0153ur d\u2019une campagne de dons port\u00e9e par la <strong data-start=\"692\" data-end=\"719\">Fondation du patrimoine<\/strong>.<\/h2>\n<p data-start=\"332\" data-end=\"775\"><!--more--><\/p>\n<h3 data-start=\"777\" data-end=\"831\"><strong>Un \u00e9difice fragilis\u00e9 et une commune coup\u00e9e en deux<\/strong><\/h3>\n<p data-start=\"833\" data-end=\"1396\">L\u2019incendie de 1994 a emport\u00e9 toiture et planchers, rendant le b\u00e2timent inhabitable. Depuis, plusieurs effondrements sont survenus, notamment en d\u00e9cembre 2020 et en juin 2021, d\u00e9stabilisant le mur nord et r\u00e9v\u00e9lant l\u2019<strong data-start=\"1048\" data-end=\"1069\">extr\u00eame fragilit\u00e9<\/strong> de la structure. La route d\u00e9partementale qui traverse le passage charretier est ferm\u00e9e depuis d\u00e9cembre 2020, scindant la commune en deux. Les travaux pr\u00e9voient la <strong data-start=\"1233\" data-end=\"1264\">consolidation de l\u2019existant<\/strong>, la s\u00e9curisation du site, les \u00e9taiements, puis la remise hors d\u2019eau gr\u00e2ce \u00e0 une nouvelle charpente, une toiture et des menuiseries.<\/p>\n<h3 data-start=\"1398\" data-end=\"1457\"><strong>Un patrimoine princier au c\u0153ur de l\u2019histoire de Senones<\/strong><\/h3>\n<p data-start=\"1459\" data-end=\"2058\">Construit en 1754 par le prince Nicolas L\u00e9opold, l\u2019<strong data-start=\"51\" data-end=\"77\">h\u00f4tel dit de Bilistein<\/strong> est le <strong data-start=\"85\" data-end=\"124\">premier ch\u00e2teau princier de Senones<\/strong>. Occup\u00e9 par les princes jusqu\u2019en 1775, puis par l\u2019intendant Nicolas-Fran\u00e7ois de Bilistein, il est perc\u00e9 d\u2019un passage charretier en 1781 et sert de pavillon d\u2019entr\u00e9e au second ch\u00e2teau. Le b\u00e2timent a ensuite accueilli des appartements au XIXe si\u00e8cle avant de subir diverses transformations au XXe si\u00e8cle, puis de devenir inhabitable apr\u00e8s l\u2019<strong data-start=\"464\" data-end=\"484\">incendie de 1994<\/strong>. Travers\u00e9 par une <strong data-start=\"503\" data-end=\"527\">route d\u00e9partementale<\/strong>, il marque l\u2019architecture de la ville de mani\u00e8re originale, tout en la <strong data-start=\"599\" data-end=\"618\">coupant en deux<\/strong>.<\/p>\n<h3 data-start=\"2060\" data-end=\"2123\">Un projet de r\u00e9habilitation pour l\u2019attractivit\u00e9 touristique<\/h3>\n<p data-start=\"2125\" data-end=\"2528\">Au-del\u00e0 de la sauvegarde d\u2019un monument en p\u00e9ril, la r\u00e9habilitation vise \u00e0 renforcer l\u2019<strong data-start=\"2211\" data-end=\"2239\">attractivit\u00e9 touristique<\/strong> de Senones. Des projets de valorisation sont \u00e0 l\u2019\u00e9tude : un <strong data-start=\"2300\" data-end=\"2355\">mus\u00e9e sur l\u2019histoire de la principaut\u00e9 de Salm-Salm<\/strong> au rez-de-chauss\u00e9e et un <strong data-start=\"2381\" data-end=\"2407\">restaurant panoramique<\/strong> dans les \u00e9tages. L\u2019\u00e9difice restaur\u00e9 deviendrait ainsi un rep\u00e8re architectural et touristique majeur au c\u0153ur de la ville.<\/p>\n<h3 data-start=\"2530\" data-end=\"2583\">Une campagne de dons soutenue par la Mission Bern<\/h3>\n<p data-start=\"2585\" data-end=\"2987\">\u00c0 ce jour, le montant des dons s\u2019\u00e9l\u00e8ve \u00e0 <strong data-start=\"2626\" data-end=\"2638\">40 410 \u20ac<\/strong> pour <strong data-start=\"2644\" data-end=\"2661\">129 donateurs<\/strong>, sur un objectif de <strong data-start=\"2682\" data-end=\"2694\">50 000 \u20ac<\/strong>, et il reste <strong data-start=\"2708\" data-end=\"2721\">391 jours<\/strong> pour contribuer. <a href=\"https:\/\/www.fondation-patrimoine.org\/les-projets\/premier-chateau-des-princes-de-salm-a-senones\/79049\" target=\"_blank\" rel=\"noopener\">La campagne est ouverte sur le site de la Fondation du patrimoine.<\/a> Le total des financements apport\u00e9s par la Fondation du patrimoine pour ce projet atteint <strong data-start=\"2895\" data-end=\"2908\">515 410 \u20ac<\/strong>, dont <strong data-start=\"2915\" data-end=\"2928\">450 000 \u20ac<\/strong> issus du Loto du patrimoine de la Mission St\u00e9phane Bern.<\/p>\n","protected":false},"excerpt":{"rendered":"<p>Pi\u00e8ce ma\u00eetresse de l\u2019architecture de l\u2019ancienne principaut\u00e9 de Salm-Salm, le premier ch\u00e2teau des Princes de Salm \u00e0 Senones fait l\u2019objet [&hellip;]<\/p>\n","protected":false},"author":46,"featured_media":85493,"comment_status":"open","ping_status":"open","sticky":false,"template":"","format":"standard","meta":{"footnotes":""},"categories":[460,3903,15104],"tags":[19229,7183,19223,10628,12390,19226,19228,10629,17549,19224,19227,19225,2998,43],"class_list":["post-85492","post","type-post","status-publish","format-standard","has-post-thumbnail","hentry","category-a-la-une","category-deodatie","category-tourisme","tag-architecture-princiere","tag-fondation-du-patrimoine","tag-hotel-de-bilistein","tag-loto-du-patrimoine","tag-mission-stephane-bern","tag-musee-de-la-principaute","tag-patrimoine-historique","tag-premier-chateau-des-princes-de-salm","tag-principaute-de-salm-salm","tag-rehabilitation-du-patrimoine","tag-restaurant-panoramique","tag-route-departementale-fermee","tag-senones","tag-vosges"],"acf":[],"yoast_head":"<!-- This site is optimized with the Yoast SEO plugin v22.5 - https:\/\/yoast.com\/wordpress\/plugins\/seo\/ -->\n<title>R\u00e9habilitation du ch\u00e2teau des Princes de Salm : la campagne de dons passe la barre des 80 % - Saint Die Info<\/title>\n<meta name=\"robots\" content=\"index, follow, max-snippet:-1, max-image-preview:large, max-video-preview:-1\" \/>\n<link rel=\"canonical\" href=\"https:\/\/vosgesinfo.fr\/saintdieinfo\/2025\/12\/rehabilitation-du-chateau-des-princes-de-salm-la-campagne-de-dons-passe-la-barre-des-80\/\" \/>\n<meta name=\"twitter:card\" content=\"summary_large_image\" \/>\n<meta name=\"twitter:title\" content=\"R\u00e9habilitation du ch\u00e2teau des Princes de Salm : la campagne de dons passe la barre des 80 % - Saint Die Info\" \/>\n<meta name=\"twitter:description\" content=\"Pi\u00e8ce ma\u00eetresse de l\u2019architecture de l\u2019ancienne principaut\u00e9 de Salm-Salm, le premier ch\u00e2teau des Princes de Salm \u00e0 Senones fait l\u2019objet [&hellip;]\" \/>\n<meta name=\"twitter:image\" content=\"https:\/\/vosgesinfo.fr\/app\/uploads\/sites\/4\/2025\/12\/large-hotel-bilistein-c-fondation-du-patrimoine-my-photo-agency-julian-perez-15-8ada5bebd0.jpg\" \/>\n<meta name=\"twitter:creator\" content=\"@VosgesInfo88\" \/>\n<meta name=\"twitter:site\" content=\"@VosgesInfo88\" \/>\n<meta name=\"twitter:label1\" content=\"\u00c9crit par\" \/>\n\t<meta name=\"twitter:data1\" content=\"J.J.\" \/>\n\t<meta name=\"twitter:label2\" content=\"Dur\u00e9e de lecture estim\u00e9e\" \/>\n\t<meta name=\"twitter:data2\" content=\"2 minutes\" \/>\n<script type=\"application\/ld+json\" class=\"yoast-schema-graph\">{\"@context\":\"https:\/\/schema.org\",\"@graph\":[{\"@type\":\"Article\",\"@id\":\"https:\/\/vosgesinfo.fr\/saintdieinfo\/2025\/12\/rehabilitation-du-chateau-des-princes-de-salm-la-campagne-de-dons-passe-la-barre-des-80\/#article\",\"isPartOf\":{\"@id\":\"https:\/\/vosgesinfo.fr\/saintdieinfo\/2025\/12\/rehabilitation-du-chateau-des-princes-de-salm-la-campagne-de-dons-passe-la-barre-des-80\/\"},\"author\":{\"name\":\"J.J.\",\"@id\":\"https:\/\/vosgesinfo.fr\/saintdieinfo\/#\/schema\/person\/fa73e9f726d67bb88f46d5b7943cb572\"},\"headline\":\"R\u00e9habilitation du ch\u00e2teau des Princes de Salm : la campagne de dons passe la barre des 80 %\",\"datePublished\":\"2025-12-05T13:12:53+00:00\",\"dateModified\":\"2025-12-05T13:03:20+00:00\",\"mainEntityOfPage\":{\"@id\":\"https:\/\/vosgesinfo.fr\/saintdieinfo\/2025\/12\/rehabilitation-du-chateau-des-princes-de-salm-la-campagne-de-dons-passe-la-barre-des-80\/\"},\"wordCount\":462,\"commentCount\":0,\"publisher\":{\"@id\":\"https:\/\/vosgesinfo.fr\/saintdieinfo\/#organization\"},\"image\":{\"@id\":\"https:\/\/vosgesinfo.fr\/saintdieinfo\/2025\/12\/rehabilitation-du-chateau-des-princes-de-salm-la-campagne-de-dons-passe-la-barre-des-80\/#primaryimage\"},\"thumbnailUrl\":\"https:\/\/vosgesinfo.fr\/app\/uploads\/sites\/4\/2025\/12\/large-hotel-bilistein-c-fondation-du-patrimoine-my-photo-agency-julian-perez-15-8ada5bebd0.jpg\",\"keywords\":[\"architecture princi\u00e8re\",\"Fondation du Patrimoine\",\"h\u00f4tel de Bilistein\",\"Loto du patrimoine\",\"Mission St\u00e9phane Bern\",\"mus\u00e9e de la principaut\u00e9\",\"patrimoine historique\",\"Premier ch\u00e2teau des Princes de Salm\",\"Principaut\u00e9 de Salm-Salm\",\"r\u00e9habilitation du patrimoine\",\"restaurant panoramique\",\"route d\u00e9partementale ferm\u00e9e\",\"Senones\",\"vosges\"],\"articleSection\":[\"A la Une\",\"D\u00e9odatie\",\"Tourisme\"],\"inLanguage\":\"fr-FR\",\"potentialAction\":[{\"@type\":\"CommentAction\",\"name\":\"Comment\",\"target\":[\"https:\/\/vosgesinfo.fr\/saintdieinfo\/2025\/12\/rehabilitation-du-chateau-des-princes-de-salm-la-campagne-de-dons-passe-la-barre-des-80\/#respond\"]}]},{\"@type\":\"WebPage\",\"@id\":\"https:\/\/vosgesinfo.fr\/saintdieinfo\/2025\/12\/rehabilitation-du-chateau-des-princes-de-salm-la-campagne-de-dons-passe-la-barre-des-80\/\",\"url\":\"https:\/\/vosgesinfo.fr\/saintdieinfo\/2025\/12\/rehabilitation-du-chateau-des-princes-de-salm-la-campagne-de-dons-passe-la-barre-des-80\/\",\"name\":\"R\u00e9habilitation du ch\u00e2teau des Princes de Salm : la campagne de dons passe la barre des 80 % - Saint Die Info\",\"isPartOf\":{\"@id\":\"https:\/\/vosgesinfo.fr\/saintdieinfo\/#website\"},\"primaryImageOfPage\":{\"@id\":\"https:\/\/vosgesinfo.fr\/saintdieinfo\/2025\/12\/rehabilitation-du-chateau-des-princes-de-salm-la-campagne-de-dons-passe-la-barre-des-80\/#primaryimage\"},\"image\":{\"@id\":\"https:\/\/vosgesinfo.fr\/saintdieinfo\/2025\/12\/rehabilitation-du-chateau-des-princes-de-salm-la-campagne-de-dons-passe-la-barre-des-80\/#primaryimage\"},\"thumbnailUrl\":\"https:\/\/vosgesinfo.fr\/app\/uploads\/sites\/4\/2025\/12\/large-hotel-bilistein-c-fondation-du-patrimoine-my-photo-agency-julian-perez-15-8ada5bebd0.jpg\",\"datePublished\":\"2025-12-05T13:12:53+00:00\",\"dateModified\":\"2025-12-05T13:03:20+00:00\",\"breadcrumb\":{\"@id\":\"https:\/\/vosgesinfo.fr\/saintdieinfo\/2025\/12\/rehabilitation-du-chateau-des-princes-de-salm-la-campagne-de-dons-passe-la-barre-des-80\/#breadcrumb\"},\"inLanguage\":\"fr-FR\",\"potentialAction\":[{\"@type\":\"ReadAction\",\"target\":[\"https:\/\/vosgesinfo.fr\/saintdieinfo\/2025\/12\/rehabilitation-du-chateau-des-princes-de-salm-la-campagne-de-dons-passe-la-barre-des-80\/\"]}]},{\"@type\":\"ImageObject\",\"inLanguage\":\"fr-FR\",\"@id\":\"https:\/\/vosgesinfo.fr\/saintdieinfo\/2025\/12\/rehabilitation-du-chateau-des-princes-de-salm-la-campagne-de-dons-passe-la-barre-des-80\/#primaryimage\",\"url\":\"https:\/\/vosgesinfo.fr\/app\/uploads\/sites\/4\/2025\/12\/large-hotel-bilistein-c-fondation-du-patrimoine-my-photo-agency-julian-perez-15-8ada5bebd0.jpg\",\"contentUrl\":\"https:\/\/vosgesinfo.fr\/app\/uploads\/sites\/4\/2025\/12\/large-hotel-bilistein-c-fondation-du-patrimoine-my-photo-agency-julian-perez-15-8ada5bebd0.jpg\",\"width\":1000,\"height\":562,\"caption\":\"(Photographie Fondation du Patrimoine \/ Julian Perez)\"},{\"@type\":\"BreadcrumbList\",\"@id\":\"https:\/\/vosgesinfo.fr\/saintdieinfo\/2025\/12\/rehabilitation-du-chateau-des-princes-de-salm-la-campagne-de-dons-passe-la-barre-des-80\/#breadcrumb\",\"itemListElement\":[{\"@type\":\"ListItem\",\"position\":1,\"name\":\"Home\",\"item\":\"https:\/\/vosgesinfo.fr\/saintdieinfo\/\"},{\"@type\":\"ListItem\",\"position\":2,\"name\":\"R\u00e9habilitation du ch\u00e2teau des Princes de Salm : la campagne de dons passe la barre des 80 %\"}]},{\"@type\":\"WebSite\",\"@id\":\"https:\/\/vosgesinfo.fr\/saintdieinfo\/#website\",\"url\":\"https:\/\/vosgesinfo.fr\/saintdieinfo\/\",\"name\":\"Saint Die Info\",\"description\":\"Toute l&#039;actualit\u00e9 de Saint-Di\u00e9-Des-Vosges\",\"publisher\":{\"@id\":\"https:\/\/vosgesinfo.fr\/saintdieinfo\/#organization\"},\"alternateName\":\"Toute l'actualit\u00e9 de Saint-Di\u00e9-Des-Vosges\",\"potentialAction\":[{\"@type\":\"SearchAction\",\"target\":{\"@type\":\"EntryPoint\",\"urlTemplate\":\"https:\/\/vosgesinfo.fr\/saintdieinfo\/?s={search_term_string}\"},\"query-input\":\"required name=search_term_string\"}],\"inLanguage\":\"fr-FR\"},{\"@type\":\"Organization\",\"@id\":\"https:\/\/vosgesinfo.fr\/saintdieinfo\/#organization\",\"name\":\"Saint Die Info\",\"url\":\"https:\/\/vosgesinfo.fr\/saintdieinfo\/\",\"logo\":{\"@type\":\"ImageObject\",\"inLanguage\":\"fr-FR\",\"@id\":\"https:\/\/vosgesinfo.fr\/saintdieinfo\/#\/schema\/logo\/image\/\",\"url\":\"https:\/\/vosgesinfo.fr\/app\/uploads\/sites\/4\/2024\/02\/logo-sdi.jpg\",\"contentUrl\":\"https:\/\/vosgesinfo.fr\/app\/uploads\/sites\/4\/2024\/02\/logo-sdi.jpg\",\"width\":600,\"height\":600,\"caption\":\"Saint Die Info\"},\"image\":{\"@id\":\"https:\/\/vosgesinfo.fr\/saintdieinfo\/#\/schema\/logo\/image\/\"},\"sameAs\":[\"https:\/\/www.facebook.com\/Saintdieinfofr\",\"https:\/\/x.com\/VosgesInfo88\",\"https:\/\/www.youtube.com\/@vosgesinfo\"]},{\"@type\":\"Person\",\"@id\":\"https:\/\/vosgesinfo.fr\/saintdieinfo\/#\/schema\/person\/fa73e9f726d67bb88f46d5b7943cb572\",\"name\":\"J.J.\",\"image\":{\"@type\":\"ImageObject\",\"inLanguage\":\"fr-FR\",\"@id\":\"https:\/\/vosgesinfo.fr\/saintdieinfo\/#\/schema\/person\/image\/\",\"url\":\"https:\/\/secure.gravatar.com\/avatar\/219e749e47ffbcca018a360ae4add7d4cdf1cdaaf8bc7676b27efade3fe65615?s=96&d=mm&r=g\",\"contentUrl\":\"https:\/\/secure.gravatar.com\/avatar\/219e749e47ffbcca018a360ae4add7d4cdf1cdaaf8bc7676b27efade3fe65615?s=96&d=mm&r=g\",\"caption\":\"J.J.\"},\"url\":\"https:\/\/vosgesinfo.fr\/saintdieinfo\/author\/j-j\/\"}]}<\/script>\n<!-- \/ Yoast SEO plugin. -->","yoast_head_json":{"title":"R\u00e9habilitation du ch\u00e2teau des Princes de Salm : la campagne de dons passe la barre des 80 % - Saint Die Info","robots":{"index":"index","follow":"follow","max-snippet":"max-snippet:-1","max-image-preview":"max-image-preview:large","max-video-preview":"max-video-preview:-1"},"canonical":"https:\/\/vosgesinfo.fr\/saintdieinfo\/2025\/12\/rehabilitation-du-chateau-des-princes-de-salm-la-campagne-de-dons-passe-la-barre-des-80\/","twitter_card":"summary_large_image","twitter_title":"R\u00e9habilitation du ch\u00e2teau des Princes de Salm : la campagne de dons passe la barre des 80 % - Saint Die Info","twitter_description":"Pi\u00e8ce ma\u00eetresse de l\u2019architecture de l\u2019ancienne principaut\u00e9 de Salm-Salm, le premier ch\u00e2teau des Princes de Salm \u00e0 Senones fait l\u2019objet [&hellip;]","twitter_image":"https:\/\/vosgesinfo.fr\/app\/uploads\/sites\/4\/2025\/12\/large-hotel-bilistein-c-fondation-du-patrimoine-my-photo-agency-julian-perez-15-8ada5bebd0.jpg","twitter_creator":"@VosgesInfo88","twitter_site":"@VosgesInfo88","twitter_misc":{"\u00c9crit par":"J.J.","Dur\u00e9e de lecture estim\u00e9e":"2 minutes"},"schema":{"@context":"https:\/\/schema.org","@graph":[{"@type":"Article","@id":"https:\/\/vosgesinfo.fr\/saintdieinfo\/2025\/12\/rehabilitation-du-chateau-des-princes-de-salm-la-campagne-de-dons-passe-la-barre-des-80\/#article","isPartOf":{"@id":"https:\/\/vosgesinfo.fr\/saintdieinfo\/2025\/12\/rehabilitation-du-chateau-des-princes-de-salm-la-campagne-de-dons-passe-la-barre-des-80\/"},"author":{"name":"J.J.","@id":"https:\/\/vosgesinfo.fr\/saintdieinfo\/#\/schema\/person\/fa73e9f726d67bb88f46d5b7943cb572"},"headline":"R\u00e9habilitation du ch\u00e2teau des Princes de Salm : la campagne de dons passe la barre des 80 %","datePublished":"2025-12-05T13:12:53+00:00","dateModified":"2025-12-05T13:03:20+00:00","mainEntityOfPage":{"@id":"https:\/\/vosgesinfo.fr\/saintdieinfo\/2025\/12\/rehabilitation-du-chateau-des-princes-de-salm-la-campagne-de-dons-passe-la-barre-des-80\/"},"wordCount":462,"commentCount":0,"publisher":{"@id":"https:\/\/vosgesinfo.fr\/saintdieinfo\/#organization"},"image":{"@id":"https:\/\/vosgesinfo.fr\/saintdieinfo\/2025\/12\/rehabilitation-du-chateau-des-princes-de-salm-la-campagne-de-dons-passe-la-barre-des-80\/#primaryimage"},"thumbnailUrl":"https:\/\/vosgesinfo.fr\/app\/uploads\/sites\/4\/2025\/12\/large-hotel-bilistein-c-fondation-du-patrimoine-my-photo-agency-julian-perez-15-8ada5bebd0.jpg","keywords":["architecture princi\u00e8re","Fondation du Patrimoine","h\u00f4tel de Bilistein","Loto du patrimoine","Mission St\u00e9phane Bern","mus\u00e9e de la principaut\u00e9","patrimoine historique","Premier ch\u00e2teau des Princes de Salm","Principaut\u00e9 de Salm-Salm","r\u00e9habilitation du patrimoine","restaurant panoramique","route d\u00e9partementale ferm\u00e9e","Senones","vosges"],"articleSection":["A la Une","D\u00e9odatie","Tourisme"],"inLanguage":"fr-FR","potentialAction":[{"@type":"CommentAction","name":"Comment","target":["https:\/\/vosgesinfo.fr\/saintdieinfo\/2025\/12\/rehabilitation-du-chateau-des-princes-de-salm-la-campagne-de-dons-passe-la-barre-des-80\/#respond"]}]},{"@type":"WebPage","@id":"https:\/\/vosgesinfo.fr\/saintdieinfo\/2025\/12\/rehabilitation-du-chateau-des-princes-de-salm-la-campagne-de-dons-passe-la-barre-des-80\/","url":"https:\/\/vosgesinfo.fr\/saintdieinfo\/2025\/12\/rehabilitation-du-chateau-des-princes-de-salm-la-campagne-de-dons-passe-la-barre-des-80\/","name":"R\u00e9habilitation du ch\u00e2teau des Princes de Salm : la campagne de dons passe la barre des 80 % - Saint Die Info","isPartOf":{"@id":"https:\/\/vosgesinfo.fr\/saintdieinfo\/#website"},"primaryImageOfPage":{"@id":"https:\/\/vosgesinfo.fr\/saintdieinfo\/2025\/12\/rehabilitation-du-chateau-des-princes-de-salm-la-campagne-de-dons-passe-la-barre-des-80\/#primaryimage"},"image":{"@id":"https:\/\/vosgesinfo.fr\/saintdieinfo\/2025\/12\/rehabilitation-du-chateau-des-princes-de-salm-la-campagne-de-dons-passe-la-barre-des-80\/#primaryimage"},"thumbnailUrl":"https:\/\/vosgesinfo.fr\/app\/uploads\/sites\/4\/2025\/12\/large-hotel-bilistein-c-fondation-du-patrimoine-my-photo-agency-julian-perez-15-8ada5bebd0.jpg","datePublished":"2025-12-05T13:12:53+00:00","dateModified":"2025-12-05T13:03:20+00:00","breadcrumb":{"@id":"https:\/\/vosgesinfo.fr\/saintdieinfo\/2025\/12\/rehabilitation-du-chateau-des-princes-de-salm-la-campagne-de-dons-passe-la-barre-des-80\/#breadcrumb"},"inLanguage":"fr-FR","potentialAction":[{"@type":"ReadAction","target":["https:\/\/vosgesinfo.fr\/saintdieinfo\/2025\/12\/rehabilitation-du-chateau-des-princes-de-salm-la-campagne-de-dons-passe-la-barre-des-80\/"]}]},{"@type":"ImageObject","inLanguage":"fr-FR","@id":"https:\/\/vosgesinfo.fr\/saintdieinfo\/2025\/12\/rehabilitation-du-chateau-des-princes-de-salm-la-campagne-de-dons-passe-la-barre-des-80\/#primaryimage","url":"https:\/\/vosgesinfo.fr\/app\/uploads\/sites\/4\/2025\/12\/large-hotel-bilistein-c-fondation-du-patrimoine-my-photo-agency-julian-perez-15-8ada5bebd0.jpg","contentUrl":"https:\/\/vosgesinfo.fr\/app\/uploads\/sites\/4\/2025\/12\/large-hotel-bilistein-c-fondation-du-patrimoine-my-photo-agency-julian-perez-15-8ada5bebd0.jpg","width":1000,"height":562,"caption":"(Photographie Fondation du Patrimoine \/ Julian Perez)"},{"@type":"BreadcrumbList","@id":"https:\/\/vosgesinfo.fr\/saintdieinfo\/2025\/12\/rehabilitation-du-chateau-des-princes-de-salm-la-campagne-de-dons-passe-la-barre-des-80\/#breadcrumb","itemListElement":[{"@type":"ListItem","position":1,"name":"Home","item":"https:\/\/vosgesinfo.fr\/saintdieinfo\/"},{"@type":"ListItem","position":2,"name":"R\u00e9habilitation du ch\u00e2teau des Princes de Salm : la campagne de dons passe la barre des 80 %"}]},{"@type":"WebSite","@id":"https:\/\/vosgesinfo.fr\/saintdieinfo\/#website","url":"https:\/\/vosgesinfo.fr\/saintdieinfo\/","name":"Saint Die Info","description":"Toute l&#039;actualit\u00e9 de Saint-Di\u00e9-Des-Vosges","publisher":{"@id":"https:\/\/vosgesinfo.fr\/saintdieinfo\/#organization"},"alternateName":"Toute l'actualit\u00e9 de Saint-Di\u00e9-Des-Vosges","potentialAction":[{"@type":"SearchAction","target":{"@type":"EntryPoint","urlTemplate":"https:\/\/vosgesinfo.fr\/saintdieinfo\/?s={search_term_string}"},"query-input":"required name=search_term_string"}],"inLanguage":"fr-FR"},{"@type":"Organization","@id":"https:\/\/vosgesinfo.fr\/saintdieinfo\/#organization","name":"Saint Die Info","url":"https:\/\/vosgesinfo.fr\/saintdieinfo\/","logo":{"@type":"ImageObject","inLanguage":"fr-FR","@id":"https:\/\/vosgesinfo.fr\/saintdieinfo\/#\/schema\/logo\/image\/","url":"https:\/\/vosgesinfo.fr\/app\/uploads\/sites\/4\/2024\/02\/logo-sdi.jpg","contentUrl":"https:\/\/vosgesinfo.fr\/app\/uploads\/sites\/4\/2024\/02\/logo-sdi.jpg","width":600,"height":600,"caption":"Saint Die Info"},"image":{"@id":"https:\/\/vosgesinfo.fr\/saintdieinfo\/#\/schema\/logo\/image\/"},"sameAs":["https:\/\/www.facebook.com\/Saintdieinfofr","https:\/\/x.com\/VosgesInfo88","https:\/\/www.youtube.com\/@vosgesinfo"]},{"@type":"Person","@id":"https:\/\/vosgesinfo.fr\/saintdieinfo\/#\/schema\/person\/fa73e9f726d67bb88f46d5b7943cb572","name":"J.J.","image":{"@type":"ImageObject","inLanguage":"fr-FR","@id":"https:\/\/vosgesinfo.fr\/saintdieinfo\/#\/schema\/person\/image\/","url":"https:\/\/secure.gravatar.com\/avatar\/219e749e47ffbcca018a360ae4add7d4cdf1cdaaf8bc7676b27efade3fe65615?s=96&d=mm&r=g","contentUrl":"https:\/\/secure.gravatar.com\/avatar\/219e749e47ffbcca018a360ae4add7d4cdf1cdaaf8bc7676b27efade3fe65615?s=96&d=mm&r=g","caption":"J.J."},"url":"https:\/\/vosgesinfo.fr\/saintdieinfo\/author\/j-j\/"}]}},"_links":{"self":[{"href":"https:\/\/vosgesinfo.fr\/saintdieinfo\/wp-json\/wp\/v2\/posts\/85492","targetHints":{"allow":["GET"]}}],"collection":[{"href":"https:\/\/vosgesinfo.fr\/saintdieinfo\/wp-json\/wp\/v2\/posts"}],"about":[{"href":"https:\/\/vosgesinfo.fr\/saintdieinfo\/wp-json\/wp\/v2\/types\/post"}],"author":[{"embeddable":true,"href":"https:\/\/vosgesinfo.fr\/saintdieinfo\/wp-json\/wp\/v2\/users\/46"}],"replies":[{"embeddable":true,"href":"https:\/\/vosgesinfo.fr\/saintdieinfo\/wp-json\/wp\/v2\/comments?post=85492"}],"version-history":[{"count":1,"href":"https:\/\/vosgesinfo.fr\/saintdieinfo\/wp-json\/wp\/v2\/posts\/85492\/revisions"}],"predecessor-version":[{"id":85494,"href":"https:\/\/vosgesinfo.fr\/saintdieinfo\/wp-json\/wp\/v2\/posts\/85492\/revisions\/85494"}],"wp:featuredmedia":[{"embeddable":true,"href":"https:\/\/vosgesinfo.fr\/saintdieinfo\/wp-json\/wp\/v2\/media\/85493"}],"wp:attachment":[{"href":"https:\/\/vosgesinfo.fr\/saintdieinfo\/wp-json\/wp\/v2\/media?parent=85492"}],"wp:term":[{"taxonomy":"category","embeddable":true,"href":"https:\/\/vosgesinfo.fr\/saintdieinfo\/wp-json\/wp\/v2\/categories?post=85492"},{"taxonomy":"post_tag","embeddable":true,"href":"https:\/\/vosgesinfo.fr\/saintdieinfo\/wp-json\/wp\/v2\/tags?post=85492"}],"curies":[{"name":"wp","href":"https:\/\/api.w.org\/{rel}","templated":true}]}}