{"id":85495,"date":"2025-12-05T14:53:38","date_gmt":"2025-12-05T13:53:38","guid":{"rendered":"https:\/\/vosgesinfo.fr\/saintdieinfo\/?p=85495"},"modified":"2025-12-05T14:45:51","modified_gmt":"2025-12-05T13:45:51","slug":"saint-die-des-vosges-rend-hommage-aux-morts-pour-la-france-pendant-la-guerre-dalgerie-et-les-combats-du-maroc-et-de-la-tunisie","status":"publish","type":"post","link":"https:\/\/vosgesinfo.fr\/saintdieinfo\/2025\/12\/saint-die-des-vosges-rend-hommage-aux-morts-pour-la-france-pendant-la-guerre-dalgerie-et-les-combats-du-maroc-et-de-la-tunisie\/","title":{"rendered":"Saint-Di\u00e9-des-Vosges rend hommage aux morts pour la France pendant la guerre d\u2019Alg\u00e9rie et les combats du Maroc et de la Tunisie"},"content":{"rendered":"<div id=\"attachment_85499\" style=\"width: 1034px\" class=\"wp-caption alignnone\"><a href=\"https:\/\/vosgesinfo.fr\/app\/uploads\/sites\/4\/2025\/12\/commemoration-journee-nationale-morts-france-algerie-maroc-tunisie-4.jpg\"><img decoding=\"async\" aria-describedby=\"caption-attachment-85499\" class=\"size-large wp-image-85499\" src=\"https:\/\/vosgesinfo.fr\/app\/uploads\/sites\/4\/2025\/12\/commemoration-journee-nationale-morts-france-algerie-maroc-tunisie-4-1024x683.jpg\" alt=\"\" width=\"1024\" height=\"683\" srcset=\"https:\/\/vosgesinfo.fr\/app\/uploads\/sites\/4\/2025\/12\/commemoration-journee-nationale-morts-france-algerie-maroc-tunisie-4-1024x683.jpg 1024w, https:\/\/vosgesinfo.fr\/app\/uploads\/sites\/4\/2025\/12\/commemoration-journee-nationale-morts-france-algerie-maroc-tunisie-4-300x200.jpg 300w, https:\/\/vosgesinfo.fr\/app\/uploads\/sites\/4\/2025\/12\/commemoration-journee-nationale-morts-france-algerie-maroc-tunisie-4-768x512.jpg 768w, https:\/\/vosgesinfo.fr\/app\/uploads\/sites\/4\/2025\/12\/commemoration-journee-nationale-morts-france-algerie-maroc-tunisie-4.jpg 1200w\" sizes=\"(max-width: 1024px) 100vw, 1024px\" \/><\/a><p id=\"caption-attachment-85499\" class=\"wp-caption-text\">(Photographies Marc Fourniquet)<\/p><\/div>\n<h2>Depuis 2003 en France, la date du <strong>5 d\u00e9cembre<\/strong> est la <strong>Journ\u00e9e nationale d\u2019hommage aux Morts pour la France pendant la guerre d\u2019Alg\u00e9rie et les combats du Maroc et de la Tunisie.<\/strong> Ce vendredi en fin de matin\u00e9e, c&rsquo;est dans ce cadre qu&rsquo;une c\u00e9r\u00e9monie comm\u00e9morative s\u2019est tenue au monument aux morts de <strong>Saint-Di\u00e9-des-Vosges<\/strong>.<\/h2>\n<p><!--more--><\/p>\n<h3 class=\"western\"><strong>Une c\u00e9r\u00e9monie comm\u00e9morative au monument aux morts<\/strong><\/h3>\n<p>Lectures de messages, dont celui de <strong>Alice Rufo<\/strong><strong>,<\/strong> ministre aupr\u00e8s de la ministre des Arm\u00e9es et des Anciens combattants, appel des D\u00e9odatiens morts pour la France en Alg\u00e9rie, d\u00e9p\u00f4ts de deux gerbes de fleurs au pied du monument aux morts et salut aux porte-drapeaux ont ponctu\u00e9 la c\u00e9r\u00e9monie d\u00e9odatienne.<\/p>\n<p><strong>Roger Bunoz, Pierre Cael, Maurice Marchal, Robert Mervelet, Andr\u00e9 Petit, Marcel Schmitt et Georges Welsch<\/strong> sont les noms des sept D\u00e9odatiens morts pour la France en Alg\u00e9rie.<\/p>\n<h3 class=\"western\"><strong>Une journ\u00e9e nationale instaur\u00e9e en 2003<\/strong><\/h3>\n<p>Institu\u00e9e en reconnaissance des sacrifices consentis pour la France par les militaires et les suppl\u00e9tifs lors de la guerre d\u2019Alg\u00e9rie et des combats du Maroc et de la Tunisie entre 1952 et 1962, cette journ\u00e9e nationale a \u00e9t\u00e9 instaur\u00e9e par le <strong>d\u00e9cret n\u00b0 2003-925 du 26 septembre 2003<\/strong>. L\u2019hommage a ensuite \u00e9t\u00e9 \u00e9tendu aux rapatri\u00e9s d\u2019Afrique du Nord, aux personnes disparues et aux victimes civiles.<\/p>\n<p>\u00c0 l\u2019\u00e9chelle nationale, une c\u00e9r\u00e9monie se tient \u00e0 Paris, devant le <strong>M\u00e9morial national de la guerre d\u2019Alg\u00e9rie et des combats du Maroc et de la Tunisie<\/strong>, sur le quai Branly. La date du 5 d\u00e9cembre correspond \u00e0 l\u2019inauguration en 2002 de ce m\u00e9morial par le pr\u00e9sident de la R\u00e9publique Jacques Chirac.<\/p>\n\n\t\t<style type=\"text\/css\">\n\t\t\t#gallery-1 {\n\t\t\t\tmargin: auto;\n\t\t\t}\n\t\t\t#gallery-1 .gallery-item {\n\t\t\t\tfloat: left;\n\t\t\t\tmargin-top: 10px;\n\t\t\t\ttext-align: center;\n\t\t\t\twidth: 50%;\n\t\t\t}\n\t\t\t#gallery-1 img {\n\t\t\t\tborder: 2px solid #cfcfcf;\n\t\t\t}\n\t\t\t#gallery-1 .gallery-caption {\n\t\t\t\tmargin-left: 0;\n\t\t\t}\n\t\t\t\/* see gallery_shortcode() in wp-includes\/media.php *\/\n\t\t<\/style>\n\t\t<div id='gallery-1' class='gallery galleryid-85495 gallery-columns-2 gallery-size-thumbnail'><dl class='gallery-item'>\n\t\t\t<dt class='gallery-icon landscape'>\n\t\t\t\t<a href='https:\/\/vosgesinfo.fr\/app\/uploads\/sites\/4\/2025\/12\/commemoration-journee-nationale-morts-france-algerie-maroc-tunisie-1.jpg'><img decoding=\"async\" width=\"150\" height=\"150\" src=\"https:\/\/vosgesinfo.fr\/app\/uploads\/sites\/4\/2025\/12\/commemoration-journee-nationale-morts-france-algerie-maroc-tunisie-1-150x150.jpg\" class=\"attachment-thumbnail size-thumbnail\" alt=\"\" \/><\/a>\n\t\t\t<\/dt><\/dl><dl class='gallery-item'>\n\t\t\t<dt class='gallery-icon landscape'>\n\t\t\t\t<a href='https:\/\/vosgesinfo.fr\/app\/uploads\/sites\/4\/2025\/12\/commemoration-journee-nationale-morts-france-algerie-maroc-tunisie-2.jpg'><img decoding=\"async\" width=\"150\" height=\"150\" src=\"https:\/\/vosgesinfo.fr\/app\/uploads\/sites\/4\/2025\/12\/commemoration-journee-nationale-morts-france-algerie-maroc-tunisie-2-150x150.jpg\" class=\"attachment-thumbnail size-thumbnail\" alt=\"\" \/><\/a>\n\t\t\t<\/dt><\/dl><br style=\"clear: both\" \/><dl class='gallery-item'>\n\t\t\t<dt class='gallery-icon landscape'>\n\t\t\t\t<a href='https:\/\/vosgesinfo.fr\/app\/uploads\/sites\/4\/2025\/12\/commemoration-journee-nationale-morts-france-algerie-maroc-tunisie-3.jpg'><img decoding=\"async\" width=\"150\" height=\"150\" src=\"https:\/\/vosgesinfo.fr\/app\/uploads\/sites\/4\/2025\/12\/commemoration-journee-nationale-morts-france-algerie-maroc-tunisie-3-150x150.jpg\" class=\"attachment-thumbnail size-thumbnail\" alt=\"\" \/><\/a>\n\t\t\t<\/dt><\/dl><dl class='gallery-item'>\n\t\t\t<dt class='gallery-icon landscape'>\n\t\t\t\t<a href='https:\/\/vosgesinfo.fr\/app\/uploads\/sites\/4\/2025\/12\/commemoration-journee-nationale-morts-france-algerie-maroc-tunisie-5.jpg'><img decoding=\"async\" width=\"150\" height=\"150\" src=\"https:\/\/vosgesinfo.fr\/app\/uploads\/sites\/4\/2025\/12\/commemoration-journee-nationale-morts-france-algerie-maroc-tunisie-5-150x150.jpg\" class=\"attachment-thumbnail size-thumbnail\" alt=\"\" \/><\/a>\n\t\t\t<\/dt><\/dl><br style=\"clear: both\" \/>\n\t\t<\/div>\n\n","protected":false},"excerpt":{"rendered":"<p>Depuis 2003 en France, la date du 5 d\u00e9cembre est la Journ\u00e9e nationale d\u2019hommage aux Morts pour la France pendant [&hellip;]<\/p>\n","protected":false},"author":46,"featured_media":85499,"comment_status":"open","ping_status":"open","sticky":false,"template":"","format":"standard","meta":{"footnotes":""},"categories":[460,167],"tags":[19231,19234,19233,3470,19232,15266,19230,19237,19235,9695,19236,2881,43],"class_list":["post-85495","post","type-post","status-publish","format-standard","has-post-thumbnail","hentry","category-a-la-une","category-saint-die-des-vosges","tag-5-decembre","tag-alice-rufo","tag-anciens-combattants","tag-ceremonie-commemorative","tag-combats-du-maroc-et-de-la-tunisie","tag-guerre-dalgerie","tag-journee-nationale-dhommage-aux-morts-pour-la-france","tag-memorial-national-de-la-guerre-dalgerie","tag-ministre-aupres-de-la-ministre-des-armees-et-des-anciens-combattants","tag-monument-aux-morts","tag-rapatries-dafrique-du-nord","tag-saint-die-des-vosges","tag-vosges"],"acf":[],"yoast_head":"<!-- This site is optimized with the Yoast SEO plugin v22.5 - https:\/\/yoast.com\/wordpress\/plugins\/seo\/ -->\n<title>Saint-Di\u00e9-des-Vosges rend hommage aux morts pour la France pendant la guerre d\u2019Alg\u00e9rie et les combats du Maroc et de la Tunisie - Saint Die Info<\/title>\n<meta name=\"robots\" content=\"index, follow, max-snippet:-1, max-image-preview:large, max-video-preview:-1\" \/>\n<link rel=\"canonical\" href=\"https:\/\/vosgesinfo.fr\/saintdieinfo\/2025\/12\/saint-die-des-vosges-rend-hommage-aux-morts-pour-la-france-pendant-la-guerre-dalgerie-et-les-combats-du-maroc-et-de-la-tunisie\/\" \/>\n<meta name=\"twitter:card\" content=\"summary_large_image\" \/>\n<meta name=\"twitter:title\" content=\"Saint-Di\u00e9-des-Vosges rend hommage aux morts pour la France pendant la guerre d\u2019Alg\u00e9rie et les combats du Maroc et de la Tunisie - Saint Die Info\" \/>\n<meta name=\"twitter:description\" content=\"Depuis 2003 en France, la date du 5 d\u00e9cembre est la Journ\u00e9e nationale d\u2019hommage aux Morts pour la France pendant [&hellip;]\" \/>\n<meta name=\"twitter:image\" content=\"https:\/\/vosgesinfo.fr\/app\/uploads\/sites\/4\/2025\/12\/commemoration-journee-nationale-morts-france-algerie-maroc-tunisie-4.jpg\" \/>\n<meta name=\"twitter:creator\" content=\"@VosgesInfo88\" \/>\n<meta name=\"twitter:site\" content=\"@VosgesInfo88\" \/>\n<meta name=\"twitter:label1\" content=\"\u00c9crit par\" \/>\n\t<meta name=\"twitter:data1\" content=\"J.J.\" \/>\n\t<meta name=\"twitter:label2\" content=\"Dur\u00e9e de lecture estim\u00e9e\" \/>\n\t<meta name=\"twitter:data2\" content=\"2 minutes\" \/>\n<script type=\"application\/ld+json\" class=\"yoast-schema-graph\">{\"@context\":\"https:\/\/schema.org\",\"@graph\":[{\"@type\":\"Article\",\"@id\":\"https:\/\/vosgesinfo.fr\/saintdieinfo\/2025\/12\/saint-die-des-vosges-rend-hommage-aux-morts-pour-la-france-pendant-la-guerre-dalgerie-et-les-combats-du-maroc-et-de-la-tunisie\/#article\",\"isPartOf\":{\"@id\":\"https:\/\/vosgesinfo.fr\/saintdieinfo\/2025\/12\/saint-die-des-vosges-rend-hommage-aux-morts-pour-la-france-pendant-la-guerre-dalgerie-et-les-combats-du-maroc-et-de-la-tunisie\/\"},\"author\":{\"name\":\"J.J.\",\"@id\":\"https:\/\/vosgesinfo.fr\/saintdieinfo\/#\/schema\/person\/fa73e9f726d67bb88f46d5b7943cb572\"},\"headline\":\"Saint-Di\u00e9-des-Vosges rend hommage aux morts pour la France pendant la guerre d\u2019Alg\u00e9rie et les combats du Maroc et de la Tunisie\",\"datePublished\":\"2025-12-05T13:53:38+00:00\",\"dateModified\":\"2025-12-05T13:45:51+00:00\",\"mainEntityOfPage\":{\"@id\":\"https:\/\/vosgesinfo.fr\/saintdieinfo\/2025\/12\/saint-die-des-vosges-rend-hommage-aux-morts-pour-la-france-pendant-la-guerre-dalgerie-et-les-combats-du-maroc-et-de-la-tunisie\/\"},\"wordCount\":335,\"commentCount\":1,\"publisher\":{\"@id\":\"https:\/\/vosgesinfo.fr\/saintdieinfo\/#organization\"},\"image\":{\"@id\":\"https:\/\/vosgesinfo.fr\/saintdieinfo\/2025\/12\/saint-die-des-vosges-rend-hommage-aux-morts-pour-la-france-pendant-la-guerre-dalgerie-et-les-combats-du-maroc-et-de-la-tunisie\/#primaryimage\"},\"thumbnailUrl\":\"https:\/\/vosgesinfo.fr\/app\/uploads\/sites\/4\/2025\/12\/commemoration-journee-nationale-morts-france-algerie-maroc-tunisie-4.jpg\",\"keywords\":[\"5 d\u00e9cembre\",\"Alice Rufo\",\"Anciens combattants\",\"C\u00e9r\u00e9monie comm\u00e9morative\",\"combats du Maroc et de la Tunisie\",\"Guerre d'Alg\u00e9rie\",\"Journ\u00e9e nationale d\u2019hommage aux Morts pour la France\",\"M\u00e9morial national de la guerre d\u2019Alg\u00e9rie\",\"ministre aupr\u00e8s de la ministre des Arm\u00e9es et des Anciens combattants\",\"Monument aux morts\",\"rapatri\u00e9s d\u2019Afrique du Nord\",\"Saint-Di\u00e9-des-Vosges\",\"vosges\"],\"articleSection\":[\"A la Une\",\"Saint-Di\u00e9-des-Vosges\"],\"inLanguage\":\"fr-FR\",\"potentialAction\":[{\"@type\":\"CommentAction\",\"name\":\"Comment\",\"target\":[\"https:\/\/vosgesinfo.fr\/saintdieinfo\/2025\/12\/saint-die-des-vosges-rend-hommage-aux-morts-pour-la-france-pendant-la-guerre-dalgerie-et-les-combats-du-maroc-et-de-la-tunisie\/#respond\"]}]},{\"@type\":\"WebPage\",\"@id\":\"https:\/\/vosgesinfo.fr\/saintdieinfo\/2025\/12\/saint-die-des-vosges-rend-hommage-aux-morts-pour-la-france-pendant-la-guerre-dalgerie-et-les-combats-du-maroc-et-de-la-tunisie\/\",\"url\":\"https:\/\/vosgesinfo.fr\/saintdieinfo\/2025\/12\/saint-die-des-vosges-rend-hommage-aux-morts-pour-la-france-pendant-la-guerre-dalgerie-et-les-combats-du-maroc-et-de-la-tunisie\/\",\"name\":\"Saint-Di\u00e9-des-Vosges rend hommage aux morts pour la France pendant la guerre d\u2019Alg\u00e9rie et les combats du Maroc et de la Tunisie - Saint Die Info\",\"isPartOf\":{\"@id\":\"https:\/\/vosgesinfo.fr\/saintdieinfo\/#website\"},\"primaryImageOfPage\":{\"@id\":\"https:\/\/vosgesinfo.fr\/saintdieinfo\/2025\/12\/saint-die-des-vosges-rend-hommage-aux-morts-pour-la-france-pendant-la-guerre-dalgerie-et-les-combats-du-maroc-et-de-la-tunisie\/#primaryimage\"},\"image\":{\"@id\":\"https:\/\/vosgesinfo.fr\/saintdieinfo\/2025\/12\/saint-die-des-vosges-rend-hommage-aux-morts-pour-la-france-pendant-la-guerre-dalgerie-et-les-combats-du-maroc-et-de-la-tunisie\/#primaryimage\"},\"thumbnailUrl\":\"https:\/\/vosgesinfo.fr\/app\/uploads\/sites\/4\/2025\/12\/commemoration-journee-nationale-morts-france-algerie-maroc-tunisie-4.jpg\",\"datePublished\":\"2025-12-05T13:53:38+00:00\",\"dateModified\":\"2025-12-05T13:45:51+00:00\",\"breadcrumb\":{\"@id\":\"https:\/\/vosgesinfo.fr\/saintdieinfo\/2025\/12\/saint-die-des-vosges-rend-hommage-aux-morts-pour-la-france-pendant-la-guerre-dalgerie-et-les-combats-du-maroc-et-de-la-tunisie\/#breadcrumb\"},\"inLanguage\":\"fr-FR\",\"potentialAction\":[{\"@type\":\"ReadAction\",\"target\":[\"https:\/\/vosgesinfo.fr\/saintdieinfo\/2025\/12\/saint-die-des-vosges-rend-hommage-aux-morts-pour-la-france-pendant-la-guerre-dalgerie-et-les-combats-du-maroc-et-de-la-tunisie\/\"]}]},{\"@type\":\"ImageObject\",\"inLanguage\":\"fr-FR\",\"@id\":\"https:\/\/vosgesinfo.fr\/saintdieinfo\/2025\/12\/saint-die-des-vosges-rend-hommage-aux-morts-pour-la-france-pendant-la-guerre-dalgerie-et-les-combats-du-maroc-et-de-la-tunisie\/#primaryimage\",\"url\":\"https:\/\/vosgesinfo.fr\/app\/uploads\/sites\/4\/2025\/12\/commemoration-journee-nationale-morts-france-algerie-maroc-tunisie-4.jpg\",\"contentUrl\":\"https:\/\/vosgesinfo.fr\/app\/uploads\/sites\/4\/2025\/12\/commemoration-journee-nationale-morts-france-algerie-maroc-tunisie-4.jpg\",\"width\":1200,\"height\":800,\"caption\":\"(Photographies Marc Fourniquet)\"},{\"@type\":\"BreadcrumbList\",\"@id\":\"https:\/\/vosgesinfo.fr\/saintdieinfo\/2025\/12\/saint-die-des-vosges-rend-hommage-aux-morts-pour-la-france-pendant-la-guerre-dalgerie-et-les-combats-du-maroc-et-de-la-tunisie\/#breadcrumb\",\"itemListElement\":[{\"@type\":\"ListItem\",\"position\":1,\"name\":\"Home\",\"item\":\"https:\/\/vosgesinfo.fr\/saintdieinfo\/\"},{\"@type\":\"ListItem\",\"position\":2,\"name\":\"Saint-Di\u00e9-des-Vosges rend hommage aux morts pour la France pendant la guerre d\u2019Alg\u00e9rie et les combats du Maroc et de la Tunisie\"}]},{\"@type\":\"WebSite\",\"@id\":\"https:\/\/vosgesinfo.fr\/saintdieinfo\/#website\",\"url\":\"https:\/\/vosgesinfo.fr\/saintdieinfo\/\",\"name\":\"Saint Die Info\",\"description\":\"Toute l&#039;actualit\u00e9 de Saint-Di\u00e9-Des-Vosges\",\"publisher\":{\"@id\":\"https:\/\/vosgesinfo.fr\/saintdieinfo\/#organization\"},\"alternateName\":\"Toute l'actualit\u00e9 de Saint-Di\u00e9-Des-Vosges\",\"potentialAction\":[{\"@type\":\"SearchAction\",\"target\":{\"@type\":\"EntryPoint\",\"urlTemplate\":\"https:\/\/vosgesinfo.fr\/saintdieinfo\/?s={search_term_string}\"},\"query-input\":\"required name=search_term_string\"}],\"inLanguage\":\"fr-FR\"},{\"@type\":\"Organization\",\"@id\":\"https:\/\/vosgesinfo.fr\/saintdieinfo\/#organization\",\"name\":\"Saint Die Info\",\"url\":\"https:\/\/vosgesinfo.fr\/saintdieinfo\/\",\"logo\":{\"@type\":\"ImageObject\",\"inLanguage\":\"fr-FR\",\"@id\":\"https:\/\/vosgesinfo.fr\/saintdieinfo\/#\/schema\/logo\/image\/\",\"url\":\"https:\/\/vosgesinfo.fr\/app\/uploads\/sites\/4\/2024\/02\/logo-sdi.jpg\",\"contentUrl\":\"https:\/\/vosgesinfo.fr\/app\/uploads\/sites\/4\/2024\/02\/logo-sdi.jpg\",\"width\":600,\"height\":600,\"caption\":\"Saint Die Info\"},\"image\":{\"@id\":\"https:\/\/vosgesinfo.fr\/saintdieinfo\/#\/schema\/logo\/image\/\"},\"sameAs\":[\"https:\/\/www.facebook.com\/Saintdieinfofr\",\"https:\/\/x.com\/VosgesInfo88\",\"https:\/\/www.youtube.com\/@vosgesinfo\"]},{\"@type\":\"Person\",\"@id\":\"https:\/\/vosgesinfo.fr\/saintdieinfo\/#\/schema\/person\/fa73e9f726d67bb88f46d5b7943cb572\",\"name\":\"J.J.\",\"image\":{\"@type\":\"ImageObject\",\"inLanguage\":\"fr-FR\",\"@id\":\"https:\/\/vosgesinfo.fr\/saintdieinfo\/#\/schema\/person\/image\/\",\"url\":\"https:\/\/secure.gravatar.com\/avatar\/219e749e47ffbcca018a360ae4add7d4cdf1cdaaf8bc7676b27efade3fe65615?s=96&d=mm&r=g\",\"contentUrl\":\"https:\/\/secure.gravatar.com\/avatar\/219e749e47ffbcca018a360ae4add7d4cdf1cdaaf8bc7676b27efade3fe65615?s=96&d=mm&r=g\",\"caption\":\"J.J.\"},\"url\":\"https:\/\/vosgesinfo.fr\/saintdieinfo\/author\/j-j\/\"}]}<\/script>\n<!-- \/ Yoast SEO plugin. -->","yoast_head_json":{"title":"Saint-Di\u00e9-des-Vosges rend hommage aux morts pour la France pendant la guerre d\u2019Alg\u00e9rie et les combats du Maroc et de la Tunisie - Saint Die Info","robots":{"index":"index","follow":"follow","max-snippet":"max-snippet:-1","max-image-preview":"max-image-preview:large","max-video-preview":"max-video-preview:-1"},"canonical":"https:\/\/vosgesinfo.fr\/saintdieinfo\/2025\/12\/saint-die-des-vosges-rend-hommage-aux-morts-pour-la-france-pendant-la-guerre-dalgerie-et-les-combats-du-maroc-et-de-la-tunisie\/","twitter_card":"summary_large_image","twitter_title":"Saint-Di\u00e9-des-Vosges rend hommage aux morts pour la France pendant la guerre d\u2019Alg\u00e9rie et les combats du Maroc et de la Tunisie - Saint Die Info","twitter_description":"Depuis 2003 en France, la date du 5 d\u00e9cembre est la Journ\u00e9e nationale d\u2019hommage aux Morts pour la France pendant [&hellip;]","twitter_image":"https:\/\/vosgesinfo.fr\/app\/uploads\/sites\/4\/2025\/12\/commemoration-journee-nationale-morts-france-algerie-maroc-tunisie-4.jpg","twitter_creator":"@VosgesInfo88","twitter_site":"@VosgesInfo88","twitter_misc":{"\u00c9crit par":"J.J.","Dur\u00e9e de lecture estim\u00e9e":"2 minutes"},"schema":{"@context":"https:\/\/schema.org","@graph":[{"@type":"Article","@id":"https:\/\/vosgesinfo.fr\/saintdieinfo\/2025\/12\/saint-die-des-vosges-rend-hommage-aux-morts-pour-la-france-pendant-la-guerre-dalgerie-et-les-combats-du-maroc-et-de-la-tunisie\/#article","isPartOf":{"@id":"https:\/\/vosgesinfo.fr\/saintdieinfo\/2025\/12\/saint-die-des-vosges-rend-hommage-aux-morts-pour-la-france-pendant-la-guerre-dalgerie-et-les-combats-du-maroc-et-de-la-tunisie\/"},"author":{"name":"J.J.","@id":"https:\/\/vosgesinfo.fr\/saintdieinfo\/#\/schema\/person\/fa73e9f726d67bb88f46d5b7943cb572"},"headline":"Saint-Di\u00e9-des-Vosges rend hommage aux morts pour la France pendant la guerre d\u2019Alg\u00e9rie et les combats du Maroc et de la Tunisie","datePublished":"2025-12-05T13:53:38+00:00","dateModified":"2025-12-05T13:45:51+00:00","mainEntityOfPage":{"@id":"https:\/\/vosgesinfo.fr\/saintdieinfo\/2025\/12\/saint-die-des-vosges-rend-hommage-aux-morts-pour-la-france-pendant-la-guerre-dalgerie-et-les-combats-du-maroc-et-de-la-tunisie\/"},"wordCount":335,"commentCount":1,"publisher":{"@id":"https:\/\/vosgesinfo.fr\/saintdieinfo\/#organization"},"image":{"@id":"https:\/\/vosgesinfo.fr\/saintdieinfo\/2025\/12\/saint-die-des-vosges-rend-hommage-aux-morts-pour-la-france-pendant-la-guerre-dalgerie-et-les-combats-du-maroc-et-de-la-tunisie\/#primaryimage"},"thumbnailUrl":"https:\/\/vosgesinfo.fr\/app\/uploads\/sites\/4\/2025\/12\/commemoration-journee-nationale-morts-france-algerie-maroc-tunisie-4.jpg","keywords":["5 d\u00e9cembre","Alice Rufo","Anciens combattants","C\u00e9r\u00e9monie comm\u00e9morative","combats du Maroc et de la Tunisie","Guerre d'Alg\u00e9rie","Journ\u00e9e nationale d\u2019hommage aux Morts pour la France","M\u00e9morial national de la guerre d\u2019Alg\u00e9rie","ministre aupr\u00e8s de la ministre des Arm\u00e9es et des Anciens combattants","Monument aux morts","rapatri\u00e9s d\u2019Afrique du Nord","Saint-Di\u00e9-des-Vosges","vosges"],"articleSection":["A la Une","Saint-Di\u00e9-des-Vosges"],"inLanguage":"fr-FR","potentialAction":[{"@type":"CommentAction","name":"Comment","target":["https:\/\/vosgesinfo.fr\/saintdieinfo\/2025\/12\/saint-die-des-vosges-rend-hommage-aux-morts-pour-la-france-pendant-la-guerre-dalgerie-et-les-combats-du-maroc-et-de-la-tunisie\/#respond"]}]},{"@type":"WebPage","@id":"https:\/\/vosgesinfo.fr\/saintdieinfo\/2025\/12\/saint-die-des-vosges-rend-hommage-aux-morts-pour-la-france-pendant-la-guerre-dalgerie-et-les-combats-du-maroc-et-de-la-tunisie\/","url":"https:\/\/vosgesinfo.fr\/saintdieinfo\/2025\/12\/saint-die-des-vosges-rend-hommage-aux-morts-pour-la-france-pendant-la-guerre-dalgerie-et-les-combats-du-maroc-et-de-la-tunisie\/","name":"Saint-Di\u00e9-des-Vosges rend hommage aux morts pour la France pendant la guerre d\u2019Alg\u00e9rie et les combats du Maroc et de la Tunisie - Saint Die Info","isPartOf":{"@id":"https:\/\/vosgesinfo.fr\/saintdieinfo\/#website"},"primaryImageOfPage":{"@id":"https:\/\/vosgesinfo.fr\/saintdieinfo\/2025\/12\/saint-die-des-vosges-rend-hommage-aux-morts-pour-la-france-pendant-la-guerre-dalgerie-et-les-combats-du-maroc-et-de-la-tunisie\/#primaryimage"},"image":{"@id":"https:\/\/vosgesinfo.fr\/saintdieinfo\/2025\/12\/saint-die-des-vosges-rend-hommage-aux-morts-pour-la-france-pendant-la-guerre-dalgerie-et-les-combats-du-maroc-et-de-la-tunisie\/#primaryimage"},"thumbnailUrl":"https:\/\/vosgesinfo.fr\/app\/uploads\/sites\/4\/2025\/12\/commemoration-journee-nationale-morts-france-algerie-maroc-tunisie-4.jpg","datePublished":"2025-12-05T13:53:38+00:00","dateModified":"2025-12-05T13:45:51+00:00","breadcrumb":{"@id":"https:\/\/vosgesinfo.fr\/saintdieinfo\/2025\/12\/saint-die-des-vosges-rend-hommage-aux-morts-pour-la-france-pendant-la-guerre-dalgerie-et-les-combats-du-maroc-et-de-la-tunisie\/#breadcrumb"},"inLanguage":"fr-FR","potentialAction":[{"@type":"ReadAction","target":["https:\/\/vosgesinfo.fr\/saintdieinfo\/2025\/12\/saint-die-des-vosges-rend-hommage-aux-morts-pour-la-france-pendant-la-guerre-dalgerie-et-les-combats-du-maroc-et-de-la-tunisie\/"]}]},{"@type":"ImageObject","inLanguage":"fr-FR","@id":"https:\/\/vosgesinfo.fr\/saintdieinfo\/2025\/12\/saint-die-des-vosges-rend-hommage-aux-morts-pour-la-france-pendant-la-guerre-dalgerie-et-les-combats-du-maroc-et-de-la-tunisie\/#primaryimage","url":"https:\/\/vosgesinfo.fr\/app\/uploads\/sites\/4\/2025\/12\/commemoration-journee-nationale-morts-france-algerie-maroc-tunisie-4.jpg","contentUrl":"https:\/\/vosgesinfo.fr\/app\/uploads\/sites\/4\/2025\/12\/commemoration-journee-nationale-morts-france-algerie-maroc-tunisie-4.jpg","width":1200,"height":800,"caption":"(Photographies Marc Fourniquet)"},{"@type":"BreadcrumbList","@id":"https:\/\/vosgesinfo.fr\/saintdieinfo\/2025\/12\/saint-die-des-vosges-rend-hommage-aux-morts-pour-la-france-pendant-la-guerre-dalgerie-et-les-combats-du-maroc-et-de-la-tunisie\/#breadcrumb","itemListElement":[{"@type":"ListItem","position":1,"name":"Home","item":"https:\/\/vosgesinfo.fr\/saintdieinfo\/"},{"@type":"ListItem","position":2,"name":"Saint-Di\u00e9-des-Vosges rend hommage aux morts pour la France pendant la guerre d\u2019Alg\u00e9rie et les combats du Maroc et de la Tunisie"}]},{"@type":"WebSite","@id":"https:\/\/vosgesinfo.fr\/saintdieinfo\/#website","url":"https:\/\/vosgesinfo.fr\/saintdieinfo\/","name":"Saint Die Info","description":"Toute l&#039;actualit\u00e9 de Saint-Di\u00e9-Des-Vosges","publisher":{"@id":"https:\/\/vosgesinfo.fr\/saintdieinfo\/#organization"},"alternateName":"Toute l'actualit\u00e9 de Saint-Di\u00e9-Des-Vosges","potentialAction":[{"@type":"SearchAction","target":{"@type":"EntryPoint","urlTemplate":"https:\/\/vosgesinfo.fr\/saintdieinfo\/?s={search_term_string}"},"query-input":"required name=search_term_string"}],"inLanguage":"fr-FR"},{"@type":"Organization","@id":"https:\/\/vosgesinfo.fr\/saintdieinfo\/#organization","name":"Saint Die Info","url":"https:\/\/vosgesinfo.fr\/saintdieinfo\/","logo":{"@type":"ImageObject","inLanguage":"fr-FR","@id":"https:\/\/vosgesinfo.fr\/saintdieinfo\/#\/schema\/logo\/image\/","url":"https:\/\/vosgesinfo.fr\/app\/uploads\/sites\/4\/2024\/02\/logo-sdi.jpg","contentUrl":"https:\/\/vosgesinfo.fr\/app\/uploads\/sites\/4\/2024\/02\/logo-sdi.jpg","width":600,"height":600,"caption":"Saint Die Info"},"image":{"@id":"https:\/\/vosgesinfo.fr\/saintdieinfo\/#\/schema\/logo\/image\/"},"sameAs":["https:\/\/www.facebook.com\/Saintdieinfofr","https:\/\/x.com\/VosgesInfo88","https:\/\/www.youtube.com\/@vosgesinfo"]},{"@type":"Person","@id":"https:\/\/vosgesinfo.fr\/saintdieinfo\/#\/schema\/person\/fa73e9f726d67bb88f46d5b7943cb572","name":"J.J.","image":{"@type":"ImageObject","inLanguage":"fr-FR","@id":"https:\/\/vosgesinfo.fr\/saintdieinfo\/#\/schema\/person\/image\/","url":"https:\/\/secure.gravatar.com\/avatar\/219e749e47ffbcca018a360ae4add7d4cdf1cdaaf8bc7676b27efade3fe65615?s=96&d=mm&r=g","contentUrl":"https:\/\/secure.gravatar.com\/avatar\/219e749e47ffbcca018a360ae4add7d4cdf1cdaaf8bc7676b27efade3fe65615?s=96&d=mm&r=g","caption":"J.J."},"url":"https:\/\/vosgesinfo.fr\/saintdieinfo\/author\/j-j\/"}]}},"_links":{"self":[{"href":"https:\/\/vosgesinfo.fr\/saintdieinfo\/wp-json\/wp\/v2\/posts\/85495","targetHints":{"allow":["GET"]}}],"collection":[{"href":"https:\/\/vosgesinfo.fr\/saintdieinfo\/wp-json\/wp\/v2\/posts"}],"about":[{"href":"https:\/\/vosgesinfo.fr\/saintdieinfo\/wp-json\/wp\/v2\/types\/post"}],"author":[{"embeddable":true,"href":"https:\/\/vosgesinfo.fr\/saintdieinfo\/wp-json\/wp\/v2\/users\/46"}],"replies":[{"embeddable":true,"href":"https:\/\/vosgesinfo.fr\/saintdieinfo\/wp-json\/wp\/v2\/comments?post=85495"}],"version-history":[{"count":1,"href":"https:\/\/vosgesinfo.fr\/saintdieinfo\/wp-json\/wp\/v2\/posts\/85495\/revisions"}],"predecessor-version":[{"id":85501,"href":"https:\/\/vosgesinfo.fr\/saintdieinfo\/wp-json\/wp\/v2\/posts\/85495\/revisions\/85501"}],"wp:featuredmedia":[{"embeddable":true,"href":"https:\/\/vosgesinfo.fr\/saintdieinfo\/wp-json\/wp\/v2\/media\/85499"}],"wp:attachment":[{"href":"https:\/\/vosgesinfo.fr\/saintdieinfo\/wp-json\/wp\/v2\/media?parent=85495"}],"wp:term":[{"taxonomy":"category","embeddable":true,"href":"https:\/\/vosgesinfo.fr\/saintdieinfo\/wp-json\/wp\/v2\/categories?post=85495"},{"taxonomy":"post_tag","embeddable":true,"href":"https:\/\/vosgesinfo.fr\/saintdieinfo\/wp-json\/wp\/v2\/tags?post=85495"}],"curies":[{"name":"wp","href":"https:\/\/api.w.org\/{rel}","templated":true}]}}