{"id":85502,"date":"2025-12-05T15:03:10","date_gmt":"2025-12-05T14:03:10","guid":{"rendered":"https:\/\/vosgesinfo.fr\/saintdieinfo\/?p=85502"},"modified":"2025-12-05T14:50:48","modified_gmt":"2025-12-05T13:50:48","slug":"un-noel-en-musique-avec-le-choeur-des-3-abbayes-a-la-cathedrale-de-saint-die-des-vosges","status":"publish","type":"post","link":"https:\/\/vosgesinfo.fr\/saintdieinfo\/2025\/12\/un-noel-en-musique-avec-le-choeur-des-3-abbayes-a-la-cathedrale-de-saint-die-des-vosges\/","title":{"rendered":"Un No\u00ebl en musique avec le Ch\u0153ur des 3 abbayes \u00e0 la cath\u00e9drale de Saint-Di\u00e9-des-Vosges"},"content":{"rendered":"<div class=\"relative my-1 min-h-6\">\n<div class=\"origin-top-start relative flex flex-col gap-2 overflow-x-clip\">\n<div class=\"max-w-[calc(0.8*var(--thread-content-max-width,40rem))]\">\n<div class=\"flex w-full flex-col gap-1 empty:hidden first:pt-[1px]\">\n<div class=\"markdown prose dark:prose-invert w-full break-words light markdown-new-styling\">\n<h2 data-start=\"0\" data-end=\"169\">Le <strong data-start=\"3\" data-end=\"26\">Ch\u0153ur des 3 abbayes<\/strong>, <strong data-start=\"28\" data-end=\"57\">ch\u0153ur d\u2019hommes des Vosges<\/strong>, donnera un concert de No\u00ebl le <strong data-start=\"89\" data-end=\"111\">samedi 13 d\u00e9cembre<\/strong> prochain, <strong data-start=\"114\" data-end=\"122\">16 h<\/strong> en la <strong data-start=\"128\" data-end=\"166\">cath\u00e9drale de Saint-Di\u00e9-des-Vosges<\/strong>. Plac\u00e9 sous la direction d\u2019<strong data-start=\"198\" data-end=\"221\">Emilie Meistersheim<\/strong>, ce concert organis\u00e9 par la Ville de Saint-Di\u00e9-des-Vosges est <strong data-start=\"244\" data-end=\"263\">en entr\u00e9e libre.<\/strong><\/h2>\n<\/div>\n<\/div>\n<\/div>\n<\/div>\n<\/div>\n<p><!--more--><\/p>\n<p><a href=\"https:\/\/vosgesinfo.fr\/app\/uploads\/sites\/4\/2025\/12\/concert-cathedrale-choeur-3-abbayes.jpg\"><img decoding=\"async\" class=\"alignnone size-full wp-image-85503\" src=\"https:\/\/vosgesinfo.fr\/app\/uploads\/sites\/4\/2025\/12\/concert-cathedrale-choeur-3-abbayes.jpg\" alt=\"\" width=\"516\" height=\"730\" srcset=\"https:\/\/vosgesinfo.fr\/app\/uploads\/sites\/4\/2025\/12\/concert-cathedrale-choeur-3-abbayes.jpg 516w, https:\/\/vosgesinfo.fr\/app\/uploads\/sites\/4\/2025\/12\/concert-cathedrale-choeur-3-abbayes-212x300.jpg 212w\" sizes=\"(max-width: 516px) 100vw, 516px\" \/><\/a><\/p>\n","protected":false},"excerpt":{"rendered":"<p>Le Ch\u0153ur des 3 abbayes, ch\u0153ur d\u2019hommes des Vosges, donnera un concert de No\u00ebl le samedi 13 d\u00e9cembre prochain, 16 [&hellip;]<\/p>\n","protected":false},"author":46,"featured_media":85503,"comment_status":"open","ping_status":"open","sticky":false,"template":"","format":"standard","meta":{"footnotes":""},"categories":[460,8003,167],"tags":[19239,19238,5320,5061,15118,472,2881,43],"class_list":["post-85502","post","type-post","status-publish","format-standard","has-post-thumbnail","hentry","category-a-la-une","category-concert-culture","category-saint-die-des-vosges","tag-cathedrale","tag-choeur-dhommes-des-vosges","tag-choeur-des-3-abbayes","tag-concert-de-noel","tag-emilie-meistersheim","tag-musique","tag-saint-die-des-vosges","tag-vosges"],"acf":[],"yoast_head":"<!-- This site is optimized with the Yoast SEO plugin v22.5 - https:\/\/yoast.com\/wordpress\/plugins\/seo\/ -->\n<title>Un No\u00ebl en musique avec le Ch\u0153ur des 3 abbayes \u00e0 la cath\u00e9drale de Saint-Di\u00e9-des-Vosges - Saint Die Info<\/title>\n<meta name=\"robots\" content=\"index, follow, max-snippet:-1, max-image-preview:large, max-video-preview:-1\" \/>\n<link rel=\"canonical\" href=\"https:\/\/vosgesinfo.fr\/saintdieinfo\/2025\/12\/un-noel-en-musique-avec-le-choeur-des-3-abbayes-a-la-cathedrale-de-saint-die-des-vosges\/\" \/>\n<meta name=\"twitter:card\" content=\"summary_large_image\" \/>\n<meta name=\"twitter:title\" content=\"Un No\u00ebl en musique avec le Ch\u0153ur des 3 abbayes \u00e0 la cath\u00e9drale de Saint-Di\u00e9-des-Vosges - Saint Die Info\" \/>\n<meta name=\"twitter:description\" content=\"Le Ch\u0153ur des 3 abbayes, ch\u0153ur d\u2019hommes des Vosges, donnera un concert de No\u00ebl le samedi 13 d\u00e9cembre prochain, 16 [&hellip;]\" \/>\n<meta name=\"twitter:image\" content=\"https:\/\/vosgesinfo.fr\/app\/uploads\/sites\/4\/2025\/12\/concert-cathedrale-choeur-3-abbayes.jpg\" \/>\n<meta name=\"twitter:creator\" content=\"@VosgesInfo88\" \/>\n<meta name=\"twitter:site\" content=\"@VosgesInfo88\" \/>\n<meta name=\"twitter:label1\" content=\"\u00c9crit par\" \/>\n\t<meta name=\"twitter:data1\" content=\"J.J.\" \/>\n<script type=\"application\/ld+json\" class=\"yoast-schema-graph\">{\"@context\":\"https:\/\/schema.org\",\"@graph\":[{\"@type\":\"Article\",\"@id\":\"https:\/\/vosgesinfo.fr\/saintdieinfo\/2025\/12\/un-noel-en-musique-avec-le-choeur-des-3-abbayes-a-la-cathedrale-de-saint-die-des-vosges\/#article\",\"isPartOf\":{\"@id\":\"https:\/\/vosgesinfo.fr\/saintdieinfo\/2025\/12\/un-noel-en-musique-avec-le-choeur-des-3-abbayes-a-la-cathedrale-de-saint-die-des-vosges\/\"},\"author\":{\"name\":\"J.J.\",\"@id\":\"https:\/\/vosgesinfo.fr\/saintdieinfo\/#\/schema\/person\/fa73e9f726d67bb88f46d5b7943cb572\"},\"headline\":\"Un No\u00ebl en musique avec le Ch\u0153ur des 3 abbayes \u00e0 la cath\u00e9drale de Saint-Di\u00e9-des-Vosges\",\"datePublished\":\"2025-12-05T14:03:10+00:00\",\"dateModified\":\"2025-12-05T13:50:48+00:00\",\"mainEntityOfPage\":{\"@id\":\"https:\/\/vosgesinfo.fr\/saintdieinfo\/2025\/12\/un-noel-en-musique-avec-le-choeur-des-3-abbayes-a-la-cathedrale-de-saint-die-des-vosges\/\"},\"wordCount\":68,\"commentCount\":0,\"publisher\":{\"@id\":\"https:\/\/vosgesinfo.fr\/saintdieinfo\/#organization\"},\"image\":{\"@id\":\"https:\/\/vosgesinfo.fr\/saintdieinfo\/2025\/12\/un-noel-en-musique-avec-le-choeur-des-3-abbayes-a-la-cathedrale-de-saint-die-des-vosges\/#primaryimage\"},\"thumbnailUrl\":\"https:\/\/vosgesinfo.fr\/app\/uploads\/sites\/4\/2025\/12\/concert-cathedrale-choeur-3-abbayes.jpg\",\"keywords\":[\"cath\u00e9drale\",\"ch\u0153ur d\u2019hommes des Vosges\",\"Choeur des 3 Abbayes\",\"Concert de No\u00ebl\",\"Emilie Meistersheim\",\"musique\",\"Saint-Di\u00e9-des-Vosges\",\"vosges\"],\"articleSection\":[\"A la Une\",\"Concert\",\"Saint-Di\u00e9-des-Vosges\"],\"inLanguage\":\"fr-FR\",\"potentialAction\":[{\"@type\":\"CommentAction\",\"name\":\"Comment\",\"target\":[\"https:\/\/vosgesinfo.fr\/saintdieinfo\/2025\/12\/un-noel-en-musique-avec-le-choeur-des-3-abbayes-a-la-cathedrale-de-saint-die-des-vosges\/#respond\"]}]},{\"@type\":\"WebPage\",\"@id\":\"https:\/\/vosgesinfo.fr\/saintdieinfo\/2025\/12\/un-noel-en-musique-avec-le-choeur-des-3-abbayes-a-la-cathedrale-de-saint-die-des-vosges\/\",\"url\":\"https:\/\/vosgesinfo.fr\/saintdieinfo\/2025\/12\/un-noel-en-musique-avec-le-choeur-des-3-abbayes-a-la-cathedrale-de-saint-die-des-vosges\/\",\"name\":\"Un No\u00ebl en musique avec le Ch\u0153ur des 3 abbayes \u00e0 la cath\u00e9drale de Saint-Di\u00e9-des-Vosges - Saint Die Info\",\"isPartOf\":{\"@id\":\"https:\/\/vosgesinfo.fr\/saintdieinfo\/#website\"},\"primaryImageOfPage\":{\"@id\":\"https:\/\/vosgesinfo.fr\/saintdieinfo\/2025\/12\/un-noel-en-musique-avec-le-choeur-des-3-abbayes-a-la-cathedrale-de-saint-die-des-vosges\/#primaryimage\"},\"image\":{\"@id\":\"https:\/\/vosgesinfo.fr\/saintdieinfo\/2025\/12\/un-noel-en-musique-avec-le-choeur-des-3-abbayes-a-la-cathedrale-de-saint-die-des-vosges\/#primaryimage\"},\"thumbnailUrl\":\"https:\/\/vosgesinfo.fr\/app\/uploads\/sites\/4\/2025\/12\/concert-cathedrale-choeur-3-abbayes.jpg\",\"datePublished\":\"2025-12-05T14:03:10+00:00\",\"dateModified\":\"2025-12-05T13:50:48+00:00\",\"breadcrumb\":{\"@id\":\"https:\/\/vosgesinfo.fr\/saintdieinfo\/2025\/12\/un-noel-en-musique-avec-le-choeur-des-3-abbayes-a-la-cathedrale-de-saint-die-des-vosges\/#breadcrumb\"},\"inLanguage\":\"fr-FR\",\"potentialAction\":[{\"@type\":\"ReadAction\",\"target\":[\"https:\/\/vosgesinfo.fr\/saintdieinfo\/2025\/12\/un-noel-en-musique-avec-le-choeur-des-3-abbayes-a-la-cathedrale-de-saint-die-des-vosges\/\"]}]},{\"@type\":\"ImageObject\",\"inLanguage\":\"fr-FR\",\"@id\":\"https:\/\/vosgesinfo.fr\/saintdieinfo\/2025\/12\/un-noel-en-musique-avec-le-choeur-des-3-abbayes-a-la-cathedrale-de-saint-die-des-vosges\/#primaryimage\",\"url\":\"https:\/\/vosgesinfo.fr\/app\/uploads\/sites\/4\/2025\/12\/concert-cathedrale-choeur-3-abbayes.jpg\",\"contentUrl\":\"https:\/\/vosgesinfo.fr\/app\/uploads\/sites\/4\/2025\/12\/concert-cathedrale-choeur-3-abbayes.jpg\",\"width\":516,\"height\":730},{\"@type\":\"BreadcrumbList\",\"@id\":\"https:\/\/vosgesinfo.fr\/saintdieinfo\/2025\/12\/un-noel-en-musique-avec-le-choeur-des-3-abbayes-a-la-cathedrale-de-saint-die-des-vosges\/#breadcrumb\",\"itemListElement\":[{\"@type\":\"ListItem\",\"position\":1,\"name\":\"Home\",\"item\":\"https:\/\/vosgesinfo.fr\/saintdieinfo\/\"},{\"@type\":\"ListItem\",\"position\":2,\"name\":\"Un No\u00ebl en musique avec le Ch\u0153ur des 3 abbayes \u00e0 la cath\u00e9drale de Saint-Di\u00e9-des-Vosges\"}]},{\"@type\":\"WebSite\",\"@id\":\"https:\/\/vosgesinfo.fr\/saintdieinfo\/#website\",\"url\":\"https:\/\/vosgesinfo.fr\/saintdieinfo\/\",\"name\":\"Saint Die Info\",\"description\":\"Toute l&#039;actualit\u00e9 de Saint-Di\u00e9-Des-Vosges\",\"publisher\":{\"@id\":\"https:\/\/vosgesinfo.fr\/saintdieinfo\/#organization\"},\"alternateName\":\"Toute l'actualit\u00e9 de Saint-Di\u00e9-Des-Vosges\",\"potentialAction\":[{\"@type\":\"SearchAction\",\"target\":{\"@type\":\"EntryPoint\",\"urlTemplate\":\"https:\/\/vosgesinfo.fr\/saintdieinfo\/?s={search_term_string}\"},\"query-input\":\"required name=search_term_string\"}],\"inLanguage\":\"fr-FR\"},{\"@type\":\"Organization\",\"@id\":\"https:\/\/vosgesinfo.fr\/saintdieinfo\/#organization\",\"name\":\"Saint Die Info\",\"url\":\"https:\/\/vosgesinfo.fr\/saintdieinfo\/\",\"logo\":{\"@type\":\"ImageObject\",\"inLanguage\":\"fr-FR\",\"@id\":\"https:\/\/vosgesinfo.fr\/saintdieinfo\/#\/schema\/logo\/image\/\",\"url\":\"https:\/\/vosgesinfo.fr\/app\/uploads\/sites\/4\/2024\/02\/logo-sdi.jpg\",\"contentUrl\":\"https:\/\/vosgesinfo.fr\/app\/uploads\/sites\/4\/2024\/02\/logo-sdi.jpg\",\"width\":600,\"height\":600,\"caption\":\"Saint Die Info\"},\"image\":{\"@id\":\"https:\/\/vosgesinfo.fr\/saintdieinfo\/#\/schema\/logo\/image\/\"},\"sameAs\":[\"https:\/\/www.facebook.com\/Saintdieinfofr\",\"https:\/\/x.com\/VosgesInfo88\",\"https:\/\/www.youtube.com\/@vosgesinfo\"]},{\"@type\":\"Person\",\"@id\":\"https:\/\/vosgesinfo.fr\/saintdieinfo\/#\/schema\/person\/fa73e9f726d67bb88f46d5b7943cb572\",\"name\":\"J.J.\",\"image\":{\"@type\":\"ImageObject\",\"inLanguage\":\"fr-FR\",\"@id\":\"https:\/\/vosgesinfo.fr\/saintdieinfo\/#\/schema\/person\/image\/\",\"url\":\"https:\/\/secure.gravatar.com\/avatar\/219e749e47ffbcca018a360ae4add7d4cdf1cdaaf8bc7676b27efade3fe65615?s=96&d=mm&r=g\",\"contentUrl\":\"https:\/\/secure.gravatar.com\/avatar\/219e749e47ffbcca018a360ae4add7d4cdf1cdaaf8bc7676b27efade3fe65615?s=96&d=mm&r=g\",\"caption\":\"J.J.\"},\"url\":\"https:\/\/vosgesinfo.fr\/saintdieinfo\/author\/j-j\/\"}]}<\/script>\n<!-- \/ Yoast SEO plugin. -->","yoast_head_json":{"title":"Un No\u00ebl en musique avec le Ch\u0153ur des 3 abbayes \u00e0 la cath\u00e9drale de Saint-Di\u00e9-des-Vosges - Saint Die Info","robots":{"index":"index","follow":"follow","max-snippet":"max-snippet:-1","max-image-preview":"max-image-preview:large","max-video-preview":"max-video-preview:-1"},"canonical":"https:\/\/vosgesinfo.fr\/saintdieinfo\/2025\/12\/un-noel-en-musique-avec-le-choeur-des-3-abbayes-a-la-cathedrale-de-saint-die-des-vosges\/","twitter_card":"summary_large_image","twitter_title":"Un No\u00ebl en musique avec le Ch\u0153ur des 3 abbayes \u00e0 la cath\u00e9drale de Saint-Di\u00e9-des-Vosges - Saint Die Info","twitter_description":"Le Ch\u0153ur des 3 abbayes, ch\u0153ur d\u2019hommes des Vosges, donnera un concert de No\u00ebl le samedi 13 d\u00e9cembre prochain, 16 [&hellip;]","twitter_image":"https:\/\/vosgesinfo.fr\/app\/uploads\/sites\/4\/2025\/12\/concert-cathedrale-choeur-3-abbayes.jpg","twitter_creator":"@VosgesInfo88","twitter_site":"@VosgesInfo88","twitter_misc":{"\u00c9crit par":"J.J."},"schema":{"@context":"https:\/\/schema.org","@graph":[{"@type":"Article","@id":"https:\/\/vosgesinfo.fr\/saintdieinfo\/2025\/12\/un-noel-en-musique-avec-le-choeur-des-3-abbayes-a-la-cathedrale-de-saint-die-des-vosges\/#article","isPartOf":{"@id":"https:\/\/vosgesinfo.fr\/saintdieinfo\/2025\/12\/un-noel-en-musique-avec-le-choeur-des-3-abbayes-a-la-cathedrale-de-saint-die-des-vosges\/"},"author":{"name":"J.J.","@id":"https:\/\/vosgesinfo.fr\/saintdieinfo\/#\/schema\/person\/fa73e9f726d67bb88f46d5b7943cb572"},"headline":"Un No\u00ebl en musique avec le Ch\u0153ur des 3 abbayes \u00e0 la cath\u00e9drale de Saint-Di\u00e9-des-Vosges","datePublished":"2025-12-05T14:03:10+00:00","dateModified":"2025-12-05T13:50:48+00:00","mainEntityOfPage":{"@id":"https:\/\/vosgesinfo.fr\/saintdieinfo\/2025\/12\/un-noel-en-musique-avec-le-choeur-des-3-abbayes-a-la-cathedrale-de-saint-die-des-vosges\/"},"wordCount":68,"commentCount":0,"publisher":{"@id":"https:\/\/vosgesinfo.fr\/saintdieinfo\/#organization"},"image":{"@id":"https:\/\/vosgesinfo.fr\/saintdieinfo\/2025\/12\/un-noel-en-musique-avec-le-choeur-des-3-abbayes-a-la-cathedrale-de-saint-die-des-vosges\/#primaryimage"},"thumbnailUrl":"https:\/\/vosgesinfo.fr\/app\/uploads\/sites\/4\/2025\/12\/concert-cathedrale-choeur-3-abbayes.jpg","keywords":["cath\u00e9drale","ch\u0153ur d\u2019hommes des Vosges","Choeur des 3 Abbayes","Concert de No\u00ebl","Emilie Meistersheim","musique","Saint-Di\u00e9-des-Vosges","vosges"],"articleSection":["A la Une","Concert","Saint-Di\u00e9-des-Vosges"],"inLanguage":"fr-FR","potentialAction":[{"@type":"CommentAction","name":"Comment","target":["https:\/\/vosgesinfo.fr\/saintdieinfo\/2025\/12\/un-noel-en-musique-avec-le-choeur-des-3-abbayes-a-la-cathedrale-de-saint-die-des-vosges\/#respond"]}]},{"@type":"WebPage","@id":"https:\/\/vosgesinfo.fr\/saintdieinfo\/2025\/12\/un-noel-en-musique-avec-le-choeur-des-3-abbayes-a-la-cathedrale-de-saint-die-des-vosges\/","url":"https:\/\/vosgesinfo.fr\/saintdieinfo\/2025\/12\/un-noel-en-musique-avec-le-choeur-des-3-abbayes-a-la-cathedrale-de-saint-die-des-vosges\/","name":"Un No\u00ebl en musique avec le Ch\u0153ur des 3 abbayes \u00e0 la cath\u00e9drale de Saint-Di\u00e9-des-Vosges - Saint Die Info","isPartOf":{"@id":"https:\/\/vosgesinfo.fr\/saintdieinfo\/#website"},"primaryImageOfPage":{"@id":"https:\/\/vosgesinfo.fr\/saintdieinfo\/2025\/12\/un-noel-en-musique-avec-le-choeur-des-3-abbayes-a-la-cathedrale-de-saint-die-des-vosges\/#primaryimage"},"image":{"@id":"https:\/\/vosgesinfo.fr\/saintdieinfo\/2025\/12\/un-noel-en-musique-avec-le-choeur-des-3-abbayes-a-la-cathedrale-de-saint-die-des-vosges\/#primaryimage"},"thumbnailUrl":"https:\/\/vosgesinfo.fr\/app\/uploads\/sites\/4\/2025\/12\/concert-cathedrale-choeur-3-abbayes.jpg","datePublished":"2025-12-05T14:03:10+00:00","dateModified":"2025-12-05T13:50:48+00:00","breadcrumb":{"@id":"https:\/\/vosgesinfo.fr\/saintdieinfo\/2025\/12\/un-noel-en-musique-avec-le-choeur-des-3-abbayes-a-la-cathedrale-de-saint-die-des-vosges\/#breadcrumb"},"inLanguage":"fr-FR","potentialAction":[{"@type":"ReadAction","target":["https:\/\/vosgesinfo.fr\/saintdieinfo\/2025\/12\/un-noel-en-musique-avec-le-choeur-des-3-abbayes-a-la-cathedrale-de-saint-die-des-vosges\/"]}]},{"@type":"ImageObject","inLanguage":"fr-FR","@id":"https:\/\/vosgesinfo.fr\/saintdieinfo\/2025\/12\/un-noel-en-musique-avec-le-choeur-des-3-abbayes-a-la-cathedrale-de-saint-die-des-vosges\/#primaryimage","url":"https:\/\/vosgesinfo.fr\/app\/uploads\/sites\/4\/2025\/12\/concert-cathedrale-choeur-3-abbayes.jpg","contentUrl":"https:\/\/vosgesinfo.fr\/app\/uploads\/sites\/4\/2025\/12\/concert-cathedrale-choeur-3-abbayes.jpg","width":516,"height":730},{"@type":"BreadcrumbList","@id":"https:\/\/vosgesinfo.fr\/saintdieinfo\/2025\/12\/un-noel-en-musique-avec-le-choeur-des-3-abbayes-a-la-cathedrale-de-saint-die-des-vosges\/#breadcrumb","itemListElement":[{"@type":"ListItem","position":1,"name":"Home","item":"https:\/\/vosgesinfo.fr\/saintdieinfo\/"},{"@type":"ListItem","position":2,"name":"Un No\u00ebl en musique avec le Ch\u0153ur des 3 abbayes \u00e0 la cath\u00e9drale de Saint-Di\u00e9-des-Vosges"}]},{"@type":"WebSite","@id":"https:\/\/vosgesinfo.fr\/saintdieinfo\/#website","url":"https:\/\/vosgesinfo.fr\/saintdieinfo\/","name":"Saint Die Info","description":"Toute l&#039;actualit\u00e9 de Saint-Di\u00e9-Des-Vosges","publisher":{"@id":"https:\/\/vosgesinfo.fr\/saintdieinfo\/#organization"},"alternateName":"Toute l'actualit\u00e9 de Saint-Di\u00e9-Des-Vosges","potentialAction":[{"@type":"SearchAction","target":{"@type":"EntryPoint","urlTemplate":"https:\/\/vosgesinfo.fr\/saintdieinfo\/?s={search_term_string}"},"query-input":"required name=search_term_string"}],"inLanguage":"fr-FR"},{"@type":"Organization","@id":"https:\/\/vosgesinfo.fr\/saintdieinfo\/#organization","name":"Saint Die Info","url":"https:\/\/vosgesinfo.fr\/saintdieinfo\/","logo":{"@type":"ImageObject","inLanguage":"fr-FR","@id":"https:\/\/vosgesinfo.fr\/saintdieinfo\/#\/schema\/logo\/image\/","url":"https:\/\/vosgesinfo.fr\/app\/uploads\/sites\/4\/2024\/02\/logo-sdi.jpg","contentUrl":"https:\/\/vosgesinfo.fr\/app\/uploads\/sites\/4\/2024\/02\/logo-sdi.jpg","width":600,"height":600,"caption":"Saint Die Info"},"image":{"@id":"https:\/\/vosgesinfo.fr\/saintdieinfo\/#\/schema\/logo\/image\/"},"sameAs":["https:\/\/www.facebook.com\/Saintdieinfofr","https:\/\/x.com\/VosgesInfo88","https:\/\/www.youtube.com\/@vosgesinfo"]},{"@type":"Person","@id":"https:\/\/vosgesinfo.fr\/saintdieinfo\/#\/schema\/person\/fa73e9f726d67bb88f46d5b7943cb572","name":"J.J.","image":{"@type":"ImageObject","inLanguage":"fr-FR","@id":"https:\/\/vosgesinfo.fr\/saintdieinfo\/#\/schema\/person\/image\/","url":"https:\/\/secure.gravatar.com\/avatar\/219e749e47ffbcca018a360ae4add7d4cdf1cdaaf8bc7676b27efade3fe65615?s=96&d=mm&r=g","contentUrl":"https:\/\/secure.gravatar.com\/avatar\/219e749e47ffbcca018a360ae4add7d4cdf1cdaaf8bc7676b27efade3fe65615?s=96&d=mm&r=g","caption":"J.J."},"url":"https:\/\/vosgesinfo.fr\/saintdieinfo\/author\/j-j\/"}]}},"_links":{"self":[{"href":"https:\/\/vosgesinfo.fr\/saintdieinfo\/wp-json\/wp\/v2\/posts\/85502","targetHints":{"allow":["GET"]}}],"collection":[{"href":"https:\/\/vosgesinfo.fr\/saintdieinfo\/wp-json\/wp\/v2\/posts"}],"about":[{"href":"https:\/\/vosgesinfo.fr\/saintdieinfo\/wp-json\/wp\/v2\/types\/post"}],"author":[{"embeddable":true,"href":"https:\/\/vosgesinfo.fr\/saintdieinfo\/wp-json\/wp\/v2\/users\/46"}],"replies":[{"embeddable":true,"href":"https:\/\/vosgesinfo.fr\/saintdieinfo\/wp-json\/wp\/v2\/comments?post=85502"}],"version-history":[{"count":1,"href":"https:\/\/vosgesinfo.fr\/saintdieinfo\/wp-json\/wp\/v2\/posts\/85502\/revisions"}],"predecessor-version":[{"id":85504,"href":"https:\/\/vosgesinfo.fr\/saintdieinfo\/wp-json\/wp\/v2\/posts\/85502\/revisions\/85504"}],"wp:featuredmedia":[{"embeddable":true,"href":"https:\/\/vosgesinfo.fr\/saintdieinfo\/wp-json\/wp\/v2\/media\/85503"}],"wp:attachment":[{"href":"https:\/\/vosgesinfo.fr\/saintdieinfo\/wp-json\/wp\/v2\/media?parent=85502"}],"wp:term":[{"taxonomy":"category","embeddable":true,"href":"https:\/\/vosgesinfo.fr\/saintdieinfo\/wp-json\/wp\/v2\/categories?post=85502"},{"taxonomy":"post_tag","embeddable":true,"href":"https:\/\/vosgesinfo.fr\/saintdieinfo\/wp-json\/wp\/v2\/tags?post=85502"}],"curies":[{"name":"wp","href":"https:\/\/api.w.org\/{rel}","templated":true}]}}