{"id":85505,"date":"2025-12-05T18:42:06","date_gmt":"2025-12-05T17:42:06","guid":{"rendered":"https:\/\/vosgesinfo.fr\/saintdieinfo\/?p=85505"},"modified":"2025-12-05T18:38:25","modified_gmt":"2025-12-05T17:38:25","slug":"quatre-monuments-emblematiques-de-paris-sinstallent-sur-la-place-du-general-de-gaulle","status":"publish","type":"post","link":"https:\/\/vosgesinfo.fr\/saintdieinfo\/2025\/12\/quatre-monuments-emblematiques-de-paris-sinstallent-sur-la-place-du-general-de-gaulle\/","title":{"rendered":"Quatre monuments embl\u00e9matiques de Paris s&rsquo;installent sur la place du G\u00e9n\u00e9ral-de-Gaulle"},"content":{"rendered":"<p><a href=\"https:\/\/vosgesinfo.fr\/app\/uploads\/sites\/4\/2025\/12\/mise-en-lumiere-monuments-parisiens-8.jpg\"><img decoding=\"async\" class=\"alignnone size-large wp-image-85515\" src=\"https:\/\/vosgesinfo.fr\/app\/uploads\/sites\/4\/2025\/12\/mise-en-lumiere-monuments-parisiens-8-1024x771.jpg\" alt=\"\" width=\"1024\" height=\"771\" srcset=\"https:\/\/vosgesinfo.fr\/app\/uploads\/sites\/4\/2025\/12\/mise-en-lumiere-monuments-parisiens-8-1024x771.jpg 1024w, https:\/\/vosgesinfo.fr\/app\/uploads\/sites\/4\/2025\/12\/mise-en-lumiere-monuments-parisiens-8-300x226.jpg 300w, https:\/\/vosgesinfo.fr\/app\/uploads\/sites\/4\/2025\/12\/mise-en-lumiere-monuments-parisiens-8-768x578.jpg 768w, https:\/\/vosgesinfo.fr\/app\/uploads\/sites\/4\/2025\/12\/mise-en-lumiere-monuments-parisiens-8.jpg 1434w\" sizes=\"(max-width: 1024px) 100vw, 1024px\" \/><\/a><\/p>\n<h2>Tout juste r\u00e9nov\u00e9e, les travaux s&rsquo;\u00e9tant termin\u00e9s ces derni\u00e8res heures, la <strong>place du G\u00e9n\u00e9ral-de-Gaulle<\/strong> accueille <strong>4 monuments embl\u00e9matiques de Paris<\/strong> pour les f\u00eates de fin d&rsquo;ann\u00e9e : la <strong>Tour Eiffel<\/strong>, l&rsquo;<strong>Arc de Triomphe<\/strong>, l&rsquo;<strong>Arche de la D\u00e9fense<\/strong> et la <strong>Pyramide du Louvre<\/strong>.<\/h2>\n<p><!--more--><\/p>\n<h3><strong>Une collaboration entre le Comit\u00e9 des F\u00eates et le Centre Technique Municipal<\/strong><\/h3>\n<p>Hormis la Tour Eiffel qui avait \u00e9t\u00e9 r\u00e9alis\u00e9e \u00e0 l&rsquo;occasion des Jeux de Paris 2024, ces r\u00e9pliques miniatures ont \u00e9t\u00e9 fabriqu\u00e9es ces 2 derniers mois par une dizaine de b\u00e9n\u00e9voles du <strong>Comit\u00e9 des F\u00eates de Saint-Di\u00e9-des-Vosges<\/strong>, aid\u00e9s de Fabien, Olivier et Thierry du <strong>Centre Technique Municipal<\/strong>. Ces derniers se sont charg\u00e9s de la partie soudure. Sur la structure de chacune des 4 r\u00e9pliques, des centaines de m\u00e8tres de <strong>rubans leds<\/strong> ont \u00e9t\u00e9 attach\u00e9s au moyen de plusieurs milliers de colliers de serrage.<\/p>\n<h3><strong>Une id\u00e9e du pr\u00e9sident du Comit\u00e9 des F\u00eates<\/strong><\/h3>\n<p>C&rsquo;est le <strong>pr\u00e9sident du Comit\u00e9 des F\u00eates d\u00e9odatien<\/strong>, <strong>Serge Vincent<\/strong>, qui a eu l&rsquo;id\u00e9e de ces monuments miniatures. \u00ab J&rsquo;en ai discut\u00e9 avec le <strong>maire Bruno Toussaint,<\/strong> qui a \u00e9t\u00e9 emball\u00e9 par cette id\u00e9e. Il fallait trouver un <strong>th\u00e8me pertinent<\/strong>, et je me suis dit \u00ab Pourquoi pas la G\u00e9ographie ? \u00bb. On a commenc\u00e9 avec des monuments de Paris, mais on compte ajouter au fur et \u00e0 mesure chaque ann\u00e9e des <strong>monuments du monde entier<\/strong>. \u00bb<\/p>\n<h3><strong>Lancement officiel des illuminations<\/strong><\/h3>\n<p>C\u2019est sur le coup de <strong>17 h ce vendredi\u00a0<\/strong>que Bruno Toussaint et Serge Vincent ont lanc\u00e9 l\u2019<strong>illumination des monuments<\/strong>, en parall\u00e8le de celle du <strong>grand sapin<\/strong>, des <strong>travers\u00e9es de rue<\/strong> et autres <strong>motifs sur cand\u00e9labres.<\/strong><\/p>\n\n\t\t<style type=\"text\/css\">\n\t\t\t#gallery-1 {\n\t\t\t\tmargin: auto;\n\t\t\t}\n\t\t\t#gallery-1 .gallery-item {\n\t\t\t\tfloat: left;\n\t\t\t\tmargin-top: 10px;\n\t\t\t\ttext-align: center;\n\t\t\t\twidth: 50%;\n\t\t\t}\n\t\t\t#gallery-1 img {\n\t\t\t\tborder: 2px solid #cfcfcf;\n\t\t\t}\n\t\t\t#gallery-1 .gallery-caption {\n\t\t\t\tmargin-left: 0;\n\t\t\t}\n\t\t\t\/* see gallery_shortcode() in wp-includes\/media.php *\/\n\t\t<\/style>\n\t\t<div id='gallery-1' class='gallery galleryid-85505 gallery-columns-2 gallery-size-thumbnail'><dl class='gallery-item'>\n\t\t\t<dt class='gallery-icon landscape'>\n\t\t\t\t<a href='https:\/\/vosgesinfo.fr\/app\/uploads\/sites\/4\/2025\/12\/mise-en-lumiere-monuments-parisiens-1.jpg'><img decoding=\"async\" width=\"150\" height=\"150\" src=\"https:\/\/vosgesinfo.fr\/app\/uploads\/sites\/4\/2025\/12\/mise-en-lumiere-monuments-parisiens-1-150x150.jpg\" class=\"attachment-thumbnail size-thumbnail\" alt=\"\" \/><\/a>\n\t\t\t<\/dt><\/dl><dl class='gallery-item'>\n\t\t\t<dt class='gallery-icon landscape'>\n\t\t\t\t<a href='https:\/\/vosgesinfo.fr\/app\/uploads\/sites\/4\/2025\/12\/mise-en-lumiere-monuments-parisiens-2.jpg'><img decoding=\"async\" width=\"150\" height=\"150\" src=\"https:\/\/vosgesinfo.fr\/app\/uploads\/sites\/4\/2025\/12\/mise-en-lumiere-monuments-parisiens-2-150x150.jpg\" class=\"attachment-thumbnail size-thumbnail\" alt=\"\" \/><\/a>\n\t\t\t<\/dt><\/dl><br style=\"clear: both\" \/><dl class='gallery-item'>\n\t\t\t<dt class='gallery-icon landscape'>\n\t\t\t\t<a href='https:\/\/vosgesinfo.fr\/app\/uploads\/sites\/4\/2025\/12\/mise-en-lumiere-monuments-parisiens-3.jpg'><img decoding=\"async\" width=\"150\" height=\"150\" src=\"https:\/\/vosgesinfo.fr\/app\/uploads\/sites\/4\/2025\/12\/mise-en-lumiere-monuments-parisiens-3-150x150.jpg\" class=\"attachment-thumbnail size-thumbnail\" alt=\"\" \/><\/a>\n\t\t\t<\/dt><\/dl><dl class='gallery-item'>\n\t\t\t<dt class='gallery-icon landscape'>\n\t\t\t\t<a href='https:\/\/vosgesinfo.fr\/app\/uploads\/sites\/4\/2025\/12\/mise-en-lumiere-monuments-parisiens-9.jpg'><img decoding=\"async\" width=\"150\" height=\"150\" src=\"https:\/\/vosgesinfo.fr\/app\/uploads\/sites\/4\/2025\/12\/mise-en-lumiere-monuments-parisiens-9-150x150.jpg\" class=\"attachment-thumbnail size-thumbnail\" alt=\"\" \/><\/a>\n\t\t\t<\/dt><\/dl><br style=\"clear: both\" \/><dl class='gallery-item'>\n\t\t\t<dt class='gallery-icon landscape'>\n\t\t\t\t<a href='https:\/\/vosgesinfo.fr\/app\/uploads\/sites\/4\/2025\/12\/mise-en-lumiere-monuments-parisiens-7.jpg'><img decoding=\"async\" width=\"150\" height=\"150\" src=\"https:\/\/vosgesinfo.fr\/app\/uploads\/sites\/4\/2025\/12\/mise-en-lumiere-monuments-parisiens-7-150x150.jpg\" class=\"attachment-thumbnail size-thumbnail\" alt=\"\" \/><\/a>\n\t\t\t<\/dt><\/dl><dl class='gallery-item'>\n\t\t\t<dt class='gallery-icon landscape'>\n\t\t\t\t<a href='https:\/\/vosgesinfo.fr\/app\/uploads\/sites\/4\/2025\/12\/mise-en-lumiere-monuments-parisiens-5.jpg'><img decoding=\"async\" width=\"150\" height=\"150\" src=\"https:\/\/vosgesinfo.fr\/app\/uploads\/sites\/4\/2025\/12\/mise-en-lumiere-monuments-parisiens-5-150x150.jpg\" class=\"attachment-thumbnail size-thumbnail\" alt=\"\" \/><\/a>\n\t\t\t<\/dt><\/dl><br style=\"clear: both\" \/><dl class='gallery-item'>\n\t\t\t<dt class='gallery-icon landscape'>\n\t\t\t\t<a href='https:\/\/vosgesinfo.fr\/app\/uploads\/sites\/4\/2025\/12\/mise-en-lumiere-monuments-parisiens-4.jpg'><img decoding=\"async\" width=\"150\" height=\"150\" src=\"https:\/\/vosgesinfo.fr\/app\/uploads\/sites\/4\/2025\/12\/mise-en-lumiere-monuments-parisiens-4-150x150.jpg\" class=\"attachment-thumbnail size-thumbnail\" alt=\"\" \/><\/a>\n\t\t\t<\/dt><\/dl><dl class='gallery-item'>\n\t\t\t<dt class='gallery-icon portrait'>\n\t\t\t\t<a href='https:\/\/vosgesinfo.fr\/app\/uploads\/sites\/4\/2025\/12\/mise-en-lumiere-monuments-parisiens-6.jpg'><img decoding=\"async\" width=\"150\" height=\"150\" src=\"https:\/\/vosgesinfo.fr\/app\/uploads\/sites\/4\/2025\/12\/mise-en-lumiere-monuments-parisiens-6-150x150.jpg\" class=\"attachment-thumbnail size-thumbnail\" alt=\"\" \/><\/a>\n\t\t\t<\/dt><\/dl><br style=\"clear: both\" \/>\n\t\t<\/div>\n\n","protected":false},"excerpt":{"rendered":"<p>Tout juste r\u00e9nov\u00e9e, les travaux s&rsquo;\u00e9tant termin\u00e9s ces derni\u00e8res heures, la place du G\u00e9n\u00e9ral-de-Gaulle accueille 4 monuments embl\u00e9matiques de Paris [&hellip;]<\/p>\n","protected":false},"author":46,"featured_media":85515,"comment_status":"open","ping_status":"open","sticky":false,"template":"","format":"standard","meta":{"footnotes":""},"categories":[460,20,167,17],"tags":[9298,19242,3163,5295,19241,3039,19243,2881,5921,43],"class_list":["post-85505","post","type-post","status-publish","format-standard","has-post-thumbnail","hentry","category-a-la-une","category-loisirs","category-saint-die-des-vosges","category-vie-associative","tag-arc-de-triomphe","tag-arche-de-la-defense","tag-comite-des-fetes-de-saint-die-des-vosges","tag-illuminations-de-noel","tag-monuments-de-paris","tag-place-du-general-de-gaulle","tag-pyramide-du-louvre","tag-saint-die-des-vosges","tag-tour-eiffel","tag-vosges"],"acf":[],"yoast_head":"<!-- This site is optimized with the Yoast SEO plugin v22.5 - https:\/\/yoast.com\/wordpress\/plugins\/seo\/ -->\n<title>Quatre monuments embl\u00e9matiques de Paris s&#039;installent sur la place du G\u00e9n\u00e9ral-de-Gaulle - Saint Die Info<\/title>\n<meta name=\"robots\" content=\"index, follow, max-snippet:-1, max-image-preview:large, max-video-preview:-1\" \/>\n<link rel=\"canonical\" href=\"https:\/\/vosgesinfo.fr\/saintdieinfo\/2025\/12\/quatre-monuments-emblematiques-de-paris-sinstallent-sur-la-place-du-general-de-gaulle\/\" \/>\n<meta name=\"twitter:card\" content=\"summary_large_image\" \/>\n<meta name=\"twitter:title\" content=\"Quatre monuments embl\u00e9matiques de Paris s&#039;installent sur la place du G\u00e9n\u00e9ral-de-Gaulle - Saint Die Info\" \/>\n<meta name=\"twitter:description\" content=\"Tout juste r\u00e9nov\u00e9e, les travaux s&rsquo;\u00e9tant termin\u00e9s ces derni\u00e8res heures, la place du G\u00e9n\u00e9ral-de-Gaulle accueille 4 monuments embl\u00e9matiques de Paris [&hellip;]\" \/>\n<meta name=\"twitter:image\" content=\"https:\/\/vosgesinfo.fr\/app\/uploads\/sites\/4\/2025\/12\/mise-en-lumiere-monuments-parisiens-8.jpg\" \/>\n<meta name=\"twitter:creator\" content=\"@VosgesInfo88\" \/>\n<meta name=\"twitter:site\" content=\"@VosgesInfo88\" \/>\n<meta name=\"twitter:label1\" content=\"\u00c9crit par\" \/>\n\t<meta name=\"twitter:data1\" content=\"J.J.\" \/>\n\t<meta name=\"twitter:label2\" content=\"Dur\u00e9e de lecture estim\u00e9e\" \/>\n\t<meta name=\"twitter:data2\" content=\"2 minutes\" \/>\n<script type=\"application\/ld+json\" class=\"yoast-schema-graph\">{\"@context\":\"https:\/\/schema.org\",\"@graph\":[{\"@type\":\"Article\",\"@id\":\"https:\/\/vosgesinfo.fr\/saintdieinfo\/2025\/12\/quatre-monuments-emblematiques-de-paris-sinstallent-sur-la-place-du-general-de-gaulle\/#article\",\"isPartOf\":{\"@id\":\"https:\/\/vosgesinfo.fr\/saintdieinfo\/2025\/12\/quatre-monuments-emblematiques-de-paris-sinstallent-sur-la-place-du-general-de-gaulle\/\"},\"author\":{\"name\":\"J.J.\",\"@id\":\"https:\/\/vosgesinfo.fr\/saintdieinfo\/#\/schema\/person\/fa73e9f726d67bb88f46d5b7943cb572\"},\"headline\":\"Quatre monuments embl\u00e9matiques de Paris s&rsquo;installent sur la place du G\u00e9n\u00e9ral-de-Gaulle\",\"datePublished\":\"2025-12-05T17:42:06+00:00\",\"dateModified\":\"2025-12-05T17:38:25+00:00\",\"mainEntityOfPage\":{\"@id\":\"https:\/\/vosgesinfo.fr\/saintdieinfo\/2025\/12\/quatre-monuments-emblematiques-de-paris-sinstallent-sur-la-place-du-general-de-gaulle\/\"},\"wordCount\":316,\"commentCount\":2,\"publisher\":{\"@id\":\"https:\/\/vosgesinfo.fr\/saintdieinfo\/#organization\"},\"image\":{\"@id\":\"https:\/\/vosgesinfo.fr\/saintdieinfo\/2025\/12\/quatre-monuments-emblematiques-de-paris-sinstallent-sur-la-place-du-general-de-gaulle\/#primaryimage\"},\"thumbnailUrl\":\"https:\/\/vosgesinfo.fr\/app\/uploads\/sites\/4\/2025\/12\/mise-en-lumiere-monuments-parisiens-8.jpg\",\"keywords\":[\"Arc de Triomphe\",\"Arche de la D\u00e9fense\",\"Comit\u00e9 des F\u00eates de Saint-Di\u00e9-des-Vosges\",\"Illuminations de No\u00ebl\",\"monuments de Paris\",\"Place du G\u00e9n\u00e9ral de Gaulle\",\"Pyramide du Louvre\",\"Saint-Di\u00e9-des-Vosges\",\"Tour Eiffel\",\"vosges\"],\"articleSection\":[\"A la Une\",\"Loisirs\",\"Saint-Di\u00e9-des-Vosges\",\"Vie Associative\"],\"inLanguage\":\"fr-FR\",\"potentialAction\":[{\"@type\":\"CommentAction\",\"name\":\"Comment\",\"target\":[\"https:\/\/vosgesinfo.fr\/saintdieinfo\/2025\/12\/quatre-monuments-emblematiques-de-paris-sinstallent-sur-la-place-du-general-de-gaulle\/#respond\"]}]},{\"@type\":\"WebPage\",\"@id\":\"https:\/\/vosgesinfo.fr\/saintdieinfo\/2025\/12\/quatre-monuments-emblematiques-de-paris-sinstallent-sur-la-place-du-general-de-gaulle\/\",\"url\":\"https:\/\/vosgesinfo.fr\/saintdieinfo\/2025\/12\/quatre-monuments-emblematiques-de-paris-sinstallent-sur-la-place-du-general-de-gaulle\/\",\"name\":\"Quatre monuments embl\u00e9matiques de Paris s'installent sur la place du G\u00e9n\u00e9ral-de-Gaulle - Saint Die Info\",\"isPartOf\":{\"@id\":\"https:\/\/vosgesinfo.fr\/saintdieinfo\/#website\"},\"primaryImageOfPage\":{\"@id\":\"https:\/\/vosgesinfo.fr\/saintdieinfo\/2025\/12\/quatre-monuments-emblematiques-de-paris-sinstallent-sur-la-place-du-general-de-gaulle\/#primaryimage\"},\"image\":{\"@id\":\"https:\/\/vosgesinfo.fr\/saintdieinfo\/2025\/12\/quatre-monuments-emblematiques-de-paris-sinstallent-sur-la-place-du-general-de-gaulle\/#primaryimage\"},\"thumbnailUrl\":\"https:\/\/vosgesinfo.fr\/app\/uploads\/sites\/4\/2025\/12\/mise-en-lumiere-monuments-parisiens-8.jpg\",\"datePublished\":\"2025-12-05T17:42:06+00:00\",\"dateModified\":\"2025-12-05T17:38:25+00:00\",\"breadcrumb\":{\"@id\":\"https:\/\/vosgesinfo.fr\/saintdieinfo\/2025\/12\/quatre-monuments-emblematiques-de-paris-sinstallent-sur-la-place-du-general-de-gaulle\/#breadcrumb\"},\"inLanguage\":\"fr-FR\",\"potentialAction\":[{\"@type\":\"ReadAction\",\"target\":[\"https:\/\/vosgesinfo.fr\/saintdieinfo\/2025\/12\/quatre-monuments-emblematiques-de-paris-sinstallent-sur-la-place-du-general-de-gaulle\/\"]}]},{\"@type\":\"ImageObject\",\"inLanguage\":\"fr-FR\",\"@id\":\"https:\/\/vosgesinfo.fr\/saintdieinfo\/2025\/12\/quatre-monuments-emblematiques-de-paris-sinstallent-sur-la-place-du-general-de-gaulle\/#primaryimage\",\"url\":\"https:\/\/vosgesinfo.fr\/app\/uploads\/sites\/4\/2025\/12\/mise-en-lumiere-monuments-parisiens-8.jpg\",\"contentUrl\":\"https:\/\/vosgesinfo.fr\/app\/uploads\/sites\/4\/2025\/12\/mise-en-lumiere-monuments-parisiens-8.jpg\",\"width\":1434,\"height\":1080},{\"@type\":\"BreadcrumbList\",\"@id\":\"https:\/\/vosgesinfo.fr\/saintdieinfo\/2025\/12\/quatre-monuments-emblematiques-de-paris-sinstallent-sur-la-place-du-general-de-gaulle\/#breadcrumb\",\"itemListElement\":[{\"@type\":\"ListItem\",\"position\":1,\"name\":\"Home\",\"item\":\"https:\/\/vosgesinfo.fr\/saintdieinfo\/\"},{\"@type\":\"ListItem\",\"position\":2,\"name\":\"Quatre monuments embl\u00e9matiques de Paris s&rsquo;installent sur la place du G\u00e9n\u00e9ral-de-Gaulle\"}]},{\"@type\":\"WebSite\",\"@id\":\"https:\/\/vosgesinfo.fr\/saintdieinfo\/#website\",\"url\":\"https:\/\/vosgesinfo.fr\/saintdieinfo\/\",\"name\":\"Saint Die Info\",\"description\":\"Toute l&#039;actualit\u00e9 de Saint-Di\u00e9-Des-Vosges\",\"publisher\":{\"@id\":\"https:\/\/vosgesinfo.fr\/saintdieinfo\/#organization\"},\"alternateName\":\"Toute l'actualit\u00e9 de Saint-Di\u00e9-Des-Vosges\",\"potentialAction\":[{\"@type\":\"SearchAction\",\"target\":{\"@type\":\"EntryPoint\",\"urlTemplate\":\"https:\/\/vosgesinfo.fr\/saintdieinfo\/?s={search_term_string}\"},\"query-input\":\"required name=search_term_string\"}],\"inLanguage\":\"fr-FR\"},{\"@type\":\"Organization\",\"@id\":\"https:\/\/vosgesinfo.fr\/saintdieinfo\/#organization\",\"name\":\"Saint Die Info\",\"url\":\"https:\/\/vosgesinfo.fr\/saintdieinfo\/\",\"logo\":{\"@type\":\"ImageObject\",\"inLanguage\":\"fr-FR\",\"@id\":\"https:\/\/vosgesinfo.fr\/saintdieinfo\/#\/schema\/logo\/image\/\",\"url\":\"https:\/\/vosgesinfo.fr\/app\/uploads\/sites\/4\/2024\/02\/logo-sdi.jpg\",\"contentUrl\":\"https:\/\/vosgesinfo.fr\/app\/uploads\/sites\/4\/2024\/02\/logo-sdi.jpg\",\"width\":600,\"height\":600,\"caption\":\"Saint Die Info\"},\"image\":{\"@id\":\"https:\/\/vosgesinfo.fr\/saintdieinfo\/#\/schema\/logo\/image\/\"},\"sameAs\":[\"https:\/\/www.facebook.com\/Saintdieinfofr\",\"https:\/\/x.com\/VosgesInfo88\",\"https:\/\/www.youtube.com\/@vosgesinfo\"]},{\"@type\":\"Person\",\"@id\":\"https:\/\/vosgesinfo.fr\/saintdieinfo\/#\/schema\/person\/fa73e9f726d67bb88f46d5b7943cb572\",\"name\":\"J.J.\",\"image\":{\"@type\":\"ImageObject\",\"inLanguage\":\"fr-FR\",\"@id\":\"https:\/\/vosgesinfo.fr\/saintdieinfo\/#\/schema\/person\/image\/\",\"url\":\"https:\/\/secure.gravatar.com\/avatar\/219e749e47ffbcca018a360ae4add7d4cdf1cdaaf8bc7676b27efade3fe65615?s=96&d=mm&r=g\",\"contentUrl\":\"https:\/\/secure.gravatar.com\/avatar\/219e749e47ffbcca018a360ae4add7d4cdf1cdaaf8bc7676b27efade3fe65615?s=96&d=mm&r=g\",\"caption\":\"J.J.\"},\"url\":\"https:\/\/vosgesinfo.fr\/saintdieinfo\/author\/j-j\/\"}]}<\/script>\n<!-- \/ Yoast SEO plugin. -->","yoast_head_json":{"title":"Quatre monuments embl\u00e9matiques de Paris s'installent sur la place du G\u00e9n\u00e9ral-de-Gaulle - Saint Die Info","robots":{"index":"index","follow":"follow","max-snippet":"max-snippet:-1","max-image-preview":"max-image-preview:large","max-video-preview":"max-video-preview:-1"},"canonical":"https:\/\/vosgesinfo.fr\/saintdieinfo\/2025\/12\/quatre-monuments-emblematiques-de-paris-sinstallent-sur-la-place-du-general-de-gaulle\/","twitter_card":"summary_large_image","twitter_title":"Quatre monuments embl\u00e9matiques de Paris s'installent sur la place du G\u00e9n\u00e9ral-de-Gaulle - Saint Die Info","twitter_description":"Tout juste r\u00e9nov\u00e9e, les travaux s&rsquo;\u00e9tant termin\u00e9s ces derni\u00e8res heures, la place du G\u00e9n\u00e9ral-de-Gaulle accueille 4 monuments embl\u00e9matiques de Paris [&hellip;]","twitter_image":"https:\/\/vosgesinfo.fr\/app\/uploads\/sites\/4\/2025\/12\/mise-en-lumiere-monuments-parisiens-8.jpg","twitter_creator":"@VosgesInfo88","twitter_site":"@VosgesInfo88","twitter_misc":{"\u00c9crit par":"J.J.","Dur\u00e9e de lecture estim\u00e9e":"2 minutes"},"schema":{"@context":"https:\/\/schema.org","@graph":[{"@type":"Article","@id":"https:\/\/vosgesinfo.fr\/saintdieinfo\/2025\/12\/quatre-monuments-emblematiques-de-paris-sinstallent-sur-la-place-du-general-de-gaulle\/#article","isPartOf":{"@id":"https:\/\/vosgesinfo.fr\/saintdieinfo\/2025\/12\/quatre-monuments-emblematiques-de-paris-sinstallent-sur-la-place-du-general-de-gaulle\/"},"author":{"name":"J.J.","@id":"https:\/\/vosgesinfo.fr\/saintdieinfo\/#\/schema\/person\/fa73e9f726d67bb88f46d5b7943cb572"},"headline":"Quatre monuments embl\u00e9matiques de Paris s&rsquo;installent sur la place du G\u00e9n\u00e9ral-de-Gaulle","datePublished":"2025-12-05T17:42:06+00:00","dateModified":"2025-12-05T17:38:25+00:00","mainEntityOfPage":{"@id":"https:\/\/vosgesinfo.fr\/saintdieinfo\/2025\/12\/quatre-monuments-emblematiques-de-paris-sinstallent-sur-la-place-du-general-de-gaulle\/"},"wordCount":316,"commentCount":2,"publisher":{"@id":"https:\/\/vosgesinfo.fr\/saintdieinfo\/#organization"},"image":{"@id":"https:\/\/vosgesinfo.fr\/saintdieinfo\/2025\/12\/quatre-monuments-emblematiques-de-paris-sinstallent-sur-la-place-du-general-de-gaulle\/#primaryimage"},"thumbnailUrl":"https:\/\/vosgesinfo.fr\/app\/uploads\/sites\/4\/2025\/12\/mise-en-lumiere-monuments-parisiens-8.jpg","keywords":["Arc de Triomphe","Arche de la D\u00e9fense","Comit\u00e9 des F\u00eates de Saint-Di\u00e9-des-Vosges","Illuminations de No\u00ebl","monuments de Paris","Place du G\u00e9n\u00e9ral de Gaulle","Pyramide du Louvre","Saint-Di\u00e9-des-Vosges","Tour Eiffel","vosges"],"articleSection":["A la Une","Loisirs","Saint-Di\u00e9-des-Vosges","Vie Associative"],"inLanguage":"fr-FR","potentialAction":[{"@type":"CommentAction","name":"Comment","target":["https:\/\/vosgesinfo.fr\/saintdieinfo\/2025\/12\/quatre-monuments-emblematiques-de-paris-sinstallent-sur-la-place-du-general-de-gaulle\/#respond"]}]},{"@type":"WebPage","@id":"https:\/\/vosgesinfo.fr\/saintdieinfo\/2025\/12\/quatre-monuments-emblematiques-de-paris-sinstallent-sur-la-place-du-general-de-gaulle\/","url":"https:\/\/vosgesinfo.fr\/saintdieinfo\/2025\/12\/quatre-monuments-emblematiques-de-paris-sinstallent-sur-la-place-du-general-de-gaulle\/","name":"Quatre monuments embl\u00e9matiques de Paris s'installent sur la place du G\u00e9n\u00e9ral-de-Gaulle - Saint Die Info","isPartOf":{"@id":"https:\/\/vosgesinfo.fr\/saintdieinfo\/#website"},"primaryImageOfPage":{"@id":"https:\/\/vosgesinfo.fr\/saintdieinfo\/2025\/12\/quatre-monuments-emblematiques-de-paris-sinstallent-sur-la-place-du-general-de-gaulle\/#primaryimage"},"image":{"@id":"https:\/\/vosgesinfo.fr\/saintdieinfo\/2025\/12\/quatre-monuments-emblematiques-de-paris-sinstallent-sur-la-place-du-general-de-gaulle\/#primaryimage"},"thumbnailUrl":"https:\/\/vosgesinfo.fr\/app\/uploads\/sites\/4\/2025\/12\/mise-en-lumiere-monuments-parisiens-8.jpg","datePublished":"2025-12-05T17:42:06+00:00","dateModified":"2025-12-05T17:38:25+00:00","breadcrumb":{"@id":"https:\/\/vosgesinfo.fr\/saintdieinfo\/2025\/12\/quatre-monuments-emblematiques-de-paris-sinstallent-sur-la-place-du-general-de-gaulle\/#breadcrumb"},"inLanguage":"fr-FR","potentialAction":[{"@type":"ReadAction","target":["https:\/\/vosgesinfo.fr\/saintdieinfo\/2025\/12\/quatre-monuments-emblematiques-de-paris-sinstallent-sur-la-place-du-general-de-gaulle\/"]}]},{"@type":"ImageObject","inLanguage":"fr-FR","@id":"https:\/\/vosgesinfo.fr\/saintdieinfo\/2025\/12\/quatre-monuments-emblematiques-de-paris-sinstallent-sur-la-place-du-general-de-gaulle\/#primaryimage","url":"https:\/\/vosgesinfo.fr\/app\/uploads\/sites\/4\/2025\/12\/mise-en-lumiere-monuments-parisiens-8.jpg","contentUrl":"https:\/\/vosgesinfo.fr\/app\/uploads\/sites\/4\/2025\/12\/mise-en-lumiere-monuments-parisiens-8.jpg","width":1434,"height":1080},{"@type":"BreadcrumbList","@id":"https:\/\/vosgesinfo.fr\/saintdieinfo\/2025\/12\/quatre-monuments-emblematiques-de-paris-sinstallent-sur-la-place-du-general-de-gaulle\/#breadcrumb","itemListElement":[{"@type":"ListItem","position":1,"name":"Home","item":"https:\/\/vosgesinfo.fr\/saintdieinfo\/"},{"@type":"ListItem","position":2,"name":"Quatre monuments embl\u00e9matiques de Paris s&rsquo;installent sur la place du G\u00e9n\u00e9ral-de-Gaulle"}]},{"@type":"WebSite","@id":"https:\/\/vosgesinfo.fr\/saintdieinfo\/#website","url":"https:\/\/vosgesinfo.fr\/saintdieinfo\/","name":"Saint Die Info","description":"Toute l&#039;actualit\u00e9 de Saint-Di\u00e9-Des-Vosges","publisher":{"@id":"https:\/\/vosgesinfo.fr\/saintdieinfo\/#organization"},"alternateName":"Toute l'actualit\u00e9 de Saint-Di\u00e9-Des-Vosges","potentialAction":[{"@type":"SearchAction","target":{"@type":"EntryPoint","urlTemplate":"https:\/\/vosgesinfo.fr\/saintdieinfo\/?s={search_term_string}"},"query-input":"required name=search_term_string"}],"inLanguage":"fr-FR"},{"@type":"Organization","@id":"https:\/\/vosgesinfo.fr\/saintdieinfo\/#organization","name":"Saint Die Info","url":"https:\/\/vosgesinfo.fr\/saintdieinfo\/","logo":{"@type":"ImageObject","inLanguage":"fr-FR","@id":"https:\/\/vosgesinfo.fr\/saintdieinfo\/#\/schema\/logo\/image\/","url":"https:\/\/vosgesinfo.fr\/app\/uploads\/sites\/4\/2024\/02\/logo-sdi.jpg","contentUrl":"https:\/\/vosgesinfo.fr\/app\/uploads\/sites\/4\/2024\/02\/logo-sdi.jpg","width":600,"height":600,"caption":"Saint Die Info"},"image":{"@id":"https:\/\/vosgesinfo.fr\/saintdieinfo\/#\/schema\/logo\/image\/"},"sameAs":["https:\/\/www.facebook.com\/Saintdieinfofr","https:\/\/x.com\/VosgesInfo88","https:\/\/www.youtube.com\/@vosgesinfo"]},{"@type":"Person","@id":"https:\/\/vosgesinfo.fr\/saintdieinfo\/#\/schema\/person\/fa73e9f726d67bb88f46d5b7943cb572","name":"J.J.","image":{"@type":"ImageObject","inLanguage":"fr-FR","@id":"https:\/\/vosgesinfo.fr\/saintdieinfo\/#\/schema\/person\/image\/","url":"https:\/\/secure.gravatar.com\/avatar\/219e749e47ffbcca018a360ae4add7d4cdf1cdaaf8bc7676b27efade3fe65615?s=96&d=mm&r=g","contentUrl":"https:\/\/secure.gravatar.com\/avatar\/219e749e47ffbcca018a360ae4add7d4cdf1cdaaf8bc7676b27efade3fe65615?s=96&d=mm&r=g","caption":"J.J."},"url":"https:\/\/vosgesinfo.fr\/saintdieinfo\/author\/j-j\/"}]}},"_links":{"self":[{"href":"https:\/\/vosgesinfo.fr\/saintdieinfo\/wp-json\/wp\/v2\/posts\/85505","targetHints":{"allow":["GET"]}}],"collection":[{"href":"https:\/\/vosgesinfo.fr\/saintdieinfo\/wp-json\/wp\/v2\/posts"}],"about":[{"href":"https:\/\/vosgesinfo.fr\/saintdieinfo\/wp-json\/wp\/v2\/types\/post"}],"author":[{"embeddable":true,"href":"https:\/\/vosgesinfo.fr\/saintdieinfo\/wp-json\/wp\/v2\/users\/46"}],"replies":[{"embeddable":true,"href":"https:\/\/vosgesinfo.fr\/saintdieinfo\/wp-json\/wp\/v2\/comments?post=85505"}],"version-history":[{"count":2,"href":"https:\/\/vosgesinfo.fr\/saintdieinfo\/wp-json\/wp\/v2\/posts\/85505\/revisions"}],"predecessor-version":[{"id":85518,"href":"https:\/\/vosgesinfo.fr\/saintdieinfo\/wp-json\/wp\/v2\/posts\/85505\/revisions\/85518"}],"wp:featuredmedia":[{"embeddable":true,"href":"https:\/\/vosgesinfo.fr\/saintdieinfo\/wp-json\/wp\/v2\/media\/85515"}],"wp:attachment":[{"href":"https:\/\/vosgesinfo.fr\/saintdieinfo\/wp-json\/wp\/v2\/media?parent=85505"}],"wp:term":[{"taxonomy":"category","embeddable":true,"href":"https:\/\/vosgesinfo.fr\/saintdieinfo\/wp-json\/wp\/v2\/categories?post=85505"},{"taxonomy":"post_tag","embeddable":true,"href":"https:\/\/vosgesinfo.fr\/saintdieinfo\/wp-json\/wp\/v2\/tags?post=85505"}],"curies":[{"name":"wp","href":"https:\/\/api.w.org\/{rel}","templated":true}]}}