{"id":85520,"date":"2025-12-06T11:02:57","date_gmt":"2025-12-06T10:02:57","guid":{"rendered":"https:\/\/vosgesinfo.fr\/saintdieinfo\/?p=85520"},"modified":"2025-12-06T10:54:44","modified_gmt":"2025-12-06T09:54:44","slug":"municipales-2026-jan-verdonk-officiellement-candidat-a-saint-die-des-vosges","status":"publish","type":"post","link":"https:\/\/vosgesinfo.fr\/saintdieinfo\/2025\/12\/municipales-2026-jan-verdonk-officiellement-candidat-a-saint-die-des-vosges\/","title":{"rendered":"Municipales 2026\u00a0: Jan Verdonk officiellement candidat \u00e0 Saint-Di\u00e9-des-Vosges"},"content":{"rendered":"<div id=\"attachment_85522\" style=\"width: 865px\" class=\"wp-caption alignnone\"><a href=\"https:\/\/vosgesinfo.fr\/app\/uploads\/sites\/4\/2025\/12\/municipales-2026-annonce-candidature-jan-verdonk.jpg\"><img decoding=\"async\" aria-describedby=\"caption-attachment-85522\" class=\"size-full wp-image-85522\" src=\"https:\/\/vosgesinfo.fr\/app\/uploads\/sites\/4\/2025\/12\/municipales-2026-annonce-candidature-jan-verdonk.jpg\" alt=\"\" width=\"855\" height=\"793\" srcset=\"https:\/\/vosgesinfo.fr\/app\/uploads\/sites\/4\/2025\/12\/municipales-2026-annonce-candidature-jan-verdonk.jpg 855w, https:\/\/vosgesinfo.fr\/app\/uploads\/sites\/4\/2025\/12\/municipales-2026-annonce-candidature-jan-verdonk-300x278.jpg 300w, https:\/\/vosgesinfo.fr\/app\/uploads\/sites\/4\/2025\/12\/municipales-2026-annonce-candidature-jan-verdonk-768x712.jpg 768w\" sizes=\"(max-width: 855px) 100vw, 855px\" \/><\/a><p id=\"caption-attachment-85522\" class=\"wp-caption-text\">(Photographie document d&rsquo;annonce officielle de la candidature de Jan Verdonk)<\/p><\/div>\n<h2>Originaire de <strong>Saint-Di\u00e9-des-Vosges<\/strong>, <strong>Jan Verdonk<\/strong>, 28 ans, est candidat \u00e0 la mairie lors des <strong>\u00e9lections municipales des 15 et 22 mars 2026<\/strong>. Avocat de formation, il m\u00e8ne la liste <strong>\u00ab Ensemble, construisons Saint-Di\u00e9 en grand \u00bb<\/strong>.<\/h2>\n<p><!--more--><\/p>\n<p>Avant cette candidature dans sa ville natale, Jan Verdonk travaillait \u00e0 Paris o\u00f9 il occupait le poste de<strong> conseiller transversal du Haut-commissaire \u00e0 la strat\u00e9gie et au plan<\/strong>. Il est \u00e9galement membre du <strong>Bureau national des Jeunes Radicaux <\/strong>\u2013 le mouvement jeunes du Parti Radical \u2013 en charge du P\u00f4le Europe.<\/p>\n<p>Dans son <strong>annonce officielle de candidature<\/strong> publi\u00e9e <strong>ce vendredi soir<\/strong>, il estime que la ville doit <strong>\u00ab se r\u00e9veiller \u00bb<\/strong> car elle est confront\u00e9e, selon lui, \u00e0 la fermeture d\u2019entreprises, \u00e0 la hausse du ch\u00f4mage, au d\u00e9part de jeunes D\u00e9odatiens, aux difficult\u00e9s de certains commer\u00e7ants et \u00e0 un manque d\u2019animations. Jan Verdonk souligne cependant que Saint-Di\u00e9-des-Vosges dispose d\u2019atouts en termes d\u2019histoire, de talents et de cr\u00e9ativit\u00e9 et qu\u2019elle a surtout besoin d\u2019un <strong>nouvel \u00e9lan<\/strong>.<\/p>\n<p>Son projet pour la commune s\u2019articule autour de quatre axes : <strong data-start=\"62\" data-end=\"87\">d\u00e9velopper l\u2019\u00e9conomie<\/strong> en attirant de nouveaux investissements; <strong data-start=\"129\" data-end=\"156\">simplifier le quotidien des habitants<\/strong>\u00a0en r\u00e9examinant notamment le plan de circulation; <strong data-start=\"196\" data-end=\"228\">rendre la ville plus vivante<\/strong> en r\u00e9alisant des grands chantiers urbains, \u00ab comme l&rsquo;am\u00e9nagement des quais de Meurthe ou la r\u00e9novation de la Place du March\u00e9 \u00bb; et <strong data-start=\"282\" data-end=\"303\">pr\u00e9parer l\u2019avenir<\/strong> en adaptant la ville et ses b\u00e2timents aux effets du changement climatique.<\/p>\n","protected":false},"excerpt":{"rendered":"<p>Originaire de Saint-Di\u00e9-des-Vosges, Jan Verdonk, 28 ans, est candidat \u00e0 la mairie lors des \u00e9lections municipales des 15 et 22 [&hellip;]<\/p>\n","protected":false},"author":46,"featured_media":85521,"comment_status":"open","ping_status":"open","sticky":false,"template":"","format":"standard","meta":{"footnotes":""},"categories":[460,10,167],"tags":[19245,18131,19244,19248,19246,4575,19247,2881],"class_list":["post-85520","post","type-post","status-publish","format-standard","has-post-thumbnail","hentry","category-a-la-une","category-politique","category-saint-die-des-vosges","tag-candidat-a-la-mairie","tag-elections-municipales-2026","tag-jan-verdonk","tag-jeunes-radicaux","tag-liste-ensemble-construisons-saint-die-en-grand","tag-parti-radical","tag-projet-municipal","tag-saint-die-des-vosges"],"acf":[],"yoast_head":"<!-- This site is optimized with the Yoast SEO plugin v22.5 - https:\/\/yoast.com\/wordpress\/plugins\/seo\/ -->\n<title>Municipales 2026\u00a0: Jan Verdonk officiellement candidat \u00e0 Saint-Di\u00e9-des-Vosges - Saint Die Info<\/title>\n<meta name=\"robots\" content=\"index, follow, max-snippet:-1, max-image-preview:large, max-video-preview:-1\" \/>\n<link rel=\"canonical\" href=\"https:\/\/vosgesinfo.fr\/saintdieinfo\/2025\/12\/municipales-2026-jan-verdonk-officiellement-candidat-a-saint-die-des-vosges\/\" \/>\n<meta name=\"twitter:card\" content=\"summary_large_image\" \/>\n<meta name=\"twitter:title\" content=\"Municipales 2026\u00a0: Jan Verdonk officiellement candidat \u00e0 Saint-Di\u00e9-des-Vosges - Saint Die Info\" \/>\n<meta name=\"twitter:description\" content=\"Originaire de Saint-Di\u00e9-des-Vosges, Jan Verdonk, 28 ans, est candidat \u00e0 la mairie lors des \u00e9lections municipales des 15 et 22 [&hellip;]\" \/>\n<meta name=\"twitter:image\" content=\"https:\/\/vosgesinfo.fr\/app\/uploads\/sites\/4\/2025\/12\/municipales-2026-annonce-candidature-jan-verdonk-2.jpg\" \/>\n<meta name=\"twitter:creator\" content=\"@VosgesInfo88\" \/>\n<meta name=\"twitter:site\" content=\"@VosgesInfo88\" \/>\n<meta name=\"twitter:label1\" content=\"\u00c9crit par\" \/>\n\t<meta name=\"twitter:data1\" content=\"J.J.\" \/>\n\t<meta name=\"twitter:label2\" content=\"Dur\u00e9e de lecture estim\u00e9e\" \/>\n\t<meta name=\"twitter:data2\" content=\"2 minutes\" \/>\n<script type=\"application\/ld+json\" class=\"yoast-schema-graph\">{\"@context\":\"https:\/\/schema.org\",\"@graph\":[{\"@type\":\"Article\",\"@id\":\"https:\/\/vosgesinfo.fr\/saintdieinfo\/2025\/12\/municipales-2026-jan-verdonk-officiellement-candidat-a-saint-die-des-vosges\/#article\",\"isPartOf\":{\"@id\":\"https:\/\/vosgesinfo.fr\/saintdieinfo\/2025\/12\/municipales-2026-jan-verdonk-officiellement-candidat-a-saint-die-des-vosges\/\"},\"author\":{\"name\":\"J.J.\",\"@id\":\"https:\/\/vosgesinfo.fr\/saintdieinfo\/#\/schema\/person\/fa73e9f726d67bb88f46d5b7943cb572\"},\"headline\":\"Municipales 2026\u00a0: Jan Verdonk officiellement candidat \u00e0 Saint-Di\u00e9-des-Vosges\",\"datePublished\":\"2025-12-06T10:02:57+00:00\",\"dateModified\":\"2025-12-06T09:54:44+00:00\",\"mainEntityOfPage\":{\"@id\":\"https:\/\/vosgesinfo.fr\/saintdieinfo\/2025\/12\/municipales-2026-jan-verdonk-officiellement-candidat-a-saint-die-des-vosges\/\"},\"wordCount\":270,\"commentCount\":8,\"publisher\":{\"@id\":\"https:\/\/vosgesinfo.fr\/saintdieinfo\/#organization\"},\"image\":{\"@id\":\"https:\/\/vosgesinfo.fr\/saintdieinfo\/2025\/12\/municipales-2026-jan-verdonk-officiellement-candidat-a-saint-die-des-vosges\/#primaryimage\"},\"thumbnailUrl\":\"https:\/\/vosgesinfo.fr\/app\/uploads\/sites\/4\/2025\/12\/municipales-2026-annonce-candidature-jan-verdonk-2.jpg\",\"keywords\":[\"candidat \u00e0 la mairie\",\"Elections municipales 2026\",\"Jan Verdonk\",\"Jeunes Radicaux\",\"liste Ensemble construisons Saint-Di\u00e9 en grand\",\"Parti Radical\",\"projet municipal\",\"Saint-Di\u00e9-des-Vosges\"],\"articleSection\":[\"A la Une\",\"Politique\",\"Saint-Di\u00e9-des-Vosges\"],\"inLanguage\":\"fr-FR\",\"potentialAction\":[{\"@type\":\"CommentAction\",\"name\":\"Comment\",\"target\":[\"https:\/\/vosgesinfo.fr\/saintdieinfo\/2025\/12\/municipales-2026-jan-verdonk-officiellement-candidat-a-saint-die-des-vosges\/#respond\"]}]},{\"@type\":\"WebPage\",\"@id\":\"https:\/\/vosgesinfo.fr\/saintdieinfo\/2025\/12\/municipales-2026-jan-verdonk-officiellement-candidat-a-saint-die-des-vosges\/\",\"url\":\"https:\/\/vosgesinfo.fr\/saintdieinfo\/2025\/12\/municipales-2026-jan-verdonk-officiellement-candidat-a-saint-die-des-vosges\/\",\"name\":\"Municipales 2026\u00a0: Jan Verdonk officiellement candidat \u00e0 Saint-Di\u00e9-des-Vosges - Saint Die Info\",\"isPartOf\":{\"@id\":\"https:\/\/vosgesinfo.fr\/saintdieinfo\/#website\"},\"primaryImageOfPage\":{\"@id\":\"https:\/\/vosgesinfo.fr\/saintdieinfo\/2025\/12\/municipales-2026-jan-verdonk-officiellement-candidat-a-saint-die-des-vosges\/#primaryimage\"},\"image\":{\"@id\":\"https:\/\/vosgesinfo.fr\/saintdieinfo\/2025\/12\/municipales-2026-jan-verdonk-officiellement-candidat-a-saint-die-des-vosges\/#primaryimage\"},\"thumbnailUrl\":\"https:\/\/vosgesinfo.fr\/app\/uploads\/sites\/4\/2025\/12\/municipales-2026-annonce-candidature-jan-verdonk-2.jpg\",\"datePublished\":\"2025-12-06T10:02:57+00:00\",\"dateModified\":\"2025-12-06T09:54:44+00:00\",\"breadcrumb\":{\"@id\":\"https:\/\/vosgesinfo.fr\/saintdieinfo\/2025\/12\/municipales-2026-jan-verdonk-officiellement-candidat-a-saint-die-des-vosges\/#breadcrumb\"},\"inLanguage\":\"fr-FR\",\"potentialAction\":[{\"@type\":\"ReadAction\",\"target\":[\"https:\/\/vosgesinfo.fr\/saintdieinfo\/2025\/12\/municipales-2026-jan-verdonk-officiellement-candidat-a-saint-die-des-vosges\/\"]}]},{\"@type\":\"ImageObject\",\"inLanguage\":\"fr-FR\",\"@id\":\"https:\/\/vosgesinfo.fr\/saintdieinfo\/2025\/12\/municipales-2026-jan-verdonk-officiellement-candidat-a-saint-die-des-vosges\/#primaryimage\",\"url\":\"https:\/\/vosgesinfo.fr\/app\/uploads\/sites\/4\/2025\/12\/municipales-2026-annonce-candidature-jan-verdonk-2.jpg\",\"contentUrl\":\"https:\/\/vosgesinfo.fr\/app\/uploads\/sites\/4\/2025\/12\/municipales-2026-annonce-candidature-jan-verdonk-2.jpg\",\"width\":1053,\"height\":801},{\"@type\":\"BreadcrumbList\",\"@id\":\"https:\/\/vosgesinfo.fr\/saintdieinfo\/2025\/12\/municipales-2026-jan-verdonk-officiellement-candidat-a-saint-die-des-vosges\/#breadcrumb\",\"itemListElement\":[{\"@type\":\"ListItem\",\"position\":1,\"name\":\"Home\",\"item\":\"https:\/\/vosgesinfo.fr\/saintdieinfo\/\"},{\"@type\":\"ListItem\",\"position\":2,\"name\":\"Municipales 2026\u00a0: Jan Verdonk officiellement candidat \u00e0 Saint-Di\u00e9-des-Vosges\"}]},{\"@type\":\"WebSite\",\"@id\":\"https:\/\/vosgesinfo.fr\/saintdieinfo\/#website\",\"url\":\"https:\/\/vosgesinfo.fr\/saintdieinfo\/\",\"name\":\"Saint Die Info\",\"description\":\"Toute l&#039;actualit\u00e9 de Saint-Di\u00e9-Des-Vosges\",\"publisher\":{\"@id\":\"https:\/\/vosgesinfo.fr\/saintdieinfo\/#organization\"},\"alternateName\":\"Toute l'actualit\u00e9 de Saint-Di\u00e9-Des-Vosges\",\"potentialAction\":[{\"@type\":\"SearchAction\",\"target\":{\"@type\":\"EntryPoint\",\"urlTemplate\":\"https:\/\/vosgesinfo.fr\/saintdieinfo\/?s={search_term_string}\"},\"query-input\":\"required name=search_term_string\"}],\"inLanguage\":\"fr-FR\"},{\"@type\":\"Organization\",\"@id\":\"https:\/\/vosgesinfo.fr\/saintdieinfo\/#organization\",\"name\":\"Saint Die Info\",\"url\":\"https:\/\/vosgesinfo.fr\/saintdieinfo\/\",\"logo\":{\"@type\":\"ImageObject\",\"inLanguage\":\"fr-FR\",\"@id\":\"https:\/\/vosgesinfo.fr\/saintdieinfo\/#\/schema\/logo\/image\/\",\"url\":\"https:\/\/vosgesinfo.fr\/app\/uploads\/sites\/4\/2024\/02\/logo-sdi.jpg\",\"contentUrl\":\"https:\/\/vosgesinfo.fr\/app\/uploads\/sites\/4\/2024\/02\/logo-sdi.jpg\",\"width\":600,\"height\":600,\"caption\":\"Saint Die Info\"},\"image\":{\"@id\":\"https:\/\/vosgesinfo.fr\/saintdieinfo\/#\/schema\/logo\/image\/\"},\"sameAs\":[\"https:\/\/www.facebook.com\/Saintdieinfofr\",\"https:\/\/x.com\/VosgesInfo88\",\"https:\/\/www.youtube.com\/@vosgesinfo\"]},{\"@type\":\"Person\",\"@id\":\"https:\/\/vosgesinfo.fr\/saintdieinfo\/#\/schema\/person\/fa73e9f726d67bb88f46d5b7943cb572\",\"name\":\"J.J.\",\"image\":{\"@type\":\"ImageObject\",\"inLanguage\":\"fr-FR\",\"@id\":\"https:\/\/vosgesinfo.fr\/saintdieinfo\/#\/schema\/person\/image\/\",\"url\":\"https:\/\/secure.gravatar.com\/avatar\/219e749e47ffbcca018a360ae4add7d4cdf1cdaaf8bc7676b27efade3fe65615?s=96&d=mm&r=g\",\"contentUrl\":\"https:\/\/secure.gravatar.com\/avatar\/219e749e47ffbcca018a360ae4add7d4cdf1cdaaf8bc7676b27efade3fe65615?s=96&d=mm&r=g\",\"caption\":\"J.J.\"},\"url\":\"https:\/\/vosgesinfo.fr\/saintdieinfo\/author\/j-j\/\"}]}<\/script>\n<!-- \/ Yoast SEO plugin. -->","yoast_head_json":{"title":"Municipales 2026\u00a0: Jan Verdonk officiellement candidat \u00e0 Saint-Di\u00e9-des-Vosges - Saint Die Info","robots":{"index":"index","follow":"follow","max-snippet":"max-snippet:-1","max-image-preview":"max-image-preview:large","max-video-preview":"max-video-preview:-1"},"canonical":"https:\/\/vosgesinfo.fr\/saintdieinfo\/2025\/12\/municipales-2026-jan-verdonk-officiellement-candidat-a-saint-die-des-vosges\/","twitter_card":"summary_large_image","twitter_title":"Municipales 2026\u00a0: Jan Verdonk officiellement candidat \u00e0 Saint-Di\u00e9-des-Vosges - Saint Die Info","twitter_description":"Originaire de Saint-Di\u00e9-des-Vosges, Jan Verdonk, 28 ans, est candidat \u00e0 la mairie lors des \u00e9lections municipales des 15 et 22 [&hellip;]","twitter_image":"https:\/\/vosgesinfo.fr\/app\/uploads\/sites\/4\/2025\/12\/municipales-2026-annonce-candidature-jan-verdonk-2.jpg","twitter_creator":"@VosgesInfo88","twitter_site":"@VosgesInfo88","twitter_misc":{"\u00c9crit par":"J.J.","Dur\u00e9e de lecture estim\u00e9e":"2 minutes"},"schema":{"@context":"https:\/\/schema.org","@graph":[{"@type":"Article","@id":"https:\/\/vosgesinfo.fr\/saintdieinfo\/2025\/12\/municipales-2026-jan-verdonk-officiellement-candidat-a-saint-die-des-vosges\/#article","isPartOf":{"@id":"https:\/\/vosgesinfo.fr\/saintdieinfo\/2025\/12\/municipales-2026-jan-verdonk-officiellement-candidat-a-saint-die-des-vosges\/"},"author":{"name":"J.J.","@id":"https:\/\/vosgesinfo.fr\/saintdieinfo\/#\/schema\/person\/fa73e9f726d67bb88f46d5b7943cb572"},"headline":"Municipales 2026\u00a0: Jan Verdonk officiellement candidat \u00e0 Saint-Di\u00e9-des-Vosges","datePublished":"2025-12-06T10:02:57+00:00","dateModified":"2025-12-06T09:54:44+00:00","mainEntityOfPage":{"@id":"https:\/\/vosgesinfo.fr\/saintdieinfo\/2025\/12\/municipales-2026-jan-verdonk-officiellement-candidat-a-saint-die-des-vosges\/"},"wordCount":270,"commentCount":8,"publisher":{"@id":"https:\/\/vosgesinfo.fr\/saintdieinfo\/#organization"},"image":{"@id":"https:\/\/vosgesinfo.fr\/saintdieinfo\/2025\/12\/municipales-2026-jan-verdonk-officiellement-candidat-a-saint-die-des-vosges\/#primaryimage"},"thumbnailUrl":"https:\/\/vosgesinfo.fr\/app\/uploads\/sites\/4\/2025\/12\/municipales-2026-annonce-candidature-jan-verdonk-2.jpg","keywords":["candidat \u00e0 la mairie","Elections municipales 2026","Jan Verdonk","Jeunes Radicaux","liste Ensemble construisons Saint-Di\u00e9 en grand","Parti Radical","projet municipal","Saint-Di\u00e9-des-Vosges"],"articleSection":["A la Une","Politique","Saint-Di\u00e9-des-Vosges"],"inLanguage":"fr-FR","potentialAction":[{"@type":"CommentAction","name":"Comment","target":["https:\/\/vosgesinfo.fr\/saintdieinfo\/2025\/12\/municipales-2026-jan-verdonk-officiellement-candidat-a-saint-die-des-vosges\/#respond"]}]},{"@type":"WebPage","@id":"https:\/\/vosgesinfo.fr\/saintdieinfo\/2025\/12\/municipales-2026-jan-verdonk-officiellement-candidat-a-saint-die-des-vosges\/","url":"https:\/\/vosgesinfo.fr\/saintdieinfo\/2025\/12\/municipales-2026-jan-verdonk-officiellement-candidat-a-saint-die-des-vosges\/","name":"Municipales 2026\u00a0: Jan Verdonk officiellement candidat \u00e0 Saint-Di\u00e9-des-Vosges - Saint Die Info","isPartOf":{"@id":"https:\/\/vosgesinfo.fr\/saintdieinfo\/#website"},"primaryImageOfPage":{"@id":"https:\/\/vosgesinfo.fr\/saintdieinfo\/2025\/12\/municipales-2026-jan-verdonk-officiellement-candidat-a-saint-die-des-vosges\/#primaryimage"},"image":{"@id":"https:\/\/vosgesinfo.fr\/saintdieinfo\/2025\/12\/municipales-2026-jan-verdonk-officiellement-candidat-a-saint-die-des-vosges\/#primaryimage"},"thumbnailUrl":"https:\/\/vosgesinfo.fr\/app\/uploads\/sites\/4\/2025\/12\/municipales-2026-annonce-candidature-jan-verdonk-2.jpg","datePublished":"2025-12-06T10:02:57+00:00","dateModified":"2025-12-06T09:54:44+00:00","breadcrumb":{"@id":"https:\/\/vosgesinfo.fr\/saintdieinfo\/2025\/12\/municipales-2026-jan-verdonk-officiellement-candidat-a-saint-die-des-vosges\/#breadcrumb"},"inLanguage":"fr-FR","potentialAction":[{"@type":"ReadAction","target":["https:\/\/vosgesinfo.fr\/saintdieinfo\/2025\/12\/municipales-2026-jan-verdonk-officiellement-candidat-a-saint-die-des-vosges\/"]}]},{"@type":"ImageObject","inLanguage":"fr-FR","@id":"https:\/\/vosgesinfo.fr\/saintdieinfo\/2025\/12\/municipales-2026-jan-verdonk-officiellement-candidat-a-saint-die-des-vosges\/#primaryimage","url":"https:\/\/vosgesinfo.fr\/app\/uploads\/sites\/4\/2025\/12\/municipales-2026-annonce-candidature-jan-verdonk-2.jpg","contentUrl":"https:\/\/vosgesinfo.fr\/app\/uploads\/sites\/4\/2025\/12\/municipales-2026-annonce-candidature-jan-verdonk-2.jpg","width":1053,"height":801},{"@type":"BreadcrumbList","@id":"https:\/\/vosgesinfo.fr\/saintdieinfo\/2025\/12\/municipales-2026-jan-verdonk-officiellement-candidat-a-saint-die-des-vosges\/#breadcrumb","itemListElement":[{"@type":"ListItem","position":1,"name":"Home","item":"https:\/\/vosgesinfo.fr\/saintdieinfo\/"},{"@type":"ListItem","position":2,"name":"Municipales 2026\u00a0: Jan Verdonk officiellement candidat \u00e0 Saint-Di\u00e9-des-Vosges"}]},{"@type":"WebSite","@id":"https:\/\/vosgesinfo.fr\/saintdieinfo\/#website","url":"https:\/\/vosgesinfo.fr\/saintdieinfo\/","name":"Saint Die Info","description":"Toute l&#039;actualit\u00e9 de Saint-Di\u00e9-Des-Vosges","publisher":{"@id":"https:\/\/vosgesinfo.fr\/saintdieinfo\/#organization"},"alternateName":"Toute l'actualit\u00e9 de Saint-Di\u00e9-Des-Vosges","potentialAction":[{"@type":"SearchAction","target":{"@type":"EntryPoint","urlTemplate":"https:\/\/vosgesinfo.fr\/saintdieinfo\/?s={search_term_string}"},"query-input":"required name=search_term_string"}],"inLanguage":"fr-FR"},{"@type":"Organization","@id":"https:\/\/vosgesinfo.fr\/saintdieinfo\/#organization","name":"Saint Die Info","url":"https:\/\/vosgesinfo.fr\/saintdieinfo\/","logo":{"@type":"ImageObject","inLanguage":"fr-FR","@id":"https:\/\/vosgesinfo.fr\/saintdieinfo\/#\/schema\/logo\/image\/","url":"https:\/\/vosgesinfo.fr\/app\/uploads\/sites\/4\/2024\/02\/logo-sdi.jpg","contentUrl":"https:\/\/vosgesinfo.fr\/app\/uploads\/sites\/4\/2024\/02\/logo-sdi.jpg","width":600,"height":600,"caption":"Saint Die Info"},"image":{"@id":"https:\/\/vosgesinfo.fr\/saintdieinfo\/#\/schema\/logo\/image\/"},"sameAs":["https:\/\/www.facebook.com\/Saintdieinfofr","https:\/\/x.com\/VosgesInfo88","https:\/\/www.youtube.com\/@vosgesinfo"]},{"@type":"Person","@id":"https:\/\/vosgesinfo.fr\/saintdieinfo\/#\/schema\/person\/fa73e9f726d67bb88f46d5b7943cb572","name":"J.J.","image":{"@type":"ImageObject","inLanguage":"fr-FR","@id":"https:\/\/vosgesinfo.fr\/saintdieinfo\/#\/schema\/person\/image\/","url":"https:\/\/secure.gravatar.com\/avatar\/219e749e47ffbcca018a360ae4add7d4cdf1cdaaf8bc7676b27efade3fe65615?s=96&d=mm&r=g","contentUrl":"https:\/\/secure.gravatar.com\/avatar\/219e749e47ffbcca018a360ae4add7d4cdf1cdaaf8bc7676b27efade3fe65615?s=96&d=mm&r=g","caption":"J.J."},"url":"https:\/\/vosgesinfo.fr\/saintdieinfo\/author\/j-j\/"}]}},"_links":{"self":[{"href":"https:\/\/vosgesinfo.fr\/saintdieinfo\/wp-json\/wp\/v2\/posts\/85520","targetHints":{"allow":["GET"]}}],"collection":[{"href":"https:\/\/vosgesinfo.fr\/saintdieinfo\/wp-json\/wp\/v2\/posts"}],"about":[{"href":"https:\/\/vosgesinfo.fr\/saintdieinfo\/wp-json\/wp\/v2\/types\/post"}],"author":[{"embeddable":true,"href":"https:\/\/vosgesinfo.fr\/saintdieinfo\/wp-json\/wp\/v2\/users\/46"}],"replies":[{"embeddable":true,"href":"https:\/\/vosgesinfo.fr\/saintdieinfo\/wp-json\/wp\/v2\/comments?post=85520"}],"version-history":[{"count":2,"href":"https:\/\/vosgesinfo.fr\/saintdieinfo\/wp-json\/wp\/v2\/posts\/85520\/revisions"}],"predecessor-version":[{"id":85524,"href":"https:\/\/vosgesinfo.fr\/saintdieinfo\/wp-json\/wp\/v2\/posts\/85520\/revisions\/85524"}],"wp:featuredmedia":[{"embeddable":true,"href":"https:\/\/vosgesinfo.fr\/saintdieinfo\/wp-json\/wp\/v2\/media\/85521"}],"wp:attachment":[{"href":"https:\/\/vosgesinfo.fr\/saintdieinfo\/wp-json\/wp\/v2\/media?parent=85520"}],"wp:term":[{"taxonomy":"category","embeddable":true,"href":"https:\/\/vosgesinfo.fr\/saintdieinfo\/wp-json\/wp\/v2\/categories?post=85520"},{"taxonomy":"post_tag","embeddable":true,"href":"https:\/\/vosgesinfo.fr\/saintdieinfo\/wp-json\/wp\/v2\/tags?post=85520"}],"curies":[{"name":"wp","href":"https:\/\/api.w.org\/{rel}","templated":true}]}}