{"id":85525,"date":"2025-12-06T11:12:02","date_gmt":"2025-12-06T10:12:02","guid":{"rendered":"https:\/\/vosgesinfo.fr\/saintdieinfo\/?p=85525"},"modified":"2025-12-06T11:01:34","modified_gmt":"2025-12-06T10:01:34","slug":"la-musique-la-danse-et-la-solidarite-a-loeuvre-pour-le-telethon-deodatien","status":"publish","type":"post","link":"https:\/\/vosgesinfo.fr\/saintdieinfo\/2025\/12\/la-musique-la-danse-et-la-solidarite-a-loeuvre-pour-le-telethon-deodatien\/","title":{"rendered":"La musique, la danse et la solidarit\u00e9 \u00e0 l\u2019\u0153uvre pour le T\u00e9l\u00e9thon d\u00e9odatien"},"content":{"rendered":"<div id=\"attachment_85526\" style=\"width: 1034px\" class=\"wp-caption alignnone\"><a href=\"https:\/\/vosgesinfo.fr\/app\/uploads\/sites\/4\/2025\/12\/soiree-temps-fort-39e-telethon-1.jpg\"><img decoding=\"async\" aria-describedby=\"caption-attachment-85526\" class=\"size-large wp-image-85526\" src=\"https:\/\/vosgesinfo.fr\/app\/uploads\/sites\/4\/2025\/12\/soiree-temps-fort-39e-telethon-1-1024x683.jpg\" alt=\"\" width=\"1024\" height=\"683\" srcset=\"https:\/\/vosgesinfo.fr\/app\/uploads\/sites\/4\/2025\/12\/soiree-temps-fort-39e-telethon-1-1024x683.jpg 1024w, https:\/\/vosgesinfo.fr\/app\/uploads\/sites\/4\/2025\/12\/soiree-temps-fort-39e-telethon-1-300x200.jpg 300w, https:\/\/vosgesinfo.fr\/app\/uploads\/sites\/4\/2025\/12\/soiree-temps-fort-39e-telethon-1-768x512.jpg 768w, https:\/\/vosgesinfo.fr\/app\/uploads\/sites\/4\/2025\/12\/soiree-temps-fort-39e-telethon-1.jpg 1200w\" sizes=\"(max-width: 1024px) 100vw, 1024px\" \/><\/a><p id=\"caption-attachment-85526\" class=\"wp-caption-text\">(Photographies Marc Fourniquet)<\/p><\/div>\n<h2><a href=\"https:\/\/vosgesinfo.fr\/saintdieinfo\/2025\/11\/saint-die-des-vosges-se-met-en-action-pour-le-39e-telethon\/\" target=\"_blank\" rel=\"noopener\">Si l\u2019<strong>\u00e9cho d\u00e9odatien du 39e T\u00e9l\u00e9thon<\/strong> se d\u00e9cline sur plusieurs jours, fin novembre et d\u00e9but d\u00e9cembre<\/a>, c\u2019est <strong>hier vendredi soir <\/strong>qu\u2019avait lieu la journ\u00e9e \u00ab temps fort \u00bb du programme. \u00c0 partir de 18 h 30, <a href=\"https:\/\/vosgesinfo.fr\/saintdieinfo\/2025\/12\/les-ecoliers-de-saint-die-des-vosges-en-mouvement-pour-le-telethon\/\" target=\"_blank\" rel=\"noopener\">apr\u00e8s les ateliers et d\u00e9fis sportifs de la journ\u00e9e<\/a>, la <strong>salle Carbonnar<\/strong> accueillait une soir\u00e9e m\u00ealant musique, danse et com\u00e9die.<\/h2>\n<p><!--more--><\/p>\n<h3><b>Les RetroZikos, Mel\u2019Fitness et les Mistinguet\u2019s en sc\u00e8ne pour le T\u00e9l\u00e9thon<\/b><\/h3>\n<p>Une soir\u00e9e organis\u00e9e par la <strong>Ville de Saint-Di\u00e9-des-Vosges<\/strong> en partenariat avec l\u2019<strong>association D\u00e9o\u2019Recycle<\/strong>, qui s\u2019est ouverte dans une ambiance festive avec Les RetroZikos. L\u2019orchestre a laiss\u00e9 place ensuite aux danseuses de Mel\u2019Fitness et Danse, puis \u00e0 la troupe des Mistinguet\u2019s. Ces derni\u00e8res ont pr\u00e9sent\u00e9 leur spectacle \u00ab <strong>Les Mistinguet\u2019s enchantent le T\u00e9l\u00e9thon<\/strong> \u00bb.<\/p>\n<h3><b>Des b\u00e9n\u00e9fices int\u00e9gralement revers\u00e9s \u00e0 l\u2019AFM T\u00e9l\u00e9thon<\/b><\/h3>\n<p>Le tableau de la soir\u00e9e \u00e9tait compl\u00e9t\u00e9 par une buvette, de la petite restauration\u2026 et un <strong>grand zeste de solidarit\u00e9<\/strong>. Car l&rsquo;ensemble des b\u00e9n\u00e9fices de la soir\u00e9e sera revers\u00e9e au profit de<b> l&rsquo;AFM T\u00e9l\u00e9thon.<\/b><\/p>\n\n\t\t<style type=\"text\/css\">\n\t\t\t#gallery-1 {\n\t\t\t\tmargin: auto;\n\t\t\t}\n\t\t\t#gallery-1 .gallery-item {\n\t\t\t\tfloat: left;\n\t\t\t\tmargin-top: 10px;\n\t\t\t\ttext-align: center;\n\t\t\t\twidth: 50%;\n\t\t\t}\n\t\t\t#gallery-1 img {\n\t\t\t\tborder: 2px solid #cfcfcf;\n\t\t\t}\n\t\t\t#gallery-1 .gallery-caption {\n\t\t\t\tmargin-left: 0;\n\t\t\t}\n\t\t\t\/* see gallery_shortcode() in wp-includes\/media.php *\/\n\t\t<\/style>\n\t\t<div id='gallery-1' class='gallery galleryid-85525 gallery-columns-2 gallery-size-thumbnail'><dl class='gallery-item'>\n\t\t\t<dt class='gallery-icon landscape'>\n\t\t\t\t<a href='https:\/\/vosgesinfo.fr\/app\/uploads\/sites\/4\/2025\/12\/soiree-temps-fort-39e-telethon-2.jpg'><img decoding=\"async\" width=\"150\" height=\"150\" src=\"https:\/\/vosgesinfo.fr\/app\/uploads\/sites\/4\/2025\/12\/soiree-temps-fort-39e-telethon-2-150x150.jpg\" class=\"attachment-thumbnail size-thumbnail\" alt=\"\" \/><\/a>\n\t\t\t<\/dt><\/dl><dl class='gallery-item'>\n\t\t\t<dt class='gallery-icon landscape'>\n\t\t\t\t<a href='https:\/\/vosgesinfo.fr\/app\/uploads\/sites\/4\/2025\/12\/soiree-temps-fort-39e-telethon-3.jpg'><img decoding=\"async\" width=\"150\" height=\"150\" src=\"https:\/\/vosgesinfo.fr\/app\/uploads\/sites\/4\/2025\/12\/soiree-temps-fort-39e-telethon-3-150x150.jpg\" class=\"attachment-thumbnail size-thumbnail\" alt=\"\" \/><\/a>\n\t\t\t<\/dt><\/dl><br style=\"clear: both\" \/><dl class='gallery-item'>\n\t\t\t<dt class='gallery-icon landscape'>\n\t\t\t\t<a href='https:\/\/vosgesinfo.fr\/app\/uploads\/sites\/4\/2025\/12\/soiree-temps-fort-39e-telethon-4.jpg'><img decoding=\"async\" width=\"150\" height=\"150\" src=\"https:\/\/vosgesinfo.fr\/app\/uploads\/sites\/4\/2025\/12\/soiree-temps-fort-39e-telethon-4-150x150.jpg\" class=\"attachment-thumbnail size-thumbnail\" alt=\"\" \/><\/a>\n\t\t\t<\/dt><\/dl><dl class='gallery-item'>\n\t\t\t<dt class='gallery-icon landscape'>\n\t\t\t\t<a href='https:\/\/vosgesinfo.fr\/app\/uploads\/sites\/4\/2025\/12\/soiree-temps-fort-39e-telethon-5.jpg'><img decoding=\"async\" width=\"150\" height=\"150\" src=\"https:\/\/vosgesinfo.fr\/app\/uploads\/sites\/4\/2025\/12\/soiree-temps-fort-39e-telethon-5-150x150.jpg\" class=\"attachment-thumbnail size-thumbnail\" alt=\"\" \/><\/a>\n\t\t\t<\/dt><\/dl><br style=\"clear: both\" \/>\n\t\t<\/div>\n\n","protected":false},"excerpt":{"rendered":"<p>Si l\u2019\u00e9cho d\u00e9odatien du 39e T\u00e9l\u00e9thon se d\u00e9cline sur plusieurs jours, fin novembre et d\u00e9but d\u00e9cembre, c\u2019est hier vendredi soir [&hellip;]<\/p>\n","protected":false},"author":46,"featured_media":85526,"comment_status":"open","ping_status":"open","sticky":false,"template":"","format":"standard","meta":{"footnotes":""},"categories":[460,20,167,29,17],"tags":[19249,8140,19253,19250,19251,19252,2881,3571,19254,2706],"class_list":["post-85525","post","type-post","status-publish","format-standard","has-post-thumbnail","hentry","category-a-la-une","category-loisirs","category-saint-die-des-vosges","category-solidarite","category-vie-associative","tag-39e-telethon","tag-deorecycle","tag-les-mistinguets-enchantent-le-telethon","tag-les-retrozikos","tag-melfitness-et-danse","tag-mistinguets","tag-saint-die-des-vosges","tag-salle-carbonnar","tag-soiree-solidaire","tag-telethon"],"acf":[],"yoast_head":"<!-- This site is optimized with the Yoast SEO plugin v22.5 - https:\/\/yoast.com\/wordpress\/plugins\/seo\/ -->\n<title>La musique, la danse et la solidarit\u00e9 \u00e0 l\u2019\u0153uvre pour le T\u00e9l\u00e9thon d\u00e9odatien - Saint Die Info<\/title>\n<meta name=\"robots\" content=\"index, follow, max-snippet:-1, max-image-preview:large, max-video-preview:-1\" \/>\n<link rel=\"canonical\" href=\"https:\/\/vosgesinfo.fr\/saintdieinfo\/2025\/12\/la-musique-la-danse-et-la-solidarite-a-loeuvre-pour-le-telethon-deodatien\/\" \/>\n<meta name=\"twitter:card\" content=\"summary_large_image\" \/>\n<meta name=\"twitter:title\" content=\"La musique, la danse et la solidarit\u00e9 \u00e0 l\u2019\u0153uvre pour le T\u00e9l\u00e9thon d\u00e9odatien - Saint Die Info\" \/>\n<meta name=\"twitter:description\" content=\"Si l\u2019\u00e9cho d\u00e9odatien du 39e T\u00e9l\u00e9thon se d\u00e9cline sur plusieurs jours, fin novembre et d\u00e9but d\u00e9cembre, c\u2019est hier vendredi soir [&hellip;]\" \/>\n<meta name=\"twitter:image\" content=\"https:\/\/vosgesinfo.fr\/app\/uploads\/sites\/4\/2025\/12\/soiree-temps-fort-39e-telethon-1.jpg\" \/>\n<meta name=\"twitter:creator\" content=\"@VosgesInfo88\" \/>\n<meta name=\"twitter:site\" content=\"@VosgesInfo88\" \/>\n<meta name=\"twitter:label1\" content=\"\u00c9crit par\" \/>\n\t<meta name=\"twitter:data1\" content=\"J.J.\" \/>\n\t<meta name=\"twitter:label2\" content=\"Dur\u00e9e de lecture estim\u00e9e\" \/>\n\t<meta name=\"twitter:data2\" content=\"2 minutes\" \/>\n<script type=\"application\/ld+json\" class=\"yoast-schema-graph\">{\"@context\":\"https:\/\/schema.org\",\"@graph\":[{\"@type\":\"Article\",\"@id\":\"https:\/\/vosgesinfo.fr\/saintdieinfo\/2025\/12\/la-musique-la-danse-et-la-solidarite-a-loeuvre-pour-le-telethon-deodatien\/#article\",\"isPartOf\":{\"@id\":\"https:\/\/vosgesinfo.fr\/saintdieinfo\/2025\/12\/la-musique-la-danse-et-la-solidarite-a-loeuvre-pour-le-telethon-deodatien\/\"},\"author\":{\"name\":\"J.J.\",\"@id\":\"https:\/\/vosgesinfo.fr\/saintdieinfo\/#\/schema\/person\/fa73e9f726d67bb88f46d5b7943cb572\"},\"headline\":\"La musique, la danse et la solidarit\u00e9 \u00e0 l\u2019\u0153uvre pour le T\u00e9l\u00e9thon d\u00e9odatien\",\"datePublished\":\"2025-12-06T10:12:02+00:00\",\"dateModified\":\"2025-12-06T10:01:34+00:00\",\"mainEntityOfPage\":{\"@id\":\"https:\/\/vosgesinfo.fr\/saintdieinfo\/2025\/12\/la-musique-la-danse-et-la-solidarite-a-loeuvre-pour-le-telethon-deodatien\/\"},\"wordCount\":236,\"commentCount\":0,\"publisher\":{\"@id\":\"https:\/\/vosgesinfo.fr\/saintdieinfo\/#organization\"},\"image\":{\"@id\":\"https:\/\/vosgesinfo.fr\/saintdieinfo\/2025\/12\/la-musique-la-danse-et-la-solidarite-a-loeuvre-pour-le-telethon-deodatien\/#primaryimage\"},\"thumbnailUrl\":\"https:\/\/vosgesinfo.fr\/app\/uploads\/sites\/4\/2025\/12\/soiree-temps-fort-39e-telethon-1.jpg\",\"keywords\":[\"39e T\u00e9l\u00e9thon\",\"Deo'Recycle\",\"Les Mistinguet\u2019s enchantent le T\u00e9l\u00e9thon\",\"Les RetroZikos\",\"Mel\u2019Fitness et Danse\",\"Mistinguet\u2019s\",\"Saint-Di\u00e9-des-Vosges\",\"Salle Carbonnar\",\"soir\u00e9e solidaire\",\"T\u00e9l\u00e9thon\"],\"articleSection\":[\"A la Une\",\"Loisirs\",\"Saint-Di\u00e9-des-Vosges\",\"Solidarit\u00e9\",\"Vie Associative\"],\"inLanguage\":\"fr-FR\",\"potentialAction\":[{\"@type\":\"CommentAction\",\"name\":\"Comment\",\"target\":[\"https:\/\/vosgesinfo.fr\/saintdieinfo\/2025\/12\/la-musique-la-danse-et-la-solidarite-a-loeuvre-pour-le-telethon-deodatien\/#respond\"]}]},{\"@type\":\"WebPage\",\"@id\":\"https:\/\/vosgesinfo.fr\/saintdieinfo\/2025\/12\/la-musique-la-danse-et-la-solidarite-a-loeuvre-pour-le-telethon-deodatien\/\",\"url\":\"https:\/\/vosgesinfo.fr\/saintdieinfo\/2025\/12\/la-musique-la-danse-et-la-solidarite-a-loeuvre-pour-le-telethon-deodatien\/\",\"name\":\"La musique, la danse et la solidarit\u00e9 \u00e0 l\u2019\u0153uvre pour le T\u00e9l\u00e9thon d\u00e9odatien - Saint Die Info\",\"isPartOf\":{\"@id\":\"https:\/\/vosgesinfo.fr\/saintdieinfo\/#website\"},\"primaryImageOfPage\":{\"@id\":\"https:\/\/vosgesinfo.fr\/saintdieinfo\/2025\/12\/la-musique-la-danse-et-la-solidarite-a-loeuvre-pour-le-telethon-deodatien\/#primaryimage\"},\"image\":{\"@id\":\"https:\/\/vosgesinfo.fr\/saintdieinfo\/2025\/12\/la-musique-la-danse-et-la-solidarite-a-loeuvre-pour-le-telethon-deodatien\/#primaryimage\"},\"thumbnailUrl\":\"https:\/\/vosgesinfo.fr\/app\/uploads\/sites\/4\/2025\/12\/soiree-temps-fort-39e-telethon-1.jpg\",\"datePublished\":\"2025-12-06T10:12:02+00:00\",\"dateModified\":\"2025-12-06T10:01:34+00:00\",\"breadcrumb\":{\"@id\":\"https:\/\/vosgesinfo.fr\/saintdieinfo\/2025\/12\/la-musique-la-danse-et-la-solidarite-a-loeuvre-pour-le-telethon-deodatien\/#breadcrumb\"},\"inLanguage\":\"fr-FR\",\"potentialAction\":[{\"@type\":\"ReadAction\",\"target\":[\"https:\/\/vosgesinfo.fr\/saintdieinfo\/2025\/12\/la-musique-la-danse-et-la-solidarite-a-loeuvre-pour-le-telethon-deodatien\/\"]}]},{\"@type\":\"ImageObject\",\"inLanguage\":\"fr-FR\",\"@id\":\"https:\/\/vosgesinfo.fr\/saintdieinfo\/2025\/12\/la-musique-la-danse-et-la-solidarite-a-loeuvre-pour-le-telethon-deodatien\/#primaryimage\",\"url\":\"https:\/\/vosgesinfo.fr\/app\/uploads\/sites\/4\/2025\/12\/soiree-temps-fort-39e-telethon-1.jpg\",\"contentUrl\":\"https:\/\/vosgesinfo.fr\/app\/uploads\/sites\/4\/2025\/12\/soiree-temps-fort-39e-telethon-1.jpg\",\"width\":1200,\"height\":800,\"caption\":\"(Photographies Marc Fourniquet)\"},{\"@type\":\"BreadcrumbList\",\"@id\":\"https:\/\/vosgesinfo.fr\/saintdieinfo\/2025\/12\/la-musique-la-danse-et-la-solidarite-a-loeuvre-pour-le-telethon-deodatien\/#breadcrumb\",\"itemListElement\":[{\"@type\":\"ListItem\",\"position\":1,\"name\":\"Home\",\"item\":\"https:\/\/vosgesinfo.fr\/saintdieinfo\/\"},{\"@type\":\"ListItem\",\"position\":2,\"name\":\"La musique, la danse et la solidarit\u00e9 \u00e0 l\u2019\u0153uvre pour le T\u00e9l\u00e9thon d\u00e9odatien\"}]},{\"@type\":\"WebSite\",\"@id\":\"https:\/\/vosgesinfo.fr\/saintdieinfo\/#website\",\"url\":\"https:\/\/vosgesinfo.fr\/saintdieinfo\/\",\"name\":\"Saint Die Info\",\"description\":\"Toute l&#039;actualit\u00e9 de Saint-Di\u00e9-Des-Vosges\",\"publisher\":{\"@id\":\"https:\/\/vosgesinfo.fr\/saintdieinfo\/#organization\"},\"alternateName\":\"Toute l'actualit\u00e9 de Saint-Di\u00e9-Des-Vosges\",\"potentialAction\":[{\"@type\":\"SearchAction\",\"target\":{\"@type\":\"EntryPoint\",\"urlTemplate\":\"https:\/\/vosgesinfo.fr\/saintdieinfo\/?s={search_term_string}\"},\"query-input\":\"required name=search_term_string\"}],\"inLanguage\":\"fr-FR\"},{\"@type\":\"Organization\",\"@id\":\"https:\/\/vosgesinfo.fr\/saintdieinfo\/#organization\",\"name\":\"Saint Die Info\",\"url\":\"https:\/\/vosgesinfo.fr\/saintdieinfo\/\",\"logo\":{\"@type\":\"ImageObject\",\"inLanguage\":\"fr-FR\",\"@id\":\"https:\/\/vosgesinfo.fr\/saintdieinfo\/#\/schema\/logo\/image\/\",\"url\":\"https:\/\/vosgesinfo.fr\/app\/uploads\/sites\/4\/2024\/02\/logo-sdi.jpg\",\"contentUrl\":\"https:\/\/vosgesinfo.fr\/app\/uploads\/sites\/4\/2024\/02\/logo-sdi.jpg\",\"width\":600,\"height\":600,\"caption\":\"Saint Die Info\"},\"image\":{\"@id\":\"https:\/\/vosgesinfo.fr\/saintdieinfo\/#\/schema\/logo\/image\/\"},\"sameAs\":[\"https:\/\/www.facebook.com\/Saintdieinfofr\",\"https:\/\/x.com\/VosgesInfo88\",\"https:\/\/www.youtube.com\/@vosgesinfo\"]},{\"@type\":\"Person\",\"@id\":\"https:\/\/vosgesinfo.fr\/saintdieinfo\/#\/schema\/person\/fa73e9f726d67bb88f46d5b7943cb572\",\"name\":\"J.J.\",\"image\":{\"@type\":\"ImageObject\",\"inLanguage\":\"fr-FR\",\"@id\":\"https:\/\/vosgesinfo.fr\/saintdieinfo\/#\/schema\/person\/image\/\",\"url\":\"https:\/\/secure.gravatar.com\/avatar\/219e749e47ffbcca018a360ae4add7d4cdf1cdaaf8bc7676b27efade3fe65615?s=96&d=mm&r=g\",\"contentUrl\":\"https:\/\/secure.gravatar.com\/avatar\/219e749e47ffbcca018a360ae4add7d4cdf1cdaaf8bc7676b27efade3fe65615?s=96&d=mm&r=g\",\"caption\":\"J.J.\"},\"url\":\"https:\/\/vosgesinfo.fr\/saintdieinfo\/author\/j-j\/\"}]}<\/script>\n<!-- \/ Yoast SEO plugin. -->","yoast_head_json":{"title":"La musique, la danse et la solidarit\u00e9 \u00e0 l\u2019\u0153uvre pour le T\u00e9l\u00e9thon d\u00e9odatien - Saint Die Info","robots":{"index":"index","follow":"follow","max-snippet":"max-snippet:-1","max-image-preview":"max-image-preview:large","max-video-preview":"max-video-preview:-1"},"canonical":"https:\/\/vosgesinfo.fr\/saintdieinfo\/2025\/12\/la-musique-la-danse-et-la-solidarite-a-loeuvre-pour-le-telethon-deodatien\/","twitter_card":"summary_large_image","twitter_title":"La musique, la danse et la solidarit\u00e9 \u00e0 l\u2019\u0153uvre pour le T\u00e9l\u00e9thon d\u00e9odatien - Saint Die Info","twitter_description":"Si l\u2019\u00e9cho d\u00e9odatien du 39e T\u00e9l\u00e9thon se d\u00e9cline sur plusieurs jours, fin novembre et d\u00e9but d\u00e9cembre, c\u2019est hier vendredi soir [&hellip;]","twitter_image":"https:\/\/vosgesinfo.fr\/app\/uploads\/sites\/4\/2025\/12\/soiree-temps-fort-39e-telethon-1.jpg","twitter_creator":"@VosgesInfo88","twitter_site":"@VosgesInfo88","twitter_misc":{"\u00c9crit par":"J.J.","Dur\u00e9e de lecture estim\u00e9e":"2 minutes"},"schema":{"@context":"https:\/\/schema.org","@graph":[{"@type":"Article","@id":"https:\/\/vosgesinfo.fr\/saintdieinfo\/2025\/12\/la-musique-la-danse-et-la-solidarite-a-loeuvre-pour-le-telethon-deodatien\/#article","isPartOf":{"@id":"https:\/\/vosgesinfo.fr\/saintdieinfo\/2025\/12\/la-musique-la-danse-et-la-solidarite-a-loeuvre-pour-le-telethon-deodatien\/"},"author":{"name":"J.J.","@id":"https:\/\/vosgesinfo.fr\/saintdieinfo\/#\/schema\/person\/fa73e9f726d67bb88f46d5b7943cb572"},"headline":"La musique, la danse et la solidarit\u00e9 \u00e0 l\u2019\u0153uvre pour le T\u00e9l\u00e9thon d\u00e9odatien","datePublished":"2025-12-06T10:12:02+00:00","dateModified":"2025-12-06T10:01:34+00:00","mainEntityOfPage":{"@id":"https:\/\/vosgesinfo.fr\/saintdieinfo\/2025\/12\/la-musique-la-danse-et-la-solidarite-a-loeuvre-pour-le-telethon-deodatien\/"},"wordCount":236,"commentCount":0,"publisher":{"@id":"https:\/\/vosgesinfo.fr\/saintdieinfo\/#organization"},"image":{"@id":"https:\/\/vosgesinfo.fr\/saintdieinfo\/2025\/12\/la-musique-la-danse-et-la-solidarite-a-loeuvre-pour-le-telethon-deodatien\/#primaryimage"},"thumbnailUrl":"https:\/\/vosgesinfo.fr\/app\/uploads\/sites\/4\/2025\/12\/soiree-temps-fort-39e-telethon-1.jpg","keywords":["39e T\u00e9l\u00e9thon","Deo'Recycle","Les Mistinguet\u2019s enchantent le T\u00e9l\u00e9thon","Les RetroZikos","Mel\u2019Fitness et Danse","Mistinguet\u2019s","Saint-Di\u00e9-des-Vosges","Salle Carbonnar","soir\u00e9e solidaire","T\u00e9l\u00e9thon"],"articleSection":["A la Une","Loisirs","Saint-Di\u00e9-des-Vosges","Solidarit\u00e9","Vie Associative"],"inLanguage":"fr-FR","potentialAction":[{"@type":"CommentAction","name":"Comment","target":["https:\/\/vosgesinfo.fr\/saintdieinfo\/2025\/12\/la-musique-la-danse-et-la-solidarite-a-loeuvre-pour-le-telethon-deodatien\/#respond"]}]},{"@type":"WebPage","@id":"https:\/\/vosgesinfo.fr\/saintdieinfo\/2025\/12\/la-musique-la-danse-et-la-solidarite-a-loeuvre-pour-le-telethon-deodatien\/","url":"https:\/\/vosgesinfo.fr\/saintdieinfo\/2025\/12\/la-musique-la-danse-et-la-solidarite-a-loeuvre-pour-le-telethon-deodatien\/","name":"La musique, la danse et la solidarit\u00e9 \u00e0 l\u2019\u0153uvre pour le T\u00e9l\u00e9thon d\u00e9odatien - Saint Die Info","isPartOf":{"@id":"https:\/\/vosgesinfo.fr\/saintdieinfo\/#website"},"primaryImageOfPage":{"@id":"https:\/\/vosgesinfo.fr\/saintdieinfo\/2025\/12\/la-musique-la-danse-et-la-solidarite-a-loeuvre-pour-le-telethon-deodatien\/#primaryimage"},"image":{"@id":"https:\/\/vosgesinfo.fr\/saintdieinfo\/2025\/12\/la-musique-la-danse-et-la-solidarite-a-loeuvre-pour-le-telethon-deodatien\/#primaryimage"},"thumbnailUrl":"https:\/\/vosgesinfo.fr\/app\/uploads\/sites\/4\/2025\/12\/soiree-temps-fort-39e-telethon-1.jpg","datePublished":"2025-12-06T10:12:02+00:00","dateModified":"2025-12-06T10:01:34+00:00","breadcrumb":{"@id":"https:\/\/vosgesinfo.fr\/saintdieinfo\/2025\/12\/la-musique-la-danse-et-la-solidarite-a-loeuvre-pour-le-telethon-deodatien\/#breadcrumb"},"inLanguage":"fr-FR","potentialAction":[{"@type":"ReadAction","target":["https:\/\/vosgesinfo.fr\/saintdieinfo\/2025\/12\/la-musique-la-danse-et-la-solidarite-a-loeuvre-pour-le-telethon-deodatien\/"]}]},{"@type":"ImageObject","inLanguage":"fr-FR","@id":"https:\/\/vosgesinfo.fr\/saintdieinfo\/2025\/12\/la-musique-la-danse-et-la-solidarite-a-loeuvre-pour-le-telethon-deodatien\/#primaryimage","url":"https:\/\/vosgesinfo.fr\/app\/uploads\/sites\/4\/2025\/12\/soiree-temps-fort-39e-telethon-1.jpg","contentUrl":"https:\/\/vosgesinfo.fr\/app\/uploads\/sites\/4\/2025\/12\/soiree-temps-fort-39e-telethon-1.jpg","width":1200,"height":800,"caption":"(Photographies Marc Fourniquet)"},{"@type":"BreadcrumbList","@id":"https:\/\/vosgesinfo.fr\/saintdieinfo\/2025\/12\/la-musique-la-danse-et-la-solidarite-a-loeuvre-pour-le-telethon-deodatien\/#breadcrumb","itemListElement":[{"@type":"ListItem","position":1,"name":"Home","item":"https:\/\/vosgesinfo.fr\/saintdieinfo\/"},{"@type":"ListItem","position":2,"name":"La musique, la danse et la solidarit\u00e9 \u00e0 l\u2019\u0153uvre pour le T\u00e9l\u00e9thon d\u00e9odatien"}]},{"@type":"WebSite","@id":"https:\/\/vosgesinfo.fr\/saintdieinfo\/#website","url":"https:\/\/vosgesinfo.fr\/saintdieinfo\/","name":"Saint Die Info","description":"Toute l&#039;actualit\u00e9 de Saint-Di\u00e9-Des-Vosges","publisher":{"@id":"https:\/\/vosgesinfo.fr\/saintdieinfo\/#organization"},"alternateName":"Toute l'actualit\u00e9 de Saint-Di\u00e9-Des-Vosges","potentialAction":[{"@type":"SearchAction","target":{"@type":"EntryPoint","urlTemplate":"https:\/\/vosgesinfo.fr\/saintdieinfo\/?s={search_term_string}"},"query-input":"required name=search_term_string"}],"inLanguage":"fr-FR"},{"@type":"Organization","@id":"https:\/\/vosgesinfo.fr\/saintdieinfo\/#organization","name":"Saint Die Info","url":"https:\/\/vosgesinfo.fr\/saintdieinfo\/","logo":{"@type":"ImageObject","inLanguage":"fr-FR","@id":"https:\/\/vosgesinfo.fr\/saintdieinfo\/#\/schema\/logo\/image\/","url":"https:\/\/vosgesinfo.fr\/app\/uploads\/sites\/4\/2024\/02\/logo-sdi.jpg","contentUrl":"https:\/\/vosgesinfo.fr\/app\/uploads\/sites\/4\/2024\/02\/logo-sdi.jpg","width":600,"height":600,"caption":"Saint Die Info"},"image":{"@id":"https:\/\/vosgesinfo.fr\/saintdieinfo\/#\/schema\/logo\/image\/"},"sameAs":["https:\/\/www.facebook.com\/Saintdieinfofr","https:\/\/x.com\/VosgesInfo88","https:\/\/www.youtube.com\/@vosgesinfo"]},{"@type":"Person","@id":"https:\/\/vosgesinfo.fr\/saintdieinfo\/#\/schema\/person\/fa73e9f726d67bb88f46d5b7943cb572","name":"J.J.","image":{"@type":"ImageObject","inLanguage":"fr-FR","@id":"https:\/\/vosgesinfo.fr\/saintdieinfo\/#\/schema\/person\/image\/","url":"https:\/\/secure.gravatar.com\/avatar\/219e749e47ffbcca018a360ae4add7d4cdf1cdaaf8bc7676b27efade3fe65615?s=96&d=mm&r=g","contentUrl":"https:\/\/secure.gravatar.com\/avatar\/219e749e47ffbcca018a360ae4add7d4cdf1cdaaf8bc7676b27efade3fe65615?s=96&d=mm&r=g","caption":"J.J."},"url":"https:\/\/vosgesinfo.fr\/saintdieinfo\/author\/j-j\/"}]}},"_links":{"self":[{"href":"https:\/\/vosgesinfo.fr\/saintdieinfo\/wp-json\/wp\/v2\/posts\/85525","targetHints":{"allow":["GET"]}}],"collection":[{"href":"https:\/\/vosgesinfo.fr\/saintdieinfo\/wp-json\/wp\/v2\/posts"}],"about":[{"href":"https:\/\/vosgesinfo.fr\/saintdieinfo\/wp-json\/wp\/v2\/types\/post"}],"author":[{"embeddable":true,"href":"https:\/\/vosgesinfo.fr\/saintdieinfo\/wp-json\/wp\/v2\/users\/46"}],"replies":[{"embeddable":true,"href":"https:\/\/vosgesinfo.fr\/saintdieinfo\/wp-json\/wp\/v2\/comments?post=85525"}],"version-history":[{"count":2,"href":"https:\/\/vosgesinfo.fr\/saintdieinfo\/wp-json\/wp\/v2\/posts\/85525\/revisions"}],"predecessor-version":[{"id":85532,"href":"https:\/\/vosgesinfo.fr\/saintdieinfo\/wp-json\/wp\/v2\/posts\/85525\/revisions\/85532"}],"wp:featuredmedia":[{"embeddable":true,"href":"https:\/\/vosgesinfo.fr\/saintdieinfo\/wp-json\/wp\/v2\/media\/85526"}],"wp:attachment":[{"href":"https:\/\/vosgesinfo.fr\/saintdieinfo\/wp-json\/wp\/v2\/media?parent=85525"}],"wp:term":[{"taxonomy":"category","embeddable":true,"href":"https:\/\/vosgesinfo.fr\/saintdieinfo\/wp-json\/wp\/v2\/categories?post=85525"},{"taxonomy":"post_tag","embeddable":true,"href":"https:\/\/vosgesinfo.fr\/saintdieinfo\/wp-json\/wp\/v2\/tags?post=85525"}],"curies":[{"name":"wp","href":"https:\/\/api.w.org\/{rel}","templated":true}]}}