{"id":85534,"date":"2025-12-06T14:03:52","date_gmt":"2025-12-06T13:03:52","guid":{"rendered":"https:\/\/vosgesinfo.fr\/saintdieinfo\/?p=85534"},"modified":"2025-12-06T13:57:29","modified_gmt":"2025-12-06T12:57:29","slug":"la-generosite-des-amis-de-marcel-au-service-de-la-pediatrie-de-saint-die-des-vosges","status":"publish","type":"post","link":"https:\/\/vosgesinfo.fr\/saintdieinfo\/2025\/12\/la-generosite-des-amis-de-marcel-au-service-de-la-pediatrie-de-saint-die-des-vosges\/","title":{"rendered":"La g\u00e9n\u00e9rosit\u00e9 des Amis de Marcel au service de la p\u00e9diatrie de Saint-Di\u00e9-des-Vosges"},"content":{"rendered":"<div id=\"attachment_85536\" style=\"width: 1034px\" class=\"wp-caption alignnone\"><a href=\"https:\/\/vosgesinfo.fr\/app\/uploads\/sites\/4\/2025\/12\/distribution-pediatrie-ch-sddv-les-amis-de-marcel-2.jpg\"><img decoding=\"async\" aria-describedby=\"caption-attachment-85536\" class=\"size-large wp-image-85536\" src=\"https:\/\/vosgesinfo.fr\/app\/uploads\/sites\/4\/2025\/12\/distribution-pediatrie-ch-sddv-les-amis-de-marcel-2-1024x683.jpg\" alt=\"\" width=\"1024\" height=\"683\" srcset=\"https:\/\/vosgesinfo.fr\/app\/uploads\/sites\/4\/2025\/12\/distribution-pediatrie-ch-sddv-les-amis-de-marcel-2-1024x683.jpg 1024w, https:\/\/vosgesinfo.fr\/app\/uploads\/sites\/4\/2025\/12\/distribution-pediatrie-ch-sddv-les-amis-de-marcel-2-300x200.jpg 300w, https:\/\/vosgesinfo.fr\/app\/uploads\/sites\/4\/2025\/12\/distribution-pediatrie-ch-sddv-les-amis-de-marcel-2-768x512.jpg 768w, https:\/\/vosgesinfo.fr\/app\/uploads\/sites\/4\/2025\/12\/distribution-pediatrie-ch-sddv-les-amis-de-marcel-2.jpg 1200w\" sizes=\"(max-width: 1024px) 100vw, 1024px\" \/><\/a><p id=\"caption-attachment-85536\" class=\"wp-caption-text\">(Photographies Marc Fourniquet)<\/p><\/div>\n<h2>L\u2019association spinalienne <strong>Les Amis de Marcel<\/strong> \u00e9tait pr\u00e9sente ce<strong> samedi matin<\/strong> au service de <strong>p\u00e9diatrie du Centre Hospitalier de Saint-Di\u00e9-des-Vosges,<\/strong> pour remettre un <strong>don de mat\u00e9riel<\/strong> financ\u00e9 gr\u00e2ce \u00e0 un <strong>d\u00e9fi solidaire<\/strong>.<\/h2>\n<p><!--more--><\/p>\n<h3 class=\"western\"><strong>La continuit\u00e9 des Amis de l&rsquo;Espoir<\/strong><\/h3>\n<p>Cr\u00e9\u00e9e en <strong>2023<\/strong>, cette association prend la suite d\u2019une pr\u00e9c\u00e9dente, <strong>Les Amis de l\u2019Espoir<\/strong>, qui a \u0153uvr\u00e9 pendant douze ans avant de tirer sa r\u00e9v\u00e9rence lors de la crise sanitaire.<\/p>\n<h3 class=\"western\"><strong>Une association engag\u00e9e dans l\u2019int\u00e9r\u00eat g\u00e9n\u00e9ral<\/strong><\/h3>\n<p>L\u2019objectif des Amis de Marcel est d\u2019<strong>\u0153uvrer dans l\u2019int\u00e9r\u00eat g\u00e9n\u00e9ral<\/strong> \u00e0 l\u2019\u00e9chelle du d\u00e9partement, dans les champs <strong>sanitaire et social<\/strong>. Les fonds collect\u00e9s servent \u00e0 soutenir des <strong>\u00e9tablissements publics ou priv\u00e9s \u00e0 but non lucratif<\/strong>\u2009: services de p\u00e9diatrie, maisons de retraite, IME, MAS, FAS ou structures de sport adapt\u00e9 et de handisport.<\/p>\n<p>L&rsquo;argent ainsi r\u00e9colt\u00e9 lors des diff\u00e9rentes actions de l&rsquo;association est divis\u00e9 par <strong>tranches de 500 euros.<\/strong> Chaque tranche correspondant \u00e0 un don, et les adh\u00e9rents votent en assembl\u00e9e g\u00e9n\u00e9rale la liste des \u00e9tablissements b\u00e9n\u00e9ficiaires, sur la base de propositions internes.<\/p>\n<h3 class=\"western\"><strong>Un d\u00e9fi de 50 km pour la p\u00e9diatrie vosgienne<\/strong><\/h3>\n<p>Le don de ce matin d\u00e9coule d&rsquo;un d\u00e9fi personnel et solidaire. Trente ans apr\u00e8s avoir organis\u00e9, dans le cadre du <strong>T\u00e9l\u00e9thon<\/strong>, un \u00ab tour des Vosges en v\u00e9lo \u00bb de 350 km, le pr\u00e9sident <strong>Nicolas Bertrand<\/strong> a choisi de relever un nouveau d\u00e9fi, lui qui se dit aujourd\u2019hui peu sportif : parcourir <strong>50 km \u00e0 pied<\/strong> le long du canal des Vosges, sur la <strong>Voie Bleue<\/strong>, entre Fontenoy-le-Ch\u00e2teau et \u00c9pinal.<\/p>\n<p>Autour de lui, des amis l&rsquo;ont accompagn\u00e9, ravitaill\u00e9 et soutenu tout au long du parcours. Le d\u00e9fi, autant sportif qu\u2019humain, a \u00e9t\u00e9 r\u00e9alis\u00e9 le <strong>20 septembre<\/strong> dernier et s\u2019est conclu en <strong>8 h 18<\/strong>. Une <strong>cagnotte en ligne<\/strong> avait \u00e9t\u00e9 ouverte pour l\u2019occasion afin de financer des cadeaux destin\u00e9s \u00e0 la p\u00e9diatrie vosgienne, avec un objectif initial de <strong>2 000 euros<\/strong> pour <strong>quatre dons de 500 euros<\/strong> dans les <strong>quatre centres hospitaliers du d\u00e9partement<\/strong>\u2009: Remiremont, Saint-Di\u00e9-des-Vosges, Neufch\u00e2teau et \u00c9pinal.<\/p>\n<h3 class=\"western\"><strong>Plus de 3 400 \u20ac r\u00e9colt\u00e9s au total<\/strong><\/h3>\n<p>Au final, l\u2019initiative a permis de collecter <strong>3 411 \u20ac.<\/strong> Soit <strong>six dons de 500 \u20ac<\/strong> et <strong>411 euros<\/strong> vers\u00e9s dans la caisse de l\u2019association. Cette somme vient compl\u00e9ter les recettes courantes pour financer d\u2019autres dotations qui seront d\u00e9cid\u00e9es lors de l\u2019<strong>assembl\u00e9e g\u00e9n\u00e9rale de janvier<\/strong>. Parmi les b\u00e9n\u00e9ficiaires figurent \u00e9galement l\u2019<strong>h\u00f4pital de jour enfants <\/strong>du centre hospitalier de Ravenel et <strong>La Pouponni\u00e8re<\/strong>, la Maison de l\u2019Enfance et de la Famille de Golbey.<\/p>\n<h3 class=\"western\"><strong>Du mat\u00e9riel pour am\u00e9liorer le quotidien des jeunes patients<\/strong><\/h3>\n<p>Pour la <strong>p\u00e9diatrie du Centre Hospitalier de Saint-Di\u00e9-des-Vosges<\/strong>, l\u2019association a pris contact avec l\u2019\u00e9quipe soignante afin de cibler les besoins. Le don d&rsquo;aujourd&rsquo;hui s&rsquo;est traduit par la remise de <strong>deux poussettes<\/strong> avec leurs accessoires, d\u2019une <strong>peluche veilleuse \u00e0 projecteur dynamique<\/strong>, d\u2019un <strong>grand tapis d\u2019activit\u00e9s pliable<\/strong> et de <strong>deux veilleuses musicales projecteur d\u2019\u00e9toiles<\/strong>, afin d\u2019am\u00e9liorer le confort et le quotidien des jeunes patients hospitalis\u00e9s.<\/p>\n\n\t\t<style type=\"text\/css\">\n\t\t\t#gallery-1 {\n\t\t\t\tmargin: auto;\n\t\t\t}\n\t\t\t#gallery-1 .gallery-item {\n\t\t\t\tfloat: left;\n\t\t\t\tmargin-top: 10px;\n\t\t\t\ttext-align: center;\n\t\t\t\twidth: 50%;\n\t\t\t}\n\t\t\t#gallery-1 img {\n\t\t\t\tborder: 2px solid #cfcfcf;\n\t\t\t}\n\t\t\t#gallery-1 .gallery-caption {\n\t\t\t\tmargin-left: 0;\n\t\t\t}\n\t\t\t\/* see gallery_shortcode() in wp-includes\/media.php *\/\n\t\t<\/style>\n\t\t<div id='gallery-1' class='gallery galleryid-85534 gallery-columns-2 gallery-size-thumbnail'><dl class='gallery-item'>\n\t\t\t<dt class='gallery-icon landscape'>\n\t\t\t\t<a href='https:\/\/vosgesinfo.fr\/app\/uploads\/sites\/4\/2025\/12\/distribution-pediatrie-ch-sddv-les-amis-de-marcel-2.jpg'><img decoding=\"async\" width=\"150\" height=\"150\" src=\"https:\/\/vosgesinfo.fr\/app\/uploads\/sites\/4\/2025\/12\/distribution-pediatrie-ch-sddv-les-amis-de-marcel-2-150x150.jpg\" class=\"attachment-thumbnail size-thumbnail\" alt=\"\" aria-describedby=\"gallery-1-85536\" \/><\/a>\n\t\t\t<\/dt>\n\t\t\t\t<dd class='wp-caption-text gallery-caption' id='gallery-1-85536'>\n\t\t\t\t(Photographies Marc Fourniquet)\n\t\t\t\t<\/dd><\/dl><dl class='gallery-item'>\n\t\t\t<dt class='gallery-icon landscape'>\n\t\t\t\t<a href='https:\/\/vosgesinfo.fr\/app\/uploads\/sites\/4\/2025\/12\/distribution-pediatrie-ch-sddv-les-amis-de-marcel-3.jpg'><img decoding=\"async\" width=\"150\" height=\"150\" src=\"https:\/\/vosgesinfo.fr\/app\/uploads\/sites\/4\/2025\/12\/distribution-pediatrie-ch-sddv-les-amis-de-marcel-3-150x150.jpg\" class=\"attachment-thumbnail size-thumbnail\" alt=\"\" \/><\/a>\n\t\t\t<\/dt><\/dl><br style=\"clear: both\" \/><dl class='gallery-item'>\n\t\t\t<dt class='gallery-icon landscape'>\n\t\t\t\t<a href='https:\/\/vosgesinfo.fr\/app\/uploads\/sites\/4\/2025\/12\/distribution-pediatrie-ch-sddv-les-amis-de-marcel-4.jpg'><img decoding=\"async\" width=\"150\" height=\"150\" src=\"https:\/\/vosgesinfo.fr\/app\/uploads\/sites\/4\/2025\/12\/distribution-pediatrie-ch-sddv-les-amis-de-marcel-4-150x150.jpg\" class=\"attachment-thumbnail size-thumbnail\" alt=\"\" \/><\/a>\n\t\t\t<\/dt><\/dl><dl class='gallery-item'>\n\t\t\t<dt class='gallery-icon landscape'>\n\t\t\t\t<a href='https:\/\/vosgesinfo.fr\/app\/uploads\/sites\/4\/2025\/12\/distribution-pediatrie-ch-sddv-les-amis-de-marcel-5.jpg'><img decoding=\"async\" width=\"150\" height=\"150\" src=\"https:\/\/vosgesinfo.fr\/app\/uploads\/sites\/4\/2025\/12\/distribution-pediatrie-ch-sddv-les-amis-de-marcel-5-150x150.jpg\" class=\"attachment-thumbnail size-thumbnail\" alt=\"\" \/><\/a>\n\t\t\t<\/dt><\/dl><br style=\"clear: both\" \/>\n\t\t<\/div>\n\n","protected":false},"excerpt":{"rendered":"<p>L\u2019association spinalienne Les Amis de Marcel \u00e9tait pr\u00e9sente ce samedi matin au service de p\u00e9diatrie du Centre Hospitalier de Saint-Di\u00e9-des-Vosges, [&hellip;]<\/p>\n","protected":false},"author":46,"featured_media":85536,"comment_status":"open","ping_status":"open","sticky":false,"template":"","format":"standard","meta":{"footnotes":""},"categories":[460,167,4152,29,17],"tags":[19256,12797,3056,19259,19258,830,41,9094,19261,19255,19262,19257,2881,19260,43],"class_list":["post-85534","post","type-post","status-publish","format-standard","has-post-thumbnail","hentry","category-a-la-une","category-saint-die-des-vosges","category-sante","category-solidarite","category-vie-associative","tag-association-spinalienne","tag-canal-des-vosges","tag-centre-hospitalier-de-saint-die-des-vosges","tag-course-50-km","tag-defi-solidaire","tag-dons","tag-epinal","tag-fontenoy-le-chateau","tag-hopitaux-vosgiens","tag-les-amis-de-marcel","tag-materiel-pediatrie","tag-pediatrie","tag-saint-die-des-vosges","tag-voie-bleue","tag-vosges"],"acf":[],"yoast_head":"<!-- This site is optimized with the Yoast SEO plugin v22.5 - https:\/\/yoast.com\/wordpress\/plugins\/seo\/ -->\n<title>La g\u00e9n\u00e9rosit\u00e9 des Amis de Marcel au service de la p\u00e9diatrie de Saint-Di\u00e9-des-Vosges - Saint Die Info<\/title>\n<meta name=\"robots\" content=\"index, follow, max-snippet:-1, max-image-preview:large, max-video-preview:-1\" \/>\n<link rel=\"canonical\" href=\"https:\/\/vosgesinfo.fr\/saintdieinfo\/2025\/12\/la-generosite-des-amis-de-marcel-au-service-de-la-pediatrie-de-saint-die-des-vosges\/\" \/>\n<meta name=\"twitter:card\" content=\"summary_large_image\" \/>\n<meta name=\"twitter:title\" content=\"La g\u00e9n\u00e9rosit\u00e9 des Amis de Marcel au service de la p\u00e9diatrie de Saint-Di\u00e9-des-Vosges - Saint Die Info\" \/>\n<meta name=\"twitter:description\" content=\"L\u2019association spinalienne Les Amis de Marcel \u00e9tait pr\u00e9sente ce samedi matin au service de p\u00e9diatrie du Centre Hospitalier de Saint-Di\u00e9-des-Vosges, [&hellip;]\" \/>\n<meta name=\"twitter:image\" content=\"https:\/\/vosgesinfo.fr\/app\/uploads\/sites\/4\/2025\/12\/distribution-pediatrie-ch-sddv-les-amis-de-marcel-2.jpg\" \/>\n<meta name=\"twitter:creator\" content=\"@VosgesInfo88\" \/>\n<meta name=\"twitter:site\" content=\"@VosgesInfo88\" \/>\n<meta name=\"twitter:label1\" content=\"\u00c9crit par\" \/>\n\t<meta name=\"twitter:data1\" content=\"J.J.\" \/>\n\t<meta name=\"twitter:label2\" content=\"Dur\u00e9e de lecture estim\u00e9e\" \/>\n\t<meta name=\"twitter:data2\" content=\"3 minutes\" \/>\n<script type=\"application\/ld+json\" class=\"yoast-schema-graph\">{\"@context\":\"https:\/\/schema.org\",\"@graph\":[{\"@type\":\"Article\",\"@id\":\"https:\/\/vosgesinfo.fr\/saintdieinfo\/2025\/12\/la-generosite-des-amis-de-marcel-au-service-de-la-pediatrie-de-saint-die-des-vosges\/#article\",\"isPartOf\":{\"@id\":\"https:\/\/vosgesinfo.fr\/saintdieinfo\/2025\/12\/la-generosite-des-amis-de-marcel-au-service-de-la-pediatrie-de-saint-die-des-vosges\/\"},\"author\":{\"name\":\"J.J.\",\"@id\":\"https:\/\/vosgesinfo.fr\/saintdieinfo\/#\/schema\/person\/fa73e9f726d67bb88f46d5b7943cb572\"},\"headline\":\"La g\u00e9n\u00e9rosit\u00e9 des Amis de Marcel au service de la p\u00e9diatrie de Saint-Di\u00e9-des-Vosges\",\"datePublished\":\"2025-12-06T13:03:52+00:00\",\"dateModified\":\"2025-12-06T12:57:29+00:00\",\"mainEntityOfPage\":{\"@id\":\"https:\/\/vosgesinfo.fr\/saintdieinfo\/2025\/12\/la-generosite-des-amis-de-marcel-au-service-de-la-pediatrie-de-saint-die-des-vosges\/\"},\"wordCount\":580,\"commentCount\":0,\"publisher\":{\"@id\":\"https:\/\/vosgesinfo.fr\/saintdieinfo\/#organization\"},\"image\":{\"@id\":\"https:\/\/vosgesinfo.fr\/saintdieinfo\/2025\/12\/la-generosite-des-amis-de-marcel-au-service-de-la-pediatrie-de-saint-die-des-vosges\/#primaryimage\"},\"thumbnailUrl\":\"https:\/\/vosgesinfo.fr\/app\/uploads\/sites\/4\/2025\/12\/distribution-pediatrie-ch-sddv-les-amis-de-marcel-2.jpg\",\"keywords\":[\"association spinalienne\",\"Canal des Vosges\",\"Centre Hospitalier de Saint-Di\u00e9-des-Vosges\",\"course 50 km\",\"d\u00e9fi solidaire\",\"dons\",\"Epinal\",\"Fontenoy-le-Ch\u00e2teau\",\"h\u00f4pitaux vosgiens\",\"Les Amis de Marcel\",\"mat\u00e9riel p\u00e9diatrie\",\"p\u00e9diatrie\",\"Saint-Di\u00e9-des-Vosges\",\"Voie Bleue\",\"vosges\"],\"articleSection\":[\"A la Une\",\"Saint-Di\u00e9-des-Vosges\",\"Sant\u00e9\",\"Solidarit\u00e9\",\"Vie Associative\"],\"inLanguage\":\"fr-FR\",\"potentialAction\":[{\"@type\":\"CommentAction\",\"name\":\"Comment\",\"target\":[\"https:\/\/vosgesinfo.fr\/saintdieinfo\/2025\/12\/la-generosite-des-amis-de-marcel-au-service-de-la-pediatrie-de-saint-die-des-vosges\/#respond\"]}]},{\"@type\":\"WebPage\",\"@id\":\"https:\/\/vosgesinfo.fr\/saintdieinfo\/2025\/12\/la-generosite-des-amis-de-marcel-au-service-de-la-pediatrie-de-saint-die-des-vosges\/\",\"url\":\"https:\/\/vosgesinfo.fr\/saintdieinfo\/2025\/12\/la-generosite-des-amis-de-marcel-au-service-de-la-pediatrie-de-saint-die-des-vosges\/\",\"name\":\"La g\u00e9n\u00e9rosit\u00e9 des Amis de Marcel au service de la p\u00e9diatrie de Saint-Di\u00e9-des-Vosges - Saint Die Info\",\"isPartOf\":{\"@id\":\"https:\/\/vosgesinfo.fr\/saintdieinfo\/#website\"},\"primaryImageOfPage\":{\"@id\":\"https:\/\/vosgesinfo.fr\/saintdieinfo\/2025\/12\/la-generosite-des-amis-de-marcel-au-service-de-la-pediatrie-de-saint-die-des-vosges\/#primaryimage\"},\"image\":{\"@id\":\"https:\/\/vosgesinfo.fr\/saintdieinfo\/2025\/12\/la-generosite-des-amis-de-marcel-au-service-de-la-pediatrie-de-saint-die-des-vosges\/#primaryimage\"},\"thumbnailUrl\":\"https:\/\/vosgesinfo.fr\/app\/uploads\/sites\/4\/2025\/12\/distribution-pediatrie-ch-sddv-les-amis-de-marcel-2.jpg\",\"datePublished\":\"2025-12-06T13:03:52+00:00\",\"dateModified\":\"2025-12-06T12:57:29+00:00\",\"breadcrumb\":{\"@id\":\"https:\/\/vosgesinfo.fr\/saintdieinfo\/2025\/12\/la-generosite-des-amis-de-marcel-au-service-de-la-pediatrie-de-saint-die-des-vosges\/#breadcrumb\"},\"inLanguage\":\"fr-FR\",\"potentialAction\":[{\"@type\":\"ReadAction\",\"target\":[\"https:\/\/vosgesinfo.fr\/saintdieinfo\/2025\/12\/la-generosite-des-amis-de-marcel-au-service-de-la-pediatrie-de-saint-die-des-vosges\/\"]}]},{\"@type\":\"ImageObject\",\"inLanguage\":\"fr-FR\",\"@id\":\"https:\/\/vosgesinfo.fr\/saintdieinfo\/2025\/12\/la-generosite-des-amis-de-marcel-au-service-de-la-pediatrie-de-saint-die-des-vosges\/#primaryimage\",\"url\":\"https:\/\/vosgesinfo.fr\/app\/uploads\/sites\/4\/2025\/12\/distribution-pediatrie-ch-sddv-les-amis-de-marcel-2.jpg\",\"contentUrl\":\"https:\/\/vosgesinfo.fr\/app\/uploads\/sites\/4\/2025\/12\/distribution-pediatrie-ch-sddv-les-amis-de-marcel-2.jpg\",\"width\":1200,\"height\":800,\"caption\":\"(Photographies Marc Fourniquet)\"},{\"@type\":\"BreadcrumbList\",\"@id\":\"https:\/\/vosgesinfo.fr\/saintdieinfo\/2025\/12\/la-generosite-des-amis-de-marcel-au-service-de-la-pediatrie-de-saint-die-des-vosges\/#breadcrumb\",\"itemListElement\":[{\"@type\":\"ListItem\",\"position\":1,\"name\":\"Home\",\"item\":\"https:\/\/vosgesinfo.fr\/saintdieinfo\/\"},{\"@type\":\"ListItem\",\"position\":2,\"name\":\"La g\u00e9n\u00e9rosit\u00e9 des Amis de Marcel au service de la p\u00e9diatrie de Saint-Di\u00e9-des-Vosges\"}]},{\"@type\":\"WebSite\",\"@id\":\"https:\/\/vosgesinfo.fr\/saintdieinfo\/#website\",\"url\":\"https:\/\/vosgesinfo.fr\/saintdieinfo\/\",\"name\":\"Saint Die Info\",\"description\":\"Toute l&#039;actualit\u00e9 de Saint-Di\u00e9-Des-Vosges\",\"publisher\":{\"@id\":\"https:\/\/vosgesinfo.fr\/saintdieinfo\/#organization\"},\"alternateName\":\"Toute l'actualit\u00e9 de Saint-Di\u00e9-Des-Vosges\",\"potentialAction\":[{\"@type\":\"SearchAction\",\"target\":{\"@type\":\"EntryPoint\",\"urlTemplate\":\"https:\/\/vosgesinfo.fr\/saintdieinfo\/?s={search_term_string}\"},\"query-input\":\"required name=search_term_string\"}],\"inLanguage\":\"fr-FR\"},{\"@type\":\"Organization\",\"@id\":\"https:\/\/vosgesinfo.fr\/saintdieinfo\/#organization\",\"name\":\"Saint Die Info\",\"url\":\"https:\/\/vosgesinfo.fr\/saintdieinfo\/\",\"logo\":{\"@type\":\"ImageObject\",\"inLanguage\":\"fr-FR\",\"@id\":\"https:\/\/vosgesinfo.fr\/saintdieinfo\/#\/schema\/logo\/image\/\",\"url\":\"https:\/\/vosgesinfo.fr\/app\/uploads\/sites\/4\/2024\/02\/logo-sdi.jpg\",\"contentUrl\":\"https:\/\/vosgesinfo.fr\/app\/uploads\/sites\/4\/2024\/02\/logo-sdi.jpg\",\"width\":600,\"height\":600,\"caption\":\"Saint Die Info\"},\"image\":{\"@id\":\"https:\/\/vosgesinfo.fr\/saintdieinfo\/#\/schema\/logo\/image\/\"},\"sameAs\":[\"https:\/\/www.facebook.com\/Saintdieinfofr\",\"https:\/\/x.com\/VosgesInfo88\",\"https:\/\/www.youtube.com\/@vosgesinfo\"]},{\"@type\":\"Person\",\"@id\":\"https:\/\/vosgesinfo.fr\/saintdieinfo\/#\/schema\/person\/fa73e9f726d67bb88f46d5b7943cb572\",\"name\":\"J.J.\",\"image\":{\"@type\":\"ImageObject\",\"inLanguage\":\"fr-FR\",\"@id\":\"https:\/\/vosgesinfo.fr\/saintdieinfo\/#\/schema\/person\/image\/\",\"url\":\"https:\/\/secure.gravatar.com\/avatar\/219e749e47ffbcca018a360ae4add7d4cdf1cdaaf8bc7676b27efade3fe65615?s=96&d=mm&r=g\",\"contentUrl\":\"https:\/\/secure.gravatar.com\/avatar\/219e749e47ffbcca018a360ae4add7d4cdf1cdaaf8bc7676b27efade3fe65615?s=96&d=mm&r=g\",\"caption\":\"J.J.\"},\"url\":\"https:\/\/vosgesinfo.fr\/saintdieinfo\/author\/j-j\/\"}]}<\/script>\n<!-- \/ Yoast SEO plugin. -->","yoast_head_json":{"title":"La g\u00e9n\u00e9rosit\u00e9 des Amis de Marcel au service de la p\u00e9diatrie de Saint-Di\u00e9-des-Vosges - Saint Die Info","robots":{"index":"index","follow":"follow","max-snippet":"max-snippet:-1","max-image-preview":"max-image-preview:large","max-video-preview":"max-video-preview:-1"},"canonical":"https:\/\/vosgesinfo.fr\/saintdieinfo\/2025\/12\/la-generosite-des-amis-de-marcel-au-service-de-la-pediatrie-de-saint-die-des-vosges\/","twitter_card":"summary_large_image","twitter_title":"La g\u00e9n\u00e9rosit\u00e9 des Amis de Marcel au service de la p\u00e9diatrie de Saint-Di\u00e9-des-Vosges - Saint Die Info","twitter_description":"L\u2019association spinalienne Les Amis de Marcel \u00e9tait pr\u00e9sente ce samedi matin au service de p\u00e9diatrie du Centre Hospitalier de Saint-Di\u00e9-des-Vosges, [&hellip;]","twitter_image":"https:\/\/vosgesinfo.fr\/app\/uploads\/sites\/4\/2025\/12\/distribution-pediatrie-ch-sddv-les-amis-de-marcel-2.jpg","twitter_creator":"@VosgesInfo88","twitter_site":"@VosgesInfo88","twitter_misc":{"\u00c9crit par":"J.J.","Dur\u00e9e de lecture estim\u00e9e":"3 minutes"},"schema":{"@context":"https:\/\/schema.org","@graph":[{"@type":"Article","@id":"https:\/\/vosgesinfo.fr\/saintdieinfo\/2025\/12\/la-generosite-des-amis-de-marcel-au-service-de-la-pediatrie-de-saint-die-des-vosges\/#article","isPartOf":{"@id":"https:\/\/vosgesinfo.fr\/saintdieinfo\/2025\/12\/la-generosite-des-amis-de-marcel-au-service-de-la-pediatrie-de-saint-die-des-vosges\/"},"author":{"name":"J.J.","@id":"https:\/\/vosgesinfo.fr\/saintdieinfo\/#\/schema\/person\/fa73e9f726d67bb88f46d5b7943cb572"},"headline":"La g\u00e9n\u00e9rosit\u00e9 des Amis de Marcel au service de la p\u00e9diatrie de Saint-Di\u00e9-des-Vosges","datePublished":"2025-12-06T13:03:52+00:00","dateModified":"2025-12-06T12:57:29+00:00","mainEntityOfPage":{"@id":"https:\/\/vosgesinfo.fr\/saintdieinfo\/2025\/12\/la-generosite-des-amis-de-marcel-au-service-de-la-pediatrie-de-saint-die-des-vosges\/"},"wordCount":580,"commentCount":0,"publisher":{"@id":"https:\/\/vosgesinfo.fr\/saintdieinfo\/#organization"},"image":{"@id":"https:\/\/vosgesinfo.fr\/saintdieinfo\/2025\/12\/la-generosite-des-amis-de-marcel-au-service-de-la-pediatrie-de-saint-die-des-vosges\/#primaryimage"},"thumbnailUrl":"https:\/\/vosgesinfo.fr\/app\/uploads\/sites\/4\/2025\/12\/distribution-pediatrie-ch-sddv-les-amis-de-marcel-2.jpg","keywords":["association spinalienne","Canal des Vosges","Centre Hospitalier de Saint-Di\u00e9-des-Vosges","course 50 km","d\u00e9fi solidaire","dons","Epinal","Fontenoy-le-Ch\u00e2teau","h\u00f4pitaux vosgiens","Les Amis de Marcel","mat\u00e9riel p\u00e9diatrie","p\u00e9diatrie","Saint-Di\u00e9-des-Vosges","Voie Bleue","vosges"],"articleSection":["A la Une","Saint-Di\u00e9-des-Vosges","Sant\u00e9","Solidarit\u00e9","Vie Associative"],"inLanguage":"fr-FR","potentialAction":[{"@type":"CommentAction","name":"Comment","target":["https:\/\/vosgesinfo.fr\/saintdieinfo\/2025\/12\/la-generosite-des-amis-de-marcel-au-service-de-la-pediatrie-de-saint-die-des-vosges\/#respond"]}]},{"@type":"WebPage","@id":"https:\/\/vosgesinfo.fr\/saintdieinfo\/2025\/12\/la-generosite-des-amis-de-marcel-au-service-de-la-pediatrie-de-saint-die-des-vosges\/","url":"https:\/\/vosgesinfo.fr\/saintdieinfo\/2025\/12\/la-generosite-des-amis-de-marcel-au-service-de-la-pediatrie-de-saint-die-des-vosges\/","name":"La g\u00e9n\u00e9rosit\u00e9 des Amis de Marcel au service de la p\u00e9diatrie de Saint-Di\u00e9-des-Vosges - Saint Die Info","isPartOf":{"@id":"https:\/\/vosgesinfo.fr\/saintdieinfo\/#website"},"primaryImageOfPage":{"@id":"https:\/\/vosgesinfo.fr\/saintdieinfo\/2025\/12\/la-generosite-des-amis-de-marcel-au-service-de-la-pediatrie-de-saint-die-des-vosges\/#primaryimage"},"image":{"@id":"https:\/\/vosgesinfo.fr\/saintdieinfo\/2025\/12\/la-generosite-des-amis-de-marcel-au-service-de-la-pediatrie-de-saint-die-des-vosges\/#primaryimage"},"thumbnailUrl":"https:\/\/vosgesinfo.fr\/app\/uploads\/sites\/4\/2025\/12\/distribution-pediatrie-ch-sddv-les-amis-de-marcel-2.jpg","datePublished":"2025-12-06T13:03:52+00:00","dateModified":"2025-12-06T12:57:29+00:00","breadcrumb":{"@id":"https:\/\/vosgesinfo.fr\/saintdieinfo\/2025\/12\/la-generosite-des-amis-de-marcel-au-service-de-la-pediatrie-de-saint-die-des-vosges\/#breadcrumb"},"inLanguage":"fr-FR","potentialAction":[{"@type":"ReadAction","target":["https:\/\/vosgesinfo.fr\/saintdieinfo\/2025\/12\/la-generosite-des-amis-de-marcel-au-service-de-la-pediatrie-de-saint-die-des-vosges\/"]}]},{"@type":"ImageObject","inLanguage":"fr-FR","@id":"https:\/\/vosgesinfo.fr\/saintdieinfo\/2025\/12\/la-generosite-des-amis-de-marcel-au-service-de-la-pediatrie-de-saint-die-des-vosges\/#primaryimage","url":"https:\/\/vosgesinfo.fr\/app\/uploads\/sites\/4\/2025\/12\/distribution-pediatrie-ch-sddv-les-amis-de-marcel-2.jpg","contentUrl":"https:\/\/vosgesinfo.fr\/app\/uploads\/sites\/4\/2025\/12\/distribution-pediatrie-ch-sddv-les-amis-de-marcel-2.jpg","width":1200,"height":800,"caption":"(Photographies Marc Fourniquet)"},{"@type":"BreadcrumbList","@id":"https:\/\/vosgesinfo.fr\/saintdieinfo\/2025\/12\/la-generosite-des-amis-de-marcel-au-service-de-la-pediatrie-de-saint-die-des-vosges\/#breadcrumb","itemListElement":[{"@type":"ListItem","position":1,"name":"Home","item":"https:\/\/vosgesinfo.fr\/saintdieinfo\/"},{"@type":"ListItem","position":2,"name":"La g\u00e9n\u00e9rosit\u00e9 des Amis de Marcel au service de la p\u00e9diatrie de Saint-Di\u00e9-des-Vosges"}]},{"@type":"WebSite","@id":"https:\/\/vosgesinfo.fr\/saintdieinfo\/#website","url":"https:\/\/vosgesinfo.fr\/saintdieinfo\/","name":"Saint Die Info","description":"Toute l&#039;actualit\u00e9 de Saint-Di\u00e9-Des-Vosges","publisher":{"@id":"https:\/\/vosgesinfo.fr\/saintdieinfo\/#organization"},"alternateName":"Toute l'actualit\u00e9 de Saint-Di\u00e9-Des-Vosges","potentialAction":[{"@type":"SearchAction","target":{"@type":"EntryPoint","urlTemplate":"https:\/\/vosgesinfo.fr\/saintdieinfo\/?s={search_term_string}"},"query-input":"required name=search_term_string"}],"inLanguage":"fr-FR"},{"@type":"Organization","@id":"https:\/\/vosgesinfo.fr\/saintdieinfo\/#organization","name":"Saint Die Info","url":"https:\/\/vosgesinfo.fr\/saintdieinfo\/","logo":{"@type":"ImageObject","inLanguage":"fr-FR","@id":"https:\/\/vosgesinfo.fr\/saintdieinfo\/#\/schema\/logo\/image\/","url":"https:\/\/vosgesinfo.fr\/app\/uploads\/sites\/4\/2024\/02\/logo-sdi.jpg","contentUrl":"https:\/\/vosgesinfo.fr\/app\/uploads\/sites\/4\/2024\/02\/logo-sdi.jpg","width":600,"height":600,"caption":"Saint Die Info"},"image":{"@id":"https:\/\/vosgesinfo.fr\/saintdieinfo\/#\/schema\/logo\/image\/"},"sameAs":["https:\/\/www.facebook.com\/Saintdieinfofr","https:\/\/x.com\/VosgesInfo88","https:\/\/www.youtube.com\/@vosgesinfo"]},{"@type":"Person","@id":"https:\/\/vosgesinfo.fr\/saintdieinfo\/#\/schema\/person\/fa73e9f726d67bb88f46d5b7943cb572","name":"J.J.","image":{"@type":"ImageObject","inLanguage":"fr-FR","@id":"https:\/\/vosgesinfo.fr\/saintdieinfo\/#\/schema\/person\/image\/","url":"https:\/\/secure.gravatar.com\/avatar\/219e749e47ffbcca018a360ae4add7d4cdf1cdaaf8bc7676b27efade3fe65615?s=96&d=mm&r=g","contentUrl":"https:\/\/secure.gravatar.com\/avatar\/219e749e47ffbcca018a360ae4add7d4cdf1cdaaf8bc7676b27efade3fe65615?s=96&d=mm&r=g","caption":"J.J."},"url":"https:\/\/vosgesinfo.fr\/saintdieinfo\/author\/j-j\/"}]}},"_links":{"self":[{"href":"https:\/\/vosgesinfo.fr\/saintdieinfo\/wp-json\/wp\/v2\/posts\/85534","targetHints":{"allow":["GET"]}}],"collection":[{"href":"https:\/\/vosgesinfo.fr\/saintdieinfo\/wp-json\/wp\/v2\/posts"}],"about":[{"href":"https:\/\/vosgesinfo.fr\/saintdieinfo\/wp-json\/wp\/v2\/types\/post"}],"author":[{"embeddable":true,"href":"https:\/\/vosgesinfo.fr\/saintdieinfo\/wp-json\/wp\/v2\/users\/46"}],"replies":[{"embeddable":true,"href":"https:\/\/vosgesinfo.fr\/saintdieinfo\/wp-json\/wp\/v2\/comments?post=85534"}],"version-history":[{"count":1,"href":"https:\/\/vosgesinfo.fr\/saintdieinfo\/wp-json\/wp\/v2\/posts\/85534\/revisions"}],"predecessor-version":[{"id":85540,"href":"https:\/\/vosgesinfo.fr\/saintdieinfo\/wp-json\/wp\/v2\/posts\/85534\/revisions\/85540"}],"wp:featuredmedia":[{"embeddable":true,"href":"https:\/\/vosgesinfo.fr\/saintdieinfo\/wp-json\/wp\/v2\/media\/85536"}],"wp:attachment":[{"href":"https:\/\/vosgesinfo.fr\/saintdieinfo\/wp-json\/wp\/v2\/media?parent=85534"}],"wp:term":[{"taxonomy":"category","embeddable":true,"href":"https:\/\/vosgesinfo.fr\/saintdieinfo\/wp-json\/wp\/v2\/categories?post=85534"},{"taxonomy":"post_tag","embeddable":true,"href":"https:\/\/vosgesinfo.fr\/saintdieinfo\/wp-json\/wp\/v2\/tags?post=85534"}],"curies":[{"name":"wp","href":"https:\/\/api.w.org\/{rel}","templated":true}]}}