{"id":85545,"date":"2025-12-06T16:32:57","date_gmt":"2025-12-06T15:32:57","guid":{"rendered":"https:\/\/vosgesinfo.fr\/saintdieinfo\/?p=85545"},"modified":"2025-12-06T19:42:37","modified_gmt":"2025-12-06T18:42:37","slug":"en-imlages-le-marche-artisanal-de-noel-de-saint-die-des-vosges-est-inaugure","status":"publish","type":"post","link":"https:\/\/vosgesinfo.fr\/saintdieinfo\/2025\/12\/en-imlages-le-marche-artisanal-de-noel-de-saint-die-des-vosges-est-inaugure\/","title":{"rendered":"En images \u2013 Le march\u00e9 artisanal de No\u00ebl de Saint-Di\u00e9-des-Vosges est inaugur\u00e9"},"content":{"rendered":"<p><a href=\"https:\/\/vosgesinfo.fr\/app\/uploads\/sites\/4\/2025\/12\/inauguration-marche-artisanal-noel-8.jpg\"><img decoding=\"async\" class=\"alignnone size-large wp-image-85555\" src=\"https:\/\/vosgesinfo.fr\/app\/uploads\/sites\/4\/2025\/12\/inauguration-marche-artisanal-noel-8-1024x771.jpg\" alt=\"\" width=\"1024\" height=\"771\" srcset=\"https:\/\/vosgesinfo.fr\/app\/uploads\/sites\/4\/2025\/12\/inauguration-marche-artisanal-noel-8-1024x771.jpg 1024w, https:\/\/vosgesinfo.fr\/app\/uploads\/sites\/4\/2025\/12\/inauguration-marche-artisanal-noel-8-300x226.jpg 300w, https:\/\/vosgesinfo.fr\/app\/uploads\/sites\/4\/2025\/12\/inauguration-marche-artisanal-noel-8-768x578.jpg 768w, https:\/\/vosgesinfo.fr\/app\/uploads\/sites\/4\/2025\/12\/inauguration-marche-artisanal-noel-8.jpg 1434w\" sizes=\"(max-width: 1024px) 100vw, 1024px\" \/><\/a><\/p>\n<h2>Au lendemain des illuminations du centre-ville et des <a href=\"https:\/\/vosgesinfo.fr\/saintdieinfo\/2025\/12\/quatre-monuments-emblematiques-de-paris-sinstallent-sur-la-place-du-general-de-gaulle\/\" target=\"_blank\" rel=\"noopener\">quatre r\u00e9pliques miniatures de monuments parisiens<\/a>, et \u00e0 quelques heures du d\u00e9fil\u00e9 de la Saint-Nicolas, le <strong>march\u00e9 artisanal de No\u00ebl<\/strong> de <strong>Saint-Di\u00e9-des-Vosges<\/strong> a \u00e9t\u00e9 inaugur\u00e9 ce samedi apr\u00e8s-midi. Pr\u00e8s d\u2019un <strong>tiers des exposants<\/strong> sont de nouveaux venus par rapport \u00e0 l\u2019an dernier.<\/h2>\n<p><!--more--><\/p>\n<h3 class=\"western\"><strong>25 exposants \u00e0 retrouver jusqu\u2019\u00e0 dimanche soir<\/strong><\/h3>\n<p>Install\u00e9s dans les petits chalets au pied du grand sapin, les <strong>25 artisans et producteurs locaux<\/strong> proposent leurs produits gourmands et d\u00e9coratifs sur la <strong>place du G\u00e9n\u00e9ral-de-Gaulle<\/strong>. Le public peut y retrouver <strong>jusqu&rsquo;\u00e0 dimanche soir<\/strong> la Maison Poirel, La Petite Ferme de Deyfosse, Chez Magali, Symbi\u2019ose Nature, le Gaec Miels et Saveurs, Croq &amp; Nous, Majacr\u00e9ation Art, l\u2019Atelier SB, Au Grenier de Bubu, C\u00e9ramique Roselyne H, Soleil d\u2019Argile, L\u00e9na Crespin, Mati\u00e8re en forme, Atelier Bouillasse, Bis Marrons chauds, Atelier Carott\u2019, Bernhardt Pascale, Alex A, la Savonnerie de la Principaut\u00e9, le Kiwanis, Les douceurs d\u2019Elise, Champagne Theret, Aux escargots de la M\u00e9nantille, Nata4chats et Art Tricot Vosges.<\/p>\n<h3 class=\"western\"><strong>Les prochains jours d\u2019ouverture du march\u00e9 de No\u00ebl<\/strong><\/h3>\n<p>Le march\u00e9 de No\u00ebl d\u00e9odatien est ouvert ce premier week-end jusqu\u2019\u00e0 19 h ce samedi puis de <strong>14 h \u00e0 19 h<\/strong> le dimanche. Il rouvrira ensuite du vendredi au dimanche, de 14 h \u00e0 19 h, lors des <strong>deux prochains week-ends<\/strong>, ainsi que les <strong>lundi 22 et mardi 23 d\u00e9cembre de 11 h \u00e0 19 h<\/strong>, puis le <strong>mercredi 24 d\u00e9cembre de 11 h \u00e0 16 h<\/strong>.<\/p>\n<h3 class=\"western\"><strong>Animations musicales et pr\u00e9sence du P\u00e8re No\u00ebl<\/strong><\/h3>\n<p>De nombreuses <strong>animations musicales<\/strong> accompagneront ces p\u00e9riodes d\u2019ouverture : le Ch\u0153ur d\u2019Hommes des Trois Abbayes et la Lyre Michelloise sont programm\u00e9s les 13 et 14 d\u00e9cembre, suivis par la Fanfare La Renaissance d\u2019Anould le 20 d\u00e9cembre, l\u2019orgue de barbarie de Jacques Thomas le 21, le spectacle \u00ab D\u00e9ambulation \u00bb de Mimouch le 22, puis l\u2019accord\u00e9oniste Romain Dupuis le 23 d\u00e9cembre.<\/p>\n<p>Le <strong>P\u00e8re No\u00ebl<\/strong> sera pr\u00e9sent les 13, 14, 20, 21, 22 et 23 d\u00e9cembre, de 16 h \u00e0 18 h, pour rencontrer les enfants et poser avec eux. Sa <strong>bo\u00eete aux lettres<\/strong> restera accessible du 5 au 24 d\u00e9cembre sur la place du G\u00e9n\u00e9ral-de-Gaulle.<\/p>\n\n\t\t<style type=\"text\/css\">\n\t\t\t#gallery-1 {\n\t\t\t\tmargin: auto;\n\t\t\t}\n\t\t\t#gallery-1 .gallery-item {\n\t\t\t\tfloat: left;\n\t\t\t\tmargin-top: 10px;\n\t\t\t\ttext-align: center;\n\t\t\t\twidth: 33%;\n\t\t\t}\n\t\t\t#gallery-1 img {\n\t\t\t\tborder: 2px solid #cfcfcf;\n\t\t\t}\n\t\t\t#gallery-1 .gallery-caption {\n\t\t\t\tmargin-left: 0;\n\t\t\t}\n\t\t\t\/* see gallery_shortcode() in wp-includes\/media.php *\/\n\t\t<\/style>\n\t\t<div id='gallery-1' class='gallery galleryid-85545 gallery-columns-3 gallery-size-thumbnail'><dl class='gallery-item'>\n\t\t\t<dt class='gallery-icon landscape'>\n\t\t\t\t<a href='https:\/\/vosgesinfo.fr\/app\/uploads\/sites\/4\/2025\/12\/inauguration-marche-artisanal-noel-1.jpg'><img decoding=\"async\" width=\"150\" height=\"150\" src=\"https:\/\/vosgesinfo.fr\/app\/uploads\/sites\/4\/2025\/12\/inauguration-marche-artisanal-noel-1-150x150.jpg\" class=\"attachment-thumbnail size-thumbnail\" alt=\"\" \/><\/a>\n\t\t\t<\/dt><\/dl><dl class='gallery-item'>\n\t\t\t<dt class='gallery-icon landscape'>\n\t\t\t\t<a href='https:\/\/vosgesinfo.fr\/app\/uploads\/sites\/4\/2025\/12\/inauguration-marche-artisanal-noel-2.jpg'><img decoding=\"async\" width=\"150\" height=\"150\" src=\"https:\/\/vosgesinfo.fr\/app\/uploads\/sites\/4\/2025\/12\/inauguration-marche-artisanal-noel-2-150x150.jpg\" class=\"attachment-thumbnail size-thumbnail\" alt=\"\" \/><\/a>\n\t\t\t<\/dt><\/dl><dl class='gallery-item'>\n\t\t\t<dt class='gallery-icon landscape'>\n\t\t\t\t<a href='https:\/\/vosgesinfo.fr\/app\/uploads\/sites\/4\/2025\/12\/inauguration-marche-artisanal-noel-3.jpg'><img decoding=\"async\" width=\"150\" height=\"150\" src=\"https:\/\/vosgesinfo.fr\/app\/uploads\/sites\/4\/2025\/12\/inauguration-marche-artisanal-noel-3-150x150.jpg\" class=\"attachment-thumbnail size-thumbnail\" alt=\"\" \/><\/a>\n\t\t\t<\/dt><\/dl><br style=\"clear: both\" \/><dl class='gallery-item'>\n\t\t\t<dt class='gallery-icon landscape'>\n\t\t\t\t<a href='https:\/\/vosgesinfo.fr\/app\/uploads\/sites\/4\/2025\/12\/inauguration-marche-artisanal-noel-4.jpg'><img decoding=\"async\" width=\"150\" height=\"150\" src=\"https:\/\/vosgesinfo.fr\/app\/uploads\/sites\/4\/2025\/12\/inauguration-marche-artisanal-noel-4-150x150.jpg\" class=\"attachment-thumbnail size-thumbnail\" alt=\"\" \/><\/a>\n\t\t\t<\/dt><\/dl><dl class='gallery-item'>\n\t\t\t<dt class='gallery-icon landscape'>\n\t\t\t\t<a href='https:\/\/vosgesinfo.fr\/app\/uploads\/sites\/4\/2025\/12\/inauguration-marche-artisanal-noel-5.jpg'><img decoding=\"async\" width=\"150\" height=\"150\" src=\"https:\/\/vosgesinfo.fr\/app\/uploads\/sites\/4\/2025\/12\/inauguration-marche-artisanal-noel-5-150x150.jpg\" class=\"attachment-thumbnail size-thumbnail\" alt=\"\" \/><\/a>\n\t\t\t<\/dt><\/dl><dl class='gallery-item'>\n\t\t\t<dt class='gallery-icon landscape'>\n\t\t\t\t<a href='https:\/\/vosgesinfo.fr\/app\/uploads\/sites\/4\/2025\/12\/inauguration-marche-artisanal-noel-6.jpg'><img decoding=\"async\" width=\"150\" height=\"150\" src=\"https:\/\/vosgesinfo.fr\/app\/uploads\/sites\/4\/2025\/12\/inauguration-marche-artisanal-noel-6-150x150.jpg\" class=\"attachment-thumbnail size-thumbnail\" alt=\"\" \/><\/a>\n\t\t\t<\/dt><\/dl><br style=\"clear: both\" \/><dl class='gallery-item'>\n\t\t\t<dt class='gallery-icon landscape'>\n\t\t\t\t<a href='https:\/\/vosgesinfo.fr\/app\/uploads\/sites\/4\/2025\/12\/inauguration-marche-artisanal-noel-7.jpg'><img decoding=\"async\" width=\"150\" height=\"150\" src=\"https:\/\/vosgesinfo.fr\/app\/uploads\/sites\/4\/2025\/12\/inauguration-marche-artisanal-noel-7-150x150.jpg\" class=\"attachment-thumbnail size-thumbnail\" alt=\"\" \/><\/a>\n\t\t\t<\/dt><\/dl><dl class='gallery-item'>\n\t\t\t<dt class='gallery-icon landscape'>\n\t\t\t\t<a href='https:\/\/vosgesinfo.fr\/app\/uploads\/sites\/4\/2025\/12\/inauguration-marche-artisanal-noel-9.jpg'><img decoding=\"async\" width=\"150\" height=\"150\" src=\"https:\/\/vosgesinfo.fr\/app\/uploads\/sites\/4\/2025\/12\/inauguration-marche-artisanal-noel-9-150x150.jpg\" class=\"attachment-thumbnail size-thumbnail\" alt=\"\" \/><\/a>\n\t\t\t<\/dt><\/dl><dl class='gallery-item'>\n\t\t\t<dt class='gallery-icon landscape'>\n\t\t\t\t<a href='https:\/\/vosgesinfo.fr\/app\/uploads\/sites\/4\/2025\/12\/inauguration-marche-artisanal-noel-10.jpg'><img decoding=\"async\" width=\"150\" height=\"150\" src=\"https:\/\/vosgesinfo.fr\/app\/uploads\/sites\/4\/2025\/12\/inauguration-marche-artisanal-noel-10-150x150.jpg\" class=\"attachment-thumbnail size-thumbnail\" alt=\"\" \/><\/a>\n\t\t\t<\/dt><\/dl><br style=\"clear: both\" \/><dl class='gallery-item'>\n\t\t\t<dt class='gallery-icon landscape'>\n\t\t\t\t<a href='https:\/\/vosgesinfo.fr\/app\/uploads\/sites\/4\/2025\/12\/inauguration-marche-artisanal-noel-11.jpg'><img decoding=\"async\" width=\"150\" height=\"150\" src=\"https:\/\/vosgesinfo.fr\/app\/uploads\/sites\/4\/2025\/12\/inauguration-marche-artisanal-noel-11-150x150.jpg\" class=\"attachment-thumbnail size-thumbnail\" alt=\"\" \/><\/a>\n\t\t\t<\/dt><\/dl><dl class='gallery-item'>\n\t\t\t<dt class='gallery-icon landscape'>\n\t\t\t\t<a href='https:\/\/vosgesinfo.fr\/app\/uploads\/sites\/4\/2025\/12\/inauguration-marche-artisanal-noel-12.jpg'><img decoding=\"async\" width=\"150\" height=\"150\" src=\"https:\/\/vosgesinfo.fr\/app\/uploads\/sites\/4\/2025\/12\/inauguration-marche-artisanal-noel-12-150x150.jpg\" class=\"attachment-thumbnail size-thumbnail\" alt=\"\" \/><\/a>\n\t\t\t<\/dt><\/dl><dl class='gallery-item'>\n\t\t\t<dt class='gallery-icon landscape'>\n\t\t\t\t<a href='https:\/\/vosgesinfo.fr\/app\/uploads\/sites\/4\/2025\/12\/inauguration-marche-artisanal-noel-13.jpg'><img decoding=\"async\" width=\"150\" height=\"150\" src=\"https:\/\/vosgesinfo.fr\/app\/uploads\/sites\/4\/2025\/12\/inauguration-marche-artisanal-noel-13-150x150.jpg\" class=\"attachment-thumbnail size-thumbnail\" alt=\"\" \/><\/a>\n\t\t\t<\/dt><\/dl><br style=\"clear: both\" \/><dl class='gallery-item'>\n\t\t\t<dt class='gallery-icon landscape'>\n\t\t\t\t<a href='https:\/\/vosgesinfo.fr\/app\/uploads\/sites\/4\/2025\/12\/inauguration-marche-artisanal-noel-14.jpg'><img decoding=\"async\" width=\"150\" height=\"150\" src=\"https:\/\/vosgesinfo.fr\/app\/uploads\/sites\/4\/2025\/12\/inauguration-marche-artisanal-noel-14-150x150.jpg\" class=\"attachment-thumbnail size-thumbnail\" alt=\"\" \/><\/a>\n\t\t\t<\/dt><\/dl><dl class='gallery-item'>\n\t\t\t<dt class='gallery-icon landscape'>\n\t\t\t\t<a href='https:\/\/vosgesinfo.fr\/app\/uploads\/sites\/4\/2025\/12\/inauguration-marche-artisanal-noel-15.jpg'><img decoding=\"async\" width=\"150\" height=\"150\" src=\"https:\/\/vosgesinfo.fr\/app\/uploads\/sites\/4\/2025\/12\/inauguration-marche-artisanal-noel-15-150x150.jpg\" class=\"attachment-thumbnail size-thumbnail\" alt=\"\" \/><\/a>\n\t\t\t<\/dt><\/dl><dl class='gallery-item'>\n\t\t\t<dt class='gallery-icon landscape'>\n\t\t\t\t<a href='https:\/\/vosgesinfo.fr\/app\/uploads\/sites\/4\/2025\/12\/inauguration-marche-artisanal-noel-16.jpg'><img decoding=\"async\" width=\"150\" height=\"150\" src=\"https:\/\/vosgesinfo.fr\/app\/uploads\/sites\/4\/2025\/12\/inauguration-marche-artisanal-noel-16-150x150.jpg\" class=\"attachment-thumbnail size-thumbnail\" alt=\"\" \/><\/a>\n\t\t\t<\/dt><\/dl><br style=\"clear: both\" \/><dl class='gallery-item'>\n\t\t\t<dt class='gallery-icon landscape'>\n\t\t\t\t<a href='https:\/\/vosgesinfo.fr\/app\/uploads\/sites\/4\/2025\/12\/inauguration-marche-artisanal-noel-17.jpg'><img decoding=\"async\" width=\"150\" height=\"150\" src=\"https:\/\/vosgesinfo.fr\/app\/uploads\/sites\/4\/2025\/12\/inauguration-marche-artisanal-noel-17-150x150.jpg\" class=\"attachment-thumbnail size-thumbnail\" alt=\"\" \/><\/a>\n\t\t\t<\/dt><\/dl><dl class='gallery-item'>\n\t\t\t<dt class='gallery-icon landscape'>\n\t\t\t\t<a href='https:\/\/vosgesinfo.fr\/app\/uploads\/sites\/4\/2025\/12\/inauguration-marche-artisanal-noel-18.jpg'><img decoding=\"async\" width=\"150\" height=\"150\" src=\"https:\/\/vosgesinfo.fr\/app\/uploads\/sites\/4\/2025\/12\/inauguration-marche-artisanal-noel-18-150x150.jpg\" class=\"attachment-thumbnail size-thumbnail\" alt=\"\" \/><\/a>\n\t\t\t<\/dt><\/dl>\n\t\t\t<br style='clear: both' \/>\n\t\t<\/div>\n\n","protected":false},"excerpt":{"rendered":"<p>Au lendemain des illuminations du centre-ville et des quatre r\u00e9pliques miniatures de monuments parisiens, et \u00e0 quelques heures du d\u00e9fil\u00e9 [&hellip;]<\/p>\n","protected":false},"author":46,"featured_media":85555,"comment_status":"open","ping_status":"open","sticky":false,"template":"","format":"standard","meta":{"footnotes":""},"categories":[460,20,167],"tags":[19264,19267,19265,18782,19263,19268,19269,19266],"class_list":["post-85545","post","type-post","status-publish","format-standard","has-post-thumbnail","hentry","category-a-la-une","category-loisirs","category-saint-die-des-vosges","tag-25-exposants","tag-animations-de-noel-saint-die-des-vosges","tag-artisans-locaux-vosges","tag-marche-artisanal-de-noel","tag-marche-de-noel-saint-die-des-vosges","tag-pere-noel-saint-die-des-vosges","tag-place-du-general-de-gaulle-saint-die-des-vosges","tag-producteurs-locaux-vosges"],"acf":[],"yoast_head":"<!-- This site is optimized with the Yoast SEO plugin v22.5 - https:\/\/yoast.com\/wordpress\/plugins\/seo\/ -->\n<title>En images \u2013 Le march\u00e9 artisanal de No\u00ebl de Saint-Di\u00e9-des-Vosges est inaugur\u00e9 - Saint Die Info<\/title>\n<meta name=\"robots\" content=\"index, follow, max-snippet:-1, max-image-preview:large, max-video-preview:-1\" \/>\n<link rel=\"canonical\" href=\"https:\/\/vosgesinfo.fr\/saintdieinfo\/2025\/12\/en-imlages-le-marche-artisanal-de-noel-de-saint-die-des-vosges-est-inaugure\/\" \/>\n<meta name=\"twitter:card\" content=\"summary_large_image\" \/>\n<meta name=\"twitter:title\" content=\"En images \u2013 Le march\u00e9 artisanal de No\u00ebl de Saint-Di\u00e9-des-Vosges est inaugur\u00e9 - Saint Die Info\" \/>\n<meta name=\"twitter:description\" content=\"Au lendemain des illuminations du centre-ville et des quatre r\u00e9pliques miniatures de monuments parisiens, et \u00e0 quelques heures du d\u00e9fil\u00e9 [&hellip;]\" \/>\n<meta name=\"twitter:image\" content=\"https:\/\/vosgesinfo.fr\/app\/uploads\/sites\/4\/2025\/12\/inauguration-marche-artisanal-noel-8.jpg\" \/>\n<meta name=\"twitter:creator\" content=\"@VosgesInfo88\" \/>\n<meta name=\"twitter:site\" content=\"@VosgesInfo88\" \/>\n<meta name=\"twitter:label1\" content=\"\u00c9crit par\" \/>\n\t<meta name=\"twitter:data1\" content=\"J.J.\" \/>\n\t<meta name=\"twitter:label2\" content=\"Dur\u00e9e de lecture estim\u00e9e\" \/>\n\t<meta name=\"twitter:data2\" content=\"3 minutes\" \/>\n<script type=\"application\/ld+json\" class=\"yoast-schema-graph\">{\"@context\":\"https:\/\/schema.org\",\"@graph\":[{\"@type\":\"Article\",\"@id\":\"https:\/\/vosgesinfo.fr\/saintdieinfo\/2025\/12\/en-imlages-le-marche-artisanal-de-noel-de-saint-die-des-vosges-est-inaugure\/#article\",\"isPartOf\":{\"@id\":\"https:\/\/vosgesinfo.fr\/saintdieinfo\/2025\/12\/en-imlages-le-marche-artisanal-de-noel-de-saint-die-des-vosges-est-inaugure\/\"},\"author\":{\"name\":\"J.J.\",\"@id\":\"https:\/\/vosgesinfo.fr\/saintdieinfo\/#\/schema\/person\/fa73e9f726d67bb88f46d5b7943cb572\"},\"headline\":\"En images \u2013 Le march\u00e9 artisanal de No\u00ebl de Saint-Di\u00e9-des-Vosges est inaugur\u00e9\",\"datePublished\":\"2025-12-06T15:32:57+00:00\",\"dateModified\":\"2025-12-06T18:42:37+00:00\",\"mainEntityOfPage\":{\"@id\":\"https:\/\/vosgesinfo.fr\/saintdieinfo\/2025\/12\/en-imlages-le-marche-artisanal-de-noel-de-saint-die-des-vosges-est-inaugure\/\"},\"wordCount\":378,\"commentCount\":0,\"publisher\":{\"@id\":\"https:\/\/vosgesinfo.fr\/saintdieinfo\/#organization\"},\"image\":{\"@id\":\"https:\/\/vosgesinfo.fr\/saintdieinfo\/2025\/12\/en-imlages-le-marche-artisanal-de-noel-de-saint-die-des-vosges-est-inaugure\/#primaryimage\"},\"thumbnailUrl\":\"https:\/\/vosgesinfo.fr\/app\/uploads\/sites\/4\/2025\/12\/inauguration-marche-artisanal-noel-8.jpg\",\"keywords\":[\"25 exposants\",\"animations de No\u00ebl Saint-Di\u00e9-des-Vosges\",\"artisans locaux Vosges\",\"march\u00e9 artisanal de No\u00ebl\",\"march\u00e9 de No\u00ebl Saint-Di\u00e9-des-Vosges\",\"P\u00e8re No\u00ebl Saint-Di\u00e9-des-Vosges\",\"place du G\u00e9n\u00e9ral-de-Gaulle Saint-Di\u00e9-des-Vosges\",\"producteurs locaux Vosges\"],\"articleSection\":[\"A la Une\",\"Loisirs\",\"Saint-Di\u00e9-des-Vosges\"],\"inLanguage\":\"fr-FR\",\"potentialAction\":[{\"@type\":\"CommentAction\",\"name\":\"Comment\",\"target\":[\"https:\/\/vosgesinfo.fr\/saintdieinfo\/2025\/12\/en-imlages-le-marche-artisanal-de-noel-de-saint-die-des-vosges-est-inaugure\/#respond\"]}]},{\"@type\":\"WebPage\",\"@id\":\"https:\/\/vosgesinfo.fr\/saintdieinfo\/2025\/12\/en-imlages-le-marche-artisanal-de-noel-de-saint-die-des-vosges-est-inaugure\/\",\"url\":\"https:\/\/vosgesinfo.fr\/saintdieinfo\/2025\/12\/en-imlages-le-marche-artisanal-de-noel-de-saint-die-des-vosges-est-inaugure\/\",\"name\":\"En images \u2013 Le march\u00e9 artisanal de No\u00ebl de Saint-Di\u00e9-des-Vosges est inaugur\u00e9 - Saint Die Info\",\"isPartOf\":{\"@id\":\"https:\/\/vosgesinfo.fr\/saintdieinfo\/#website\"},\"primaryImageOfPage\":{\"@id\":\"https:\/\/vosgesinfo.fr\/saintdieinfo\/2025\/12\/en-imlages-le-marche-artisanal-de-noel-de-saint-die-des-vosges-est-inaugure\/#primaryimage\"},\"image\":{\"@id\":\"https:\/\/vosgesinfo.fr\/saintdieinfo\/2025\/12\/en-imlages-le-marche-artisanal-de-noel-de-saint-die-des-vosges-est-inaugure\/#primaryimage\"},\"thumbnailUrl\":\"https:\/\/vosgesinfo.fr\/app\/uploads\/sites\/4\/2025\/12\/inauguration-marche-artisanal-noel-8.jpg\",\"datePublished\":\"2025-12-06T15:32:57+00:00\",\"dateModified\":\"2025-12-06T18:42:37+00:00\",\"breadcrumb\":{\"@id\":\"https:\/\/vosgesinfo.fr\/saintdieinfo\/2025\/12\/en-imlages-le-marche-artisanal-de-noel-de-saint-die-des-vosges-est-inaugure\/#breadcrumb\"},\"inLanguage\":\"fr-FR\",\"potentialAction\":[{\"@type\":\"ReadAction\",\"target\":[\"https:\/\/vosgesinfo.fr\/saintdieinfo\/2025\/12\/en-imlages-le-marche-artisanal-de-noel-de-saint-die-des-vosges-est-inaugure\/\"]}]},{\"@type\":\"ImageObject\",\"inLanguage\":\"fr-FR\",\"@id\":\"https:\/\/vosgesinfo.fr\/saintdieinfo\/2025\/12\/en-imlages-le-marche-artisanal-de-noel-de-saint-die-des-vosges-est-inaugure\/#primaryimage\",\"url\":\"https:\/\/vosgesinfo.fr\/app\/uploads\/sites\/4\/2025\/12\/inauguration-marche-artisanal-noel-8.jpg\",\"contentUrl\":\"https:\/\/vosgesinfo.fr\/app\/uploads\/sites\/4\/2025\/12\/inauguration-marche-artisanal-noel-8.jpg\",\"width\":1434,\"height\":1080,\"caption\":\"(Archive)\"},{\"@type\":\"BreadcrumbList\",\"@id\":\"https:\/\/vosgesinfo.fr\/saintdieinfo\/2025\/12\/en-imlages-le-marche-artisanal-de-noel-de-saint-die-des-vosges-est-inaugure\/#breadcrumb\",\"itemListElement\":[{\"@type\":\"ListItem\",\"position\":1,\"name\":\"Home\",\"item\":\"https:\/\/vosgesinfo.fr\/saintdieinfo\/\"},{\"@type\":\"ListItem\",\"position\":2,\"name\":\"En images \u2013 Le march\u00e9 artisanal de No\u00ebl de Saint-Di\u00e9-des-Vosges est inaugur\u00e9\"}]},{\"@type\":\"WebSite\",\"@id\":\"https:\/\/vosgesinfo.fr\/saintdieinfo\/#website\",\"url\":\"https:\/\/vosgesinfo.fr\/saintdieinfo\/\",\"name\":\"Saint Die Info\",\"description\":\"Toute l&#039;actualit\u00e9 de Saint-Di\u00e9-Des-Vosges\",\"publisher\":{\"@id\":\"https:\/\/vosgesinfo.fr\/saintdieinfo\/#organization\"},\"alternateName\":\"Toute l'actualit\u00e9 de Saint-Di\u00e9-Des-Vosges\",\"potentialAction\":[{\"@type\":\"SearchAction\",\"target\":{\"@type\":\"EntryPoint\",\"urlTemplate\":\"https:\/\/vosgesinfo.fr\/saintdieinfo\/?s={search_term_string}\"},\"query-input\":\"required name=search_term_string\"}],\"inLanguage\":\"fr-FR\"},{\"@type\":\"Organization\",\"@id\":\"https:\/\/vosgesinfo.fr\/saintdieinfo\/#organization\",\"name\":\"Saint Die Info\",\"url\":\"https:\/\/vosgesinfo.fr\/saintdieinfo\/\",\"logo\":{\"@type\":\"ImageObject\",\"inLanguage\":\"fr-FR\",\"@id\":\"https:\/\/vosgesinfo.fr\/saintdieinfo\/#\/schema\/logo\/image\/\",\"url\":\"https:\/\/vosgesinfo.fr\/app\/uploads\/sites\/4\/2024\/02\/logo-sdi.jpg\",\"contentUrl\":\"https:\/\/vosgesinfo.fr\/app\/uploads\/sites\/4\/2024\/02\/logo-sdi.jpg\",\"width\":600,\"height\":600,\"caption\":\"Saint Die Info\"},\"image\":{\"@id\":\"https:\/\/vosgesinfo.fr\/saintdieinfo\/#\/schema\/logo\/image\/\"},\"sameAs\":[\"https:\/\/www.facebook.com\/Saintdieinfofr\",\"https:\/\/x.com\/VosgesInfo88\",\"https:\/\/www.youtube.com\/@vosgesinfo\"]},{\"@type\":\"Person\",\"@id\":\"https:\/\/vosgesinfo.fr\/saintdieinfo\/#\/schema\/person\/fa73e9f726d67bb88f46d5b7943cb572\",\"name\":\"J.J.\",\"image\":{\"@type\":\"ImageObject\",\"inLanguage\":\"fr-FR\",\"@id\":\"https:\/\/vosgesinfo.fr\/saintdieinfo\/#\/schema\/person\/image\/\",\"url\":\"https:\/\/secure.gravatar.com\/avatar\/219e749e47ffbcca018a360ae4add7d4cdf1cdaaf8bc7676b27efade3fe65615?s=96&d=mm&r=g\",\"contentUrl\":\"https:\/\/secure.gravatar.com\/avatar\/219e749e47ffbcca018a360ae4add7d4cdf1cdaaf8bc7676b27efade3fe65615?s=96&d=mm&r=g\",\"caption\":\"J.J.\"},\"url\":\"https:\/\/vosgesinfo.fr\/saintdieinfo\/author\/j-j\/\"}]}<\/script>\n<!-- \/ Yoast SEO plugin. -->","yoast_head_json":{"title":"En images \u2013 Le march\u00e9 artisanal de No\u00ebl de Saint-Di\u00e9-des-Vosges est inaugur\u00e9 - Saint Die Info","robots":{"index":"index","follow":"follow","max-snippet":"max-snippet:-1","max-image-preview":"max-image-preview:large","max-video-preview":"max-video-preview:-1"},"canonical":"https:\/\/vosgesinfo.fr\/saintdieinfo\/2025\/12\/en-imlages-le-marche-artisanal-de-noel-de-saint-die-des-vosges-est-inaugure\/","twitter_card":"summary_large_image","twitter_title":"En images \u2013 Le march\u00e9 artisanal de No\u00ebl de Saint-Di\u00e9-des-Vosges est inaugur\u00e9 - Saint Die Info","twitter_description":"Au lendemain des illuminations du centre-ville et des quatre r\u00e9pliques miniatures de monuments parisiens, et \u00e0 quelques heures du d\u00e9fil\u00e9 [&hellip;]","twitter_image":"https:\/\/vosgesinfo.fr\/app\/uploads\/sites\/4\/2025\/12\/inauguration-marche-artisanal-noel-8.jpg","twitter_creator":"@VosgesInfo88","twitter_site":"@VosgesInfo88","twitter_misc":{"\u00c9crit par":"J.J.","Dur\u00e9e de lecture estim\u00e9e":"3 minutes"},"schema":{"@context":"https:\/\/schema.org","@graph":[{"@type":"Article","@id":"https:\/\/vosgesinfo.fr\/saintdieinfo\/2025\/12\/en-imlages-le-marche-artisanal-de-noel-de-saint-die-des-vosges-est-inaugure\/#article","isPartOf":{"@id":"https:\/\/vosgesinfo.fr\/saintdieinfo\/2025\/12\/en-imlages-le-marche-artisanal-de-noel-de-saint-die-des-vosges-est-inaugure\/"},"author":{"name":"J.J.","@id":"https:\/\/vosgesinfo.fr\/saintdieinfo\/#\/schema\/person\/fa73e9f726d67bb88f46d5b7943cb572"},"headline":"En images \u2013 Le march\u00e9 artisanal de No\u00ebl de Saint-Di\u00e9-des-Vosges est inaugur\u00e9","datePublished":"2025-12-06T15:32:57+00:00","dateModified":"2025-12-06T18:42:37+00:00","mainEntityOfPage":{"@id":"https:\/\/vosgesinfo.fr\/saintdieinfo\/2025\/12\/en-imlages-le-marche-artisanal-de-noel-de-saint-die-des-vosges-est-inaugure\/"},"wordCount":378,"commentCount":0,"publisher":{"@id":"https:\/\/vosgesinfo.fr\/saintdieinfo\/#organization"},"image":{"@id":"https:\/\/vosgesinfo.fr\/saintdieinfo\/2025\/12\/en-imlages-le-marche-artisanal-de-noel-de-saint-die-des-vosges-est-inaugure\/#primaryimage"},"thumbnailUrl":"https:\/\/vosgesinfo.fr\/app\/uploads\/sites\/4\/2025\/12\/inauguration-marche-artisanal-noel-8.jpg","keywords":["25 exposants","animations de No\u00ebl Saint-Di\u00e9-des-Vosges","artisans locaux Vosges","march\u00e9 artisanal de No\u00ebl","march\u00e9 de No\u00ebl Saint-Di\u00e9-des-Vosges","P\u00e8re No\u00ebl Saint-Di\u00e9-des-Vosges","place du G\u00e9n\u00e9ral-de-Gaulle Saint-Di\u00e9-des-Vosges","producteurs locaux Vosges"],"articleSection":["A la Une","Loisirs","Saint-Di\u00e9-des-Vosges"],"inLanguage":"fr-FR","potentialAction":[{"@type":"CommentAction","name":"Comment","target":["https:\/\/vosgesinfo.fr\/saintdieinfo\/2025\/12\/en-imlages-le-marche-artisanal-de-noel-de-saint-die-des-vosges-est-inaugure\/#respond"]}]},{"@type":"WebPage","@id":"https:\/\/vosgesinfo.fr\/saintdieinfo\/2025\/12\/en-imlages-le-marche-artisanal-de-noel-de-saint-die-des-vosges-est-inaugure\/","url":"https:\/\/vosgesinfo.fr\/saintdieinfo\/2025\/12\/en-imlages-le-marche-artisanal-de-noel-de-saint-die-des-vosges-est-inaugure\/","name":"En images \u2013 Le march\u00e9 artisanal de No\u00ebl de Saint-Di\u00e9-des-Vosges est inaugur\u00e9 - Saint Die Info","isPartOf":{"@id":"https:\/\/vosgesinfo.fr\/saintdieinfo\/#website"},"primaryImageOfPage":{"@id":"https:\/\/vosgesinfo.fr\/saintdieinfo\/2025\/12\/en-imlages-le-marche-artisanal-de-noel-de-saint-die-des-vosges-est-inaugure\/#primaryimage"},"image":{"@id":"https:\/\/vosgesinfo.fr\/saintdieinfo\/2025\/12\/en-imlages-le-marche-artisanal-de-noel-de-saint-die-des-vosges-est-inaugure\/#primaryimage"},"thumbnailUrl":"https:\/\/vosgesinfo.fr\/app\/uploads\/sites\/4\/2025\/12\/inauguration-marche-artisanal-noel-8.jpg","datePublished":"2025-12-06T15:32:57+00:00","dateModified":"2025-12-06T18:42:37+00:00","breadcrumb":{"@id":"https:\/\/vosgesinfo.fr\/saintdieinfo\/2025\/12\/en-imlages-le-marche-artisanal-de-noel-de-saint-die-des-vosges-est-inaugure\/#breadcrumb"},"inLanguage":"fr-FR","potentialAction":[{"@type":"ReadAction","target":["https:\/\/vosgesinfo.fr\/saintdieinfo\/2025\/12\/en-imlages-le-marche-artisanal-de-noel-de-saint-die-des-vosges-est-inaugure\/"]}]},{"@type":"ImageObject","inLanguage":"fr-FR","@id":"https:\/\/vosgesinfo.fr\/saintdieinfo\/2025\/12\/en-imlages-le-marche-artisanal-de-noel-de-saint-die-des-vosges-est-inaugure\/#primaryimage","url":"https:\/\/vosgesinfo.fr\/app\/uploads\/sites\/4\/2025\/12\/inauguration-marche-artisanal-noel-8.jpg","contentUrl":"https:\/\/vosgesinfo.fr\/app\/uploads\/sites\/4\/2025\/12\/inauguration-marche-artisanal-noel-8.jpg","width":1434,"height":1080,"caption":"(Archive)"},{"@type":"BreadcrumbList","@id":"https:\/\/vosgesinfo.fr\/saintdieinfo\/2025\/12\/en-imlages-le-marche-artisanal-de-noel-de-saint-die-des-vosges-est-inaugure\/#breadcrumb","itemListElement":[{"@type":"ListItem","position":1,"name":"Home","item":"https:\/\/vosgesinfo.fr\/saintdieinfo\/"},{"@type":"ListItem","position":2,"name":"En images \u2013 Le march\u00e9 artisanal de No\u00ebl de Saint-Di\u00e9-des-Vosges est inaugur\u00e9"}]},{"@type":"WebSite","@id":"https:\/\/vosgesinfo.fr\/saintdieinfo\/#website","url":"https:\/\/vosgesinfo.fr\/saintdieinfo\/","name":"Saint Die Info","description":"Toute l&#039;actualit\u00e9 de Saint-Di\u00e9-Des-Vosges","publisher":{"@id":"https:\/\/vosgesinfo.fr\/saintdieinfo\/#organization"},"alternateName":"Toute l'actualit\u00e9 de Saint-Di\u00e9-Des-Vosges","potentialAction":[{"@type":"SearchAction","target":{"@type":"EntryPoint","urlTemplate":"https:\/\/vosgesinfo.fr\/saintdieinfo\/?s={search_term_string}"},"query-input":"required name=search_term_string"}],"inLanguage":"fr-FR"},{"@type":"Organization","@id":"https:\/\/vosgesinfo.fr\/saintdieinfo\/#organization","name":"Saint Die Info","url":"https:\/\/vosgesinfo.fr\/saintdieinfo\/","logo":{"@type":"ImageObject","inLanguage":"fr-FR","@id":"https:\/\/vosgesinfo.fr\/saintdieinfo\/#\/schema\/logo\/image\/","url":"https:\/\/vosgesinfo.fr\/app\/uploads\/sites\/4\/2024\/02\/logo-sdi.jpg","contentUrl":"https:\/\/vosgesinfo.fr\/app\/uploads\/sites\/4\/2024\/02\/logo-sdi.jpg","width":600,"height":600,"caption":"Saint Die Info"},"image":{"@id":"https:\/\/vosgesinfo.fr\/saintdieinfo\/#\/schema\/logo\/image\/"},"sameAs":["https:\/\/www.facebook.com\/Saintdieinfofr","https:\/\/x.com\/VosgesInfo88","https:\/\/www.youtube.com\/@vosgesinfo"]},{"@type":"Person","@id":"https:\/\/vosgesinfo.fr\/saintdieinfo\/#\/schema\/person\/fa73e9f726d67bb88f46d5b7943cb572","name":"J.J.","image":{"@type":"ImageObject","inLanguage":"fr-FR","@id":"https:\/\/vosgesinfo.fr\/saintdieinfo\/#\/schema\/person\/image\/","url":"https:\/\/secure.gravatar.com\/avatar\/219e749e47ffbcca018a360ae4add7d4cdf1cdaaf8bc7676b27efade3fe65615?s=96&d=mm&r=g","contentUrl":"https:\/\/secure.gravatar.com\/avatar\/219e749e47ffbcca018a360ae4add7d4cdf1cdaaf8bc7676b27efade3fe65615?s=96&d=mm&r=g","caption":"J.J."},"url":"https:\/\/vosgesinfo.fr\/saintdieinfo\/author\/j-j\/"}]}},"_links":{"self":[{"href":"https:\/\/vosgesinfo.fr\/saintdieinfo\/wp-json\/wp\/v2\/posts\/85545","targetHints":{"allow":["GET"]}}],"collection":[{"href":"https:\/\/vosgesinfo.fr\/saintdieinfo\/wp-json\/wp\/v2\/posts"}],"about":[{"href":"https:\/\/vosgesinfo.fr\/saintdieinfo\/wp-json\/wp\/v2\/types\/post"}],"author":[{"embeddable":true,"href":"https:\/\/vosgesinfo.fr\/saintdieinfo\/wp-json\/wp\/v2\/users\/46"}],"replies":[{"embeddable":true,"href":"https:\/\/vosgesinfo.fr\/saintdieinfo\/wp-json\/wp\/v2\/comments?post=85545"}],"version-history":[{"count":3,"href":"https:\/\/vosgesinfo.fr\/saintdieinfo\/wp-json\/wp\/v2\/posts\/85545\/revisions"}],"predecessor-version":[{"id":85568,"href":"https:\/\/vosgesinfo.fr\/saintdieinfo\/wp-json\/wp\/v2\/posts\/85545\/revisions\/85568"}],"wp:featuredmedia":[{"embeddable":true,"href":"https:\/\/vosgesinfo.fr\/saintdieinfo\/wp-json\/wp\/v2\/media\/85555"}],"wp:attachment":[{"href":"https:\/\/vosgesinfo.fr\/saintdieinfo\/wp-json\/wp\/v2\/media?parent=85545"}],"wp:term":[{"taxonomy":"category","embeddable":true,"href":"https:\/\/vosgesinfo.fr\/saintdieinfo\/wp-json\/wp\/v2\/categories?post=85545"},{"taxonomy":"post_tag","embeddable":true,"href":"https:\/\/vosgesinfo.fr\/saintdieinfo\/wp-json\/wp\/v2\/tags?post=85545"}],"curies":[{"name":"wp","href":"https:\/\/api.w.org\/{rel}","templated":true}]}}