{"id":85640,"date":"2025-12-08T08:52:27","date_gmt":"2025-12-08T07:52:27","guid":{"rendered":"https:\/\/vosgesinfo.fr\/saintdieinfo\/?p=85640"},"modified":"2025-12-08T10:24:39","modified_gmt":"2025-12-08T09:24:39","slug":"la-librairie-le-neuf-accueille-christophe-felder-pour-une-signature-gourmande","status":"publish","type":"post","link":"https:\/\/vosgesinfo.fr\/saintdieinfo\/2025\/12\/la-librairie-le-neuf-accueille-christophe-felder-pour-une-signature-gourmande\/","title":{"rendered":"La Librairie Le Neuf accueille Christophe Felder pour une signature gourmande"},"content":{"rendered":"<div id=\"attachment_85642\" style=\"width: 1034px\" class=\"wp-caption alignnone\"><a href=\"https:\/\/vosgesinfo.fr\/app\/uploads\/sites\/4\/2025\/12\/christophe-felder-librairie-le-neuf.jpg\"><img decoding=\"async\" aria-describedby=\"caption-attachment-85642\" class=\"size-large wp-image-85642\" src=\"https:\/\/vosgesinfo.fr\/app\/uploads\/sites\/4\/2025\/12\/christophe-felder-librairie-le-neuf-1024x768.jpg\" alt=\"\" width=\"1024\" height=\"768\" srcset=\"https:\/\/vosgesinfo.fr\/app\/uploads\/sites\/4\/2025\/12\/christophe-felder-librairie-le-neuf-1024x768.jpg 1024w, https:\/\/vosgesinfo.fr\/app\/uploads\/sites\/4\/2025\/12\/christophe-felder-librairie-le-neuf-300x225.jpg 300w, https:\/\/vosgesinfo.fr\/app\/uploads\/sites\/4\/2025\/12\/christophe-felder-librairie-le-neuf-768x576.jpg 768w, https:\/\/vosgesinfo.fr\/app\/uploads\/sites\/4\/2025\/12\/christophe-felder-librairie-le-neuf.jpg 1200w\" sizes=\"(max-width: 1024px) 100vw, 1024px\" \/><\/a><p id=\"caption-attachment-85642\" class=\"wp-caption-text\">(Photographie Librairie Le Neuf)<\/p><\/div>\n<h2 data-start=\"0\" data-end=\"362\">La librairie <strong data-start=\"13\" data-end=\"24\">Le Neuf<\/strong> accueille le chef p\u00e2tissier <strong data-start=\"53\" data-end=\"74\">Christophe Felder<\/strong> pour une nouvelle <strong data-start=\"93\" data-end=\"116\">signature gourmande<\/strong> ce <strong>dimanche 14 d\u00e9cembre<\/strong>, de <strong data-start=\"149\" data-end=\"167\">10 h 30 \u00e0 12 h. <\/strong>L\u2019auteur de nombreux ouvrages de p\u00e2tisserie publi\u00e9s aux \u00c9ditions de La Martini\u00e8re viendra \u00e0 la rencontre du public pour d\u00e9dicacer ses livres autour des recettes de No\u00ebl.<\/h2>\n<p data-start=\"0\" data-end=\"362\"><!--more--><\/p>\n<p data-start=\"364\" data-end=\"744\">Au fil des ans, ses passages \u00e0 la librairie d\u00e9odatienne sont devenus un <strong data-start=\"424\" data-end=\"447\">rendez-vous attendu de pied ferme des gourmands. <\/strong>Ce samedi, entre deux signatures, une <strong data-start=\"589\" data-end=\"607\">boisson chaude<\/strong> et une <strong data-start=\"615\" data-end=\"633\">petite douceur<\/strong> seront offertes aux personnes pr\u00e9sentes, dans une ambiance conviviale de pr\u00e9paration des f\u00eates de fin d\u2019ann\u00e9e.<\/p>\n","protected":false},"excerpt":{"rendered":"<p>La librairie Le Neuf accueille le chef p\u00e2tissier Christophe Felder pour une nouvelle signature gourmande ce dimanche 14 d\u00e9cembre, de [&hellip;]<\/p>\n","protected":false},"author":46,"featured_media":85642,"comment_status":"open","ping_status":"open","sticky":false,"template":"","format":"standard","meta":{"footnotes":""},"categories":[3900,8090,167],"tags":[15334,19271,19275,3192,19273,19274,2881,19272],"class_list":["post-85640","post","type-post","status-publish","format-standard","has-post-thumbnail","hentry","category-breves","category-litterature","category-saint-die-des-vosges","tag-christophe-felder","tag-dedicace","tag-editions-de-la-martiniere","tag-librairie-le-neuf","tag-livres-de-patisserie","tag-recettes-de-noel","tag-saint-die-des-vosges","tag-signature-gourmande"],"acf":[],"yoast_head":"<!-- This site is optimized with the Yoast SEO plugin v22.5 - https:\/\/yoast.com\/wordpress\/plugins\/seo\/ -->\n<title>La Librairie Le Neuf accueille Christophe Felder pour une signature gourmande - Saint Die Info<\/title>\n<meta name=\"robots\" content=\"index, follow, max-snippet:-1, max-image-preview:large, max-video-preview:-1\" \/>\n<link rel=\"canonical\" href=\"https:\/\/vosgesinfo.fr\/saintdieinfo\/2025\/12\/la-librairie-le-neuf-accueille-christophe-felder-pour-une-signature-gourmande\/\" \/>\n<meta name=\"twitter:card\" content=\"summary_large_image\" \/>\n<meta name=\"twitter:title\" content=\"La Librairie Le Neuf accueille Christophe Felder pour une signature gourmande - Saint Die Info\" \/>\n<meta name=\"twitter:description\" content=\"La librairie Le Neuf accueille le chef p\u00e2tissier Christophe Felder pour une nouvelle signature gourmande ce dimanche 14 d\u00e9cembre, de [&hellip;]\" \/>\n<meta name=\"twitter:image\" content=\"https:\/\/vosgesinfo.fr\/app\/uploads\/sites\/4\/2025\/12\/christophe-felder-librairie-le-neuf.jpg\" \/>\n<meta name=\"twitter:creator\" content=\"@VosgesInfo88\" \/>\n<meta name=\"twitter:site\" content=\"@VosgesInfo88\" \/>\n<meta name=\"twitter:label1\" content=\"\u00c9crit par\" \/>\n\t<meta name=\"twitter:data1\" content=\"J.J.\" \/>\n\t<meta name=\"twitter:label2\" content=\"Dur\u00e9e de lecture estim\u00e9e\" \/>\n\t<meta name=\"twitter:data2\" content=\"1 minute\" \/>\n<script type=\"application\/ld+json\" class=\"yoast-schema-graph\">{\"@context\":\"https:\/\/schema.org\",\"@graph\":[{\"@type\":\"Article\",\"@id\":\"https:\/\/vosgesinfo.fr\/saintdieinfo\/2025\/12\/la-librairie-le-neuf-accueille-christophe-felder-pour-une-signature-gourmande\/#article\",\"isPartOf\":{\"@id\":\"https:\/\/vosgesinfo.fr\/saintdieinfo\/2025\/12\/la-librairie-le-neuf-accueille-christophe-felder-pour-une-signature-gourmande\/\"},\"author\":{\"name\":\"J.J.\",\"@id\":\"https:\/\/vosgesinfo.fr\/saintdieinfo\/#\/schema\/person\/fa73e9f726d67bb88f46d5b7943cb572\"},\"headline\":\"La Librairie Le Neuf accueille Christophe Felder pour une signature gourmande\",\"datePublished\":\"2025-12-08T07:52:27+00:00\",\"dateModified\":\"2025-12-08T09:24:39+00:00\",\"mainEntityOfPage\":{\"@id\":\"https:\/\/vosgesinfo.fr\/saintdieinfo\/2025\/12\/la-librairie-le-neuf-accueille-christophe-felder-pour-une-signature-gourmande\/\"},\"wordCount\":130,\"commentCount\":0,\"publisher\":{\"@id\":\"https:\/\/vosgesinfo.fr\/saintdieinfo\/#organization\"},\"image\":{\"@id\":\"https:\/\/vosgesinfo.fr\/saintdieinfo\/2025\/12\/la-librairie-le-neuf-accueille-christophe-felder-pour-une-signature-gourmande\/#primaryimage\"},\"thumbnailUrl\":\"https:\/\/vosgesinfo.fr\/app\/uploads\/sites\/4\/2025\/12\/christophe-felder-librairie-le-neuf.jpg\",\"keywords\":[\"Christophe Felder\",\"d\u00e9dicace\",\"\u00c9ditions de La Martini\u00e8re\",\"Librairie Le Neuf\",\"livres de p\u00e2tisserie\",\"recettes de No\u00ebl\",\"Saint-Di\u00e9-des-Vosges\",\"signature gourmande\"],\"articleSection\":[\"Br\u00e8ves\",\"Litt\u00e9rature\",\"Saint-Di\u00e9-des-Vosges\"],\"inLanguage\":\"fr-FR\",\"potentialAction\":[{\"@type\":\"CommentAction\",\"name\":\"Comment\",\"target\":[\"https:\/\/vosgesinfo.fr\/saintdieinfo\/2025\/12\/la-librairie-le-neuf-accueille-christophe-felder-pour-une-signature-gourmande\/#respond\"]}]},{\"@type\":\"WebPage\",\"@id\":\"https:\/\/vosgesinfo.fr\/saintdieinfo\/2025\/12\/la-librairie-le-neuf-accueille-christophe-felder-pour-une-signature-gourmande\/\",\"url\":\"https:\/\/vosgesinfo.fr\/saintdieinfo\/2025\/12\/la-librairie-le-neuf-accueille-christophe-felder-pour-une-signature-gourmande\/\",\"name\":\"La Librairie Le Neuf accueille Christophe Felder pour une signature gourmande - Saint Die Info\",\"isPartOf\":{\"@id\":\"https:\/\/vosgesinfo.fr\/saintdieinfo\/#website\"},\"primaryImageOfPage\":{\"@id\":\"https:\/\/vosgesinfo.fr\/saintdieinfo\/2025\/12\/la-librairie-le-neuf-accueille-christophe-felder-pour-une-signature-gourmande\/#primaryimage\"},\"image\":{\"@id\":\"https:\/\/vosgesinfo.fr\/saintdieinfo\/2025\/12\/la-librairie-le-neuf-accueille-christophe-felder-pour-une-signature-gourmande\/#primaryimage\"},\"thumbnailUrl\":\"https:\/\/vosgesinfo.fr\/app\/uploads\/sites\/4\/2025\/12\/christophe-felder-librairie-le-neuf.jpg\",\"datePublished\":\"2025-12-08T07:52:27+00:00\",\"dateModified\":\"2025-12-08T09:24:39+00:00\",\"breadcrumb\":{\"@id\":\"https:\/\/vosgesinfo.fr\/saintdieinfo\/2025\/12\/la-librairie-le-neuf-accueille-christophe-felder-pour-une-signature-gourmande\/#breadcrumb\"},\"inLanguage\":\"fr-FR\",\"potentialAction\":[{\"@type\":\"ReadAction\",\"target\":[\"https:\/\/vosgesinfo.fr\/saintdieinfo\/2025\/12\/la-librairie-le-neuf-accueille-christophe-felder-pour-une-signature-gourmande\/\"]}]},{\"@type\":\"ImageObject\",\"inLanguage\":\"fr-FR\",\"@id\":\"https:\/\/vosgesinfo.fr\/saintdieinfo\/2025\/12\/la-librairie-le-neuf-accueille-christophe-felder-pour-une-signature-gourmande\/#primaryimage\",\"url\":\"https:\/\/vosgesinfo.fr\/app\/uploads\/sites\/4\/2025\/12\/christophe-felder-librairie-le-neuf.jpg\",\"contentUrl\":\"https:\/\/vosgesinfo.fr\/app\/uploads\/sites\/4\/2025\/12\/christophe-felder-librairie-le-neuf.jpg\",\"width\":1200,\"height\":900,\"caption\":\"(Photographie Librairie Le Neuf)\"},{\"@type\":\"BreadcrumbList\",\"@id\":\"https:\/\/vosgesinfo.fr\/saintdieinfo\/2025\/12\/la-librairie-le-neuf-accueille-christophe-felder-pour-une-signature-gourmande\/#breadcrumb\",\"itemListElement\":[{\"@type\":\"ListItem\",\"position\":1,\"name\":\"Home\",\"item\":\"https:\/\/vosgesinfo.fr\/saintdieinfo\/\"},{\"@type\":\"ListItem\",\"position\":2,\"name\":\"La Librairie Le Neuf accueille Christophe Felder pour une signature gourmande\"}]},{\"@type\":\"WebSite\",\"@id\":\"https:\/\/vosgesinfo.fr\/saintdieinfo\/#website\",\"url\":\"https:\/\/vosgesinfo.fr\/saintdieinfo\/\",\"name\":\"Saint Die Info\",\"description\":\"Toute l&#039;actualit\u00e9 de Saint-Di\u00e9-Des-Vosges\",\"publisher\":{\"@id\":\"https:\/\/vosgesinfo.fr\/saintdieinfo\/#organization\"},\"alternateName\":\"Toute l'actualit\u00e9 de Saint-Di\u00e9-Des-Vosges\",\"potentialAction\":[{\"@type\":\"SearchAction\",\"target\":{\"@type\":\"EntryPoint\",\"urlTemplate\":\"https:\/\/vosgesinfo.fr\/saintdieinfo\/?s={search_term_string}\"},\"query-input\":\"required name=search_term_string\"}],\"inLanguage\":\"fr-FR\"},{\"@type\":\"Organization\",\"@id\":\"https:\/\/vosgesinfo.fr\/saintdieinfo\/#organization\",\"name\":\"Saint Die Info\",\"url\":\"https:\/\/vosgesinfo.fr\/saintdieinfo\/\",\"logo\":{\"@type\":\"ImageObject\",\"inLanguage\":\"fr-FR\",\"@id\":\"https:\/\/vosgesinfo.fr\/saintdieinfo\/#\/schema\/logo\/image\/\",\"url\":\"https:\/\/vosgesinfo.fr\/app\/uploads\/sites\/4\/2024\/02\/logo-sdi.jpg\",\"contentUrl\":\"https:\/\/vosgesinfo.fr\/app\/uploads\/sites\/4\/2024\/02\/logo-sdi.jpg\",\"width\":600,\"height\":600,\"caption\":\"Saint Die Info\"},\"image\":{\"@id\":\"https:\/\/vosgesinfo.fr\/saintdieinfo\/#\/schema\/logo\/image\/\"},\"sameAs\":[\"https:\/\/www.facebook.com\/Saintdieinfofr\",\"https:\/\/x.com\/VosgesInfo88\",\"https:\/\/www.youtube.com\/@vosgesinfo\"]},{\"@type\":\"Person\",\"@id\":\"https:\/\/vosgesinfo.fr\/saintdieinfo\/#\/schema\/person\/fa73e9f726d67bb88f46d5b7943cb572\",\"name\":\"J.J.\",\"image\":{\"@type\":\"ImageObject\",\"inLanguage\":\"fr-FR\",\"@id\":\"https:\/\/vosgesinfo.fr\/saintdieinfo\/#\/schema\/person\/image\/\",\"url\":\"https:\/\/secure.gravatar.com\/avatar\/219e749e47ffbcca018a360ae4add7d4cdf1cdaaf8bc7676b27efade3fe65615?s=96&d=mm&r=g\",\"contentUrl\":\"https:\/\/secure.gravatar.com\/avatar\/219e749e47ffbcca018a360ae4add7d4cdf1cdaaf8bc7676b27efade3fe65615?s=96&d=mm&r=g\",\"caption\":\"J.J.\"},\"url\":\"https:\/\/vosgesinfo.fr\/saintdieinfo\/author\/j-j\/\"}]}<\/script>\n<!-- \/ Yoast SEO plugin. -->","yoast_head_json":{"title":"La Librairie Le Neuf accueille Christophe Felder pour une signature gourmande - Saint Die Info","robots":{"index":"index","follow":"follow","max-snippet":"max-snippet:-1","max-image-preview":"max-image-preview:large","max-video-preview":"max-video-preview:-1"},"canonical":"https:\/\/vosgesinfo.fr\/saintdieinfo\/2025\/12\/la-librairie-le-neuf-accueille-christophe-felder-pour-une-signature-gourmande\/","twitter_card":"summary_large_image","twitter_title":"La Librairie Le Neuf accueille Christophe Felder pour une signature gourmande - Saint Die Info","twitter_description":"La librairie Le Neuf accueille le chef p\u00e2tissier Christophe Felder pour une nouvelle signature gourmande ce dimanche 14 d\u00e9cembre, de [&hellip;]","twitter_image":"https:\/\/vosgesinfo.fr\/app\/uploads\/sites\/4\/2025\/12\/christophe-felder-librairie-le-neuf.jpg","twitter_creator":"@VosgesInfo88","twitter_site":"@VosgesInfo88","twitter_misc":{"\u00c9crit par":"J.J.","Dur\u00e9e de lecture estim\u00e9e":"1 minute"},"schema":{"@context":"https:\/\/schema.org","@graph":[{"@type":"Article","@id":"https:\/\/vosgesinfo.fr\/saintdieinfo\/2025\/12\/la-librairie-le-neuf-accueille-christophe-felder-pour-une-signature-gourmande\/#article","isPartOf":{"@id":"https:\/\/vosgesinfo.fr\/saintdieinfo\/2025\/12\/la-librairie-le-neuf-accueille-christophe-felder-pour-une-signature-gourmande\/"},"author":{"name":"J.J.","@id":"https:\/\/vosgesinfo.fr\/saintdieinfo\/#\/schema\/person\/fa73e9f726d67bb88f46d5b7943cb572"},"headline":"La Librairie Le Neuf accueille Christophe Felder pour une signature gourmande","datePublished":"2025-12-08T07:52:27+00:00","dateModified":"2025-12-08T09:24:39+00:00","mainEntityOfPage":{"@id":"https:\/\/vosgesinfo.fr\/saintdieinfo\/2025\/12\/la-librairie-le-neuf-accueille-christophe-felder-pour-une-signature-gourmande\/"},"wordCount":130,"commentCount":0,"publisher":{"@id":"https:\/\/vosgesinfo.fr\/saintdieinfo\/#organization"},"image":{"@id":"https:\/\/vosgesinfo.fr\/saintdieinfo\/2025\/12\/la-librairie-le-neuf-accueille-christophe-felder-pour-une-signature-gourmande\/#primaryimage"},"thumbnailUrl":"https:\/\/vosgesinfo.fr\/app\/uploads\/sites\/4\/2025\/12\/christophe-felder-librairie-le-neuf.jpg","keywords":["Christophe Felder","d\u00e9dicace","\u00c9ditions de La Martini\u00e8re","Librairie Le Neuf","livres de p\u00e2tisserie","recettes de No\u00ebl","Saint-Di\u00e9-des-Vosges","signature gourmande"],"articleSection":["Br\u00e8ves","Litt\u00e9rature","Saint-Di\u00e9-des-Vosges"],"inLanguage":"fr-FR","potentialAction":[{"@type":"CommentAction","name":"Comment","target":["https:\/\/vosgesinfo.fr\/saintdieinfo\/2025\/12\/la-librairie-le-neuf-accueille-christophe-felder-pour-une-signature-gourmande\/#respond"]}]},{"@type":"WebPage","@id":"https:\/\/vosgesinfo.fr\/saintdieinfo\/2025\/12\/la-librairie-le-neuf-accueille-christophe-felder-pour-une-signature-gourmande\/","url":"https:\/\/vosgesinfo.fr\/saintdieinfo\/2025\/12\/la-librairie-le-neuf-accueille-christophe-felder-pour-une-signature-gourmande\/","name":"La Librairie Le Neuf accueille Christophe Felder pour une signature gourmande - Saint Die Info","isPartOf":{"@id":"https:\/\/vosgesinfo.fr\/saintdieinfo\/#website"},"primaryImageOfPage":{"@id":"https:\/\/vosgesinfo.fr\/saintdieinfo\/2025\/12\/la-librairie-le-neuf-accueille-christophe-felder-pour-une-signature-gourmande\/#primaryimage"},"image":{"@id":"https:\/\/vosgesinfo.fr\/saintdieinfo\/2025\/12\/la-librairie-le-neuf-accueille-christophe-felder-pour-une-signature-gourmande\/#primaryimage"},"thumbnailUrl":"https:\/\/vosgesinfo.fr\/app\/uploads\/sites\/4\/2025\/12\/christophe-felder-librairie-le-neuf.jpg","datePublished":"2025-12-08T07:52:27+00:00","dateModified":"2025-12-08T09:24:39+00:00","breadcrumb":{"@id":"https:\/\/vosgesinfo.fr\/saintdieinfo\/2025\/12\/la-librairie-le-neuf-accueille-christophe-felder-pour-une-signature-gourmande\/#breadcrumb"},"inLanguage":"fr-FR","potentialAction":[{"@type":"ReadAction","target":["https:\/\/vosgesinfo.fr\/saintdieinfo\/2025\/12\/la-librairie-le-neuf-accueille-christophe-felder-pour-une-signature-gourmande\/"]}]},{"@type":"ImageObject","inLanguage":"fr-FR","@id":"https:\/\/vosgesinfo.fr\/saintdieinfo\/2025\/12\/la-librairie-le-neuf-accueille-christophe-felder-pour-une-signature-gourmande\/#primaryimage","url":"https:\/\/vosgesinfo.fr\/app\/uploads\/sites\/4\/2025\/12\/christophe-felder-librairie-le-neuf.jpg","contentUrl":"https:\/\/vosgesinfo.fr\/app\/uploads\/sites\/4\/2025\/12\/christophe-felder-librairie-le-neuf.jpg","width":1200,"height":900,"caption":"(Photographie Librairie Le Neuf)"},{"@type":"BreadcrumbList","@id":"https:\/\/vosgesinfo.fr\/saintdieinfo\/2025\/12\/la-librairie-le-neuf-accueille-christophe-felder-pour-une-signature-gourmande\/#breadcrumb","itemListElement":[{"@type":"ListItem","position":1,"name":"Home","item":"https:\/\/vosgesinfo.fr\/saintdieinfo\/"},{"@type":"ListItem","position":2,"name":"La Librairie Le Neuf accueille Christophe Felder pour une signature gourmande"}]},{"@type":"WebSite","@id":"https:\/\/vosgesinfo.fr\/saintdieinfo\/#website","url":"https:\/\/vosgesinfo.fr\/saintdieinfo\/","name":"Saint Die Info","description":"Toute l&#039;actualit\u00e9 de Saint-Di\u00e9-Des-Vosges","publisher":{"@id":"https:\/\/vosgesinfo.fr\/saintdieinfo\/#organization"},"alternateName":"Toute l'actualit\u00e9 de Saint-Di\u00e9-Des-Vosges","potentialAction":[{"@type":"SearchAction","target":{"@type":"EntryPoint","urlTemplate":"https:\/\/vosgesinfo.fr\/saintdieinfo\/?s={search_term_string}"},"query-input":"required name=search_term_string"}],"inLanguage":"fr-FR"},{"@type":"Organization","@id":"https:\/\/vosgesinfo.fr\/saintdieinfo\/#organization","name":"Saint Die Info","url":"https:\/\/vosgesinfo.fr\/saintdieinfo\/","logo":{"@type":"ImageObject","inLanguage":"fr-FR","@id":"https:\/\/vosgesinfo.fr\/saintdieinfo\/#\/schema\/logo\/image\/","url":"https:\/\/vosgesinfo.fr\/app\/uploads\/sites\/4\/2024\/02\/logo-sdi.jpg","contentUrl":"https:\/\/vosgesinfo.fr\/app\/uploads\/sites\/4\/2024\/02\/logo-sdi.jpg","width":600,"height":600,"caption":"Saint Die Info"},"image":{"@id":"https:\/\/vosgesinfo.fr\/saintdieinfo\/#\/schema\/logo\/image\/"},"sameAs":["https:\/\/www.facebook.com\/Saintdieinfofr","https:\/\/x.com\/VosgesInfo88","https:\/\/www.youtube.com\/@vosgesinfo"]},{"@type":"Person","@id":"https:\/\/vosgesinfo.fr\/saintdieinfo\/#\/schema\/person\/fa73e9f726d67bb88f46d5b7943cb572","name":"J.J.","image":{"@type":"ImageObject","inLanguage":"fr-FR","@id":"https:\/\/vosgesinfo.fr\/saintdieinfo\/#\/schema\/person\/image\/","url":"https:\/\/secure.gravatar.com\/avatar\/219e749e47ffbcca018a360ae4add7d4cdf1cdaaf8bc7676b27efade3fe65615?s=96&d=mm&r=g","contentUrl":"https:\/\/secure.gravatar.com\/avatar\/219e749e47ffbcca018a360ae4add7d4cdf1cdaaf8bc7676b27efade3fe65615?s=96&d=mm&r=g","caption":"J.J."},"url":"https:\/\/vosgesinfo.fr\/saintdieinfo\/author\/j-j\/"}]}},"_links":{"self":[{"href":"https:\/\/vosgesinfo.fr\/saintdieinfo\/wp-json\/wp\/v2\/posts\/85640","targetHints":{"allow":["GET"]}}],"collection":[{"href":"https:\/\/vosgesinfo.fr\/saintdieinfo\/wp-json\/wp\/v2\/posts"}],"about":[{"href":"https:\/\/vosgesinfo.fr\/saintdieinfo\/wp-json\/wp\/v2\/types\/post"}],"author":[{"embeddable":true,"href":"https:\/\/vosgesinfo.fr\/saintdieinfo\/wp-json\/wp\/v2\/users\/46"}],"replies":[{"embeddable":true,"href":"https:\/\/vosgesinfo.fr\/saintdieinfo\/wp-json\/wp\/v2\/comments?post=85640"}],"version-history":[{"count":2,"href":"https:\/\/vosgesinfo.fr\/saintdieinfo\/wp-json\/wp\/v2\/posts\/85640\/revisions"}],"predecessor-version":[{"id":85645,"href":"https:\/\/vosgesinfo.fr\/saintdieinfo\/wp-json\/wp\/v2\/posts\/85640\/revisions\/85645"}],"wp:featuredmedia":[{"embeddable":true,"href":"https:\/\/vosgesinfo.fr\/saintdieinfo\/wp-json\/wp\/v2\/media\/85642"}],"wp:attachment":[{"href":"https:\/\/vosgesinfo.fr\/saintdieinfo\/wp-json\/wp\/v2\/media?parent=85640"}],"wp:term":[{"taxonomy":"category","embeddable":true,"href":"https:\/\/vosgesinfo.fr\/saintdieinfo\/wp-json\/wp\/v2\/categories?post=85640"},{"taxonomy":"post_tag","embeddable":true,"href":"https:\/\/vosgesinfo.fr\/saintdieinfo\/wp-json\/wp\/v2\/tags?post=85640"}],"curies":[{"name":"wp","href":"https:\/\/api.w.org\/{rel}","templated":true}]}}