{"id":85658,"date":"2025-12-08T11:43:49","date_gmt":"2025-12-08T10:43:49","guid":{"rendered":"https:\/\/vosgesinfo.fr\/saintdieinfo\/?p=85658"},"modified":"2025-12-08T11:32:18","modified_gmt":"2025-12-08T10:32:18","slug":"la-deodatienne-melanie-grandmougin-sacree-miss-belleza-lorraine-2026","status":"publish","type":"post","link":"https:\/\/vosgesinfo.fr\/saintdieinfo\/2025\/12\/la-deodatienne-melanie-grandmougin-sacree-miss-belleza-lorraine-2026\/","title":{"rendered":"La D\u00e9odatienne M\u00e9lanie Grandmougin sacr\u00e9e Miss Belleza Lorraine 2026"},"content":{"rendered":"<div id=\"attachment_85659\" style=\"width: 970px\" class=\"wp-caption alignnone\"><a href=\"https:\/\/vosgesinfo.fr\/app\/uploads\/sites\/4\/2025\/12\/melanie-grandmougin-miss-belleza-lorraine-2.jpg\"><img decoding=\"async\" aria-describedby=\"caption-attachment-85659\" class=\"size-full wp-image-85659\" src=\"https:\/\/vosgesinfo.fr\/app\/uploads\/sites\/4\/2025\/12\/melanie-grandmougin-miss-belleza-lorraine-2.jpg\" alt=\"\" width=\"960\" height=\"958\" srcset=\"https:\/\/vosgesinfo.fr\/app\/uploads\/sites\/4\/2025\/12\/melanie-grandmougin-miss-belleza-lorraine-2.jpg 960w, https:\/\/vosgesinfo.fr\/app\/uploads\/sites\/4\/2025\/12\/melanie-grandmougin-miss-belleza-lorraine-2-300x300.jpg 300w, https:\/\/vosgesinfo.fr\/app\/uploads\/sites\/4\/2025\/12\/melanie-grandmougin-miss-belleza-lorraine-2-150x150.jpg 150w, https:\/\/vosgesinfo.fr\/app\/uploads\/sites\/4\/2025\/12\/melanie-grandmougin-miss-belleza-lorraine-2-768x766.jpg 768w\" sizes=\"(max-width: 960px) 100vw, 960px\" \/><\/a><p id=\"caption-attachment-85659\" class=\"wp-caption-text\">(Photographies Miss Belleza Lorraine)<\/p><\/div>\n<h2 data-start=\"493\" data-end=\"1052\"><a href=\"https:\/\/vosgesinfo.fr\/saintdieinfo\/2025\/10\/comment-soutenir-la-deodatienne-melanie-grandmougin-dans-son-aventure-miss-belleza-lorraine\/\" target=\"_blank\" rel=\"noopener\">Originaire de <strong data-start=\"507\" data-end=\"531\">Saint-Di\u00e9-des-Vosges<\/strong>, <strong data-start=\"533\" data-end=\"556\">M\u00e9lanie Grandmougin<\/strong><\/a> a \u00e9t\u00e9 \u00e9lue <strong data-start=\"568\" data-end=\"598\">Miss Belleza Lorraine 2026<\/strong> ce <strong data-start=\"599\" data-end=\"629\">samedi 6 d\u00e9cembre, \u00e0 Anould<\/strong>, au terme d\u2019une soir\u00e9e qui lui a \u00e9galement valu le <strong data-start=\"681\" data-end=\"712\">prix de la culture g\u00e9n\u00e9rale<\/strong> gr\u00e2ce \u00e0 la meilleure note du concours. Cette \u00e9lection constituait la <strong data-start=\"782\" data-end=\"827\">deuxi\u00e8me \u00e9dition de Miss Belleza Lorraine<\/strong>, et M\u00e9lanie Grandmougin succ\u00e8de ainsi \u00e0 <strong data-start=\"868\" data-end=\"884\">C\u00e9lia Hestin<\/strong>. La jeune D\u00e9odatienne, <a href=\"https:\/\/vosgesinfo.fr\/saintdieinfo\/2025\/07\/la-deodatienne-melanie-grandmougin-retente-laventure-miss-belleza-lorraine\/\" target=\"_blank\" rel=\"noopener\">qui avait d\u00e9j\u00e0 particip\u00e9 l\u2019an dernier<\/a>, s\u2019\u00e9tait fait conna\u00eetre dans l\u2019univers des concours de beaut\u00e9 en \u00e9tant \u00e9lue <strong data-start=\"1022\" data-end=\"1051\">Miss 15\/17 Vosges en 2020<\/strong>.<\/h2>\n<p data-start=\"493\" data-end=\"1052\"><!--more--><\/p>\n<h3 data-start=\"1054\" data-end=\"1096\"><strong>L&rsquo;aboutissement d\u2019un r\u00eave<\/strong><\/h3>\n<p data-start=\"1098\" data-end=\"1575\">\u00c0 l\u2019issue de <strong data-start=\"1111\" data-end=\"1144\">plusieurs mois de pr\u00e9paration<\/strong>, qu\u2019elle d\u00e9crit comme faits de travail intensif et de moments de doute, la nouvelle Miss Belleza Lorraine \u00e9voque \u00ab <strong data-start=\"1260\" data-end=\"1289\">l\u2019aboutissement d\u2019un r\u00eave<\/strong>, d\u2019une <strong data-start=\"1297\" data-end=\"1325\">pers\u00e9v\u00e9rance sans faille<\/strong> et du <strong data-start=\"1332\" data-end=\"1352\">soutien pr\u00e9cieux<\/strong> \u00bb de son entourage. M\u00e9lanie Grandmougin tient \u00e0 remercier sa famille, ses amis et son \u00e9quipe, tout en rappelant que \u00ab <strong data-start=\"1454\" data-end=\"1494\">cette aventure ne fait que commencer<\/strong> \u00bb.<\/p>\n<h3 data-start=\"1577\" data-end=\"1620\"><strong>C\u00e9l\u00e9brer chaque femme<\/strong><\/h3>\n<p data-start=\"1622\" data-end=\"1999\">Le comit\u00e9 <strong data-start=\"1632\" data-end=\"1648\">Miss Belleza<\/strong> se pr\u00e9sente autour du slogan \u00ab <strong data-start=\"1707\" data-end=\"1776\">L\u2019unit\u00e9 d\u2019une famille, l\u2019\u00e9l\u00e9gance jusqu\u2019\u00e0 la sc\u00e8ne internationale<\/strong> \u00bb. Il se d\u00e9finit comme un comit\u00e9 de Miss et Teen \u00ab <strong data-start=\"1828\" data-end=\"1862\">ouvert \u00e0 toutes, sans crit\u00e8res<\/strong>. De la sc\u00e8ne r\u00e9gionale jusqu\u2019\u00e0 l\u2019internationale, nous cultivons l\u2019\u00e9l\u00e9gance et c\u00e9l\u00e9brons chaque femme. \u00c0 partir de <strong data-start=\"1977\" data-end=\"1996\">15 ans \u00e0 26 ans<\/strong>. \u00bb<\/p>\n<p data-start=\"2001\" data-end=\"2199\" data-is-last-node=\"\" data-is-only-node=\"\"><a href=\"https:\/\/vosgesinfo.fr\/app\/uploads\/sites\/4\/2025\/12\/melanie-grandmougin-miss-belleza-lorraine-1.jpg\"><img decoding=\"async\" class=\"alignnone size-large wp-image-85661\" src=\"https:\/\/vosgesinfo.fr\/app\/uploads\/sites\/4\/2025\/12\/melanie-grandmougin-miss-belleza-lorraine-1-816x1024.jpg\" alt=\"\" width=\"816\" height=\"1024\" srcset=\"https:\/\/vosgesinfo.fr\/app\/uploads\/sites\/4\/2025\/12\/melanie-grandmougin-miss-belleza-lorraine-1-816x1024.jpg 816w, https:\/\/vosgesinfo.fr\/app\/uploads\/sites\/4\/2025\/12\/melanie-grandmougin-miss-belleza-lorraine-1-239x300.jpg 239w, https:\/\/vosgesinfo.fr\/app\/uploads\/sites\/4\/2025\/12\/melanie-grandmougin-miss-belleza-lorraine-1-768x963.jpg 768w, https:\/\/vosgesinfo.fr\/app\/uploads\/sites\/4\/2025\/12\/melanie-grandmougin-miss-belleza-lorraine-1.jpg 861w\" sizes=\"(max-width: 816px) 100vw, 816px\" \/><\/a><\/p>\n","protected":false},"excerpt":{"rendered":"<p>Originaire de Saint-Di\u00e9-des-Vosges, M\u00e9lanie Grandmougin a \u00e9t\u00e9 \u00e9lue Miss Belleza Lorraine 2026 ce samedi 6 d\u00e9cembre, \u00e0 Anould, au terme [&hellip;]<\/p>\n","protected":false},"author":46,"featured_media":85660,"comment_status":"open","ping_status":"open","sticky":false,"template":"","format":"standard","meta":{"footnotes":""},"categories":[460,3903,2915,18],"tags":[3927,5432,19286,19285,15386,11017,17865,19284,2881],"class_list":["post-85658","post","type-post","status-publish","format-standard","has-post-thumbnail","hentry","category-a-la-une","category-deodatie","category-saint-die-son-canton","category-vosges","tag-anould","tag-celia-hestin","tag-concours-de-beaute-vosges","tag-concours-de-miss-lorraine","tag-melanie-grandmougin","tag-miss-15-17-vosges","tag-miss-belleza","tag-miss-belleza-lorraine-2026","tag-saint-die-des-vosges"],"acf":[],"yoast_head":"<!-- This site is optimized with the Yoast SEO plugin v22.5 - https:\/\/yoast.com\/wordpress\/plugins\/seo\/ -->\n<title>La D\u00e9odatienne M\u00e9lanie Grandmougin sacr\u00e9e Miss Belleza Lorraine 2026 - Saint Die Info<\/title>\n<meta name=\"robots\" content=\"index, follow, max-snippet:-1, max-image-preview:large, max-video-preview:-1\" \/>\n<link rel=\"canonical\" href=\"https:\/\/vosgesinfo.fr\/saintdieinfo\/2025\/12\/la-deodatienne-melanie-grandmougin-sacree-miss-belleza-lorraine-2026\/\" \/>\n<meta name=\"twitter:card\" content=\"summary_large_image\" \/>\n<meta name=\"twitter:title\" content=\"La D\u00e9odatienne M\u00e9lanie Grandmougin sacr\u00e9e Miss Belleza Lorraine 2026 - Saint Die Info\" \/>\n<meta name=\"twitter:description\" content=\"Originaire de Saint-Di\u00e9-des-Vosges, M\u00e9lanie Grandmougin a \u00e9t\u00e9 \u00e9lue Miss Belleza Lorraine 2026 ce samedi 6 d\u00e9cembre, \u00e0 Anould, au terme [&hellip;]\" \/>\n<meta name=\"twitter:image\" content=\"https:\/\/vosgesinfo.fr\/app\/uploads\/sites\/4\/2025\/12\/melanie-grandmougin-miss-belleza-lorraine.jpg\" \/>\n<meta name=\"twitter:creator\" content=\"@VosgesInfo88\" \/>\n<meta name=\"twitter:site\" content=\"@VosgesInfo88\" \/>\n<meta name=\"twitter:label1\" content=\"\u00c9crit par\" \/>\n\t<meta name=\"twitter:data1\" content=\"J.J.\" \/>\n\t<meta name=\"twitter:label2\" content=\"Dur\u00e9e de lecture estim\u00e9e\" \/>\n\t<meta name=\"twitter:data2\" content=\"1 minute\" \/>\n<script type=\"application\/ld+json\" class=\"yoast-schema-graph\">{\"@context\":\"https:\/\/schema.org\",\"@graph\":[{\"@type\":\"Article\",\"@id\":\"https:\/\/vosgesinfo.fr\/saintdieinfo\/2025\/12\/la-deodatienne-melanie-grandmougin-sacree-miss-belleza-lorraine-2026\/#article\",\"isPartOf\":{\"@id\":\"https:\/\/vosgesinfo.fr\/saintdieinfo\/2025\/12\/la-deodatienne-melanie-grandmougin-sacree-miss-belleza-lorraine-2026\/\"},\"author\":{\"name\":\"J.J.\",\"@id\":\"https:\/\/vosgesinfo.fr\/saintdieinfo\/#\/schema\/person\/fa73e9f726d67bb88f46d5b7943cb572\"},\"headline\":\"La D\u00e9odatienne M\u00e9lanie Grandmougin sacr\u00e9e Miss Belleza Lorraine 2026\",\"datePublished\":\"2025-12-08T10:43:49+00:00\",\"dateModified\":\"2025-12-08T10:32:18+00:00\",\"mainEntityOfPage\":{\"@id\":\"https:\/\/vosgesinfo.fr\/saintdieinfo\/2025\/12\/la-deodatienne-melanie-grandmougin-sacree-miss-belleza-lorraine-2026\/\"},\"wordCount\":262,\"commentCount\":2,\"publisher\":{\"@id\":\"https:\/\/vosgesinfo.fr\/saintdieinfo\/#organization\"},\"image\":{\"@id\":\"https:\/\/vosgesinfo.fr\/saintdieinfo\/2025\/12\/la-deodatienne-melanie-grandmougin-sacree-miss-belleza-lorraine-2026\/#primaryimage\"},\"thumbnailUrl\":\"https:\/\/vosgesinfo.fr\/app\/uploads\/sites\/4\/2025\/12\/melanie-grandmougin-miss-belleza-lorraine.jpg\",\"keywords\":[\"Anould\",\"C\u00e9lia Hestin\",\"concours de beaut\u00e9 Vosges\",\"concours de miss Lorraine\",\"M\u00e9lanie Grandmougin\",\"Miss 15\/17 Vosges\",\"Miss Belleza\",\"Miss Belleza Lorraine 2026\",\"Saint-Di\u00e9-des-Vosges\"],\"articleSection\":[\"A la Une\",\"D\u00e9odatie\",\"Saint-Di\u00e9-des-Vosges et son Agglom\u00e9ration\",\"Vosges\"],\"inLanguage\":\"fr-FR\",\"potentialAction\":[{\"@type\":\"CommentAction\",\"name\":\"Comment\",\"target\":[\"https:\/\/vosgesinfo.fr\/saintdieinfo\/2025\/12\/la-deodatienne-melanie-grandmougin-sacree-miss-belleza-lorraine-2026\/#respond\"]}]},{\"@type\":\"WebPage\",\"@id\":\"https:\/\/vosgesinfo.fr\/saintdieinfo\/2025\/12\/la-deodatienne-melanie-grandmougin-sacree-miss-belleza-lorraine-2026\/\",\"url\":\"https:\/\/vosgesinfo.fr\/saintdieinfo\/2025\/12\/la-deodatienne-melanie-grandmougin-sacree-miss-belleza-lorraine-2026\/\",\"name\":\"La D\u00e9odatienne M\u00e9lanie Grandmougin sacr\u00e9e Miss Belleza Lorraine 2026 - Saint Die Info\",\"isPartOf\":{\"@id\":\"https:\/\/vosgesinfo.fr\/saintdieinfo\/#website\"},\"primaryImageOfPage\":{\"@id\":\"https:\/\/vosgesinfo.fr\/saintdieinfo\/2025\/12\/la-deodatienne-melanie-grandmougin-sacree-miss-belleza-lorraine-2026\/#primaryimage\"},\"image\":{\"@id\":\"https:\/\/vosgesinfo.fr\/saintdieinfo\/2025\/12\/la-deodatienne-melanie-grandmougin-sacree-miss-belleza-lorraine-2026\/#primaryimage\"},\"thumbnailUrl\":\"https:\/\/vosgesinfo.fr\/app\/uploads\/sites\/4\/2025\/12\/melanie-grandmougin-miss-belleza-lorraine.jpg\",\"datePublished\":\"2025-12-08T10:43:49+00:00\",\"dateModified\":\"2025-12-08T10:32:18+00:00\",\"breadcrumb\":{\"@id\":\"https:\/\/vosgesinfo.fr\/saintdieinfo\/2025\/12\/la-deodatienne-melanie-grandmougin-sacree-miss-belleza-lorraine-2026\/#breadcrumb\"},\"inLanguage\":\"fr-FR\",\"potentialAction\":[{\"@type\":\"ReadAction\",\"target\":[\"https:\/\/vosgesinfo.fr\/saintdieinfo\/2025\/12\/la-deodatienne-melanie-grandmougin-sacree-miss-belleza-lorraine-2026\/\"]}]},{\"@type\":\"ImageObject\",\"inLanguage\":\"fr-FR\",\"@id\":\"https:\/\/vosgesinfo.fr\/saintdieinfo\/2025\/12\/la-deodatienne-melanie-grandmougin-sacree-miss-belleza-lorraine-2026\/#primaryimage\",\"url\":\"https:\/\/vosgesinfo.fr\/app\/uploads\/sites\/4\/2025\/12\/melanie-grandmougin-miss-belleza-lorraine.jpg\",\"contentUrl\":\"https:\/\/vosgesinfo.fr\/app\/uploads\/sites\/4\/2025\/12\/melanie-grandmougin-miss-belleza-lorraine.jpg\",\"width\":1416,\"height\":1071},{\"@type\":\"BreadcrumbList\",\"@id\":\"https:\/\/vosgesinfo.fr\/saintdieinfo\/2025\/12\/la-deodatienne-melanie-grandmougin-sacree-miss-belleza-lorraine-2026\/#breadcrumb\",\"itemListElement\":[{\"@type\":\"ListItem\",\"position\":1,\"name\":\"Home\",\"item\":\"https:\/\/vosgesinfo.fr\/saintdieinfo\/\"},{\"@type\":\"ListItem\",\"position\":2,\"name\":\"La D\u00e9odatienne M\u00e9lanie Grandmougin sacr\u00e9e Miss Belleza Lorraine 2026\"}]},{\"@type\":\"WebSite\",\"@id\":\"https:\/\/vosgesinfo.fr\/saintdieinfo\/#website\",\"url\":\"https:\/\/vosgesinfo.fr\/saintdieinfo\/\",\"name\":\"Saint Die Info\",\"description\":\"Toute l&#039;actualit\u00e9 de Saint-Di\u00e9-Des-Vosges\",\"publisher\":{\"@id\":\"https:\/\/vosgesinfo.fr\/saintdieinfo\/#organization\"},\"alternateName\":\"Toute l'actualit\u00e9 de Saint-Di\u00e9-Des-Vosges\",\"potentialAction\":[{\"@type\":\"SearchAction\",\"target\":{\"@type\":\"EntryPoint\",\"urlTemplate\":\"https:\/\/vosgesinfo.fr\/saintdieinfo\/?s={search_term_string}\"},\"query-input\":\"required name=search_term_string\"}],\"inLanguage\":\"fr-FR\"},{\"@type\":\"Organization\",\"@id\":\"https:\/\/vosgesinfo.fr\/saintdieinfo\/#organization\",\"name\":\"Saint Die Info\",\"url\":\"https:\/\/vosgesinfo.fr\/saintdieinfo\/\",\"logo\":{\"@type\":\"ImageObject\",\"inLanguage\":\"fr-FR\",\"@id\":\"https:\/\/vosgesinfo.fr\/saintdieinfo\/#\/schema\/logo\/image\/\",\"url\":\"https:\/\/vosgesinfo.fr\/app\/uploads\/sites\/4\/2024\/02\/logo-sdi.jpg\",\"contentUrl\":\"https:\/\/vosgesinfo.fr\/app\/uploads\/sites\/4\/2024\/02\/logo-sdi.jpg\",\"width\":600,\"height\":600,\"caption\":\"Saint Die Info\"},\"image\":{\"@id\":\"https:\/\/vosgesinfo.fr\/saintdieinfo\/#\/schema\/logo\/image\/\"},\"sameAs\":[\"https:\/\/www.facebook.com\/Saintdieinfofr\",\"https:\/\/x.com\/VosgesInfo88\",\"https:\/\/www.youtube.com\/@vosgesinfo\"]},{\"@type\":\"Person\",\"@id\":\"https:\/\/vosgesinfo.fr\/saintdieinfo\/#\/schema\/person\/fa73e9f726d67bb88f46d5b7943cb572\",\"name\":\"J.J.\",\"image\":{\"@type\":\"ImageObject\",\"inLanguage\":\"fr-FR\",\"@id\":\"https:\/\/vosgesinfo.fr\/saintdieinfo\/#\/schema\/person\/image\/\",\"url\":\"https:\/\/secure.gravatar.com\/avatar\/219e749e47ffbcca018a360ae4add7d4cdf1cdaaf8bc7676b27efade3fe65615?s=96&d=mm&r=g\",\"contentUrl\":\"https:\/\/secure.gravatar.com\/avatar\/219e749e47ffbcca018a360ae4add7d4cdf1cdaaf8bc7676b27efade3fe65615?s=96&d=mm&r=g\",\"caption\":\"J.J.\"},\"url\":\"https:\/\/vosgesinfo.fr\/saintdieinfo\/author\/j-j\/\"}]}<\/script>\n<!-- \/ Yoast SEO plugin. -->","yoast_head_json":{"title":"La D\u00e9odatienne M\u00e9lanie Grandmougin sacr\u00e9e Miss Belleza Lorraine 2026 - Saint Die Info","robots":{"index":"index","follow":"follow","max-snippet":"max-snippet:-1","max-image-preview":"max-image-preview:large","max-video-preview":"max-video-preview:-1"},"canonical":"https:\/\/vosgesinfo.fr\/saintdieinfo\/2025\/12\/la-deodatienne-melanie-grandmougin-sacree-miss-belleza-lorraine-2026\/","twitter_card":"summary_large_image","twitter_title":"La D\u00e9odatienne M\u00e9lanie Grandmougin sacr\u00e9e Miss Belleza Lorraine 2026 - Saint Die Info","twitter_description":"Originaire de Saint-Di\u00e9-des-Vosges, M\u00e9lanie Grandmougin a \u00e9t\u00e9 \u00e9lue Miss Belleza Lorraine 2026 ce samedi 6 d\u00e9cembre, \u00e0 Anould, au terme [&hellip;]","twitter_image":"https:\/\/vosgesinfo.fr\/app\/uploads\/sites\/4\/2025\/12\/melanie-grandmougin-miss-belleza-lorraine.jpg","twitter_creator":"@VosgesInfo88","twitter_site":"@VosgesInfo88","twitter_misc":{"\u00c9crit par":"J.J.","Dur\u00e9e de lecture estim\u00e9e":"1 minute"},"schema":{"@context":"https:\/\/schema.org","@graph":[{"@type":"Article","@id":"https:\/\/vosgesinfo.fr\/saintdieinfo\/2025\/12\/la-deodatienne-melanie-grandmougin-sacree-miss-belleza-lorraine-2026\/#article","isPartOf":{"@id":"https:\/\/vosgesinfo.fr\/saintdieinfo\/2025\/12\/la-deodatienne-melanie-grandmougin-sacree-miss-belleza-lorraine-2026\/"},"author":{"name":"J.J.","@id":"https:\/\/vosgesinfo.fr\/saintdieinfo\/#\/schema\/person\/fa73e9f726d67bb88f46d5b7943cb572"},"headline":"La D\u00e9odatienne M\u00e9lanie Grandmougin sacr\u00e9e Miss Belleza Lorraine 2026","datePublished":"2025-12-08T10:43:49+00:00","dateModified":"2025-12-08T10:32:18+00:00","mainEntityOfPage":{"@id":"https:\/\/vosgesinfo.fr\/saintdieinfo\/2025\/12\/la-deodatienne-melanie-grandmougin-sacree-miss-belleza-lorraine-2026\/"},"wordCount":262,"commentCount":2,"publisher":{"@id":"https:\/\/vosgesinfo.fr\/saintdieinfo\/#organization"},"image":{"@id":"https:\/\/vosgesinfo.fr\/saintdieinfo\/2025\/12\/la-deodatienne-melanie-grandmougin-sacree-miss-belleza-lorraine-2026\/#primaryimage"},"thumbnailUrl":"https:\/\/vosgesinfo.fr\/app\/uploads\/sites\/4\/2025\/12\/melanie-grandmougin-miss-belleza-lorraine.jpg","keywords":["Anould","C\u00e9lia Hestin","concours de beaut\u00e9 Vosges","concours de miss Lorraine","M\u00e9lanie Grandmougin","Miss 15\/17 Vosges","Miss Belleza","Miss Belleza Lorraine 2026","Saint-Di\u00e9-des-Vosges"],"articleSection":["A la Une","D\u00e9odatie","Saint-Di\u00e9-des-Vosges et son Agglom\u00e9ration","Vosges"],"inLanguage":"fr-FR","potentialAction":[{"@type":"CommentAction","name":"Comment","target":["https:\/\/vosgesinfo.fr\/saintdieinfo\/2025\/12\/la-deodatienne-melanie-grandmougin-sacree-miss-belleza-lorraine-2026\/#respond"]}]},{"@type":"WebPage","@id":"https:\/\/vosgesinfo.fr\/saintdieinfo\/2025\/12\/la-deodatienne-melanie-grandmougin-sacree-miss-belleza-lorraine-2026\/","url":"https:\/\/vosgesinfo.fr\/saintdieinfo\/2025\/12\/la-deodatienne-melanie-grandmougin-sacree-miss-belleza-lorraine-2026\/","name":"La D\u00e9odatienne M\u00e9lanie Grandmougin sacr\u00e9e Miss Belleza Lorraine 2026 - Saint Die Info","isPartOf":{"@id":"https:\/\/vosgesinfo.fr\/saintdieinfo\/#website"},"primaryImageOfPage":{"@id":"https:\/\/vosgesinfo.fr\/saintdieinfo\/2025\/12\/la-deodatienne-melanie-grandmougin-sacree-miss-belleza-lorraine-2026\/#primaryimage"},"image":{"@id":"https:\/\/vosgesinfo.fr\/saintdieinfo\/2025\/12\/la-deodatienne-melanie-grandmougin-sacree-miss-belleza-lorraine-2026\/#primaryimage"},"thumbnailUrl":"https:\/\/vosgesinfo.fr\/app\/uploads\/sites\/4\/2025\/12\/melanie-grandmougin-miss-belleza-lorraine.jpg","datePublished":"2025-12-08T10:43:49+00:00","dateModified":"2025-12-08T10:32:18+00:00","breadcrumb":{"@id":"https:\/\/vosgesinfo.fr\/saintdieinfo\/2025\/12\/la-deodatienne-melanie-grandmougin-sacree-miss-belleza-lorraine-2026\/#breadcrumb"},"inLanguage":"fr-FR","potentialAction":[{"@type":"ReadAction","target":["https:\/\/vosgesinfo.fr\/saintdieinfo\/2025\/12\/la-deodatienne-melanie-grandmougin-sacree-miss-belleza-lorraine-2026\/"]}]},{"@type":"ImageObject","inLanguage":"fr-FR","@id":"https:\/\/vosgesinfo.fr\/saintdieinfo\/2025\/12\/la-deodatienne-melanie-grandmougin-sacree-miss-belleza-lorraine-2026\/#primaryimage","url":"https:\/\/vosgesinfo.fr\/app\/uploads\/sites\/4\/2025\/12\/melanie-grandmougin-miss-belleza-lorraine.jpg","contentUrl":"https:\/\/vosgesinfo.fr\/app\/uploads\/sites\/4\/2025\/12\/melanie-grandmougin-miss-belleza-lorraine.jpg","width":1416,"height":1071},{"@type":"BreadcrumbList","@id":"https:\/\/vosgesinfo.fr\/saintdieinfo\/2025\/12\/la-deodatienne-melanie-grandmougin-sacree-miss-belleza-lorraine-2026\/#breadcrumb","itemListElement":[{"@type":"ListItem","position":1,"name":"Home","item":"https:\/\/vosgesinfo.fr\/saintdieinfo\/"},{"@type":"ListItem","position":2,"name":"La D\u00e9odatienne M\u00e9lanie Grandmougin sacr\u00e9e Miss Belleza Lorraine 2026"}]},{"@type":"WebSite","@id":"https:\/\/vosgesinfo.fr\/saintdieinfo\/#website","url":"https:\/\/vosgesinfo.fr\/saintdieinfo\/","name":"Saint Die Info","description":"Toute l&#039;actualit\u00e9 de Saint-Di\u00e9-Des-Vosges","publisher":{"@id":"https:\/\/vosgesinfo.fr\/saintdieinfo\/#organization"},"alternateName":"Toute l'actualit\u00e9 de Saint-Di\u00e9-Des-Vosges","potentialAction":[{"@type":"SearchAction","target":{"@type":"EntryPoint","urlTemplate":"https:\/\/vosgesinfo.fr\/saintdieinfo\/?s={search_term_string}"},"query-input":"required name=search_term_string"}],"inLanguage":"fr-FR"},{"@type":"Organization","@id":"https:\/\/vosgesinfo.fr\/saintdieinfo\/#organization","name":"Saint Die Info","url":"https:\/\/vosgesinfo.fr\/saintdieinfo\/","logo":{"@type":"ImageObject","inLanguage":"fr-FR","@id":"https:\/\/vosgesinfo.fr\/saintdieinfo\/#\/schema\/logo\/image\/","url":"https:\/\/vosgesinfo.fr\/app\/uploads\/sites\/4\/2024\/02\/logo-sdi.jpg","contentUrl":"https:\/\/vosgesinfo.fr\/app\/uploads\/sites\/4\/2024\/02\/logo-sdi.jpg","width":600,"height":600,"caption":"Saint Die Info"},"image":{"@id":"https:\/\/vosgesinfo.fr\/saintdieinfo\/#\/schema\/logo\/image\/"},"sameAs":["https:\/\/www.facebook.com\/Saintdieinfofr","https:\/\/x.com\/VosgesInfo88","https:\/\/www.youtube.com\/@vosgesinfo"]},{"@type":"Person","@id":"https:\/\/vosgesinfo.fr\/saintdieinfo\/#\/schema\/person\/fa73e9f726d67bb88f46d5b7943cb572","name":"J.J.","image":{"@type":"ImageObject","inLanguage":"fr-FR","@id":"https:\/\/vosgesinfo.fr\/saintdieinfo\/#\/schema\/person\/image\/","url":"https:\/\/secure.gravatar.com\/avatar\/219e749e47ffbcca018a360ae4add7d4cdf1cdaaf8bc7676b27efade3fe65615?s=96&d=mm&r=g","contentUrl":"https:\/\/secure.gravatar.com\/avatar\/219e749e47ffbcca018a360ae4add7d4cdf1cdaaf8bc7676b27efade3fe65615?s=96&d=mm&r=g","caption":"J.J."},"url":"https:\/\/vosgesinfo.fr\/saintdieinfo\/author\/j-j\/"}]}},"_links":{"self":[{"href":"https:\/\/vosgesinfo.fr\/saintdieinfo\/wp-json\/wp\/v2\/posts\/85658","targetHints":{"allow":["GET"]}}],"collection":[{"href":"https:\/\/vosgesinfo.fr\/saintdieinfo\/wp-json\/wp\/v2\/posts"}],"about":[{"href":"https:\/\/vosgesinfo.fr\/saintdieinfo\/wp-json\/wp\/v2\/types\/post"}],"author":[{"embeddable":true,"href":"https:\/\/vosgesinfo.fr\/saintdieinfo\/wp-json\/wp\/v2\/users\/46"}],"replies":[{"embeddable":true,"href":"https:\/\/vosgesinfo.fr\/saintdieinfo\/wp-json\/wp\/v2\/comments?post=85658"}],"version-history":[{"count":1,"href":"https:\/\/vosgesinfo.fr\/saintdieinfo\/wp-json\/wp\/v2\/posts\/85658\/revisions"}],"predecessor-version":[{"id":85662,"href":"https:\/\/vosgesinfo.fr\/saintdieinfo\/wp-json\/wp\/v2\/posts\/85658\/revisions\/85662"}],"wp:featuredmedia":[{"embeddable":true,"href":"https:\/\/vosgesinfo.fr\/saintdieinfo\/wp-json\/wp\/v2\/media\/85660"}],"wp:attachment":[{"href":"https:\/\/vosgesinfo.fr\/saintdieinfo\/wp-json\/wp\/v2\/media?parent=85658"}],"wp:term":[{"taxonomy":"category","embeddable":true,"href":"https:\/\/vosgesinfo.fr\/saintdieinfo\/wp-json\/wp\/v2\/categories?post=85658"},{"taxonomy":"post_tag","embeddable":true,"href":"https:\/\/vosgesinfo.fr\/saintdieinfo\/wp-json\/wp\/v2\/tags?post=85658"}],"curies":[{"name":"wp","href":"https:\/\/api.w.org\/{rel}","templated":true}]}}