{"id":85663,"date":"2025-12-08T12:22:27","date_gmt":"2025-12-08T11:22:27","guid":{"rendered":"https:\/\/vosgesinfo.fr\/saintdieinfo\/?p=85663"},"modified":"2025-12-08T12:10:50","modified_gmt":"2025-12-08T11:10:50","slug":"rambervillers-projection-du-film-documentaire-rambervillers-guerres-et-resistance","status":"publish","type":"post","link":"https:\/\/vosgesinfo.fr\/saintdieinfo\/2025\/12\/rambervillers-projection-du-film-documentaire-rambervillers-guerres-et-resistance\/","title":{"rendered":"Rambervillers \u2013 Projection du film documentaire \u00ab\u00a0Rambervillers, guerres et r\u00e9sistance\u00a0\u00bb"},"content":{"rendered":"<div id=\"attachment_85664\" style=\"width: 1034px\" class=\"wp-caption alignnone\"><a href=\"https:\/\/vosgesinfo.fr\/app\/uploads\/sites\/4\/2025\/12\/rambervillers-projection-guerresresistance.jpg\"><img decoding=\"async\" aria-describedby=\"caption-attachment-85664\" class=\"size-large wp-image-85664\" src=\"https:\/\/vosgesinfo.fr\/app\/uploads\/sites\/4\/2025\/12\/rambervillers-projection-guerresresistance-1024x769.jpg\" alt=\"\" width=\"1024\" height=\"769\" srcset=\"https:\/\/vosgesinfo.fr\/app\/uploads\/sites\/4\/2025\/12\/rambervillers-projection-guerresresistance-1024x769.jpg 1024w, https:\/\/vosgesinfo.fr\/app\/uploads\/sites\/4\/2025\/12\/rambervillers-projection-guerresresistance-300x225.jpg 300w, https:\/\/vosgesinfo.fr\/app\/uploads\/sites\/4\/2025\/12\/rambervillers-projection-guerresresistance-768x577.jpg 768w, https:\/\/vosgesinfo.fr\/app\/uploads\/sites\/4\/2025\/12\/rambervillers-projection-guerresresistance.jpg 1186w\" sizes=\"(max-width: 1024px) 100vw, 1024px\" \/><\/a><p id=\"caption-attachment-85664\" class=\"wp-caption-text\">(Visuel Mairie de Rambervillers)<\/p><\/div>\n<h2>Une projection du film documentaire <strong>\u00ab Rambervillers, guerres et r\u00e9sistance \u00bb<\/strong> aura lieu ce vendredi <strong>12 d\u00e9cembre, \u00e0 18 h 30<\/strong> \u00e0 la <strong>Chapelle des Arts de la commune<\/strong>. Cette s\u00e9ance s\u2019inscrit dans l\u2019op\u00e9ration \u00ab C\u2019est mon Patrimoine ! \u00bb port\u00e9e par la Ville de Rambervillers en partenariat avec l\u2019AFTR, le mus\u00e9e de la Terre, la Mission Locale, le Pr\u00e9fet de la R\u00e9gion Grand Est et avec le soutien de la DRAC \u2013 Direction R\u00e9gionale des Affaires Culturelles \u2013 Grand Est.<\/h2>\n<p><!--more--><\/p>\n<h3 data-start=\"877\" data-end=\"933\"><strong>Un documentaire r\u00e9alis\u00e9 par des jeunes du territoire<\/strong><\/h3>\n<p data-start=\"935\" data-end=\"1329\">R\u00e9alis\u00e9 par <strong data-start=\"947\" data-end=\"976\">huit jeunes du territoire<\/strong> aux c\u00f4t\u00e9s de la vid\u00e9aste professionnelle <strong data-start=\"1018\" data-end=\"1035\">Fanny Didelon<\/strong>, le film est le fruit d\u2019un <strong data-start=\"1063\" data-end=\"1098\">stage de cr\u00e9ation audiovisuelle<\/strong> men\u00e9 pendant les <strong data-start=\"1116\" data-end=\"1144\">vacances de la Toussaint<\/strong>. Tourn\u00e9 enti\u00e8rement avec un <strong data-start=\"1173\" data-end=\"1187\">smartphone<\/strong>, il retrace l\u2019histoire de Rambervillers \u00e0 travers ses p\u00e9riodes de guerre et les actes de r\u00e9sistance, en s\u2019appuyant sur le patrimoine local.<\/p>\n<p data-start=\"1331\" data-end=\"1598\">Au fil du stage, les participants ont d\u00e9couvert diff\u00e9rents genres cin\u00e9matographiques, appris \u00e0 \u00e9crire un sc\u00e9nario, men\u00e9 des recherches, cadr\u00e9, film\u00e9, pris le son, pr\u00e9par\u00e9 et r\u00e9alis\u00e9 des interviews, puis s\u00e9lectionn\u00e9 les images et tourn\u00e9 des sc\u00e8nes de reconstitution.<\/p>\n<p data-start=\"1600\" data-end=\"1945\">Le genre choisi est celui du <strong data-start=\"1629\" data-end=\"1650\">film documentaire<\/strong>, dans un style inspir\u00e9 de l\u2019\u00e9mission <strong data-start=\"1688\" data-end=\"1713\">\u00ab C\u2019est pas sorcier \u00bb<\/strong>. Ce travail sera pr\u00e9sent\u00e9 au public dans un lieu embl\u00e9matique de la ville, la Chapelle des Arts, pour un rendez-vous qui met en lumi\u00e8re la <strong data-start=\"1853\" data-end=\"1877\">m\u00e9moire des conflits<\/strong> et la <strong data-start=\"1884\" data-end=\"1942\">transmission du patrimoine rambuvetais par la jeunesse<\/strong>.<\/p>\n","protected":false},"excerpt":{"rendered":"<p>Une projection du film documentaire \u00ab Rambervillers, guerres et r\u00e9sistance \u00bb aura lieu ce vendredi 12 d\u00e9cembre, \u00e0 18 h [&hellip;]<\/p>\n","protected":false},"author":46,"featured_media":85664,"comment_status":"open","ping_status":"open","sticky":false,"template":"","format":"standard","meta":{"footnotes":""},"categories":[460,7847,3903,5392],"tags":[19288,19289,17319,18740,19287,2103,1063,1303],"class_list":["post-85663","post","type-post","status-publish","format-standard","has-post-thumbnail","hentry","category-a-la-une","category-art-culture","category-deodatie","category-epinal","tag-cest-mon-patrimoine","tag-chapelle-des-arts","tag-drac-grand-est","tag-film-documentaire","tag-guerres-et-resistance","tag-jeunesse","tag-patrimoine","tag-rambervillers"],"acf":[],"yoast_head":"<!-- This site is optimized with the Yoast SEO plugin v22.5 - https:\/\/yoast.com\/wordpress\/plugins\/seo\/ -->\n<title>Rambervillers \u2013 Projection du film documentaire &quot;Rambervillers, guerres et r\u00e9sistance&quot; - Saint Die Info<\/title>\n<meta name=\"robots\" content=\"index, follow, max-snippet:-1, max-image-preview:large, max-video-preview:-1\" \/>\n<link rel=\"canonical\" href=\"https:\/\/vosgesinfo.fr\/saintdieinfo\/2025\/12\/rambervillers-projection-du-film-documentaire-rambervillers-guerres-et-resistance\/\" \/>\n<meta name=\"twitter:card\" content=\"summary_large_image\" \/>\n<meta name=\"twitter:title\" content=\"Rambervillers \u2013 Projection du film documentaire &quot;Rambervillers, guerres et r\u00e9sistance&quot; - Saint Die Info\" \/>\n<meta name=\"twitter:description\" content=\"Une projection du film documentaire \u00ab Rambervillers, guerres et r\u00e9sistance \u00bb aura lieu ce vendredi 12 d\u00e9cembre, \u00e0 18 h [&hellip;]\" \/>\n<meta name=\"twitter:image\" content=\"https:\/\/vosgesinfo.fr\/app\/uploads\/sites\/4\/2025\/12\/rambervillers-projection-guerresresistance.jpg\" \/>\n<meta name=\"twitter:creator\" content=\"@VosgesInfo88\" \/>\n<meta name=\"twitter:site\" content=\"@VosgesInfo88\" \/>\n<meta name=\"twitter:label1\" content=\"\u00c9crit par\" \/>\n\t<meta name=\"twitter:data1\" content=\"J.J.\" \/>\n\t<meta name=\"twitter:label2\" content=\"Dur\u00e9e de lecture estim\u00e9e\" \/>\n\t<meta name=\"twitter:data2\" content=\"1 minute\" \/>\n<script type=\"application\/ld+json\" class=\"yoast-schema-graph\">{\"@context\":\"https:\/\/schema.org\",\"@graph\":[{\"@type\":\"Article\",\"@id\":\"https:\/\/vosgesinfo.fr\/saintdieinfo\/2025\/12\/rambervillers-projection-du-film-documentaire-rambervillers-guerres-et-resistance\/#article\",\"isPartOf\":{\"@id\":\"https:\/\/vosgesinfo.fr\/saintdieinfo\/2025\/12\/rambervillers-projection-du-film-documentaire-rambervillers-guerres-et-resistance\/\"},\"author\":{\"name\":\"J.J.\",\"@id\":\"https:\/\/vosgesinfo.fr\/saintdieinfo\/#\/schema\/person\/fa73e9f726d67bb88f46d5b7943cb572\"},\"headline\":\"Rambervillers \u2013 Projection du film documentaire \u00ab\u00a0Rambervillers, guerres et r\u00e9sistance\u00a0\u00bb\",\"datePublished\":\"2025-12-08T11:22:27+00:00\",\"dateModified\":\"2025-12-08T11:10:50+00:00\",\"mainEntityOfPage\":{\"@id\":\"https:\/\/vosgesinfo.fr\/saintdieinfo\/2025\/12\/rambervillers-projection-du-film-documentaire-rambervillers-guerres-et-resistance\/\"},\"wordCount\":286,\"commentCount\":0,\"publisher\":{\"@id\":\"https:\/\/vosgesinfo.fr\/saintdieinfo\/#organization\"},\"image\":{\"@id\":\"https:\/\/vosgesinfo.fr\/saintdieinfo\/2025\/12\/rambervillers-projection-du-film-documentaire-rambervillers-guerres-et-resistance\/#primaryimage\"},\"thumbnailUrl\":\"https:\/\/vosgesinfo.fr\/app\/uploads\/sites\/4\/2025\/12\/rambervillers-projection-guerresresistance.jpg\",\"keywords\":[\"C\u2019est mon Patrimoine\",\"Chapelle des Arts\",\"DRAC Grand Est\",\"film documentaire\",\"guerres et R\u00e9sistance\",\"jeunesse\",\"patrimoine\",\"Rambervillers\"],\"articleSection\":[\"A la Une\",\"Culture\",\"D\u00e9odatie\",\"Epinal\"],\"inLanguage\":\"fr-FR\",\"potentialAction\":[{\"@type\":\"CommentAction\",\"name\":\"Comment\",\"target\":[\"https:\/\/vosgesinfo.fr\/saintdieinfo\/2025\/12\/rambervillers-projection-du-film-documentaire-rambervillers-guerres-et-resistance\/#respond\"]}]},{\"@type\":\"WebPage\",\"@id\":\"https:\/\/vosgesinfo.fr\/saintdieinfo\/2025\/12\/rambervillers-projection-du-film-documentaire-rambervillers-guerres-et-resistance\/\",\"url\":\"https:\/\/vosgesinfo.fr\/saintdieinfo\/2025\/12\/rambervillers-projection-du-film-documentaire-rambervillers-guerres-et-resistance\/\",\"name\":\"Rambervillers \u2013 Projection du film documentaire \\\"Rambervillers, guerres et r\u00e9sistance\\\" - Saint Die Info\",\"isPartOf\":{\"@id\":\"https:\/\/vosgesinfo.fr\/saintdieinfo\/#website\"},\"primaryImageOfPage\":{\"@id\":\"https:\/\/vosgesinfo.fr\/saintdieinfo\/2025\/12\/rambervillers-projection-du-film-documentaire-rambervillers-guerres-et-resistance\/#primaryimage\"},\"image\":{\"@id\":\"https:\/\/vosgesinfo.fr\/saintdieinfo\/2025\/12\/rambervillers-projection-du-film-documentaire-rambervillers-guerres-et-resistance\/#primaryimage\"},\"thumbnailUrl\":\"https:\/\/vosgesinfo.fr\/app\/uploads\/sites\/4\/2025\/12\/rambervillers-projection-guerresresistance.jpg\",\"datePublished\":\"2025-12-08T11:22:27+00:00\",\"dateModified\":\"2025-12-08T11:10:50+00:00\",\"breadcrumb\":{\"@id\":\"https:\/\/vosgesinfo.fr\/saintdieinfo\/2025\/12\/rambervillers-projection-du-film-documentaire-rambervillers-guerres-et-resistance\/#breadcrumb\"},\"inLanguage\":\"fr-FR\",\"potentialAction\":[{\"@type\":\"ReadAction\",\"target\":[\"https:\/\/vosgesinfo.fr\/saintdieinfo\/2025\/12\/rambervillers-projection-du-film-documentaire-rambervillers-guerres-et-resistance\/\"]}]},{\"@type\":\"ImageObject\",\"inLanguage\":\"fr-FR\",\"@id\":\"https:\/\/vosgesinfo.fr\/saintdieinfo\/2025\/12\/rambervillers-projection-du-film-documentaire-rambervillers-guerres-et-resistance\/#primaryimage\",\"url\":\"https:\/\/vosgesinfo.fr\/app\/uploads\/sites\/4\/2025\/12\/rambervillers-projection-guerresresistance.jpg\",\"contentUrl\":\"https:\/\/vosgesinfo.fr\/app\/uploads\/sites\/4\/2025\/12\/rambervillers-projection-guerresresistance.jpg\",\"width\":1186,\"height\":891,\"caption\":\"(Affiche Mairie de Rambervillers)\"},{\"@type\":\"BreadcrumbList\",\"@id\":\"https:\/\/vosgesinfo.fr\/saintdieinfo\/2025\/12\/rambervillers-projection-du-film-documentaire-rambervillers-guerres-et-resistance\/#breadcrumb\",\"itemListElement\":[{\"@type\":\"ListItem\",\"position\":1,\"name\":\"Home\",\"item\":\"https:\/\/vosgesinfo.fr\/saintdieinfo\/\"},{\"@type\":\"ListItem\",\"position\":2,\"name\":\"Rambervillers \u2013 Projection du film documentaire \u00ab\u00a0Rambervillers, guerres et r\u00e9sistance\u00a0\u00bb\"}]},{\"@type\":\"WebSite\",\"@id\":\"https:\/\/vosgesinfo.fr\/saintdieinfo\/#website\",\"url\":\"https:\/\/vosgesinfo.fr\/saintdieinfo\/\",\"name\":\"Saint Die Info\",\"description\":\"Toute l&#039;actualit\u00e9 de Saint-Di\u00e9-Des-Vosges\",\"publisher\":{\"@id\":\"https:\/\/vosgesinfo.fr\/saintdieinfo\/#organization\"},\"alternateName\":\"Toute l'actualit\u00e9 de Saint-Di\u00e9-Des-Vosges\",\"potentialAction\":[{\"@type\":\"SearchAction\",\"target\":{\"@type\":\"EntryPoint\",\"urlTemplate\":\"https:\/\/vosgesinfo.fr\/saintdieinfo\/?s={search_term_string}\"},\"query-input\":\"required name=search_term_string\"}],\"inLanguage\":\"fr-FR\"},{\"@type\":\"Organization\",\"@id\":\"https:\/\/vosgesinfo.fr\/saintdieinfo\/#organization\",\"name\":\"Saint Die Info\",\"url\":\"https:\/\/vosgesinfo.fr\/saintdieinfo\/\",\"logo\":{\"@type\":\"ImageObject\",\"inLanguage\":\"fr-FR\",\"@id\":\"https:\/\/vosgesinfo.fr\/saintdieinfo\/#\/schema\/logo\/image\/\",\"url\":\"https:\/\/vosgesinfo.fr\/app\/uploads\/sites\/4\/2024\/02\/logo-sdi.jpg\",\"contentUrl\":\"https:\/\/vosgesinfo.fr\/app\/uploads\/sites\/4\/2024\/02\/logo-sdi.jpg\",\"width\":600,\"height\":600,\"caption\":\"Saint Die Info\"},\"image\":{\"@id\":\"https:\/\/vosgesinfo.fr\/saintdieinfo\/#\/schema\/logo\/image\/\"},\"sameAs\":[\"https:\/\/www.facebook.com\/Saintdieinfofr\",\"https:\/\/x.com\/VosgesInfo88\",\"https:\/\/www.youtube.com\/@vosgesinfo\"]},{\"@type\":\"Person\",\"@id\":\"https:\/\/vosgesinfo.fr\/saintdieinfo\/#\/schema\/person\/fa73e9f726d67bb88f46d5b7943cb572\",\"name\":\"J.J.\",\"image\":{\"@type\":\"ImageObject\",\"inLanguage\":\"fr-FR\",\"@id\":\"https:\/\/vosgesinfo.fr\/saintdieinfo\/#\/schema\/person\/image\/\",\"url\":\"https:\/\/secure.gravatar.com\/avatar\/219e749e47ffbcca018a360ae4add7d4cdf1cdaaf8bc7676b27efade3fe65615?s=96&d=mm&r=g\",\"contentUrl\":\"https:\/\/secure.gravatar.com\/avatar\/219e749e47ffbcca018a360ae4add7d4cdf1cdaaf8bc7676b27efade3fe65615?s=96&d=mm&r=g\",\"caption\":\"J.J.\"},\"url\":\"https:\/\/vosgesinfo.fr\/saintdieinfo\/author\/j-j\/\"}]}<\/script>\n<!-- \/ Yoast SEO plugin. -->","yoast_head_json":{"title":"Rambervillers \u2013 Projection du film documentaire \"Rambervillers, guerres et r\u00e9sistance\" - Saint Die Info","robots":{"index":"index","follow":"follow","max-snippet":"max-snippet:-1","max-image-preview":"max-image-preview:large","max-video-preview":"max-video-preview:-1"},"canonical":"https:\/\/vosgesinfo.fr\/saintdieinfo\/2025\/12\/rambervillers-projection-du-film-documentaire-rambervillers-guerres-et-resistance\/","twitter_card":"summary_large_image","twitter_title":"Rambervillers \u2013 Projection du film documentaire \"Rambervillers, guerres et r\u00e9sistance\" - Saint Die Info","twitter_description":"Une projection du film documentaire \u00ab Rambervillers, guerres et r\u00e9sistance \u00bb aura lieu ce vendredi 12 d\u00e9cembre, \u00e0 18 h [&hellip;]","twitter_image":"https:\/\/vosgesinfo.fr\/app\/uploads\/sites\/4\/2025\/12\/rambervillers-projection-guerresresistance.jpg","twitter_creator":"@VosgesInfo88","twitter_site":"@VosgesInfo88","twitter_misc":{"\u00c9crit par":"J.J.","Dur\u00e9e de lecture estim\u00e9e":"1 minute"},"schema":{"@context":"https:\/\/schema.org","@graph":[{"@type":"Article","@id":"https:\/\/vosgesinfo.fr\/saintdieinfo\/2025\/12\/rambervillers-projection-du-film-documentaire-rambervillers-guerres-et-resistance\/#article","isPartOf":{"@id":"https:\/\/vosgesinfo.fr\/saintdieinfo\/2025\/12\/rambervillers-projection-du-film-documentaire-rambervillers-guerres-et-resistance\/"},"author":{"name":"J.J.","@id":"https:\/\/vosgesinfo.fr\/saintdieinfo\/#\/schema\/person\/fa73e9f726d67bb88f46d5b7943cb572"},"headline":"Rambervillers \u2013 Projection du film documentaire \u00ab\u00a0Rambervillers, guerres et r\u00e9sistance\u00a0\u00bb","datePublished":"2025-12-08T11:22:27+00:00","dateModified":"2025-12-08T11:10:50+00:00","mainEntityOfPage":{"@id":"https:\/\/vosgesinfo.fr\/saintdieinfo\/2025\/12\/rambervillers-projection-du-film-documentaire-rambervillers-guerres-et-resistance\/"},"wordCount":286,"commentCount":0,"publisher":{"@id":"https:\/\/vosgesinfo.fr\/saintdieinfo\/#organization"},"image":{"@id":"https:\/\/vosgesinfo.fr\/saintdieinfo\/2025\/12\/rambervillers-projection-du-film-documentaire-rambervillers-guerres-et-resistance\/#primaryimage"},"thumbnailUrl":"https:\/\/vosgesinfo.fr\/app\/uploads\/sites\/4\/2025\/12\/rambervillers-projection-guerresresistance.jpg","keywords":["C\u2019est mon Patrimoine","Chapelle des Arts","DRAC Grand Est","film documentaire","guerres et R\u00e9sistance","jeunesse","patrimoine","Rambervillers"],"articleSection":["A la Une","Culture","D\u00e9odatie","Epinal"],"inLanguage":"fr-FR","potentialAction":[{"@type":"CommentAction","name":"Comment","target":["https:\/\/vosgesinfo.fr\/saintdieinfo\/2025\/12\/rambervillers-projection-du-film-documentaire-rambervillers-guerres-et-resistance\/#respond"]}]},{"@type":"WebPage","@id":"https:\/\/vosgesinfo.fr\/saintdieinfo\/2025\/12\/rambervillers-projection-du-film-documentaire-rambervillers-guerres-et-resistance\/","url":"https:\/\/vosgesinfo.fr\/saintdieinfo\/2025\/12\/rambervillers-projection-du-film-documentaire-rambervillers-guerres-et-resistance\/","name":"Rambervillers \u2013 Projection du film documentaire \"Rambervillers, guerres et r\u00e9sistance\" - Saint Die Info","isPartOf":{"@id":"https:\/\/vosgesinfo.fr\/saintdieinfo\/#website"},"primaryImageOfPage":{"@id":"https:\/\/vosgesinfo.fr\/saintdieinfo\/2025\/12\/rambervillers-projection-du-film-documentaire-rambervillers-guerres-et-resistance\/#primaryimage"},"image":{"@id":"https:\/\/vosgesinfo.fr\/saintdieinfo\/2025\/12\/rambervillers-projection-du-film-documentaire-rambervillers-guerres-et-resistance\/#primaryimage"},"thumbnailUrl":"https:\/\/vosgesinfo.fr\/app\/uploads\/sites\/4\/2025\/12\/rambervillers-projection-guerresresistance.jpg","datePublished":"2025-12-08T11:22:27+00:00","dateModified":"2025-12-08T11:10:50+00:00","breadcrumb":{"@id":"https:\/\/vosgesinfo.fr\/saintdieinfo\/2025\/12\/rambervillers-projection-du-film-documentaire-rambervillers-guerres-et-resistance\/#breadcrumb"},"inLanguage":"fr-FR","potentialAction":[{"@type":"ReadAction","target":["https:\/\/vosgesinfo.fr\/saintdieinfo\/2025\/12\/rambervillers-projection-du-film-documentaire-rambervillers-guerres-et-resistance\/"]}]},{"@type":"ImageObject","inLanguage":"fr-FR","@id":"https:\/\/vosgesinfo.fr\/saintdieinfo\/2025\/12\/rambervillers-projection-du-film-documentaire-rambervillers-guerres-et-resistance\/#primaryimage","url":"https:\/\/vosgesinfo.fr\/app\/uploads\/sites\/4\/2025\/12\/rambervillers-projection-guerresresistance.jpg","contentUrl":"https:\/\/vosgesinfo.fr\/app\/uploads\/sites\/4\/2025\/12\/rambervillers-projection-guerresresistance.jpg","width":1186,"height":891,"caption":"(Affiche Mairie de Rambervillers)"},{"@type":"BreadcrumbList","@id":"https:\/\/vosgesinfo.fr\/saintdieinfo\/2025\/12\/rambervillers-projection-du-film-documentaire-rambervillers-guerres-et-resistance\/#breadcrumb","itemListElement":[{"@type":"ListItem","position":1,"name":"Home","item":"https:\/\/vosgesinfo.fr\/saintdieinfo\/"},{"@type":"ListItem","position":2,"name":"Rambervillers \u2013 Projection du film documentaire \u00ab\u00a0Rambervillers, guerres et r\u00e9sistance\u00a0\u00bb"}]},{"@type":"WebSite","@id":"https:\/\/vosgesinfo.fr\/saintdieinfo\/#website","url":"https:\/\/vosgesinfo.fr\/saintdieinfo\/","name":"Saint Die Info","description":"Toute l&#039;actualit\u00e9 de Saint-Di\u00e9-Des-Vosges","publisher":{"@id":"https:\/\/vosgesinfo.fr\/saintdieinfo\/#organization"},"alternateName":"Toute l'actualit\u00e9 de Saint-Di\u00e9-Des-Vosges","potentialAction":[{"@type":"SearchAction","target":{"@type":"EntryPoint","urlTemplate":"https:\/\/vosgesinfo.fr\/saintdieinfo\/?s={search_term_string}"},"query-input":"required name=search_term_string"}],"inLanguage":"fr-FR"},{"@type":"Organization","@id":"https:\/\/vosgesinfo.fr\/saintdieinfo\/#organization","name":"Saint Die Info","url":"https:\/\/vosgesinfo.fr\/saintdieinfo\/","logo":{"@type":"ImageObject","inLanguage":"fr-FR","@id":"https:\/\/vosgesinfo.fr\/saintdieinfo\/#\/schema\/logo\/image\/","url":"https:\/\/vosgesinfo.fr\/app\/uploads\/sites\/4\/2024\/02\/logo-sdi.jpg","contentUrl":"https:\/\/vosgesinfo.fr\/app\/uploads\/sites\/4\/2024\/02\/logo-sdi.jpg","width":600,"height":600,"caption":"Saint Die Info"},"image":{"@id":"https:\/\/vosgesinfo.fr\/saintdieinfo\/#\/schema\/logo\/image\/"},"sameAs":["https:\/\/www.facebook.com\/Saintdieinfofr","https:\/\/x.com\/VosgesInfo88","https:\/\/www.youtube.com\/@vosgesinfo"]},{"@type":"Person","@id":"https:\/\/vosgesinfo.fr\/saintdieinfo\/#\/schema\/person\/fa73e9f726d67bb88f46d5b7943cb572","name":"J.J.","image":{"@type":"ImageObject","inLanguage":"fr-FR","@id":"https:\/\/vosgesinfo.fr\/saintdieinfo\/#\/schema\/person\/image\/","url":"https:\/\/secure.gravatar.com\/avatar\/219e749e47ffbcca018a360ae4add7d4cdf1cdaaf8bc7676b27efade3fe65615?s=96&d=mm&r=g","contentUrl":"https:\/\/secure.gravatar.com\/avatar\/219e749e47ffbcca018a360ae4add7d4cdf1cdaaf8bc7676b27efade3fe65615?s=96&d=mm&r=g","caption":"J.J."},"url":"https:\/\/vosgesinfo.fr\/saintdieinfo\/author\/j-j\/"}]}},"_links":{"self":[{"href":"https:\/\/vosgesinfo.fr\/saintdieinfo\/wp-json\/wp\/v2\/posts\/85663","targetHints":{"allow":["GET"]}}],"collection":[{"href":"https:\/\/vosgesinfo.fr\/saintdieinfo\/wp-json\/wp\/v2\/posts"}],"about":[{"href":"https:\/\/vosgesinfo.fr\/saintdieinfo\/wp-json\/wp\/v2\/types\/post"}],"author":[{"embeddable":true,"href":"https:\/\/vosgesinfo.fr\/saintdieinfo\/wp-json\/wp\/v2\/users\/46"}],"replies":[{"embeddable":true,"href":"https:\/\/vosgesinfo.fr\/saintdieinfo\/wp-json\/wp\/v2\/comments?post=85663"}],"version-history":[{"count":1,"href":"https:\/\/vosgesinfo.fr\/saintdieinfo\/wp-json\/wp\/v2\/posts\/85663\/revisions"}],"predecessor-version":[{"id":85665,"href":"https:\/\/vosgesinfo.fr\/saintdieinfo\/wp-json\/wp\/v2\/posts\/85663\/revisions\/85665"}],"wp:featuredmedia":[{"embeddable":true,"href":"https:\/\/vosgesinfo.fr\/saintdieinfo\/wp-json\/wp\/v2\/media\/85664"}],"wp:attachment":[{"href":"https:\/\/vosgesinfo.fr\/saintdieinfo\/wp-json\/wp\/v2\/media?parent=85663"}],"wp:term":[{"taxonomy":"category","embeddable":true,"href":"https:\/\/vosgesinfo.fr\/saintdieinfo\/wp-json\/wp\/v2\/categories?post=85663"},{"taxonomy":"post_tag","embeddable":true,"href":"https:\/\/vosgesinfo.fr\/saintdieinfo\/wp-json\/wp\/v2\/tags?post=85663"}],"curies":[{"name":"wp","href":"https:\/\/api.w.org\/{rel}","templated":true}]}}