{"id":85666,"date":"2025-12-08T13:33:03","date_gmt":"2025-12-08T12:33:03","guid":{"rendered":"https:\/\/vosgesinfo.fr\/saintdieinfo\/?p=85666"},"modified":"2025-12-08T14:56:12","modified_gmt":"2025-12-08T13:56:12","slug":"etival-clairefontaine-une-journee-dinitiation-au-pickleball","status":"publish","type":"post","link":"https:\/\/vosgesinfo.fr\/saintdieinfo\/2025\/12\/etival-clairefontaine-une-journee-dinitiation-au-pickleball\/","title":{"rendered":"\u00c9tival-Clairefontaine \u2013 Une journ\u00e9e d\u2019initiation au pickleball"},"content":{"rendered":"<h2 data-start=\"393\" data-end=\"774\">Le <strong data-start=\"396\" data-end=\"435\">Tennis Club d\u2019\u00c9tival-Clairefontaine<\/strong> propose une journ\u00e9e d\u2019<strong data-start=\"458\" data-end=\"486\">initiation au pickleball<\/strong> le dimanche <strong data-start=\"499\" data-end=\"514\">21 d\u00e9cembre<\/strong>, de <strong data-start=\"519\" data-end=\"533\">9 h \u00e0 17 h<\/strong>, sur le <strong data-start=\"542\" data-end=\"579\">court int\u00e9rieur du champ de foire<\/strong>. Cette d\u00e9couverte de la discipline sera anim\u00e9e par <strong data-start=\"631\" data-end=\"673\">deux champions du club de Sommerviller<\/strong>. L\u2019activit\u00e9 est ouverte \u00e0 tous, quel que soit l\u2019\u00e2ge ou le niveau, avec pr\u00eat de mat\u00e9riel sur place.<\/h2>\n<p data-start=\"393\" data-end=\"774\"><!--more--><\/p>\n<p data-start=\"776\" data-end=\"1097\">Sport de raquette d\u2019inspiration tennis, badminton et tennis de table, le pickleball se joue sur un terrain r\u00e9duit avec une <strong data-start=\"899\" data-end=\"930\">balle perfor\u00e9e en plastique<\/strong> et des <strong data-start=\"938\" data-end=\"959\">raquettes pleines<\/strong>. Il se pratique en simple ou en double et mise sur des \u00e9changes rapides, accessibles aussi bien aux d\u00e9butants qu\u2019aux joueurs confirm\u00e9s.<\/p>\n<p data-start=\"1099\" data-end=\"1484\">Tout au long de la journ\u00e9e, des <strong data-start=\"1131\" data-end=\"1157\">ateliers de d\u00e9couverte<\/strong>, des jeux et des rencontres amicales permettront aux participants de se familiariser avec la pratique, avant un <strong data-start=\"1270\" data-end=\"1296\">mini-tournoi en double<\/strong> en format Pickleheads propos\u00e9 sur la base du volontariat. Des moments de convivialit\u00e9 ponctueront la journ\u00e9e, avec un <strong data-start=\"1415\" data-end=\"1452\">cadeau remis \u00e0 chaque participant<\/strong> et une <strong data-start=\"1460\" data-end=\"1481\">buvette sur place<\/strong>.<\/p>\n<p data-start=\"1486\" data-end=\"1589\">La journ\u00e9e est <strong data-start=\"1501\" data-end=\"1533\">gratuite et sans inscription<\/strong>. Pour tout renseignement, contact par courriel via <a href=\"mailto:tc.etival@fft.fr\" target=\"_blank\" rel=\"noopener\">tc.etival@fft.fr<\/a>.<\/p>\n<p data-start=\"1486\" data-end=\"1589\"><a href=\"https:\/\/vosgesinfo.fr\/app\/uploads\/sites\/4\/2025\/12\/etival-clairefontaine-initiation-pickleball.jpg\"><img decoding=\"async\" class=\"alignnone size-large wp-image-85667\" src=\"https:\/\/vosgesinfo.fr\/app\/uploads\/sites\/4\/2025\/12\/etival-clairefontaine-initiation-pickleball-724x1024.jpg\" alt=\"\" width=\"724\" height=\"1024\" srcset=\"https:\/\/vosgesinfo.fr\/app\/uploads\/sites\/4\/2025\/12\/etival-clairefontaine-initiation-pickleball-724x1024.jpg 724w, https:\/\/vosgesinfo.fr\/app\/uploads\/sites\/4\/2025\/12\/etival-clairefontaine-initiation-pickleball-212x300.jpg 212w, https:\/\/vosgesinfo.fr\/app\/uploads\/sites\/4\/2025\/12\/etival-clairefontaine-initiation-pickleball.jpg 764w\" sizes=\"(max-width: 724px) 100vw, 724px\" \/><\/a><\/p>\n","protected":false},"excerpt":{"rendered":"<p>Le Tennis Club d\u2019\u00c9tival-Clairefontaine propose une journ\u00e9e d\u2019initiation au pickleball le dimanche 21 d\u00e9cembre, de 9 h \u00e0 17 h, [&hellip;]<\/p>\n","protected":false},"author":46,"featured_media":85667,"comment_status":"open","ping_status":"open","sticky":false,"template":"","format":"standard","meta":{"footnotes":""},"categories":[460,3903,14],"tags":[19296,19292,19294,19293,3250,19295,19290,19297,19298,19291,43],"class_list":["post-85666","post","type-post","status-publish","format-standard","has-post-thumbnail","hentry","category-a-la-une","category-deodatie","category-sport","tag-animation-sportive","tag-champ-de-foire","tag-club-de-sommerviller","tag-court-interieur","tag-etival-clairefontaine","tag-initiation-pickleball","tag-pickleball","tag-pickleheads","tag-sport-de-raquette","tag-tennis-club-detival-clairefontaine","tag-vosges"],"acf":[],"yoast_head":"<!-- This site is optimized with the Yoast SEO plugin v22.5 - https:\/\/yoast.com\/wordpress\/plugins\/seo\/ -->\n<title>\u00c9tival-Clairefontaine \u2013 Une journ\u00e9e d\u2019initiation au pickleball - Saint Die Info<\/title>\n<meta name=\"robots\" content=\"index, follow, max-snippet:-1, max-image-preview:large, max-video-preview:-1\" \/>\n<link rel=\"canonical\" href=\"https:\/\/vosgesinfo.fr\/saintdieinfo\/2025\/12\/etival-clairefontaine-une-journee-dinitiation-au-pickleball\/\" \/>\n<meta name=\"twitter:card\" content=\"summary_large_image\" \/>\n<meta name=\"twitter:title\" content=\"\u00c9tival-Clairefontaine \u2013 Une journ\u00e9e d\u2019initiation au pickleball - Saint Die Info\" \/>\n<meta name=\"twitter:description\" content=\"Le Tennis Club d\u2019\u00c9tival-Clairefontaine propose une journ\u00e9e d\u2019initiation au pickleball le dimanche 21 d\u00e9cembre, de 9 h \u00e0 17 h, [&hellip;]\" \/>\n<meta name=\"twitter:image\" content=\"https:\/\/vosgesinfo.fr\/app\/uploads\/sites\/4\/2025\/12\/etival-clairefontaine-initiation-pickleball.jpg\" \/>\n<meta name=\"twitter:creator\" content=\"@VosgesInfo88\" \/>\n<meta name=\"twitter:site\" content=\"@VosgesInfo88\" \/>\n<meta name=\"twitter:label1\" content=\"\u00c9crit par\" \/>\n\t<meta name=\"twitter:data1\" content=\"J.J.\" \/>\n\t<meta name=\"twitter:label2\" content=\"Dur\u00e9e de lecture estim\u00e9e\" \/>\n\t<meta name=\"twitter:data2\" content=\"2 minutes\" \/>\n<script type=\"application\/ld+json\" class=\"yoast-schema-graph\">{\"@context\":\"https:\/\/schema.org\",\"@graph\":[{\"@type\":\"Article\",\"@id\":\"https:\/\/vosgesinfo.fr\/saintdieinfo\/2025\/12\/etival-clairefontaine-une-journee-dinitiation-au-pickleball\/#article\",\"isPartOf\":{\"@id\":\"https:\/\/vosgesinfo.fr\/saintdieinfo\/2025\/12\/etival-clairefontaine-une-journee-dinitiation-au-pickleball\/\"},\"author\":{\"name\":\"J.J.\",\"@id\":\"https:\/\/vosgesinfo.fr\/saintdieinfo\/#\/schema\/person\/fa73e9f726d67bb88f46d5b7943cb572\"},\"headline\":\"\u00c9tival-Clairefontaine \u2013 Une journ\u00e9e d\u2019initiation au pickleball\",\"datePublished\":\"2025-12-08T12:33:03+00:00\",\"dateModified\":\"2025-12-08T13:56:12+00:00\",\"mainEntityOfPage\":{\"@id\":\"https:\/\/vosgesinfo.fr\/saintdieinfo\/2025\/12\/etival-clairefontaine-une-journee-dinitiation-au-pickleball\/\"},\"wordCount\":209,\"commentCount\":0,\"publisher\":{\"@id\":\"https:\/\/vosgesinfo.fr\/saintdieinfo\/#organization\"},\"image\":{\"@id\":\"https:\/\/vosgesinfo.fr\/saintdieinfo\/2025\/12\/etival-clairefontaine-une-journee-dinitiation-au-pickleball\/#primaryimage\"},\"thumbnailUrl\":\"https:\/\/vosgesinfo.fr\/app\/uploads\/sites\/4\/2025\/12\/etival-clairefontaine-initiation-pickleball.jpg\",\"keywords\":[\"animation sportive\",\"champ de foire\",\"club de Sommerviller\",\"court int\u00e9rieur\",\"etival-clairefontaine\",\"initiation pickleball\",\"pickleball\",\"Pickleheads\",\"sport de raquette\",\"Tennis Club d\u2019\u00c9tival-Clairefontaine\",\"vosges\"],\"articleSection\":[\"A la Une\",\"D\u00e9odatie\",\"Sport\"],\"inLanguage\":\"fr-FR\",\"potentialAction\":[{\"@type\":\"CommentAction\",\"name\":\"Comment\",\"target\":[\"https:\/\/vosgesinfo.fr\/saintdieinfo\/2025\/12\/etival-clairefontaine-une-journee-dinitiation-au-pickleball\/#respond\"]}]},{\"@type\":\"WebPage\",\"@id\":\"https:\/\/vosgesinfo.fr\/saintdieinfo\/2025\/12\/etival-clairefontaine-une-journee-dinitiation-au-pickleball\/\",\"url\":\"https:\/\/vosgesinfo.fr\/saintdieinfo\/2025\/12\/etival-clairefontaine-une-journee-dinitiation-au-pickleball\/\",\"name\":\"\u00c9tival-Clairefontaine \u2013 Une journ\u00e9e d\u2019initiation au pickleball - Saint Die Info\",\"isPartOf\":{\"@id\":\"https:\/\/vosgesinfo.fr\/saintdieinfo\/#website\"},\"primaryImageOfPage\":{\"@id\":\"https:\/\/vosgesinfo.fr\/saintdieinfo\/2025\/12\/etival-clairefontaine-une-journee-dinitiation-au-pickleball\/#primaryimage\"},\"image\":{\"@id\":\"https:\/\/vosgesinfo.fr\/saintdieinfo\/2025\/12\/etival-clairefontaine-une-journee-dinitiation-au-pickleball\/#primaryimage\"},\"thumbnailUrl\":\"https:\/\/vosgesinfo.fr\/app\/uploads\/sites\/4\/2025\/12\/etival-clairefontaine-initiation-pickleball.jpg\",\"datePublished\":\"2025-12-08T12:33:03+00:00\",\"dateModified\":\"2025-12-08T13:56:12+00:00\",\"breadcrumb\":{\"@id\":\"https:\/\/vosgesinfo.fr\/saintdieinfo\/2025\/12\/etival-clairefontaine-une-journee-dinitiation-au-pickleball\/#breadcrumb\"},\"inLanguage\":\"fr-FR\",\"potentialAction\":[{\"@type\":\"ReadAction\",\"target\":[\"https:\/\/vosgesinfo.fr\/saintdieinfo\/2025\/12\/etival-clairefontaine-une-journee-dinitiation-au-pickleball\/\"]}]},{\"@type\":\"ImageObject\",\"inLanguage\":\"fr-FR\",\"@id\":\"https:\/\/vosgesinfo.fr\/saintdieinfo\/2025\/12\/etival-clairefontaine-une-journee-dinitiation-au-pickleball\/#primaryimage\",\"url\":\"https:\/\/vosgesinfo.fr\/app\/uploads\/sites\/4\/2025\/12\/etival-clairefontaine-initiation-pickleball.jpg\",\"contentUrl\":\"https:\/\/vosgesinfo.fr\/app\/uploads\/sites\/4\/2025\/12\/etival-clairefontaine-initiation-pickleball.jpg\",\"width\":764,\"height\":1080},{\"@type\":\"BreadcrumbList\",\"@id\":\"https:\/\/vosgesinfo.fr\/saintdieinfo\/2025\/12\/etival-clairefontaine-une-journee-dinitiation-au-pickleball\/#breadcrumb\",\"itemListElement\":[{\"@type\":\"ListItem\",\"position\":1,\"name\":\"Home\",\"item\":\"https:\/\/vosgesinfo.fr\/saintdieinfo\/\"},{\"@type\":\"ListItem\",\"position\":2,\"name\":\"\u00c9tival-Clairefontaine \u2013 Une journ\u00e9e d\u2019initiation au pickleball\"}]},{\"@type\":\"WebSite\",\"@id\":\"https:\/\/vosgesinfo.fr\/saintdieinfo\/#website\",\"url\":\"https:\/\/vosgesinfo.fr\/saintdieinfo\/\",\"name\":\"Saint Die Info\",\"description\":\"Toute l&#039;actualit\u00e9 de Saint-Di\u00e9-Des-Vosges\",\"publisher\":{\"@id\":\"https:\/\/vosgesinfo.fr\/saintdieinfo\/#organization\"},\"alternateName\":\"Toute l'actualit\u00e9 de Saint-Di\u00e9-Des-Vosges\",\"potentialAction\":[{\"@type\":\"SearchAction\",\"target\":{\"@type\":\"EntryPoint\",\"urlTemplate\":\"https:\/\/vosgesinfo.fr\/saintdieinfo\/?s={search_term_string}\"},\"query-input\":\"required name=search_term_string\"}],\"inLanguage\":\"fr-FR\"},{\"@type\":\"Organization\",\"@id\":\"https:\/\/vosgesinfo.fr\/saintdieinfo\/#organization\",\"name\":\"Saint Die Info\",\"url\":\"https:\/\/vosgesinfo.fr\/saintdieinfo\/\",\"logo\":{\"@type\":\"ImageObject\",\"inLanguage\":\"fr-FR\",\"@id\":\"https:\/\/vosgesinfo.fr\/saintdieinfo\/#\/schema\/logo\/image\/\",\"url\":\"https:\/\/vosgesinfo.fr\/app\/uploads\/sites\/4\/2024\/02\/logo-sdi.jpg\",\"contentUrl\":\"https:\/\/vosgesinfo.fr\/app\/uploads\/sites\/4\/2024\/02\/logo-sdi.jpg\",\"width\":600,\"height\":600,\"caption\":\"Saint Die Info\"},\"image\":{\"@id\":\"https:\/\/vosgesinfo.fr\/saintdieinfo\/#\/schema\/logo\/image\/\"},\"sameAs\":[\"https:\/\/www.facebook.com\/Saintdieinfofr\",\"https:\/\/x.com\/VosgesInfo88\",\"https:\/\/www.youtube.com\/@vosgesinfo\"]},{\"@type\":\"Person\",\"@id\":\"https:\/\/vosgesinfo.fr\/saintdieinfo\/#\/schema\/person\/fa73e9f726d67bb88f46d5b7943cb572\",\"name\":\"J.J.\",\"image\":{\"@type\":\"ImageObject\",\"inLanguage\":\"fr-FR\",\"@id\":\"https:\/\/vosgesinfo.fr\/saintdieinfo\/#\/schema\/person\/image\/\",\"url\":\"https:\/\/secure.gravatar.com\/avatar\/219e749e47ffbcca018a360ae4add7d4cdf1cdaaf8bc7676b27efade3fe65615?s=96&d=mm&r=g\",\"contentUrl\":\"https:\/\/secure.gravatar.com\/avatar\/219e749e47ffbcca018a360ae4add7d4cdf1cdaaf8bc7676b27efade3fe65615?s=96&d=mm&r=g\",\"caption\":\"J.J.\"},\"url\":\"https:\/\/vosgesinfo.fr\/saintdieinfo\/author\/j-j\/\"}]}<\/script>\n<!-- \/ Yoast SEO plugin. -->","yoast_head_json":{"title":"\u00c9tival-Clairefontaine \u2013 Une journ\u00e9e d\u2019initiation au pickleball - Saint Die Info","robots":{"index":"index","follow":"follow","max-snippet":"max-snippet:-1","max-image-preview":"max-image-preview:large","max-video-preview":"max-video-preview:-1"},"canonical":"https:\/\/vosgesinfo.fr\/saintdieinfo\/2025\/12\/etival-clairefontaine-une-journee-dinitiation-au-pickleball\/","twitter_card":"summary_large_image","twitter_title":"\u00c9tival-Clairefontaine \u2013 Une journ\u00e9e d\u2019initiation au pickleball - Saint Die Info","twitter_description":"Le Tennis Club d\u2019\u00c9tival-Clairefontaine propose une journ\u00e9e d\u2019initiation au pickleball le dimanche 21 d\u00e9cembre, de 9 h \u00e0 17 h, [&hellip;]","twitter_image":"https:\/\/vosgesinfo.fr\/app\/uploads\/sites\/4\/2025\/12\/etival-clairefontaine-initiation-pickleball.jpg","twitter_creator":"@VosgesInfo88","twitter_site":"@VosgesInfo88","twitter_misc":{"\u00c9crit par":"J.J.","Dur\u00e9e de lecture estim\u00e9e":"2 minutes"},"schema":{"@context":"https:\/\/schema.org","@graph":[{"@type":"Article","@id":"https:\/\/vosgesinfo.fr\/saintdieinfo\/2025\/12\/etival-clairefontaine-une-journee-dinitiation-au-pickleball\/#article","isPartOf":{"@id":"https:\/\/vosgesinfo.fr\/saintdieinfo\/2025\/12\/etival-clairefontaine-une-journee-dinitiation-au-pickleball\/"},"author":{"name":"J.J.","@id":"https:\/\/vosgesinfo.fr\/saintdieinfo\/#\/schema\/person\/fa73e9f726d67bb88f46d5b7943cb572"},"headline":"\u00c9tival-Clairefontaine \u2013 Une journ\u00e9e d\u2019initiation au pickleball","datePublished":"2025-12-08T12:33:03+00:00","dateModified":"2025-12-08T13:56:12+00:00","mainEntityOfPage":{"@id":"https:\/\/vosgesinfo.fr\/saintdieinfo\/2025\/12\/etival-clairefontaine-une-journee-dinitiation-au-pickleball\/"},"wordCount":209,"commentCount":0,"publisher":{"@id":"https:\/\/vosgesinfo.fr\/saintdieinfo\/#organization"},"image":{"@id":"https:\/\/vosgesinfo.fr\/saintdieinfo\/2025\/12\/etival-clairefontaine-une-journee-dinitiation-au-pickleball\/#primaryimage"},"thumbnailUrl":"https:\/\/vosgesinfo.fr\/app\/uploads\/sites\/4\/2025\/12\/etival-clairefontaine-initiation-pickleball.jpg","keywords":["animation sportive","champ de foire","club de Sommerviller","court int\u00e9rieur","etival-clairefontaine","initiation pickleball","pickleball","Pickleheads","sport de raquette","Tennis Club d\u2019\u00c9tival-Clairefontaine","vosges"],"articleSection":["A la Une","D\u00e9odatie","Sport"],"inLanguage":"fr-FR","potentialAction":[{"@type":"CommentAction","name":"Comment","target":["https:\/\/vosgesinfo.fr\/saintdieinfo\/2025\/12\/etival-clairefontaine-une-journee-dinitiation-au-pickleball\/#respond"]}]},{"@type":"WebPage","@id":"https:\/\/vosgesinfo.fr\/saintdieinfo\/2025\/12\/etival-clairefontaine-une-journee-dinitiation-au-pickleball\/","url":"https:\/\/vosgesinfo.fr\/saintdieinfo\/2025\/12\/etival-clairefontaine-une-journee-dinitiation-au-pickleball\/","name":"\u00c9tival-Clairefontaine \u2013 Une journ\u00e9e d\u2019initiation au pickleball - Saint Die Info","isPartOf":{"@id":"https:\/\/vosgesinfo.fr\/saintdieinfo\/#website"},"primaryImageOfPage":{"@id":"https:\/\/vosgesinfo.fr\/saintdieinfo\/2025\/12\/etival-clairefontaine-une-journee-dinitiation-au-pickleball\/#primaryimage"},"image":{"@id":"https:\/\/vosgesinfo.fr\/saintdieinfo\/2025\/12\/etival-clairefontaine-une-journee-dinitiation-au-pickleball\/#primaryimage"},"thumbnailUrl":"https:\/\/vosgesinfo.fr\/app\/uploads\/sites\/4\/2025\/12\/etival-clairefontaine-initiation-pickleball.jpg","datePublished":"2025-12-08T12:33:03+00:00","dateModified":"2025-12-08T13:56:12+00:00","breadcrumb":{"@id":"https:\/\/vosgesinfo.fr\/saintdieinfo\/2025\/12\/etival-clairefontaine-une-journee-dinitiation-au-pickleball\/#breadcrumb"},"inLanguage":"fr-FR","potentialAction":[{"@type":"ReadAction","target":["https:\/\/vosgesinfo.fr\/saintdieinfo\/2025\/12\/etival-clairefontaine-une-journee-dinitiation-au-pickleball\/"]}]},{"@type":"ImageObject","inLanguage":"fr-FR","@id":"https:\/\/vosgesinfo.fr\/saintdieinfo\/2025\/12\/etival-clairefontaine-une-journee-dinitiation-au-pickleball\/#primaryimage","url":"https:\/\/vosgesinfo.fr\/app\/uploads\/sites\/4\/2025\/12\/etival-clairefontaine-initiation-pickleball.jpg","contentUrl":"https:\/\/vosgesinfo.fr\/app\/uploads\/sites\/4\/2025\/12\/etival-clairefontaine-initiation-pickleball.jpg","width":764,"height":1080},{"@type":"BreadcrumbList","@id":"https:\/\/vosgesinfo.fr\/saintdieinfo\/2025\/12\/etival-clairefontaine-une-journee-dinitiation-au-pickleball\/#breadcrumb","itemListElement":[{"@type":"ListItem","position":1,"name":"Home","item":"https:\/\/vosgesinfo.fr\/saintdieinfo\/"},{"@type":"ListItem","position":2,"name":"\u00c9tival-Clairefontaine \u2013 Une journ\u00e9e d\u2019initiation au pickleball"}]},{"@type":"WebSite","@id":"https:\/\/vosgesinfo.fr\/saintdieinfo\/#website","url":"https:\/\/vosgesinfo.fr\/saintdieinfo\/","name":"Saint Die Info","description":"Toute l&#039;actualit\u00e9 de Saint-Di\u00e9-Des-Vosges","publisher":{"@id":"https:\/\/vosgesinfo.fr\/saintdieinfo\/#organization"},"alternateName":"Toute l'actualit\u00e9 de Saint-Di\u00e9-Des-Vosges","potentialAction":[{"@type":"SearchAction","target":{"@type":"EntryPoint","urlTemplate":"https:\/\/vosgesinfo.fr\/saintdieinfo\/?s={search_term_string}"},"query-input":"required name=search_term_string"}],"inLanguage":"fr-FR"},{"@type":"Organization","@id":"https:\/\/vosgesinfo.fr\/saintdieinfo\/#organization","name":"Saint Die Info","url":"https:\/\/vosgesinfo.fr\/saintdieinfo\/","logo":{"@type":"ImageObject","inLanguage":"fr-FR","@id":"https:\/\/vosgesinfo.fr\/saintdieinfo\/#\/schema\/logo\/image\/","url":"https:\/\/vosgesinfo.fr\/app\/uploads\/sites\/4\/2024\/02\/logo-sdi.jpg","contentUrl":"https:\/\/vosgesinfo.fr\/app\/uploads\/sites\/4\/2024\/02\/logo-sdi.jpg","width":600,"height":600,"caption":"Saint Die Info"},"image":{"@id":"https:\/\/vosgesinfo.fr\/saintdieinfo\/#\/schema\/logo\/image\/"},"sameAs":["https:\/\/www.facebook.com\/Saintdieinfofr","https:\/\/x.com\/VosgesInfo88","https:\/\/www.youtube.com\/@vosgesinfo"]},{"@type":"Person","@id":"https:\/\/vosgesinfo.fr\/saintdieinfo\/#\/schema\/person\/fa73e9f726d67bb88f46d5b7943cb572","name":"J.J.","image":{"@type":"ImageObject","inLanguage":"fr-FR","@id":"https:\/\/vosgesinfo.fr\/saintdieinfo\/#\/schema\/person\/image\/","url":"https:\/\/secure.gravatar.com\/avatar\/219e749e47ffbcca018a360ae4add7d4cdf1cdaaf8bc7676b27efade3fe65615?s=96&d=mm&r=g","contentUrl":"https:\/\/secure.gravatar.com\/avatar\/219e749e47ffbcca018a360ae4add7d4cdf1cdaaf8bc7676b27efade3fe65615?s=96&d=mm&r=g","caption":"J.J."},"url":"https:\/\/vosgesinfo.fr\/saintdieinfo\/author\/j-j\/"}]}},"_links":{"self":[{"href":"https:\/\/vosgesinfo.fr\/saintdieinfo\/wp-json\/wp\/v2\/posts\/85666","targetHints":{"allow":["GET"]}}],"collection":[{"href":"https:\/\/vosgesinfo.fr\/saintdieinfo\/wp-json\/wp\/v2\/posts"}],"about":[{"href":"https:\/\/vosgesinfo.fr\/saintdieinfo\/wp-json\/wp\/v2\/types\/post"}],"author":[{"embeddable":true,"href":"https:\/\/vosgesinfo.fr\/saintdieinfo\/wp-json\/wp\/v2\/users\/46"}],"replies":[{"embeddable":true,"href":"https:\/\/vosgesinfo.fr\/saintdieinfo\/wp-json\/wp\/v2\/comments?post=85666"}],"version-history":[{"count":2,"href":"https:\/\/vosgesinfo.fr\/saintdieinfo\/wp-json\/wp\/v2\/posts\/85666\/revisions"}],"predecessor-version":[{"id":85676,"href":"https:\/\/vosgesinfo.fr\/saintdieinfo\/wp-json\/wp\/v2\/posts\/85666\/revisions\/85676"}],"wp:featuredmedia":[{"embeddable":true,"href":"https:\/\/vosgesinfo.fr\/saintdieinfo\/wp-json\/wp\/v2\/media\/85667"}],"wp:attachment":[{"href":"https:\/\/vosgesinfo.fr\/saintdieinfo\/wp-json\/wp\/v2\/media?parent=85666"}],"wp:term":[{"taxonomy":"category","embeddable":true,"href":"https:\/\/vosgesinfo.fr\/saintdieinfo\/wp-json\/wp\/v2\/categories?post=85666"},{"taxonomy":"post_tag","embeddable":true,"href":"https:\/\/vosgesinfo.fr\/saintdieinfo\/wp-json\/wp\/v2\/tags?post=85666"}],"curies":[{"name":"wp","href":"https:\/\/api.w.org\/{rel}","templated":true}]}}