{"id":85684,"date":"2025-12-09T09:32:43","date_gmt":"2025-12-09T08:32:43","guid":{"rendered":"https:\/\/vosgesinfo.fr\/saintdieinfo\/?p=85684"},"modified":"2025-12-09T09:21:42","modified_gmt":"2025-12-09T08:21:42","slug":"senones-marche-de-noel-concert-et-defile-de-saint-nicolas-ce-dimanche","status":"publish","type":"post","link":"https:\/\/vosgesinfo.fr\/saintdieinfo\/2025\/12\/senones-marche-de-noel-concert-et-defile-de-saint-nicolas-ce-dimanche\/","title":{"rendered":"Senones \u2013 March\u00e9 de No\u00ebl, concert et d\u00e9fil\u00e9 de Saint Nicolas ce dimanche"},"content":{"rendered":"<div id=\"attachment_85686\" style=\"width: 1034px\" class=\"wp-caption alignnone\"><a href=\"https:\/\/vosgesinfo.fr\/app\/uploads\/sites\/4\/2025\/12\/senones-defile-saint-nicolas.jpg\"><img decoding=\"async\" aria-describedby=\"caption-attachment-85686\" class=\"size-large wp-image-85686\" src=\"https:\/\/vosgesinfo.fr\/app\/uploads\/sites\/4\/2025\/12\/senones-defile-saint-nicolas-1024x869.jpg\" alt=\"\" width=\"1024\" height=\"869\" srcset=\"https:\/\/vosgesinfo.fr\/app\/uploads\/sites\/4\/2025\/12\/senones-defile-saint-nicolas-1024x869.jpg 1024w, https:\/\/vosgesinfo.fr\/app\/uploads\/sites\/4\/2025\/12\/senones-defile-saint-nicolas-300x255.jpg 300w, https:\/\/vosgesinfo.fr\/app\/uploads\/sites\/4\/2025\/12\/senones-defile-saint-nicolas-768x652.jpg 768w, https:\/\/vosgesinfo.fr\/app\/uploads\/sites\/4\/2025\/12\/senones-defile-saint-nicolas.jpg 1273w\" sizes=\"(max-width: 1024px) 100vw, 1024px\" \/><\/a><p id=\"caption-attachment-85686\" class=\"wp-caption-text\">(Archive)<\/p><\/div>\n<h2>La 12e \u00e9dition du <strong>March\u00e9 de No\u00ebl de Senones<\/strong> se tiendra ce dimanche 14 d\u00e9cembre, de <strong>10 h \u00e0 18 h<\/strong>, dans le <strong>clo\u00eetre de l\u2019Abbaye et sur la place Dom Calmet<\/strong>. Tout au long de la journ\u00e9e, de nombreux exposants seront pr\u00e9sents.<\/h2>\n<p><!--more--><\/p>\n<h3><strong>March\u00e9s de No\u00ebl et de l&rsquo;Avent<\/strong><\/h3>\n<p>Sur place, le <strong>March\u00e9 et le Village de No\u00ebl<\/strong> c\u00f4toieront le <strong>March\u00e9 de l\u2019Avent<\/strong> \u00e0 Ecotex, le March\u00e9 des Artistes et l\u2019exposition du Club Photo. Les visiteurs trouveront une restauration et une buvette avec vin chaud blanc ou rouge, jus de pommes chaud, chocolat chaud, tartines, knacks, bretzels, cr\u00eapes et marrons chauds.<\/p>\n<h3><strong>Concert de No\u00ebl et pr\u00e9sence de Saint Nicolas<\/strong><\/h3>\n<p>L\u2019apr\u00e8s-midi sera rythm\u00e9e par le concert de No\u00ebl de <strong>l\u2019APROMUSE<\/strong> \u00e0 15 h, suivi \u00e0 15 h 30 de la pr\u00e9sence de <strong>Saint Nicolas<\/strong> sur les march\u00e9s pour rencontrer les enfants et poser pour des photos.<\/p>\n<h3><strong>D\u00e9fil\u00e9 de chars et spectacle de feu<\/strong><\/h3>\n<p>\u00c0 16 h 30, un <strong>d\u00e9fil\u00e9 de chars<\/strong> parcourra les rues de Senones avec Saint Nicolas, avant la remise des cl\u00e9s de la Ville \u00e0 17 h 45. La journ\u00e9e se conclura \u00e0 18 h par un spectacle de feu assur\u00e9 par la compagnie <strong>Light of Fire<\/strong>.<\/p>\n<p><a href=\"https:\/\/vosgesinfo.fr\/app\/uploads\/sites\/4\/2025\/12\/senones-marche-noel-2025.jpg\"><img decoding=\"async\" class=\"alignnone size-large wp-image-85687\" src=\"https:\/\/vosgesinfo.fr\/app\/uploads\/sites\/4\/2025\/12\/senones-marche-noel-2025-744x1024.jpg\" alt=\"\" width=\"744\" height=\"1024\" srcset=\"https:\/\/vosgesinfo.fr\/app\/uploads\/sites\/4\/2025\/12\/senones-marche-noel-2025-744x1024.jpg 744w, https:\/\/vosgesinfo.fr\/app\/uploads\/sites\/4\/2025\/12\/senones-marche-noel-2025-218x300.jpg 218w, https:\/\/vosgesinfo.fr\/app\/uploads\/sites\/4\/2025\/12\/senones-marche-noel-2025-768x1057.jpg 768w, https:\/\/vosgesinfo.fr\/app\/uploads\/sites\/4\/2025\/12\/senones-marche-noel-2025.jpg 785w\" sizes=\"(max-width: 744px) 100vw, 744px\" \/><\/a><\/p>\n","protected":false},"excerpt":{"rendered":"<p>La 12e \u00e9dition du March\u00e9 de No\u00ebl de Senones se tiendra ce dimanche 14 d\u00e9cembre, de 10 h \u00e0 18 [&hellip;]<\/p>\n","protected":false},"author":46,"featured_media":85686,"comment_status":"open","ping_status":"open","sticky":false,"template":"","format":"standard","meta":{"footnotes":""},"categories":[460,3903,20,17],"tags":[19314,19320,19318,19316,19312,19317,12112,19313,3159,19319,19315],"class_list":["post-85684","post","type-post","status-publish","format-standard","has-post-thumbnail","hentry","category-a-la-une","category-deodatie","category-loisirs","category-vie-associative","tag-cloitre-de-labbaye-senones","tag-club-photo-senones","tag-concert-de-noel-apromuse","tag-marche-de-lavent-ecotex","tag-marche-de-noel-senones","tag-marche-des-artistes-senones","tag-place-dom-calmet","tag-saint-nicolas-senones","tag-senones-en-fete","tag-spectacle-de-feu-light-of-fire","tag-village-de-noel"],"acf":[],"yoast_head":"<!-- This site is optimized with the Yoast SEO plugin v22.5 - https:\/\/yoast.com\/wordpress\/plugins\/seo\/ -->\n<title>Senones \u2013 March\u00e9 de No\u00ebl, concert et d\u00e9fil\u00e9 de Saint Nicolas ce dimanche - Saint Die Info<\/title>\n<meta name=\"robots\" content=\"index, follow, max-snippet:-1, max-image-preview:large, max-video-preview:-1\" \/>\n<link rel=\"canonical\" href=\"https:\/\/vosgesinfo.fr\/saintdieinfo\/2025\/12\/senones-marche-de-noel-concert-et-defile-de-saint-nicolas-ce-dimanche\/\" \/>\n<meta name=\"twitter:card\" content=\"summary_large_image\" \/>\n<meta name=\"twitter:title\" content=\"Senones \u2013 March\u00e9 de No\u00ebl, concert et d\u00e9fil\u00e9 de Saint Nicolas ce dimanche - Saint Die Info\" \/>\n<meta name=\"twitter:description\" content=\"La 12e \u00e9dition du March\u00e9 de No\u00ebl de Senones se tiendra ce dimanche 14 d\u00e9cembre, de 10 h \u00e0 18 [&hellip;]\" \/>\n<meta name=\"twitter:image\" content=\"https:\/\/vosgesinfo.fr\/app\/uploads\/sites\/4\/2025\/12\/senones-defile-saint-nicolas.jpg\" \/>\n<meta name=\"twitter:creator\" content=\"@VosgesInfo88\" \/>\n<meta name=\"twitter:site\" content=\"@VosgesInfo88\" \/>\n<meta name=\"twitter:label1\" content=\"\u00c9crit par\" \/>\n\t<meta name=\"twitter:data1\" content=\"J.J.\" \/>\n<script type=\"application\/ld+json\" class=\"yoast-schema-graph\">{\"@context\":\"https:\/\/schema.org\",\"@graph\":[{\"@type\":\"Article\",\"@id\":\"https:\/\/vosgesinfo.fr\/saintdieinfo\/2025\/12\/senones-marche-de-noel-concert-et-defile-de-saint-nicolas-ce-dimanche\/#article\",\"isPartOf\":{\"@id\":\"https:\/\/vosgesinfo.fr\/saintdieinfo\/2025\/12\/senones-marche-de-noel-concert-et-defile-de-saint-nicolas-ce-dimanche\/\"},\"author\":{\"name\":\"J.J.\",\"@id\":\"https:\/\/vosgesinfo.fr\/saintdieinfo\/#\/schema\/person\/fa73e9f726d67bb88f46d5b7943cb572\"},\"headline\":\"Senones \u2013 March\u00e9 de No\u00ebl, concert et d\u00e9fil\u00e9 de Saint Nicolas ce dimanche\",\"datePublished\":\"2025-12-09T08:32:43+00:00\",\"dateModified\":\"2025-12-09T08:21:42+00:00\",\"mainEntityOfPage\":{\"@id\":\"https:\/\/vosgesinfo.fr\/saintdieinfo\/2025\/12\/senones-marche-de-noel-concert-et-defile-de-saint-nicolas-ce-dimanche\/\"},\"wordCount\":230,\"commentCount\":0,\"publisher\":{\"@id\":\"https:\/\/vosgesinfo.fr\/saintdieinfo\/#organization\"},\"image\":{\"@id\":\"https:\/\/vosgesinfo.fr\/saintdieinfo\/2025\/12\/senones-marche-de-noel-concert-et-defile-de-saint-nicolas-ce-dimanche\/#primaryimage\"},\"thumbnailUrl\":\"https:\/\/vosgesinfo.fr\/app\/uploads\/sites\/4\/2025\/12\/senones-defile-saint-nicolas.jpg\",\"keywords\":[\"clo\u00eetre de l\u2019Abbaye Senones\",\"club photo Senones\",\"concert de No\u00ebl Apromuse\",\"march\u00e9 de l\u2019Avent Ecotex\",\"March\u00e9 de No\u00ebl Senones\",\"march\u00e9 des artistes Senones\",\"Place Dom Calmet\",\"Saint Nicolas Senones\",\"Senones en F\u00eate\",\"spectacle de feu Light of Fire\",\"village de No\u00ebl\"],\"articleSection\":[\"A la Une\",\"D\u00e9odatie\",\"Loisirs\",\"Vie Associative\"],\"inLanguage\":\"fr-FR\",\"potentialAction\":[{\"@type\":\"CommentAction\",\"name\":\"Comment\",\"target\":[\"https:\/\/vosgesinfo.fr\/saintdieinfo\/2025\/12\/senones-marche-de-noel-concert-et-defile-de-saint-nicolas-ce-dimanche\/#respond\"]}]},{\"@type\":\"WebPage\",\"@id\":\"https:\/\/vosgesinfo.fr\/saintdieinfo\/2025\/12\/senones-marche-de-noel-concert-et-defile-de-saint-nicolas-ce-dimanche\/\",\"url\":\"https:\/\/vosgesinfo.fr\/saintdieinfo\/2025\/12\/senones-marche-de-noel-concert-et-defile-de-saint-nicolas-ce-dimanche\/\",\"name\":\"Senones \u2013 March\u00e9 de No\u00ebl, concert et d\u00e9fil\u00e9 de Saint Nicolas ce dimanche - Saint Die Info\",\"isPartOf\":{\"@id\":\"https:\/\/vosgesinfo.fr\/saintdieinfo\/#website\"},\"primaryImageOfPage\":{\"@id\":\"https:\/\/vosgesinfo.fr\/saintdieinfo\/2025\/12\/senones-marche-de-noel-concert-et-defile-de-saint-nicolas-ce-dimanche\/#primaryimage\"},\"image\":{\"@id\":\"https:\/\/vosgesinfo.fr\/saintdieinfo\/2025\/12\/senones-marche-de-noel-concert-et-defile-de-saint-nicolas-ce-dimanche\/#primaryimage\"},\"thumbnailUrl\":\"https:\/\/vosgesinfo.fr\/app\/uploads\/sites\/4\/2025\/12\/senones-defile-saint-nicolas.jpg\",\"datePublished\":\"2025-12-09T08:32:43+00:00\",\"dateModified\":\"2025-12-09T08:21:42+00:00\",\"breadcrumb\":{\"@id\":\"https:\/\/vosgesinfo.fr\/saintdieinfo\/2025\/12\/senones-marche-de-noel-concert-et-defile-de-saint-nicolas-ce-dimanche\/#breadcrumb\"},\"inLanguage\":\"fr-FR\",\"potentialAction\":[{\"@type\":\"ReadAction\",\"target\":[\"https:\/\/vosgesinfo.fr\/saintdieinfo\/2025\/12\/senones-marche-de-noel-concert-et-defile-de-saint-nicolas-ce-dimanche\/\"]}]},{\"@type\":\"ImageObject\",\"inLanguage\":\"fr-FR\",\"@id\":\"https:\/\/vosgesinfo.fr\/saintdieinfo\/2025\/12\/senones-marche-de-noel-concert-et-defile-de-saint-nicolas-ce-dimanche\/#primaryimage\",\"url\":\"https:\/\/vosgesinfo.fr\/app\/uploads\/sites\/4\/2025\/12\/senones-defile-saint-nicolas.jpg\",\"contentUrl\":\"https:\/\/vosgesinfo.fr\/app\/uploads\/sites\/4\/2025\/12\/senones-defile-saint-nicolas.jpg\",\"width\":1273,\"height\":1080,\"caption\":\"(Archive)\"},{\"@type\":\"BreadcrumbList\",\"@id\":\"https:\/\/vosgesinfo.fr\/saintdieinfo\/2025\/12\/senones-marche-de-noel-concert-et-defile-de-saint-nicolas-ce-dimanche\/#breadcrumb\",\"itemListElement\":[{\"@type\":\"ListItem\",\"position\":1,\"name\":\"Home\",\"item\":\"https:\/\/vosgesinfo.fr\/saintdieinfo\/\"},{\"@type\":\"ListItem\",\"position\":2,\"name\":\"Senones \u2013 March\u00e9 de No\u00ebl, concert et d\u00e9fil\u00e9 de Saint Nicolas ce dimanche\"}]},{\"@type\":\"WebSite\",\"@id\":\"https:\/\/vosgesinfo.fr\/saintdieinfo\/#website\",\"url\":\"https:\/\/vosgesinfo.fr\/saintdieinfo\/\",\"name\":\"Saint Die Info\",\"description\":\"Toute l&#039;actualit\u00e9 de Saint-Di\u00e9-Des-Vosges\",\"publisher\":{\"@id\":\"https:\/\/vosgesinfo.fr\/saintdieinfo\/#organization\"},\"alternateName\":\"Toute l'actualit\u00e9 de Saint-Di\u00e9-Des-Vosges\",\"potentialAction\":[{\"@type\":\"SearchAction\",\"target\":{\"@type\":\"EntryPoint\",\"urlTemplate\":\"https:\/\/vosgesinfo.fr\/saintdieinfo\/?s={search_term_string}\"},\"query-input\":\"required name=search_term_string\"}],\"inLanguage\":\"fr-FR\"},{\"@type\":\"Organization\",\"@id\":\"https:\/\/vosgesinfo.fr\/saintdieinfo\/#organization\",\"name\":\"Saint Die Info\",\"url\":\"https:\/\/vosgesinfo.fr\/saintdieinfo\/\",\"logo\":{\"@type\":\"ImageObject\",\"inLanguage\":\"fr-FR\",\"@id\":\"https:\/\/vosgesinfo.fr\/saintdieinfo\/#\/schema\/logo\/image\/\",\"url\":\"https:\/\/vosgesinfo.fr\/app\/uploads\/sites\/4\/2024\/02\/logo-sdi.jpg\",\"contentUrl\":\"https:\/\/vosgesinfo.fr\/app\/uploads\/sites\/4\/2024\/02\/logo-sdi.jpg\",\"width\":600,\"height\":600,\"caption\":\"Saint Die Info\"},\"image\":{\"@id\":\"https:\/\/vosgesinfo.fr\/saintdieinfo\/#\/schema\/logo\/image\/\"},\"sameAs\":[\"https:\/\/www.facebook.com\/Saintdieinfofr\",\"https:\/\/x.com\/VosgesInfo88\",\"https:\/\/www.youtube.com\/@vosgesinfo\"]},{\"@type\":\"Person\",\"@id\":\"https:\/\/vosgesinfo.fr\/saintdieinfo\/#\/schema\/person\/fa73e9f726d67bb88f46d5b7943cb572\",\"name\":\"J.J.\",\"image\":{\"@type\":\"ImageObject\",\"inLanguage\":\"fr-FR\",\"@id\":\"https:\/\/vosgesinfo.fr\/saintdieinfo\/#\/schema\/person\/image\/\",\"url\":\"https:\/\/secure.gravatar.com\/avatar\/219e749e47ffbcca018a360ae4add7d4cdf1cdaaf8bc7676b27efade3fe65615?s=96&d=mm&r=g\",\"contentUrl\":\"https:\/\/secure.gravatar.com\/avatar\/219e749e47ffbcca018a360ae4add7d4cdf1cdaaf8bc7676b27efade3fe65615?s=96&d=mm&r=g\",\"caption\":\"J.J.\"},\"url\":\"https:\/\/vosgesinfo.fr\/saintdieinfo\/author\/j-j\/\"}]}<\/script>\n<!-- \/ Yoast SEO plugin. -->","yoast_head_json":{"title":"Senones \u2013 March\u00e9 de No\u00ebl, concert et d\u00e9fil\u00e9 de Saint Nicolas ce dimanche - Saint Die Info","robots":{"index":"index","follow":"follow","max-snippet":"max-snippet:-1","max-image-preview":"max-image-preview:large","max-video-preview":"max-video-preview:-1"},"canonical":"https:\/\/vosgesinfo.fr\/saintdieinfo\/2025\/12\/senones-marche-de-noel-concert-et-defile-de-saint-nicolas-ce-dimanche\/","twitter_card":"summary_large_image","twitter_title":"Senones \u2013 March\u00e9 de No\u00ebl, concert et d\u00e9fil\u00e9 de Saint Nicolas ce dimanche - Saint Die Info","twitter_description":"La 12e \u00e9dition du March\u00e9 de No\u00ebl de Senones se tiendra ce dimanche 14 d\u00e9cembre, de 10 h \u00e0 18 [&hellip;]","twitter_image":"https:\/\/vosgesinfo.fr\/app\/uploads\/sites\/4\/2025\/12\/senones-defile-saint-nicolas.jpg","twitter_creator":"@VosgesInfo88","twitter_site":"@VosgesInfo88","twitter_misc":{"\u00c9crit par":"J.J."},"schema":{"@context":"https:\/\/schema.org","@graph":[{"@type":"Article","@id":"https:\/\/vosgesinfo.fr\/saintdieinfo\/2025\/12\/senones-marche-de-noel-concert-et-defile-de-saint-nicolas-ce-dimanche\/#article","isPartOf":{"@id":"https:\/\/vosgesinfo.fr\/saintdieinfo\/2025\/12\/senones-marche-de-noel-concert-et-defile-de-saint-nicolas-ce-dimanche\/"},"author":{"name":"J.J.","@id":"https:\/\/vosgesinfo.fr\/saintdieinfo\/#\/schema\/person\/fa73e9f726d67bb88f46d5b7943cb572"},"headline":"Senones \u2013 March\u00e9 de No\u00ebl, concert et d\u00e9fil\u00e9 de Saint Nicolas ce dimanche","datePublished":"2025-12-09T08:32:43+00:00","dateModified":"2025-12-09T08:21:42+00:00","mainEntityOfPage":{"@id":"https:\/\/vosgesinfo.fr\/saintdieinfo\/2025\/12\/senones-marche-de-noel-concert-et-defile-de-saint-nicolas-ce-dimanche\/"},"wordCount":230,"commentCount":0,"publisher":{"@id":"https:\/\/vosgesinfo.fr\/saintdieinfo\/#organization"},"image":{"@id":"https:\/\/vosgesinfo.fr\/saintdieinfo\/2025\/12\/senones-marche-de-noel-concert-et-defile-de-saint-nicolas-ce-dimanche\/#primaryimage"},"thumbnailUrl":"https:\/\/vosgesinfo.fr\/app\/uploads\/sites\/4\/2025\/12\/senones-defile-saint-nicolas.jpg","keywords":["clo\u00eetre de l\u2019Abbaye Senones","club photo Senones","concert de No\u00ebl Apromuse","march\u00e9 de l\u2019Avent Ecotex","March\u00e9 de No\u00ebl Senones","march\u00e9 des artistes Senones","Place Dom Calmet","Saint Nicolas Senones","Senones en F\u00eate","spectacle de feu Light of Fire","village de No\u00ebl"],"articleSection":["A la Une","D\u00e9odatie","Loisirs","Vie Associative"],"inLanguage":"fr-FR","potentialAction":[{"@type":"CommentAction","name":"Comment","target":["https:\/\/vosgesinfo.fr\/saintdieinfo\/2025\/12\/senones-marche-de-noel-concert-et-defile-de-saint-nicolas-ce-dimanche\/#respond"]}]},{"@type":"WebPage","@id":"https:\/\/vosgesinfo.fr\/saintdieinfo\/2025\/12\/senones-marche-de-noel-concert-et-defile-de-saint-nicolas-ce-dimanche\/","url":"https:\/\/vosgesinfo.fr\/saintdieinfo\/2025\/12\/senones-marche-de-noel-concert-et-defile-de-saint-nicolas-ce-dimanche\/","name":"Senones \u2013 March\u00e9 de No\u00ebl, concert et d\u00e9fil\u00e9 de Saint Nicolas ce dimanche - Saint Die Info","isPartOf":{"@id":"https:\/\/vosgesinfo.fr\/saintdieinfo\/#website"},"primaryImageOfPage":{"@id":"https:\/\/vosgesinfo.fr\/saintdieinfo\/2025\/12\/senones-marche-de-noel-concert-et-defile-de-saint-nicolas-ce-dimanche\/#primaryimage"},"image":{"@id":"https:\/\/vosgesinfo.fr\/saintdieinfo\/2025\/12\/senones-marche-de-noel-concert-et-defile-de-saint-nicolas-ce-dimanche\/#primaryimage"},"thumbnailUrl":"https:\/\/vosgesinfo.fr\/app\/uploads\/sites\/4\/2025\/12\/senones-defile-saint-nicolas.jpg","datePublished":"2025-12-09T08:32:43+00:00","dateModified":"2025-12-09T08:21:42+00:00","breadcrumb":{"@id":"https:\/\/vosgesinfo.fr\/saintdieinfo\/2025\/12\/senones-marche-de-noel-concert-et-defile-de-saint-nicolas-ce-dimanche\/#breadcrumb"},"inLanguage":"fr-FR","potentialAction":[{"@type":"ReadAction","target":["https:\/\/vosgesinfo.fr\/saintdieinfo\/2025\/12\/senones-marche-de-noel-concert-et-defile-de-saint-nicolas-ce-dimanche\/"]}]},{"@type":"ImageObject","inLanguage":"fr-FR","@id":"https:\/\/vosgesinfo.fr\/saintdieinfo\/2025\/12\/senones-marche-de-noel-concert-et-defile-de-saint-nicolas-ce-dimanche\/#primaryimage","url":"https:\/\/vosgesinfo.fr\/app\/uploads\/sites\/4\/2025\/12\/senones-defile-saint-nicolas.jpg","contentUrl":"https:\/\/vosgesinfo.fr\/app\/uploads\/sites\/4\/2025\/12\/senones-defile-saint-nicolas.jpg","width":1273,"height":1080,"caption":"(Archive)"},{"@type":"BreadcrumbList","@id":"https:\/\/vosgesinfo.fr\/saintdieinfo\/2025\/12\/senones-marche-de-noel-concert-et-defile-de-saint-nicolas-ce-dimanche\/#breadcrumb","itemListElement":[{"@type":"ListItem","position":1,"name":"Home","item":"https:\/\/vosgesinfo.fr\/saintdieinfo\/"},{"@type":"ListItem","position":2,"name":"Senones \u2013 March\u00e9 de No\u00ebl, concert et d\u00e9fil\u00e9 de Saint Nicolas ce dimanche"}]},{"@type":"WebSite","@id":"https:\/\/vosgesinfo.fr\/saintdieinfo\/#website","url":"https:\/\/vosgesinfo.fr\/saintdieinfo\/","name":"Saint Die Info","description":"Toute l&#039;actualit\u00e9 de Saint-Di\u00e9-Des-Vosges","publisher":{"@id":"https:\/\/vosgesinfo.fr\/saintdieinfo\/#organization"},"alternateName":"Toute l'actualit\u00e9 de Saint-Di\u00e9-Des-Vosges","potentialAction":[{"@type":"SearchAction","target":{"@type":"EntryPoint","urlTemplate":"https:\/\/vosgesinfo.fr\/saintdieinfo\/?s={search_term_string}"},"query-input":"required name=search_term_string"}],"inLanguage":"fr-FR"},{"@type":"Organization","@id":"https:\/\/vosgesinfo.fr\/saintdieinfo\/#organization","name":"Saint Die Info","url":"https:\/\/vosgesinfo.fr\/saintdieinfo\/","logo":{"@type":"ImageObject","inLanguage":"fr-FR","@id":"https:\/\/vosgesinfo.fr\/saintdieinfo\/#\/schema\/logo\/image\/","url":"https:\/\/vosgesinfo.fr\/app\/uploads\/sites\/4\/2024\/02\/logo-sdi.jpg","contentUrl":"https:\/\/vosgesinfo.fr\/app\/uploads\/sites\/4\/2024\/02\/logo-sdi.jpg","width":600,"height":600,"caption":"Saint Die Info"},"image":{"@id":"https:\/\/vosgesinfo.fr\/saintdieinfo\/#\/schema\/logo\/image\/"},"sameAs":["https:\/\/www.facebook.com\/Saintdieinfofr","https:\/\/x.com\/VosgesInfo88","https:\/\/www.youtube.com\/@vosgesinfo"]},{"@type":"Person","@id":"https:\/\/vosgesinfo.fr\/saintdieinfo\/#\/schema\/person\/fa73e9f726d67bb88f46d5b7943cb572","name":"J.J.","image":{"@type":"ImageObject","inLanguage":"fr-FR","@id":"https:\/\/vosgesinfo.fr\/saintdieinfo\/#\/schema\/person\/image\/","url":"https:\/\/secure.gravatar.com\/avatar\/219e749e47ffbcca018a360ae4add7d4cdf1cdaaf8bc7676b27efade3fe65615?s=96&d=mm&r=g","contentUrl":"https:\/\/secure.gravatar.com\/avatar\/219e749e47ffbcca018a360ae4add7d4cdf1cdaaf8bc7676b27efade3fe65615?s=96&d=mm&r=g","caption":"J.J."},"url":"https:\/\/vosgesinfo.fr\/saintdieinfo\/author\/j-j\/"}]}},"_links":{"self":[{"href":"https:\/\/vosgesinfo.fr\/saintdieinfo\/wp-json\/wp\/v2\/posts\/85684","targetHints":{"allow":["GET"]}}],"collection":[{"href":"https:\/\/vosgesinfo.fr\/saintdieinfo\/wp-json\/wp\/v2\/posts"}],"about":[{"href":"https:\/\/vosgesinfo.fr\/saintdieinfo\/wp-json\/wp\/v2\/types\/post"}],"author":[{"embeddable":true,"href":"https:\/\/vosgesinfo.fr\/saintdieinfo\/wp-json\/wp\/v2\/users\/46"}],"replies":[{"embeddable":true,"href":"https:\/\/vosgesinfo.fr\/saintdieinfo\/wp-json\/wp\/v2\/comments?post=85684"}],"version-history":[{"count":2,"href":"https:\/\/vosgesinfo.fr\/saintdieinfo\/wp-json\/wp\/v2\/posts\/85684\/revisions"}],"predecessor-version":[{"id":85688,"href":"https:\/\/vosgesinfo.fr\/saintdieinfo\/wp-json\/wp\/v2\/posts\/85684\/revisions\/85688"}],"wp:featuredmedia":[{"embeddable":true,"href":"https:\/\/vosgesinfo.fr\/saintdieinfo\/wp-json\/wp\/v2\/media\/85686"}],"wp:attachment":[{"href":"https:\/\/vosgesinfo.fr\/saintdieinfo\/wp-json\/wp\/v2\/media?parent=85684"}],"wp:term":[{"taxonomy":"category","embeddable":true,"href":"https:\/\/vosgesinfo.fr\/saintdieinfo\/wp-json\/wp\/v2\/categories?post=85684"},{"taxonomy":"post_tag","embeddable":true,"href":"https:\/\/vosgesinfo.fr\/saintdieinfo\/wp-json\/wp\/v2\/tags?post=85684"}],"curies":[{"name":"wp","href":"https:\/\/api.w.org\/{rel}","templated":true}]}}