{"id":85689,"date":"2025-12-09T10:23:24","date_gmt":"2025-12-09T09:23:24","guid":{"rendered":"https:\/\/vosgesinfo.fr\/saintdieinfo\/?p=85689"},"modified":"2025-12-09T10:18:30","modified_gmt":"2025-12-09T09:18:30","slug":"se-mesurer-a-la-montee-des-schlitteurs-pour-finir-lannee-en-beaute","status":"publish","type":"post","link":"https:\/\/vosgesinfo.fr\/saintdieinfo\/2025\/12\/se-mesurer-a-la-montee-des-schlitteurs-pour-finir-lannee-en-beaute\/","title":{"rendered":"Se mesurer \u00e0 la Mont\u00e9e des Schlitteurs pour finir l\u2019ann\u00e9e en beaut\u00e9"},"content":{"rendered":"<div id=\"attachment_72216\" style=\"width: 1034px\" class=\"wp-caption alignnone\"><a href=\"https:\/\/vosgesinfo.fr\/app\/uploads\/sites\/4\/2024\/12\/montee-des-schlitteurs-2024-4.jpg\"><img decoding=\"async\" aria-describedby=\"caption-attachment-72216\" class=\"size-large wp-image-72216\" src=\"https:\/\/vosgesinfo.fr\/app\/uploads\/sites\/4\/2024\/12\/montee-des-schlitteurs-2024-4-1024x683.jpg\" alt=\"\" width=\"1024\" height=\"683\" srcset=\"https:\/\/vosgesinfo.fr\/app\/uploads\/sites\/4\/2024\/12\/montee-des-schlitteurs-2024-4-1024x683.jpg 1024w, https:\/\/vosgesinfo.fr\/app\/uploads\/sites\/4\/2024\/12\/montee-des-schlitteurs-2024-4-300x200.jpg 300w, https:\/\/vosgesinfo.fr\/app\/uploads\/sites\/4\/2024\/12\/montee-des-schlitteurs-2024-4-768x512.jpg 768w, https:\/\/vosgesinfo.fr\/app\/uploads\/sites\/4\/2024\/12\/montee-des-schlitteurs-2024-4.jpg 1200w\" sizes=\"(max-width: 1024px) 100vw, 1024px\" \/><\/a><p id=\"caption-attachment-72216\" class=\"wp-caption-text\">(Archive)<\/p><\/div>\n<h2 data-start=\"350\" data-end=\"584\">L\u2019association <strong data-start=\"364\" data-end=\"381\">Courir \u00e0 Raon<\/strong> invite les courageuses et courageux \u00e0 s\u2019aligner sur la <strong data-start=\"437\" data-end=\"463\">Mont\u00e9e des Schlitteurs<\/strong>, qui sera de retour le <strong data-start=\"487\" data-end=\"515\">mardi 23 d\u00e9cembre \u00e0 18 h<\/strong>. Toujours au d\u00e9part de la vanne de Pierre, \u00e0 Saint-Di\u00e9-des-Vosges.<\/h2>\n<p data-start=\"350\" data-end=\"584\"><!--more--><\/p>\n<p data-start=\"586\" data-end=\"782\">Ce soir-l\u00e0, l\u2019accueil se fera \u00e0 partir de 17 h 45, le temps pour chacune et chacun de se garer pr\u00e8s d\u2019AquaNova America, de traverser la Meurthe \u00e0 pied et de rejoindre la zone de d\u00e9part situ\u00e9e sur la droite.<\/p>\n<p data-start=\"784\" data-end=\"1238\">\u00c0 18 h, coureuses, coureurs et marcheurs s\u2019\u00e9lanceront ensemble pour se mesurer \u00e0 nouveau au mythique <strong>sentier des Schlitteurs de l\u2019Ormont<\/strong>, avalant par la m\u00eame occasion environ <strong data-start=\"959\" data-end=\"988\">550 m de d\u00e9nivel\u00e9 positif<\/strong> en \u00e0 peine 5 km. Le seul objectif \u00e9tant d&rsquo;atteindre en une heure maximum le <strong data-start=\"1057\" data-end=\"1070\">Sapin Sec<\/strong>, qui est le point culminant du massif d\u00e9odatien.<\/p>\n<p data-start=\"784\" data-end=\"1238\">Les premiers constituant ensuite une haie d\u2019honneur pour les suivants. Aucune descente ne sera engag\u00e9e avant 19 h : le groupe redescendra alors d\u2019un seul mouvement. Celles et ceux qui resteront en bord de chemin pourront encourager les participantes et participants et faire monter l\u2019ambiance sur le sentier.<\/p>\n<p data-start=\"1387\" data-end=\"1568\">La soir\u00e9e se conclura \u00e0 <strong data-start=\"1413\" data-end=\"1435\">La Cabane au Darou<\/strong>, autour d\u2019un verre et d\u2019un moment de partage dans l\u2019esprit Schlitteurs, pour cl\u00f4turer l\u2019ann\u00e9e sur une note sportive et conviviale.<\/p>\n","protected":false},"excerpt":{"rendered":"<p>L\u2019association Courir \u00e0 Raon invite les courageuses et courageux \u00e0 s\u2019aligner sur la Mont\u00e9e des Schlitteurs, qui sera de retour [&hellip;]<\/p>\n","protected":false},"author":46,"featured_media":72216,"comment_status":"open","ping_status":"open","sticky":false,"template":"","format":"standard","meta":{"footnotes":""},"categories":[460,167,14],"tags":[4580,18994,19322,9933,15598,19324,2881,19323,19321,2031],"class_list":["post-85689","post","type-post","status-publish","format-standard","has-post-thumbnail","hentry","category-a-la-une","category-saint-die-des-vosges","category-sport","tag-courir-a-raon","tag-course-nature","tag-denivele-positif","tag-la-cabane-au-darou","tag-montee-des-schlitteurs","tag-rendez-vous-sportif-de-fin-dannee","tag-saint-die-des-vosges","tag-sapin-sec","tag-sentier-des-schlitteurs-de-lormont","tag-trail"],"acf":[],"yoast_head":"<!-- This site is optimized with the Yoast SEO plugin v22.5 - https:\/\/yoast.com\/wordpress\/plugins\/seo\/ -->\n<title>Se mesurer \u00e0 la Mont\u00e9e des Schlitteurs pour finir l\u2019ann\u00e9e en beaut\u00e9 - Saint Die Info<\/title>\n<meta name=\"robots\" content=\"index, follow, max-snippet:-1, max-image-preview:large, max-video-preview:-1\" \/>\n<link rel=\"canonical\" href=\"https:\/\/vosgesinfo.fr\/saintdieinfo\/2025\/12\/se-mesurer-a-la-montee-des-schlitteurs-pour-finir-lannee-en-beaute\/\" \/>\n<meta name=\"twitter:card\" content=\"summary_large_image\" \/>\n<meta name=\"twitter:title\" content=\"Se mesurer \u00e0 la Mont\u00e9e des Schlitteurs pour finir l\u2019ann\u00e9e en beaut\u00e9 - Saint Die Info\" \/>\n<meta name=\"twitter:description\" content=\"L\u2019association Courir \u00e0 Raon invite les courageuses et courageux \u00e0 s\u2019aligner sur la Mont\u00e9e des Schlitteurs, qui sera de retour [&hellip;]\" \/>\n<meta name=\"twitter:image\" content=\"https:\/\/vosgesinfo.fr\/app\/uploads\/sites\/4\/2024\/12\/montee-des-schlitteurs-2024-4.jpg\" \/>\n<meta name=\"twitter:creator\" content=\"@VosgesInfo88\" \/>\n<meta name=\"twitter:site\" content=\"@VosgesInfo88\" \/>\n<meta name=\"twitter:label1\" content=\"\u00c9crit par\" \/>\n\t<meta name=\"twitter:data1\" content=\"J.J.\" \/>\n\t<meta name=\"twitter:label2\" content=\"Dur\u00e9e de lecture estim\u00e9e\" \/>\n\t<meta name=\"twitter:data2\" content=\"1 minute\" \/>\n<script type=\"application\/ld+json\" class=\"yoast-schema-graph\">{\"@context\":\"https:\/\/schema.org\",\"@graph\":[{\"@type\":\"Article\",\"@id\":\"https:\/\/vosgesinfo.fr\/saintdieinfo\/2025\/12\/se-mesurer-a-la-montee-des-schlitteurs-pour-finir-lannee-en-beaute\/#article\",\"isPartOf\":{\"@id\":\"https:\/\/vosgesinfo.fr\/saintdieinfo\/2025\/12\/se-mesurer-a-la-montee-des-schlitteurs-pour-finir-lannee-en-beaute\/\"},\"author\":{\"name\":\"J.J.\",\"@id\":\"https:\/\/vosgesinfo.fr\/saintdieinfo\/#\/schema\/person\/fa73e9f726d67bb88f46d5b7943cb572\"},\"headline\":\"Se mesurer \u00e0 la Mont\u00e9e des Schlitteurs pour finir l\u2019ann\u00e9e en beaut\u00e9\",\"datePublished\":\"2025-12-09T09:23:24+00:00\",\"dateModified\":\"2025-12-09T09:18:30+00:00\",\"mainEntityOfPage\":{\"@id\":\"https:\/\/vosgesinfo.fr\/saintdieinfo\/2025\/12\/se-mesurer-a-la-montee-des-schlitteurs-pour-finir-lannee-en-beaute\/\"},\"wordCount\":242,\"commentCount\":0,\"publisher\":{\"@id\":\"https:\/\/vosgesinfo.fr\/saintdieinfo\/#organization\"},\"image\":{\"@id\":\"https:\/\/vosgesinfo.fr\/saintdieinfo\/2025\/12\/se-mesurer-a-la-montee-des-schlitteurs-pour-finir-lannee-en-beaute\/#primaryimage\"},\"thumbnailUrl\":\"https:\/\/vosgesinfo.fr\/app\/uploads\/sites\/4\/2024\/12\/montee-des-schlitteurs-2024-4.jpg\",\"keywords\":[\"Courir \u00e0 Raon\",\"course nature\",\"d\u00e9nivel\u00e9 positif\",\"La Cabane au Darou\",\"Mont\u00e9e des Schlitteurs\",\"rendez-vous sportif de fin d\u2019ann\u00e9e\",\"Saint-Di\u00e9-des-Vosges\",\"Sapin Sec\",\"sentier des Schlitteurs de l\u2019Ormont\",\"trail\"],\"articleSection\":[\"A la Une\",\"Saint-Di\u00e9-des-Vosges\",\"Sport\"],\"inLanguage\":\"fr-FR\",\"potentialAction\":[{\"@type\":\"CommentAction\",\"name\":\"Comment\",\"target\":[\"https:\/\/vosgesinfo.fr\/saintdieinfo\/2025\/12\/se-mesurer-a-la-montee-des-schlitteurs-pour-finir-lannee-en-beaute\/#respond\"]}]},{\"@type\":\"WebPage\",\"@id\":\"https:\/\/vosgesinfo.fr\/saintdieinfo\/2025\/12\/se-mesurer-a-la-montee-des-schlitteurs-pour-finir-lannee-en-beaute\/\",\"url\":\"https:\/\/vosgesinfo.fr\/saintdieinfo\/2025\/12\/se-mesurer-a-la-montee-des-schlitteurs-pour-finir-lannee-en-beaute\/\",\"name\":\"Se mesurer \u00e0 la Mont\u00e9e des Schlitteurs pour finir l\u2019ann\u00e9e en beaut\u00e9 - Saint Die Info\",\"isPartOf\":{\"@id\":\"https:\/\/vosgesinfo.fr\/saintdieinfo\/#website\"},\"primaryImageOfPage\":{\"@id\":\"https:\/\/vosgesinfo.fr\/saintdieinfo\/2025\/12\/se-mesurer-a-la-montee-des-schlitteurs-pour-finir-lannee-en-beaute\/#primaryimage\"},\"image\":{\"@id\":\"https:\/\/vosgesinfo.fr\/saintdieinfo\/2025\/12\/se-mesurer-a-la-montee-des-schlitteurs-pour-finir-lannee-en-beaute\/#primaryimage\"},\"thumbnailUrl\":\"https:\/\/vosgesinfo.fr\/app\/uploads\/sites\/4\/2024\/12\/montee-des-schlitteurs-2024-4.jpg\",\"datePublished\":\"2025-12-09T09:23:24+00:00\",\"dateModified\":\"2025-12-09T09:18:30+00:00\",\"breadcrumb\":{\"@id\":\"https:\/\/vosgesinfo.fr\/saintdieinfo\/2025\/12\/se-mesurer-a-la-montee-des-schlitteurs-pour-finir-lannee-en-beaute\/#breadcrumb\"},\"inLanguage\":\"fr-FR\",\"potentialAction\":[{\"@type\":\"ReadAction\",\"target\":[\"https:\/\/vosgesinfo.fr\/saintdieinfo\/2025\/12\/se-mesurer-a-la-montee-des-schlitteurs-pour-finir-lannee-en-beaute\/\"]}]},{\"@type\":\"ImageObject\",\"inLanguage\":\"fr-FR\",\"@id\":\"https:\/\/vosgesinfo.fr\/saintdieinfo\/2025\/12\/se-mesurer-a-la-montee-des-schlitteurs-pour-finir-lannee-en-beaute\/#primaryimage\",\"url\":\"https:\/\/vosgesinfo.fr\/app\/uploads\/sites\/4\/2024\/12\/montee-des-schlitteurs-2024-4.jpg\",\"contentUrl\":\"https:\/\/vosgesinfo.fr\/app\/uploads\/sites\/4\/2024\/12\/montee-des-schlitteurs-2024-4.jpg\",\"width\":1200,\"height\":800,\"caption\":\"(Archive)\"},{\"@type\":\"BreadcrumbList\",\"@id\":\"https:\/\/vosgesinfo.fr\/saintdieinfo\/2025\/12\/se-mesurer-a-la-montee-des-schlitteurs-pour-finir-lannee-en-beaute\/#breadcrumb\",\"itemListElement\":[{\"@type\":\"ListItem\",\"position\":1,\"name\":\"Home\",\"item\":\"https:\/\/vosgesinfo.fr\/saintdieinfo\/\"},{\"@type\":\"ListItem\",\"position\":2,\"name\":\"Se mesurer \u00e0 la Mont\u00e9e des Schlitteurs pour finir l\u2019ann\u00e9e en beaut\u00e9\"}]},{\"@type\":\"WebSite\",\"@id\":\"https:\/\/vosgesinfo.fr\/saintdieinfo\/#website\",\"url\":\"https:\/\/vosgesinfo.fr\/saintdieinfo\/\",\"name\":\"Saint Die Info\",\"description\":\"Toute l&#039;actualit\u00e9 de Saint-Di\u00e9-Des-Vosges\",\"publisher\":{\"@id\":\"https:\/\/vosgesinfo.fr\/saintdieinfo\/#organization\"},\"alternateName\":\"Toute l'actualit\u00e9 de Saint-Di\u00e9-Des-Vosges\",\"potentialAction\":[{\"@type\":\"SearchAction\",\"target\":{\"@type\":\"EntryPoint\",\"urlTemplate\":\"https:\/\/vosgesinfo.fr\/saintdieinfo\/?s={search_term_string}\"},\"query-input\":\"required name=search_term_string\"}],\"inLanguage\":\"fr-FR\"},{\"@type\":\"Organization\",\"@id\":\"https:\/\/vosgesinfo.fr\/saintdieinfo\/#organization\",\"name\":\"Saint Die Info\",\"url\":\"https:\/\/vosgesinfo.fr\/saintdieinfo\/\",\"logo\":{\"@type\":\"ImageObject\",\"inLanguage\":\"fr-FR\",\"@id\":\"https:\/\/vosgesinfo.fr\/saintdieinfo\/#\/schema\/logo\/image\/\",\"url\":\"https:\/\/vosgesinfo.fr\/app\/uploads\/sites\/4\/2024\/02\/logo-sdi.jpg\",\"contentUrl\":\"https:\/\/vosgesinfo.fr\/app\/uploads\/sites\/4\/2024\/02\/logo-sdi.jpg\",\"width\":600,\"height\":600,\"caption\":\"Saint Die Info\"},\"image\":{\"@id\":\"https:\/\/vosgesinfo.fr\/saintdieinfo\/#\/schema\/logo\/image\/\"},\"sameAs\":[\"https:\/\/www.facebook.com\/Saintdieinfofr\",\"https:\/\/x.com\/VosgesInfo88\",\"https:\/\/www.youtube.com\/@vosgesinfo\"]},{\"@type\":\"Person\",\"@id\":\"https:\/\/vosgesinfo.fr\/saintdieinfo\/#\/schema\/person\/fa73e9f726d67bb88f46d5b7943cb572\",\"name\":\"J.J.\",\"image\":{\"@type\":\"ImageObject\",\"inLanguage\":\"fr-FR\",\"@id\":\"https:\/\/vosgesinfo.fr\/saintdieinfo\/#\/schema\/person\/image\/\",\"url\":\"https:\/\/secure.gravatar.com\/avatar\/219e749e47ffbcca018a360ae4add7d4cdf1cdaaf8bc7676b27efade3fe65615?s=96&d=mm&r=g\",\"contentUrl\":\"https:\/\/secure.gravatar.com\/avatar\/219e749e47ffbcca018a360ae4add7d4cdf1cdaaf8bc7676b27efade3fe65615?s=96&d=mm&r=g\",\"caption\":\"J.J.\"},\"url\":\"https:\/\/vosgesinfo.fr\/saintdieinfo\/author\/j-j\/\"}]}<\/script>\n<!-- \/ Yoast SEO plugin. -->","yoast_head_json":{"title":"Se mesurer \u00e0 la Mont\u00e9e des Schlitteurs pour finir l\u2019ann\u00e9e en beaut\u00e9 - Saint Die Info","robots":{"index":"index","follow":"follow","max-snippet":"max-snippet:-1","max-image-preview":"max-image-preview:large","max-video-preview":"max-video-preview:-1"},"canonical":"https:\/\/vosgesinfo.fr\/saintdieinfo\/2025\/12\/se-mesurer-a-la-montee-des-schlitteurs-pour-finir-lannee-en-beaute\/","twitter_card":"summary_large_image","twitter_title":"Se mesurer \u00e0 la Mont\u00e9e des Schlitteurs pour finir l\u2019ann\u00e9e en beaut\u00e9 - Saint Die Info","twitter_description":"L\u2019association Courir \u00e0 Raon invite les courageuses et courageux \u00e0 s\u2019aligner sur la Mont\u00e9e des Schlitteurs, qui sera de retour [&hellip;]","twitter_image":"https:\/\/vosgesinfo.fr\/app\/uploads\/sites\/4\/2024\/12\/montee-des-schlitteurs-2024-4.jpg","twitter_creator":"@VosgesInfo88","twitter_site":"@VosgesInfo88","twitter_misc":{"\u00c9crit par":"J.J.","Dur\u00e9e de lecture estim\u00e9e":"1 minute"},"schema":{"@context":"https:\/\/schema.org","@graph":[{"@type":"Article","@id":"https:\/\/vosgesinfo.fr\/saintdieinfo\/2025\/12\/se-mesurer-a-la-montee-des-schlitteurs-pour-finir-lannee-en-beaute\/#article","isPartOf":{"@id":"https:\/\/vosgesinfo.fr\/saintdieinfo\/2025\/12\/se-mesurer-a-la-montee-des-schlitteurs-pour-finir-lannee-en-beaute\/"},"author":{"name":"J.J.","@id":"https:\/\/vosgesinfo.fr\/saintdieinfo\/#\/schema\/person\/fa73e9f726d67bb88f46d5b7943cb572"},"headline":"Se mesurer \u00e0 la Mont\u00e9e des Schlitteurs pour finir l\u2019ann\u00e9e en beaut\u00e9","datePublished":"2025-12-09T09:23:24+00:00","dateModified":"2025-12-09T09:18:30+00:00","mainEntityOfPage":{"@id":"https:\/\/vosgesinfo.fr\/saintdieinfo\/2025\/12\/se-mesurer-a-la-montee-des-schlitteurs-pour-finir-lannee-en-beaute\/"},"wordCount":242,"commentCount":0,"publisher":{"@id":"https:\/\/vosgesinfo.fr\/saintdieinfo\/#organization"},"image":{"@id":"https:\/\/vosgesinfo.fr\/saintdieinfo\/2025\/12\/se-mesurer-a-la-montee-des-schlitteurs-pour-finir-lannee-en-beaute\/#primaryimage"},"thumbnailUrl":"https:\/\/vosgesinfo.fr\/app\/uploads\/sites\/4\/2024\/12\/montee-des-schlitteurs-2024-4.jpg","keywords":["Courir \u00e0 Raon","course nature","d\u00e9nivel\u00e9 positif","La Cabane au Darou","Mont\u00e9e des Schlitteurs","rendez-vous sportif de fin d\u2019ann\u00e9e","Saint-Di\u00e9-des-Vosges","Sapin Sec","sentier des Schlitteurs de l\u2019Ormont","trail"],"articleSection":["A la Une","Saint-Di\u00e9-des-Vosges","Sport"],"inLanguage":"fr-FR","potentialAction":[{"@type":"CommentAction","name":"Comment","target":["https:\/\/vosgesinfo.fr\/saintdieinfo\/2025\/12\/se-mesurer-a-la-montee-des-schlitteurs-pour-finir-lannee-en-beaute\/#respond"]}]},{"@type":"WebPage","@id":"https:\/\/vosgesinfo.fr\/saintdieinfo\/2025\/12\/se-mesurer-a-la-montee-des-schlitteurs-pour-finir-lannee-en-beaute\/","url":"https:\/\/vosgesinfo.fr\/saintdieinfo\/2025\/12\/se-mesurer-a-la-montee-des-schlitteurs-pour-finir-lannee-en-beaute\/","name":"Se mesurer \u00e0 la Mont\u00e9e des Schlitteurs pour finir l\u2019ann\u00e9e en beaut\u00e9 - Saint Die Info","isPartOf":{"@id":"https:\/\/vosgesinfo.fr\/saintdieinfo\/#website"},"primaryImageOfPage":{"@id":"https:\/\/vosgesinfo.fr\/saintdieinfo\/2025\/12\/se-mesurer-a-la-montee-des-schlitteurs-pour-finir-lannee-en-beaute\/#primaryimage"},"image":{"@id":"https:\/\/vosgesinfo.fr\/saintdieinfo\/2025\/12\/se-mesurer-a-la-montee-des-schlitteurs-pour-finir-lannee-en-beaute\/#primaryimage"},"thumbnailUrl":"https:\/\/vosgesinfo.fr\/app\/uploads\/sites\/4\/2024\/12\/montee-des-schlitteurs-2024-4.jpg","datePublished":"2025-12-09T09:23:24+00:00","dateModified":"2025-12-09T09:18:30+00:00","breadcrumb":{"@id":"https:\/\/vosgesinfo.fr\/saintdieinfo\/2025\/12\/se-mesurer-a-la-montee-des-schlitteurs-pour-finir-lannee-en-beaute\/#breadcrumb"},"inLanguage":"fr-FR","potentialAction":[{"@type":"ReadAction","target":["https:\/\/vosgesinfo.fr\/saintdieinfo\/2025\/12\/se-mesurer-a-la-montee-des-schlitteurs-pour-finir-lannee-en-beaute\/"]}]},{"@type":"ImageObject","inLanguage":"fr-FR","@id":"https:\/\/vosgesinfo.fr\/saintdieinfo\/2025\/12\/se-mesurer-a-la-montee-des-schlitteurs-pour-finir-lannee-en-beaute\/#primaryimage","url":"https:\/\/vosgesinfo.fr\/app\/uploads\/sites\/4\/2024\/12\/montee-des-schlitteurs-2024-4.jpg","contentUrl":"https:\/\/vosgesinfo.fr\/app\/uploads\/sites\/4\/2024\/12\/montee-des-schlitteurs-2024-4.jpg","width":1200,"height":800,"caption":"(Archive)"},{"@type":"BreadcrumbList","@id":"https:\/\/vosgesinfo.fr\/saintdieinfo\/2025\/12\/se-mesurer-a-la-montee-des-schlitteurs-pour-finir-lannee-en-beaute\/#breadcrumb","itemListElement":[{"@type":"ListItem","position":1,"name":"Home","item":"https:\/\/vosgesinfo.fr\/saintdieinfo\/"},{"@type":"ListItem","position":2,"name":"Se mesurer \u00e0 la Mont\u00e9e des Schlitteurs pour finir l\u2019ann\u00e9e en beaut\u00e9"}]},{"@type":"WebSite","@id":"https:\/\/vosgesinfo.fr\/saintdieinfo\/#website","url":"https:\/\/vosgesinfo.fr\/saintdieinfo\/","name":"Saint Die Info","description":"Toute l&#039;actualit\u00e9 de Saint-Di\u00e9-Des-Vosges","publisher":{"@id":"https:\/\/vosgesinfo.fr\/saintdieinfo\/#organization"},"alternateName":"Toute l'actualit\u00e9 de Saint-Di\u00e9-Des-Vosges","potentialAction":[{"@type":"SearchAction","target":{"@type":"EntryPoint","urlTemplate":"https:\/\/vosgesinfo.fr\/saintdieinfo\/?s={search_term_string}"},"query-input":"required name=search_term_string"}],"inLanguage":"fr-FR"},{"@type":"Organization","@id":"https:\/\/vosgesinfo.fr\/saintdieinfo\/#organization","name":"Saint Die Info","url":"https:\/\/vosgesinfo.fr\/saintdieinfo\/","logo":{"@type":"ImageObject","inLanguage":"fr-FR","@id":"https:\/\/vosgesinfo.fr\/saintdieinfo\/#\/schema\/logo\/image\/","url":"https:\/\/vosgesinfo.fr\/app\/uploads\/sites\/4\/2024\/02\/logo-sdi.jpg","contentUrl":"https:\/\/vosgesinfo.fr\/app\/uploads\/sites\/4\/2024\/02\/logo-sdi.jpg","width":600,"height":600,"caption":"Saint Die Info"},"image":{"@id":"https:\/\/vosgesinfo.fr\/saintdieinfo\/#\/schema\/logo\/image\/"},"sameAs":["https:\/\/www.facebook.com\/Saintdieinfofr","https:\/\/x.com\/VosgesInfo88","https:\/\/www.youtube.com\/@vosgesinfo"]},{"@type":"Person","@id":"https:\/\/vosgesinfo.fr\/saintdieinfo\/#\/schema\/person\/fa73e9f726d67bb88f46d5b7943cb572","name":"J.J.","image":{"@type":"ImageObject","inLanguage":"fr-FR","@id":"https:\/\/vosgesinfo.fr\/saintdieinfo\/#\/schema\/person\/image\/","url":"https:\/\/secure.gravatar.com\/avatar\/219e749e47ffbcca018a360ae4add7d4cdf1cdaaf8bc7676b27efade3fe65615?s=96&d=mm&r=g","contentUrl":"https:\/\/secure.gravatar.com\/avatar\/219e749e47ffbcca018a360ae4add7d4cdf1cdaaf8bc7676b27efade3fe65615?s=96&d=mm&r=g","caption":"J.J."},"url":"https:\/\/vosgesinfo.fr\/saintdieinfo\/author\/j-j\/"}]}},"_links":{"self":[{"href":"https:\/\/vosgesinfo.fr\/saintdieinfo\/wp-json\/wp\/v2\/posts\/85689","targetHints":{"allow":["GET"]}}],"collection":[{"href":"https:\/\/vosgesinfo.fr\/saintdieinfo\/wp-json\/wp\/v2\/posts"}],"about":[{"href":"https:\/\/vosgesinfo.fr\/saintdieinfo\/wp-json\/wp\/v2\/types\/post"}],"author":[{"embeddable":true,"href":"https:\/\/vosgesinfo.fr\/saintdieinfo\/wp-json\/wp\/v2\/users\/46"}],"replies":[{"embeddable":true,"href":"https:\/\/vosgesinfo.fr\/saintdieinfo\/wp-json\/wp\/v2\/comments?post=85689"}],"version-history":[{"count":2,"href":"https:\/\/vosgesinfo.fr\/saintdieinfo\/wp-json\/wp\/v2\/posts\/85689\/revisions"}],"predecessor-version":[{"id":85693,"href":"https:\/\/vosgesinfo.fr\/saintdieinfo\/wp-json\/wp\/v2\/posts\/85689\/revisions\/85693"}],"wp:featuredmedia":[{"embeddable":true,"href":"https:\/\/vosgesinfo.fr\/saintdieinfo\/wp-json\/wp\/v2\/media\/72216"}],"wp:attachment":[{"href":"https:\/\/vosgesinfo.fr\/saintdieinfo\/wp-json\/wp\/v2\/media?parent=85689"}],"wp:term":[{"taxonomy":"category","embeddable":true,"href":"https:\/\/vosgesinfo.fr\/saintdieinfo\/wp-json\/wp\/v2\/categories?post=85689"},{"taxonomy":"post_tag","embeddable":true,"href":"https:\/\/vosgesinfo.fr\/saintdieinfo\/wp-json\/wp\/v2\/tags?post=85689"}],"curies":[{"name":"wp","href":"https:\/\/api.w.org\/{rel}","templated":true}]}}