{"id":85697,"date":"2025-12-09T10:43:01","date_gmt":"2025-12-09T09:43:01","guid":{"rendered":"https:\/\/vosgesinfo.fr\/saintdieinfo\/?p=85697"},"modified":"2025-12-09T10:38:25","modified_gmt":"2025-12-09T09:38:25","slug":"collecte-de-sang-a-saint-die-des-vosges-mardi-23-decembre","status":"publish","type":"post","link":"https:\/\/vosgesinfo.fr\/saintdieinfo\/2025\/12\/collecte-de-sang-a-saint-die-des-vosges-mardi-23-decembre\/","title":{"rendered":"Collecte de sang \u00e0 Saint-Di\u00e9-des-Vosges mardi 23 d\u00e9cembre"},"content":{"rendered":"<div id=\"attachment_72526\" style=\"width: 778px\" class=\"wp-caption alignnone\"><a href=\"https:\/\/vosgesinfo.fr\/app\/uploads\/sites\/4\/2025\/01\/bilan-don-du-sang-sddv-2024-2.jpg\"><img decoding=\"async\" aria-describedby=\"caption-attachment-72526\" class=\"size-large wp-image-72526\" src=\"https:\/\/vosgesinfo.fr\/app\/uploads\/sites\/4\/2025\/01\/bilan-don-du-sang-sddv-2024-2-768x1024.jpg\" alt=\"\" width=\"768\" height=\"1024\" srcset=\"https:\/\/vosgesinfo.fr\/app\/uploads\/sites\/4\/2025\/01\/bilan-don-du-sang-sddv-2024-2-768x1024.jpg 768w, https:\/\/vosgesinfo.fr\/app\/uploads\/sites\/4\/2025\/01\/bilan-don-du-sang-sddv-2024-2-225x300.jpg 225w, https:\/\/vosgesinfo.fr\/app\/uploads\/sites\/4\/2025\/01\/bilan-don-du-sang-sddv-2024-2-1152x1536.jpg 1152w, https:\/\/vosgesinfo.fr\/app\/uploads\/sites\/4\/2025\/01\/bilan-don-du-sang-sddv-2024-2.jpg 1344w\" sizes=\"(max-width: 768px) 100vw, 768px\" \/><\/a><p id=\"caption-attachment-72526\" class=\"wp-caption-text\">Comme l&rsquo;an dernier, Lola Fertig sera pr\u00e9sente pour la derni\u00e8re collecte de sang de l&rsquo;ann\u00e9e \u00e0 Saint-Di\u00e9-des-Vosges. (Archive)<\/p><\/div>\n<h2>La prochaine collecte de sang organis\u00e9e \u00e0 Saint-Di\u00e9-des-Vosges par l\u2019<strong data-start=\"450\" data-end=\"502\">\u00c9tablissement Fran\u00e7ais du Sang \u2013 EFS \u2013 Grand Est<\/strong>, avec le soutien de l\u2019<strong data-start=\"525\" data-end=\"574\">amicale locale des Donneurs de Sang b\u00e9n\u00e9voles<\/strong>, aura lieu le mardi 23 d\u00e9cembre, de <strong data-start=\"611\" data-end=\"628\">15h30 \u00e0 19h30<\/strong> \u00e0 la <strong data-start=\"634\" data-end=\"653\">salle Carbonnar<\/strong> (27, place de l\u2019Europe).<\/h2>\n<p><!--more--><\/p>\n<p>Cette derni\u00e8re collecte d\u00e9odatienne de l&rsquo;ann\u00e9e verra la visite de <strong data-start=\"747\" data-end=\"762\">Lola Fertig<\/strong>, <strong data-start=\"764\" data-end=\"800\" data-is-only-node=\"\">Premi\u00e8re Dauphine de Miss Vosges<\/strong>. Pour prendre rendez-vous, facultatif mais conseill\u00e9, rendez-vous sur <a class=\"decorated-link\" href=\"https:\/\/dondesang.efs.sante.fr\" target=\"_blank\" rel=\"noopener\" data-start=\"871\" data-end=\"901\">https:\/\/dondesang.efs.sante.fr<\/a>, en sachant que cette collecte s\u2019inscrit dans le cadre du <strong data-start=\"960\" data-end=\"986\">quatri\u00e8me D\u00e9fi du Sang<\/strong>, qui se poursuit jusqu\u2019au <strong data-start=\"1013\" data-end=\"1027\">22 janvier<\/strong> prochain.<\/p>\n<p><a href=\"https:\/\/vosgesinfo.fr\/app\/uploads\/sites\/4\/2025\/12\/don-de-sang-23122025.jpg\"><img decoding=\"async\" class=\"alignnone size-large wp-image-85700\" src=\"https:\/\/vosgesinfo.fr\/app\/uploads\/sites\/4\/2025\/12\/don-de-sang-23122025-724x1024.jpg\" alt=\"\" width=\"724\" height=\"1024\" srcset=\"https:\/\/vosgesinfo.fr\/app\/uploads\/sites\/4\/2025\/12\/don-de-sang-23122025-724x1024.jpg 724w, https:\/\/vosgesinfo.fr\/app\/uploads\/sites\/4\/2025\/12\/don-de-sang-23122025-212x300.jpg 212w, https:\/\/vosgesinfo.fr\/app\/uploads\/sites\/4\/2025\/12\/don-de-sang-23122025.jpg 764w\" sizes=\"(max-width: 724px) 100vw, 724px\" \/><\/a><\/p>\n","protected":false},"excerpt":{"rendered":"<p>La prochaine collecte de sang organis\u00e9e \u00e0 Saint-Di\u00e9-des-Vosges par l\u2019\u00c9tablissement Fran\u00e7ais du Sang \u2013 EFS \u2013 Grand Est, avec le [&hellip;]<\/p>\n","protected":false},"author":46,"featured_media":85699,"comment_status":"open","ping_status":"open","sticky":false,"template":"","format":"standard","meta":{"footnotes":""},"categories":[3900,167,4152,29,17],"tags":[493,3229,118,19330,3196,4199,6307,16578,2881,3571],"class_list":["post-85697","post","type-post","status-publish","format-standard","has-post-thumbnail","hentry","category-breves","category-saint-die-des-vosges","category-sante","category-solidarite","category-vie-associative","tag-collecte-de-sang","tag-defi-du-sang","tag-don-du-sang","tag-don-du-sang-saint-die-des-vosges","tag-efs-grand-est","tag-etablissement-francais-du-sang","tag-lola-fertig","tag-miss-vosges","tag-saint-die-des-vosges","tag-salle-carbonnar"],"acf":[],"yoast_head":"<!-- This site is optimized with the Yoast SEO plugin v22.5 - https:\/\/yoast.com\/wordpress\/plugins\/seo\/ -->\n<title>Collecte de sang \u00e0 Saint-Di\u00e9-des-Vosges mardi 23 d\u00e9cembre - Saint Die Info<\/title>\n<meta name=\"robots\" content=\"index, follow, max-snippet:-1, max-image-preview:large, max-video-preview:-1\" \/>\n<link rel=\"canonical\" href=\"https:\/\/vosgesinfo.fr\/saintdieinfo\/2025\/12\/collecte-de-sang-a-saint-die-des-vosges-mardi-23-decembre\/\" \/>\n<meta name=\"twitter:card\" content=\"summary_large_image\" \/>\n<meta name=\"twitter:title\" content=\"Collecte de sang \u00e0 Saint-Di\u00e9-des-Vosges mardi 23 d\u00e9cembre - Saint Die Info\" \/>\n<meta name=\"twitter:description\" content=\"La prochaine collecte de sang organis\u00e9e \u00e0 Saint-Di\u00e9-des-Vosges par l\u2019\u00c9tablissement Fran\u00e7ais du Sang \u2013 EFS \u2013 Grand Est, avec le [&hellip;]\" \/>\n<meta name=\"twitter:image\" content=\"https:\/\/vosgesinfo.fr\/app\/uploads\/sites\/4\/2025\/12\/lola-fertig-don-de-sang.jpg\" \/>\n<meta name=\"twitter:creator\" content=\"@VosgesInfo88\" \/>\n<meta name=\"twitter:site\" content=\"@VosgesInfo88\" \/>\n<meta name=\"twitter:label1\" content=\"\u00c9crit par\" \/>\n\t<meta name=\"twitter:data1\" content=\"J.J.\" \/>\n<script type=\"application\/ld+json\" class=\"yoast-schema-graph\">{\"@context\":\"https:\/\/schema.org\",\"@graph\":[{\"@type\":\"Article\",\"@id\":\"https:\/\/vosgesinfo.fr\/saintdieinfo\/2025\/12\/collecte-de-sang-a-saint-die-des-vosges-mardi-23-decembre\/#article\",\"isPartOf\":{\"@id\":\"https:\/\/vosgesinfo.fr\/saintdieinfo\/2025\/12\/collecte-de-sang-a-saint-die-des-vosges-mardi-23-decembre\/\"},\"author\":{\"name\":\"J.J.\",\"@id\":\"https:\/\/vosgesinfo.fr\/saintdieinfo\/#\/schema\/person\/fa73e9f726d67bb88f46d5b7943cb572\"},\"headline\":\"Collecte de sang \u00e0 Saint-Di\u00e9-des-Vosges mardi 23 d\u00e9cembre\",\"datePublished\":\"2025-12-09T09:43:01+00:00\",\"dateModified\":\"2025-12-09T09:38:25+00:00\",\"mainEntityOfPage\":{\"@id\":\"https:\/\/vosgesinfo.fr\/saintdieinfo\/2025\/12\/collecte-de-sang-a-saint-die-des-vosges-mardi-23-decembre\/\"},\"wordCount\":146,\"commentCount\":0,\"publisher\":{\"@id\":\"https:\/\/vosgesinfo.fr\/saintdieinfo\/#organization\"},\"image\":{\"@id\":\"https:\/\/vosgesinfo.fr\/saintdieinfo\/2025\/12\/collecte-de-sang-a-saint-die-des-vosges-mardi-23-decembre\/#primaryimage\"},\"thumbnailUrl\":\"https:\/\/vosgesinfo.fr\/app\/uploads\/sites\/4\/2025\/12\/lola-fertig-don-de-sang.jpg\",\"keywords\":[\"collecte de sang\",\"D\u00e9fi du Sang\",\"Don du sang\",\"don du sang Saint-Di\u00e9-des-Vosges\",\"EFS Grand Est\",\"Etablissement Fran\u00e7ais du Sang\",\"Lola Fertig\",\"Miss Vosges\",\"Saint-Di\u00e9-des-Vosges\",\"Salle Carbonnar\"],\"articleSection\":[\"Br\u00e8ves\",\"Saint-Di\u00e9-des-Vosges\",\"Sant\u00e9\",\"Solidarit\u00e9\",\"Vie Associative\"],\"inLanguage\":\"fr-FR\",\"potentialAction\":[{\"@type\":\"CommentAction\",\"name\":\"Comment\",\"target\":[\"https:\/\/vosgesinfo.fr\/saintdieinfo\/2025\/12\/collecte-de-sang-a-saint-die-des-vosges-mardi-23-decembre\/#respond\"]}]},{\"@type\":\"WebPage\",\"@id\":\"https:\/\/vosgesinfo.fr\/saintdieinfo\/2025\/12\/collecte-de-sang-a-saint-die-des-vosges-mardi-23-decembre\/\",\"url\":\"https:\/\/vosgesinfo.fr\/saintdieinfo\/2025\/12\/collecte-de-sang-a-saint-die-des-vosges-mardi-23-decembre\/\",\"name\":\"Collecte de sang \u00e0 Saint-Di\u00e9-des-Vosges mardi 23 d\u00e9cembre - Saint Die Info\",\"isPartOf\":{\"@id\":\"https:\/\/vosgesinfo.fr\/saintdieinfo\/#website\"},\"primaryImageOfPage\":{\"@id\":\"https:\/\/vosgesinfo.fr\/saintdieinfo\/2025\/12\/collecte-de-sang-a-saint-die-des-vosges-mardi-23-decembre\/#primaryimage\"},\"image\":{\"@id\":\"https:\/\/vosgesinfo.fr\/saintdieinfo\/2025\/12\/collecte-de-sang-a-saint-die-des-vosges-mardi-23-decembre\/#primaryimage\"},\"thumbnailUrl\":\"https:\/\/vosgesinfo.fr\/app\/uploads\/sites\/4\/2025\/12\/lola-fertig-don-de-sang.jpg\",\"datePublished\":\"2025-12-09T09:43:01+00:00\",\"dateModified\":\"2025-12-09T09:38:25+00:00\",\"breadcrumb\":{\"@id\":\"https:\/\/vosgesinfo.fr\/saintdieinfo\/2025\/12\/collecte-de-sang-a-saint-die-des-vosges-mardi-23-decembre\/#breadcrumb\"},\"inLanguage\":\"fr-FR\",\"potentialAction\":[{\"@type\":\"ReadAction\",\"target\":[\"https:\/\/vosgesinfo.fr\/saintdieinfo\/2025\/12\/collecte-de-sang-a-saint-die-des-vosges-mardi-23-decembre\/\"]}]},{\"@type\":\"ImageObject\",\"inLanguage\":\"fr-FR\",\"@id\":\"https:\/\/vosgesinfo.fr\/saintdieinfo\/2025\/12\/collecte-de-sang-a-saint-die-des-vosges-mardi-23-decembre\/#primaryimage\",\"url\":\"https:\/\/vosgesinfo.fr\/app\/uploads\/sites\/4\/2025\/12\/lola-fertig-don-de-sang.jpg\",\"contentUrl\":\"https:\/\/vosgesinfo.fr\/app\/uploads\/sites\/4\/2025\/12\/lola-fertig-don-de-sang.jpg\",\"width\":1417,\"height\":1080,\"caption\":\"Comme l'an dernier, Lola Fertig sera pr\u00e9sente pour la derni\u00e8re collecte de sang de l'ann\u00e9e \u00e0 Saint-Di\u00e9-des-Vosges. (Archive)\"},{\"@type\":\"BreadcrumbList\",\"@id\":\"https:\/\/vosgesinfo.fr\/saintdieinfo\/2025\/12\/collecte-de-sang-a-saint-die-des-vosges-mardi-23-decembre\/#breadcrumb\",\"itemListElement\":[{\"@type\":\"ListItem\",\"position\":1,\"name\":\"Home\",\"item\":\"https:\/\/vosgesinfo.fr\/saintdieinfo\/\"},{\"@type\":\"ListItem\",\"position\":2,\"name\":\"Collecte de sang \u00e0 Saint-Di\u00e9-des-Vosges mardi 23 d\u00e9cembre\"}]},{\"@type\":\"WebSite\",\"@id\":\"https:\/\/vosgesinfo.fr\/saintdieinfo\/#website\",\"url\":\"https:\/\/vosgesinfo.fr\/saintdieinfo\/\",\"name\":\"Saint Die Info\",\"description\":\"Toute l&#039;actualit\u00e9 de Saint-Di\u00e9-Des-Vosges\",\"publisher\":{\"@id\":\"https:\/\/vosgesinfo.fr\/saintdieinfo\/#organization\"},\"alternateName\":\"Toute l'actualit\u00e9 de Saint-Di\u00e9-Des-Vosges\",\"potentialAction\":[{\"@type\":\"SearchAction\",\"target\":{\"@type\":\"EntryPoint\",\"urlTemplate\":\"https:\/\/vosgesinfo.fr\/saintdieinfo\/?s={search_term_string}\"},\"query-input\":\"required name=search_term_string\"}],\"inLanguage\":\"fr-FR\"},{\"@type\":\"Organization\",\"@id\":\"https:\/\/vosgesinfo.fr\/saintdieinfo\/#organization\",\"name\":\"Saint Die Info\",\"url\":\"https:\/\/vosgesinfo.fr\/saintdieinfo\/\",\"logo\":{\"@type\":\"ImageObject\",\"inLanguage\":\"fr-FR\",\"@id\":\"https:\/\/vosgesinfo.fr\/saintdieinfo\/#\/schema\/logo\/image\/\",\"url\":\"https:\/\/vosgesinfo.fr\/app\/uploads\/sites\/4\/2024\/02\/logo-sdi.jpg\",\"contentUrl\":\"https:\/\/vosgesinfo.fr\/app\/uploads\/sites\/4\/2024\/02\/logo-sdi.jpg\",\"width\":600,\"height\":600,\"caption\":\"Saint Die Info\"},\"image\":{\"@id\":\"https:\/\/vosgesinfo.fr\/saintdieinfo\/#\/schema\/logo\/image\/\"},\"sameAs\":[\"https:\/\/www.facebook.com\/Saintdieinfofr\",\"https:\/\/x.com\/VosgesInfo88\",\"https:\/\/www.youtube.com\/@vosgesinfo\"]},{\"@type\":\"Person\",\"@id\":\"https:\/\/vosgesinfo.fr\/saintdieinfo\/#\/schema\/person\/fa73e9f726d67bb88f46d5b7943cb572\",\"name\":\"J.J.\",\"image\":{\"@type\":\"ImageObject\",\"inLanguage\":\"fr-FR\",\"@id\":\"https:\/\/vosgesinfo.fr\/saintdieinfo\/#\/schema\/person\/image\/\",\"url\":\"https:\/\/secure.gravatar.com\/avatar\/219e749e47ffbcca018a360ae4add7d4cdf1cdaaf8bc7676b27efade3fe65615?s=96&d=mm&r=g\",\"contentUrl\":\"https:\/\/secure.gravatar.com\/avatar\/219e749e47ffbcca018a360ae4add7d4cdf1cdaaf8bc7676b27efade3fe65615?s=96&d=mm&r=g\",\"caption\":\"J.J.\"},\"url\":\"https:\/\/vosgesinfo.fr\/saintdieinfo\/author\/j-j\/\"}]}<\/script>\n<!-- \/ Yoast SEO plugin. -->","yoast_head_json":{"title":"Collecte de sang \u00e0 Saint-Di\u00e9-des-Vosges mardi 23 d\u00e9cembre - Saint Die Info","robots":{"index":"index","follow":"follow","max-snippet":"max-snippet:-1","max-image-preview":"max-image-preview:large","max-video-preview":"max-video-preview:-1"},"canonical":"https:\/\/vosgesinfo.fr\/saintdieinfo\/2025\/12\/collecte-de-sang-a-saint-die-des-vosges-mardi-23-decembre\/","twitter_card":"summary_large_image","twitter_title":"Collecte de sang \u00e0 Saint-Di\u00e9-des-Vosges mardi 23 d\u00e9cembre - Saint Die Info","twitter_description":"La prochaine collecte de sang organis\u00e9e \u00e0 Saint-Di\u00e9-des-Vosges par l\u2019\u00c9tablissement Fran\u00e7ais du Sang \u2013 EFS \u2013 Grand Est, avec le [&hellip;]","twitter_image":"https:\/\/vosgesinfo.fr\/app\/uploads\/sites\/4\/2025\/12\/lola-fertig-don-de-sang.jpg","twitter_creator":"@VosgesInfo88","twitter_site":"@VosgesInfo88","twitter_misc":{"\u00c9crit par":"J.J."},"schema":{"@context":"https:\/\/schema.org","@graph":[{"@type":"Article","@id":"https:\/\/vosgesinfo.fr\/saintdieinfo\/2025\/12\/collecte-de-sang-a-saint-die-des-vosges-mardi-23-decembre\/#article","isPartOf":{"@id":"https:\/\/vosgesinfo.fr\/saintdieinfo\/2025\/12\/collecte-de-sang-a-saint-die-des-vosges-mardi-23-decembre\/"},"author":{"name":"J.J.","@id":"https:\/\/vosgesinfo.fr\/saintdieinfo\/#\/schema\/person\/fa73e9f726d67bb88f46d5b7943cb572"},"headline":"Collecte de sang \u00e0 Saint-Di\u00e9-des-Vosges mardi 23 d\u00e9cembre","datePublished":"2025-12-09T09:43:01+00:00","dateModified":"2025-12-09T09:38:25+00:00","mainEntityOfPage":{"@id":"https:\/\/vosgesinfo.fr\/saintdieinfo\/2025\/12\/collecte-de-sang-a-saint-die-des-vosges-mardi-23-decembre\/"},"wordCount":146,"commentCount":0,"publisher":{"@id":"https:\/\/vosgesinfo.fr\/saintdieinfo\/#organization"},"image":{"@id":"https:\/\/vosgesinfo.fr\/saintdieinfo\/2025\/12\/collecte-de-sang-a-saint-die-des-vosges-mardi-23-decembre\/#primaryimage"},"thumbnailUrl":"https:\/\/vosgesinfo.fr\/app\/uploads\/sites\/4\/2025\/12\/lola-fertig-don-de-sang.jpg","keywords":["collecte de sang","D\u00e9fi du Sang","Don du sang","don du sang Saint-Di\u00e9-des-Vosges","EFS Grand Est","Etablissement Fran\u00e7ais du Sang","Lola Fertig","Miss Vosges","Saint-Di\u00e9-des-Vosges","Salle Carbonnar"],"articleSection":["Br\u00e8ves","Saint-Di\u00e9-des-Vosges","Sant\u00e9","Solidarit\u00e9","Vie Associative"],"inLanguage":"fr-FR","potentialAction":[{"@type":"CommentAction","name":"Comment","target":["https:\/\/vosgesinfo.fr\/saintdieinfo\/2025\/12\/collecte-de-sang-a-saint-die-des-vosges-mardi-23-decembre\/#respond"]}]},{"@type":"WebPage","@id":"https:\/\/vosgesinfo.fr\/saintdieinfo\/2025\/12\/collecte-de-sang-a-saint-die-des-vosges-mardi-23-decembre\/","url":"https:\/\/vosgesinfo.fr\/saintdieinfo\/2025\/12\/collecte-de-sang-a-saint-die-des-vosges-mardi-23-decembre\/","name":"Collecte de sang \u00e0 Saint-Di\u00e9-des-Vosges mardi 23 d\u00e9cembre - Saint Die Info","isPartOf":{"@id":"https:\/\/vosgesinfo.fr\/saintdieinfo\/#website"},"primaryImageOfPage":{"@id":"https:\/\/vosgesinfo.fr\/saintdieinfo\/2025\/12\/collecte-de-sang-a-saint-die-des-vosges-mardi-23-decembre\/#primaryimage"},"image":{"@id":"https:\/\/vosgesinfo.fr\/saintdieinfo\/2025\/12\/collecte-de-sang-a-saint-die-des-vosges-mardi-23-decembre\/#primaryimage"},"thumbnailUrl":"https:\/\/vosgesinfo.fr\/app\/uploads\/sites\/4\/2025\/12\/lola-fertig-don-de-sang.jpg","datePublished":"2025-12-09T09:43:01+00:00","dateModified":"2025-12-09T09:38:25+00:00","breadcrumb":{"@id":"https:\/\/vosgesinfo.fr\/saintdieinfo\/2025\/12\/collecte-de-sang-a-saint-die-des-vosges-mardi-23-decembre\/#breadcrumb"},"inLanguage":"fr-FR","potentialAction":[{"@type":"ReadAction","target":["https:\/\/vosgesinfo.fr\/saintdieinfo\/2025\/12\/collecte-de-sang-a-saint-die-des-vosges-mardi-23-decembre\/"]}]},{"@type":"ImageObject","inLanguage":"fr-FR","@id":"https:\/\/vosgesinfo.fr\/saintdieinfo\/2025\/12\/collecte-de-sang-a-saint-die-des-vosges-mardi-23-decembre\/#primaryimage","url":"https:\/\/vosgesinfo.fr\/app\/uploads\/sites\/4\/2025\/12\/lola-fertig-don-de-sang.jpg","contentUrl":"https:\/\/vosgesinfo.fr\/app\/uploads\/sites\/4\/2025\/12\/lola-fertig-don-de-sang.jpg","width":1417,"height":1080,"caption":"Comme l'an dernier, Lola Fertig sera pr\u00e9sente pour la derni\u00e8re collecte de sang de l'ann\u00e9e \u00e0 Saint-Di\u00e9-des-Vosges. (Archive)"},{"@type":"BreadcrumbList","@id":"https:\/\/vosgesinfo.fr\/saintdieinfo\/2025\/12\/collecte-de-sang-a-saint-die-des-vosges-mardi-23-decembre\/#breadcrumb","itemListElement":[{"@type":"ListItem","position":1,"name":"Home","item":"https:\/\/vosgesinfo.fr\/saintdieinfo\/"},{"@type":"ListItem","position":2,"name":"Collecte de sang \u00e0 Saint-Di\u00e9-des-Vosges mardi 23 d\u00e9cembre"}]},{"@type":"WebSite","@id":"https:\/\/vosgesinfo.fr\/saintdieinfo\/#website","url":"https:\/\/vosgesinfo.fr\/saintdieinfo\/","name":"Saint Die Info","description":"Toute l&#039;actualit\u00e9 de Saint-Di\u00e9-Des-Vosges","publisher":{"@id":"https:\/\/vosgesinfo.fr\/saintdieinfo\/#organization"},"alternateName":"Toute l'actualit\u00e9 de Saint-Di\u00e9-Des-Vosges","potentialAction":[{"@type":"SearchAction","target":{"@type":"EntryPoint","urlTemplate":"https:\/\/vosgesinfo.fr\/saintdieinfo\/?s={search_term_string}"},"query-input":"required name=search_term_string"}],"inLanguage":"fr-FR"},{"@type":"Organization","@id":"https:\/\/vosgesinfo.fr\/saintdieinfo\/#organization","name":"Saint Die Info","url":"https:\/\/vosgesinfo.fr\/saintdieinfo\/","logo":{"@type":"ImageObject","inLanguage":"fr-FR","@id":"https:\/\/vosgesinfo.fr\/saintdieinfo\/#\/schema\/logo\/image\/","url":"https:\/\/vosgesinfo.fr\/app\/uploads\/sites\/4\/2024\/02\/logo-sdi.jpg","contentUrl":"https:\/\/vosgesinfo.fr\/app\/uploads\/sites\/4\/2024\/02\/logo-sdi.jpg","width":600,"height":600,"caption":"Saint Die Info"},"image":{"@id":"https:\/\/vosgesinfo.fr\/saintdieinfo\/#\/schema\/logo\/image\/"},"sameAs":["https:\/\/www.facebook.com\/Saintdieinfofr","https:\/\/x.com\/VosgesInfo88","https:\/\/www.youtube.com\/@vosgesinfo"]},{"@type":"Person","@id":"https:\/\/vosgesinfo.fr\/saintdieinfo\/#\/schema\/person\/fa73e9f726d67bb88f46d5b7943cb572","name":"J.J.","image":{"@type":"ImageObject","inLanguage":"fr-FR","@id":"https:\/\/vosgesinfo.fr\/saintdieinfo\/#\/schema\/person\/image\/","url":"https:\/\/secure.gravatar.com\/avatar\/219e749e47ffbcca018a360ae4add7d4cdf1cdaaf8bc7676b27efade3fe65615?s=96&d=mm&r=g","contentUrl":"https:\/\/secure.gravatar.com\/avatar\/219e749e47ffbcca018a360ae4add7d4cdf1cdaaf8bc7676b27efade3fe65615?s=96&d=mm&r=g","caption":"J.J."},"url":"https:\/\/vosgesinfo.fr\/saintdieinfo\/author\/j-j\/"}]}},"_links":{"self":[{"href":"https:\/\/vosgesinfo.fr\/saintdieinfo\/wp-json\/wp\/v2\/posts\/85697","targetHints":{"allow":["GET"]}}],"collection":[{"href":"https:\/\/vosgesinfo.fr\/saintdieinfo\/wp-json\/wp\/v2\/posts"}],"about":[{"href":"https:\/\/vosgesinfo.fr\/saintdieinfo\/wp-json\/wp\/v2\/types\/post"}],"author":[{"embeddable":true,"href":"https:\/\/vosgesinfo.fr\/saintdieinfo\/wp-json\/wp\/v2\/users\/46"}],"replies":[{"embeddable":true,"href":"https:\/\/vosgesinfo.fr\/saintdieinfo\/wp-json\/wp\/v2\/comments?post=85697"}],"version-history":[{"count":3,"href":"https:\/\/vosgesinfo.fr\/saintdieinfo\/wp-json\/wp\/v2\/posts\/85697\/revisions"}],"predecessor-version":[{"id":85702,"href":"https:\/\/vosgesinfo.fr\/saintdieinfo\/wp-json\/wp\/v2\/posts\/85697\/revisions\/85702"}],"wp:featuredmedia":[{"embeddable":true,"href":"https:\/\/vosgesinfo.fr\/saintdieinfo\/wp-json\/wp\/v2\/media\/85699"}],"wp:attachment":[{"href":"https:\/\/vosgesinfo.fr\/saintdieinfo\/wp-json\/wp\/v2\/media?parent=85697"}],"wp:term":[{"taxonomy":"category","embeddable":true,"href":"https:\/\/vosgesinfo.fr\/saintdieinfo\/wp-json\/wp\/v2\/categories?post=85697"},{"taxonomy":"post_tag","embeddable":true,"href":"https:\/\/vosgesinfo.fr\/saintdieinfo\/wp-json\/wp\/v2\/tags?post=85697"}],"curies":[{"name":"wp","href":"https:\/\/api.w.org\/{rel}","templated":true}]}}