{"id":85703,"date":"2025-12-09T11:22:34","date_gmt":"2025-12-09T10:22:34","guid":{"rendered":"https:\/\/vosgesinfo.fr\/saintdieinfo\/?p=85703"},"modified":"2025-12-09T11:10:11","modified_gmt":"2025-12-09T10:10:11","slug":"fraize-des-livres-pour-se-relever-le-troisieme-roman-de-felicie-batot-gaudel","status":"publish","type":"post","link":"https:\/\/vosgesinfo.fr\/saintdieinfo\/2025\/12\/fraize-des-livres-pour-se-relever-le-troisieme-roman-de-felicie-batot-gaudel\/","title":{"rendered":"Fraize \u2013 \u00ab Des livres pour se relever \u00bb, le troisi\u00e8me roman de F\u00e9licie Batot Gaudel"},"content":{"rendered":"<h2>Apr\u00e8s <a href=\"https:\/\/vosgesinfo.fr\/saintdieinfo\/2022\/03\/fraize-autour-dun-cafe-premier-roman-de-felicie-batot-gaudel\/\" target=\"_blank\" rel=\"noopener\"><strong>\u00ab\u00a0Autour d&rsquo;un caf\u00e9\u00a0\u00bb<\/strong><\/a> et <a href=\"https:\/\/vosgesinfo.fr\/saintdieinfo\/2023\/10\/fraize-banc-passe-deuxieme-roman-de-felicie-batot-gaudel-2\/\" target=\"_blank\" rel=\"noopener\"><strong>\u00ab\u00a0Sur le banc du pass\u00e9\u00a0\u00bb<\/strong><\/a>, l&rsquo;autrice fraxinienne <strong>F\u00e9licie Batot Gaudel<\/strong> vient de publier son <strong>troisi\u00e8me roman<\/strong>, <strong>\u00ab\u00a0Des livres pour se relever\u00a0\u00bb<\/strong>. \u00c0 travers l\u2019histoire de <strong>Jess<\/strong> et de sa sup\u00e9rieure en apparence bienveillante, le livre aborde de fa\u00e7on directe le <strong>harc\u00e8lement au travail<\/strong> et ses cons\u00e9quences.<\/h2>\n<p><!--more--><\/p>\n<h3><strong>Un r\u00eave qui tourne au cauchemar<\/strong><\/h3>\n<p>Le r\u00e9cit montre comment un poste pr\u00e9sent\u00e9 comme id\u00e9al peut se transformer en <strong>cauchemar<\/strong>, jusqu\u2019au <strong>burn out,<\/strong> tout en rappelant qu\u2019il est possible de s\u2019en relever lorsqu\u2019on est entour\u00e9 des <strong>bonnes personnes<\/strong>. L\u2019autrice souligne aussi que l\u2019image que l\u2019on se fait d\u2019un lieu peut \u00eatre totalement fausse, que la violence n\u2019est pas toujours l\u00e0 o\u00f9 on l\u2019attend et que <strong>les institutions fran\u00e7aises vont mal<\/strong>. Elle \u00e9maille \u00e9galement le texte de nombreuses r\u00e9f\u00e9rences \u00e0 des <strong data-start=\"805\" data-end=\"829\">auteur(e)s et romans<\/strong> qu\u2019elle appr\u00e9cie.<\/p>\n<h3><strong>Un troisi\u00e8me roman en auto-\u00e9dition<\/strong><\/h3>\n<p>Pour ce troisi\u00e8me roman, <strong>F\u00e9licie Batot Gaudel<\/strong> a choisi l\u2019<strong>auto-\u00e9dition<\/strong>, en travaillant avec une <strong>correctrice professionnelle<\/strong>, l\u2019<strong>imprimerie l\u2019Ormont<\/strong> et la <strong>p\u00e9pini\u00e8re d\u2019entreprises de Saint-Di\u00e9-des-Vosges<\/strong>. L\u2019ouvrage compte <strong>157 pages<\/strong> et est propos\u00e9 au prix de <strong>14 euros<\/strong>.<\/p>\n<h3><strong>Comment se procurer le livre ?<\/strong><\/h3>\n<p>\u00ab\u00a0Des livres pour se relever\u00a0\u00bb est disponible \u00e0 l\u2019<strong>espace culturel du Leclerc de Saint-Di\u00e9-des-Vosges<\/strong>, \u00e0 la <strong>librairie Le Neuf<\/strong>, au <strong>PMU de Fraize<\/strong> et au <strong>salon Marion Esth\u00e9tique \u00e0 Anould<\/strong>. Le livre doit prochainement rejoindre la boutique <strong>\u00ab Les fleurs vertes \u00bb<\/strong> \u00e0 Saint-Di\u00e9-des-Vosges, ainsi que le <strong>Super U d\u2019Anould<\/strong> \u00e0 la mi-janvier. Le roman peut aussi \u00eatre command\u00e9 directement aupr\u00e8s de l\u2019autrice, par <strong>courriel<\/strong> via <a href=\"mailto:felicie.batot@gmail.com\" target=\"_blank\" rel=\"noopener\">felicie.batot@gmail.com<\/a>.<\/p>\n<p>Une premi\u00e8re s\u00e9ance de <strong>d\u00e9dicaces<\/strong> est pr\u00e9vue le <strong>10 janvier<\/strong> \u00e0 l\u2019espace culturel du Leclerc d\u00e9odatien. En attendant, les personnes int\u00e9ress\u00e9es peuvent suivre l&rsquo;actualit\u00e9 de F\u00e9licie Batot Gaudel sur <strong>Instagram<\/strong> :\u00a0<a href=\"https:\/\/www.instagram.com\/felicie_batot_gaudel\/\" target=\"_blank\" rel=\"noopener\">F\u00e9licie Batot Gaudel auteure.<\/a><\/p>\n<p><a href=\"https:\/\/vosgesinfo.fr\/app\/uploads\/sites\/4\/2025\/12\/fraize-troisieme-roman-felicie-gaudel-1.jpg\"><img decoding=\"async\" class=\"alignnone size-large wp-image-85690\" src=\"https:\/\/vosgesinfo.fr\/app\/uploads\/sites\/4\/2025\/12\/fraize-troisieme-roman-felicie-gaudel-1-704x1024.jpg\" alt=\"\" width=\"704\" height=\"1024\" srcset=\"https:\/\/vosgesinfo.fr\/app\/uploads\/sites\/4\/2025\/12\/fraize-troisieme-roman-felicie-gaudel-1-704x1024.jpg 704w, https:\/\/vosgesinfo.fr\/app\/uploads\/sites\/4\/2025\/12\/fraize-troisieme-roman-felicie-gaudel-1-206x300.jpg 206w, https:\/\/vosgesinfo.fr\/app\/uploads\/sites\/4\/2025\/12\/fraize-troisieme-roman-felicie-gaudel-1.jpg 743w\" sizes=\"(max-width: 704px) 100vw, 704px\" \/><\/a><\/p>\n","protected":false},"excerpt":{"rendered":"<p>Apr\u00e8s \u00ab\u00a0Autour d&rsquo;un caf\u00e9\u00a0\u00bb et \u00ab\u00a0Sur le banc du pass\u00e9\u00a0\u00bb, l&rsquo;autrice fraxinienne F\u00e9licie Batot Gaudel vient de publier son troisi\u00e8me [&hellip;]<\/p>\n","protected":false},"author":46,"featured_media":85691,"comment_status":"open","ping_status":"open","sticky":false,"template":"","format":"standard","meta":{"footnotes":""},"categories":[460,3903,8090,18],"tags":[19333,19331,19335,4811,2927,19332,10864,19339,3192,19337,4080,19336,19334,19338],"class_list":["post-85703","post","type-post","status-publish","format-standard","has-post-thumbnail","hentry","category-a-la-une","category-deodatie","category-litterature","category-vosges","tag-burn-out","tag-des-livres-pour-se-relever","tag-espace-culturel-leclerc-saint-die-des-vosges","tag-felicie-batot-gaudel","tag-fraize","tag-harcelement-au-travail","tag-imprimerie-lormont","tag-les-fleurs-vertes-saint-die-des-vosges","tag-librairie-le-neuf","tag-marion-esthetique-anould","tag-pepiniere-dentreprises-de-saint-die-des-vosges","tag-pmu-fraize","tag-roman-auto-edite","tag-super-u-anould"],"acf":[],"yoast_head":"<!-- This site is optimized with the Yoast SEO plugin v22.5 - https:\/\/yoast.com\/wordpress\/plugins\/seo\/ -->\n<title>Fraize \u2013 \u00ab Des livres pour se relever \u00bb, le troisi\u00e8me roman de F\u00e9licie Batot Gaudel - Saint Die Info<\/title>\n<meta name=\"robots\" content=\"index, follow, max-snippet:-1, max-image-preview:large, max-video-preview:-1\" \/>\n<link rel=\"canonical\" href=\"https:\/\/vosgesinfo.fr\/saintdieinfo\/2025\/12\/fraize-des-livres-pour-se-relever-le-troisieme-roman-de-felicie-batot-gaudel\/\" \/>\n<meta name=\"twitter:card\" content=\"summary_large_image\" \/>\n<meta name=\"twitter:title\" content=\"Fraize \u2013 \u00ab Des livres pour se relever \u00bb, le troisi\u00e8me roman de F\u00e9licie Batot Gaudel - Saint Die Info\" \/>\n<meta name=\"twitter:description\" content=\"Apr\u00e8s \u00ab\u00a0Autour d&rsquo;un caf\u00e9\u00a0\u00bb et \u00ab\u00a0Sur le banc du pass\u00e9\u00a0\u00bb, l&rsquo;autrice fraxinienne F\u00e9licie Batot Gaudel vient de publier son troisi\u00e8me [&hellip;]\" \/>\n<meta name=\"twitter:image\" content=\"https:\/\/vosgesinfo.fr\/app\/uploads\/sites\/4\/2025\/12\/fraize-troisieme-roman-felicie-gaudel-3.jpg\" \/>\n<meta name=\"twitter:creator\" content=\"@VosgesInfo88\" \/>\n<meta name=\"twitter:site\" content=\"@VosgesInfo88\" \/>\n<meta name=\"twitter:label1\" content=\"\u00c9crit par\" \/>\n\t<meta name=\"twitter:data1\" content=\"J.J.\" \/>\n\t<meta name=\"twitter:label2\" content=\"Dur\u00e9e de lecture estim\u00e9e\" \/>\n\t<meta name=\"twitter:data2\" content=\"1 minute\" \/>\n<script type=\"application\/ld+json\" class=\"yoast-schema-graph\">{\"@context\":\"https:\/\/schema.org\",\"@graph\":[{\"@type\":\"Article\",\"@id\":\"https:\/\/vosgesinfo.fr\/saintdieinfo\/2025\/12\/fraize-des-livres-pour-se-relever-le-troisieme-roman-de-felicie-batot-gaudel\/#article\",\"isPartOf\":{\"@id\":\"https:\/\/vosgesinfo.fr\/saintdieinfo\/2025\/12\/fraize-des-livres-pour-se-relever-le-troisieme-roman-de-felicie-batot-gaudel\/\"},\"author\":{\"name\":\"J.J.\",\"@id\":\"https:\/\/vosgesinfo.fr\/saintdieinfo\/#\/schema\/person\/fa73e9f726d67bb88f46d5b7943cb572\"},\"headline\":\"Fraize \u2013 \u00ab Des livres pour se relever \u00bb, le troisi\u00e8me roman de F\u00e9licie Batot Gaudel\",\"datePublished\":\"2025-12-09T10:22:34+00:00\",\"dateModified\":\"2025-12-09T10:10:11+00:00\",\"mainEntityOfPage\":{\"@id\":\"https:\/\/vosgesinfo.fr\/saintdieinfo\/2025\/12\/fraize-des-livres-pour-se-relever-le-troisieme-roman-de-felicie-batot-gaudel\/\"},\"wordCount\":350,\"commentCount\":0,\"publisher\":{\"@id\":\"https:\/\/vosgesinfo.fr\/saintdieinfo\/#organization\"},\"image\":{\"@id\":\"https:\/\/vosgesinfo.fr\/saintdieinfo\/2025\/12\/fraize-des-livres-pour-se-relever-le-troisieme-roman-de-felicie-batot-gaudel\/#primaryimage\"},\"thumbnailUrl\":\"https:\/\/vosgesinfo.fr\/app\/uploads\/sites\/4\/2025\/12\/fraize-troisieme-roman-felicie-gaudel-3.jpg\",\"keywords\":[\"burn out\",\"Des livres pour se relever\",\"espace culturel Leclerc Saint-Di\u00e9-des-Vosges\",\"F\u00e9licie Batot-Gaudel\",\"Fraize\",\"harc\u00e8lement au travail\",\"Imprimerie l'Ormont\",\"Les fleurs vertes Saint-Di\u00e9-des-Vosges\",\"Librairie Le Neuf\",\"Marion Esth\u00e9tique Anould\",\"P\u00e9pini\u00e8re d'entreprises de Saint-Di\u00e9-des-Vosges\",\"PMU Fraize\",\"roman auto-\u00e9dit\u00e9\",\"Super U Anould\"],\"articleSection\":[\"A la Une\",\"D\u00e9odatie\",\"Litt\u00e9rature\",\"Vosges\"],\"inLanguage\":\"fr-FR\",\"potentialAction\":[{\"@type\":\"CommentAction\",\"name\":\"Comment\",\"target\":[\"https:\/\/vosgesinfo.fr\/saintdieinfo\/2025\/12\/fraize-des-livres-pour-se-relever-le-troisieme-roman-de-felicie-batot-gaudel\/#respond\"]}]},{\"@type\":\"WebPage\",\"@id\":\"https:\/\/vosgesinfo.fr\/saintdieinfo\/2025\/12\/fraize-des-livres-pour-se-relever-le-troisieme-roman-de-felicie-batot-gaudel\/\",\"url\":\"https:\/\/vosgesinfo.fr\/saintdieinfo\/2025\/12\/fraize-des-livres-pour-se-relever-le-troisieme-roman-de-felicie-batot-gaudel\/\",\"name\":\"Fraize \u2013 \u00ab Des livres pour se relever \u00bb, le troisi\u00e8me roman de F\u00e9licie Batot Gaudel - Saint Die Info\",\"isPartOf\":{\"@id\":\"https:\/\/vosgesinfo.fr\/saintdieinfo\/#website\"},\"primaryImageOfPage\":{\"@id\":\"https:\/\/vosgesinfo.fr\/saintdieinfo\/2025\/12\/fraize-des-livres-pour-se-relever-le-troisieme-roman-de-felicie-batot-gaudel\/#primaryimage\"},\"image\":{\"@id\":\"https:\/\/vosgesinfo.fr\/saintdieinfo\/2025\/12\/fraize-des-livres-pour-se-relever-le-troisieme-roman-de-felicie-batot-gaudel\/#primaryimage\"},\"thumbnailUrl\":\"https:\/\/vosgesinfo.fr\/app\/uploads\/sites\/4\/2025\/12\/fraize-troisieme-roman-felicie-gaudel-3.jpg\",\"datePublished\":\"2025-12-09T10:22:34+00:00\",\"dateModified\":\"2025-12-09T10:10:11+00:00\",\"breadcrumb\":{\"@id\":\"https:\/\/vosgesinfo.fr\/saintdieinfo\/2025\/12\/fraize-des-livres-pour-se-relever-le-troisieme-roman-de-felicie-batot-gaudel\/#breadcrumb\"},\"inLanguage\":\"fr-FR\",\"potentialAction\":[{\"@type\":\"ReadAction\",\"target\":[\"https:\/\/vosgesinfo.fr\/saintdieinfo\/2025\/12\/fraize-des-livres-pour-se-relever-le-troisieme-roman-de-felicie-batot-gaudel\/\"]}]},{\"@type\":\"ImageObject\",\"inLanguage\":\"fr-FR\",\"@id\":\"https:\/\/vosgesinfo.fr\/saintdieinfo\/2025\/12\/fraize-des-livres-pour-se-relever-le-troisieme-roman-de-felicie-batot-gaudel\/#primaryimage\",\"url\":\"https:\/\/vosgesinfo.fr\/app\/uploads\/sites\/4\/2025\/12\/fraize-troisieme-roman-felicie-gaudel-3.jpg\",\"contentUrl\":\"https:\/\/vosgesinfo.fr\/app\/uploads\/sites\/4\/2025\/12\/fraize-troisieme-roman-felicie-gaudel-3.jpg\",\"width\":1101,\"height\":934},{\"@type\":\"BreadcrumbList\",\"@id\":\"https:\/\/vosgesinfo.fr\/saintdieinfo\/2025\/12\/fraize-des-livres-pour-se-relever-le-troisieme-roman-de-felicie-batot-gaudel\/#breadcrumb\",\"itemListElement\":[{\"@type\":\"ListItem\",\"position\":1,\"name\":\"Home\",\"item\":\"https:\/\/vosgesinfo.fr\/saintdieinfo\/\"},{\"@type\":\"ListItem\",\"position\":2,\"name\":\"Fraize \u2013 \u00ab Des livres pour se relever \u00bb, le troisi\u00e8me roman de F\u00e9licie Batot Gaudel\"}]},{\"@type\":\"WebSite\",\"@id\":\"https:\/\/vosgesinfo.fr\/saintdieinfo\/#website\",\"url\":\"https:\/\/vosgesinfo.fr\/saintdieinfo\/\",\"name\":\"Saint Die Info\",\"description\":\"Toute l&#039;actualit\u00e9 de Saint-Di\u00e9-Des-Vosges\",\"publisher\":{\"@id\":\"https:\/\/vosgesinfo.fr\/saintdieinfo\/#organization\"},\"alternateName\":\"Toute l'actualit\u00e9 de Saint-Di\u00e9-Des-Vosges\",\"potentialAction\":[{\"@type\":\"SearchAction\",\"target\":{\"@type\":\"EntryPoint\",\"urlTemplate\":\"https:\/\/vosgesinfo.fr\/saintdieinfo\/?s={search_term_string}\"},\"query-input\":\"required name=search_term_string\"}],\"inLanguage\":\"fr-FR\"},{\"@type\":\"Organization\",\"@id\":\"https:\/\/vosgesinfo.fr\/saintdieinfo\/#organization\",\"name\":\"Saint Die Info\",\"url\":\"https:\/\/vosgesinfo.fr\/saintdieinfo\/\",\"logo\":{\"@type\":\"ImageObject\",\"inLanguage\":\"fr-FR\",\"@id\":\"https:\/\/vosgesinfo.fr\/saintdieinfo\/#\/schema\/logo\/image\/\",\"url\":\"https:\/\/vosgesinfo.fr\/app\/uploads\/sites\/4\/2024\/02\/logo-sdi.jpg\",\"contentUrl\":\"https:\/\/vosgesinfo.fr\/app\/uploads\/sites\/4\/2024\/02\/logo-sdi.jpg\",\"width\":600,\"height\":600,\"caption\":\"Saint Die Info\"},\"image\":{\"@id\":\"https:\/\/vosgesinfo.fr\/saintdieinfo\/#\/schema\/logo\/image\/\"},\"sameAs\":[\"https:\/\/www.facebook.com\/Saintdieinfofr\",\"https:\/\/x.com\/VosgesInfo88\",\"https:\/\/www.youtube.com\/@vosgesinfo\"]},{\"@type\":\"Person\",\"@id\":\"https:\/\/vosgesinfo.fr\/saintdieinfo\/#\/schema\/person\/fa73e9f726d67bb88f46d5b7943cb572\",\"name\":\"J.J.\",\"image\":{\"@type\":\"ImageObject\",\"inLanguage\":\"fr-FR\",\"@id\":\"https:\/\/vosgesinfo.fr\/saintdieinfo\/#\/schema\/person\/image\/\",\"url\":\"https:\/\/secure.gravatar.com\/avatar\/219e749e47ffbcca018a360ae4add7d4cdf1cdaaf8bc7676b27efade3fe65615?s=96&d=mm&r=g\",\"contentUrl\":\"https:\/\/secure.gravatar.com\/avatar\/219e749e47ffbcca018a360ae4add7d4cdf1cdaaf8bc7676b27efade3fe65615?s=96&d=mm&r=g\",\"caption\":\"J.J.\"},\"url\":\"https:\/\/vosgesinfo.fr\/saintdieinfo\/author\/j-j\/\"}]}<\/script>\n<!-- \/ Yoast SEO plugin. -->","yoast_head_json":{"title":"Fraize \u2013 \u00ab Des livres pour se relever \u00bb, le troisi\u00e8me roman de F\u00e9licie Batot Gaudel - Saint Die Info","robots":{"index":"index","follow":"follow","max-snippet":"max-snippet:-1","max-image-preview":"max-image-preview:large","max-video-preview":"max-video-preview:-1"},"canonical":"https:\/\/vosgesinfo.fr\/saintdieinfo\/2025\/12\/fraize-des-livres-pour-se-relever-le-troisieme-roman-de-felicie-batot-gaudel\/","twitter_card":"summary_large_image","twitter_title":"Fraize \u2013 \u00ab Des livres pour se relever \u00bb, le troisi\u00e8me roman de F\u00e9licie Batot Gaudel - Saint Die Info","twitter_description":"Apr\u00e8s \u00ab\u00a0Autour d&rsquo;un caf\u00e9\u00a0\u00bb et \u00ab\u00a0Sur le banc du pass\u00e9\u00a0\u00bb, l&rsquo;autrice fraxinienne F\u00e9licie Batot Gaudel vient de publier son troisi\u00e8me [&hellip;]","twitter_image":"https:\/\/vosgesinfo.fr\/app\/uploads\/sites\/4\/2025\/12\/fraize-troisieme-roman-felicie-gaudel-3.jpg","twitter_creator":"@VosgesInfo88","twitter_site":"@VosgesInfo88","twitter_misc":{"\u00c9crit par":"J.J.","Dur\u00e9e de lecture estim\u00e9e":"1 minute"},"schema":{"@context":"https:\/\/schema.org","@graph":[{"@type":"Article","@id":"https:\/\/vosgesinfo.fr\/saintdieinfo\/2025\/12\/fraize-des-livres-pour-se-relever-le-troisieme-roman-de-felicie-batot-gaudel\/#article","isPartOf":{"@id":"https:\/\/vosgesinfo.fr\/saintdieinfo\/2025\/12\/fraize-des-livres-pour-se-relever-le-troisieme-roman-de-felicie-batot-gaudel\/"},"author":{"name":"J.J.","@id":"https:\/\/vosgesinfo.fr\/saintdieinfo\/#\/schema\/person\/fa73e9f726d67bb88f46d5b7943cb572"},"headline":"Fraize \u2013 \u00ab Des livres pour se relever \u00bb, le troisi\u00e8me roman de F\u00e9licie Batot Gaudel","datePublished":"2025-12-09T10:22:34+00:00","dateModified":"2025-12-09T10:10:11+00:00","mainEntityOfPage":{"@id":"https:\/\/vosgesinfo.fr\/saintdieinfo\/2025\/12\/fraize-des-livres-pour-se-relever-le-troisieme-roman-de-felicie-batot-gaudel\/"},"wordCount":350,"commentCount":0,"publisher":{"@id":"https:\/\/vosgesinfo.fr\/saintdieinfo\/#organization"},"image":{"@id":"https:\/\/vosgesinfo.fr\/saintdieinfo\/2025\/12\/fraize-des-livres-pour-se-relever-le-troisieme-roman-de-felicie-batot-gaudel\/#primaryimage"},"thumbnailUrl":"https:\/\/vosgesinfo.fr\/app\/uploads\/sites\/4\/2025\/12\/fraize-troisieme-roman-felicie-gaudel-3.jpg","keywords":["burn out","Des livres pour se relever","espace culturel Leclerc Saint-Di\u00e9-des-Vosges","F\u00e9licie Batot-Gaudel","Fraize","harc\u00e8lement au travail","Imprimerie l'Ormont","Les fleurs vertes Saint-Di\u00e9-des-Vosges","Librairie Le Neuf","Marion Esth\u00e9tique Anould","P\u00e9pini\u00e8re d'entreprises de Saint-Di\u00e9-des-Vosges","PMU Fraize","roman auto-\u00e9dit\u00e9","Super U Anould"],"articleSection":["A la Une","D\u00e9odatie","Litt\u00e9rature","Vosges"],"inLanguage":"fr-FR","potentialAction":[{"@type":"CommentAction","name":"Comment","target":["https:\/\/vosgesinfo.fr\/saintdieinfo\/2025\/12\/fraize-des-livres-pour-se-relever-le-troisieme-roman-de-felicie-batot-gaudel\/#respond"]}]},{"@type":"WebPage","@id":"https:\/\/vosgesinfo.fr\/saintdieinfo\/2025\/12\/fraize-des-livres-pour-se-relever-le-troisieme-roman-de-felicie-batot-gaudel\/","url":"https:\/\/vosgesinfo.fr\/saintdieinfo\/2025\/12\/fraize-des-livres-pour-se-relever-le-troisieme-roman-de-felicie-batot-gaudel\/","name":"Fraize \u2013 \u00ab Des livres pour se relever \u00bb, le troisi\u00e8me roman de F\u00e9licie Batot Gaudel - Saint Die Info","isPartOf":{"@id":"https:\/\/vosgesinfo.fr\/saintdieinfo\/#website"},"primaryImageOfPage":{"@id":"https:\/\/vosgesinfo.fr\/saintdieinfo\/2025\/12\/fraize-des-livres-pour-se-relever-le-troisieme-roman-de-felicie-batot-gaudel\/#primaryimage"},"image":{"@id":"https:\/\/vosgesinfo.fr\/saintdieinfo\/2025\/12\/fraize-des-livres-pour-se-relever-le-troisieme-roman-de-felicie-batot-gaudel\/#primaryimage"},"thumbnailUrl":"https:\/\/vosgesinfo.fr\/app\/uploads\/sites\/4\/2025\/12\/fraize-troisieme-roman-felicie-gaudel-3.jpg","datePublished":"2025-12-09T10:22:34+00:00","dateModified":"2025-12-09T10:10:11+00:00","breadcrumb":{"@id":"https:\/\/vosgesinfo.fr\/saintdieinfo\/2025\/12\/fraize-des-livres-pour-se-relever-le-troisieme-roman-de-felicie-batot-gaudel\/#breadcrumb"},"inLanguage":"fr-FR","potentialAction":[{"@type":"ReadAction","target":["https:\/\/vosgesinfo.fr\/saintdieinfo\/2025\/12\/fraize-des-livres-pour-se-relever-le-troisieme-roman-de-felicie-batot-gaudel\/"]}]},{"@type":"ImageObject","inLanguage":"fr-FR","@id":"https:\/\/vosgesinfo.fr\/saintdieinfo\/2025\/12\/fraize-des-livres-pour-se-relever-le-troisieme-roman-de-felicie-batot-gaudel\/#primaryimage","url":"https:\/\/vosgesinfo.fr\/app\/uploads\/sites\/4\/2025\/12\/fraize-troisieme-roman-felicie-gaudel-3.jpg","contentUrl":"https:\/\/vosgesinfo.fr\/app\/uploads\/sites\/4\/2025\/12\/fraize-troisieme-roman-felicie-gaudel-3.jpg","width":1101,"height":934},{"@type":"BreadcrumbList","@id":"https:\/\/vosgesinfo.fr\/saintdieinfo\/2025\/12\/fraize-des-livres-pour-se-relever-le-troisieme-roman-de-felicie-batot-gaudel\/#breadcrumb","itemListElement":[{"@type":"ListItem","position":1,"name":"Home","item":"https:\/\/vosgesinfo.fr\/saintdieinfo\/"},{"@type":"ListItem","position":2,"name":"Fraize \u2013 \u00ab Des livres pour se relever \u00bb, le troisi\u00e8me roman de F\u00e9licie Batot Gaudel"}]},{"@type":"WebSite","@id":"https:\/\/vosgesinfo.fr\/saintdieinfo\/#website","url":"https:\/\/vosgesinfo.fr\/saintdieinfo\/","name":"Saint Die Info","description":"Toute l&#039;actualit\u00e9 de Saint-Di\u00e9-Des-Vosges","publisher":{"@id":"https:\/\/vosgesinfo.fr\/saintdieinfo\/#organization"},"alternateName":"Toute l'actualit\u00e9 de Saint-Di\u00e9-Des-Vosges","potentialAction":[{"@type":"SearchAction","target":{"@type":"EntryPoint","urlTemplate":"https:\/\/vosgesinfo.fr\/saintdieinfo\/?s={search_term_string}"},"query-input":"required name=search_term_string"}],"inLanguage":"fr-FR"},{"@type":"Organization","@id":"https:\/\/vosgesinfo.fr\/saintdieinfo\/#organization","name":"Saint Die Info","url":"https:\/\/vosgesinfo.fr\/saintdieinfo\/","logo":{"@type":"ImageObject","inLanguage":"fr-FR","@id":"https:\/\/vosgesinfo.fr\/saintdieinfo\/#\/schema\/logo\/image\/","url":"https:\/\/vosgesinfo.fr\/app\/uploads\/sites\/4\/2024\/02\/logo-sdi.jpg","contentUrl":"https:\/\/vosgesinfo.fr\/app\/uploads\/sites\/4\/2024\/02\/logo-sdi.jpg","width":600,"height":600,"caption":"Saint Die Info"},"image":{"@id":"https:\/\/vosgesinfo.fr\/saintdieinfo\/#\/schema\/logo\/image\/"},"sameAs":["https:\/\/www.facebook.com\/Saintdieinfofr","https:\/\/x.com\/VosgesInfo88","https:\/\/www.youtube.com\/@vosgesinfo"]},{"@type":"Person","@id":"https:\/\/vosgesinfo.fr\/saintdieinfo\/#\/schema\/person\/fa73e9f726d67bb88f46d5b7943cb572","name":"J.J.","image":{"@type":"ImageObject","inLanguage":"fr-FR","@id":"https:\/\/vosgesinfo.fr\/saintdieinfo\/#\/schema\/person\/image\/","url":"https:\/\/secure.gravatar.com\/avatar\/219e749e47ffbcca018a360ae4add7d4cdf1cdaaf8bc7676b27efade3fe65615?s=96&d=mm&r=g","contentUrl":"https:\/\/secure.gravatar.com\/avatar\/219e749e47ffbcca018a360ae4add7d4cdf1cdaaf8bc7676b27efade3fe65615?s=96&d=mm&r=g","caption":"J.J."},"url":"https:\/\/vosgesinfo.fr\/saintdieinfo\/author\/j-j\/"}]}},"_links":{"self":[{"href":"https:\/\/vosgesinfo.fr\/saintdieinfo\/wp-json\/wp\/v2\/posts\/85703","targetHints":{"allow":["GET"]}}],"collection":[{"href":"https:\/\/vosgesinfo.fr\/saintdieinfo\/wp-json\/wp\/v2\/posts"}],"about":[{"href":"https:\/\/vosgesinfo.fr\/saintdieinfo\/wp-json\/wp\/v2\/types\/post"}],"author":[{"embeddable":true,"href":"https:\/\/vosgesinfo.fr\/saintdieinfo\/wp-json\/wp\/v2\/users\/46"}],"replies":[{"embeddable":true,"href":"https:\/\/vosgesinfo.fr\/saintdieinfo\/wp-json\/wp\/v2\/comments?post=85703"}],"version-history":[{"count":2,"href":"https:\/\/vosgesinfo.fr\/saintdieinfo\/wp-json\/wp\/v2\/posts\/85703\/revisions"}],"predecessor-version":[{"id":85705,"href":"https:\/\/vosgesinfo.fr\/saintdieinfo\/wp-json\/wp\/v2\/posts\/85703\/revisions\/85705"}],"wp:featuredmedia":[{"embeddable":true,"href":"https:\/\/vosgesinfo.fr\/saintdieinfo\/wp-json\/wp\/v2\/media\/85691"}],"wp:attachment":[{"href":"https:\/\/vosgesinfo.fr\/saintdieinfo\/wp-json\/wp\/v2\/media?parent=85703"}],"wp:term":[{"taxonomy":"category","embeddable":true,"href":"https:\/\/vosgesinfo.fr\/saintdieinfo\/wp-json\/wp\/v2\/categories?post=85703"},{"taxonomy":"post_tag","embeddable":true,"href":"https:\/\/vosgesinfo.fr\/saintdieinfo\/wp-json\/wp\/v2\/tags?post=85703"}],"curies":[{"name":"wp","href":"https:\/\/api.w.org\/{rel}","templated":true}]}}