{"id":85706,"date":"2025-12-09T15:13:39","date_gmt":"2025-12-09T14:13:39","guid":{"rendered":"https:\/\/vosgesinfo.fr\/saintdieinfo\/?p=85706"},"modified":"2025-12-09T15:02:00","modified_gmt":"2025-12-09T14:02:00","slug":"senones-le-college-andre-malraux-devient-etablissement-pilote-en-matiere-dintelligence-artificielle","status":"publish","type":"post","link":"https:\/\/vosgesinfo.fr\/saintdieinfo\/2025\/12\/senones-le-college-andre-malraux-devient-etablissement-pilote-en-matiere-dintelligence-artificielle\/","title":{"rendered":"Senones \u2013 Le coll\u00e8ge Andr\u00e9-Malraux devient \u00e9tablissement pilote en mati\u00e8re d\u2019intelligence artificielle"},"content":{"rendered":"<div id=\"attachment_85707\" style=\"width: 1034px\" class=\"wp-caption alignnone\"><a href=\"https:\/\/vosgesinfo.fr\/app\/uploads\/sites\/4\/2025\/12\/senones-observatoire-ia-college-andre-malraux-1.jpg\"><img decoding=\"async\" aria-describedby=\"caption-attachment-85707\" class=\"size-large wp-image-85707\" src=\"https:\/\/vosgesinfo.fr\/app\/uploads\/sites\/4\/2025\/12\/senones-observatoire-ia-college-andre-malraux-1-1024x576.jpg\" alt=\"\" width=\"1024\" height=\"576\" srcset=\"https:\/\/vosgesinfo.fr\/app\/uploads\/sites\/4\/2025\/12\/senones-observatoire-ia-college-andre-malraux-1-1024x576.jpg 1024w, https:\/\/vosgesinfo.fr\/app\/uploads\/sites\/4\/2025\/12\/senones-observatoire-ia-college-andre-malraux-1-300x169.jpg 300w, https:\/\/vosgesinfo.fr\/app\/uploads\/sites\/4\/2025\/12\/senones-observatoire-ia-college-andre-malraux-1-768x432.jpg 768w, https:\/\/vosgesinfo.fr\/app\/uploads\/sites\/4\/2025\/12\/senones-observatoire-ia-college-andre-malraux-1-1536x864.jpg 1536w, https:\/\/vosgesinfo.fr\/app\/uploads\/sites\/4\/2025\/12\/senones-observatoire-ia-college-andre-malraux-1.jpg 1920w\" sizes=\"(max-width: 1024px) 100vw, 1024px\" \/><\/a><p id=\"caption-attachment-85707\" class=\"wp-caption-text\">(Photographies coll\u00e8ge Andr\u00e9-Malraux)<\/p><\/div>\n<h2>Fort de ses projets dans le num\u00e9rique, le <strong>coll\u00e8ge Andr\u00e9 Malraux de Senones<\/strong> a \u00e9t\u00e9 retenu par l\u2019<strong>Observatoire de l\u2019IA<\/strong> comme <strong>\u00e9tablissement vosgien pilote<\/strong> dans le cadre d\u2019une exp\u00e9rimentation conduite \u00e0 l\u2019\u00e9chelle de la R\u00e9gion acad\u00e9mique. Cr\u00e9\u00e9 en mai 2025, cet Observatoire a pour mission d\u2019accompagner la compr\u00e9hension, l\u2019analyse et le d\u00e9veloppement des usages de l\u2019<strong>intelligence artificielle<\/strong> dans les \u00e9tablissements scolaires jusqu\u2019en 2029.<\/h2>\n<p><!--more--><\/p>\n<h3 class=\"western\"><strong>Des bornes interactives pour mesurer le ressenti des \u00e9l\u00e8ves<\/strong><\/h3>\n<p>Parmi les projets en cours, le <strong>Barom\u00e8tre du Bien-\u00catre \u00e0 l\u2019\u00c9cole \u2013 BBEE \u2013 <\/strong>mesure le ressenti des \u00e9l\u00e8ves gr\u00e2ce \u00e0 des bornes interactives install\u00e9es dans l\u2019\u00e9tablissement. Chaque coll\u00e9gien y indique son \u00e9tat d\u2019esprit via des smileys color\u00e9s, les donn\u00e9es \u00e9tant recueillies par une application con\u00e7ue par des \u00e9l\u00e8ves.<\/p>\n<p>Ce dispositif a obtenu une reconnaissance nationale en remportant le Prix Coll\u00e8ge et le Prix Orange Num\u00e9rique lors du <strong>concours Science Factor 2023-2024<\/strong>.<\/p>\n<h3 class=\"western\"><strong>77 \u00e9l\u00e8ves en Option Humanit\u00e9 Num\u00e9rique<\/strong><\/h3>\n<p>L\u2019<strong>Option Humanit\u00e9 Num\u00e9rique<\/strong> rassemble <strong>77 \u00e9l\u00e8ves<\/strong> de la 6e \u00e0 la 3e, dont pr\u00e8s d\u2019un tiers de filles. Cette option permet aux coll\u00e9giens d\u2019aborder les enjeux du num\u00e9rique en associant r\u00e9flexion, pratique et cr\u00e9ativit\u00e9 : algorithmique, programmation web et Python, infographie, intelligences artificielles, avec l\u2019exp\u00e9rimentation d\u2019une IA locale int\u00e9gr\u00e9e au parcours.<\/p>\n<p>Le coll\u00e8ge senonais est, \u00e0 ce jour, le seul \u00e9tablissement \u00e0 l\u2019\u00e9chelle nationale \u00e0 proposer l&rsquo;Option Humanit\u00e9 Num\u00e9rique.<\/p>\n<h3 class=\"western\"><strong>Samantha, une IA p\u00e9dagogique<\/strong><\/h3>\n<p>Autre outil d\u00e9velopp\u00e9 au sein du coll\u00e8ge, <strong>Samantha<\/strong> est une IA install\u00e9e localement pour un usage p\u00e9dagogique.<\/p>\n<p>Encadr\u00e9s par leurs enseignants, les \u00e9l\u00e8ves apprennent \u00e0 param\u00e9trer cet outil, \u00e0 tester et am\u00e9liorer ses r\u00e9ponses, tout en travaillant les questions \u00e9thiques li\u00e9es aux donn\u00e9es, au respect de la vie priv\u00e9e et \u00e0 l\u2019impact des algorithmes sur la soci\u00e9t\u00e9.<\/p>\n<h3 class=\"western\"><strong>Poursuivre la d\u00e9marche d&rsquo;innovation<\/strong><\/h3>\n<p>Dans la continuit\u00e9 de ces diff\u00e9rentes actions, l\u2019\u00e9tablissement projette d\u2019acqu\u00e9rir une <strong>solution d\u2019intelligence artificielle plus performante<\/strong> afin de poursuivre sa d\u00e9marche d\u2019innovation au service des \u00e9l\u00e8ves.<\/p>\n\n\t\t<style type=\"text\/css\">\n\t\t\t#gallery-1 {\n\t\t\t\tmargin: auto;\n\t\t\t}\n\t\t\t#gallery-1 .gallery-item {\n\t\t\t\tfloat: left;\n\t\t\t\tmargin-top: 10px;\n\t\t\t\ttext-align: center;\n\t\t\t\twidth: 33%;\n\t\t\t}\n\t\t\t#gallery-1 img {\n\t\t\t\tborder: 2px solid #cfcfcf;\n\t\t\t}\n\t\t\t#gallery-1 .gallery-caption {\n\t\t\t\tmargin-left: 0;\n\t\t\t}\n\t\t\t\/* see gallery_shortcode() in wp-includes\/media.php *\/\n\t\t<\/style>\n\t\t<div id='gallery-1' class='gallery galleryid-85706 gallery-columns-3 gallery-size-thumbnail'><dl class='gallery-item'>\n\t\t\t<dt class='gallery-icon portrait'>\n\t\t\t\t<a href='https:\/\/vosgesinfo.fr\/app\/uploads\/sites\/4\/2025\/12\/senones-observatoire-ia-college-andre-malraux-3.jpg'><img decoding=\"async\" width=\"150\" height=\"150\" src=\"https:\/\/vosgesinfo.fr\/app\/uploads\/sites\/4\/2025\/12\/senones-observatoire-ia-college-andre-malraux-3-150x150.jpg\" class=\"attachment-thumbnail size-thumbnail\" alt=\"\" \/><\/a>\n\t\t\t<\/dt><\/dl><dl class='gallery-item'>\n\t\t\t<dt class='gallery-icon landscape'>\n\t\t\t\t<a href='https:\/\/vosgesinfo.fr\/app\/uploads\/sites\/4\/2025\/12\/senones-observatoire-ia-college-andre-malraux-2.jpg'><img decoding=\"async\" width=\"150\" height=\"150\" src=\"https:\/\/vosgesinfo.fr\/app\/uploads\/sites\/4\/2025\/12\/senones-observatoire-ia-college-andre-malraux-2-150x150.jpg\" class=\"attachment-thumbnail size-thumbnail\" alt=\"\" \/><\/a>\n\t\t\t<\/dt><\/dl><dl class='gallery-item'>\n\t\t\t<dt class='gallery-icon landscape'>\n\t\t\t\t<a href='https:\/\/vosgesinfo.fr\/app\/uploads\/sites\/4\/2025\/12\/senones-observatoire-ia-college-andre-malraux-4.jpg'><img decoding=\"async\" width=\"150\" height=\"150\" src=\"https:\/\/vosgesinfo.fr\/app\/uploads\/sites\/4\/2025\/12\/senones-observatoire-ia-college-andre-malraux-4-150x150.jpg\" class=\"attachment-thumbnail size-thumbnail\" alt=\"\" \/><\/a>\n\t\t\t<\/dt><\/dl><br style=\"clear: both\" \/>\n\t\t<\/div>\n\n","protected":false},"excerpt":{"rendered":"<p>Fort de ses projets dans le num\u00e9rique, le coll\u00e8ge Andr\u00e9 Malraux de Senones a \u00e9t\u00e9 retenu par l\u2019Observatoire de l\u2019IA [&hellip;]<\/p>\n","protected":false},"author":46,"featured_media":85707,"comment_status":"open","ping_status":"open","sticky":false,"template":"","format":"standard","meta":{"footnotes":""},"categories":[460,3903,6,18],"tags":[19344,19340,19347,19348,19342,19346,19343,19341,19345],"class_list":["post-85706","post","type-post","status-publish","format-standard","has-post-thumbnail","hentry","category-a-la-une","category-deodatie","category-education","category-vosges","tag-bbee-barometre-du-bien-etre-a-lecole","tag-college-andre-malraux-senones","tag-concours-science-factor-2023-2024","tag-education-numerique-vosges","tag-etablissement-pilote-ia","tag-ia-samantha","tag-intelligence-artificielle-a-lecole","tag-observatoire-de-lia","tag-option-humanite-numerique"],"acf":[],"yoast_head":"<!-- This site is optimized with the Yoast SEO plugin v22.5 - https:\/\/yoast.com\/wordpress\/plugins\/seo\/ -->\n<title>Senones \u2013 Le coll\u00e8ge Andr\u00e9-Malraux devient \u00e9tablissement pilote en mati\u00e8re d\u2019intelligence artificielle - Saint Die Info<\/title>\n<meta name=\"robots\" content=\"index, follow, max-snippet:-1, max-image-preview:large, max-video-preview:-1\" \/>\n<link rel=\"canonical\" href=\"https:\/\/vosgesinfo.fr\/saintdieinfo\/2025\/12\/senones-le-college-andre-malraux-devient-etablissement-pilote-en-matiere-dintelligence-artificielle\/\" \/>\n<meta name=\"twitter:card\" content=\"summary_large_image\" \/>\n<meta name=\"twitter:title\" content=\"Senones \u2013 Le coll\u00e8ge Andr\u00e9-Malraux devient \u00e9tablissement pilote en mati\u00e8re d\u2019intelligence artificielle - Saint Die Info\" \/>\n<meta name=\"twitter:description\" content=\"Fort de ses projets dans le num\u00e9rique, le coll\u00e8ge Andr\u00e9 Malraux de Senones a \u00e9t\u00e9 retenu par l\u2019Observatoire de l\u2019IA [&hellip;]\" \/>\n<meta name=\"twitter:image\" content=\"https:\/\/vosgesinfo.fr\/app\/uploads\/sites\/4\/2025\/12\/senones-observatoire-ia-college-andre-malraux-1.jpg\" \/>\n<meta name=\"twitter:creator\" content=\"@VosgesInfo88\" \/>\n<meta name=\"twitter:site\" content=\"@VosgesInfo88\" \/>\n<meta name=\"twitter:label1\" content=\"\u00c9crit par\" \/>\n\t<meta name=\"twitter:data1\" content=\"J.J.\" \/>\n\t<meta name=\"twitter:label2\" content=\"Dur\u00e9e de lecture estim\u00e9e\" \/>\n\t<meta name=\"twitter:data2\" content=\"3 minutes\" \/>\n<script type=\"application\/ld+json\" class=\"yoast-schema-graph\">{\"@context\":\"https:\/\/schema.org\",\"@graph\":[{\"@type\":\"Article\",\"@id\":\"https:\/\/vosgesinfo.fr\/saintdieinfo\/2025\/12\/senones-le-college-andre-malraux-devient-etablissement-pilote-en-matiere-dintelligence-artificielle\/#article\",\"isPartOf\":{\"@id\":\"https:\/\/vosgesinfo.fr\/saintdieinfo\/2025\/12\/senones-le-college-andre-malraux-devient-etablissement-pilote-en-matiere-dintelligence-artificielle\/\"},\"author\":{\"name\":\"J.J.\",\"@id\":\"https:\/\/vosgesinfo.fr\/saintdieinfo\/#\/schema\/person\/fa73e9f726d67bb88f46d5b7943cb572\"},\"headline\":\"Senones \u2013 Le coll\u00e8ge Andr\u00e9-Malraux devient \u00e9tablissement pilote en mati\u00e8re d\u2019intelligence artificielle\",\"datePublished\":\"2025-12-09T14:13:39+00:00\",\"dateModified\":\"2025-12-09T14:02:00+00:00\",\"mainEntityOfPage\":{\"@id\":\"https:\/\/vosgesinfo.fr\/saintdieinfo\/2025\/12\/senones-le-college-andre-malraux-devient-etablissement-pilote-en-matiere-dintelligence-artificielle\/\"},\"wordCount\":401,\"commentCount\":0,\"publisher\":{\"@id\":\"https:\/\/vosgesinfo.fr\/saintdieinfo\/#organization\"},\"image\":{\"@id\":\"https:\/\/vosgesinfo.fr\/saintdieinfo\/2025\/12\/senones-le-college-andre-malraux-devient-etablissement-pilote-en-matiere-dintelligence-artificielle\/#primaryimage\"},\"thumbnailUrl\":\"https:\/\/vosgesinfo.fr\/app\/uploads\/sites\/4\/2025\/12\/senones-observatoire-ia-college-andre-malraux-1.jpg\",\"keywords\":[\"BBEE Barom\u00e8tre du Bien-\u00catre \u00e0 l\u2019\u00c9cole\",\"coll\u00e8ge Andr\u00e9 Malraux Senones\",\"concours Science Factor 2023-2024\",\"\u00e9ducation num\u00e9rique Vosges\",\"\u00e9tablissement pilote IA\",\"IA Samantha\",\"intelligence artificielle \u00e0 l\u2019\u00e9cole\",\"Observatoire de l\u2019IA\",\"Option Humanit\u00e9 Num\u00e9rique\"],\"articleSection\":[\"A la Une\",\"D\u00e9odatie\",\"\u00c9ducation\",\"Vosges\"],\"inLanguage\":\"fr-FR\",\"potentialAction\":[{\"@type\":\"CommentAction\",\"name\":\"Comment\",\"target\":[\"https:\/\/vosgesinfo.fr\/saintdieinfo\/2025\/12\/senones-le-college-andre-malraux-devient-etablissement-pilote-en-matiere-dintelligence-artificielle\/#respond\"]}]},{\"@type\":\"WebPage\",\"@id\":\"https:\/\/vosgesinfo.fr\/saintdieinfo\/2025\/12\/senones-le-college-andre-malraux-devient-etablissement-pilote-en-matiere-dintelligence-artificielle\/\",\"url\":\"https:\/\/vosgesinfo.fr\/saintdieinfo\/2025\/12\/senones-le-college-andre-malraux-devient-etablissement-pilote-en-matiere-dintelligence-artificielle\/\",\"name\":\"Senones \u2013 Le coll\u00e8ge Andr\u00e9-Malraux devient \u00e9tablissement pilote en mati\u00e8re d\u2019intelligence artificielle - Saint Die Info\",\"isPartOf\":{\"@id\":\"https:\/\/vosgesinfo.fr\/saintdieinfo\/#website\"},\"primaryImageOfPage\":{\"@id\":\"https:\/\/vosgesinfo.fr\/saintdieinfo\/2025\/12\/senones-le-college-andre-malraux-devient-etablissement-pilote-en-matiere-dintelligence-artificielle\/#primaryimage\"},\"image\":{\"@id\":\"https:\/\/vosgesinfo.fr\/saintdieinfo\/2025\/12\/senones-le-college-andre-malraux-devient-etablissement-pilote-en-matiere-dintelligence-artificielle\/#primaryimage\"},\"thumbnailUrl\":\"https:\/\/vosgesinfo.fr\/app\/uploads\/sites\/4\/2025\/12\/senones-observatoire-ia-college-andre-malraux-1.jpg\",\"datePublished\":\"2025-12-09T14:13:39+00:00\",\"dateModified\":\"2025-12-09T14:02:00+00:00\",\"breadcrumb\":{\"@id\":\"https:\/\/vosgesinfo.fr\/saintdieinfo\/2025\/12\/senones-le-college-andre-malraux-devient-etablissement-pilote-en-matiere-dintelligence-artificielle\/#breadcrumb\"},\"inLanguage\":\"fr-FR\",\"potentialAction\":[{\"@type\":\"ReadAction\",\"target\":[\"https:\/\/vosgesinfo.fr\/saintdieinfo\/2025\/12\/senones-le-college-andre-malraux-devient-etablissement-pilote-en-matiere-dintelligence-artificielle\/\"]}]},{\"@type\":\"ImageObject\",\"inLanguage\":\"fr-FR\",\"@id\":\"https:\/\/vosgesinfo.fr\/saintdieinfo\/2025\/12\/senones-le-college-andre-malraux-devient-etablissement-pilote-en-matiere-dintelligence-artificielle\/#primaryimage\",\"url\":\"https:\/\/vosgesinfo.fr\/app\/uploads\/sites\/4\/2025\/12\/senones-observatoire-ia-college-andre-malraux-1.jpg\",\"contentUrl\":\"https:\/\/vosgesinfo.fr\/app\/uploads\/sites\/4\/2025\/12\/senones-observatoire-ia-college-andre-malraux-1.jpg\",\"width\":1920,\"height\":1080,\"caption\":\"(Photographies coll\u00e8ge Andr\u00e9-Malraux)\"},{\"@type\":\"BreadcrumbList\",\"@id\":\"https:\/\/vosgesinfo.fr\/saintdieinfo\/2025\/12\/senones-le-college-andre-malraux-devient-etablissement-pilote-en-matiere-dintelligence-artificielle\/#breadcrumb\",\"itemListElement\":[{\"@type\":\"ListItem\",\"position\":1,\"name\":\"Home\",\"item\":\"https:\/\/vosgesinfo.fr\/saintdieinfo\/\"},{\"@type\":\"ListItem\",\"position\":2,\"name\":\"Senones \u2013 Le coll\u00e8ge Andr\u00e9-Malraux devient \u00e9tablissement pilote en mati\u00e8re d\u2019intelligence artificielle\"}]},{\"@type\":\"WebSite\",\"@id\":\"https:\/\/vosgesinfo.fr\/saintdieinfo\/#website\",\"url\":\"https:\/\/vosgesinfo.fr\/saintdieinfo\/\",\"name\":\"Saint Die Info\",\"description\":\"Toute l&#039;actualit\u00e9 de Saint-Di\u00e9-Des-Vosges\",\"publisher\":{\"@id\":\"https:\/\/vosgesinfo.fr\/saintdieinfo\/#organization\"},\"alternateName\":\"Toute l'actualit\u00e9 de Saint-Di\u00e9-Des-Vosges\",\"potentialAction\":[{\"@type\":\"SearchAction\",\"target\":{\"@type\":\"EntryPoint\",\"urlTemplate\":\"https:\/\/vosgesinfo.fr\/saintdieinfo\/?s={search_term_string}\"},\"query-input\":\"required name=search_term_string\"}],\"inLanguage\":\"fr-FR\"},{\"@type\":\"Organization\",\"@id\":\"https:\/\/vosgesinfo.fr\/saintdieinfo\/#organization\",\"name\":\"Saint Die Info\",\"url\":\"https:\/\/vosgesinfo.fr\/saintdieinfo\/\",\"logo\":{\"@type\":\"ImageObject\",\"inLanguage\":\"fr-FR\",\"@id\":\"https:\/\/vosgesinfo.fr\/saintdieinfo\/#\/schema\/logo\/image\/\",\"url\":\"https:\/\/vosgesinfo.fr\/app\/uploads\/sites\/4\/2024\/02\/logo-sdi.jpg\",\"contentUrl\":\"https:\/\/vosgesinfo.fr\/app\/uploads\/sites\/4\/2024\/02\/logo-sdi.jpg\",\"width\":600,\"height\":600,\"caption\":\"Saint Die Info\"},\"image\":{\"@id\":\"https:\/\/vosgesinfo.fr\/saintdieinfo\/#\/schema\/logo\/image\/\"},\"sameAs\":[\"https:\/\/www.facebook.com\/Saintdieinfofr\",\"https:\/\/x.com\/VosgesInfo88\",\"https:\/\/www.youtube.com\/@vosgesinfo\"]},{\"@type\":\"Person\",\"@id\":\"https:\/\/vosgesinfo.fr\/saintdieinfo\/#\/schema\/person\/fa73e9f726d67bb88f46d5b7943cb572\",\"name\":\"J.J.\",\"image\":{\"@type\":\"ImageObject\",\"inLanguage\":\"fr-FR\",\"@id\":\"https:\/\/vosgesinfo.fr\/saintdieinfo\/#\/schema\/person\/image\/\",\"url\":\"https:\/\/secure.gravatar.com\/avatar\/219e749e47ffbcca018a360ae4add7d4cdf1cdaaf8bc7676b27efade3fe65615?s=96&d=mm&r=g\",\"contentUrl\":\"https:\/\/secure.gravatar.com\/avatar\/219e749e47ffbcca018a360ae4add7d4cdf1cdaaf8bc7676b27efade3fe65615?s=96&d=mm&r=g\",\"caption\":\"J.J.\"},\"url\":\"https:\/\/vosgesinfo.fr\/saintdieinfo\/author\/j-j\/\"}]}<\/script>\n<!-- \/ Yoast SEO plugin. -->","yoast_head_json":{"title":"Senones \u2013 Le coll\u00e8ge Andr\u00e9-Malraux devient \u00e9tablissement pilote en mati\u00e8re d\u2019intelligence artificielle - Saint Die Info","robots":{"index":"index","follow":"follow","max-snippet":"max-snippet:-1","max-image-preview":"max-image-preview:large","max-video-preview":"max-video-preview:-1"},"canonical":"https:\/\/vosgesinfo.fr\/saintdieinfo\/2025\/12\/senones-le-college-andre-malraux-devient-etablissement-pilote-en-matiere-dintelligence-artificielle\/","twitter_card":"summary_large_image","twitter_title":"Senones \u2013 Le coll\u00e8ge Andr\u00e9-Malraux devient \u00e9tablissement pilote en mati\u00e8re d\u2019intelligence artificielle - Saint Die Info","twitter_description":"Fort de ses projets dans le num\u00e9rique, le coll\u00e8ge Andr\u00e9 Malraux de Senones a \u00e9t\u00e9 retenu par l\u2019Observatoire de l\u2019IA [&hellip;]","twitter_image":"https:\/\/vosgesinfo.fr\/app\/uploads\/sites\/4\/2025\/12\/senones-observatoire-ia-college-andre-malraux-1.jpg","twitter_creator":"@VosgesInfo88","twitter_site":"@VosgesInfo88","twitter_misc":{"\u00c9crit par":"J.J.","Dur\u00e9e de lecture estim\u00e9e":"3 minutes"},"schema":{"@context":"https:\/\/schema.org","@graph":[{"@type":"Article","@id":"https:\/\/vosgesinfo.fr\/saintdieinfo\/2025\/12\/senones-le-college-andre-malraux-devient-etablissement-pilote-en-matiere-dintelligence-artificielle\/#article","isPartOf":{"@id":"https:\/\/vosgesinfo.fr\/saintdieinfo\/2025\/12\/senones-le-college-andre-malraux-devient-etablissement-pilote-en-matiere-dintelligence-artificielle\/"},"author":{"name":"J.J.","@id":"https:\/\/vosgesinfo.fr\/saintdieinfo\/#\/schema\/person\/fa73e9f726d67bb88f46d5b7943cb572"},"headline":"Senones \u2013 Le coll\u00e8ge Andr\u00e9-Malraux devient \u00e9tablissement pilote en mati\u00e8re d\u2019intelligence artificielle","datePublished":"2025-12-09T14:13:39+00:00","dateModified":"2025-12-09T14:02:00+00:00","mainEntityOfPage":{"@id":"https:\/\/vosgesinfo.fr\/saintdieinfo\/2025\/12\/senones-le-college-andre-malraux-devient-etablissement-pilote-en-matiere-dintelligence-artificielle\/"},"wordCount":401,"commentCount":0,"publisher":{"@id":"https:\/\/vosgesinfo.fr\/saintdieinfo\/#organization"},"image":{"@id":"https:\/\/vosgesinfo.fr\/saintdieinfo\/2025\/12\/senones-le-college-andre-malraux-devient-etablissement-pilote-en-matiere-dintelligence-artificielle\/#primaryimage"},"thumbnailUrl":"https:\/\/vosgesinfo.fr\/app\/uploads\/sites\/4\/2025\/12\/senones-observatoire-ia-college-andre-malraux-1.jpg","keywords":["BBEE Barom\u00e8tre du Bien-\u00catre \u00e0 l\u2019\u00c9cole","coll\u00e8ge Andr\u00e9 Malraux Senones","concours Science Factor 2023-2024","\u00e9ducation num\u00e9rique Vosges","\u00e9tablissement pilote IA","IA Samantha","intelligence artificielle \u00e0 l\u2019\u00e9cole","Observatoire de l\u2019IA","Option Humanit\u00e9 Num\u00e9rique"],"articleSection":["A la Une","D\u00e9odatie","\u00c9ducation","Vosges"],"inLanguage":"fr-FR","potentialAction":[{"@type":"CommentAction","name":"Comment","target":["https:\/\/vosgesinfo.fr\/saintdieinfo\/2025\/12\/senones-le-college-andre-malraux-devient-etablissement-pilote-en-matiere-dintelligence-artificielle\/#respond"]}]},{"@type":"WebPage","@id":"https:\/\/vosgesinfo.fr\/saintdieinfo\/2025\/12\/senones-le-college-andre-malraux-devient-etablissement-pilote-en-matiere-dintelligence-artificielle\/","url":"https:\/\/vosgesinfo.fr\/saintdieinfo\/2025\/12\/senones-le-college-andre-malraux-devient-etablissement-pilote-en-matiere-dintelligence-artificielle\/","name":"Senones \u2013 Le coll\u00e8ge Andr\u00e9-Malraux devient \u00e9tablissement pilote en mati\u00e8re d\u2019intelligence artificielle - Saint Die Info","isPartOf":{"@id":"https:\/\/vosgesinfo.fr\/saintdieinfo\/#website"},"primaryImageOfPage":{"@id":"https:\/\/vosgesinfo.fr\/saintdieinfo\/2025\/12\/senones-le-college-andre-malraux-devient-etablissement-pilote-en-matiere-dintelligence-artificielle\/#primaryimage"},"image":{"@id":"https:\/\/vosgesinfo.fr\/saintdieinfo\/2025\/12\/senones-le-college-andre-malraux-devient-etablissement-pilote-en-matiere-dintelligence-artificielle\/#primaryimage"},"thumbnailUrl":"https:\/\/vosgesinfo.fr\/app\/uploads\/sites\/4\/2025\/12\/senones-observatoire-ia-college-andre-malraux-1.jpg","datePublished":"2025-12-09T14:13:39+00:00","dateModified":"2025-12-09T14:02:00+00:00","breadcrumb":{"@id":"https:\/\/vosgesinfo.fr\/saintdieinfo\/2025\/12\/senones-le-college-andre-malraux-devient-etablissement-pilote-en-matiere-dintelligence-artificielle\/#breadcrumb"},"inLanguage":"fr-FR","potentialAction":[{"@type":"ReadAction","target":["https:\/\/vosgesinfo.fr\/saintdieinfo\/2025\/12\/senones-le-college-andre-malraux-devient-etablissement-pilote-en-matiere-dintelligence-artificielle\/"]}]},{"@type":"ImageObject","inLanguage":"fr-FR","@id":"https:\/\/vosgesinfo.fr\/saintdieinfo\/2025\/12\/senones-le-college-andre-malraux-devient-etablissement-pilote-en-matiere-dintelligence-artificielle\/#primaryimage","url":"https:\/\/vosgesinfo.fr\/app\/uploads\/sites\/4\/2025\/12\/senones-observatoire-ia-college-andre-malraux-1.jpg","contentUrl":"https:\/\/vosgesinfo.fr\/app\/uploads\/sites\/4\/2025\/12\/senones-observatoire-ia-college-andre-malraux-1.jpg","width":1920,"height":1080,"caption":"(Photographies coll\u00e8ge Andr\u00e9-Malraux)"},{"@type":"BreadcrumbList","@id":"https:\/\/vosgesinfo.fr\/saintdieinfo\/2025\/12\/senones-le-college-andre-malraux-devient-etablissement-pilote-en-matiere-dintelligence-artificielle\/#breadcrumb","itemListElement":[{"@type":"ListItem","position":1,"name":"Home","item":"https:\/\/vosgesinfo.fr\/saintdieinfo\/"},{"@type":"ListItem","position":2,"name":"Senones \u2013 Le coll\u00e8ge Andr\u00e9-Malraux devient \u00e9tablissement pilote en mati\u00e8re d\u2019intelligence artificielle"}]},{"@type":"WebSite","@id":"https:\/\/vosgesinfo.fr\/saintdieinfo\/#website","url":"https:\/\/vosgesinfo.fr\/saintdieinfo\/","name":"Saint Die Info","description":"Toute l&#039;actualit\u00e9 de Saint-Di\u00e9-Des-Vosges","publisher":{"@id":"https:\/\/vosgesinfo.fr\/saintdieinfo\/#organization"},"alternateName":"Toute l'actualit\u00e9 de Saint-Di\u00e9-Des-Vosges","potentialAction":[{"@type":"SearchAction","target":{"@type":"EntryPoint","urlTemplate":"https:\/\/vosgesinfo.fr\/saintdieinfo\/?s={search_term_string}"},"query-input":"required name=search_term_string"}],"inLanguage":"fr-FR"},{"@type":"Organization","@id":"https:\/\/vosgesinfo.fr\/saintdieinfo\/#organization","name":"Saint Die Info","url":"https:\/\/vosgesinfo.fr\/saintdieinfo\/","logo":{"@type":"ImageObject","inLanguage":"fr-FR","@id":"https:\/\/vosgesinfo.fr\/saintdieinfo\/#\/schema\/logo\/image\/","url":"https:\/\/vosgesinfo.fr\/app\/uploads\/sites\/4\/2024\/02\/logo-sdi.jpg","contentUrl":"https:\/\/vosgesinfo.fr\/app\/uploads\/sites\/4\/2024\/02\/logo-sdi.jpg","width":600,"height":600,"caption":"Saint Die Info"},"image":{"@id":"https:\/\/vosgesinfo.fr\/saintdieinfo\/#\/schema\/logo\/image\/"},"sameAs":["https:\/\/www.facebook.com\/Saintdieinfofr","https:\/\/x.com\/VosgesInfo88","https:\/\/www.youtube.com\/@vosgesinfo"]},{"@type":"Person","@id":"https:\/\/vosgesinfo.fr\/saintdieinfo\/#\/schema\/person\/fa73e9f726d67bb88f46d5b7943cb572","name":"J.J.","image":{"@type":"ImageObject","inLanguage":"fr-FR","@id":"https:\/\/vosgesinfo.fr\/saintdieinfo\/#\/schema\/person\/image\/","url":"https:\/\/secure.gravatar.com\/avatar\/219e749e47ffbcca018a360ae4add7d4cdf1cdaaf8bc7676b27efade3fe65615?s=96&d=mm&r=g","contentUrl":"https:\/\/secure.gravatar.com\/avatar\/219e749e47ffbcca018a360ae4add7d4cdf1cdaaf8bc7676b27efade3fe65615?s=96&d=mm&r=g","caption":"J.J."},"url":"https:\/\/vosgesinfo.fr\/saintdieinfo\/author\/j-j\/"}]}},"_links":{"self":[{"href":"https:\/\/vosgesinfo.fr\/saintdieinfo\/wp-json\/wp\/v2\/posts\/85706","targetHints":{"allow":["GET"]}}],"collection":[{"href":"https:\/\/vosgesinfo.fr\/saintdieinfo\/wp-json\/wp\/v2\/posts"}],"about":[{"href":"https:\/\/vosgesinfo.fr\/saintdieinfo\/wp-json\/wp\/v2\/types\/post"}],"author":[{"embeddable":true,"href":"https:\/\/vosgesinfo.fr\/saintdieinfo\/wp-json\/wp\/v2\/users\/46"}],"replies":[{"embeddable":true,"href":"https:\/\/vosgesinfo.fr\/saintdieinfo\/wp-json\/wp\/v2\/comments?post=85706"}],"version-history":[{"count":2,"href":"https:\/\/vosgesinfo.fr\/saintdieinfo\/wp-json\/wp\/v2\/posts\/85706\/revisions"}],"predecessor-version":[{"id":85712,"href":"https:\/\/vosgesinfo.fr\/saintdieinfo\/wp-json\/wp\/v2\/posts\/85706\/revisions\/85712"}],"wp:featuredmedia":[{"embeddable":true,"href":"https:\/\/vosgesinfo.fr\/saintdieinfo\/wp-json\/wp\/v2\/media\/85707"}],"wp:attachment":[{"href":"https:\/\/vosgesinfo.fr\/saintdieinfo\/wp-json\/wp\/v2\/media?parent=85706"}],"wp:term":[{"taxonomy":"category","embeddable":true,"href":"https:\/\/vosgesinfo.fr\/saintdieinfo\/wp-json\/wp\/v2\/categories?post=85706"},{"taxonomy":"post_tag","embeddable":true,"href":"https:\/\/vosgesinfo.fr\/saintdieinfo\/wp-json\/wp\/v2\/tags?post=85706"}],"curies":[{"name":"wp","href":"https:\/\/api.w.org\/{rel}","templated":true}]}}