{"id":85713,"date":"2025-12-09T17:33:28","date_gmt":"2025-12-09T16:33:28","guid":{"rendered":"https:\/\/vosgesinfo.fr\/saintdieinfo\/?p=85713"},"modified":"2025-12-09T17:29:49","modified_gmt":"2025-12-09T16:29:49","slug":"un-habitat-inclusif-inaugure-a-saint-die-des-vosges-dans-le-quartier-de-lorme","status":"publish","type":"post","link":"https:\/\/vosgesinfo.fr\/saintdieinfo\/2025\/12\/un-habitat-inclusif-inaugure-a-saint-die-des-vosges-dans-le-quartier-de-lorme\/","title":{"rendered":"Un habitat inclusif inaugur\u00e9 \u00e0 Saint-Di\u00e9-des-Vosges, dans le quartier de l&rsquo;Orme"},"content":{"rendered":"<p><a href=\"https:\/\/vosgesinfo.fr\/app\/uploads\/sites\/4\/2025\/12\/inauguration-habitats-inclusifs-vosgelis-5.jpg\"><img decoding=\"async\" class=\"alignnone size-large wp-image-85718\" src=\"https:\/\/vosgesinfo.fr\/app\/uploads\/sites\/4\/2025\/12\/inauguration-habitats-inclusifs-vosgelis-5-1024x771.jpg\" alt=\"\" width=\"1024\" height=\"771\" srcset=\"https:\/\/vosgesinfo.fr\/app\/uploads\/sites\/4\/2025\/12\/inauguration-habitats-inclusifs-vosgelis-5-1024x771.jpg 1024w, https:\/\/vosgesinfo.fr\/app\/uploads\/sites\/4\/2025\/12\/inauguration-habitats-inclusifs-vosgelis-5-300x226.jpg 300w, https:\/\/vosgesinfo.fr\/app\/uploads\/sites\/4\/2025\/12\/inauguration-habitats-inclusifs-vosgelis-5-768x578.jpg 768w, https:\/\/vosgesinfo.fr\/app\/uploads\/sites\/4\/2025\/12\/inauguration-habitats-inclusifs-vosgelis-5.jpg 1434w\" sizes=\"(max-width: 1024px) 100vw, 1024px\" \/><\/a><\/p>\n<h2>Un <strong>habitat inclusif<\/strong> a \u00e9t\u00e9 inaugur\u00e9 hier lundi 8 d\u00e9cembre \u00e0 <strong>Saint-Di\u00e9-des-Vosges<\/strong>. Situ\u00e9 au <strong>31 rue des Alli\u00e9s<\/strong> dans le quartier de l&rsquo;Orme, ce local de <strong>60 m\u00b2<\/strong> en rez-de-chauss\u00e9e accueille les habitants du quartier, seniors de plus de 65 ans ou personnes en situation de handicap, qui souhaitent continuer \u00e0 vivre chez eux tout en b\u00e9n\u00e9ficiant d\u2019un accompagnement de proximit\u00e9. Le lieu est g\u00e9r\u00e9 par l\u2019<strong>Association Tut\u00e9laire des Vosges \u2013 ATV \u2013<\/strong> en partenariat avec le bailleur social <strong>Vosgelis<\/strong>, propri\u00e9taire du local.<\/h2>\n<p><!--more--><\/p>\n<h3><strong>Une animatrice \u00e0 temps plein pour faire vivre le lieu<\/strong><\/h3>\n<p>Ouvert depuis avril dernier, cet habitat inclusif propose <strong>10 places au maximum<\/strong>, \u00e0 raison de 5 personnes seniors et 5 personnes en situation de handicap. Il est accessible de <strong>9 h \u00e0 12 h<\/strong> et de <strong>14 h \u00e0 17 h<\/strong>. Sur place, <strong>Ma\u00eblys Burtin<\/strong>, animatrice \u00e0 temps plein, organise les temps d\u2019accueil, les animations quotidiennes et des sorties ponctuelles, afin de maintenir le lien social et d\u2019\u00e9viter l\u2019isolement des personnes accompagn\u00e9es.<\/p>\n<h3><strong>Une inauguration lundi matin<\/strong><\/h3>\n<p>L\u2019inauguration s\u2019est d\u00e9roul\u00e9e en matin\u00e9e, en pr\u00e9sence du maire de Saint-Di\u00e9-des-Vosges <strong data-start=\"87\" data-end=\"106\">Bruno Toussaint<\/strong>, de <strong data-start=\"111\" data-end=\"128\">Sophie Gerard<\/strong> et <strong data-start=\"132\" data-end=\"149\">Julien Perrin<\/strong>, respectivement directrice g\u00e9n\u00e9rale adjointe et directeur de l\u2019agence d\u00e9odatienne de Vosgelis, de <strong data-start=\"248\" data-end=\"266\">Pierre Boissot<\/strong>, chef du service Strat\u00e9gie et Parcours \u00e0 la Maison D\u00e9partementale de l\u2019Autonomie, et d\u2019<strong data-start=\"354\" data-end=\"373\">Emmanuelle Viry<\/strong>, directrice g\u00e9n\u00e9rale de l\u2019ATV.<\/p>\n<h3><strong>Deux nouveaux autres habitats inclusifs \u00e0 Etival-Clairefontaine et G\u00e9rardmer<\/strong><\/h3>\n<p>Deux autres <strong data-start=\"12\" data-end=\"34\">habitats inclusifs<\/strong> ont \u00e9galement \u00e9t\u00e9 inaugur\u00e9s ce lundi, \u00e0 <strong data-start=\"65\" data-end=\"90\">Etival-Clairefontaine<\/strong> et \u00e0 <strong data-start=\"96\" data-end=\"109\">G\u00e9rardmer<\/strong>. Ils sont respectivement g\u00e9r\u00e9s par l\u2019<strong data-start=\"147\" data-end=\"155\">ADMR<\/strong> et l\u2019<strong data-start=\"161\" data-end=\"171\">Adavie<\/strong>. Et comme \u00e0 Saint-Di\u00e9-des-Vosges, leurs locaux appartiennent au bailleur social <strong data-start=\"252\" data-end=\"264\">Vosgelis<\/strong>. Ces trois sites viennent renforcer l\u2019offre d\u2019accompagnement de proximit\u00e9 pour les seniors et les personnes en situation de handicap sur le territoire vosgien, avec <strong data-start=\"430\" data-end=\"459\">34 places suppl\u00e9mentaires<\/strong> au total.<\/p>\n<h3><strong>Un financement soutenu par le D\u00e9partement et l\u2019AMI CNSA<\/strong><\/h3>\n<p>Le co\u00fbt d\u2019am\u00e9nagement de ces trois habitats inclusifs s\u2019\u00e9l\u00e8ve, respectivement, \u00e0 <strong data-start=\"81\" data-end=\"93\">15 500 \u20ac<\/strong> pour Saint-Di\u00e9-des-Vosges, <strong data-start=\"121\" data-end=\"133\">14 200 \u20ac<\/strong> pour Etival-Clairefontaine et <strong data-start=\"164\" data-end=\"176\">24 700 \u20ac<\/strong> pour G\u00e9rardmer. Ces op\u00e9rations sont financ\u00e9es par des subventions du <strong data-start=\"246\" data-end=\"282\">Conseil D\u00e9partemental des Vosges<\/strong> et de l\u2019<strong data-start=\"291\" data-end=\"303\">AMI CNSA<\/strong>, \u00e0 hauteur de <strong data-start=\"318\" data-end=\"330\">15 500 \u20ac<\/strong> pour Saint-Di\u00e9-des-Vosges, <strong data-start=\"358\" data-end=\"370\">14 200 \u20ac<\/strong> pour Etival-Clairefontaine et <strong data-start=\"401\" data-end=\"413\">18 600 \u20ac<\/strong> pour G\u00e9rardmer, o\u00f9 les <strong data-start=\"437\" data-end=\"448\">6 100 \u20ac<\/strong> restants ont \u00e9t\u00e9 pris en charge sur les fonds propres de Vosgelis.<\/p>\n<h3><strong>Bient\u00f4t 23 habitats inclusifs dans les Vosges<\/strong><\/h3>\n<p>Il existe actuellement <strong>18 habitats inclusifs<\/strong> dans les Vosges. Ils seront bient\u00f4t <strong>23<\/strong>, pour un objectif de <strong>320 personnes accompagn\u00e9es<\/strong> au total.<\/p>\n\n\t\t<style type=\"text\/css\">\n\t\t\t#gallery-1 {\n\t\t\t\tmargin: auto;\n\t\t\t}\n\t\t\t#gallery-1 .gallery-item {\n\t\t\t\tfloat: left;\n\t\t\t\tmargin-top: 10px;\n\t\t\t\ttext-align: center;\n\t\t\t\twidth: 33%;\n\t\t\t}\n\t\t\t#gallery-1 img {\n\t\t\t\tborder: 2px solid #cfcfcf;\n\t\t\t}\n\t\t\t#gallery-1 .gallery-caption {\n\t\t\t\tmargin-left: 0;\n\t\t\t}\n\t\t\t\/* see gallery_shortcode() in wp-includes\/media.php *\/\n\t\t<\/style>\n\t\t<div id='gallery-1' class='gallery galleryid-85713 gallery-columns-3 gallery-size-thumbnail'><dl class='gallery-item'>\n\t\t\t<dt class='gallery-icon landscape'>\n\t\t\t\t<a href='https:\/\/vosgesinfo.fr\/app\/uploads\/sites\/4\/2025\/12\/inauguration-habitats-inclusifs-vosgelis-1.jpg'><img decoding=\"async\" width=\"150\" height=\"150\" src=\"https:\/\/vosgesinfo.fr\/app\/uploads\/sites\/4\/2025\/12\/inauguration-habitats-inclusifs-vosgelis-1-150x150.jpg\" class=\"attachment-thumbnail size-thumbnail\" alt=\"\" \/><\/a>\n\t\t\t<\/dt><\/dl><dl class='gallery-item'>\n\t\t\t<dt class='gallery-icon landscape'>\n\t\t\t\t<a href='https:\/\/vosgesinfo.fr\/app\/uploads\/sites\/4\/2025\/12\/inauguration-habitats-inclusifs-vosgelis-2.jpg'><img decoding=\"async\" width=\"150\" height=\"150\" src=\"https:\/\/vosgesinfo.fr\/app\/uploads\/sites\/4\/2025\/12\/inauguration-habitats-inclusifs-vosgelis-2-150x150.jpg\" class=\"attachment-thumbnail size-thumbnail\" alt=\"\" \/><\/a>\n\t\t\t<\/dt><\/dl><dl class='gallery-item'>\n\t\t\t<dt class='gallery-icon landscape'>\n\t\t\t\t<a href='https:\/\/vosgesinfo.fr\/app\/uploads\/sites\/4\/2025\/12\/inauguration-habitats-inclusifs-vosgelis-3.jpg'><img decoding=\"async\" width=\"150\" height=\"150\" src=\"https:\/\/vosgesinfo.fr\/app\/uploads\/sites\/4\/2025\/12\/inauguration-habitats-inclusifs-vosgelis-3-150x150.jpg\" class=\"attachment-thumbnail size-thumbnail\" alt=\"\" \/><\/a>\n\t\t\t<\/dt><\/dl><br style=\"clear: both\" \/><dl class='gallery-item'>\n\t\t\t<dt class='gallery-icon landscape'>\n\t\t\t\t<a href='https:\/\/vosgesinfo.fr\/app\/uploads\/sites\/4\/2025\/12\/inauguration-habitats-inclusifs-vosgelis-4.jpg'><img decoding=\"async\" width=\"150\" height=\"150\" src=\"https:\/\/vosgesinfo.fr\/app\/uploads\/sites\/4\/2025\/12\/inauguration-habitats-inclusifs-vosgelis-4-150x150.jpg\" class=\"attachment-thumbnail size-thumbnail\" alt=\"\" \/><\/a>\n\t\t\t<\/dt><\/dl><dl class='gallery-item'>\n\t\t\t<dt class='gallery-icon landscape'>\n\t\t\t\t<a href='https:\/\/vosgesinfo.fr\/app\/uploads\/sites\/4\/2025\/12\/inauguration-habitats-inclusifs-vosgelis-6.jpg'><img decoding=\"async\" width=\"150\" height=\"150\" src=\"https:\/\/vosgesinfo.fr\/app\/uploads\/sites\/4\/2025\/12\/inauguration-habitats-inclusifs-vosgelis-6-150x150.jpg\" class=\"attachment-thumbnail size-thumbnail\" alt=\"\" \/><\/a>\n\t\t\t<\/dt><\/dl><dl class='gallery-item'>\n\t\t\t<dt class='gallery-icon landscape'>\n\t\t\t\t<a href='https:\/\/vosgesinfo.fr\/app\/uploads\/sites\/4\/2025\/12\/inauguration-habitats-inclusifs-vosgelis-7.jpg'><img decoding=\"async\" width=\"150\" height=\"150\" src=\"https:\/\/vosgesinfo.fr\/app\/uploads\/sites\/4\/2025\/12\/inauguration-habitats-inclusifs-vosgelis-7-150x150.jpg\" class=\"attachment-thumbnail size-thumbnail\" alt=\"\" \/><\/a>\n\t\t\t<\/dt><\/dl><br style=\"clear: both\" \/>\n\t\t<\/div>\n\n","protected":false},"excerpt":{"rendered":"<p>Un habitat inclusif a \u00e9t\u00e9 inaugur\u00e9 hier lundi 8 d\u00e9cembre \u00e0 Saint-Di\u00e9-des-Vosges. Situ\u00e9 au 31 rue des Alli\u00e9s dans le [&hellip;]<\/p>\n","protected":false},"author":46,"featured_media":85718,"comment_status":"open","ping_status":"open","sticky":false,"template":"","format":"standard","meta":{"footnotes":""},"categories":[460,3903,167,29,17],"tags":[19350,8567,19103,19352,19351,529,19349,19353,5090,19354,3689,16955,1902],"class_list":["post-85713","post","type-post","status-publish","format-standard","has-post-thumbnail","hentry","category-a-la-une","category-deodatie","category-saint-die-des-vosges","category-solidarite","category-vie-associative","tag-31-rue-des-allies","tag-adavie","tag-admr","tag-ami-cnsa","tag-association-tutelaire-des-vosges-atv","tag-conseil-departemental-des-vosges","tag-habitat-inclusif-saint-die-des-vosges","tag-habitats-inclusifs-vosges","tag-handicap","tag-logement-inclusif","tag-quartier-de-lorme","tag-seniors","tag-vosgelis"],"acf":[],"yoast_head":"<!-- This site is optimized with the Yoast SEO plugin v22.5 - https:\/\/yoast.com\/wordpress\/plugins\/seo\/ -->\n<title>Un habitat inclusif inaugur\u00e9 \u00e0 Saint-Di\u00e9-des-Vosges, dans le quartier de l&#039;Orme - Saint Die Info<\/title>\n<meta name=\"robots\" content=\"index, follow, max-snippet:-1, max-image-preview:large, max-video-preview:-1\" \/>\n<link rel=\"canonical\" href=\"https:\/\/vosgesinfo.fr\/saintdieinfo\/2025\/12\/un-habitat-inclusif-inaugure-a-saint-die-des-vosges-dans-le-quartier-de-lorme\/\" \/>\n<meta name=\"twitter:card\" content=\"summary_large_image\" \/>\n<meta name=\"twitter:title\" content=\"Un habitat inclusif inaugur\u00e9 \u00e0 Saint-Di\u00e9-des-Vosges, dans le quartier de l&#039;Orme - Saint Die Info\" \/>\n<meta name=\"twitter:description\" content=\"Un habitat inclusif a \u00e9t\u00e9 inaugur\u00e9 hier lundi 8 d\u00e9cembre \u00e0 Saint-Di\u00e9-des-Vosges. Situ\u00e9 au 31 rue des Alli\u00e9s dans le [&hellip;]\" \/>\n<meta name=\"twitter:image\" content=\"https:\/\/vosgesinfo.fr\/app\/uploads\/sites\/4\/2025\/12\/inauguration-habitats-inclusifs-vosgelis-5.jpg\" \/>\n<meta name=\"twitter:creator\" content=\"@VosgesInfo88\" \/>\n<meta name=\"twitter:site\" content=\"@VosgesInfo88\" \/>\n<meta name=\"twitter:label1\" content=\"\u00c9crit par\" \/>\n\t<meta name=\"twitter:data1\" content=\"J.J.\" \/>\n\t<meta name=\"twitter:label2\" content=\"Dur\u00e9e de lecture estim\u00e9e\" \/>\n\t<meta name=\"twitter:data2\" content=\"2 minutes\" \/>\n<script type=\"application\/ld+json\" class=\"yoast-schema-graph\">{\"@context\":\"https:\/\/schema.org\",\"@graph\":[{\"@type\":\"Article\",\"@id\":\"https:\/\/vosgesinfo.fr\/saintdieinfo\/2025\/12\/un-habitat-inclusif-inaugure-a-saint-die-des-vosges-dans-le-quartier-de-lorme\/#article\",\"isPartOf\":{\"@id\":\"https:\/\/vosgesinfo.fr\/saintdieinfo\/2025\/12\/un-habitat-inclusif-inaugure-a-saint-die-des-vosges-dans-le-quartier-de-lorme\/\"},\"author\":{\"name\":\"J.J.\",\"@id\":\"https:\/\/vosgesinfo.fr\/saintdieinfo\/#\/schema\/person\/fa73e9f726d67bb88f46d5b7943cb572\"},\"headline\":\"Un habitat inclusif inaugur\u00e9 \u00e0 Saint-Di\u00e9-des-Vosges, dans le quartier de l&rsquo;Orme\",\"datePublished\":\"2025-12-09T16:33:28+00:00\",\"dateModified\":\"2025-12-09T16:29:49+00:00\",\"mainEntityOfPage\":{\"@id\":\"https:\/\/vosgesinfo.fr\/saintdieinfo\/2025\/12\/un-habitat-inclusif-inaugure-a-saint-die-des-vosges-dans-le-quartier-de-lorme\/\"},\"wordCount\":437,\"commentCount\":0,\"publisher\":{\"@id\":\"https:\/\/vosgesinfo.fr\/saintdieinfo\/#organization\"},\"image\":{\"@id\":\"https:\/\/vosgesinfo.fr\/saintdieinfo\/2025\/12\/un-habitat-inclusif-inaugure-a-saint-die-des-vosges-dans-le-quartier-de-lorme\/#primaryimage\"},\"thumbnailUrl\":\"https:\/\/vosgesinfo.fr\/app\/uploads\/sites\/4\/2025\/12\/inauguration-habitats-inclusifs-vosgelis-5.jpg\",\"keywords\":[\"31 rue des Alli\u00e9s\",\"ADAVIE\",\"ADMR\",\"AMI CNSA\",\"Association Tut\u00e9laire des Vosges ATV\",\"Conseil d\u00e9partemental des Vosges\",\"habitat inclusif Saint-Di\u00e9-des-Vosges\",\"habitats inclusifs Vosges\",\"Handicap\",\"logement inclusif\",\"Quartier de l'Orme\",\"seniors\",\"Vosgelis\"],\"articleSection\":[\"A la Une\",\"D\u00e9odatie\",\"Saint-Di\u00e9-des-Vosges\",\"Solidarit\u00e9\",\"Vie Associative\"],\"inLanguage\":\"fr-FR\",\"potentialAction\":[{\"@type\":\"CommentAction\",\"name\":\"Comment\",\"target\":[\"https:\/\/vosgesinfo.fr\/saintdieinfo\/2025\/12\/un-habitat-inclusif-inaugure-a-saint-die-des-vosges-dans-le-quartier-de-lorme\/#respond\"]}]},{\"@type\":\"WebPage\",\"@id\":\"https:\/\/vosgesinfo.fr\/saintdieinfo\/2025\/12\/un-habitat-inclusif-inaugure-a-saint-die-des-vosges-dans-le-quartier-de-lorme\/\",\"url\":\"https:\/\/vosgesinfo.fr\/saintdieinfo\/2025\/12\/un-habitat-inclusif-inaugure-a-saint-die-des-vosges-dans-le-quartier-de-lorme\/\",\"name\":\"Un habitat inclusif inaugur\u00e9 \u00e0 Saint-Di\u00e9-des-Vosges, dans le quartier de l'Orme - Saint Die Info\",\"isPartOf\":{\"@id\":\"https:\/\/vosgesinfo.fr\/saintdieinfo\/#website\"},\"primaryImageOfPage\":{\"@id\":\"https:\/\/vosgesinfo.fr\/saintdieinfo\/2025\/12\/un-habitat-inclusif-inaugure-a-saint-die-des-vosges-dans-le-quartier-de-lorme\/#primaryimage\"},\"image\":{\"@id\":\"https:\/\/vosgesinfo.fr\/saintdieinfo\/2025\/12\/un-habitat-inclusif-inaugure-a-saint-die-des-vosges-dans-le-quartier-de-lorme\/#primaryimage\"},\"thumbnailUrl\":\"https:\/\/vosgesinfo.fr\/app\/uploads\/sites\/4\/2025\/12\/inauguration-habitats-inclusifs-vosgelis-5.jpg\",\"datePublished\":\"2025-12-09T16:33:28+00:00\",\"dateModified\":\"2025-12-09T16:29:49+00:00\",\"breadcrumb\":{\"@id\":\"https:\/\/vosgesinfo.fr\/saintdieinfo\/2025\/12\/un-habitat-inclusif-inaugure-a-saint-die-des-vosges-dans-le-quartier-de-lorme\/#breadcrumb\"},\"inLanguage\":\"fr-FR\",\"potentialAction\":[{\"@type\":\"ReadAction\",\"target\":[\"https:\/\/vosgesinfo.fr\/saintdieinfo\/2025\/12\/un-habitat-inclusif-inaugure-a-saint-die-des-vosges-dans-le-quartier-de-lorme\/\"]}]},{\"@type\":\"ImageObject\",\"inLanguage\":\"fr-FR\",\"@id\":\"https:\/\/vosgesinfo.fr\/saintdieinfo\/2025\/12\/un-habitat-inclusif-inaugure-a-saint-die-des-vosges-dans-le-quartier-de-lorme\/#primaryimage\",\"url\":\"https:\/\/vosgesinfo.fr\/app\/uploads\/sites\/4\/2025\/12\/inauguration-habitats-inclusifs-vosgelis-5.jpg\",\"contentUrl\":\"https:\/\/vosgesinfo.fr\/app\/uploads\/sites\/4\/2025\/12\/inauguration-habitats-inclusifs-vosgelis-5.jpg\",\"width\":1434,\"height\":1080},{\"@type\":\"BreadcrumbList\",\"@id\":\"https:\/\/vosgesinfo.fr\/saintdieinfo\/2025\/12\/un-habitat-inclusif-inaugure-a-saint-die-des-vosges-dans-le-quartier-de-lorme\/#breadcrumb\",\"itemListElement\":[{\"@type\":\"ListItem\",\"position\":1,\"name\":\"Home\",\"item\":\"https:\/\/vosgesinfo.fr\/saintdieinfo\/\"},{\"@type\":\"ListItem\",\"position\":2,\"name\":\"Un habitat inclusif inaugur\u00e9 \u00e0 Saint-Di\u00e9-des-Vosges, dans le quartier de l&rsquo;Orme\"}]},{\"@type\":\"WebSite\",\"@id\":\"https:\/\/vosgesinfo.fr\/saintdieinfo\/#website\",\"url\":\"https:\/\/vosgesinfo.fr\/saintdieinfo\/\",\"name\":\"Saint Die Info\",\"description\":\"Toute l&#039;actualit\u00e9 de Saint-Di\u00e9-Des-Vosges\",\"publisher\":{\"@id\":\"https:\/\/vosgesinfo.fr\/saintdieinfo\/#organization\"},\"alternateName\":\"Toute l'actualit\u00e9 de Saint-Di\u00e9-Des-Vosges\",\"potentialAction\":[{\"@type\":\"SearchAction\",\"target\":{\"@type\":\"EntryPoint\",\"urlTemplate\":\"https:\/\/vosgesinfo.fr\/saintdieinfo\/?s={search_term_string}\"},\"query-input\":\"required name=search_term_string\"}],\"inLanguage\":\"fr-FR\"},{\"@type\":\"Organization\",\"@id\":\"https:\/\/vosgesinfo.fr\/saintdieinfo\/#organization\",\"name\":\"Saint Die Info\",\"url\":\"https:\/\/vosgesinfo.fr\/saintdieinfo\/\",\"logo\":{\"@type\":\"ImageObject\",\"inLanguage\":\"fr-FR\",\"@id\":\"https:\/\/vosgesinfo.fr\/saintdieinfo\/#\/schema\/logo\/image\/\",\"url\":\"https:\/\/vosgesinfo.fr\/app\/uploads\/sites\/4\/2024\/02\/logo-sdi.jpg\",\"contentUrl\":\"https:\/\/vosgesinfo.fr\/app\/uploads\/sites\/4\/2024\/02\/logo-sdi.jpg\",\"width\":600,\"height\":600,\"caption\":\"Saint Die Info\"},\"image\":{\"@id\":\"https:\/\/vosgesinfo.fr\/saintdieinfo\/#\/schema\/logo\/image\/\"},\"sameAs\":[\"https:\/\/www.facebook.com\/Saintdieinfofr\",\"https:\/\/x.com\/VosgesInfo88\",\"https:\/\/www.youtube.com\/@vosgesinfo\"]},{\"@type\":\"Person\",\"@id\":\"https:\/\/vosgesinfo.fr\/saintdieinfo\/#\/schema\/person\/fa73e9f726d67bb88f46d5b7943cb572\",\"name\":\"J.J.\",\"image\":{\"@type\":\"ImageObject\",\"inLanguage\":\"fr-FR\",\"@id\":\"https:\/\/vosgesinfo.fr\/saintdieinfo\/#\/schema\/person\/image\/\",\"url\":\"https:\/\/secure.gravatar.com\/avatar\/219e749e47ffbcca018a360ae4add7d4cdf1cdaaf8bc7676b27efade3fe65615?s=96&d=mm&r=g\",\"contentUrl\":\"https:\/\/secure.gravatar.com\/avatar\/219e749e47ffbcca018a360ae4add7d4cdf1cdaaf8bc7676b27efade3fe65615?s=96&d=mm&r=g\",\"caption\":\"J.J.\"},\"url\":\"https:\/\/vosgesinfo.fr\/saintdieinfo\/author\/j-j\/\"}]}<\/script>\n<!-- \/ Yoast SEO plugin. -->","yoast_head_json":{"title":"Un habitat inclusif inaugur\u00e9 \u00e0 Saint-Di\u00e9-des-Vosges, dans le quartier de l'Orme - Saint Die Info","robots":{"index":"index","follow":"follow","max-snippet":"max-snippet:-1","max-image-preview":"max-image-preview:large","max-video-preview":"max-video-preview:-1"},"canonical":"https:\/\/vosgesinfo.fr\/saintdieinfo\/2025\/12\/un-habitat-inclusif-inaugure-a-saint-die-des-vosges-dans-le-quartier-de-lorme\/","twitter_card":"summary_large_image","twitter_title":"Un habitat inclusif inaugur\u00e9 \u00e0 Saint-Di\u00e9-des-Vosges, dans le quartier de l'Orme - Saint Die Info","twitter_description":"Un habitat inclusif a \u00e9t\u00e9 inaugur\u00e9 hier lundi 8 d\u00e9cembre \u00e0 Saint-Di\u00e9-des-Vosges. Situ\u00e9 au 31 rue des Alli\u00e9s dans le [&hellip;]","twitter_image":"https:\/\/vosgesinfo.fr\/app\/uploads\/sites\/4\/2025\/12\/inauguration-habitats-inclusifs-vosgelis-5.jpg","twitter_creator":"@VosgesInfo88","twitter_site":"@VosgesInfo88","twitter_misc":{"\u00c9crit par":"J.J.","Dur\u00e9e de lecture estim\u00e9e":"2 minutes"},"schema":{"@context":"https:\/\/schema.org","@graph":[{"@type":"Article","@id":"https:\/\/vosgesinfo.fr\/saintdieinfo\/2025\/12\/un-habitat-inclusif-inaugure-a-saint-die-des-vosges-dans-le-quartier-de-lorme\/#article","isPartOf":{"@id":"https:\/\/vosgesinfo.fr\/saintdieinfo\/2025\/12\/un-habitat-inclusif-inaugure-a-saint-die-des-vosges-dans-le-quartier-de-lorme\/"},"author":{"name":"J.J.","@id":"https:\/\/vosgesinfo.fr\/saintdieinfo\/#\/schema\/person\/fa73e9f726d67bb88f46d5b7943cb572"},"headline":"Un habitat inclusif inaugur\u00e9 \u00e0 Saint-Di\u00e9-des-Vosges, dans le quartier de l&rsquo;Orme","datePublished":"2025-12-09T16:33:28+00:00","dateModified":"2025-12-09T16:29:49+00:00","mainEntityOfPage":{"@id":"https:\/\/vosgesinfo.fr\/saintdieinfo\/2025\/12\/un-habitat-inclusif-inaugure-a-saint-die-des-vosges-dans-le-quartier-de-lorme\/"},"wordCount":437,"commentCount":0,"publisher":{"@id":"https:\/\/vosgesinfo.fr\/saintdieinfo\/#organization"},"image":{"@id":"https:\/\/vosgesinfo.fr\/saintdieinfo\/2025\/12\/un-habitat-inclusif-inaugure-a-saint-die-des-vosges-dans-le-quartier-de-lorme\/#primaryimage"},"thumbnailUrl":"https:\/\/vosgesinfo.fr\/app\/uploads\/sites\/4\/2025\/12\/inauguration-habitats-inclusifs-vosgelis-5.jpg","keywords":["31 rue des Alli\u00e9s","ADAVIE","ADMR","AMI CNSA","Association Tut\u00e9laire des Vosges ATV","Conseil d\u00e9partemental des Vosges","habitat inclusif Saint-Di\u00e9-des-Vosges","habitats inclusifs Vosges","Handicap","logement inclusif","Quartier de l'Orme","seniors","Vosgelis"],"articleSection":["A la Une","D\u00e9odatie","Saint-Di\u00e9-des-Vosges","Solidarit\u00e9","Vie Associative"],"inLanguage":"fr-FR","potentialAction":[{"@type":"CommentAction","name":"Comment","target":["https:\/\/vosgesinfo.fr\/saintdieinfo\/2025\/12\/un-habitat-inclusif-inaugure-a-saint-die-des-vosges-dans-le-quartier-de-lorme\/#respond"]}]},{"@type":"WebPage","@id":"https:\/\/vosgesinfo.fr\/saintdieinfo\/2025\/12\/un-habitat-inclusif-inaugure-a-saint-die-des-vosges-dans-le-quartier-de-lorme\/","url":"https:\/\/vosgesinfo.fr\/saintdieinfo\/2025\/12\/un-habitat-inclusif-inaugure-a-saint-die-des-vosges-dans-le-quartier-de-lorme\/","name":"Un habitat inclusif inaugur\u00e9 \u00e0 Saint-Di\u00e9-des-Vosges, dans le quartier de l'Orme - Saint Die Info","isPartOf":{"@id":"https:\/\/vosgesinfo.fr\/saintdieinfo\/#website"},"primaryImageOfPage":{"@id":"https:\/\/vosgesinfo.fr\/saintdieinfo\/2025\/12\/un-habitat-inclusif-inaugure-a-saint-die-des-vosges-dans-le-quartier-de-lorme\/#primaryimage"},"image":{"@id":"https:\/\/vosgesinfo.fr\/saintdieinfo\/2025\/12\/un-habitat-inclusif-inaugure-a-saint-die-des-vosges-dans-le-quartier-de-lorme\/#primaryimage"},"thumbnailUrl":"https:\/\/vosgesinfo.fr\/app\/uploads\/sites\/4\/2025\/12\/inauguration-habitats-inclusifs-vosgelis-5.jpg","datePublished":"2025-12-09T16:33:28+00:00","dateModified":"2025-12-09T16:29:49+00:00","breadcrumb":{"@id":"https:\/\/vosgesinfo.fr\/saintdieinfo\/2025\/12\/un-habitat-inclusif-inaugure-a-saint-die-des-vosges-dans-le-quartier-de-lorme\/#breadcrumb"},"inLanguage":"fr-FR","potentialAction":[{"@type":"ReadAction","target":["https:\/\/vosgesinfo.fr\/saintdieinfo\/2025\/12\/un-habitat-inclusif-inaugure-a-saint-die-des-vosges-dans-le-quartier-de-lorme\/"]}]},{"@type":"ImageObject","inLanguage":"fr-FR","@id":"https:\/\/vosgesinfo.fr\/saintdieinfo\/2025\/12\/un-habitat-inclusif-inaugure-a-saint-die-des-vosges-dans-le-quartier-de-lorme\/#primaryimage","url":"https:\/\/vosgesinfo.fr\/app\/uploads\/sites\/4\/2025\/12\/inauguration-habitats-inclusifs-vosgelis-5.jpg","contentUrl":"https:\/\/vosgesinfo.fr\/app\/uploads\/sites\/4\/2025\/12\/inauguration-habitats-inclusifs-vosgelis-5.jpg","width":1434,"height":1080},{"@type":"BreadcrumbList","@id":"https:\/\/vosgesinfo.fr\/saintdieinfo\/2025\/12\/un-habitat-inclusif-inaugure-a-saint-die-des-vosges-dans-le-quartier-de-lorme\/#breadcrumb","itemListElement":[{"@type":"ListItem","position":1,"name":"Home","item":"https:\/\/vosgesinfo.fr\/saintdieinfo\/"},{"@type":"ListItem","position":2,"name":"Un habitat inclusif inaugur\u00e9 \u00e0 Saint-Di\u00e9-des-Vosges, dans le quartier de l&rsquo;Orme"}]},{"@type":"WebSite","@id":"https:\/\/vosgesinfo.fr\/saintdieinfo\/#website","url":"https:\/\/vosgesinfo.fr\/saintdieinfo\/","name":"Saint Die Info","description":"Toute l&#039;actualit\u00e9 de Saint-Di\u00e9-Des-Vosges","publisher":{"@id":"https:\/\/vosgesinfo.fr\/saintdieinfo\/#organization"},"alternateName":"Toute l'actualit\u00e9 de Saint-Di\u00e9-Des-Vosges","potentialAction":[{"@type":"SearchAction","target":{"@type":"EntryPoint","urlTemplate":"https:\/\/vosgesinfo.fr\/saintdieinfo\/?s={search_term_string}"},"query-input":"required name=search_term_string"}],"inLanguage":"fr-FR"},{"@type":"Organization","@id":"https:\/\/vosgesinfo.fr\/saintdieinfo\/#organization","name":"Saint Die Info","url":"https:\/\/vosgesinfo.fr\/saintdieinfo\/","logo":{"@type":"ImageObject","inLanguage":"fr-FR","@id":"https:\/\/vosgesinfo.fr\/saintdieinfo\/#\/schema\/logo\/image\/","url":"https:\/\/vosgesinfo.fr\/app\/uploads\/sites\/4\/2024\/02\/logo-sdi.jpg","contentUrl":"https:\/\/vosgesinfo.fr\/app\/uploads\/sites\/4\/2024\/02\/logo-sdi.jpg","width":600,"height":600,"caption":"Saint Die Info"},"image":{"@id":"https:\/\/vosgesinfo.fr\/saintdieinfo\/#\/schema\/logo\/image\/"},"sameAs":["https:\/\/www.facebook.com\/Saintdieinfofr","https:\/\/x.com\/VosgesInfo88","https:\/\/www.youtube.com\/@vosgesinfo"]},{"@type":"Person","@id":"https:\/\/vosgesinfo.fr\/saintdieinfo\/#\/schema\/person\/fa73e9f726d67bb88f46d5b7943cb572","name":"J.J.","image":{"@type":"ImageObject","inLanguage":"fr-FR","@id":"https:\/\/vosgesinfo.fr\/saintdieinfo\/#\/schema\/person\/image\/","url":"https:\/\/secure.gravatar.com\/avatar\/219e749e47ffbcca018a360ae4add7d4cdf1cdaaf8bc7676b27efade3fe65615?s=96&d=mm&r=g","contentUrl":"https:\/\/secure.gravatar.com\/avatar\/219e749e47ffbcca018a360ae4add7d4cdf1cdaaf8bc7676b27efade3fe65615?s=96&d=mm&r=g","caption":"J.J."},"url":"https:\/\/vosgesinfo.fr\/saintdieinfo\/author\/j-j\/"}]}},"_links":{"self":[{"href":"https:\/\/vosgesinfo.fr\/saintdieinfo\/wp-json\/wp\/v2\/posts\/85713","targetHints":{"allow":["GET"]}}],"collection":[{"href":"https:\/\/vosgesinfo.fr\/saintdieinfo\/wp-json\/wp\/v2\/posts"}],"about":[{"href":"https:\/\/vosgesinfo.fr\/saintdieinfo\/wp-json\/wp\/v2\/types\/post"}],"author":[{"embeddable":true,"href":"https:\/\/vosgesinfo.fr\/saintdieinfo\/wp-json\/wp\/v2\/users\/46"}],"replies":[{"embeddable":true,"href":"https:\/\/vosgesinfo.fr\/saintdieinfo\/wp-json\/wp\/v2\/comments?post=85713"}],"version-history":[{"count":1,"href":"https:\/\/vosgesinfo.fr\/saintdieinfo\/wp-json\/wp\/v2\/posts\/85713\/revisions"}],"predecessor-version":[{"id":85721,"href":"https:\/\/vosgesinfo.fr\/saintdieinfo\/wp-json\/wp\/v2\/posts\/85713\/revisions\/85721"}],"wp:featuredmedia":[{"embeddable":true,"href":"https:\/\/vosgesinfo.fr\/saintdieinfo\/wp-json\/wp\/v2\/media\/85718"}],"wp:attachment":[{"href":"https:\/\/vosgesinfo.fr\/saintdieinfo\/wp-json\/wp\/v2\/media?parent=85713"}],"wp:term":[{"taxonomy":"category","embeddable":true,"href":"https:\/\/vosgesinfo.fr\/saintdieinfo\/wp-json\/wp\/v2\/categories?post=85713"},{"taxonomy":"post_tag","embeddable":true,"href":"https:\/\/vosgesinfo.fr\/saintdieinfo\/wp-json\/wp\/v2\/tags?post=85713"}],"curies":[{"name":"wp","href":"https:\/\/api.w.org\/{rel}","templated":true}]}}